{"id":172801,"date":"2011-05-24T10:48:00","date_gmt":"2011-05-24T10:48:00","guid":{"rendered":"https:\/\/www.webdo.tn\/fr\/actualite\/blog\/sept-ministres-creent-une-greve-generale-a-regueb\/172801\/"},"modified":"2011-05-24T10:48:00","modified_gmt":"2011-05-24T10:48:00","slug":"sept-ministres-creent-une-greve-generale-a-regueb","status":"publish","type":"post","link":"https:\/\/www.webdo.tn\/fr\/actualite\/national\/sept-ministres-creent-une-greve-generale-a-regueb\/172801\/","title":{"rendered":"Sept ministres cr\u00e9ent une gr\u00e8ve g\u00e9n\u00e9rale \u00e0 Regueb ?"},"content":{"rendered":"<p>Les habitants de la r\u00e9gion de Regueb, p\u00f4le agricole dans le gouvernorat de Sidi Bouzid, s\u2019indignent et entament \u00e0 partir d\u2019aujourd\u2019hui une gr\u00e8ve g\u00e9n\u00e9rale. Raison ? La visite fiasco \u00e0 leurs yeux de sept ministres du gouvernement au chef-lieu du gouvernorat.<\/p>\n<p>Regueb, qui compte plus de 80 mille habitants, consid\u00e9r\u00e9e comme le p\u00f4le d\u00e9mographique et \u00e9conomique le plus important au sein la r\u00e9gion, n\u2019a eu aucune promesse de projets de la part des ministres en visite-\u00e9clair dans la zone.<\/p>\n<p>Le comit\u00e9 consultatif d\u2019habitants qui veille \u00e0 la r\u00e9ussite des saisons agricole et \u00e9ducative interpelle la ministre de la Sant\u00e9 sur la question du choix d\u2019un h\u00f4pital r\u00e9gional. \u00abLe d\u00e9veloppement sanitaire prend toujours en consid\u00e9ration le poids d\u00e9mographique, or notre gouvernement n\u2019a pas pris ce facteur en consid\u00e9ration\u00bb, disaient-t-ils. A Regueb, on compte 5000 habitants par m\u00e9decin, 4 fois plus \u00e9lev\u00e9 que la moyenne nationale.<\/p>\n<p>Le ministre de l\u2019Industrie et de la Technologie n\u2019est pas \u00e9pargn\u00e9 par la col\u00e8re des habitants. On s\u2019attendait \u00e0 un cyberparc, un march\u00e9 de gros, \u00e0 un projet industriel \u2026 Mais rien, m\u00eame pas une agence STEG d\u2019autant plus que le nombre des projets agricoles et de pompages \u00e9lectriques dans la d\u00e9l\u00e9gation est le plus important de tout le gouvernorat. \u00abIl y a quelques choses de pourri au sein de l\u2019administration r\u00e9gionale\u00bb, ont dit les habitants de la r\u00e9gion en meeting populaire hier soir. \u00abOn devrait faire la r\u00e9volution au sein l\u2019administration\u00bb, ont-ils appel\u00e9. Il sont mis \u00e0 l&rsquo;index que le gouvernement devrait apprendre \u00e0 prendre en compte les donn\u00e9es statistiques dans les projets de d\u00e9veloppement. Ils ont pr\u00e9sent\u00e9 l\u2019exemple du march\u00e9 de gros dans une r\u00e9gion limitrophe qui a \u00e9t\u00e9 \u00e9rig\u00e9 dans le pass\u00e9 et qui est un projet mort. Ironie de l\u2019histoire, la r\u00e9gion de Regueb souffre de l\u2019absence de ce march\u00e9 de gros. Par n\u00e9cessit\u00e9, les exportateurs et producteurs ont cr\u00e9\u00e9 des aires ouvertes pr\u00e8s des routes pour \u00e9couler leurs productions agricoles. Un manque \u00e0 gagner pour l\u2019Etat en mati\u00e8re d\u2019imp\u00f4ts et de cr\u00e9ation d\u2019emplois et de richesse pour la r\u00e9gion.<\/p>\n<p>Les habitants de la r\u00e9gion ne demandent rien, seulement que l\u2019administration soit plus raisonnable dans ses choix en mati\u00e8re de d\u00e9veloppement. Qu\u2019elle prenne en consid\u00e9ration le poids d\u00e9mographique et \u00e9conomique dans les projets de d\u00e9veloppement et les attentes des habitants, formul\u00e9es \u00e0 maintes reprises.<\/p>\n<p>A rappeler que Regueb, malgr\u00e9 son poids \u00e9conomique, ne dispose pas encore de son agence STEG, ni Son\u00e8de, ni bureau d\u2019emploi, ni CNAM, ni CNSS\u2026 Les habitants continuent \u00e0 \u00eatre frustr\u00e9s. Le comit\u00e9 a appel\u00e9 \u00e0 une gr\u00e8ve g\u00e9n\u00e9rale. Chose est faite. La gr\u00e8ve est bien suivie. \u00abD\u2019autres actions de contestations suivront jusqu\u2019\u00e0 que le gouvernorat et le gouvernement nous \u00e9coutent\u00bb, ont martel\u00e9 les membres du comit\u00e9 consultatif de la r\u00e9gion.<\/p>\n<p>En attendant la r\u00e9ponse du gouvernement, les past\u00e8ques de la r\u00e9gion continueront \u00e0 \u00eatre export\u00e9es ; quant aux raisins pr\u00e9coces, c&rsquo;est pour bient\u00f4t.<\/p>\n","protected":false},"excerpt":{"rendered":"<p>Sept ministres cr\u00e9ent une gr\u00e8ve g\u00e9n\u00e9rale \u00e0 Regueb ?<\/p>\n","protected":false},"author":3222,"featured_media":365365,"comment_status":"open","ping_status":"closed","sticky":false,"template":"","format":"standard","meta":{"footnotes":""},"categories":[44],"tags":[],"class_list":["post-172801","post","type-post","status-publish","format-standard","has-post-thumbnail","hentry","category-national"],"yoast_head":"<!-- This site is optimized with the Yoast SEO Premium plugin v27.4 (Yoast SEO v27.5) - https:\/\/yoast.com\/product\/yoast-seo-premium-wordpress\/ -->\n<title>Sept ministres cr\u00e9ent une gr\u00e8ve g\u00e9n\u00e9rale \u00e0 Regueb ?<\/title>\n<meta name=\"description\" content=\"Sept ministres cr\u00e9ent une gr\u00e8ve g\u00e9n\u00e9rale \u00e0 Regueb ?\" \/>\n<link rel=\"canonical\" href=\"https:\/\/www.webdo.tn\/fr\/actualite\/national\/sept-ministres-creent-une-greve-generale-a-regueb\/172801\/\" \/>\n<meta property=\"og:locale\" content=\"fr_FR\" \/>\n<meta property=\"og:type\" content=\"article\" \/>\n<meta property=\"og:title\" content=\"Sept ministres cr\u00e9ent une gr\u00e8ve g\u00e9n\u00e9rale \u00e0 Regueb ?\" \/>\n<meta property=\"og:description\" content=\"Sept ministres cr\u00e9ent une gr\u00e8ve g\u00e9n\u00e9rale \u00e0 Regueb ?\" \/>\n<meta property=\"og:url\" content=\"https:\/\/www.webdo.tn\/fr\/actualite\/national\/sept-ministres-creent-une-greve-generale-a-regueb\/172801\/\" \/>\n<meta property=\"og:site_name\" content=\"webdo\" \/>\n<meta property=\"article:publisher\" content=\"https:\/\/www.facebook.com\/webdotn\" \/>\n<meta property=\"article:published_time\" content=\"2011-05-24T10:48:00+00:00\" \/>\n<meta property=\"og:image\" content=\"https:\/\/www.webdo.tn\/fr\/wp-content\/uploads\/2011\/05\/Regueb-photo-facebook.com-regueb.theatre-300x206-1.jpg\" \/>\n\t<meta property=\"og:image:width\" content=\"300\" \/>\n\t<meta property=\"og:image:height\" content=\"206\" \/>\n\t<meta property=\"og:image:type\" content=\"image\/jpeg\" \/>\n<meta name=\"author\" content=\"webdo.tn\" \/>\n<meta name=\"twitter:card\" content=\"summary_large_image\" \/>\n<meta name=\"twitter:creator\" content=\"@webdo_tn\" \/>\n<meta name=\"twitter:site\" content=\"@webdo_tn\" \/>\n<meta name=\"twitter:label1\" content=\"\u00c9crit par\" \/>\n\t<meta name=\"twitter:data1\" content=\"webdo.tn\" \/>\n\t<meta name=\"twitter:label2\" content=\"Dur\u00e9e de lecture estim\u00e9e\" \/>\n\t<meta name=\"twitter:data2\" content=\"3 minutes\" \/>\n<script type=\"application\/ld+json\" class=\"yoast-schema-graph\">{\"@context\":\"https:\\\/\\\/schema.org\",\"@graph\":[{\"@type\":\"NewsArticle\",\"@id\":\"https:\\\/\\\/www.webdo.tn\\\/fr\\\/actualite\\\/national\\\/sept-ministres-creent-une-greve-generale-a-regueb\\\/172801\\\/#article\",\"isPartOf\":{\"@id\":\"https:\\\/\\\/www.webdo.tn\\\/fr\\\/actualite\\\/national\\\/sept-ministres-creent-une-greve-generale-a-regueb\\\/172801\\\/\"},\"author\":{\"name\":\"webdo.tn\",\"@id\":\"https:\\\/\\\/www.webdo.tn\\\/fr\\\/#\\\/schema\\\/person\\\/9a9c6118d687c117df8ef3cc36a4d175\"},\"headline\":\"Sept ministres cr\u00e9ent une gr\u00e8ve g\u00e9n\u00e9rale \u00e0 Regueb ?\",\"datePublished\":\"2011-05-24T10:48:00+00:00\",\"mainEntityOfPage\":{\"@id\":\"https:\\\/\\\/www.webdo.tn\\\/fr\\\/actualite\\\/national\\\/sept-ministres-creent-une-greve-generale-a-regueb\\\/172801\\\/\"},\"wordCount\":551,\"commentCount\":0,\"publisher\":{\"@id\":\"https:\\\/\\\/www.webdo.tn\\\/fr\\\/#organization\"},\"image\":{\"@id\":\"https:\\\/\\\/www.webdo.tn\\\/fr\\\/actualite\\\/national\\\/sept-ministres-creent-une-greve-generale-a-regueb\\\/172801\\\/#primaryimage\"},\"thumbnailUrl\":\"https:\\\/\\\/www.webdo.tn\\\/fr\\\/wp-content\\\/uploads\\\/2011\\\/05\\\/Regueb-photo-facebook.com-regueb.theatre-300x206-1.jpg\",\"articleSection\":[\"National\"],\"inLanguage\":\"fr-FR\"},{\"@type\":\"WebPage\",\"@id\":\"https:\\\/\\\/www.webdo.tn\\\/fr\\\/actualite\\\/national\\\/sept-ministres-creent-une-greve-generale-a-regueb\\\/172801\\\/\",\"url\":\"https:\\\/\\\/www.webdo.tn\\\/fr\\\/actualite\\\/national\\\/sept-ministres-creent-une-greve-generale-a-regueb\\\/172801\\\/\",\"name\":\"Sept ministres cr\u00e9ent une gr\u00e8ve g\u00e9n\u00e9rale \u00e0 Regueb ?\",\"isPartOf\":{\"@id\":\"https:\\\/\\\/www.webdo.tn\\\/fr\\\/#website\"},\"primaryImageOfPage\":{\"@id\":\"https:\\\/\\\/www.webdo.tn\\\/fr\\\/actualite\\\/national\\\/sept-ministres-creent-une-greve-generale-a-regueb\\\/172801\\\/#primaryimage\"},\"image\":{\"@id\":\"https:\\\/\\\/www.webdo.tn\\\/fr\\\/actualite\\\/national\\\/sept-ministres-creent-une-greve-generale-a-regueb\\\/172801\\\/#primaryimage\"},\"thumbnailUrl\":\"https:\\\/\\\/www.webdo.tn\\\/fr\\\/wp-content\\\/uploads\\\/2011\\\/05\\\/Regueb-photo-facebook.com-regueb.theatre-300x206-1.jpg\",\"datePublished\":\"2011-05-24T10:48:00+00:00\",\"description\":\"Sept ministres cr\u00e9ent une gr\u00e8ve g\u00e9n\u00e9rale \u00e0 Regueb ?\",\"breadcrumb\":{\"@id\":\"https:\\\/\\\/www.webdo.tn\\\/fr\\\/actualite\\\/national\\\/sept-ministres-creent-une-greve-generale-a-regueb\\\/172801\\\/#breadcrumb\"},\"inLanguage\":\"fr-FR\",\"potentialAction\":[{\"@type\":\"ReadAction\",\"target\":[\"https:\\\/\\\/www.webdo.tn\\\/fr\\\/actualite\\\/national\\\/sept-ministres-creent-une-greve-generale-a-regueb\\\/172801\\\/\"]}]},{\"@type\":\"ImageObject\",\"inLanguage\":\"fr-FR\",\"@id\":\"https:\\\/\\\/www.webdo.tn\\\/fr\\\/actualite\\\/national\\\/sept-ministres-creent-une-greve-generale-a-regueb\\\/172801\\\/#primaryimage\",\"url\":\"https:\\\/\\\/www.webdo.tn\\\/fr\\\/wp-content\\\/uploads\\\/2011\\\/05\\\/Regueb-photo-facebook.com-regueb.theatre-300x206-1.jpg\",\"contentUrl\":\"https:\\\/\\\/www.webdo.tn\\\/fr\\\/wp-content\\\/uploads\\\/2011\\\/05\\\/Regueb-photo-facebook.com-regueb.theatre-300x206-1.jpg\",\"width\":300,\"height\":206,\"caption\":\"Sept ministres cr\u00e9ent une gr\u00e8ve g\u00e9n\u00e9rale \u00e0 Regueb ?\"},{\"@type\":\"BreadcrumbList\",\"@id\":\"https:\\\/\\\/www.webdo.tn\\\/fr\\\/actualite\\\/national\\\/sept-ministres-creent-une-greve-generale-a-regueb\\\/172801\\\/#breadcrumb\",\"itemListElement\":[{\"@type\":\"ListItem\",\"position\":1,\"name\":\"Accueil\",\"item\":\"https:\\\/\\\/www.webdo.tn\\\/fr\\\/\"},{\"@type\":\"ListItem\",\"position\":2,\"name\":\"Sept ministres cr\u00e9ent une gr\u00e8ve g\u00e9n\u00e9rale \u00e0 Regueb ?\"}]},{\"@type\":\"WebSite\",\"@id\":\"https:\\\/\\\/www.webdo.tn\\\/fr\\\/#website\",\"url\":\"https:\\\/\\\/www.webdo.tn\\\/fr\\\/\",\"name\":\"webdo\",\"description\":\"Tunisie - News en Tunisie et \u00e0 l&#039;international sur Webdo.tn\",\"publisher\":{\"@id\":\"https:\\\/\\\/www.webdo.tn\\\/fr\\\/#organization\"},\"potentialAction\":[{\"@type\":\"SearchAction\",\"target\":{\"@type\":\"EntryPoint\",\"urlTemplate\":\"https:\\\/\\\/www.webdo.tn\\\/fr\\\/?s={search_term_string}\"},\"query-input\":{\"@type\":\"PropertyValueSpecification\",\"valueRequired\":true,\"valueName\":\"search_term_string\"}}],\"inLanguage\":\"fr-FR\"},{\"@type\":\"Organization\",\"@id\":\"https:\\\/\\\/www.webdo.tn\\\/fr\\\/#organization\",\"name\":\"Webdo\",\"alternateName\":\"Webdo.tn\",\"url\":\"https:\\\/\\\/www.webdo.tn\\\/fr\\\/\",\"logo\":{\"@type\":\"ImageObject\",\"inLanguage\":\"fr-FR\",\"@id\":\"https:\\\/\\\/www.webdo.tn\\\/fr\\\/#\\\/schema\\\/logo\\\/image\\\/\",\"url\":\"https:\\\/\\\/www.webdo.tn\\\/fr\\\/wp-content\\\/uploads\\\/2025\\\/06\\\/Webdo-Tunisie_168377.jpg\",\"contentUrl\":\"https:\\\/\\\/www.webdo.tn\\\/fr\\\/wp-content\\\/uploads\\\/2025\\\/06\\\/Webdo-Tunisie_168377.jpg\",\"width\":301,\"height\":301,\"caption\":\"Webdo\"},\"image\":{\"@id\":\"https:\\\/\\\/www.webdo.tn\\\/fr\\\/#\\\/schema\\\/logo\\\/image\\\/\"},\"sameAs\":[\"https:\\\/\\\/www.facebook.com\\\/webdotn\",\"https:\\\/\\\/x.com\\\/webdo_tn\"],\"description\":\"Webdo est un m\u00e9dia num\u00e9rique tunisien fond\u00e9 en 2010, sp\u00e9cialis\u00e9 dans l\u2019actualit\u00e9 nationale et internationale, l\u2019\u00e9conomie, la soci\u00e9t\u00e9 et les analyses politiques. Le site s\u2019adresse \u00e0 un large public francophone et couvre l\u2019information tunisienne en temps r\u00e9el.\",\"email\":\"redac@webdo.tn\",\"legalName\":\"YNJ SARL\",\"foundingDate\":\"2010-09-06\",\"numberOfEmployees\":{\"@type\":\"QuantitativeValue\",\"minValue\":\"11\",\"maxValue\":\"50\"}},{\"@type\":\"Person\",\"@id\":\"https:\\\/\\\/www.webdo.tn\\\/fr\\\/#\\\/schema\\\/person\\\/9a9c6118d687c117df8ef3cc36a4d175\",\"name\":\"webdo.tn\",\"image\":{\"@type\":\"ImageObject\",\"inLanguage\":\"fr-FR\",\"@id\":\"https:\\\/\\\/secure.gravatar.com\\\/avatar\\\/7ce1f28c0c3bbac99ff550b85ef8e44a6950c6ee24514fb6a5489e51d06f0298?s=96&d=mm&r=g\",\"url\":\"https:\\\/\\\/secure.gravatar.com\\\/avatar\\\/7ce1f28c0c3bbac99ff550b85ef8e44a6950c6ee24514fb6a5489e51d06f0298?s=96&d=mm&r=g\",\"contentUrl\":\"https:\\\/\\\/secure.gravatar.com\\\/avatar\\\/7ce1f28c0c3bbac99ff550b85ef8e44a6950c6ee24514fb6a5489e51d06f0298?s=96&d=mm&r=g\",\"caption\":\"webdo.tn\"},\"url\":\"https:\\\/\\\/www.webdo.tn\\\/fr\\\/actualite\\\/author\\\/webdotn\\\/\"}]}<\/script>\n<!-- \/ Yoast SEO Premium plugin. -->","yoast_head_json":{"title":"Sept ministres cr\u00e9ent une gr\u00e8ve g\u00e9n\u00e9rale \u00e0 Regueb ?","description":"Sept ministres cr\u00e9ent une gr\u00e8ve g\u00e9n\u00e9rale \u00e0 Regueb ?","canonical":"https:\/\/www.webdo.tn\/fr\/actualite\/national\/sept-ministres-creent-une-greve-generale-a-regueb\/172801\/","og_locale":"fr_FR","og_type":"article","og_title":"Sept ministres cr\u00e9ent une gr\u00e8ve g\u00e9n\u00e9rale \u00e0 Regueb ?","og_description":"Sept ministres cr\u00e9ent une gr\u00e8ve g\u00e9n\u00e9rale \u00e0 Regueb ?","og_url":"https:\/\/www.webdo.tn\/fr\/actualite\/national\/sept-ministres-creent-une-greve-generale-a-regueb\/172801\/","og_site_name":"webdo","article_publisher":"https:\/\/www.facebook.com\/webdotn","article_published_time":"2011-05-24T10:48:00+00:00","og_image":[{"width":300,"height":206,"url":"https:\/\/www.webdo.tn\/fr\/wp-content\/uploads\/2011\/05\/Regueb-photo-facebook.com-regueb.theatre-300x206-1.jpg","type":"image\/jpeg"}],"author":"webdo.tn","twitter_card":"summary_large_image","twitter_creator":"@webdo_tn","twitter_site":"@webdo_tn","twitter_misc":{"\u00c9crit par":"webdo.tn","Dur\u00e9e de lecture estim\u00e9e":"3 minutes"},"schema":{"@context":"https:\/\/schema.org","@graph":[{"@type":"NewsArticle","@id":"https:\/\/www.webdo.tn\/fr\/actualite\/national\/sept-ministres-creent-une-greve-generale-a-regueb\/172801\/#article","isPartOf":{"@id":"https:\/\/www.webdo.tn\/fr\/actualite\/national\/sept-ministres-creent-une-greve-generale-a-regueb\/172801\/"},"author":{"name":"webdo.tn","@id":"https:\/\/www.webdo.tn\/fr\/#\/schema\/person\/9a9c6118d687c117df8ef3cc36a4d175"},"headline":"Sept ministres cr\u00e9ent une gr\u00e8ve g\u00e9n\u00e9rale \u00e0 Regueb ?","datePublished":"2011-05-24T10:48:00+00:00","mainEntityOfPage":{"@id":"https:\/\/www.webdo.tn\/fr\/actualite\/national\/sept-ministres-creent-une-greve-generale-a-regueb\/172801\/"},"wordCount":551,"commentCount":0,"publisher":{"@id":"https:\/\/www.webdo.tn\/fr\/#organization"},"image":{"@id":"https:\/\/www.webdo.tn\/fr\/actualite\/national\/sept-ministres-creent-une-greve-generale-a-regueb\/172801\/#primaryimage"},"thumbnailUrl":"https:\/\/www.webdo.tn\/fr\/wp-content\/uploads\/2011\/05\/Regueb-photo-facebook.com-regueb.theatre-300x206-1.jpg","articleSection":["National"],"inLanguage":"fr-FR"},{"@type":"WebPage","@id":"https:\/\/www.webdo.tn\/fr\/actualite\/national\/sept-ministres-creent-une-greve-generale-a-regueb\/172801\/","url":"https:\/\/www.webdo.tn\/fr\/actualite\/national\/sept-ministres-creent-une-greve-generale-a-regueb\/172801\/","name":"Sept ministres cr\u00e9ent une gr\u00e8ve g\u00e9n\u00e9rale \u00e0 Regueb ?","isPartOf":{"@id":"https:\/\/www.webdo.tn\/fr\/#website"},"primaryImageOfPage":{"@id":"https:\/\/www.webdo.tn\/fr\/actualite\/national\/sept-ministres-creent-une-greve-generale-a-regueb\/172801\/#primaryimage"},"image":{"@id":"https:\/\/www.webdo.tn\/fr\/actualite\/national\/sept-ministres-creent-une-greve-generale-a-regueb\/172801\/#primaryimage"},"thumbnailUrl":"https:\/\/www.webdo.tn\/fr\/wp-content\/uploads\/2011\/05\/Regueb-photo-facebook.com-regueb.theatre-300x206-1.jpg","datePublished":"2011-05-24T10:48:00+00:00","description":"Sept ministres cr\u00e9ent une gr\u00e8ve g\u00e9n\u00e9rale \u00e0 Regueb ?","breadcrumb":{"@id":"https:\/\/www.webdo.tn\/fr\/actualite\/national\/sept-ministres-creent-une-greve-generale-a-regueb\/172801\/#breadcrumb"},"inLanguage":"fr-FR","potentialAction":[{"@type":"ReadAction","target":["https:\/\/www.webdo.tn\/fr\/actualite\/national\/sept-ministres-creent-une-greve-generale-a-regueb\/172801\/"]}]},{"@type":"ImageObject","inLanguage":"fr-FR","@id":"https:\/\/www.webdo.tn\/fr\/actualite\/national\/sept-ministres-creent-une-greve-generale-a-regueb\/172801\/#primaryimage","url":"https:\/\/www.webdo.tn\/fr\/wp-content\/uploads\/2011\/05\/Regueb-photo-facebook.com-regueb.theatre-300x206-1.jpg","contentUrl":"https:\/\/www.webdo.tn\/fr\/wp-content\/uploads\/2011\/05\/Regueb-photo-facebook.com-regueb.theatre-300x206-1.jpg","width":300,"height":206,"caption":"Sept ministres cr\u00e9ent une gr\u00e8ve g\u00e9n\u00e9rale \u00e0 Regueb ?"},{"@type":"BreadcrumbList","@id":"https:\/\/www.webdo.tn\/fr\/actualite\/national\/sept-ministres-creent-une-greve-generale-a-regueb\/172801\/#breadcrumb","itemListElement":[{"@type":"ListItem","position":1,"name":"Accueil","item":"https:\/\/www.webdo.tn\/fr\/"},{"@type":"ListItem","position":2,"name":"Sept ministres cr\u00e9ent une gr\u00e8ve g\u00e9n\u00e9rale \u00e0 Regueb ?"}]},{"@type":"WebSite","@id":"https:\/\/www.webdo.tn\/fr\/#website","url":"https:\/\/www.webdo.tn\/fr\/","name":"webdo","description":"Tunisie - News en Tunisie et \u00e0 l&#039;international sur Webdo.tn","publisher":{"@id":"https:\/\/www.webdo.tn\/fr\/#organization"},"potentialAction":[{"@type":"SearchAction","target":{"@type":"EntryPoint","urlTemplate":"https:\/\/www.webdo.tn\/fr\/?s={search_term_string}"},"query-input":{"@type":"PropertyValueSpecification","valueRequired":true,"valueName":"search_term_string"}}],"inLanguage":"fr-FR"},{"@type":"Organization","@id":"https:\/\/www.webdo.tn\/fr\/#organization","name":"Webdo","alternateName":"Webdo.tn","url":"https:\/\/www.webdo.tn\/fr\/","logo":{"@type":"ImageObject","inLanguage":"fr-FR","@id":"https:\/\/www.webdo.tn\/fr\/#\/schema\/logo\/image\/","url":"https:\/\/www.webdo.tn\/fr\/wp-content\/uploads\/2025\/06\/Webdo-Tunisie_168377.jpg","contentUrl":"https:\/\/www.webdo.tn\/fr\/wp-content\/uploads\/2025\/06\/Webdo-Tunisie_168377.jpg","width":301,"height":301,"caption":"Webdo"},"image":{"@id":"https:\/\/www.webdo.tn\/fr\/#\/schema\/logo\/image\/"},"sameAs":["https:\/\/www.facebook.com\/webdotn","https:\/\/x.com\/webdo_tn"],"description":"Webdo est un m\u00e9dia num\u00e9rique tunisien fond\u00e9 en 2010, sp\u00e9cialis\u00e9 dans l\u2019actualit\u00e9 nationale et internationale, l\u2019\u00e9conomie, la soci\u00e9t\u00e9 et les analyses politiques. Le site s\u2019adresse \u00e0 un large public francophone et couvre l\u2019information tunisienne en temps r\u00e9el.","email":"redac@webdo.tn","legalName":"YNJ SARL","foundingDate":"2010-09-06","numberOfEmployees":{"@type":"QuantitativeValue","minValue":"11","maxValue":"50"}},{"@type":"Person","@id":"https:\/\/www.webdo.tn\/fr\/#\/schema\/person\/9a9c6118d687c117df8ef3cc36a4d175","name":"webdo.tn","image":{"@type":"ImageObject","inLanguage":"fr-FR","@id":"https:\/\/secure.gravatar.com\/avatar\/7ce1f28c0c3bbac99ff550b85ef8e44a6950c6ee24514fb6a5489e51d06f0298?s=96&d=mm&r=g","url":"https:\/\/secure.gravatar.com\/avatar\/7ce1f28c0c3bbac99ff550b85ef8e44a6950c6ee24514fb6a5489e51d06f0298?s=96&d=mm&r=g","contentUrl":"https:\/\/secure.gravatar.com\/avatar\/7ce1f28c0c3bbac99ff550b85ef8e44a6950c6ee24514fb6a5489e51d06f0298?s=96&d=mm&r=g","caption":"webdo.tn"},"url":"https:\/\/www.webdo.tn\/fr\/actualite\/author\/webdotn\/"}]}},"_links":{"self":[{"href":"https:\/\/www.webdo.tn\/fr\/wp-json\/wp\/v2\/posts\/172801","targetHints":{"allow":["GET"]}}],"collection":[{"href":"https:\/\/www.webdo.tn\/fr\/wp-json\/wp\/v2\/posts"}],"about":[{"href":"https:\/\/www.webdo.tn\/fr\/wp-json\/wp\/v2\/types\/post"}],"author":[{"embeddable":true,"href":"https:\/\/www.webdo.tn\/fr\/wp-json\/wp\/v2\/users\/3222"}],"replies":[{"embeddable":true,"href":"https:\/\/www.webdo.tn\/fr\/wp-json\/wp\/v2\/comments?post=172801"}],"version-history":[{"count":0,"href":"https:\/\/www.webdo.tn\/fr\/wp-json\/wp\/v2\/posts\/172801\/revisions"}],"wp:featuredmedia":[{"embeddable":true,"href":"https:\/\/www.webdo.tn\/fr\/wp-json\/wp\/v2\/media\/365365"}],"wp:attachment":[{"href":"https:\/\/www.webdo.tn\/fr\/wp-json\/wp\/v2\/media?parent=172801"}],"wp:term":[{"taxonomy":"category","embeddable":true,"href":"https:\/\/www.webdo.tn\/fr\/wp-json\/wp\/v2\/categories?post=172801"},{"taxonomy":"post_tag","embeddable":true,"href":"https:\/\/www.webdo.tn\/fr\/wp-json\/wp\/v2\/tags?post=172801"}],"curies":[{"name":"wp","href":"https:\/\/api.w.org\/{rel}","templated":true}]}}