{"id":172792,"date":"2011-05-30T16:21:00","date_gmt":"2011-05-30T16:21:00","guid":{"rendered":"https:\/\/www.webdo.tn\/fr\/actualite\/blog\/tunisie-le-gouvernement-veut-il-gouverner-les-libertes\/172792\/"},"modified":"2011-05-30T16:21:00","modified_gmt":"2011-05-30T16:21:00","slug":"tunisie-le-gouvernement-veut-il-gouverner-les-libertes","status":"publish","type":"post","link":"https:\/\/www.webdo.tn\/fr\/actualite\/national\/tunisie-le-gouvernement-veut-il-gouverner-les-libertes\/172792\/","title":{"rendered":"Tunisie : le gouvernement veut-il gouverner les libert\u00e9s ?"},"content":{"rendered":"<p>Bien que les Ben Ali et les Trabelsi, ainsi que leurs proches et amis, se soient enfuis vers d&rsquo;autres horizons ou sont en d\u00e9tention dans des cadres presque dor\u00e9s (personne ne nous a montr\u00e9 leur d\u00e9tention et on pourrait imaginer qu&rsquo;ils aient des faveurs&#8230;), il n&rsquo;en reste pas moins que les racines n&rsquo;ont pas \u00e9t\u00e9 arrach\u00e9es du sol et imposent toujours une loi de&#8230; mafia.<\/p>\n<p>Les libert\u00e9s d&rsquo;expression et de la presse sont compl\u00e8tement bafou\u00e9es, bien que certains dans leurs \u00e9crits affirment le contraire. Oui, il est vrai qu&rsquo;on peut \u00e9crire mais pas sur tout. On peut \u00e9crire sur les Trabelsi et les Ben Ali, mais attention si l&rsquo;on fait r\u00e9f\u00e9rence \u00e0 certaines institutions comme l&rsquo;arm\u00e9e, l&rsquo;UGTT ou encore le minist\u00e8re de l&rsquo;Int\u00e9rieur, dans des \u00e9crits non \u00e9logieux.<\/p>\n<p>Ainsi, en voulant mettre la v\u00e9rit\u00e9 en avant (une v\u00e9rit\u00e9 qu&rsquo;on essaye en haut lieu de cacher, car elle est une v\u00e9ritable bombe), un haut fonctionnaire de police est port\u00e9 disparu depuis hier, dimanche. Le cas de Samir Feriani a \u00e9t\u00e9 rapport\u00e9 par la radio Shems FM. Afin d&rsquo;attirer \u00abl&rsquo;attention du grand public sur les dysfonctionnements au sein du minist\u00e8re (de l&rsquo;Int\u00e9rieur) et la lenteur des proc\u00e9dures \u00e0 l&rsquo;encontre des policiers coupables\u00bb des crimes \u00e0 Kasserine et qui ont \u00e9t\u00e9 nomm\u00e9s \u00e0 des postes sensibles, Samir Feriani a fait para\u00eetre dans le quotidien \u00abL&rsquo;Expert\u00bb deux lettres d\u00e9non\u00e7ant cette ineptie. Mal lui en a pris puisque l&rsquo;homme a \u00e9t\u00e9 convoqu\u00e9 par la police et a disparu, m\u00eame si ce matin son impose a re\u00e7u un appel lui annon\u00e7ant que \u00abSamir Feriani (\u00e9tait) \u00e0 l&rsquo;Aouina, aux mains de la police\u00bb.<\/p>\n<p>D&rsquo;autre part, le minist\u00e8re de l&rsquo;Int\u00e9rieur a, \u00e0 travers un communiqu\u00e9, demand\u00e9 aux journalistes d&rsquo;arr\u00eater de le d\u00e9nigrer car cela n&rsquo;est pas d\u00e9ontologique ! Une mani\u00e8re indirecte et discr\u00e8te de censurer la presse&#8230; Chassez le naturel et il revient au galop ! La politique polici\u00e8re de Ben Ali n&rsquo;est pas pr\u00e8s d&rsquo;\u00eatre ras\u00e9e du pays car comme nous l&rsquo;avons \u00e9crit les t\u00eates ont \u00e9t\u00e9 d\u00e9capit\u00e9es mais les racines sont rest\u00e9es !<\/p>\n<p>Les ministres du gouvernement de transition sont, pour la plupart, manipul\u00e9s par \u00absbires\u00bb de l&rsquo;ancien r\u00e9gime restaient en place, telles des statues ind\u00e9boulonnables, car sachant utiliser la ruse qu&rsquo;ils ont eu le loisir de peaufiner pendant pas mal d&rsquo;ann\u00e9es.<\/p>\n<p>\u00abIghatou a\u00efn esshems bel ghorbel\u00bb on pourrait \u00e9crire concernant l&rsquo;affaire Farhat Rajhi. Pourquoi cette insistance du gouvernement, \u00e0 travers la justice militaire, \u00e0 vouloir \u00e0 tout prix condamner un homme qui a (peut-\u00eatre) dit la v\u00e9rit\u00e9 ? D&rsquo;apr\u00e8s la TAP, la justice militaire poursuit l&rsquo;instruction au sujet de l&rsquo;affaire de Farhat Rajhi, indique une source autoris\u00e9e du minist\u00e8re de la D\u00e9fense nationale, pr\u00e9cisant que cette d\u00e9marche vient consacrer le principe de la primaut\u00e9 de la loi et de l&rsquo;\u00e9galit\u00e9 de tous devant la justice, en concordance avec les principes de la r\u00e9volution tunisienne. Pourquoi cela devrait s&rsquo;appliquer seulement \u00e0 Farhat Rajhi ? Pourquoi pas \u00e0 certains policiers qui ont commis des atrocit\u00e9s et sont toujours en poste ? Pourquoi pas aux membres des familles Ben Ali et Trabelsi qui ont encore sur le territoire tunisien, en r\u00e9sidence surveill\u00e9e, certes, mais sans qu&rsquo;aucun proc\u00e8s (pour le moment) ne viennent les d\u00e9ranger dans leur petite vie tranquille ?<\/p>\n","protected":false},"excerpt":{"rendered":"<p>Tunisie : le gouvernement veut-il gouverner les libert\u00e9s ?<\/p>\n","protected":false},"author":3222,"featured_media":376290,"comment_status":"open","ping_status":"closed","sticky":false,"template":"","format":"standard","meta":{"footnotes":""},"categories":[44],"tags":[],"class_list":["post-172792","post","type-post","status-publish","format-standard","has-post-thumbnail","hentry","category-national"],"yoast_head":"<!-- This site is optimized with the Yoast SEO Premium plugin v27.4 (Yoast SEO v27.5) - https:\/\/yoast.com\/product\/yoast-seo-premium-wordpress\/ -->\n<title>Tunisie : le gouvernement veut-il gouverner les libert\u00e9s ?<\/title>\n<meta name=\"description\" content=\"Tunisie : le gouvernement veut-il gouverner les libert\u00e9s ?\" \/>\n<link rel=\"canonical\" href=\"https:\/\/www.webdo.tn\/fr\/actualite\/national\/tunisie-le-gouvernement-veut-il-gouverner-les-libertes\/172792\/\" \/>\n<meta property=\"og:locale\" content=\"fr_FR\" \/>\n<meta property=\"og:type\" content=\"article\" \/>\n<meta property=\"og:title\" content=\"Tunisie : le gouvernement veut-il gouverner les libert\u00e9s ?\" \/>\n<meta property=\"og:description\" content=\"Tunisie : le gouvernement veut-il gouverner les libert\u00e9s ?\" \/>\n<meta property=\"og:url\" content=\"https:\/\/www.webdo.tn\/fr\/actualite\/national\/tunisie-le-gouvernement-veut-il-gouverner-les-libertes\/172792\/\" \/>\n<meta property=\"og:site_name\" content=\"webdo\" \/>\n<meta property=\"article:publisher\" content=\"https:\/\/www.facebook.com\/webdotn\" \/>\n<meta property=\"article:published_time\" content=\"2011-05-30T16:21:00+00:00\" \/>\n<meta name=\"author\" content=\"webdo.tn\" \/>\n<meta name=\"twitter:card\" content=\"summary_large_image\" \/>\n<meta name=\"twitter:creator\" content=\"@webdo_tn\" \/>\n<meta name=\"twitter:site\" content=\"@webdo_tn\" \/>\n<meta name=\"twitter:label1\" content=\"\u00c9crit par\" \/>\n\t<meta name=\"twitter:data1\" content=\"webdo.tn\" \/>\n\t<meta name=\"twitter:label2\" content=\"Dur\u00e9e de lecture estim\u00e9e\" \/>\n\t<meta name=\"twitter:data2\" content=\"3 minutes\" \/>\n<script type=\"application\/ld+json\" class=\"yoast-schema-graph\">{\"@context\":\"https:\\\/\\\/schema.org\",\"@graph\":[{\"@type\":\"NewsArticle\",\"@id\":\"https:\\\/\\\/www.webdo.tn\\\/fr\\\/actualite\\\/national\\\/tunisie-le-gouvernement-veut-il-gouverner-les-libertes\\\/172792\\\/#article\",\"isPartOf\":{\"@id\":\"https:\\\/\\\/www.webdo.tn\\\/fr\\\/actualite\\\/national\\\/tunisie-le-gouvernement-veut-il-gouverner-les-libertes\\\/172792\\\/\"},\"author\":{\"name\":\"webdo.tn\",\"@id\":\"https:\\\/\\\/www.webdo.tn\\\/fr\\\/#\\\/schema\\\/person\\\/9a9c6118d687c117df8ef3cc36a4d175\"},\"headline\":\"Tunisie : le gouvernement veut-il gouverner les libert\u00e9s ?\",\"datePublished\":\"2011-05-30T16:21:00+00:00\",\"mainEntityOfPage\":{\"@id\":\"https:\\\/\\\/www.webdo.tn\\\/fr\\\/actualite\\\/national\\\/tunisie-le-gouvernement-veut-il-gouverner-les-libertes\\\/172792\\\/\"},\"wordCount\":615,\"commentCount\":0,\"publisher\":{\"@id\":\"https:\\\/\\\/www.webdo.tn\\\/fr\\\/#organization\"},\"image\":{\"@id\":\"https:\\\/\\\/www.webdo.tn\\\/fr\\\/actualite\\\/national\\\/tunisie-le-gouvernement-veut-il-gouverner-les-libertes\\\/172792\\\/#primaryimage\"},\"thumbnailUrl\":\"https:\\\/\\\/www.webdo.tn\\\/fr\\\/wp-content\\\/uploads\\\/2025\\\/06\\\/FireShot-Capture-1063-webdo_default-53-750x375.jpg-750\u00d7375-www.webdo_.tn_.png\",\"articleSection\":[\"National\"],\"inLanguage\":\"fr-FR\"},{\"@type\":\"WebPage\",\"@id\":\"https:\\\/\\\/www.webdo.tn\\\/fr\\\/actualite\\\/national\\\/tunisie-le-gouvernement-veut-il-gouverner-les-libertes\\\/172792\\\/\",\"url\":\"https:\\\/\\\/www.webdo.tn\\\/fr\\\/actualite\\\/national\\\/tunisie-le-gouvernement-veut-il-gouverner-les-libertes\\\/172792\\\/\",\"name\":\"Tunisie : le gouvernement veut-il gouverner les libert\u00e9s ?\",\"isPartOf\":{\"@id\":\"https:\\\/\\\/www.webdo.tn\\\/fr\\\/#website\"},\"primaryImageOfPage\":{\"@id\":\"https:\\\/\\\/www.webdo.tn\\\/fr\\\/actualite\\\/national\\\/tunisie-le-gouvernement-veut-il-gouverner-les-libertes\\\/172792\\\/#primaryimage\"},\"image\":{\"@id\":\"https:\\\/\\\/www.webdo.tn\\\/fr\\\/actualite\\\/national\\\/tunisie-le-gouvernement-veut-il-gouverner-les-libertes\\\/172792\\\/#primaryimage\"},\"thumbnailUrl\":\"https:\\\/\\\/www.webdo.tn\\\/fr\\\/wp-content\\\/uploads\\\/2025\\\/06\\\/FireShot-Capture-1063-webdo_default-53-750x375.jpg-750\u00d7375-www.webdo_.tn_.png\",\"datePublished\":\"2011-05-30T16:21:00+00:00\",\"description\":\"Tunisie : le gouvernement veut-il gouverner les libert\u00e9s ?\",\"breadcrumb\":{\"@id\":\"https:\\\/\\\/www.webdo.tn\\\/fr\\\/actualite\\\/national\\\/tunisie-le-gouvernement-veut-il-gouverner-les-libertes\\\/172792\\\/#breadcrumb\"},\"inLanguage\":\"fr-FR\",\"potentialAction\":[{\"@type\":\"ReadAction\",\"target\":[\"https:\\\/\\\/www.webdo.tn\\\/fr\\\/actualite\\\/national\\\/tunisie-le-gouvernement-veut-il-gouverner-les-libertes\\\/172792\\\/\"]}]},{\"@type\":\"ImageObject\",\"inLanguage\":\"fr-FR\",\"@id\":\"https:\\\/\\\/www.webdo.tn\\\/fr\\\/actualite\\\/national\\\/tunisie-le-gouvernement-veut-il-gouverner-les-libertes\\\/172792\\\/#primaryimage\",\"url\":\"https:\\\/\\\/www.webdo.tn\\\/fr\\\/wp-content\\\/uploads\\\/2025\\\/06\\\/FireShot-Capture-1063-webdo_default-53-750x375.jpg-750\u00d7375-www.webdo_.tn_.png\",\"contentUrl\":\"https:\\\/\\\/www.webdo.tn\\\/fr\\\/wp-content\\\/uploads\\\/2025\\\/06\\\/FireShot-Capture-1063-webdo_default-53-750x375.jpg-750\u00d7375-www.webdo_.tn_.png\",\"width\":746,\"height\":371},{\"@type\":\"BreadcrumbList\",\"@id\":\"https:\\\/\\\/www.webdo.tn\\\/fr\\\/actualite\\\/national\\\/tunisie-le-gouvernement-veut-il-gouverner-les-libertes\\\/172792\\\/#breadcrumb\",\"itemListElement\":[{\"@type\":\"ListItem\",\"position\":1,\"name\":\"Accueil\",\"item\":\"https:\\\/\\\/www.webdo.tn\\\/fr\\\/\"},{\"@type\":\"ListItem\",\"position\":2,\"name\":\"Tunisie : le gouvernement veut-il gouverner les libert\u00e9s ?\"}]},{\"@type\":\"WebSite\",\"@id\":\"https:\\\/\\\/www.webdo.tn\\\/fr\\\/#website\",\"url\":\"https:\\\/\\\/www.webdo.tn\\\/fr\\\/\",\"name\":\"webdo\",\"description\":\"Tunisie - News en Tunisie et \u00e0 l&#039;international sur Webdo.tn\",\"publisher\":{\"@id\":\"https:\\\/\\\/www.webdo.tn\\\/fr\\\/#organization\"},\"potentialAction\":[{\"@type\":\"SearchAction\",\"target\":{\"@type\":\"EntryPoint\",\"urlTemplate\":\"https:\\\/\\\/www.webdo.tn\\\/fr\\\/?s={search_term_string}\"},\"query-input\":{\"@type\":\"PropertyValueSpecification\",\"valueRequired\":true,\"valueName\":\"search_term_string\"}}],\"inLanguage\":\"fr-FR\"},{\"@type\":\"Organization\",\"@id\":\"https:\\\/\\\/www.webdo.tn\\\/fr\\\/#organization\",\"name\":\"Webdo\",\"alternateName\":\"Webdo.tn\",\"url\":\"https:\\\/\\\/www.webdo.tn\\\/fr\\\/\",\"logo\":{\"@type\":\"ImageObject\",\"inLanguage\":\"fr-FR\",\"@id\":\"https:\\\/\\\/www.webdo.tn\\\/fr\\\/#\\\/schema\\\/logo\\\/image\\\/\",\"url\":\"https:\\\/\\\/www.webdo.tn\\\/fr\\\/wp-content\\\/uploads\\\/2025\\\/06\\\/Webdo-Tunisie_168377.jpg\",\"contentUrl\":\"https:\\\/\\\/www.webdo.tn\\\/fr\\\/wp-content\\\/uploads\\\/2025\\\/06\\\/Webdo-Tunisie_168377.jpg\",\"width\":301,\"height\":301,\"caption\":\"Webdo\"},\"image\":{\"@id\":\"https:\\\/\\\/www.webdo.tn\\\/fr\\\/#\\\/schema\\\/logo\\\/image\\\/\"},\"sameAs\":[\"https:\\\/\\\/www.facebook.com\\\/webdotn\",\"https:\\\/\\\/x.com\\\/webdo_tn\"],\"description\":\"Webdo est un m\u00e9dia num\u00e9rique tunisien fond\u00e9 en 2010, sp\u00e9cialis\u00e9 dans l\u2019actualit\u00e9 nationale et internationale, l\u2019\u00e9conomie, la soci\u00e9t\u00e9 et les analyses politiques. Le site s\u2019adresse \u00e0 un large public francophone et couvre l\u2019information tunisienne en temps r\u00e9el.\",\"email\":\"redac@webdo.tn\",\"legalName\":\"YNJ SARL\",\"foundingDate\":\"2010-09-06\",\"numberOfEmployees\":{\"@type\":\"QuantitativeValue\",\"minValue\":\"11\",\"maxValue\":\"50\"}},{\"@type\":\"Person\",\"@id\":\"https:\\\/\\\/www.webdo.tn\\\/fr\\\/#\\\/schema\\\/person\\\/9a9c6118d687c117df8ef3cc36a4d175\",\"name\":\"webdo.tn\",\"image\":{\"@type\":\"ImageObject\",\"inLanguage\":\"fr-FR\",\"@id\":\"https:\\\/\\\/secure.gravatar.com\\\/avatar\\\/7ce1f28c0c3bbac99ff550b85ef8e44a6950c6ee24514fb6a5489e51d06f0298?s=96&d=mm&r=g\",\"url\":\"https:\\\/\\\/secure.gravatar.com\\\/avatar\\\/7ce1f28c0c3bbac99ff550b85ef8e44a6950c6ee24514fb6a5489e51d06f0298?s=96&d=mm&r=g\",\"contentUrl\":\"https:\\\/\\\/secure.gravatar.com\\\/avatar\\\/7ce1f28c0c3bbac99ff550b85ef8e44a6950c6ee24514fb6a5489e51d06f0298?s=96&d=mm&r=g\",\"caption\":\"webdo.tn\"},\"url\":\"https:\\\/\\\/www.webdo.tn\\\/fr\\\/actualite\\\/author\\\/webdotn\\\/\"}]}<\/script>\n<!-- \/ Yoast SEO Premium plugin. -->","yoast_head_json":{"title":"Tunisie : le gouvernement veut-il gouverner les libert\u00e9s ?","description":"Tunisie : le gouvernement veut-il gouverner les libert\u00e9s ?","canonical":"https:\/\/www.webdo.tn\/fr\/actualite\/national\/tunisie-le-gouvernement-veut-il-gouverner-les-libertes\/172792\/","og_locale":"fr_FR","og_type":"article","og_title":"Tunisie : le gouvernement veut-il gouverner les libert\u00e9s ?","og_description":"Tunisie : le gouvernement veut-il gouverner les libert\u00e9s ?","og_url":"https:\/\/www.webdo.tn\/fr\/actualite\/national\/tunisie-le-gouvernement-veut-il-gouverner-les-libertes\/172792\/","og_site_name":"webdo","article_publisher":"https:\/\/www.facebook.com\/webdotn","article_published_time":"2011-05-30T16:21:00+00:00","author":"webdo.tn","twitter_card":"summary_large_image","twitter_creator":"@webdo_tn","twitter_site":"@webdo_tn","twitter_misc":{"\u00c9crit par":"webdo.tn","Dur\u00e9e de lecture estim\u00e9e":"3 minutes"},"schema":{"@context":"https:\/\/schema.org","@graph":[{"@type":"NewsArticle","@id":"https:\/\/www.webdo.tn\/fr\/actualite\/national\/tunisie-le-gouvernement-veut-il-gouverner-les-libertes\/172792\/#article","isPartOf":{"@id":"https:\/\/www.webdo.tn\/fr\/actualite\/national\/tunisie-le-gouvernement-veut-il-gouverner-les-libertes\/172792\/"},"author":{"name":"webdo.tn","@id":"https:\/\/www.webdo.tn\/fr\/#\/schema\/person\/9a9c6118d687c117df8ef3cc36a4d175"},"headline":"Tunisie : le gouvernement veut-il gouverner les libert\u00e9s ?","datePublished":"2011-05-30T16:21:00+00:00","mainEntityOfPage":{"@id":"https:\/\/www.webdo.tn\/fr\/actualite\/national\/tunisie-le-gouvernement-veut-il-gouverner-les-libertes\/172792\/"},"wordCount":615,"commentCount":0,"publisher":{"@id":"https:\/\/www.webdo.tn\/fr\/#organization"},"image":{"@id":"https:\/\/www.webdo.tn\/fr\/actualite\/national\/tunisie-le-gouvernement-veut-il-gouverner-les-libertes\/172792\/#primaryimage"},"thumbnailUrl":"https:\/\/www.webdo.tn\/fr\/wp-content\/uploads\/2025\/06\/FireShot-Capture-1063-webdo_default-53-750x375.jpg-750\u00d7375-www.webdo_.tn_.png","articleSection":["National"],"inLanguage":"fr-FR"},{"@type":"WebPage","@id":"https:\/\/www.webdo.tn\/fr\/actualite\/national\/tunisie-le-gouvernement-veut-il-gouverner-les-libertes\/172792\/","url":"https:\/\/www.webdo.tn\/fr\/actualite\/national\/tunisie-le-gouvernement-veut-il-gouverner-les-libertes\/172792\/","name":"Tunisie : le gouvernement veut-il gouverner les libert\u00e9s ?","isPartOf":{"@id":"https:\/\/www.webdo.tn\/fr\/#website"},"primaryImageOfPage":{"@id":"https:\/\/www.webdo.tn\/fr\/actualite\/national\/tunisie-le-gouvernement-veut-il-gouverner-les-libertes\/172792\/#primaryimage"},"image":{"@id":"https:\/\/www.webdo.tn\/fr\/actualite\/national\/tunisie-le-gouvernement-veut-il-gouverner-les-libertes\/172792\/#primaryimage"},"thumbnailUrl":"https:\/\/www.webdo.tn\/fr\/wp-content\/uploads\/2025\/06\/FireShot-Capture-1063-webdo_default-53-750x375.jpg-750\u00d7375-www.webdo_.tn_.png","datePublished":"2011-05-30T16:21:00+00:00","description":"Tunisie : le gouvernement veut-il gouverner les libert\u00e9s ?","breadcrumb":{"@id":"https:\/\/www.webdo.tn\/fr\/actualite\/national\/tunisie-le-gouvernement-veut-il-gouverner-les-libertes\/172792\/#breadcrumb"},"inLanguage":"fr-FR","potentialAction":[{"@type":"ReadAction","target":["https:\/\/www.webdo.tn\/fr\/actualite\/national\/tunisie-le-gouvernement-veut-il-gouverner-les-libertes\/172792\/"]}]},{"@type":"ImageObject","inLanguage":"fr-FR","@id":"https:\/\/www.webdo.tn\/fr\/actualite\/national\/tunisie-le-gouvernement-veut-il-gouverner-les-libertes\/172792\/#primaryimage","url":"https:\/\/www.webdo.tn\/fr\/wp-content\/uploads\/2025\/06\/FireShot-Capture-1063-webdo_default-53-750x375.jpg-750\u00d7375-www.webdo_.tn_.png","contentUrl":"https:\/\/www.webdo.tn\/fr\/wp-content\/uploads\/2025\/06\/FireShot-Capture-1063-webdo_default-53-750x375.jpg-750\u00d7375-www.webdo_.tn_.png","width":746,"height":371},{"@type":"BreadcrumbList","@id":"https:\/\/www.webdo.tn\/fr\/actualite\/national\/tunisie-le-gouvernement-veut-il-gouverner-les-libertes\/172792\/#breadcrumb","itemListElement":[{"@type":"ListItem","position":1,"name":"Accueil","item":"https:\/\/www.webdo.tn\/fr\/"},{"@type":"ListItem","position":2,"name":"Tunisie : le gouvernement veut-il gouverner les libert\u00e9s ?"}]},{"@type":"WebSite","@id":"https:\/\/www.webdo.tn\/fr\/#website","url":"https:\/\/www.webdo.tn\/fr\/","name":"webdo","description":"Tunisie - News en Tunisie et \u00e0 l&#039;international sur Webdo.tn","publisher":{"@id":"https:\/\/www.webdo.tn\/fr\/#organization"},"potentialAction":[{"@type":"SearchAction","target":{"@type":"EntryPoint","urlTemplate":"https:\/\/www.webdo.tn\/fr\/?s={search_term_string}"},"query-input":{"@type":"PropertyValueSpecification","valueRequired":true,"valueName":"search_term_string"}}],"inLanguage":"fr-FR"},{"@type":"Organization","@id":"https:\/\/www.webdo.tn\/fr\/#organization","name":"Webdo","alternateName":"Webdo.tn","url":"https:\/\/www.webdo.tn\/fr\/","logo":{"@type":"ImageObject","inLanguage":"fr-FR","@id":"https:\/\/www.webdo.tn\/fr\/#\/schema\/logo\/image\/","url":"https:\/\/www.webdo.tn\/fr\/wp-content\/uploads\/2025\/06\/Webdo-Tunisie_168377.jpg","contentUrl":"https:\/\/www.webdo.tn\/fr\/wp-content\/uploads\/2025\/06\/Webdo-Tunisie_168377.jpg","width":301,"height":301,"caption":"Webdo"},"image":{"@id":"https:\/\/www.webdo.tn\/fr\/#\/schema\/logo\/image\/"},"sameAs":["https:\/\/www.facebook.com\/webdotn","https:\/\/x.com\/webdo_tn"],"description":"Webdo est un m\u00e9dia num\u00e9rique tunisien fond\u00e9 en 2010, sp\u00e9cialis\u00e9 dans l\u2019actualit\u00e9 nationale et internationale, l\u2019\u00e9conomie, la soci\u00e9t\u00e9 et les analyses politiques. Le site s\u2019adresse \u00e0 un large public francophone et couvre l\u2019information tunisienne en temps r\u00e9el.","email":"redac@webdo.tn","legalName":"YNJ SARL","foundingDate":"2010-09-06","numberOfEmployees":{"@type":"QuantitativeValue","minValue":"11","maxValue":"50"}},{"@type":"Person","@id":"https:\/\/www.webdo.tn\/fr\/#\/schema\/person\/9a9c6118d687c117df8ef3cc36a4d175","name":"webdo.tn","image":{"@type":"ImageObject","inLanguage":"fr-FR","@id":"https:\/\/secure.gravatar.com\/avatar\/7ce1f28c0c3bbac99ff550b85ef8e44a6950c6ee24514fb6a5489e51d06f0298?s=96&d=mm&r=g","url":"https:\/\/secure.gravatar.com\/avatar\/7ce1f28c0c3bbac99ff550b85ef8e44a6950c6ee24514fb6a5489e51d06f0298?s=96&d=mm&r=g","contentUrl":"https:\/\/secure.gravatar.com\/avatar\/7ce1f28c0c3bbac99ff550b85ef8e44a6950c6ee24514fb6a5489e51d06f0298?s=96&d=mm&r=g","caption":"webdo.tn"},"url":"https:\/\/www.webdo.tn\/fr\/actualite\/author\/webdotn\/"}]}},"_links":{"self":[{"href":"https:\/\/www.webdo.tn\/fr\/wp-json\/wp\/v2\/posts\/172792","targetHints":{"allow":["GET"]}}],"collection":[{"href":"https:\/\/www.webdo.tn\/fr\/wp-json\/wp\/v2\/posts"}],"about":[{"href":"https:\/\/www.webdo.tn\/fr\/wp-json\/wp\/v2\/types\/post"}],"author":[{"embeddable":true,"href":"https:\/\/www.webdo.tn\/fr\/wp-json\/wp\/v2\/users\/3222"}],"replies":[{"embeddable":true,"href":"https:\/\/www.webdo.tn\/fr\/wp-json\/wp\/v2\/comments?post=172792"}],"version-history":[{"count":0,"href":"https:\/\/www.webdo.tn\/fr\/wp-json\/wp\/v2\/posts\/172792\/revisions"}],"wp:featuredmedia":[{"embeddable":true,"href":"https:\/\/www.webdo.tn\/fr\/wp-json\/wp\/v2\/media\/376290"}],"wp:attachment":[{"href":"https:\/\/www.webdo.tn\/fr\/wp-json\/wp\/v2\/media?parent=172792"}],"wp:term":[{"taxonomy":"category","embeddable":true,"href":"https:\/\/www.webdo.tn\/fr\/wp-json\/wp\/v2\/categories?post=172792"},{"taxonomy":"post_tag","embeddable":true,"href":"https:\/\/www.webdo.tn\/fr\/wp-json\/wp\/v2\/tags?post=172792"}],"curies":[{"name":"wp","href":"https:\/\/api.w.org\/{rel}","templated":true}]}}