{"id":172789,"date":"2011-06-01T12:47:00","date_gmt":"2011-06-01T12:47:00","guid":{"rendered":"https:\/\/www.webdo.tn\/fr\/actualite\/blog\/un-yacht-appartenant-a-kais-ben-ali-saisi-a-lampedusa\/172789\/"},"modified":"2011-06-01T12:47:00","modified_gmt":"2011-06-01T12:47:00","slug":"un-yacht-appartenant-a-kais-ben-ali-saisi-a-lampedusa","status":"publish","type":"post","link":"https:\/\/www.webdo.tn\/fr\/actualite\/national\/un-yacht-appartenant-a-kais-ben-ali-saisi-a-lampedusa\/172789\/","title":{"rendered":"Un yacht appartenant \u00e0 Kais Ben Ali, saisi \u00e0 Lampedusa"},"content":{"rendered":"<p>Selon l&rsquo;AFP, un yacht de 14 m\u00e8tres de long appartenant au clan Ben Ali a \u00e9t\u00e9 mis sous s\u00e9questre, hier mardi, par la police financi\u00e8re italienne. Le yacht, un Atlantique 43, est enregistr\u00e9 au nom de Kais Ben Ali, neveu de l&rsquo;ex-pr\u00e9sident tunisien.<\/p>\n<p>Le superbe bateau, estim\u00e9 \u00e0 1,4 millions de dinars, \u00e9tait jusqu\u2019ici, amarr\u00e9 dans le port de Lampedusa. Mais suite \u00e0 une requ\u00eate des autorit\u00e9s judiciaires tunisiennes, les magistrats italiens ont d\u00e9cid\u00e9 de mettre sous s\u00e9questre ce yacht, conform\u00e9ment \u00e0 la demande de la Tunisie quant au gel imm\u00e9diat des avoirs de 47 membres du clan Ben Ali.<\/p>\n<p>D\u2019apr\u00e8s les autorit\u00e9s italiennes, ce yacht est arriv\u00e9 sur l\u2019\u00eele peu apr\u00e8s les manifestations de janvier. Toutefois, il devrait \u00eatre restitu\u00e9 au peuple tunisien.<\/p>\n<p>Par ailleurs, les avoirs de Leila Trabelsi au Liban, estim\u00e9s \u00e0 29 millions de dollars, viennent \u00e9galement d\u2019\u00eatre gel\u00e9s alors  que le Qatar vient de donner son aval pour le gel des d\u00e9p\u00f4ts de Ben Ali et 13 membres de sa famille.<\/p>\n<p>Si les saisies et gel d\u2019avoirs semblent se concr\u00e9tiser, il n\u2019emp\u00eache que beaucoup reste \u00e0 faire pour la restitution de tous les biens vol\u00e9s par les ben Ali.<\/p>\n","protected":false},"excerpt":{"rendered":"<p>Un yacht appartenant \u00e0 Kais Ben Ali, saisi \u00e0 Lampedusa <\/p>\n","protected":false},"author":3222,"featured_media":365919,"comment_status":"open","ping_status":"closed","sticky":false,"template":"","format":"standard","meta":{"footnotes":""},"categories":[44],"tags":[],"class_list":["post-172789","post","type-post","status-publish","format-standard","has-post-thumbnail","hentry","category-national"],"yoast_head":"<!-- This site is optimized with the Yoast SEO Premium plugin v27.4 (Yoast SEO v27.5) - https:\/\/yoast.com\/product\/yoast-seo-premium-wordpress\/ -->\n<title>Un yacht appartenant \u00e0 Kais Ben Ali, saisi \u00e0 Lampedusa<\/title>\n<meta name=\"description\" content=\"Un yacht appartenant \u00e0 Kais Ben Ali, saisi \u00e0 Lampedusa\" \/>\n<link rel=\"canonical\" href=\"https:\/\/www.webdo.tn\/fr\/actualite\/national\/un-yacht-appartenant-a-kais-ben-ali-saisi-a-lampedusa\/172789\/\" \/>\n<meta property=\"og:locale\" content=\"fr_FR\" \/>\n<meta property=\"og:type\" content=\"article\" \/>\n<meta property=\"og:title\" content=\"Un yacht appartenant \u00e0 Kais Ben Ali, saisi \u00e0 Lampedusa\" \/>\n<meta property=\"og:description\" content=\"Un yacht appartenant \u00e0 Kais Ben Ali, saisi \u00e0 Lampedusa\" \/>\n<meta property=\"og:url\" content=\"https:\/\/www.webdo.tn\/fr\/actualite\/national\/un-yacht-appartenant-a-kais-ben-ali-saisi-a-lampedusa\/172789\/\" \/>\n<meta property=\"og:site_name\" content=\"webdo\" \/>\n<meta property=\"article:publisher\" content=\"https:\/\/www.facebook.com\/webdotn\" \/>\n<meta property=\"article:published_time\" content=\"2011-06-01T12:47:00+00:00\" \/>\n<meta property=\"og:image\" content=\"https:\/\/www.webdo.tn\/fr\/wp-content\/uploads\/2011\/06\/Atlantique-43.jpg\" \/>\n\t<meta property=\"og:image:width\" content=\"300\" \/>\n\t<meta property=\"og:image:height\" content=\"199\" \/>\n\t<meta property=\"og:image:type\" content=\"image\/jpeg\" \/>\n<meta name=\"author\" content=\"webdo.tn\" \/>\n<meta name=\"twitter:card\" content=\"summary_large_image\" \/>\n<meta name=\"twitter:creator\" content=\"@webdo_tn\" \/>\n<meta name=\"twitter:site\" content=\"@webdo_tn\" \/>\n<meta name=\"twitter:label1\" content=\"\u00c9crit par\" \/>\n\t<meta name=\"twitter:data1\" content=\"webdo.tn\" \/>\n\t<meta name=\"twitter:label2\" content=\"Dur\u00e9e de lecture estim\u00e9e\" \/>\n\t<meta name=\"twitter:data2\" content=\"1 minute\" \/>\n<script type=\"application\/ld+json\" class=\"yoast-schema-graph\">{\"@context\":\"https:\\\/\\\/schema.org\",\"@graph\":[{\"@type\":\"NewsArticle\",\"@id\":\"https:\\\/\\\/www.webdo.tn\\\/fr\\\/actualite\\\/national\\\/un-yacht-appartenant-a-kais-ben-ali-saisi-a-lampedusa\\\/172789\\\/#article\",\"isPartOf\":{\"@id\":\"https:\\\/\\\/www.webdo.tn\\\/fr\\\/actualite\\\/national\\\/un-yacht-appartenant-a-kais-ben-ali-saisi-a-lampedusa\\\/172789\\\/\"},\"author\":{\"name\":\"webdo.tn\",\"@id\":\"https:\\\/\\\/www.webdo.tn\\\/fr\\\/#\\\/schema\\\/person\\\/9a9c6118d687c117df8ef3cc36a4d175\"},\"headline\":\"Un yacht appartenant \u00e0 Kais Ben Ali, saisi \u00e0 Lampedusa\",\"datePublished\":\"2011-06-01T12:47:00+00:00\",\"mainEntityOfPage\":{\"@id\":\"https:\\\/\\\/www.webdo.tn\\\/fr\\\/actualite\\\/national\\\/un-yacht-appartenant-a-kais-ben-ali-saisi-a-lampedusa\\\/172789\\\/\"},\"wordCount\":219,\"commentCount\":0,\"publisher\":{\"@id\":\"https:\\\/\\\/www.webdo.tn\\\/fr\\\/#organization\"},\"image\":{\"@id\":\"https:\\\/\\\/www.webdo.tn\\\/fr\\\/actualite\\\/national\\\/un-yacht-appartenant-a-kais-ben-ali-saisi-a-lampedusa\\\/172789\\\/#primaryimage\"},\"thumbnailUrl\":\"https:\\\/\\\/www.webdo.tn\\\/fr\\\/wp-content\\\/uploads\\\/2011\\\/06\\\/Atlantique-43.jpg\",\"articleSection\":[\"National\"],\"inLanguage\":\"fr-FR\"},{\"@type\":\"WebPage\",\"@id\":\"https:\\\/\\\/www.webdo.tn\\\/fr\\\/actualite\\\/national\\\/un-yacht-appartenant-a-kais-ben-ali-saisi-a-lampedusa\\\/172789\\\/\",\"url\":\"https:\\\/\\\/www.webdo.tn\\\/fr\\\/actualite\\\/national\\\/un-yacht-appartenant-a-kais-ben-ali-saisi-a-lampedusa\\\/172789\\\/\",\"name\":\"Un yacht appartenant \u00e0 Kais Ben Ali, saisi \u00e0 Lampedusa\",\"isPartOf\":{\"@id\":\"https:\\\/\\\/www.webdo.tn\\\/fr\\\/#website\"},\"primaryImageOfPage\":{\"@id\":\"https:\\\/\\\/www.webdo.tn\\\/fr\\\/actualite\\\/national\\\/un-yacht-appartenant-a-kais-ben-ali-saisi-a-lampedusa\\\/172789\\\/#primaryimage\"},\"image\":{\"@id\":\"https:\\\/\\\/www.webdo.tn\\\/fr\\\/actualite\\\/national\\\/un-yacht-appartenant-a-kais-ben-ali-saisi-a-lampedusa\\\/172789\\\/#primaryimage\"},\"thumbnailUrl\":\"https:\\\/\\\/www.webdo.tn\\\/fr\\\/wp-content\\\/uploads\\\/2011\\\/06\\\/Atlantique-43.jpg\",\"datePublished\":\"2011-06-01T12:47:00+00:00\",\"description\":\"Un yacht appartenant \u00e0 Kais Ben Ali, saisi \u00e0 Lampedusa\",\"breadcrumb\":{\"@id\":\"https:\\\/\\\/www.webdo.tn\\\/fr\\\/actualite\\\/national\\\/un-yacht-appartenant-a-kais-ben-ali-saisi-a-lampedusa\\\/172789\\\/#breadcrumb\"},\"inLanguage\":\"fr-FR\",\"potentialAction\":[{\"@type\":\"ReadAction\",\"target\":[\"https:\\\/\\\/www.webdo.tn\\\/fr\\\/actualite\\\/national\\\/un-yacht-appartenant-a-kais-ben-ali-saisi-a-lampedusa\\\/172789\\\/\"]}]},{\"@type\":\"ImageObject\",\"inLanguage\":\"fr-FR\",\"@id\":\"https:\\\/\\\/www.webdo.tn\\\/fr\\\/actualite\\\/national\\\/un-yacht-appartenant-a-kais-ben-ali-saisi-a-lampedusa\\\/172789\\\/#primaryimage\",\"url\":\"https:\\\/\\\/www.webdo.tn\\\/fr\\\/wp-content\\\/uploads\\\/2011\\\/06\\\/Atlantique-43.jpg\",\"contentUrl\":\"https:\\\/\\\/www.webdo.tn\\\/fr\\\/wp-content\\\/uploads\\\/2011\\\/06\\\/Atlantique-43.jpg\",\"width\":300,\"height\":199,\"caption\":\"Un yacht appartenant \u00e0 Kais Ben Ali, saisi \u00e0 Lampedusa\"},{\"@type\":\"BreadcrumbList\",\"@id\":\"https:\\\/\\\/www.webdo.tn\\\/fr\\\/actualite\\\/national\\\/un-yacht-appartenant-a-kais-ben-ali-saisi-a-lampedusa\\\/172789\\\/#breadcrumb\",\"itemListElement\":[{\"@type\":\"ListItem\",\"position\":1,\"name\":\"Accueil\",\"item\":\"https:\\\/\\\/www.webdo.tn\\\/fr\\\/\"},{\"@type\":\"ListItem\",\"position\":2,\"name\":\"Un yacht appartenant \u00e0 Kais Ben Ali, saisi \u00e0 Lampedusa\"}]},{\"@type\":\"WebSite\",\"@id\":\"https:\\\/\\\/www.webdo.tn\\\/fr\\\/#website\",\"url\":\"https:\\\/\\\/www.webdo.tn\\\/fr\\\/\",\"name\":\"webdo\",\"description\":\"Tunisie - News en Tunisie et \u00e0 l&#039;international sur Webdo.tn\",\"publisher\":{\"@id\":\"https:\\\/\\\/www.webdo.tn\\\/fr\\\/#organization\"},\"potentialAction\":[{\"@type\":\"SearchAction\",\"target\":{\"@type\":\"EntryPoint\",\"urlTemplate\":\"https:\\\/\\\/www.webdo.tn\\\/fr\\\/?s={search_term_string}\"},\"query-input\":{\"@type\":\"PropertyValueSpecification\",\"valueRequired\":true,\"valueName\":\"search_term_string\"}}],\"inLanguage\":\"fr-FR\"},{\"@type\":\"Organization\",\"@id\":\"https:\\\/\\\/www.webdo.tn\\\/fr\\\/#organization\",\"name\":\"Webdo\",\"alternateName\":\"Webdo.tn\",\"url\":\"https:\\\/\\\/www.webdo.tn\\\/fr\\\/\",\"logo\":{\"@type\":\"ImageObject\",\"inLanguage\":\"fr-FR\",\"@id\":\"https:\\\/\\\/www.webdo.tn\\\/fr\\\/#\\\/schema\\\/logo\\\/image\\\/\",\"url\":\"https:\\\/\\\/www.webdo.tn\\\/fr\\\/wp-content\\\/uploads\\\/2025\\\/06\\\/Webdo-Tunisie_168377.jpg\",\"contentUrl\":\"https:\\\/\\\/www.webdo.tn\\\/fr\\\/wp-content\\\/uploads\\\/2025\\\/06\\\/Webdo-Tunisie_168377.jpg\",\"width\":301,\"height\":301,\"caption\":\"Webdo\"},\"image\":{\"@id\":\"https:\\\/\\\/www.webdo.tn\\\/fr\\\/#\\\/schema\\\/logo\\\/image\\\/\"},\"sameAs\":[\"https:\\\/\\\/www.facebook.com\\\/webdotn\",\"https:\\\/\\\/x.com\\\/webdo_tn\"],\"description\":\"Webdo est un m\u00e9dia num\u00e9rique tunisien fond\u00e9 en 2010, sp\u00e9cialis\u00e9 dans l\u2019actualit\u00e9 nationale et internationale, l\u2019\u00e9conomie, la soci\u00e9t\u00e9 et les analyses politiques. Le site s\u2019adresse \u00e0 un large public francophone et couvre l\u2019information tunisienne en temps r\u00e9el.\",\"email\":\"redac@webdo.tn\",\"legalName\":\"YNJ SARL\",\"foundingDate\":\"2010-09-06\",\"numberOfEmployees\":{\"@type\":\"QuantitativeValue\",\"minValue\":\"11\",\"maxValue\":\"50\"}},{\"@type\":\"Person\",\"@id\":\"https:\\\/\\\/www.webdo.tn\\\/fr\\\/#\\\/schema\\\/person\\\/9a9c6118d687c117df8ef3cc36a4d175\",\"name\":\"webdo.tn\",\"image\":{\"@type\":\"ImageObject\",\"inLanguage\":\"fr-FR\",\"@id\":\"https:\\\/\\\/secure.gravatar.com\\\/avatar\\\/7ce1f28c0c3bbac99ff550b85ef8e44a6950c6ee24514fb6a5489e51d06f0298?s=96&d=mm&r=g\",\"url\":\"https:\\\/\\\/secure.gravatar.com\\\/avatar\\\/7ce1f28c0c3bbac99ff550b85ef8e44a6950c6ee24514fb6a5489e51d06f0298?s=96&d=mm&r=g\",\"contentUrl\":\"https:\\\/\\\/secure.gravatar.com\\\/avatar\\\/7ce1f28c0c3bbac99ff550b85ef8e44a6950c6ee24514fb6a5489e51d06f0298?s=96&d=mm&r=g\",\"caption\":\"webdo.tn\"},\"url\":\"https:\\\/\\\/www.webdo.tn\\\/fr\\\/actualite\\\/author\\\/webdotn\\\/\"}]}<\/script>\n<!-- \/ Yoast SEO Premium plugin. -->","yoast_head_json":{"title":"Un yacht appartenant \u00e0 Kais Ben Ali, saisi \u00e0 Lampedusa","description":"Un yacht appartenant \u00e0 Kais Ben Ali, saisi \u00e0 Lampedusa","canonical":"https:\/\/www.webdo.tn\/fr\/actualite\/national\/un-yacht-appartenant-a-kais-ben-ali-saisi-a-lampedusa\/172789\/","og_locale":"fr_FR","og_type":"article","og_title":"Un yacht appartenant \u00e0 Kais Ben Ali, saisi \u00e0 Lampedusa","og_description":"Un yacht appartenant \u00e0 Kais Ben Ali, saisi \u00e0 Lampedusa","og_url":"https:\/\/www.webdo.tn\/fr\/actualite\/national\/un-yacht-appartenant-a-kais-ben-ali-saisi-a-lampedusa\/172789\/","og_site_name":"webdo","article_publisher":"https:\/\/www.facebook.com\/webdotn","article_published_time":"2011-06-01T12:47:00+00:00","og_image":[{"width":300,"height":199,"url":"https:\/\/www.webdo.tn\/fr\/wp-content\/uploads\/2011\/06\/Atlantique-43.jpg","type":"image\/jpeg"}],"author":"webdo.tn","twitter_card":"summary_large_image","twitter_creator":"@webdo_tn","twitter_site":"@webdo_tn","twitter_misc":{"\u00c9crit par":"webdo.tn","Dur\u00e9e de lecture estim\u00e9e":"1 minute"},"schema":{"@context":"https:\/\/schema.org","@graph":[{"@type":"NewsArticle","@id":"https:\/\/www.webdo.tn\/fr\/actualite\/national\/un-yacht-appartenant-a-kais-ben-ali-saisi-a-lampedusa\/172789\/#article","isPartOf":{"@id":"https:\/\/www.webdo.tn\/fr\/actualite\/national\/un-yacht-appartenant-a-kais-ben-ali-saisi-a-lampedusa\/172789\/"},"author":{"name":"webdo.tn","@id":"https:\/\/www.webdo.tn\/fr\/#\/schema\/person\/9a9c6118d687c117df8ef3cc36a4d175"},"headline":"Un yacht appartenant \u00e0 Kais Ben Ali, saisi \u00e0 Lampedusa","datePublished":"2011-06-01T12:47:00+00:00","mainEntityOfPage":{"@id":"https:\/\/www.webdo.tn\/fr\/actualite\/national\/un-yacht-appartenant-a-kais-ben-ali-saisi-a-lampedusa\/172789\/"},"wordCount":219,"commentCount":0,"publisher":{"@id":"https:\/\/www.webdo.tn\/fr\/#organization"},"image":{"@id":"https:\/\/www.webdo.tn\/fr\/actualite\/national\/un-yacht-appartenant-a-kais-ben-ali-saisi-a-lampedusa\/172789\/#primaryimage"},"thumbnailUrl":"https:\/\/www.webdo.tn\/fr\/wp-content\/uploads\/2011\/06\/Atlantique-43.jpg","articleSection":["National"],"inLanguage":"fr-FR"},{"@type":"WebPage","@id":"https:\/\/www.webdo.tn\/fr\/actualite\/national\/un-yacht-appartenant-a-kais-ben-ali-saisi-a-lampedusa\/172789\/","url":"https:\/\/www.webdo.tn\/fr\/actualite\/national\/un-yacht-appartenant-a-kais-ben-ali-saisi-a-lampedusa\/172789\/","name":"Un yacht appartenant \u00e0 Kais Ben Ali, saisi \u00e0 Lampedusa","isPartOf":{"@id":"https:\/\/www.webdo.tn\/fr\/#website"},"primaryImageOfPage":{"@id":"https:\/\/www.webdo.tn\/fr\/actualite\/national\/un-yacht-appartenant-a-kais-ben-ali-saisi-a-lampedusa\/172789\/#primaryimage"},"image":{"@id":"https:\/\/www.webdo.tn\/fr\/actualite\/national\/un-yacht-appartenant-a-kais-ben-ali-saisi-a-lampedusa\/172789\/#primaryimage"},"thumbnailUrl":"https:\/\/www.webdo.tn\/fr\/wp-content\/uploads\/2011\/06\/Atlantique-43.jpg","datePublished":"2011-06-01T12:47:00+00:00","description":"Un yacht appartenant \u00e0 Kais Ben Ali, saisi \u00e0 Lampedusa","breadcrumb":{"@id":"https:\/\/www.webdo.tn\/fr\/actualite\/national\/un-yacht-appartenant-a-kais-ben-ali-saisi-a-lampedusa\/172789\/#breadcrumb"},"inLanguage":"fr-FR","potentialAction":[{"@type":"ReadAction","target":["https:\/\/www.webdo.tn\/fr\/actualite\/national\/un-yacht-appartenant-a-kais-ben-ali-saisi-a-lampedusa\/172789\/"]}]},{"@type":"ImageObject","inLanguage":"fr-FR","@id":"https:\/\/www.webdo.tn\/fr\/actualite\/national\/un-yacht-appartenant-a-kais-ben-ali-saisi-a-lampedusa\/172789\/#primaryimage","url":"https:\/\/www.webdo.tn\/fr\/wp-content\/uploads\/2011\/06\/Atlantique-43.jpg","contentUrl":"https:\/\/www.webdo.tn\/fr\/wp-content\/uploads\/2011\/06\/Atlantique-43.jpg","width":300,"height":199,"caption":"Un yacht appartenant \u00e0 Kais Ben Ali, saisi \u00e0 Lampedusa"},{"@type":"BreadcrumbList","@id":"https:\/\/www.webdo.tn\/fr\/actualite\/national\/un-yacht-appartenant-a-kais-ben-ali-saisi-a-lampedusa\/172789\/#breadcrumb","itemListElement":[{"@type":"ListItem","position":1,"name":"Accueil","item":"https:\/\/www.webdo.tn\/fr\/"},{"@type":"ListItem","position":2,"name":"Un yacht appartenant \u00e0 Kais Ben Ali, saisi \u00e0 Lampedusa"}]},{"@type":"WebSite","@id":"https:\/\/www.webdo.tn\/fr\/#website","url":"https:\/\/www.webdo.tn\/fr\/","name":"webdo","description":"Tunisie - News en Tunisie et \u00e0 l&#039;international sur Webdo.tn","publisher":{"@id":"https:\/\/www.webdo.tn\/fr\/#organization"},"potentialAction":[{"@type":"SearchAction","target":{"@type":"EntryPoint","urlTemplate":"https:\/\/www.webdo.tn\/fr\/?s={search_term_string}"},"query-input":{"@type":"PropertyValueSpecification","valueRequired":true,"valueName":"search_term_string"}}],"inLanguage":"fr-FR"},{"@type":"Organization","@id":"https:\/\/www.webdo.tn\/fr\/#organization","name":"Webdo","alternateName":"Webdo.tn","url":"https:\/\/www.webdo.tn\/fr\/","logo":{"@type":"ImageObject","inLanguage":"fr-FR","@id":"https:\/\/www.webdo.tn\/fr\/#\/schema\/logo\/image\/","url":"https:\/\/www.webdo.tn\/fr\/wp-content\/uploads\/2025\/06\/Webdo-Tunisie_168377.jpg","contentUrl":"https:\/\/www.webdo.tn\/fr\/wp-content\/uploads\/2025\/06\/Webdo-Tunisie_168377.jpg","width":301,"height":301,"caption":"Webdo"},"image":{"@id":"https:\/\/www.webdo.tn\/fr\/#\/schema\/logo\/image\/"},"sameAs":["https:\/\/www.facebook.com\/webdotn","https:\/\/x.com\/webdo_tn"],"description":"Webdo est un m\u00e9dia num\u00e9rique tunisien fond\u00e9 en 2010, sp\u00e9cialis\u00e9 dans l\u2019actualit\u00e9 nationale et internationale, l\u2019\u00e9conomie, la soci\u00e9t\u00e9 et les analyses politiques. Le site s\u2019adresse \u00e0 un large public francophone et couvre l\u2019information tunisienne en temps r\u00e9el.","email":"redac@webdo.tn","legalName":"YNJ SARL","foundingDate":"2010-09-06","numberOfEmployees":{"@type":"QuantitativeValue","minValue":"11","maxValue":"50"}},{"@type":"Person","@id":"https:\/\/www.webdo.tn\/fr\/#\/schema\/person\/9a9c6118d687c117df8ef3cc36a4d175","name":"webdo.tn","image":{"@type":"ImageObject","inLanguage":"fr-FR","@id":"https:\/\/secure.gravatar.com\/avatar\/7ce1f28c0c3bbac99ff550b85ef8e44a6950c6ee24514fb6a5489e51d06f0298?s=96&d=mm&r=g","url":"https:\/\/secure.gravatar.com\/avatar\/7ce1f28c0c3bbac99ff550b85ef8e44a6950c6ee24514fb6a5489e51d06f0298?s=96&d=mm&r=g","contentUrl":"https:\/\/secure.gravatar.com\/avatar\/7ce1f28c0c3bbac99ff550b85ef8e44a6950c6ee24514fb6a5489e51d06f0298?s=96&d=mm&r=g","caption":"webdo.tn"},"url":"https:\/\/www.webdo.tn\/fr\/actualite\/author\/webdotn\/"}]}},"_links":{"self":[{"href":"https:\/\/www.webdo.tn\/fr\/wp-json\/wp\/v2\/posts\/172789","targetHints":{"allow":["GET"]}}],"collection":[{"href":"https:\/\/www.webdo.tn\/fr\/wp-json\/wp\/v2\/posts"}],"about":[{"href":"https:\/\/www.webdo.tn\/fr\/wp-json\/wp\/v2\/types\/post"}],"author":[{"embeddable":true,"href":"https:\/\/www.webdo.tn\/fr\/wp-json\/wp\/v2\/users\/3222"}],"replies":[{"embeddable":true,"href":"https:\/\/www.webdo.tn\/fr\/wp-json\/wp\/v2\/comments?post=172789"}],"version-history":[{"count":0,"href":"https:\/\/www.webdo.tn\/fr\/wp-json\/wp\/v2\/posts\/172789\/revisions"}],"wp:featuredmedia":[{"embeddable":true,"href":"https:\/\/www.webdo.tn\/fr\/wp-json\/wp\/v2\/media\/365919"}],"wp:attachment":[{"href":"https:\/\/www.webdo.tn\/fr\/wp-json\/wp\/v2\/media?parent=172789"}],"wp:term":[{"taxonomy":"category","embeddable":true,"href":"https:\/\/www.webdo.tn\/fr\/wp-json\/wp\/v2\/categories?post=172789"},{"taxonomy":"post_tag","embeddable":true,"href":"https:\/\/www.webdo.tn\/fr\/wp-json\/wp\/v2\/tags?post=172789"}],"curies":[{"name":"wp","href":"https:\/\/api.w.org\/{rel}","templated":true}]}}