{"id":172772,"date":"2011-06-10T09:37:00","date_gmt":"2011-06-10T09:37:00","guid":{"rendered":"https:\/\/www.webdo.tn\/fr\/actualite\/blog\/les-avoirs-de-ben-ali-peuvent-ils-etre-vraiment-recuperes-par-letat\/172772\/"},"modified":"2011-06-10T09:37:00","modified_gmt":"2011-06-10T09:37:00","slug":"les-avoirs-de-ben-ali-peuvent-ils-etre-vraiment-recuperes-par-letat","status":"publish","type":"post","link":"https:\/\/www.webdo.tn\/fr\/actualite\/national\/les-avoirs-de-ben-ali-peuvent-ils-etre-vraiment-recuperes-par-letat\/172772\/","title":{"rendered":"Les avoirs de Ben Ali peuvent-ils \u00eatre vraiment r\u00e9cup\u00e9r\u00e9s par l\u2019\u00c9tat ?"},"content":{"rendered":"<p>Avant-hier mercredi, peu apr\u00e8s le point de presse qu\u2019il a accord\u00e9 au Palais des congr\u00e8s, le Premier ministre, B\u00e9ji Ca\u00efd Essebsi a re\u00e7u, selon la TAP, au palais du gouvernement de La Kasba, Jean Ziegler, vice-pr\u00e9sident du comit\u00e9 consultatif du conseil des droits de l\u2019Homme de l\u2019ONU, ainsi que Samir Remadi, pr\u00e9sident de l\u2019Association tunisienne pour la transparence financi\u00e8re.<\/p>\n<p>La restitution \u00e0 la Tunisie des fonds d\u00e9pos\u00e9s dans certaines banques \u00e9trang\u00e8res, au nom de Ben Ali ou des membres de sa famille, \u00e9tait le sujet principal de cet entretien ; entretien pendant lequel il a \u00e9t\u00e9 soulign\u00e9 que les avoirs d\u00e9clar\u00e9s par les autorit\u00e9s suisses \u00e9taient estim\u00e9s \u00e0 90 millions de dinars tunisiens.<\/p>\n<p>D&rsquo;autre part, Samir Remadi a affirm\u00e9 qu&rsquo;il existait diff\u00e9rents comptes : nominatifs, cod\u00e9s, et des soci\u00e9t\u00e9s pr\u00eate-noms relevant du pr\u00e9sident d\u00e9chu et de sa famille qui n&rsquo;ont pas \u00e9t\u00e9 d\u00e9clar\u00e9s par le gouvernement helv\u00e9tique. Le m\u00eame processus devrait \u00eatre suivi pour les avoirs de la famille de l\u2019ex-pr\u00e9sident dans les banques des autres pays.<\/p>\n<p>Si ces d\u00e9clarations du pr\u00e9sident de l&rsquo;Association tunisienne pour la transparence financi\u00e8re rassurent, quelque part, quant aux efforts mis en place pour r\u00e9cup\u00e9rer l&rsquo;argent de la Tunisie, la proc\u00e9dure ne serait pas si simple que \u00e7a, d\u2019apr\u00e8s le quotidien fran\u00e7ais Le Monde.<\/p>\n<p>En effet, trois \u00e9tapes sont indispensables pour la Tunisie (et l&rsquo;\u00c9gypte d\u2019ailleurs) afin de r\u00e9cup\u00e9rer son d\u00fb: le recensement des avoirs, l\u2019action en justice et la restitution des avoirs \u00e0 leur pays d\u2019origine. <\/p>\n<p>Or, rien que dans la phase de recensement, la Tunisie a du mal. La fortune de Ben Ali serait (mais rien n\u2019est s\u00fbr \u00e9videmment) dispers\u00e9e entre la Suisse, le Qatar, le Liban, l\u2019Argentine, la France, Les E.A.U et Malte. N\u00e9anmoins, ce recensement n&rsquo;est pas si facile que \u00e7a. En effet, au Moyen Orient, il est connu que certaines r\u00e9gions off shore sont peu coop\u00e9ratives \u00e0 ce sujet. De m\u00eame, il existe des juridictions (comme le Delaware aux \u00c9tats-Unis) qui cachent l&rsquo;identit\u00e9 des actionnaires de fondations. M\u00eame l&rsquo;Union europ\u00e9enne, qui se veut comme de bonne foi et soutenant les r\u00e9volutions tunisienne et \u00e9gyptienne, repr\u00e9sente actuellement l&rsquo;espace \u00e9conomique qui contient le plus de paradis fiscaux. <\/p>\n<p>Par ailleurs, une fois ces obstacles franchis, le reste de la proc\u00e9dure ne devrait pas poser de probl\u00e8me. Prenons encore une fois la Suisse comme exemple : au cours des 15 derni\u00e8res ann\u00e9es, l\u2019\u00c9tat helv\u00e9tique a restitu\u00e9 l&rsquo;\u00e9quivalent 2,21 milliards de dinars aux \u00c9tats qui \u00e9taient dans la m\u00eame situation que la Tunisie. Ce qui laisse entrevoir un espoir sur la coop\u00e9ration de l\u2019\u00c9tat suisse.<\/p>\n<p>Enfin, une statistique, pas tr\u00e8s optimiste \u00e0 vrai dire. Lors du Forum mondial sur le recouvrement des avoirs vol\u00e9s, qui s\u2019est tenu en juin dernier, il a \u00e9t\u00e9 r\u00e9v\u00e9l\u00e9 que seuls 2 % des avoirs mal acquis ont \u00e9t\u00e9 gel\u00e9s ou restitu\u00e9s \u00e0 leurs pays\u2026<\/p>\n","protected":false},"excerpt":{"rendered":"<p>Les avoirs de Ben Ali peuvent-ils \u00eatre vraiment r\u00e9cup\u00e9r\u00e9s par l\u2019\u00c9tat ?<\/p>\n","protected":false},"author":3222,"featured_media":365926,"comment_status":"open","ping_status":"closed","sticky":false,"template":"","format":"standard","meta":{"footnotes":""},"categories":[44],"tags":[],"class_list":["post-172772","post","type-post","status-publish","format-standard","has-post-thumbnail","hentry","category-national"],"yoast_head":"<!-- This site is optimized with the Yoast SEO Premium plugin v27.4 (Yoast SEO v27.5) - https:\/\/yoast.com\/product\/yoast-seo-premium-wordpress\/ -->\n<title>Les avoirs de Ben Ali peuvent-ils \u00eatre vraiment r\u00e9cup\u00e9r\u00e9s par l\u2019\u00c9tat ?<\/title>\n<meta name=\"description\" content=\"Les avoirs de Ben Ali peuvent-ils \u00eatre vraiment r\u00e9cup\u00e9r\u00e9s par l\u2019\u00c9tat ?\" \/>\n<link rel=\"canonical\" href=\"https:\/\/www.webdo.tn\/fr\/actualite\/national\/les-avoirs-de-ben-ali-peuvent-ils-etre-vraiment-recuperes-par-letat\/172772\/\" \/>\n<meta property=\"og:locale\" content=\"fr_FR\" \/>\n<meta property=\"og:type\" content=\"article\" \/>\n<meta property=\"og:title\" content=\"Les avoirs de Ben Ali peuvent-ils \u00eatre vraiment r\u00e9cup\u00e9r\u00e9s par l\u2019\u00c9tat ?\" \/>\n<meta property=\"og:description\" content=\"Les avoirs de Ben Ali peuvent-ils \u00eatre vraiment r\u00e9cup\u00e9r\u00e9s par l\u2019\u00c9tat ?\" \/>\n<meta property=\"og:url\" content=\"https:\/\/www.webdo.tn\/fr\/actualite\/national\/les-avoirs-de-ben-ali-peuvent-ils-etre-vraiment-recuperes-par-letat\/172772\/\" \/>\n<meta property=\"og:site_name\" content=\"webdo\" \/>\n<meta property=\"article:publisher\" content=\"https:\/\/www.facebook.com\/webdotn\" \/>\n<meta property=\"article:published_time\" content=\"2011-06-10T09:37:00+00:00\" \/>\n<meta property=\"og:image\" content=\"https:\/\/www.webdo.tn\/fr\/wp-content\/uploads\/2011\/06\/les-avoirs-de-Ben-Ali.jpg\" \/>\n\t<meta property=\"og:image:width\" content=\"315\" \/>\n\t<meta property=\"og:image:height\" content=\"210\" \/>\n\t<meta property=\"og:image:type\" content=\"image\/jpeg\" \/>\n<meta name=\"author\" content=\"webdo.tn\" \/>\n<meta name=\"twitter:card\" content=\"summary_large_image\" \/>\n<meta name=\"twitter:creator\" content=\"@webdo_tn\" \/>\n<meta name=\"twitter:site\" content=\"@webdo_tn\" \/>\n<meta name=\"twitter:label1\" content=\"\u00c9crit par\" \/>\n\t<meta name=\"twitter:data1\" content=\"webdo.tn\" \/>\n\t<meta name=\"twitter:label2\" content=\"Dur\u00e9e de lecture estim\u00e9e\" \/>\n\t<meta name=\"twitter:data2\" content=\"3 minutes\" \/>\n<script type=\"application\/ld+json\" class=\"yoast-schema-graph\">{\"@context\":\"https:\\\/\\\/schema.org\",\"@graph\":[{\"@type\":\"NewsArticle\",\"@id\":\"https:\\\/\\\/www.webdo.tn\\\/fr\\\/actualite\\\/national\\\/les-avoirs-de-ben-ali-peuvent-ils-etre-vraiment-recuperes-par-letat\\\/172772\\\/#article\",\"isPartOf\":{\"@id\":\"https:\\\/\\\/www.webdo.tn\\\/fr\\\/actualite\\\/national\\\/les-avoirs-de-ben-ali-peuvent-ils-etre-vraiment-recuperes-par-letat\\\/172772\\\/\"},\"author\":{\"name\":\"webdo.tn\",\"@id\":\"https:\\\/\\\/www.webdo.tn\\\/fr\\\/#\\\/schema\\\/person\\\/9a9c6118d687c117df8ef3cc36a4d175\"},\"headline\":\"Les avoirs de Ben Ali peuvent-ils \u00eatre vraiment r\u00e9cup\u00e9r\u00e9s par l\u2019\u00c9tat ?\",\"datePublished\":\"2011-06-10T09:37:00+00:00\",\"mainEntityOfPage\":{\"@id\":\"https:\\\/\\\/www.webdo.tn\\\/fr\\\/actualite\\\/national\\\/les-avoirs-de-ben-ali-peuvent-ils-etre-vraiment-recuperes-par-letat\\\/172772\\\/\"},\"wordCount\":553,\"commentCount\":0,\"publisher\":{\"@id\":\"https:\\\/\\\/www.webdo.tn\\\/fr\\\/#organization\"},\"image\":{\"@id\":\"https:\\\/\\\/www.webdo.tn\\\/fr\\\/actualite\\\/national\\\/les-avoirs-de-ben-ali-peuvent-ils-etre-vraiment-recuperes-par-letat\\\/172772\\\/#primaryimage\"},\"thumbnailUrl\":\"https:\\\/\\\/www.webdo.tn\\\/fr\\\/wp-content\\\/uploads\\\/2011\\\/06\\\/les-avoirs-de-Ben-Ali.jpg\",\"articleSection\":[\"National\"],\"inLanguage\":\"fr-FR\"},{\"@type\":\"WebPage\",\"@id\":\"https:\\\/\\\/www.webdo.tn\\\/fr\\\/actualite\\\/national\\\/les-avoirs-de-ben-ali-peuvent-ils-etre-vraiment-recuperes-par-letat\\\/172772\\\/\",\"url\":\"https:\\\/\\\/www.webdo.tn\\\/fr\\\/actualite\\\/national\\\/les-avoirs-de-ben-ali-peuvent-ils-etre-vraiment-recuperes-par-letat\\\/172772\\\/\",\"name\":\"Les avoirs de Ben Ali peuvent-ils \u00eatre vraiment r\u00e9cup\u00e9r\u00e9s par l\u2019\u00c9tat ?\",\"isPartOf\":{\"@id\":\"https:\\\/\\\/www.webdo.tn\\\/fr\\\/#website\"},\"primaryImageOfPage\":{\"@id\":\"https:\\\/\\\/www.webdo.tn\\\/fr\\\/actualite\\\/national\\\/les-avoirs-de-ben-ali-peuvent-ils-etre-vraiment-recuperes-par-letat\\\/172772\\\/#primaryimage\"},\"image\":{\"@id\":\"https:\\\/\\\/www.webdo.tn\\\/fr\\\/actualite\\\/national\\\/les-avoirs-de-ben-ali-peuvent-ils-etre-vraiment-recuperes-par-letat\\\/172772\\\/#primaryimage\"},\"thumbnailUrl\":\"https:\\\/\\\/www.webdo.tn\\\/fr\\\/wp-content\\\/uploads\\\/2011\\\/06\\\/les-avoirs-de-Ben-Ali.jpg\",\"datePublished\":\"2011-06-10T09:37:00+00:00\",\"description\":\"Les avoirs de Ben Ali peuvent-ils \u00eatre vraiment r\u00e9cup\u00e9r\u00e9s par l\u2019\u00c9tat ?\",\"breadcrumb\":{\"@id\":\"https:\\\/\\\/www.webdo.tn\\\/fr\\\/actualite\\\/national\\\/les-avoirs-de-ben-ali-peuvent-ils-etre-vraiment-recuperes-par-letat\\\/172772\\\/#breadcrumb\"},\"inLanguage\":\"fr-FR\",\"potentialAction\":[{\"@type\":\"ReadAction\",\"target\":[\"https:\\\/\\\/www.webdo.tn\\\/fr\\\/actualite\\\/national\\\/les-avoirs-de-ben-ali-peuvent-ils-etre-vraiment-recuperes-par-letat\\\/172772\\\/\"]}]},{\"@type\":\"ImageObject\",\"inLanguage\":\"fr-FR\",\"@id\":\"https:\\\/\\\/www.webdo.tn\\\/fr\\\/actualite\\\/national\\\/les-avoirs-de-ben-ali-peuvent-ils-etre-vraiment-recuperes-par-letat\\\/172772\\\/#primaryimage\",\"url\":\"https:\\\/\\\/www.webdo.tn\\\/fr\\\/wp-content\\\/uploads\\\/2011\\\/06\\\/les-avoirs-de-Ben-Ali.jpg\",\"contentUrl\":\"https:\\\/\\\/www.webdo.tn\\\/fr\\\/wp-content\\\/uploads\\\/2011\\\/06\\\/les-avoirs-de-Ben-Ali.jpg\",\"width\":315,\"height\":210,\"caption\":\"Les avoirs de Ben Ali peuvent-ils \u00eatre vraiment r\u00e9cup\u00e9r\u00e9s par l\u2019\u00c9tat ?\"},{\"@type\":\"BreadcrumbList\",\"@id\":\"https:\\\/\\\/www.webdo.tn\\\/fr\\\/actualite\\\/national\\\/les-avoirs-de-ben-ali-peuvent-ils-etre-vraiment-recuperes-par-letat\\\/172772\\\/#breadcrumb\",\"itemListElement\":[{\"@type\":\"ListItem\",\"position\":1,\"name\":\"Accueil\",\"item\":\"https:\\\/\\\/www.webdo.tn\\\/fr\\\/\"},{\"@type\":\"ListItem\",\"position\":2,\"name\":\"Les avoirs de Ben Ali peuvent-ils \u00eatre vraiment r\u00e9cup\u00e9r\u00e9s par l\u2019\u00c9tat ?\"}]},{\"@type\":\"WebSite\",\"@id\":\"https:\\\/\\\/www.webdo.tn\\\/fr\\\/#website\",\"url\":\"https:\\\/\\\/www.webdo.tn\\\/fr\\\/\",\"name\":\"webdo\",\"description\":\"Tunisie - News en Tunisie et \u00e0 l&#039;international sur Webdo.tn\",\"publisher\":{\"@id\":\"https:\\\/\\\/www.webdo.tn\\\/fr\\\/#organization\"},\"potentialAction\":[{\"@type\":\"SearchAction\",\"target\":{\"@type\":\"EntryPoint\",\"urlTemplate\":\"https:\\\/\\\/www.webdo.tn\\\/fr\\\/?s={search_term_string}\"},\"query-input\":{\"@type\":\"PropertyValueSpecification\",\"valueRequired\":true,\"valueName\":\"search_term_string\"}}],\"inLanguage\":\"fr-FR\"},{\"@type\":\"Organization\",\"@id\":\"https:\\\/\\\/www.webdo.tn\\\/fr\\\/#organization\",\"name\":\"Webdo\",\"alternateName\":\"Webdo.tn\",\"url\":\"https:\\\/\\\/www.webdo.tn\\\/fr\\\/\",\"logo\":{\"@type\":\"ImageObject\",\"inLanguage\":\"fr-FR\",\"@id\":\"https:\\\/\\\/www.webdo.tn\\\/fr\\\/#\\\/schema\\\/logo\\\/image\\\/\",\"url\":\"https:\\\/\\\/www.webdo.tn\\\/fr\\\/wp-content\\\/uploads\\\/2025\\\/06\\\/Webdo-Tunisie_168377.jpg\",\"contentUrl\":\"https:\\\/\\\/www.webdo.tn\\\/fr\\\/wp-content\\\/uploads\\\/2025\\\/06\\\/Webdo-Tunisie_168377.jpg\",\"width\":301,\"height\":301,\"caption\":\"Webdo\"},\"image\":{\"@id\":\"https:\\\/\\\/www.webdo.tn\\\/fr\\\/#\\\/schema\\\/logo\\\/image\\\/\"},\"sameAs\":[\"https:\\\/\\\/www.facebook.com\\\/webdotn\",\"https:\\\/\\\/x.com\\\/webdo_tn\"],\"description\":\"Webdo est un m\u00e9dia num\u00e9rique tunisien fond\u00e9 en 2010, sp\u00e9cialis\u00e9 dans l\u2019actualit\u00e9 nationale et internationale, l\u2019\u00e9conomie, la soci\u00e9t\u00e9 et les analyses politiques. Le site s\u2019adresse \u00e0 un large public francophone et couvre l\u2019information tunisienne en temps r\u00e9el.\",\"email\":\"redac@webdo.tn\",\"legalName\":\"YNJ SARL\",\"foundingDate\":\"2010-09-06\",\"numberOfEmployees\":{\"@type\":\"QuantitativeValue\",\"minValue\":\"11\",\"maxValue\":\"50\"}},{\"@type\":\"Person\",\"@id\":\"https:\\\/\\\/www.webdo.tn\\\/fr\\\/#\\\/schema\\\/person\\\/9a9c6118d687c117df8ef3cc36a4d175\",\"name\":\"webdo.tn\",\"image\":{\"@type\":\"ImageObject\",\"inLanguage\":\"fr-FR\",\"@id\":\"https:\\\/\\\/secure.gravatar.com\\\/avatar\\\/7ce1f28c0c3bbac99ff550b85ef8e44a6950c6ee24514fb6a5489e51d06f0298?s=96&d=mm&r=g\",\"url\":\"https:\\\/\\\/secure.gravatar.com\\\/avatar\\\/7ce1f28c0c3bbac99ff550b85ef8e44a6950c6ee24514fb6a5489e51d06f0298?s=96&d=mm&r=g\",\"contentUrl\":\"https:\\\/\\\/secure.gravatar.com\\\/avatar\\\/7ce1f28c0c3bbac99ff550b85ef8e44a6950c6ee24514fb6a5489e51d06f0298?s=96&d=mm&r=g\",\"caption\":\"webdo.tn\"},\"url\":\"https:\\\/\\\/www.webdo.tn\\\/fr\\\/actualite\\\/author\\\/webdotn\\\/\"}]}<\/script>\n<!-- \/ Yoast SEO Premium plugin. -->","yoast_head_json":{"title":"Les avoirs de Ben Ali peuvent-ils \u00eatre vraiment r\u00e9cup\u00e9r\u00e9s par l\u2019\u00c9tat ?","description":"Les avoirs de Ben Ali peuvent-ils \u00eatre vraiment r\u00e9cup\u00e9r\u00e9s par l\u2019\u00c9tat ?","canonical":"https:\/\/www.webdo.tn\/fr\/actualite\/national\/les-avoirs-de-ben-ali-peuvent-ils-etre-vraiment-recuperes-par-letat\/172772\/","og_locale":"fr_FR","og_type":"article","og_title":"Les avoirs de Ben Ali peuvent-ils \u00eatre vraiment r\u00e9cup\u00e9r\u00e9s par l\u2019\u00c9tat ?","og_description":"Les avoirs de Ben Ali peuvent-ils \u00eatre vraiment r\u00e9cup\u00e9r\u00e9s par l\u2019\u00c9tat ?","og_url":"https:\/\/www.webdo.tn\/fr\/actualite\/national\/les-avoirs-de-ben-ali-peuvent-ils-etre-vraiment-recuperes-par-letat\/172772\/","og_site_name":"webdo","article_publisher":"https:\/\/www.facebook.com\/webdotn","article_published_time":"2011-06-10T09:37:00+00:00","og_image":[{"width":315,"height":210,"url":"https:\/\/www.webdo.tn\/fr\/wp-content\/uploads\/2011\/06\/les-avoirs-de-Ben-Ali.jpg","type":"image\/jpeg"}],"author":"webdo.tn","twitter_card":"summary_large_image","twitter_creator":"@webdo_tn","twitter_site":"@webdo_tn","twitter_misc":{"\u00c9crit par":"webdo.tn","Dur\u00e9e de lecture estim\u00e9e":"3 minutes"},"schema":{"@context":"https:\/\/schema.org","@graph":[{"@type":"NewsArticle","@id":"https:\/\/www.webdo.tn\/fr\/actualite\/national\/les-avoirs-de-ben-ali-peuvent-ils-etre-vraiment-recuperes-par-letat\/172772\/#article","isPartOf":{"@id":"https:\/\/www.webdo.tn\/fr\/actualite\/national\/les-avoirs-de-ben-ali-peuvent-ils-etre-vraiment-recuperes-par-letat\/172772\/"},"author":{"name":"webdo.tn","@id":"https:\/\/www.webdo.tn\/fr\/#\/schema\/person\/9a9c6118d687c117df8ef3cc36a4d175"},"headline":"Les avoirs de Ben Ali peuvent-ils \u00eatre vraiment r\u00e9cup\u00e9r\u00e9s par l\u2019\u00c9tat ?","datePublished":"2011-06-10T09:37:00+00:00","mainEntityOfPage":{"@id":"https:\/\/www.webdo.tn\/fr\/actualite\/national\/les-avoirs-de-ben-ali-peuvent-ils-etre-vraiment-recuperes-par-letat\/172772\/"},"wordCount":553,"commentCount":0,"publisher":{"@id":"https:\/\/www.webdo.tn\/fr\/#organization"},"image":{"@id":"https:\/\/www.webdo.tn\/fr\/actualite\/national\/les-avoirs-de-ben-ali-peuvent-ils-etre-vraiment-recuperes-par-letat\/172772\/#primaryimage"},"thumbnailUrl":"https:\/\/www.webdo.tn\/fr\/wp-content\/uploads\/2011\/06\/les-avoirs-de-Ben-Ali.jpg","articleSection":["National"],"inLanguage":"fr-FR"},{"@type":"WebPage","@id":"https:\/\/www.webdo.tn\/fr\/actualite\/national\/les-avoirs-de-ben-ali-peuvent-ils-etre-vraiment-recuperes-par-letat\/172772\/","url":"https:\/\/www.webdo.tn\/fr\/actualite\/national\/les-avoirs-de-ben-ali-peuvent-ils-etre-vraiment-recuperes-par-letat\/172772\/","name":"Les avoirs de Ben Ali peuvent-ils \u00eatre vraiment r\u00e9cup\u00e9r\u00e9s par l\u2019\u00c9tat ?","isPartOf":{"@id":"https:\/\/www.webdo.tn\/fr\/#website"},"primaryImageOfPage":{"@id":"https:\/\/www.webdo.tn\/fr\/actualite\/national\/les-avoirs-de-ben-ali-peuvent-ils-etre-vraiment-recuperes-par-letat\/172772\/#primaryimage"},"image":{"@id":"https:\/\/www.webdo.tn\/fr\/actualite\/national\/les-avoirs-de-ben-ali-peuvent-ils-etre-vraiment-recuperes-par-letat\/172772\/#primaryimage"},"thumbnailUrl":"https:\/\/www.webdo.tn\/fr\/wp-content\/uploads\/2011\/06\/les-avoirs-de-Ben-Ali.jpg","datePublished":"2011-06-10T09:37:00+00:00","description":"Les avoirs de Ben Ali peuvent-ils \u00eatre vraiment r\u00e9cup\u00e9r\u00e9s par l\u2019\u00c9tat ?","breadcrumb":{"@id":"https:\/\/www.webdo.tn\/fr\/actualite\/national\/les-avoirs-de-ben-ali-peuvent-ils-etre-vraiment-recuperes-par-letat\/172772\/#breadcrumb"},"inLanguage":"fr-FR","potentialAction":[{"@type":"ReadAction","target":["https:\/\/www.webdo.tn\/fr\/actualite\/national\/les-avoirs-de-ben-ali-peuvent-ils-etre-vraiment-recuperes-par-letat\/172772\/"]}]},{"@type":"ImageObject","inLanguage":"fr-FR","@id":"https:\/\/www.webdo.tn\/fr\/actualite\/national\/les-avoirs-de-ben-ali-peuvent-ils-etre-vraiment-recuperes-par-letat\/172772\/#primaryimage","url":"https:\/\/www.webdo.tn\/fr\/wp-content\/uploads\/2011\/06\/les-avoirs-de-Ben-Ali.jpg","contentUrl":"https:\/\/www.webdo.tn\/fr\/wp-content\/uploads\/2011\/06\/les-avoirs-de-Ben-Ali.jpg","width":315,"height":210,"caption":"Les avoirs de Ben Ali peuvent-ils \u00eatre vraiment r\u00e9cup\u00e9r\u00e9s par l\u2019\u00c9tat ?"},{"@type":"BreadcrumbList","@id":"https:\/\/www.webdo.tn\/fr\/actualite\/national\/les-avoirs-de-ben-ali-peuvent-ils-etre-vraiment-recuperes-par-letat\/172772\/#breadcrumb","itemListElement":[{"@type":"ListItem","position":1,"name":"Accueil","item":"https:\/\/www.webdo.tn\/fr\/"},{"@type":"ListItem","position":2,"name":"Les avoirs de Ben Ali peuvent-ils \u00eatre vraiment r\u00e9cup\u00e9r\u00e9s par l\u2019\u00c9tat ?"}]},{"@type":"WebSite","@id":"https:\/\/www.webdo.tn\/fr\/#website","url":"https:\/\/www.webdo.tn\/fr\/","name":"webdo","description":"Tunisie - News en Tunisie et \u00e0 l&#039;international sur Webdo.tn","publisher":{"@id":"https:\/\/www.webdo.tn\/fr\/#organization"},"potentialAction":[{"@type":"SearchAction","target":{"@type":"EntryPoint","urlTemplate":"https:\/\/www.webdo.tn\/fr\/?s={search_term_string}"},"query-input":{"@type":"PropertyValueSpecification","valueRequired":true,"valueName":"search_term_string"}}],"inLanguage":"fr-FR"},{"@type":"Organization","@id":"https:\/\/www.webdo.tn\/fr\/#organization","name":"Webdo","alternateName":"Webdo.tn","url":"https:\/\/www.webdo.tn\/fr\/","logo":{"@type":"ImageObject","inLanguage":"fr-FR","@id":"https:\/\/www.webdo.tn\/fr\/#\/schema\/logo\/image\/","url":"https:\/\/www.webdo.tn\/fr\/wp-content\/uploads\/2025\/06\/Webdo-Tunisie_168377.jpg","contentUrl":"https:\/\/www.webdo.tn\/fr\/wp-content\/uploads\/2025\/06\/Webdo-Tunisie_168377.jpg","width":301,"height":301,"caption":"Webdo"},"image":{"@id":"https:\/\/www.webdo.tn\/fr\/#\/schema\/logo\/image\/"},"sameAs":["https:\/\/www.facebook.com\/webdotn","https:\/\/x.com\/webdo_tn"],"description":"Webdo est un m\u00e9dia num\u00e9rique tunisien fond\u00e9 en 2010, sp\u00e9cialis\u00e9 dans l\u2019actualit\u00e9 nationale et internationale, l\u2019\u00e9conomie, la soci\u00e9t\u00e9 et les analyses politiques. Le site s\u2019adresse \u00e0 un large public francophone et couvre l\u2019information tunisienne en temps r\u00e9el.","email":"redac@webdo.tn","legalName":"YNJ SARL","foundingDate":"2010-09-06","numberOfEmployees":{"@type":"QuantitativeValue","minValue":"11","maxValue":"50"}},{"@type":"Person","@id":"https:\/\/www.webdo.tn\/fr\/#\/schema\/person\/9a9c6118d687c117df8ef3cc36a4d175","name":"webdo.tn","image":{"@type":"ImageObject","inLanguage":"fr-FR","@id":"https:\/\/secure.gravatar.com\/avatar\/7ce1f28c0c3bbac99ff550b85ef8e44a6950c6ee24514fb6a5489e51d06f0298?s=96&d=mm&r=g","url":"https:\/\/secure.gravatar.com\/avatar\/7ce1f28c0c3bbac99ff550b85ef8e44a6950c6ee24514fb6a5489e51d06f0298?s=96&d=mm&r=g","contentUrl":"https:\/\/secure.gravatar.com\/avatar\/7ce1f28c0c3bbac99ff550b85ef8e44a6950c6ee24514fb6a5489e51d06f0298?s=96&d=mm&r=g","caption":"webdo.tn"},"url":"https:\/\/www.webdo.tn\/fr\/actualite\/author\/webdotn\/"}]}},"_links":{"self":[{"href":"https:\/\/www.webdo.tn\/fr\/wp-json\/wp\/v2\/posts\/172772","targetHints":{"allow":["GET"]}}],"collection":[{"href":"https:\/\/www.webdo.tn\/fr\/wp-json\/wp\/v2\/posts"}],"about":[{"href":"https:\/\/www.webdo.tn\/fr\/wp-json\/wp\/v2\/types\/post"}],"author":[{"embeddable":true,"href":"https:\/\/www.webdo.tn\/fr\/wp-json\/wp\/v2\/users\/3222"}],"replies":[{"embeddable":true,"href":"https:\/\/www.webdo.tn\/fr\/wp-json\/wp\/v2\/comments?post=172772"}],"version-history":[{"count":0,"href":"https:\/\/www.webdo.tn\/fr\/wp-json\/wp\/v2\/posts\/172772\/revisions"}],"wp:featuredmedia":[{"embeddable":true,"href":"https:\/\/www.webdo.tn\/fr\/wp-json\/wp\/v2\/media\/365926"}],"wp:attachment":[{"href":"https:\/\/www.webdo.tn\/fr\/wp-json\/wp\/v2\/media?parent=172772"}],"wp:term":[{"taxonomy":"category","embeddable":true,"href":"https:\/\/www.webdo.tn\/fr\/wp-json\/wp\/v2\/categories?post=172772"},{"taxonomy":"post_tag","embeddable":true,"href":"https:\/\/www.webdo.tn\/fr\/wp-json\/wp\/v2\/tags?post=172772"}],"curies":[{"name":"wp","href":"https:\/\/api.w.org\/{rel}","templated":true}]}}