{"id":172739,"date":"2011-06-23T15:27:00","date_gmt":"2011-06-23T15:27:00","guid":{"rendered":"https:\/\/www.webdo.tn\/fr\/actualite\/blog\/sakher-se-cachait-derriere-la-religion-ca-on-le-sait\/172739\/"},"modified":"2011-06-23T15:27:00","modified_gmt":"2011-06-23T15:27:00","slug":"sakher-se-cachait-derriere-la-religion-ca-on-le-sait","status":"publish","type":"post","link":"https:\/\/www.webdo.tn\/fr\/actualite\/national\/sakher-se-cachait-derriere-la-religion-ca-on-le-sait\/172739\/","title":{"rendered":"Sakher se cachait derri\u00e8re la religion, \u00e7a on le sait&#8230;"},"content":{"rendered":"<p>Du temps de la domination des clans Ben Ali, Trabelsi et consorts, tous les membres de ces familles mafieuses se sont partag\u00e9 tous les projets \u00e9conomiques, en activit\u00e9 ou en chantier, du plus anodin au plus \u00abjuteux\u00bb.<\/p>\n<p>Mais celui qui a eu la part du lion, c\u2019est bien le \u00abpr\u00e9f\u00e9r\u00e9\u00bb du pr\u00e9sident d\u00e9chu, son gendre Mohamed Sakhr El Matri, qui a rapidement gravi les \u00e9chelons du pouvoir, sur les plans politique, en \u00e9tant d\u00e9sign\u00e9 membre du bureau politique du RCD dissous, et \u00e9conomique, en s\u2019impliquant et \u00abinvestissant\u00bb dans plusieurs secteurs, de l\u2019immobilier au tourisme, en passant par la pharmacologie et l\u2019information.<\/p>\n<p>En ce temps-l\u00e0, plusieurs articles et autres commentaires furent publi\u00e9s autour du personnage de Sakhr El Matri, sur son caract\u00e8re pieux et ses rapports avec la religion, sur ses actions, ses projets, son \u00abparcours\u00bb d\u2019homme de bonnes m\u0153urs ; une image qu\u2019il a exploit\u00e9e pour en tirer profit, \u00e9conomiquement et surtout frauduleusement par ses innombrables exactions.<\/p>\n<p>Entre autre cet article sur Facebook en langue arabe publi\u00e9 en 2010 et qui a eu, paradoxalement, beaucoup d\u2019\u00e9chos favorables et bon nombre (650) de commentaires \u00e9logieux\u2026<\/p>\n<p>Un embl\u00e8me de ce genre de personnage que tout le monde conna\u00eet chez ceux qui veulent tirer profit des autres en jouant sur cette fibre religieuse pour amasser une fortune colossale sur le dos des citoyens ou arriver \u00e0 leurs fins qu\u2019elles soient politiques, \u00e9conomiques ou autres. Et c\u2019est sous ce couvert fort \u00abconvaincant\u00bb qu\u2019il a pu monter ses projets diaboliques, profiter de financements exceptionnels et jouir d\u2019avantages administratifs et douaniers divers, en plus de la complicit\u00e9 de tout le pouvoir corrompu en place qui lui facilita la t\u00e2che et lui ouvrit toutes les portes, prenant tous les Tunisiens pour des na\u00effs et des dupes en leur faisant avaler la pilule de la religion\u2026<\/p>\n<p>A ce jour, il continue \u00e0 accaparer les esprits et \u00e0 attiser la curiosit\u00e9 des uns et des autres sur sa vraie personnalit\u00e9 et son vrai visage de \u00abbon\u00bb ou de \u00abmauvais\u00bb musulman ?<\/p>\n<p>Ainsi, l\u2019autre grand projet pour lequel il s\u2019\u00e9tait fait remettre des milliards sous forme de pr\u00eats (Dieu seul sait s\u2019ils seront rembours\u00e9s ou pas \u2026 ?), c\u2019est celui de sa \u00abBanque islamique\u00bb, la banque Ezzitouna. Une institution financi\u00e8re bas\u00e9e sur la gestion islamique de l\u2019argent, la premi\u00e8re de ce genre dans le pays, Sakhr El Matri se pr\u00e9sentant comme un bon musulman, servant pieusement le Dieu et ses fid\u00e8les. Actes \u00abb\u00e9n\u00e9voles\u00bb, choix \u00abreligieux\u00bb allant jusqu\u2019au \u00abpr\u00eache\u00bb.<\/p>\n<p>Heureusement que la r\u00e9volution est arriv\u00e9 au bon moment pour mettre \u00e0 nu les projets sataniques de ces clans visant \u00e0 mettre la main sur tous les secteurs de l\u2019\u00e9conomie sans exception et en soutirant le maximum de profits et d\u2019argent.<\/p>\n","protected":false},"excerpt":{"rendered":"<p>Sakher se cachait derri\u00e8re la religion, \u00e7a on le sait&#8230;<\/p>\n","protected":false},"author":3222,"featured_media":365271,"comment_status":"open","ping_status":"closed","sticky":false,"template":"","format":"standard","meta":{"footnotes":""},"categories":[44],"tags":[],"class_list":["post-172739","post","type-post","status-publish","format-standard","has-post-thumbnail","hentry","category-national"],"yoast_head":"<!-- This site is optimized with the Yoast SEO Premium plugin v27.4 (Yoast SEO v27.5) - https:\/\/yoast.com\/product\/yoast-seo-premium-wordpress\/ -->\n<title>Sakher se cachait derri\u00e8re la religion, \u00e7a on le sait...<\/title>\n<meta name=\"description\" content=\"Sakher se cachait derri\u00e8re la religion, \u00e7a on le sait...\" \/>\n<link rel=\"canonical\" href=\"https:\/\/www.webdo.tn\/fr\/actualite\/national\/sakher-se-cachait-derriere-la-religion-ca-on-le-sait\/172739\/\" \/>\n<meta property=\"og:locale\" content=\"fr_FR\" \/>\n<meta property=\"og:type\" content=\"article\" \/>\n<meta property=\"og:title\" content=\"Sakher se cachait derri\u00e8re la religion, \u00e7a on le sait...\" \/>\n<meta property=\"og:description\" content=\"Sakher se cachait derri\u00e8re la religion, \u00e7a on le sait...\" \/>\n<meta property=\"og:url\" content=\"https:\/\/www.webdo.tn\/fr\/actualite\/national\/sakher-se-cachait-derriere-la-religion-ca-on-le-sait\/172739\/\" \/>\n<meta property=\"og:site_name\" content=\"webdo\" \/>\n<meta property=\"article:publisher\" content=\"https:\/\/www.facebook.com\/webdotn\" \/>\n<meta property=\"article:published_time\" content=\"2011-06-23T15:27:00+00:00\" \/>\n<meta property=\"og:image\" content=\"https:\/\/www.webdo.tn\/fr\/wp-content\/uploads\/2011\/06\/Sakher-El-Materi.jpg\" \/>\n\t<meta property=\"og:image:width\" content=\"343\" \/>\n\t<meta property=\"og:image:height\" content=\"210\" \/>\n\t<meta property=\"og:image:type\" content=\"image\/jpeg\" \/>\n<meta name=\"author\" content=\"webdo.tn\" \/>\n<meta name=\"twitter:card\" content=\"summary_large_image\" \/>\n<meta name=\"twitter:creator\" content=\"@webdo_tn\" \/>\n<meta name=\"twitter:site\" content=\"@webdo_tn\" \/>\n<meta name=\"twitter:label1\" content=\"\u00c9crit par\" \/>\n\t<meta name=\"twitter:data1\" content=\"webdo.tn\" \/>\n\t<meta name=\"twitter:label2\" content=\"Dur\u00e9e de lecture estim\u00e9e\" \/>\n\t<meta name=\"twitter:data2\" content=\"2 minutes\" \/>\n<script type=\"application\/ld+json\" class=\"yoast-schema-graph\">{\"@context\":\"https:\\\/\\\/schema.org\",\"@graph\":[{\"@type\":\"NewsArticle\",\"@id\":\"https:\\\/\\\/www.webdo.tn\\\/fr\\\/actualite\\\/national\\\/sakher-se-cachait-derriere-la-religion-ca-on-le-sait\\\/172739\\\/#article\",\"isPartOf\":{\"@id\":\"https:\\\/\\\/www.webdo.tn\\\/fr\\\/actualite\\\/national\\\/sakher-se-cachait-derriere-la-religion-ca-on-le-sait\\\/172739\\\/\"},\"author\":{\"name\":\"webdo.tn\",\"@id\":\"https:\\\/\\\/www.webdo.tn\\\/fr\\\/#\\\/schema\\\/person\\\/9a9c6118d687c117df8ef3cc36a4d175\"},\"headline\":\"Sakher se cachait derri\u00e8re la religion, \u00e7a on le sait&#8230;\",\"datePublished\":\"2011-06-23T15:27:00+00:00\",\"mainEntityOfPage\":{\"@id\":\"https:\\\/\\\/www.webdo.tn\\\/fr\\\/actualite\\\/national\\\/sakher-se-cachait-derriere-la-religion-ca-on-le-sait\\\/172739\\\/\"},\"wordCount\":492,\"commentCount\":0,\"publisher\":{\"@id\":\"https:\\\/\\\/www.webdo.tn\\\/fr\\\/#organization\"},\"image\":{\"@id\":\"https:\\\/\\\/www.webdo.tn\\\/fr\\\/actualite\\\/national\\\/sakher-se-cachait-derriere-la-religion-ca-on-le-sait\\\/172739\\\/#primaryimage\"},\"thumbnailUrl\":\"https:\\\/\\\/www.webdo.tn\\\/fr\\\/wp-content\\\/uploads\\\/2011\\\/06\\\/Sakher-El-Materi.jpg\",\"articleSection\":[\"National\"],\"inLanguage\":\"fr-FR\"},{\"@type\":\"WebPage\",\"@id\":\"https:\\\/\\\/www.webdo.tn\\\/fr\\\/actualite\\\/national\\\/sakher-se-cachait-derriere-la-religion-ca-on-le-sait\\\/172739\\\/\",\"url\":\"https:\\\/\\\/www.webdo.tn\\\/fr\\\/actualite\\\/national\\\/sakher-se-cachait-derriere-la-religion-ca-on-le-sait\\\/172739\\\/\",\"name\":\"Sakher se cachait derri\u00e8re la religion, \u00e7a on le sait...\",\"isPartOf\":{\"@id\":\"https:\\\/\\\/www.webdo.tn\\\/fr\\\/#website\"},\"primaryImageOfPage\":{\"@id\":\"https:\\\/\\\/www.webdo.tn\\\/fr\\\/actualite\\\/national\\\/sakher-se-cachait-derriere-la-religion-ca-on-le-sait\\\/172739\\\/#primaryimage\"},\"image\":{\"@id\":\"https:\\\/\\\/www.webdo.tn\\\/fr\\\/actualite\\\/national\\\/sakher-se-cachait-derriere-la-religion-ca-on-le-sait\\\/172739\\\/#primaryimage\"},\"thumbnailUrl\":\"https:\\\/\\\/www.webdo.tn\\\/fr\\\/wp-content\\\/uploads\\\/2011\\\/06\\\/Sakher-El-Materi.jpg\",\"datePublished\":\"2011-06-23T15:27:00+00:00\",\"description\":\"Sakher se cachait derri\u00e8re la religion, \u00e7a on le sait...\",\"breadcrumb\":{\"@id\":\"https:\\\/\\\/www.webdo.tn\\\/fr\\\/actualite\\\/national\\\/sakher-se-cachait-derriere-la-religion-ca-on-le-sait\\\/172739\\\/#breadcrumb\"},\"inLanguage\":\"fr-FR\",\"potentialAction\":[{\"@type\":\"ReadAction\",\"target\":[\"https:\\\/\\\/www.webdo.tn\\\/fr\\\/actualite\\\/national\\\/sakher-se-cachait-derriere-la-religion-ca-on-le-sait\\\/172739\\\/\"]}]},{\"@type\":\"ImageObject\",\"inLanguage\":\"fr-FR\",\"@id\":\"https:\\\/\\\/www.webdo.tn\\\/fr\\\/actualite\\\/national\\\/sakher-se-cachait-derriere-la-religion-ca-on-le-sait\\\/172739\\\/#primaryimage\",\"url\":\"https:\\\/\\\/www.webdo.tn\\\/fr\\\/wp-content\\\/uploads\\\/2011\\\/06\\\/Sakher-El-Materi.jpg\",\"contentUrl\":\"https:\\\/\\\/www.webdo.tn\\\/fr\\\/wp-content\\\/uploads\\\/2011\\\/06\\\/Sakher-El-Materi.jpg\",\"width\":343,\"height\":210,\"caption\":\"Sakher se cachait derri\u00e8re la religion, \u00e7a on le sait...\"},{\"@type\":\"BreadcrumbList\",\"@id\":\"https:\\\/\\\/www.webdo.tn\\\/fr\\\/actualite\\\/national\\\/sakher-se-cachait-derriere-la-religion-ca-on-le-sait\\\/172739\\\/#breadcrumb\",\"itemListElement\":[{\"@type\":\"ListItem\",\"position\":1,\"name\":\"Accueil\",\"item\":\"https:\\\/\\\/www.webdo.tn\\\/fr\\\/\"},{\"@type\":\"ListItem\",\"position\":2,\"name\":\"Sakher se cachait derri\u00e8re la religion, \u00e7a on le sait&#8230;\"}]},{\"@type\":\"WebSite\",\"@id\":\"https:\\\/\\\/www.webdo.tn\\\/fr\\\/#website\",\"url\":\"https:\\\/\\\/www.webdo.tn\\\/fr\\\/\",\"name\":\"webdo\",\"description\":\"Tunisie - News en Tunisie et \u00e0 l&#039;international sur Webdo.tn\",\"publisher\":{\"@id\":\"https:\\\/\\\/www.webdo.tn\\\/fr\\\/#organization\"},\"potentialAction\":[{\"@type\":\"SearchAction\",\"target\":{\"@type\":\"EntryPoint\",\"urlTemplate\":\"https:\\\/\\\/www.webdo.tn\\\/fr\\\/?s={search_term_string}\"},\"query-input\":{\"@type\":\"PropertyValueSpecification\",\"valueRequired\":true,\"valueName\":\"search_term_string\"}}],\"inLanguage\":\"fr-FR\"},{\"@type\":\"Organization\",\"@id\":\"https:\\\/\\\/www.webdo.tn\\\/fr\\\/#organization\",\"name\":\"Webdo\",\"alternateName\":\"Webdo.tn\",\"url\":\"https:\\\/\\\/www.webdo.tn\\\/fr\\\/\",\"logo\":{\"@type\":\"ImageObject\",\"inLanguage\":\"fr-FR\",\"@id\":\"https:\\\/\\\/www.webdo.tn\\\/fr\\\/#\\\/schema\\\/logo\\\/image\\\/\",\"url\":\"https:\\\/\\\/www.webdo.tn\\\/fr\\\/wp-content\\\/uploads\\\/2025\\\/06\\\/Webdo-Tunisie_168377.jpg\",\"contentUrl\":\"https:\\\/\\\/www.webdo.tn\\\/fr\\\/wp-content\\\/uploads\\\/2025\\\/06\\\/Webdo-Tunisie_168377.jpg\",\"width\":301,\"height\":301,\"caption\":\"Webdo\"},\"image\":{\"@id\":\"https:\\\/\\\/www.webdo.tn\\\/fr\\\/#\\\/schema\\\/logo\\\/image\\\/\"},\"sameAs\":[\"https:\\\/\\\/www.facebook.com\\\/webdotn\",\"https:\\\/\\\/x.com\\\/webdo_tn\"],\"description\":\"Webdo est un m\u00e9dia num\u00e9rique tunisien fond\u00e9 en 2010, sp\u00e9cialis\u00e9 dans l\u2019actualit\u00e9 nationale et internationale, l\u2019\u00e9conomie, la soci\u00e9t\u00e9 et les analyses politiques. Le site s\u2019adresse \u00e0 un large public francophone et couvre l\u2019information tunisienne en temps r\u00e9el.\",\"email\":\"redac@webdo.tn\",\"legalName\":\"YNJ SARL\",\"foundingDate\":\"2010-09-06\",\"numberOfEmployees\":{\"@type\":\"QuantitativeValue\",\"minValue\":\"11\",\"maxValue\":\"50\"}},{\"@type\":\"Person\",\"@id\":\"https:\\\/\\\/www.webdo.tn\\\/fr\\\/#\\\/schema\\\/person\\\/9a9c6118d687c117df8ef3cc36a4d175\",\"name\":\"webdo.tn\",\"image\":{\"@type\":\"ImageObject\",\"inLanguage\":\"fr-FR\",\"@id\":\"https:\\\/\\\/secure.gravatar.com\\\/avatar\\\/7ce1f28c0c3bbac99ff550b85ef8e44a6950c6ee24514fb6a5489e51d06f0298?s=96&d=mm&r=g\",\"url\":\"https:\\\/\\\/secure.gravatar.com\\\/avatar\\\/7ce1f28c0c3bbac99ff550b85ef8e44a6950c6ee24514fb6a5489e51d06f0298?s=96&d=mm&r=g\",\"contentUrl\":\"https:\\\/\\\/secure.gravatar.com\\\/avatar\\\/7ce1f28c0c3bbac99ff550b85ef8e44a6950c6ee24514fb6a5489e51d06f0298?s=96&d=mm&r=g\",\"caption\":\"webdo.tn\"},\"url\":\"https:\\\/\\\/www.webdo.tn\\\/fr\\\/actualite\\\/author\\\/webdotn\\\/\"}]}<\/script>\n<!-- \/ Yoast SEO Premium plugin. -->","yoast_head_json":{"title":"Sakher se cachait derri\u00e8re la religion, \u00e7a on le sait...","description":"Sakher se cachait derri\u00e8re la religion, \u00e7a on le sait...","canonical":"https:\/\/www.webdo.tn\/fr\/actualite\/national\/sakher-se-cachait-derriere-la-religion-ca-on-le-sait\/172739\/","og_locale":"fr_FR","og_type":"article","og_title":"Sakher se cachait derri\u00e8re la religion, \u00e7a on le sait...","og_description":"Sakher se cachait derri\u00e8re la religion, \u00e7a on le sait...","og_url":"https:\/\/www.webdo.tn\/fr\/actualite\/national\/sakher-se-cachait-derriere-la-religion-ca-on-le-sait\/172739\/","og_site_name":"webdo","article_publisher":"https:\/\/www.facebook.com\/webdotn","article_published_time":"2011-06-23T15:27:00+00:00","og_image":[{"width":343,"height":210,"url":"https:\/\/www.webdo.tn\/fr\/wp-content\/uploads\/2011\/06\/Sakher-El-Materi.jpg","type":"image\/jpeg"}],"author":"webdo.tn","twitter_card":"summary_large_image","twitter_creator":"@webdo_tn","twitter_site":"@webdo_tn","twitter_misc":{"\u00c9crit par":"webdo.tn","Dur\u00e9e de lecture estim\u00e9e":"2 minutes"},"schema":{"@context":"https:\/\/schema.org","@graph":[{"@type":"NewsArticle","@id":"https:\/\/www.webdo.tn\/fr\/actualite\/national\/sakher-se-cachait-derriere-la-religion-ca-on-le-sait\/172739\/#article","isPartOf":{"@id":"https:\/\/www.webdo.tn\/fr\/actualite\/national\/sakher-se-cachait-derriere-la-religion-ca-on-le-sait\/172739\/"},"author":{"name":"webdo.tn","@id":"https:\/\/www.webdo.tn\/fr\/#\/schema\/person\/9a9c6118d687c117df8ef3cc36a4d175"},"headline":"Sakher se cachait derri\u00e8re la religion, \u00e7a on le sait&#8230;","datePublished":"2011-06-23T15:27:00+00:00","mainEntityOfPage":{"@id":"https:\/\/www.webdo.tn\/fr\/actualite\/national\/sakher-se-cachait-derriere-la-religion-ca-on-le-sait\/172739\/"},"wordCount":492,"commentCount":0,"publisher":{"@id":"https:\/\/www.webdo.tn\/fr\/#organization"},"image":{"@id":"https:\/\/www.webdo.tn\/fr\/actualite\/national\/sakher-se-cachait-derriere-la-religion-ca-on-le-sait\/172739\/#primaryimage"},"thumbnailUrl":"https:\/\/www.webdo.tn\/fr\/wp-content\/uploads\/2011\/06\/Sakher-El-Materi.jpg","articleSection":["National"],"inLanguage":"fr-FR"},{"@type":"WebPage","@id":"https:\/\/www.webdo.tn\/fr\/actualite\/national\/sakher-se-cachait-derriere-la-religion-ca-on-le-sait\/172739\/","url":"https:\/\/www.webdo.tn\/fr\/actualite\/national\/sakher-se-cachait-derriere-la-religion-ca-on-le-sait\/172739\/","name":"Sakher se cachait derri\u00e8re la religion, \u00e7a on le sait...","isPartOf":{"@id":"https:\/\/www.webdo.tn\/fr\/#website"},"primaryImageOfPage":{"@id":"https:\/\/www.webdo.tn\/fr\/actualite\/national\/sakher-se-cachait-derriere-la-religion-ca-on-le-sait\/172739\/#primaryimage"},"image":{"@id":"https:\/\/www.webdo.tn\/fr\/actualite\/national\/sakher-se-cachait-derriere-la-religion-ca-on-le-sait\/172739\/#primaryimage"},"thumbnailUrl":"https:\/\/www.webdo.tn\/fr\/wp-content\/uploads\/2011\/06\/Sakher-El-Materi.jpg","datePublished":"2011-06-23T15:27:00+00:00","description":"Sakher se cachait derri\u00e8re la religion, \u00e7a on le sait...","breadcrumb":{"@id":"https:\/\/www.webdo.tn\/fr\/actualite\/national\/sakher-se-cachait-derriere-la-religion-ca-on-le-sait\/172739\/#breadcrumb"},"inLanguage":"fr-FR","potentialAction":[{"@type":"ReadAction","target":["https:\/\/www.webdo.tn\/fr\/actualite\/national\/sakher-se-cachait-derriere-la-religion-ca-on-le-sait\/172739\/"]}]},{"@type":"ImageObject","inLanguage":"fr-FR","@id":"https:\/\/www.webdo.tn\/fr\/actualite\/national\/sakher-se-cachait-derriere-la-religion-ca-on-le-sait\/172739\/#primaryimage","url":"https:\/\/www.webdo.tn\/fr\/wp-content\/uploads\/2011\/06\/Sakher-El-Materi.jpg","contentUrl":"https:\/\/www.webdo.tn\/fr\/wp-content\/uploads\/2011\/06\/Sakher-El-Materi.jpg","width":343,"height":210,"caption":"Sakher se cachait derri\u00e8re la religion, \u00e7a on le sait..."},{"@type":"BreadcrumbList","@id":"https:\/\/www.webdo.tn\/fr\/actualite\/national\/sakher-se-cachait-derriere-la-religion-ca-on-le-sait\/172739\/#breadcrumb","itemListElement":[{"@type":"ListItem","position":1,"name":"Accueil","item":"https:\/\/www.webdo.tn\/fr\/"},{"@type":"ListItem","position":2,"name":"Sakher se cachait derri\u00e8re la religion, \u00e7a on le sait&#8230;"}]},{"@type":"WebSite","@id":"https:\/\/www.webdo.tn\/fr\/#website","url":"https:\/\/www.webdo.tn\/fr\/","name":"webdo","description":"Tunisie - News en Tunisie et \u00e0 l&#039;international sur Webdo.tn","publisher":{"@id":"https:\/\/www.webdo.tn\/fr\/#organization"},"potentialAction":[{"@type":"SearchAction","target":{"@type":"EntryPoint","urlTemplate":"https:\/\/www.webdo.tn\/fr\/?s={search_term_string}"},"query-input":{"@type":"PropertyValueSpecification","valueRequired":true,"valueName":"search_term_string"}}],"inLanguage":"fr-FR"},{"@type":"Organization","@id":"https:\/\/www.webdo.tn\/fr\/#organization","name":"Webdo","alternateName":"Webdo.tn","url":"https:\/\/www.webdo.tn\/fr\/","logo":{"@type":"ImageObject","inLanguage":"fr-FR","@id":"https:\/\/www.webdo.tn\/fr\/#\/schema\/logo\/image\/","url":"https:\/\/www.webdo.tn\/fr\/wp-content\/uploads\/2025\/06\/Webdo-Tunisie_168377.jpg","contentUrl":"https:\/\/www.webdo.tn\/fr\/wp-content\/uploads\/2025\/06\/Webdo-Tunisie_168377.jpg","width":301,"height":301,"caption":"Webdo"},"image":{"@id":"https:\/\/www.webdo.tn\/fr\/#\/schema\/logo\/image\/"},"sameAs":["https:\/\/www.facebook.com\/webdotn","https:\/\/x.com\/webdo_tn"],"description":"Webdo est un m\u00e9dia num\u00e9rique tunisien fond\u00e9 en 2010, sp\u00e9cialis\u00e9 dans l\u2019actualit\u00e9 nationale et internationale, l\u2019\u00e9conomie, la soci\u00e9t\u00e9 et les analyses politiques. Le site s\u2019adresse \u00e0 un large public francophone et couvre l\u2019information tunisienne en temps r\u00e9el.","email":"redac@webdo.tn","legalName":"YNJ SARL","foundingDate":"2010-09-06","numberOfEmployees":{"@type":"QuantitativeValue","minValue":"11","maxValue":"50"}},{"@type":"Person","@id":"https:\/\/www.webdo.tn\/fr\/#\/schema\/person\/9a9c6118d687c117df8ef3cc36a4d175","name":"webdo.tn","image":{"@type":"ImageObject","inLanguage":"fr-FR","@id":"https:\/\/secure.gravatar.com\/avatar\/7ce1f28c0c3bbac99ff550b85ef8e44a6950c6ee24514fb6a5489e51d06f0298?s=96&d=mm&r=g","url":"https:\/\/secure.gravatar.com\/avatar\/7ce1f28c0c3bbac99ff550b85ef8e44a6950c6ee24514fb6a5489e51d06f0298?s=96&d=mm&r=g","contentUrl":"https:\/\/secure.gravatar.com\/avatar\/7ce1f28c0c3bbac99ff550b85ef8e44a6950c6ee24514fb6a5489e51d06f0298?s=96&d=mm&r=g","caption":"webdo.tn"},"url":"https:\/\/www.webdo.tn\/fr\/actualite\/author\/webdotn\/"}]}},"_links":{"self":[{"href":"https:\/\/www.webdo.tn\/fr\/wp-json\/wp\/v2\/posts\/172739","targetHints":{"allow":["GET"]}}],"collection":[{"href":"https:\/\/www.webdo.tn\/fr\/wp-json\/wp\/v2\/posts"}],"about":[{"href":"https:\/\/www.webdo.tn\/fr\/wp-json\/wp\/v2\/types\/post"}],"author":[{"embeddable":true,"href":"https:\/\/www.webdo.tn\/fr\/wp-json\/wp\/v2\/users\/3222"}],"replies":[{"embeddable":true,"href":"https:\/\/www.webdo.tn\/fr\/wp-json\/wp\/v2\/comments?post=172739"}],"version-history":[{"count":0,"href":"https:\/\/www.webdo.tn\/fr\/wp-json\/wp\/v2\/posts\/172739\/revisions"}],"wp:featuredmedia":[{"embeddable":true,"href":"https:\/\/www.webdo.tn\/fr\/wp-json\/wp\/v2\/media\/365271"}],"wp:attachment":[{"href":"https:\/\/www.webdo.tn\/fr\/wp-json\/wp\/v2\/media?parent=172739"}],"wp:term":[{"taxonomy":"category","embeddable":true,"href":"https:\/\/www.webdo.tn\/fr\/wp-json\/wp\/v2\/categories?post=172739"},{"taxonomy":"post_tag","embeddable":true,"href":"https:\/\/www.webdo.tn\/fr\/wp-json\/wp\/v2\/tags?post=172739"}],"curies":[{"name":"wp","href":"https:\/\/api.w.org\/{rel}","templated":true}]}}