{"id":172726,"date":"2011-06-29T12:30:00","date_gmt":"2011-06-29T12:30:00","guid":{"rendered":"https:\/\/www.webdo.tn\/fr\/actualite\/blog\/madrassati-une-operation-d-envergure-nationale-pour-rehabiliter-les-ecoles\/172726\/"},"modified":"2011-06-29T12:30:00","modified_gmt":"2011-06-29T12:30:00","slug":"madrassati-une-operation-d-envergure-nationale-pour-rehabiliter-les-ecoles","status":"publish","type":"post","link":"https:\/\/www.webdo.tn\/fr\/actualite\/national\/madrassati-une-operation-d-envergure-nationale-pour-rehabiliter-les-ecoles\/172726\/","title":{"rendered":"Madrassati : une op\u00e9ration d\u2019envergure nationale pour r\u00e9habiliter les \u00e9coles"},"content":{"rendered":"<p>C&rsquo;est une op\u00e9ration de taille qui a \u00e9t\u00e9 lanc\u00e9e par l&rsquo;association Trait d&rsquo;union. Le tout sous la forme d&rsquo;une collecte de dons pour pouvoir r\u00e9habiliter des \u00e9coles d\u00e9favoris\u00e9es ou sinistr\u00e9es suite aux actes de vandalisme qu&rsquo;a connus derni\u00e8rement notre pays. Il est aussi question de l&rsquo;am\u00e9nagement des \u00e9coles ordinaires pour les enfants handicap\u00e9s. <\/p>\n<p>Cette collecte a d\u00e9but\u00e9 le 27 juin et se terminera le 5 juillet. Elle se fait sous forme de dons et non de promesses de dons, par versement en esp\u00e8ces ou ch\u00e8ques, virement bancaire vers le compte 394040 de la BNA, par mandat minute ou par transfert MoneyGram. Attention aucune collecte publique n&rsquo;est autoris\u00e9e.<\/p>\n<p>Le minist\u00e8re de l&rsquo;\u00c9ducation s&rsquo;est joint \u00e0 l&rsquo;op\u00e9ration ainsi que plusieurs associations tunisiennes. La mobilisation m\u00e9diatique est de taille puisque la t\u00e9l\u00e9 et plusieurs radios, nationales et internationales, devraient faire une couverture continue les 30 Juin et 1er juillet et marquer ainsi la f\u00eate nationale du Savoir. Des c\u00e9l\u00e9brations et des animations de grande envergure seront organis\u00e9es dans les \u00e9coles des villes tunisiennes tout au long de ces deux jours.<\/p>\n<p>Un site web avec toutes les informations et les num\u00e9ros de t\u00e9l\u00e9phone a \u00e9t\u00e9 mis \u00e0 la disposition des Tunisiens.<\/p>\n","protected":false},"excerpt":{"rendered":"<p>Madrassati : une op\u00e9ration d\u2019envergure nationale pour r\u00e9habiliter les \u00e9coles<\/p>\n","protected":false},"author":3222,"featured_media":376614,"comment_status":"open","ping_status":"closed","sticky":false,"template":"","format":"standard","meta":{"footnotes":""},"categories":[44],"tags":[],"class_list":["post-172726","post","type-post","status-publish","format-standard","has-post-thumbnail","hentry","category-national"],"yoast_head":"<!-- This site is optimized with the Yoast SEO Premium plugin v27.4 (Yoast SEO v27.5) - https:\/\/yoast.com\/product\/yoast-seo-premium-wordpress\/ -->\n<title>Madrassati : une op\u00e9ration d\u2019envergure nationale pour r\u00e9habiliter les \u00e9coles<\/title>\n<meta name=\"description\" content=\"Madrassati : une op\u00e9ration d\u2019envergure nationale pour r\u00e9habiliter les \u00e9coles\" \/>\n<link rel=\"canonical\" href=\"https:\/\/www.webdo.tn\/fr\/actualite\/national\/madrassati-une-operation-d-envergure-nationale-pour-rehabiliter-les-ecoles\/172726\/\" \/>\n<meta property=\"og:locale\" content=\"fr_FR\" \/>\n<meta property=\"og:type\" content=\"article\" \/>\n<meta property=\"og:title\" content=\"Madrassati : une op\u00e9ration d\u2019envergure nationale pour r\u00e9habiliter les \u00e9coles\" \/>\n<meta property=\"og:description\" content=\"Madrassati : une op\u00e9ration d\u2019envergure nationale pour r\u00e9habiliter les \u00e9coles\" \/>\n<meta property=\"og:url\" content=\"https:\/\/www.webdo.tn\/fr\/actualite\/national\/madrassati-une-operation-d-envergure-nationale-pour-rehabiliter-les-ecoles\/172726\/\" \/>\n<meta property=\"og:site_name\" content=\"webdo\" \/>\n<meta property=\"article:publisher\" content=\"https:\/\/www.facebook.com\/webdotn\" \/>\n<meta property=\"article:published_time\" content=\"2011-06-29T12:30:00+00:00\" \/>\n<meta property=\"og:image\" content=\"https:\/\/www.webdo.tn\/fr\/wp-content\/uploads\/2011\/06\/261936_10150649336665511_780030510_18964172_901744_n-300x296-1.jpg\" \/>\n\t<meta property=\"og:image:width\" content=\"300\" \/>\n\t<meta property=\"og:image:height\" content=\"296\" \/>\n\t<meta property=\"og:image:type\" content=\"image\/jpeg\" \/>\n<meta name=\"author\" content=\"webdo.tn\" \/>\n<meta name=\"twitter:card\" content=\"summary_large_image\" \/>\n<meta name=\"twitter:creator\" content=\"@webdo_tn\" \/>\n<meta name=\"twitter:site\" content=\"@webdo_tn\" \/>\n<meta name=\"twitter:label1\" content=\"\u00c9crit par\" \/>\n\t<meta name=\"twitter:data1\" content=\"webdo.tn\" \/>\n\t<meta name=\"twitter:label2\" content=\"Dur\u00e9e de lecture estim\u00e9e\" \/>\n\t<meta name=\"twitter:data2\" content=\"1 minute\" \/>\n<script type=\"application\/ld+json\" class=\"yoast-schema-graph\">{\"@context\":\"https:\\\/\\\/schema.org\",\"@graph\":[{\"@type\":\"NewsArticle\",\"@id\":\"https:\\\/\\\/www.webdo.tn\\\/fr\\\/actualite\\\/national\\\/madrassati-une-operation-d-envergure-nationale-pour-rehabiliter-les-ecoles\\\/172726\\\/#article\",\"isPartOf\":{\"@id\":\"https:\\\/\\\/www.webdo.tn\\\/fr\\\/actualite\\\/national\\\/madrassati-une-operation-d-envergure-nationale-pour-rehabiliter-les-ecoles\\\/172726\\\/\"},\"author\":{\"name\":\"webdo.tn\",\"@id\":\"https:\\\/\\\/www.webdo.tn\\\/fr\\\/#\\\/schema\\\/person\\\/9a9c6118d687c117df8ef3cc36a4d175\"},\"headline\":\"Madrassati : une op\u00e9ration d\u2019envergure nationale pour r\u00e9habiliter les \u00e9coles\",\"datePublished\":\"2011-06-29T12:30:00+00:00\",\"mainEntityOfPage\":{\"@id\":\"https:\\\/\\\/www.webdo.tn\\\/fr\\\/actualite\\\/national\\\/madrassati-une-operation-d-envergure-nationale-pour-rehabiliter-les-ecoles\\\/172726\\\/\"},\"wordCount\":237,\"commentCount\":0,\"publisher\":{\"@id\":\"https:\\\/\\\/www.webdo.tn\\\/fr\\\/#organization\"},\"image\":{\"@id\":\"https:\\\/\\\/www.webdo.tn\\\/fr\\\/actualite\\\/national\\\/madrassati-une-operation-d-envergure-nationale-pour-rehabiliter-les-ecoles\\\/172726\\\/#primaryimage\"},\"thumbnailUrl\":\"https:\\\/\\\/www.webdo.tn\\\/fr\\\/wp-content\\\/uploads\\\/2011\\\/06\\\/261936_10150649336665511_780030510_18964172_901744_n-300x296-1.jpg\",\"articleSection\":[\"National\"],\"inLanguage\":\"fr-FR\"},{\"@type\":\"WebPage\",\"@id\":\"https:\\\/\\\/www.webdo.tn\\\/fr\\\/actualite\\\/national\\\/madrassati-une-operation-d-envergure-nationale-pour-rehabiliter-les-ecoles\\\/172726\\\/\",\"url\":\"https:\\\/\\\/www.webdo.tn\\\/fr\\\/actualite\\\/national\\\/madrassati-une-operation-d-envergure-nationale-pour-rehabiliter-les-ecoles\\\/172726\\\/\",\"name\":\"Madrassati : une op\u00e9ration d\u2019envergure nationale pour r\u00e9habiliter les \u00e9coles\",\"isPartOf\":{\"@id\":\"https:\\\/\\\/www.webdo.tn\\\/fr\\\/#website\"},\"primaryImageOfPage\":{\"@id\":\"https:\\\/\\\/www.webdo.tn\\\/fr\\\/actualite\\\/national\\\/madrassati-une-operation-d-envergure-nationale-pour-rehabiliter-les-ecoles\\\/172726\\\/#primaryimage\"},\"image\":{\"@id\":\"https:\\\/\\\/www.webdo.tn\\\/fr\\\/actualite\\\/national\\\/madrassati-une-operation-d-envergure-nationale-pour-rehabiliter-les-ecoles\\\/172726\\\/#primaryimage\"},\"thumbnailUrl\":\"https:\\\/\\\/www.webdo.tn\\\/fr\\\/wp-content\\\/uploads\\\/2011\\\/06\\\/261936_10150649336665511_780030510_18964172_901744_n-300x296-1.jpg\",\"datePublished\":\"2011-06-29T12:30:00+00:00\",\"description\":\"Madrassati : une op\u00e9ration d\u2019envergure nationale pour r\u00e9habiliter les \u00e9coles\",\"breadcrumb\":{\"@id\":\"https:\\\/\\\/www.webdo.tn\\\/fr\\\/actualite\\\/national\\\/madrassati-une-operation-d-envergure-nationale-pour-rehabiliter-les-ecoles\\\/172726\\\/#breadcrumb\"},\"inLanguage\":\"fr-FR\",\"potentialAction\":[{\"@type\":\"ReadAction\",\"target\":[\"https:\\\/\\\/www.webdo.tn\\\/fr\\\/actualite\\\/national\\\/madrassati-une-operation-d-envergure-nationale-pour-rehabiliter-les-ecoles\\\/172726\\\/\"]}]},{\"@type\":\"ImageObject\",\"inLanguage\":\"fr-FR\",\"@id\":\"https:\\\/\\\/www.webdo.tn\\\/fr\\\/actualite\\\/national\\\/madrassati-une-operation-d-envergure-nationale-pour-rehabiliter-les-ecoles\\\/172726\\\/#primaryimage\",\"url\":\"https:\\\/\\\/www.webdo.tn\\\/fr\\\/wp-content\\\/uploads\\\/2011\\\/06\\\/261936_10150649336665511_780030510_18964172_901744_n-300x296-1.jpg\",\"contentUrl\":\"https:\\\/\\\/www.webdo.tn\\\/fr\\\/wp-content\\\/uploads\\\/2011\\\/06\\\/261936_10150649336665511_780030510_18964172_901744_n-300x296-1.jpg\",\"width\":300,\"height\":296,\"caption\":\"Madrassati : une op\u00e9ration d\u2019envergure nationale pour r\u00e9habiliter les \u00e9coles\"},{\"@type\":\"BreadcrumbList\",\"@id\":\"https:\\\/\\\/www.webdo.tn\\\/fr\\\/actualite\\\/national\\\/madrassati-une-operation-d-envergure-nationale-pour-rehabiliter-les-ecoles\\\/172726\\\/#breadcrumb\",\"itemListElement\":[{\"@type\":\"ListItem\",\"position\":1,\"name\":\"Accueil\",\"item\":\"https:\\\/\\\/www.webdo.tn\\\/fr\\\/\"},{\"@type\":\"ListItem\",\"position\":2,\"name\":\"Madrassati : une op\u00e9ration d\u2019envergure nationale pour r\u00e9habiliter les \u00e9coles\"}]},{\"@type\":\"WebSite\",\"@id\":\"https:\\\/\\\/www.webdo.tn\\\/fr\\\/#website\",\"url\":\"https:\\\/\\\/www.webdo.tn\\\/fr\\\/\",\"name\":\"webdo\",\"description\":\"Tunisie - News en Tunisie et \u00e0 l&#039;international sur Webdo.tn\",\"publisher\":{\"@id\":\"https:\\\/\\\/www.webdo.tn\\\/fr\\\/#organization\"},\"potentialAction\":[{\"@type\":\"SearchAction\",\"target\":{\"@type\":\"EntryPoint\",\"urlTemplate\":\"https:\\\/\\\/www.webdo.tn\\\/fr\\\/?s={search_term_string}\"},\"query-input\":{\"@type\":\"PropertyValueSpecification\",\"valueRequired\":true,\"valueName\":\"search_term_string\"}}],\"inLanguage\":\"fr-FR\"},{\"@type\":\"Organization\",\"@id\":\"https:\\\/\\\/www.webdo.tn\\\/fr\\\/#organization\",\"name\":\"Webdo\",\"alternateName\":\"Webdo.tn\",\"url\":\"https:\\\/\\\/www.webdo.tn\\\/fr\\\/\",\"logo\":{\"@type\":\"ImageObject\",\"inLanguage\":\"fr-FR\",\"@id\":\"https:\\\/\\\/www.webdo.tn\\\/fr\\\/#\\\/schema\\\/logo\\\/image\\\/\",\"url\":\"https:\\\/\\\/www.webdo.tn\\\/fr\\\/wp-content\\\/uploads\\\/2025\\\/06\\\/Webdo-Tunisie_168377.jpg\",\"contentUrl\":\"https:\\\/\\\/www.webdo.tn\\\/fr\\\/wp-content\\\/uploads\\\/2025\\\/06\\\/Webdo-Tunisie_168377.jpg\",\"width\":301,\"height\":301,\"caption\":\"Webdo\"},\"image\":{\"@id\":\"https:\\\/\\\/www.webdo.tn\\\/fr\\\/#\\\/schema\\\/logo\\\/image\\\/\"},\"sameAs\":[\"https:\\\/\\\/www.facebook.com\\\/webdotn\",\"https:\\\/\\\/x.com\\\/webdo_tn\"],\"description\":\"Webdo est un m\u00e9dia num\u00e9rique tunisien fond\u00e9 en 2010, sp\u00e9cialis\u00e9 dans l\u2019actualit\u00e9 nationale et internationale, l\u2019\u00e9conomie, la soci\u00e9t\u00e9 et les analyses politiques. Le site s\u2019adresse \u00e0 un large public francophone et couvre l\u2019information tunisienne en temps r\u00e9el.\",\"email\":\"redac@webdo.tn\",\"legalName\":\"YNJ SARL\",\"foundingDate\":\"2010-09-06\",\"numberOfEmployees\":{\"@type\":\"QuantitativeValue\",\"minValue\":\"11\",\"maxValue\":\"50\"}},{\"@type\":\"Person\",\"@id\":\"https:\\\/\\\/www.webdo.tn\\\/fr\\\/#\\\/schema\\\/person\\\/9a9c6118d687c117df8ef3cc36a4d175\",\"name\":\"webdo.tn\",\"image\":{\"@type\":\"ImageObject\",\"inLanguage\":\"fr-FR\",\"@id\":\"https:\\\/\\\/secure.gravatar.com\\\/avatar\\\/7ce1f28c0c3bbac99ff550b85ef8e44a6950c6ee24514fb6a5489e51d06f0298?s=96&d=mm&r=g\",\"url\":\"https:\\\/\\\/secure.gravatar.com\\\/avatar\\\/7ce1f28c0c3bbac99ff550b85ef8e44a6950c6ee24514fb6a5489e51d06f0298?s=96&d=mm&r=g\",\"contentUrl\":\"https:\\\/\\\/secure.gravatar.com\\\/avatar\\\/7ce1f28c0c3bbac99ff550b85ef8e44a6950c6ee24514fb6a5489e51d06f0298?s=96&d=mm&r=g\",\"caption\":\"webdo.tn\"},\"url\":\"https:\\\/\\\/www.webdo.tn\\\/fr\\\/actualite\\\/author\\\/webdotn\\\/\"}]}<\/script>\n<!-- \/ Yoast SEO Premium plugin. -->","yoast_head_json":{"title":"Madrassati : une op\u00e9ration d\u2019envergure nationale pour r\u00e9habiliter les \u00e9coles","description":"Madrassati : une op\u00e9ration d\u2019envergure nationale pour r\u00e9habiliter les \u00e9coles","canonical":"https:\/\/www.webdo.tn\/fr\/actualite\/national\/madrassati-une-operation-d-envergure-nationale-pour-rehabiliter-les-ecoles\/172726\/","og_locale":"fr_FR","og_type":"article","og_title":"Madrassati : une op\u00e9ration d\u2019envergure nationale pour r\u00e9habiliter les \u00e9coles","og_description":"Madrassati : une op\u00e9ration d\u2019envergure nationale pour r\u00e9habiliter les \u00e9coles","og_url":"https:\/\/www.webdo.tn\/fr\/actualite\/national\/madrassati-une-operation-d-envergure-nationale-pour-rehabiliter-les-ecoles\/172726\/","og_site_name":"webdo","article_publisher":"https:\/\/www.facebook.com\/webdotn","article_published_time":"2011-06-29T12:30:00+00:00","og_image":[{"width":300,"height":296,"url":"https:\/\/www.webdo.tn\/fr\/wp-content\/uploads\/2011\/06\/261936_10150649336665511_780030510_18964172_901744_n-300x296-1.jpg","type":"image\/jpeg"}],"author":"webdo.tn","twitter_card":"summary_large_image","twitter_creator":"@webdo_tn","twitter_site":"@webdo_tn","twitter_misc":{"\u00c9crit par":"webdo.tn","Dur\u00e9e de lecture estim\u00e9e":"1 minute"},"schema":{"@context":"https:\/\/schema.org","@graph":[{"@type":"NewsArticle","@id":"https:\/\/www.webdo.tn\/fr\/actualite\/national\/madrassati-une-operation-d-envergure-nationale-pour-rehabiliter-les-ecoles\/172726\/#article","isPartOf":{"@id":"https:\/\/www.webdo.tn\/fr\/actualite\/national\/madrassati-une-operation-d-envergure-nationale-pour-rehabiliter-les-ecoles\/172726\/"},"author":{"name":"webdo.tn","@id":"https:\/\/www.webdo.tn\/fr\/#\/schema\/person\/9a9c6118d687c117df8ef3cc36a4d175"},"headline":"Madrassati : une op\u00e9ration d\u2019envergure nationale pour r\u00e9habiliter les \u00e9coles","datePublished":"2011-06-29T12:30:00+00:00","mainEntityOfPage":{"@id":"https:\/\/www.webdo.tn\/fr\/actualite\/national\/madrassati-une-operation-d-envergure-nationale-pour-rehabiliter-les-ecoles\/172726\/"},"wordCount":237,"commentCount":0,"publisher":{"@id":"https:\/\/www.webdo.tn\/fr\/#organization"},"image":{"@id":"https:\/\/www.webdo.tn\/fr\/actualite\/national\/madrassati-une-operation-d-envergure-nationale-pour-rehabiliter-les-ecoles\/172726\/#primaryimage"},"thumbnailUrl":"https:\/\/www.webdo.tn\/fr\/wp-content\/uploads\/2011\/06\/261936_10150649336665511_780030510_18964172_901744_n-300x296-1.jpg","articleSection":["National"],"inLanguage":"fr-FR"},{"@type":"WebPage","@id":"https:\/\/www.webdo.tn\/fr\/actualite\/national\/madrassati-une-operation-d-envergure-nationale-pour-rehabiliter-les-ecoles\/172726\/","url":"https:\/\/www.webdo.tn\/fr\/actualite\/national\/madrassati-une-operation-d-envergure-nationale-pour-rehabiliter-les-ecoles\/172726\/","name":"Madrassati : une op\u00e9ration d\u2019envergure nationale pour r\u00e9habiliter les \u00e9coles","isPartOf":{"@id":"https:\/\/www.webdo.tn\/fr\/#website"},"primaryImageOfPage":{"@id":"https:\/\/www.webdo.tn\/fr\/actualite\/national\/madrassati-une-operation-d-envergure-nationale-pour-rehabiliter-les-ecoles\/172726\/#primaryimage"},"image":{"@id":"https:\/\/www.webdo.tn\/fr\/actualite\/national\/madrassati-une-operation-d-envergure-nationale-pour-rehabiliter-les-ecoles\/172726\/#primaryimage"},"thumbnailUrl":"https:\/\/www.webdo.tn\/fr\/wp-content\/uploads\/2011\/06\/261936_10150649336665511_780030510_18964172_901744_n-300x296-1.jpg","datePublished":"2011-06-29T12:30:00+00:00","description":"Madrassati : une op\u00e9ration d\u2019envergure nationale pour r\u00e9habiliter les \u00e9coles","breadcrumb":{"@id":"https:\/\/www.webdo.tn\/fr\/actualite\/national\/madrassati-une-operation-d-envergure-nationale-pour-rehabiliter-les-ecoles\/172726\/#breadcrumb"},"inLanguage":"fr-FR","potentialAction":[{"@type":"ReadAction","target":["https:\/\/www.webdo.tn\/fr\/actualite\/national\/madrassati-une-operation-d-envergure-nationale-pour-rehabiliter-les-ecoles\/172726\/"]}]},{"@type":"ImageObject","inLanguage":"fr-FR","@id":"https:\/\/www.webdo.tn\/fr\/actualite\/national\/madrassati-une-operation-d-envergure-nationale-pour-rehabiliter-les-ecoles\/172726\/#primaryimage","url":"https:\/\/www.webdo.tn\/fr\/wp-content\/uploads\/2011\/06\/261936_10150649336665511_780030510_18964172_901744_n-300x296-1.jpg","contentUrl":"https:\/\/www.webdo.tn\/fr\/wp-content\/uploads\/2011\/06\/261936_10150649336665511_780030510_18964172_901744_n-300x296-1.jpg","width":300,"height":296,"caption":"Madrassati : une op\u00e9ration d\u2019envergure nationale pour r\u00e9habiliter les \u00e9coles"},{"@type":"BreadcrumbList","@id":"https:\/\/www.webdo.tn\/fr\/actualite\/national\/madrassati-une-operation-d-envergure-nationale-pour-rehabiliter-les-ecoles\/172726\/#breadcrumb","itemListElement":[{"@type":"ListItem","position":1,"name":"Accueil","item":"https:\/\/www.webdo.tn\/fr\/"},{"@type":"ListItem","position":2,"name":"Madrassati : une op\u00e9ration d\u2019envergure nationale pour r\u00e9habiliter les \u00e9coles"}]},{"@type":"WebSite","@id":"https:\/\/www.webdo.tn\/fr\/#website","url":"https:\/\/www.webdo.tn\/fr\/","name":"webdo","description":"Tunisie - News en Tunisie et \u00e0 l&#039;international sur Webdo.tn","publisher":{"@id":"https:\/\/www.webdo.tn\/fr\/#organization"},"potentialAction":[{"@type":"SearchAction","target":{"@type":"EntryPoint","urlTemplate":"https:\/\/www.webdo.tn\/fr\/?s={search_term_string}"},"query-input":{"@type":"PropertyValueSpecification","valueRequired":true,"valueName":"search_term_string"}}],"inLanguage":"fr-FR"},{"@type":"Organization","@id":"https:\/\/www.webdo.tn\/fr\/#organization","name":"Webdo","alternateName":"Webdo.tn","url":"https:\/\/www.webdo.tn\/fr\/","logo":{"@type":"ImageObject","inLanguage":"fr-FR","@id":"https:\/\/www.webdo.tn\/fr\/#\/schema\/logo\/image\/","url":"https:\/\/www.webdo.tn\/fr\/wp-content\/uploads\/2025\/06\/Webdo-Tunisie_168377.jpg","contentUrl":"https:\/\/www.webdo.tn\/fr\/wp-content\/uploads\/2025\/06\/Webdo-Tunisie_168377.jpg","width":301,"height":301,"caption":"Webdo"},"image":{"@id":"https:\/\/www.webdo.tn\/fr\/#\/schema\/logo\/image\/"},"sameAs":["https:\/\/www.facebook.com\/webdotn","https:\/\/x.com\/webdo_tn"],"description":"Webdo est un m\u00e9dia num\u00e9rique tunisien fond\u00e9 en 2010, sp\u00e9cialis\u00e9 dans l\u2019actualit\u00e9 nationale et internationale, l\u2019\u00e9conomie, la soci\u00e9t\u00e9 et les analyses politiques. Le site s\u2019adresse \u00e0 un large public francophone et couvre l\u2019information tunisienne en temps r\u00e9el.","email":"redac@webdo.tn","legalName":"YNJ SARL","foundingDate":"2010-09-06","numberOfEmployees":{"@type":"QuantitativeValue","minValue":"11","maxValue":"50"}},{"@type":"Person","@id":"https:\/\/www.webdo.tn\/fr\/#\/schema\/person\/9a9c6118d687c117df8ef3cc36a4d175","name":"webdo.tn","image":{"@type":"ImageObject","inLanguage":"fr-FR","@id":"https:\/\/secure.gravatar.com\/avatar\/7ce1f28c0c3bbac99ff550b85ef8e44a6950c6ee24514fb6a5489e51d06f0298?s=96&d=mm&r=g","url":"https:\/\/secure.gravatar.com\/avatar\/7ce1f28c0c3bbac99ff550b85ef8e44a6950c6ee24514fb6a5489e51d06f0298?s=96&d=mm&r=g","contentUrl":"https:\/\/secure.gravatar.com\/avatar\/7ce1f28c0c3bbac99ff550b85ef8e44a6950c6ee24514fb6a5489e51d06f0298?s=96&d=mm&r=g","caption":"webdo.tn"},"url":"https:\/\/www.webdo.tn\/fr\/actualite\/author\/webdotn\/"}]}},"_links":{"self":[{"href":"https:\/\/www.webdo.tn\/fr\/wp-json\/wp\/v2\/posts\/172726","targetHints":{"allow":["GET"]}}],"collection":[{"href":"https:\/\/www.webdo.tn\/fr\/wp-json\/wp\/v2\/posts"}],"about":[{"href":"https:\/\/www.webdo.tn\/fr\/wp-json\/wp\/v2\/types\/post"}],"author":[{"embeddable":true,"href":"https:\/\/www.webdo.tn\/fr\/wp-json\/wp\/v2\/users\/3222"}],"replies":[{"embeddable":true,"href":"https:\/\/www.webdo.tn\/fr\/wp-json\/wp\/v2\/comments?post=172726"}],"version-history":[{"count":0,"href":"https:\/\/www.webdo.tn\/fr\/wp-json\/wp\/v2\/posts\/172726\/revisions"}],"wp:featuredmedia":[{"embeddable":true,"href":"https:\/\/www.webdo.tn\/fr\/wp-json\/wp\/v2\/media\/376614"}],"wp:attachment":[{"href":"https:\/\/www.webdo.tn\/fr\/wp-json\/wp\/v2\/media?parent=172726"}],"wp:term":[{"taxonomy":"category","embeddable":true,"href":"https:\/\/www.webdo.tn\/fr\/wp-json\/wp\/v2\/categories?post=172726"},{"taxonomy":"post_tag","embeddable":true,"href":"https:\/\/www.webdo.tn\/fr\/wp-json\/wp\/v2\/tags?post=172726"}],"curies":[{"name":"wp","href":"https:\/\/api.w.org\/{rel}","templated":true}]}}