{"id":172719,"date":"2011-07-02T17:54:00","date_gmt":"2011-07-02T17:54:00","guid":{"rendered":"https:\/\/www.webdo.tn\/fr\/actualite\/blog\/ben-ali-louait-a-l-etat-son-propre-palais-de-sidi-dhrif-pour-beaucoup-plus-que-50-millions\/172719\/"},"modified":"2011-07-02T17:54:00","modified_gmt":"2011-07-02T17:54:00","slug":"ben-ali-louait-a-l-etat-son-propre-palais-de-sidi-dhrif-pour-beaucoup-plus-que-50-millions","status":"publish","type":"post","link":"https:\/\/www.webdo.tn\/fr\/actualite\/national\/ben-ali-louait-a-l-etat-son-propre-palais-de-sidi-dhrif-pour-beaucoup-plus-que-50-millions\/172719\/","title":{"rendered":"Ben Ali louait \u00e0 l\u2019\u00c9tat son propre palais de Sidi Dhrif pour beaucoup plus de 50 millions !"},"content":{"rendered":"<p>Dr\u00f4le de pratiques que celles entreprises par le pr\u00e9sident d\u00e9chu afin de soutirer le maximum d\u2019argent au contribuable. En plus des exactions et des malversations sur les finances d\u2019institutions \u00e9tatiques, tous les moyens \u00e9taient bons pour lui et son entourage pour ramasser et amasser le maximum d\u2019argent possible. <\/p>\n<p>Au mois de f\u00e9vrier dernier, il a \u00e9t\u00e9 annonc\u00e9 que Ben Ali louait son palais de sidi Dhrif \u00e0 l\u2019\u00c9tat tunisien pour la somme de 50 millions par mois. En contrepartie, bien s\u00fbr, la Tunisie laissait Ben Ali squatter le ch\u00e2teau aux frais du peuple.<\/p>\n<p>Jeudi dernier, l&rsquo;hebdomadaire Al Akhbar, citant une source du minist\u00e8re des Finances, Kamel Mathlouthi, a d\u00e9voil\u00e9 un nouveau montant, vraiment faramineux, du loyer du palais de Sidi Dhrif. <\/p>\n<p>Ce ch\u00e2teau des mille et une nuits \u00e9tait lou\u00e9 pour la somme rondelette de 300 millions de millimes par mois, soit six fois plus qu&rsquo;il avait \u00e9t\u00e9 indiqu\u00e9. Acquis par Ben Ali en 1996, cela donne un total de 54 milliards pay\u00e9s par l\u2019\u00c9tat et empoch\u00e9s par le pr\u00e9sident d\u00e9chu. <\/p>\n<p>\u00c0 signaler que cette \u0153uvre f\u00e9\u00e9rique, s\u2019\u00e9tendant sur un terrain de 18 hectares, comporte de multiples espaces et pavillons, les uns r\u00e9serv\u00e9s pour les plaisirs de la Cour et les beuveries, les autres pour les \u00abaccessoires\u00bb du quotidien comme ces hangars pour la dizaine de voitures de luxe, ou ce mini zoo pour des chiens d\u2019esp\u00e8ce rare et surtout une \u00e9table pour le cheval de race de Halima. Une horde animale n\u00e9cessitant la pr\u00e9sence d\u2019un v\u00e9t\u00e9rinaire et d\u2019une \u00e9quipe d\u2019entretien, et ce, toujours aux frais de la princesse\u2026<\/p>\n","protected":false},"excerpt":{"rendered":"<p>Ben Ali louait \u00e0 l\u2019\u00c9tat son propre palais de Sidi Dhrif pour beaucoup plus de 50 millions ! <\/p>\n","protected":false},"author":3222,"featured_media":376587,"comment_status":"open","ping_status":"closed","sticky":false,"template":"","format":"standard","meta":{"footnotes":""},"categories":[44],"tags":[],"class_list":["post-172719","post","type-post","status-publish","format-standard","has-post-thumbnail","hentry","category-national"],"yoast_head":"<!-- This site is optimized with the Yoast SEO Premium plugin v27.4 (Yoast SEO v27.5) - https:\/\/yoast.com\/product\/yoast-seo-premium-wordpress\/ -->\n<title>Ben Ali louait \u00e0 l\u2019\u00c9tat son propre palais de Sidi Dhrif pour beaucoup plus de 50 millions !<\/title>\n<meta name=\"description\" content=\"Ben Ali louait \u00e0 l\u2019\u00c9tat son propre palais de Sidi Dhrif pour beaucoup plus de 50 millions !\" \/>\n<link rel=\"canonical\" href=\"https:\/\/www.webdo.tn\/fr\/actualite\/national\/ben-ali-louait-a-l-etat-son-propre-palais-de-sidi-dhrif-pour-beaucoup-plus-que-50-millions\/172719\/\" \/>\n<meta property=\"og:locale\" content=\"fr_FR\" \/>\n<meta property=\"og:type\" content=\"article\" \/>\n<meta property=\"og:title\" content=\"Ben Ali louait \u00e0 l\u2019\u00c9tat son propre palais de Sidi Dhrif pour beaucoup plus de 50 millions !\" \/>\n<meta property=\"og:description\" content=\"Ben Ali louait \u00e0 l\u2019\u00c9tat son propre palais de Sidi Dhrif pour beaucoup plus de 50 millions !\" \/>\n<meta property=\"og:url\" content=\"https:\/\/www.webdo.tn\/fr\/actualite\/national\/ben-ali-louait-a-l-etat-son-propre-palais-de-sidi-dhrif-pour-beaucoup-plus-que-50-millions\/172719\/\" \/>\n<meta property=\"og:site_name\" content=\"webdo\" \/>\n<meta property=\"article:publisher\" content=\"https:\/\/www.facebook.com\/webdotn\" \/>\n<meta property=\"article:published_time\" content=\"2011-07-02T17:54:00+00:00\" \/>\n<meta property=\"og:image\" content=\"https:\/\/www.webdo.tn\/fr\/wp-content\/uploads\/2011\/07\/Palais-de-Ben-Ali-photo-France-Soir.jpg\" \/>\n\t<meta property=\"og:image:width\" content=\"346\" \/>\n\t<meta property=\"og:image:height\" content=\"246\" \/>\n\t<meta property=\"og:image:type\" content=\"image\/jpeg\" \/>\n<meta name=\"author\" content=\"webdo.tn\" \/>\n<meta name=\"twitter:card\" content=\"summary_large_image\" \/>\n<meta name=\"twitter:creator\" content=\"@webdo_tn\" \/>\n<meta name=\"twitter:site\" content=\"@webdo_tn\" \/>\n<meta name=\"twitter:label1\" content=\"\u00c9crit par\" \/>\n\t<meta name=\"twitter:data1\" content=\"webdo.tn\" \/>\n\t<meta name=\"twitter:label2\" content=\"Dur\u00e9e de lecture estim\u00e9e\" \/>\n\t<meta name=\"twitter:data2\" content=\"1 minute\" \/>\n<script type=\"application\/ld+json\" class=\"yoast-schema-graph\">{\"@context\":\"https:\\\/\\\/schema.org\",\"@graph\":[{\"@type\":\"NewsArticle\",\"@id\":\"https:\\\/\\\/www.webdo.tn\\\/fr\\\/actualite\\\/national\\\/ben-ali-louait-a-l-etat-son-propre-palais-de-sidi-dhrif-pour-beaucoup-plus-que-50-millions\\\/172719\\\/#article\",\"isPartOf\":{\"@id\":\"https:\\\/\\\/www.webdo.tn\\\/fr\\\/actualite\\\/national\\\/ben-ali-louait-a-l-etat-son-propre-palais-de-sidi-dhrif-pour-beaucoup-plus-que-50-millions\\\/172719\\\/\"},\"author\":{\"name\":\"webdo.tn\",\"@id\":\"https:\\\/\\\/www.webdo.tn\\\/fr\\\/#\\\/schema\\\/person\\\/9a9c6118d687c117df8ef3cc36a4d175\"},\"headline\":\"Ben Ali louait \u00e0 l\u2019\u00c9tat son propre palais de Sidi Dhrif pour beaucoup plus de 50 millions !\",\"datePublished\":\"2011-07-02T17:54:00+00:00\",\"mainEntityOfPage\":{\"@id\":\"https:\\\/\\\/www.webdo.tn\\\/fr\\\/actualite\\\/national\\\/ben-ali-louait-a-l-etat-son-propre-palais-de-sidi-dhrif-pour-beaucoup-plus-que-50-millions\\\/172719\\\/\"},\"wordCount\":301,\"commentCount\":0,\"publisher\":{\"@id\":\"https:\\\/\\\/www.webdo.tn\\\/fr\\\/#organization\"},\"image\":{\"@id\":\"https:\\\/\\\/www.webdo.tn\\\/fr\\\/actualite\\\/national\\\/ben-ali-louait-a-l-etat-son-propre-palais-de-sidi-dhrif-pour-beaucoup-plus-que-50-millions\\\/172719\\\/#primaryimage\"},\"thumbnailUrl\":\"https:\\\/\\\/www.webdo.tn\\\/fr\\\/wp-content\\\/uploads\\\/2011\\\/07\\\/Palais-de-Ben-Ali-photo-France-Soir.jpg\",\"articleSection\":[\"National\"],\"inLanguage\":\"fr-FR\"},{\"@type\":\"WebPage\",\"@id\":\"https:\\\/\\\/www.webdo.tn\\\/fr\\\/actualite\\\/national\\\/ben-ali-louait-a-l-etat-son-propre-palais-de-sidi-dhrif-pour-beaucoup-plus-que-50-millions\\\/172719\\\/\",\"url\":\"https:\\\/\\\/www.webdo.tn\\\/fr\\\/actualite\\\/national\\\/ben-ali-louait-a-l-etat-son-propre-palais-de-sidi-dhrif-pour-beaucoup-plus-que-50-millions\\\/172719\\\/\",\"name\":\"Ben Ali louait \u00e0 l\u2019\u00c9tat son propre palais de Sidi Dhrif pour beaucoup plus de 50 millions !\",\"isPartOf\":{\"@id\":\"https:\\\/\\\/www.webdo.tn\\\/fr\\\/#website\"},\"primaryImageOfPage\":{\"@id\":\"https:\\\/\\\/www.webdo.tn\\\/fr\\\/actualite\\\/national\\\/ben-ali-louait-a-l-etat-son-propre-palais-de-sidi-dhrif-pour-beaucoup-plus-que-50-millions\\\/172719\\\/#primaryimage\"},\"image\":{\"@id\":\"https:\\\/\\\/www.webdo.tn\\\/fr\\\/actualite\\\/national\\\/ben-ali-louait-a-l-etat-son-propre-palais-de-sidi-dhrif-pour-beaucoup-plus-que-50-millions\\\/172719\\\/#primaryimage\"},\"thumbnailUrl\":\"https:\\\/\\\/www.webdo.tn\\\/fr\\\/wp-content\\\/uploads\\\/2011\\\/07\\\/Palais-de-Ben-Ali-photo-France-Soir.jpg\",\"datePublished\":\"2011-07-02T17:54:00+00:00\",\"description\":\"Ben Ali louait \u00e0 l\u2019\u00c9tat son propre palais de Sidi Dhrif pour beaucoup plus de 50 millions !\",\"breadcrumb\":{\"@id\":\"https:\\\/\\\/www.webdo.tn\\\/fr\\\/actualite\\\/national\\\/ben-ali-louait-a-l-etat-son-propre-palais-de-sidi-dhrif-pour-beaucoup-plus-que-50-millions\\\/172719\\\/#breadcrumb\"},\"inLanguage\":\"fr-FR\",\"potentialAction\":[{\"@type\":\"ReadAction\",\"target\":[\"https:\\\/\\\/www.webdo.tn\\\/fr\\\/actualite\\\/national\\\/ben-ali-louait-a-l-etat-son-propre-palais-de-sidi-dhrif-pour-beaucoup-plus-que-50-millions\\\/172719\\\/\"]}]},{\"@type\":\"ImageObject\",\"inLanguage\":\"fr-FR\",\"@id\":\"https:\\\/\\\/www.webdo.tn\\\/fr\\\/actualite\\\/national\\\/ben-ali-louait-a-l-etat-son-propre-palais-de-sidi-dhrif-pour-beaucoup-plus-que-50-millions\\\/172719\\\/#primaryimage\",\"url\":\"https:\\\/\\\/www.webdo.tn\\\/fr\\\/wp-content\\\/uploads\\\/2011\\\/07\\\/Palais-de-Ben-Ali-photo-France-Soir.jpg\",\"contentUrl\":\"https:\\\/\\\/www.webdo.tn\\\/fr\\\/wp-content\\\/uploads\\\/2011\\\/07\\\/Palais-de-Ben-Ali-photo-France-Soir.jpg\",\"width\":346,\"height\":246,\"caption\":\"Ben Ali louait \u00e0 l\u2019\u00c9tat son propre palais de Sidi Dhrif pour beaucoup plus de 50 millions !\"},{\"@type\":\"BreadcrumbList\",\"@id\":\"https:\\\/\\\/www.webdo.tn\\\/fr\\\/actualite\\\/national\\\/ben-ali-louait-a-l-etat-son-propre-palais-de-sidi-dhrif-pour-beaucoup-plus-que-50-millions\\\/172719\\\/#breadcrumb\",\"itemListElement\":[{\"@type\":\"ListItem\",\"position\":1,\"name\":\"Accueil\",\"item\":\"https:\\\/\\\/www.webdo.tn\\\/fr\\\/\"},{\"@type\":\"ListItem\",\"position\":2,\"name\":\"Ben Ali louait \u00e0 l\u2019\u00c9tat son propre palais de Sidi Dhrif pour beaucoup plus de 50 millions !\"}]},{\"@type\":\"WebSite\",\"@id\":\"https:\\\/\\\/www.webdo.tn\\\/fr\\\/#website\",\"url\":\"https:\\\/\\\/www.webdo.tn\\\/fr\\\/\",\"name\":\"webdo\",\"description\":\"Tunisie - News en Tunisie et \u00e0 l&#039;international sur Webdo.tn\",\"publisher\":{\"@id\":\"https:\\\/\\\/www.webdo.tn\\\/fr\\\/#organization\"},\"potentialAction\":[{\"@type\":\"SearchAction\",\"target\":{\"@type\":\"EntryPoint\",\"urlTemplate\":\"https:\\\/\\\/www.webdo.tn\\\/fr\\\/?s={search_term_string}\"},\"query-input\":{\"@type\":\"PropertyValueSpecification\",\"valueRequired\":true,\"valueName\":\"search_term_string\"}}],\"inLanguage\":\"fr-FR\"},{\"@type\":\"Organization\",\"@id\":\"https:\\\/\\\/www.webdo.tn\\\/fr\\\/#organization\",\"name\":\"Webdo\",\"alternateName\":\"Webdo.tn\",\"url\":\"https:\\\/\\\/www.webdo.tn\\\/fr\\\/\",\"logo\":{\"@type\":\"ImageObject\",\"inLanguage\":\"fr-FR\",\"@id\":\"https:\\\/\\\/www.webdo.tn\\\/fr\\\/#\\\/schema\\\/logo\\\/image\\\/\",\"url\":\"https:\\\/\\\/www.webdo.tn\\\/fr\\\/wp-content\\\/uploads\\\/2025\\\/06\\\/Webdo-Tunisie_168377.jpg\",\"contentUrl\":\"https:\\\/\\\/www.webdo.tn\\\/fr\\\/wp-content\\\/uploads\\\/2025\\\/06\\\/Webdo-Tunisie_168377.jpg\",\"width\":301,\"height\":301,\"caption\":\"Webdo\"},\"image\":{\"@id\":\"https:\\\/\\\/www.webdo.tn\\\/fr\\\/#\\\/schema\\\/logo\\\/image\\\/\"},\"sameAs\":[\"https:\\\/\\\/www.facebook.com\\\/webdotn\",\"https:\\\/\\\/x.com\\\/webdo_tn\"],\"description\":\"Webdo est un m\u00e9dia num\u00e9rique tunisien fond\u00e9 en 2010, sp\u00e9cialis\u00e9 dans l\u2019actualit\u00e9 nationale et internationale, l\u2019\u00e9conomie, la soci\u00e9t\u00e9 et les analyses politiques. Le site s\u2019adresse \u00e0 un large public francophone et couvre l\u2019information tunisienne en temps r\u00e9el.\",\"email\":\"redac@webdo.tn\",\"legalName\":\"YNJ SARL\",\"foundingDate\":\"2010-09-06\",\"numberOfEmployees\":{\"@type\":\"QuantitativeValue\",\"minValue\":\"11\",\"maxValue\":\"50\"}},{\"@type\":\"Person\",\"@id\":\"https:\\\/\\\/www.webdo.tn\\\/fr\\\/#\\\/schema\\\/person\\\/9a9c6118d687c117df8ef3cc36a4d175\",\"name\":\"webdo.tn\",\"image\":{\"@type\":\"ImageObject\",\"inLanguage\":\"fr-FR\",\"@id\":\"https:\\\/\\\/secure.gravatar.com\\\/avatar\\\/7ce1f28c0c3bbac99ff550b85ef8e44a6950c6ee24514fb6a5489e51d06f0298?s=96&d=mm&r=g\",\"url\":\"https:\\\/\\\/secure.gravatar.com\\\/avatar\\\/7ce1f28c0c3bbac99ff550b85ef8e44a6950c6ee24514fb6a5489e51d06f0298?s=96&d=mm&r=g\",\"contentUrl\":\"https:\\\/\\\/secure.gravatar.com\\\/avatar\\\/7ce1f28c0c3bbac99ff550b85ef8e44a6950c6ee24514fb6a5489e51d06f0298?s=96&d=mm&r=g\",\"caption\":\"webdo.tn\"},\"url\":\"https:\\\/\\\/www.webdo.tn\\\/fr\\\/actualite\\\/author\\\/webdotn\\\/\"}]}<\/script>\n<!-- \/ Yoast SEO Premium plugin. -->","yoast_head_json":{"title":"Ben Ali louait \u00e0 l\u2019\u00c9tat son propre palais de Sidi Dhrif pour beaucoup plus de 50 millions !","description":"Ben Ali louait \u00e0 l\u2019\u00c9tat son propre palais de Sidi Dhrif pour beaucoup plus de 50 millions !","canonical":"https:\/\/www.webdo.tn\/fr\/actualite\/national\/ben-ali-louait-a-l-etat-son-propre-palais-de-sidi-dhrif-pour-beaucoup-plus-que-50-millions\/172719\/","og_locale":"fr_FR","og_type":"article","og_title":"Ben Ali louait \u00e0 l\u2019\u00c9tat son propre palais de Sidi Dhrif pour beaucoup plus de 50 millions !","og_description":"Ben Ali louait \u00e0 l\u2019\u00c9tat son propre palais de Sidi Dhrif pour beaucoup plus de 50 millions !","og_url":"https:\/\/www.webdo.tn\/fr\/actualite\/national\/ben-ali-louait-a-l-etat-son-propre-palais-de-sidi-dhrif-pour-beaucoup-plus-que-50-millions\/172719\/","og_site_name":"webdo","article_publisher":"https:\/\/www.facebook.com\/webdotn","article_published_time":"2011-07-02T17:54:00+00:00","og_image":[{"width":346,"height":246,"url":"https:\/\/www.webdo.tn\/fr\/wp-content\/uploads\/2011\/07\/Palais-de-Ben-Ali-photo-France-Soir.jpg","type":"image\/jpeg"}],"author":"webdo.tn","twitter_card":"summary_large_image","twitter_creator":"@webdo_tn","twitter_site":"@webdo_tn","twitter_misc":{"\u00c9crit par":"webdo.tn","Dur\u00e9e de lecture estim\u00e9e":"1 minute"},"schema":{"@context":"https:\/\/schema.org","@graph":[{"@type":"NewsArticle","@id":"https:\/\/www.webdo.tn\/fr\/actualite\/national\/ben-ali-louait-a-l-etat-son-propre-palais-de-sidi-dhrif-pour-beaucoup-plus-que-50-millions\/172719\/#article","isPartOf":{"@id":"https:\/\/www.webdo.tn\/fr\/actualite\/national\/ben-ali-louait-a-l-etat-son-propre-palais-de-sidi-dhrif-pour-beaucoup-plus-que-50-millions\/172719\/"},"author":{"name":"webdo.tn","@id":"https:\/\/www.webdo.tn\/fr\/#\/schema\/person\/9a9c6118d687c117df8ef3cc36a4d175"},"headline":"Ben Ali louait \u00e0 l\u2019\u00c9tat son propre palais de Sidi Dhrif pour beaucoup plus de 50 millions !","datePublished":"2011-07-02T17:54:00+00:00","mainEntityOfPage":{"@id":"https:\/\/www.webdo.tn\/fr\/actualite\/national\/ben-ali-louait-a-l-etat-son-propre-palais-de-sidi-dhrif-pour-beaucoup-plus-que-50-millions\/172719\/"},"wordCount":301,"commentCount":0,"publisher":{"@id":"https:\/\/www.webdo.tn\/fr\/#organization"},"image":{"@id":"https:\/\/www.webdo.tn\/fr\/actualite\/national\/ben-ali-louait-a-l-etat-son-propre-palais-de-sidi-dhrif-pour-beaucoup-plus-que-50-millions\/172719\/#primaryimage"},"thumbnailUrl":"https:\/\/www.webdo.tn\/fr\/wp-content\/uploads\/2011\/07\/Palais-de-Ben-Ali-photo-France-Soir.jpg","articleSection":["National"],"inLanguage":"fr-FR"},{"@type":"WebPage","@id":"https:\/\/www.webdo.tn\/fr\/actualite\/national\/ben-ali-louait-a-l-etat-son-propre-palais-de-sidi-dhrif-pour-beaucoup-plus-que-50-millions\/172719\/","url":"https:\/\/www.webdo.tn\/fr\/actualite\/national\/ben-ali-louait-a-l-etat-son-propre-palais-de-sidi-dhrif-pour-beaucoup-plus-que-50-millions\/172719\/","name":"Ben Ali louait \u00e0 l\u2019\u00c9tat son propre palais de Sidi Dhrif pour beaucoup plus de 50 millions !","isPartOf":{"@id":"https:\/\/www.webdo.tn\/fr\/#website"},"primaryImageOfPage":{"@id":"https:\/\/www.webdo.tn\/fr\/actualite\/national\/ben-ali-louait-a-l-etat-son-propre-palais-de-sidi-dhrif-pour-beaucoup-plus-que-50-millions\/172719\/#primaryimage"},"image":{"@id":"https:\/\/www.webdo.tn\/fr\/actualite\/national\/ben-ali-louait-a-l-etat-son-propre-palais-de-sidi-dhrif-pour-beaucoup-plus-que-50-millions\/172719\/#primaryimage"},"thumbnailUrl":"https:\/\/www.webdo.tn\/fr\/wp-content\/uploads\/2011\/07\/Palais-de-Ben-Ali-photo-France-Soir.jpg","datePublished":"2011-07-02T17:54:00+00:00","description":"Ben Ali louait \u00e0 l\u2019\u00c9tat son propre palais de Sidi Dhrif pour beaucoup plus de 50 millions !","breadcrumb":{"@id":"https:\/\/www.webdo.tn\/fr\/actualite\/national\/ben-ali-louait-a-l-etat-son-propre-palais-de-sidi-dhrif-pour-beaucoup-plus-que-50-millions\/172719\/#breadcrumb"},"inLanguage":"fr-FR","potentialAction":[{"@type":"ReadAction","target":["https:\/\/www.webdo.tn\/fr\/actualite\/national\/ben-ali-louait-a-l-etat-son-propre-palais-de-sidi-dhrif-pour-beaucoup-plus-que-50-millions\/172719\/"]}]},{"@type":"ImageObject","inLanguage":"fr-FR","@id":"https:\/\/www.webdo.tn\/fr\/actualite\/national\/ben-ali-louait-a-l-etat-son-propre-palais-de-sidi-dhrif-pour-beaucoup-plus-que-50-millions\/172719\/#primaryimage","url":"https:\/\/www.webdo.tn\/fr\/wp-content\/uploads\/2011\/07\/Palais-de-Ben-Ali-photo-France-Soir.jpg","contentUrl":"https:\/\/www.webdo.tn\/fr\/wp-content\/uploads\/2011\/07\/Palais-de-Ben-Ali-photo-France-Soir.jpg","width":346,"height":246,"caption":"Ben Ali louait \u00e0 l\u2019\u00c9tat son propre palais de Sidi Dhrif pour beaucoup plus de 50 millions !"},{"@type":"BreadcrumbList","@id":"https:\/\/www.webdo.tn\/fr\/actualite\/national\/ben-ali-louait-a-l-etat-son-propre-palais-de-sidi-dhrif-pour-beaucoup-plus-que-50-millions\/172719\/#breadcrumb","itemListElement":[{"@type":"ListItem","position":1,"name":"Accueil","item":"https:\/\/www.webdo.tn\/fr\/"},{"@type":"ListItem","position":2,"name":"Ben Ali louait \u00e0 l\u2019\u00c9tat son propre palais de Sidi Dhrif pour beaucoup plus de 50 millions !"}]},{"@type":"WebSite","@id":"https:\/\/www.webdo.tn\/fr\/#website","url":"https:\/\/www.webdo.tn\/fr\/","name":"webdo","description":"Tunisie - News en Tunisie et \u00e0 l&#039;international sur Webdo.tn","publisher":{"@id":"https:\/\/www.webdo.tn\/fr\/#organization"},"potentialAction":[{"@type":"SearchAction","target":{"@type":"EntryPoint","urlTemplate":"https:\/\/www.webdo.tn\/fr\/?s={search_term_string}"},"query-input":{"@type":"PropertyValueSpecification","valueRequired":true,"valueName":"search_term_string"}}],"inLanguage":"fr-FR"},{"@type":"Organization","@id":"https:\/\/www.webdo.tn\/fr\/#organization","name":"Webdo","alternateName":"Webdo.tn","url":"https:\/\/www.webdo.tn\/fr\/","logo":{"@type":"ImageObject","inLanguage":"fr-FR","@id":"https:\/\/www.webdo.tn\/fr\/#\/schema\/logo\/image\/","url":"https:\/\/www.webdo.tn\/fr\/wp-content\/uploads\/2025\/06\/Webdo-Tunisie_168377.jpg","contentUrl":"https:\/\/www.webdo.tn\/fr\/wp-content\/uploads\/2025\/06\/Webdo-Tunisie_168377.jpg","width":301,"height":301,"caption":"Webdo"},"image":{"@id":"https:\/\/www.webdo.tn\/fr\/#\/schema\/logo\/image\/"},"sameAs":["https:\/\/www.facebook.com\/webdotn","https:\/\/x.com\/webdo_tn"],"description":"Webdo est un m\u00e9dia num\u00e9rique tunisien fond\u00e9 en 2010, sp\u00e9cialis\u00e9 dans l\u2019actualit\u00e9 nationale et internationale, l\u2019\u00e9conomie, la soci\u00e9t\u00e9 et les analyses politiques. Le site s\u2019adresse \u00e0 un large public francophone et couvre l\u2019information tunisienne en temps r\u00e9el.","email":"redac@webdo.tn","legalName":"YNJ SARL","foundingDate":"2010-09-06","numberOfEmployees":{"@type":"QuantitativeValue","minValue":"11","maxValue":"50"}},{"@type":"Person","@id":"https:\/\/www.webdo.tn\/fr\/#\/schema\/person\/9a9c6118d687c117df8ef3cc36a4d175","name":"webdo.tn","image":{"@type":"ImageObject","inLanguage":"fr-FR","@id":"https:\/\/secure.gravatar.com\/avatar\/7ce1f28c0c3bbac99ff550b85ef8e44a6950c6ee24514fb6a5489e51d06f0298?s=96&d=mm&r=g","url":"https:\/\/secure.gravatar.com\/avatar\/7ce1f28c0c3bbac99ff550b85ef8e44a6950c6ee24514fb6a5489e51d06f0298?s=96&d=mm&r=g","contentUrl":"https:\/\/secure.gravatar.com\/avatar\/7ce1f28c0c3bbac99ff550b85ef8e44a6950c6ee24514fb6a5489e51d06f0298?s=96&d=mm&r=g","caption":"webdo.tn"},"url":"https:\/\/www.webdo.tn\/fr\/actualite\/author\/webdotn\/"}]}},"_links":{"self":[{"href":"https:\/\/www.webdo.tn\/fr\/wp-json\/wp\/v2\/posts\/172719","targetHints":{"allow":["GET"]}}],"collection":[{"href":"https:\/\/www.webdo.tn\/fr\/wp-json\/wp\/v2\/posts"}],"about":[{"href":"https:\/\/www.webdo.tn\/fr\/wp-json\/wp\/v2\/types\/post"}],"author":[{"embeddable":true,"href":"https:\/\/www.webdo.tn\/fr\/wp-json\/wp\/v2\/users\/3222"}],"replies":[{"embeddable":true,"href":"https:\/\/www.webdo.tn\/fr\/wp-json\/wp\/v2\/comments?post=172719"}],"version-history":[{"count":0,"href":"https:\/\/www.webdo.tn\/fr\/wp-json\/wp\/v2\/posts\/172719\/revisions"}],"wp:featuredmedia":[{"embeddable":true,"href":"https:\/\/www.webdo.tn\/fr\/wp-json\/wp\/v2\/media\/376587"}],"wp:attachment":[{"href":"https:\/\/www.webdo.tn\/fr\/wp-json\/wp\/v2\/media?parent=172719"}],"wp:term":[{"taxonomy":"category","embeddable":true,"href":"https:\/\/www.webdo.tn\/fr\/wp-json\/wp\/v2\/categories?post=172719"},{"taxonomy":"post_tag","embeddable":true,"href":"https:\/\/www.webdo.tn\/fr\/wp-json\/wp\/v2\/tags?post=172719"}],"curies":[{"name":"wp","href":"https:\/\/api.w.org\/{rel}","templated":true}]}}