{"id":172715,"date":"2011-07-04T14:33:00","date_gmt":"2011-07-04T14:33:00","guid":{"rendered":"https:\/\/www.webdo.tn\/fr\/actualite\/blog\/nice-un-citoyen-tabasse-au-cours-d-un-meeting-dal-watan\/172715\/"},"modified":"2011-07-04T14:33:00","modified_gmt":"2011-07-04T14:33:00","slug":"nice-un-citoyen-tabasse-au-cours-d-un-meeting-dal-watan","status":"publish","type":"post","link":"https:\/\/www.webdo.tn\/fr\/actualite\/national\/nice-un-citoyen-tabasse-au-cours-d-un-meeting-dal-watan\/172715\/","title":{"rendered":"Nice : un citoyen tabass\u00e9 au cours d&rsquo;un meeting d&rsquo;Al Watan !"},"content":{"rendered":"<p>Parmi les partis qui garnissent notre paysage politique, certains sont plus critiqu\u00e9s que d&rsquo;autres. Dans la liste, figure en bonne position le parti Al Watan. Ce parti a \u00e9t\u00e9 cr\u00e9\u00e9 le 4 mars 2011 par deux ex-ministres de Ben Ali, Mohamed Jegham et Ahmed Fri\u00e2a. Ce dernier, ayant d\u00e9missionn\u00e9 il y a trois semaines, a laiss\u00e9 le champ libre au premier pour \u00eatre le seul homme fort du parti.<\/p>\n<p>Cependant, beaucoup ont du mal avec Al Watan. Qu&rsquo;importe le programme politique qu&rsquo;il propose, le parti est peu cr\u00e9dible pour certains. Ce n&rsquo;est gu\u00e8re \u00e9tonnant quand la base de ce parti est un compos\u00e9 d&rsquo;ex-RCD dont le secr\u00e9taire g\u00e9n\u00e9ral a \u00e9t\u00e9 ministre de l&rsquo;Int\u00e9rieur (1995-1997), ministre de la D\u00e9fense (1999-2001) et directeur du cabinet pr\u00e9sidentiel (1997-1999).<\/p>\n<p>Les meetings politiques d&rsquo;Al Watan ne se d\u00e9roulent pas toujours dans de bonnes conditions. Jegham, en personne, s&rsquo;en \u00e9tait plaint en affirmant que son parti \u00e9tait victime de nombreux harc\u00e8lements lors de la tenue de ses meetings et a rejet\u00e9 la faute sur des parties irresponsables qui souhaitent semer la discorde dans les rangs des citoyens tunisiens.<\/p>\n<p>Le hic, c&rsquo;est que ces \u00ab\u00a0harc\u00e8lements\u00a0\u00bb ne se passent pas uniquement dans nos contr\u00e9es. On se souvient de l&rsquo;\u00e9pisode de Lyon, au d\u00e9but du mois de juin, o\u00f9 pr\u00e8s de 300 Tunisiens se sont rassembl\u00e9s pour emp\u00eacher Mohamed Jegham de tenir une conf\u00e9rence.<\/p>\n<p>Hier, dimanche soir, selon NiceMatin, c&rsquo;est sur la C\u00f4te d&rsquo;Azur qu&rsquo;un meeting d&rsquo;Al Watan a d\u00e9g\u00e9n\u00e9r\u00e9. En effet, dans cette r\u00e9gion o\u00f9 habite une forte communaut\u00e9 tunisienne, Mohamed Jegham termine son discours et invite l&rsquo;assistance (tr\u00e8s restreinte) \u00e0 poser des questions. C&rsquo;est l\u00e0 qu&rsquo;un citoyen tunisien lui pose cette question : \u00ab Comment peut-on vous faire confiance alors que vous avez couvert des tortures en tant que ministre de l\u2019Int\u00e9rieur ? \u00bb.  \u00c9videmment, Jegham ne lui r\u00e9pond pas. En revanche, il se fait rapidement retirer le micro par les agents de la s\u00e9curit\u00e9.<\/p>\n<p>L\u2019histoire ne s\u2019arr\u00eate pas l\u00e0 puisque lorsqu&rsquo;un ami de ce dernier d\u00e9nonce cette atteinte \u00e0 la libert\u00e9 d&rsquo;expression, il se fait rouer de coups par des vigiles et des militants du parti, avant d&rsquo;\u00eatre jet\u00e9 dehors. Le visage tum\u00e9fi\u00e9, il sera transport\u00e9 \u00e0 l&rsquo;h\u00f4pital!<\/p>\n","protected":false},"excerpt":{"rendered":"<p>Nice : un citoyen tabass\u00e9 au cours d&rsquo;un meeting d&rsquo;Al Watan !<\/p>\n","protected":false},"author":3222,"featured_media":365270,"comment_status":"open","ping_status":"closed","sticky":false,"template":"","format":"standard","meta":{"footnotes":""},"categories":[44],"tags":[],"class_list":["post-172715","post","type-post","status-publish","format-standard","has-post-thumbnail","hentry","category-national"],"yoast_head":"<!-- This site is optimized with the Yoast SEO Premium plugin v27.4 (Yoast SEO v27.5) - https:\/\/yoast.com\/product\/yoast-seo-premium-wordpress\/ -->\n<title>Nice : un citoyen tabass\u00e9 au cours d&#039;un meeting d&#039;Al Watan !<\/title>\n<meta name=\"description\" content=\"Nice : un citoyen tabass\u00e9 au cours d&#039;un meeting d&#039;Al Watan !\" \/>\n<link rel=\"canonical\" href=\"https:\/\/www.webdo.tn\/fr\/actualite\/national\/nice-un-citoyen-tabasse-au-cours-d-un-meeting-dal-watan\/172715\/\" \/>\n<meta property=\"og:locale\" content=\"fr_FR\" \/>\n<meta property=\"og:type\" content=\"article\" \/>\n<meta property=\"og:title\" content=\"Nice : un citoyen tabass\u00e9 au cours d&#039;un meeting d&#039;Al Watan !\" \/>\n<meta property=\"og:description\" content=\"Nice : un citoyen tabass\u00e9 au cours d&#039;un meeting d&#039;Al Watan !\" \/>\n<meta property=\"og:url\" content=\"https:\/\/www.webdo.tn\/fr\/actualite\/national\/nice-un-citoyen-tabasse-au-cours-d-un-meeting-dal-watan\/172715\/\" \/>\n<meta property=\"og:site_name\" content=\"webdo\" \/>\n<meta property=\"article:publisher\" content=\"https:\/\/www.facebook.com\/webdotn\" \/>\n<meta property=\"article:published_time\" content=\"2011-07-04T14:33:00+00:00\" \/>\n<meta property=\"og:image\" content=\"https:\/\/www.webdo.tn\/fr\/wp-content\/uploads\/2011\/07\/Mohamed-Jegham-photo-Tourmag.com_.jpg\" \/>\n\t<meta property=\"og:image:width\" content=\"200\" \/>\n\t<meta property=\"og:image:height\" content=\"260\" \/>\n\t<meta property=\"og:image:type\" content=\"image\/jpeg\" \/>\n<meta name=\"author\" content=\"webdo.tn\" \/>\n<meta name=\"twitter:card\" content=\"summary_large_image\" \/>\n<meta name=\"twitter:creator\" content=\"@webdo_tn\" \/>\n<meta name=\"twitter:site\" content=\"@webdo_tn\" \/>\n<meta name=\"twitter:label1\" content=\"\u00c9crit par\" \/>\n\t<meta name=\"twitter:data1\" content=\"webdo.tn\" \/>\n\t<meta name=\"twitter:label2\" content=\"Dur\u00e9e de lecture estim\u00e9e\" \/>\n\t<meta name=\"twitter:data2\" content=\"2 minutes\" \/>\n<script type=\"application\/ld+json\" class=\"yoast-schema-graph\">{\"@context\":\"https:\\\/\\\/schema.org\",\"@graph\":[{\"@type\":\"NewsArticle\",\"@id\":\"https:\\\/\\\/www.webdo.tn\\\/fr\\\/actualite\\\/national\\\/nice-un-citoyen-tabasse-au-cours-d-un-meeting-dal-watan\\\/172715\\\/#article\",\"isPartOf\":{\"@id\":\"https:\\\/\\\/www.webdo.tn\\\/fr\\\/actualite\\\/national\\\/nice-un-citoyen-tabasse-au-cours-d-un-meeting-dal-watan\\\/172715\\\/\"},\"author\":{\"name\":\"webdo.tn\",\"@id\":\"https:\\\/\\\/www.webdo.tn\\\/fr\\\/#\\\/schema\\\/person\\\/9a9c6118d687c117df8ef3cc36a4d175\"},\"headline\":\"Nice : un citoyen tabass\u00e9 au cours d&rsquo;un meeting d&rsquo;Al Watan !\",\"datePublished\":\"2011-07-04T14:33:00+00:00\",\"mainEntityOfPage\":{\"@id\":\"https:\\\/\\\/www.webdo.tn\\\/fr\\\/actualite\\\/national\\\/nice-un-citoyen-tabasse-au-cours-d-un-meeting-dal-watan\\\/172715\\\/\"},\"wordCount\":421,\"commentCount\":0,\"publisher\":{\"@id\":\"https:\\\/\\\/www.webdo.tn\\\/fr\\\/#organization\"},\"image\":{\"@id\":\"https:\\\/\\\/www.webdo.tn\\\/fr\\\/actualite\\\/national\\\/nice-un-citoyen-tabasse-au-cours-d-un-meeting-dal-watan\\\/172715\\\/#primaryimage\"},\"thumbnailUrl\":\"https:\\\/\\\/www.webdo.tn\\\/fr\\\/wp-content\\\/uploads\\\/2011\\\/07\\\/Mohamed-Jegham-photo-Tourmag.com_.jpg\",\"articleSection\":[\"National\"],\"inLanguage\":\"fr-FR\"},{\"@type\":\"WebPage\",\"@id\":\"https:\\\/\\\/www.webdo.tn\\\/fr\\\/actualite\\\/national\\\/nice-un-citoyen-tabasse-au-cours-d-un-meeting-dal-watan\\\/172715\\\/\",\"url\":\"https:\\\/\\\/www.webdo.tn\\\/fr\\\/actualite\\\/national\\\/nice-un-citoyen-tabasse-au-cours-d-un-meeting-dal-watan\\\/172715\\\/\",\"name\":\"Nice : un citoyen tabass\u00e9 au cours d'un meeting d'Al Watan !\",\"isPartOf\":{\"@id\":\"https:\\\/\\\/www.webdo.tn\\\/fr\\\/#website\"},\"primaryImageOfPage\":{\"@id\":\"https:\\\/\\\/www.webdo.tn\\\/fr\\\/actualite\\\/national\\\/nice-un-citoyen-tabasse-au-cours-d-un-meeting-dal-watan\\\/172715\\\/#primaryimage\"},\"image\":{\"@id\":\"https:\\\/\\\/www.webdo.tn\\\/fr\\\/actualite\\\/national\\\/nice-un-citoyen-tabasse-au-cours-d-un-meeting-dal-watan\\\/172715\\\/#primaryimage\"},\"thumbnailUrl\":\"https:\\\/\\\/www.webdo.tn\\\/fr\\\/wp-content\\\/uploads\\\/2011\\\/07\\\/Mohamed-Jegham-photo-Tourmag.com_.jpg\",\"datePublished\":\"2011-07-04T14:33:00+00:00\",\"description\":\"Nice : un citoyen tabass\u00e9 au cours d'un meeting d'Al Watan !\",\"breadcrumb\":{\"@id\":\"https:\\\/\\\/www.webdo.tn\\\/fr\\\/actualite\\\/national\\\/nice-un-citoyen-tabasse-au-cours-d-un-meeting-dal-watan\\\/172715\\\/#breadcrumb\"},\"inLanguage\":\"fr-FR\",\"potentialAction\":[{\"@type\":\"ReadAction\",\"target\":[\"https:\\\/\\\/www.webdo.tn\\\/fr\\\/actualite\\\/national\\\/nice-un-citoyen-tabasse-au-cours-d-un-meeting-dal-watan\\\/172715\\\/\"]}]},{\"@type\":\"ImageObject\",\"inLanguage\":\"fr-FR\",\"@id\":\"https:\\\/\\\/www.webdo.tn\\\/fr\\\/actualite\\\/national\\\/nice-un-citoyen-tabasse-au-cours-d-un-meeting-dal-watan\\\/172715\\\/#primaryimage\",\"url\":\"https:\\\/\\\/www.webdo.tn\\\/fr\\\/wp-content\\\/uploads\\\/2011\\\/07\\\/Mohamed-Jegham-photo-Tourmag.com_.jpg\",\"contentUrl\":\"https:\\\/\\\/www.webdo.tn\\\/fr\\\/wp-content\\\/uploads\\\/2011\\\/07\\\/Mohamed-Jegham-photo-Tourmag.com_.jpg\",\"width\":200,\"height\":260,\"caption\":\"Nice : un citoyen tabass\u00e9 au cours d'un meeting d'Al Watan !\"},{\"@type\":\"BreadcrumbList\",\"@id\":\"https:\\\/\\\/www.webdo.tn\\\/fr\\\/actualite\\\/national\\\/nice-un-citoyen-tabasse-au-cours-d-un-meeting-dal-watan\\\/172715\\\/#breadcrumb\",\"itemListElement\":[{\"@type\":\"ListItem\",\"position\":1,\"name\":\"Accueil\",\"item\":\"https:\\\/\\\/www.webdo.tn\\\/fr\\\/\"},{\"@type\":\"ListItem\",\"position\":2,\"name\":\"Nice : un citoyen tabass\u00e9 au cours d&rsquo;un meeting d&rsquo;Al Watan !\"}]},{\"@type\":\"WebSite\",\"@id\":\"https:\\\/\\\/www.webdo.tn\\\/fr\\\/#website\",\"url\":\"https:\\\/\\\/www.webdo.tn\\\/fr\\\/\",\"name\":\"webdo\",\"description\":\"Tunisie - News en Tunisie et \u00e0 l&#039;international sur Webdo.tn\",\"publisher\":{\"@id\":\"https:\\\/\\\/www.webdo.tn\\\/fr\\\/#organization\"},\"potentialAction\":[{\"@type\":\"SearchAction\",\"target\":{\"@type\":\"EntryPoint\",\"urlTemplate\":\"https:\\\/\\\/www.webdo.tn\\\/fr\\\/?s={search_term_string}\"},\"query-input\":{\"@type\":\"PropertyValueSpecification\",\"valueRequired\":true,\"valueName\":\"search_term_string\"}}],\"inLanguage\":\"fr-FR\"},{\"@type\":\"Organization\",\"@id\":\"https:\\\/\\\/www.webdo.tn\\\/fr\\\/#organization\",\"name\":\"Webdo\",\"alternateName\":\"Webdo.tn\",\"url\":\"https:\\\/\\\/www.webdo.tn\\\/fr\\\/\",\"logo\":{\"@type\":\"ImageObject\",\"inLanguage\":\"fr-FR\",\"@id\":\"https:\\\/\\\/www.webdo.tn\\\/fr\\\/#\\\/schema\\\/logo\\\/image\\\/\",\"url\":\"https:\\\/\\\/www.webdo.tn\\\/fr\\\/wp-content\\\/uploads\\\/2025\\\/06\\\/Webdo-Tunisie_168377.jpg\",\"contentUrl\":\"https:\\\/\\\/www.webdo.tn\\\/fr\\\/wp-content\\\/uploads\\\/2025\\\/06\\\/Webdo-Tunisie_168377.jpg\",\"width\":301,\"height\":301,\"caption\":\"Webdo\"},\"image\":{\"@id\":\"https:\\\/\\\/www.webdo.tn\\\/fr\\\/#\\\/schema\\\/logo\\\/image\\\/\"},\"sameAs\":[\"https:\\\/\\\/www.facebook.com\\\/webdotn\",\"https:\\\/\\\/x.com\\\/webdo_tn\"],\"description\":\"Webdo est un m\u00e9dia num\u00e9rique tunisien fond\u00e9 en 2010, sp\u00e9cialis\u00e9 dans l\u2019actualit\u00e9 nationale et internationale, l\u2019\u00e9conomie, la soci\u00e9t\u00e9 et les analyses politiques. Le site s\u2019adresse \u00e0 un large public francophone et couvre l\u2019information tunisienne en temps r\u00e9el.\",\"email\":\"redac@webdo.tn\",\"legalName\":\"YNJ SARL\",\"foundingDate\":\"2010-09-06\",\"numberOfEmployees\":{\"@type\":\"QuantitativeValue\",\"minValue\":\"11\",\"maxValue\":\"50\"}},{\"@type\":\"Person\",\"@id\":\"https:\\\/\\\/www.webdo.tn\\\/fr\\\/#\\\/schema\\\/person\\\/9a9c6118d687c117df8ef3cc36a4d175\",\"name\":\"webdo.tn\",\"image\":{\"@type\":\"ImageObject\",\"inLanguage\":\"fr-FR\",\"@id\":\"https:\\\/\\\/secure.gravatar.com\\\/avatar\\\/7ce1f28c0c3bbac99ff550b85ef8e44a6950c6ee24514fb6a5489e51d06f0298?s=96&d=mm&r=g\",\"url\":\"https:\\\/\\\/secure.gravatar.com\\\/avatar\\\/7ce1f28c0c3bbac99ff550b85ef8e44a6950c6ee24514fb6a5489e51d06f0298?s=96&d=mm&r=g\",\"contentUrl\":\"https:\\\/\\\/secure.gravatar.com\\\/avatar\\\/7ce1f28c0c3bbac99ff550b85ef8e44a6950c6ee24514fb6a5489e51d06f0298?s=96&d=mm&r=g\",\"caption\":\"webdo.tn\"},\"url\":\"https:\\\/\\\/www.webdo.tn\\\/fr\\\/actualite\\\/author\\\/webdotn\\\/\"}]}<\/script>\n<!-- \/ Yoast SEO Premium plugin. -->","yoast_head_json":{"title":"Nice : un citoyen tabass\u00e9 au cours d'un meeting d'Al Watan !","description":"Nice : un citoyen tabass\u00e9 au cours d'un meeting d'Al Watan !","canonical":"https:\/\/www.webdo.tn\/fr\/actualite\/national\/nice-un-citoyen-tabasse-au-cours-d-un-meeting-dal-watan\/172715\/","og_locale":"fr_FR","og_type":"article","og_title":"Nice : un citoyen tabass\u00e9 au cours d'un meeting d'Al Watan !","og_description":"Nice : un citoyen tabass\u00e9 au cours d'un meeting d'Al Watan !","og_url":"https:\/\/www.webdo.tn\/fr\/actualite\/national\/nice-un-citoyen-tabasse-au-cours-d-un-meeting-dal-watan\/172715\/","og_site_name":"webdo","article_publisher":"https:\/\/www.facebook.com\/webdotn","article_published_time":"2011-07-04T14:33:00+00:00","og_image":[{"width":200,"height":260,"url":"https:\/\/www.webdo.tn\/fr\/wp-content\/uploads\/2011\/07\/Mohamed-Jegham-photo-Tourmag.com_.jpg","type":"image\/jpeg"}],"author":"webdo.tn","twitter_card":"summary_large_image","twitter_creator":"@webdo_tn","twitter_site":"@webdo_tn","twitter_misc":{"\u00c9crit par":"webdo.tn","Dur\u00e9e de lecture estim\u00e9e":"2 minutes"},"schema":{"@context":"https:\/\/schema.org","@graph":[{"@type":"NewsArticle","@id":"https:\/\/www.webdo.tn\/fr\/actualite\/national\/nice-un-citoyen-tabasse-au-cours-d-un-meeting-dal-watan\/172715\/#article","isPartOf":{"@id":"https:\/\/www.webdo.tn\/fr\/actualite\/national\/nice-un-citoyen-tabasse-au-cours-d-un-meeting-dal-watan\/172715\/"},"author":{"name":"webdo.tn","@id":"https:\/\/www.webdo.tn\/fr\/#\/schema\/person\/9a9c6118d687c117df8ef3cc36a4d175"},"headline":"Nice : un citoyen tabass\u00e9 au cours d&rsquo;un meeting d&rsquo;Al Watan !","datePublished":"2011-07-04T14:33:00+00:00","mainEntityOfPage":{"@id":"https:\/\/www.webdo.tn\/fr\/actualite\/national\/nice-un-citoyen-tabasse-au-cours-d-un-meeting-dal-watan\/172715\/"},"wordCount":421,"commentCount":0,"publisher":{"@id":"https:\/\/www.webdo.tn\/fr\/#organization"},"image":{"@id":"https:\/\/www.webdo.tn\/fr\/actualite\/national\/nice-un-citoyen-tabasse-au-cours-d-un-meeting-dal-watan\/172715\/#primaryimage"},"thumbnailUrl":"https:\/\/www.webdo.tn\/fr\/wp-content\/uploads\/2011\/07\/Mohamed-Jegham-photo-Tourmag.com_.jpg","articleSection":["National"],"inLanguage":"fr-FR"},{"@type":"WebPage","@id":"https:\/\/www.webdo.tn\/fr\/actualite\/national\/nice-un-citoyen-tabasse-au-cours-d-un-meeting-dal-watan\/172715\/","url":"https:\/\/www.webdo.tn\/fr\/actualite\/national\/nice-un-citoyen-tabasse-au-cours-d-un-meeting-dal-watan\/172715\/","name":"Nice : un citoyen tabass\u00e9 au cours d'un meeting d'Al Watan !","isPartOf":{"@id":"https:\/\/www.webdo.tn\/fr\/#website"},"primaryImageOfPage":{"@id":"https:\/\/www.webdo.tn\/fr\/actualite\/national\/nice-un-citoyen-tabasse-au-cours-d-un-meeting-dal-watan\/172715\/#primaryimage"},"image":{"@id":"https:\/\/www.webdo.tn\/fr\/actualite\/national\/nice-un-citoyen-tabasse-au-cours-d-un-meeting-dal-watan\/172715\/#primaryimage"},"thumbnailUrl":"https:\/\/www.webdo.tn\/fr\/wp-content\/uploads\/2011\/07\/Mohamed-Jegham-photo-Tourmag.com_.jpg","datePublished":"2011-07-04T14:33:00+00:00","description":"Nice : un citoyen tabass\u00e9 au cours d'un meeting d'Al Watan !","breadcrumb":{"@id":"https:\/\/www.webdo.tn\/fr\/actualite\/national\/nice-un-citoyen-tabasse-au-cours-d-un-meeting-dal-watan\/172715\/#breadcrumb"},"inLanguage":"fr-FR","potentialAction":[{"@type":"ReadAction","target":["https:\/\/www.webdo.tn\/fr\/actualite\/national\/nice-un-citoyen-tabasse-au-cours-d-un-meeting-dal-watan\/172715\/"]}]},{"@type":"ImageObject","inLanguage":"fr-FR","@id":"https:\/\/www.webdo.tn\/fr\/actualite\/national\/nice-un-citoyen-tabasse-au-cours-d-un-meeting-dal-watan\/172715\/#primaryimage","url":"https:\/\/www.webdo.tn\/fr\/wp-content\/uploads\/2011\/07\/Mohamed-Jegham-photo-Tourmag.com_.jpg","contentUrl":"https:\/\/www.webdo.tn\/fr\/wp-content\/uploads\/2011\/07\/Mohamed-Jegham-photo-Tourmag.com_.jpg","width":200,"height":260,"caption":"Nice : un citoyen tabass\u00e9 au cours d'un meeting d'Al Watan !"},{"@type":"BreadcrumbList","@id":"https:\/\/www.webdo.tn\/fr\/actualite\/national\/nice-un-citoyen-tabasse-au-cours-d-un-meeting-dal-watan\/172715\/#breadcrumb","itemListElement":[{"@type":"ListItem","position":1,"name":"Accueil","item":"https:\/\/www.webdo.tn\/fr\/"},{"@type":"ListItem","position":2,"name":"Nice : un citoyen tabass\u00e9 au cours d&rsquo;un meeting d&rsquo;Al Watan !"}]},{"@type":"WebSite","@id":"https:\/\/www.webdo.tn\/fr\/#website","url":"https:\/\/www.webdo.tn\/fr\/","name":"webdo","description":"Tunisie - News en Tunisie et \u00e0 l&#039;international sur Webdo.tn","publisher":{"@id":"https:\/\/www.webdo.tn\/fr\/#organization"},"potentialAction":[{"@type":"SearchAction","target":{"@type":"EntryPoint","urlTemplate":"https:\/\/www.webdo.tn\/fr\/?s={search_term_string}"},"query-input":{"@type":"PropertyValueSpecification","valueRequired":true,"valueName":"search_term_string"}}],"inLanguage":"fr-FR"},{"@type":"Organization","@id":"https:\/\/www.webdo.tn\/fr\/#organization","name":"Webdo","alternateName":"Webdo.tn","url":"https:\/\/www.webdo.tn\/fr\/","logo":{"@type":"ImageObject","inLanguage":"fr-FR","@id":"https:\/\/www.webdo.tn\/fr\/#\/schema\/logo\/image\/","url":"https:\/\/www.webdo.tn\/fr\/wp-content\/uploads\/2025\/06\/Webdo-Tunisie_168377.jpg","contentUrl":"https:\/\/www.webdo.tn\/fr\/wp-content\/uploads\/2025\/06\/Webdo-Tunisie_168377.jpg","width":301,"height":301,"caption":"Webdo"},"image":{"@id":"https:\/\/www.webdo.tn\/fr\/#\/schema\/logo\/image\/"},"sameAs":["https:\/\/www.facebook.com\/webdotn","https:\/\/x.com\/webdo_tn"],"description":"Webdo est un m\u00e9dia num\u00e9rique tunisien fond\u00e9 en 2010, sp\u00e9cialis\u00e9 dans l\u2019actualit\u00e9 nationale et internationale, l\u2019\u00e9conomie, la soci\u00e9t\u00e9 et les analyses politiques. Le site s\u2019adresse \u00e0 un large public francophone et couvre l\u2019information tunisienne en temps r\u00e9el.","email":"redac@webdo.tn","legalName":"YNJ SARL","foundingDate":"2010-09-06","numberOfEmployees":{"@type":"QuantitativeValue","minValue":"11","maxValue":"50"}},{"@type":"Person","@id":"https:\/\/www.webdo.tn\/fr\/#\/schema\/person\/9a9c6118d687c117df8ef3cc36a4d175","name":"webdo.tn","image":{"@type":"ImageObject","inLanguage":"fr-FR","@id":"https:\/\/secure.gravatar.com\/avatar\/7ce1f28c0c3bbac99ff550b85ef8e44a6950c6ee24514fb6a5489e51d06f0298?s=96&d=mm&r=g","url":"https:\/\/secure.gravatar.com\/avatar\/7ce1f28c0c3bbac99ff550b85ef8e44a6950c6ee24514fb6a5489e51d06f0298?s=96&d=mm&r=g","contentUrl":"https:\/\/secure.gravatar.com\/avatar\/7ce1f28c0c3bbac99ff550b85ef8e44a6950c6ee24514fb6a5489e51d06f0298?s=96&d=mm&r=g","caption":"webdo.tn"},"url":"https:\/\/www.webdo.tn\/fr\/actualite\/author\/webdotn\/"}]}},"_links":{"self":[{"href":"https:\/\/www.webdo.tn\/fr\/wp-json\/wp\/v2\/posts\/172715","targetHints":{"allow":["GET"]}}],"collection":[{"href":"https:\/\/www.webdo.tn\/fr\/wp-json\/wp\/v2\/posts"}],"about":[{"href":"https:\/\/www.webdo.tn\/fr\/wp-json\/wp\/v2\/types\/post"}],"author":[{"embeddable":true,"href":"https:\/\/www.webdo.tn\/fr\/wp-json\/wp\/v2\/users\/3222"}],"replies":[{"embeddable":true,"href":"https:\/\/www.webdo.tn\/fr\/wp-json\/wp\/v2\/comments?post=172715"}],"version-history":[{"count":0,"href":"https:\/\/www.webdo.tn\/fr\/wp-json\/wp\/v2\/posts\/172715\/revisions"}],"wp:featuredmedia":[{"embeddable":true,"href":"https:\/\/www.webdo.tn\/fr\/wp-json\/wp\/v2\/media\/365270"}],"wp:attachment":[{"href":"https:\/\/www.webdo.tn\/fr\/wp-json\/wp\/v2\/media?parent=172715"}],"wp:term":[{"taxonomy":"category","embeddable":true,"href":"https:\/\/www.webdo.tn\/fr\/wp-json\/wp\/v2\/categories?post=172715"},{"taxonomy":"post_tag","embeddable":true,"href":"https:\/\/www.webdo.tn\/fr\/wp-json\/wp\/v2\/tags?post=172715"}],"curies":[{"name":"wp","href":"https:\/\/api.w.org\/{rel}","templated":true}]}}