{"id":172702,"date":"2011-07-11T11:45:00","date_gmt":"2011-07-11T11:45:00","guid":{"rendered":"https:\/\/www.webdo.tn\/fr\/actualite\/blog\/hosni-beji-avocat-du-president-dechu-a-ce-rythme-de-condamnations-ben-ali-en-aura-pour-3-mille-ans\/172702\/"},"modified":"2011-07-11T11:45:00","modified_gmt":"2011-07-11T11:45:00","slug":"hosni-beji-avocat-du-president-dechu-a-ce-rythme-de-condamnations-ben-ali-en-aura-pour-3-mille-ans","status":"publish","type":"post","link":"https:\/\/www.webdo.tn\/fr\/actualite\/national\/hosni-beji-avocat-du-president-dechu-a-ce-rythme-de-condamnations-ben-ali-en-aura-pour-3-mille-ans\/172702\/","title":{"rendered":"Hosni B\u00e9ji (avocat du pr\u00e9sident d\u00e9chu)\u00a0: \u00ab\u00a0\u00c0 ce rythme de condamnations, Ben Ali en aura pour 3 mille ans\u00a0\u00bb"},"content":{"rendered":"<p>Entretien avec Ma\u00eetre Hosni B\u00e9ji, l&rsquo;un des trois avocats d\u00e9sign\u00e9s par le barreau pour la d\u00e9fense du pr\u00e9sident d\u00e9chu.<\/p>\n<p>D&rsquo;abord, comment avez-vous \u00e9t\u00e9 choisi par le barreau pour d\u00e9fendre le pr\u00e9sident d\u00e9chu et comment avez-vous accept\u00e9 cette t\u00e2che, surtout quand on sait que vous n&rsquo;aviez eu aucun rapport, par le pass\u00e9, avec le RCD, l&rsquo;ancien parti au pouvoir ?<\/p>\n<p>Je pr\u00e9cise, au d\u00e9but, qu&rsquo;au temps o\u00f9 Ben Ali \u00e9tait au pouvoir j&rsquo;\u00e9tais dans l&rsquo;opposition. Ensuite par rapport au choix port\u00e9 sur ma personne, c&rsquo;en est nullement un. J&rsquo;ai \u00e9t\u00e9, en fait, d\u00e9sign\u00e9 par la section r\u00e9gionale de Tunis et ce, apr\u00e8s que le pr\u00e9sident de la section ait demand\u00e9 \u00e0 des confr\u00e8res et \u00e0 des cons\u0153urs de prendre la d\u00e9fense de l&rsquo;ex-pr\u00e9sident, lesquels ont refus\u00e9 pour une raison ou une autre. Quand on m&rsquo;a fait la proposition et qu&rsquo;ils ont soutenu qu&rsquo;ils pr\u00e9f\u00e9raient des avocats ayant de l&rsquo;exp\u00e9rience, j&rsquo;ai accept\u00e9 de prendre ce dossier.<\/p>\n<p>Est-il logique qu&rsquo;un opposant au pr\u00e9sident soit dans le m\u00eame temps son d\u00e9fenseur ?<\/p>\n<p>Ecoutez, le droit \u00e0 la d\u00e9fense est universel. Vous ne pouvez pas, par cons\u00e9quent, faillir au serment que vous avez r\u00e9cit\u00e9 et qui vous rappelle, entre autres, les obligations que vous devez respecter qu&rsquo;elles soient d&rsquo;ordre moral, l\u00e9gal ou d&rsquo;\u00e9thique. Sachez aussi que sur les 8000 avocats que renferme ce corps, il existe 1200 avocats rc\u00e9distes parmi lesquels personne ne s&rsquo;est pr\u00e9sent\u00e9 pour la d\u00e9fense de l&rsquo;ex-pr\u00e9sident.<\/p>\n<p>Comment r\u00e9agissez-vous par rapport aux critiques de l&rsquo;opinion publique, laquelle avance que le jugement de Ben Ali est une mascarade ?<\/p>\n<p>J&rsquo;\u00e9tais parmi les premiers \u00e0 avoir soutenu cette th\u00e8se. Les chefs d&rsquo;accusations sont scandaleux. Comme celui ayant trait \u00e0 la consommation, \u00e0 l&rsquo;import et \u00e0 l&rsquo;export de produits stup\u00e9fiants imput\u00e9s \u00e0 l&rsquo;ex-pr\u00e9sident. Imaginez un Chef d&rsquo;Etat qui pr\u00e9side le matin un Conseil des ministres, et qui s&rsquo;adonne, l&rsquo;apr\u00e8s-midi, \u00e0 la consommation de la drogue, \u00e0 importer et \u00e0 exporter des stup\u00e9fiants. C&rsquo;est aberrant.<\/p>\n<p>Vous \u00eates plut\u00f4t dans le caricatural !<\/p>\n<p>C&rsquo;est vrai mais c&rsquo;est de la pure r\u00e9alit\u00e9. Je vous en donnerai d&rsquo;autres \u00e9l\u00e9ments dans le dossier qui comportent des vices de forme : savez-vous que la commission de Abdelfattah Ben Amor n&rsquo;\u00e9tait pas dans son droit quand elle a perquisitionn\u00e9 le palais de Sidi Dhrif. Dans le droit tunisien, il faut qu&rsquo;il y ait au moins deux voisins, habitant pr\u00e8s du palais, qui soient pr\u00e9sents sur les lieux de la perquisition pour que cette op\u00e9ration soit l\u00e9gale. Parmi ces deux voisins, la pr\u00e9sence d&rsquo;une femme est obligatoire sans quoi la proc\u00e9dure est nulle et non avenue. Devant tant de vices de forme, j&rsquo;ai choisi la proc\u00e9dure de rupture, laquelle est ch\u00e8re \u00e0 ma\u00eetre Jacques Verg\u00e8s.<\/p>\n<p>Comment r\u00e9agissez-vous par rapport aux propos d&rsquo;Akram Azouri, l&rsquo;avocat libanais de Ben Ali, qui ne reconna\u00eet pas les proc\u00e8s intent\u00e9s \u00e0 son client, et par cons\u00e9quent ne vous reconna\u00eet pas en tant qu&rsquo;avocat de la d\u00e9fense ?<\/p>\n<p>Il faut savoir que Ben Ali s&rsquo;est pr\u00e9sent\u00e9 le 5 juin au consulat g\u00e9n\u00e9ral \u00e0 Djeddah pour donner une procuration \u00e0 Akram Azouri afin de le d\u00e9fendre. Moi, j&rsquo;ai \u00e9t\u00e9 d\u00e9sign\u00e9 d&rsquo;office le 20 juin. Il faut savoir, \u00e9galement, que dans un proc\u00e8s p\u00e9nal d&rsquo;ordre criminel, il faut la pr\u00e9sence d&rsquo;un avocat, sans quoi les 5 juges de la cour ne peuvent pas rendre des jugements.<\/p>\n<p>Vous avez exprim\u00e9, para\u00eet-il, votre volont\u00e9 de rencontrer Ben Ali afin de le persuader de se pr\u00e9senter en personne pour le jugement !<\/p>\n<p>Ce sont des propos de certains journalistes en qu\u00eate de sensationnel. J&rsquo;ai eu par contre des entretiens avec ses proches et ils sont d&rsquo;accord pour que je le rencontre. Sauf que je suis actuellement dans l&rsquo;impossibilit\u00e9 de le faire. On est tous pour que le proc\u00e8s soit \u00e9quitable.<\/p>\n<p>A propos de ce proc\u00e8s, comment voyez-vous la suite des \u00e9v\u00e9nements ?<\/p>\n<p>Personnellement, je ne sais pas pourquoi il y a autant de pr\u00e9cipitation dans la proc\u00e9dure du jugement. Actuellement, il existe 118 chefs d&rsquo;accusations contre le pr\u00e9sident d\u00e9chu, ils seront au nombre de 200 dans quelque temps. Et \u00e0 ce rythme de condamnations, Ben Ali en aura pour 3000 ans de prison. (NDLR : autant que toute l&rsquo;histoire de la Tunisie).<br \/>\nEntretien conduit par Chahir CHAKROUN (Tunis-Hebdo)<\/p>\n","protected":false},"excerpt":{"rendered":"<p>Hosni B\u00e9ji (avocat du pr\u00e9sident d\u00e9chu)\u00a0:  \u00c0 ce rythme de condamnations, Ben Ali en aura pour 3 mille ans <\/p>\n","protected":false},"author":3222,"featured_media":365259,"comment_status":"open","ping_status":"closed","sticky":false,"template":"","format":"standard","meta":{"footnotes":""},"categories":[44],"tags":[],"class_list":["post-172702","post","type-post","status-publish","format-standard","has-post-thumbnail","hentry","category-national"],"yoast_head":"<!-- This site is optimized with the Yoast SEO Premium plugin v27.4 (Yoast SEO v27.5) - https:\/\/yoast.com\/product\/yoast-seo-premium-wordpress\/ -->\n<title>Hosni B\u00e9ji (avocat du pr\u00e9sident d\u00e9chu)\u00a0: \u00c0 ce rythme de condamnations, Ben Ali en aura pour 3 mille ans<\/title>\n<meta name=\"description\" content=\"Hosni B\u00e9ji (avocat du pr\u00e9sident d\u00e9chu)\u00a0: \u00c0 ce rythme de condamnations, Ben Ali en aura pour 3 mille ans\" \/>\n<link rel=\"canonical\" href=\"https:\/\/www.webdo.tn\/fr\/actualite\/national\/hosni-beji-avocat-du-president-dechu-a-ce-rythme-de-condamnations-ben-ali-en-aura-pour-3-mille-ans\/172702\/\" \/>\n<meta property=\"og:locale\" content=\"fr_FR\" \/>\n<meta property=\"og:type\" content=\"article\" \/>\n<meta property=\"og:title\" content=\"Hosni B\u00e9ji (avocat du pr\u00e9sident d\u00e9chu)\u00a0: &quot;\u00c0 ce rythme de condamnations, Ben Ali en aura pour 3 mille ans&quot;\" \/>\n<meta property=\"og:description\" content=\"Hosni B\u00e9ji (avocat du pr\u00e9sident d\u00e9chu)\u00a0: \u00c0 ce rythme de condamnations, Ben Ali en aura pour 3 mille ans\" \/>\n<meta property=\"og:url\" content=\"https:\/\/www.webdo.tn\/fr\/actualite\/national\/hosni-beji-avocat-du-president-dechu-a-ce-rythme-de-condamnations-ben-ali-en-aura-pour-3-mille-ans\/172702\/\" \/>\n<meta property=\"og:site_name\" content=\"webdo\" \/>\n<meta property=\"article:publisher\" content=\"https:\/\/www.facebook.com\/webdotn\" \/>\n<meta property=\"article:published_time\" content=\"2011-07-11T11:45:00+00:00\" \/>\n<meta property=\"og:image\" content=\"https:\/\/www.webdo.tn\/fr\/wp-content\/uploads\/2011\/07\/Me-Hosni-Beji-un-des-avocats-de-Ben-Ali-photo-Paris-Match.jpg\" \/>\n\t<meta property=\"og:image:width\" content=\"232\" \/>\n\t<meta property=\"og:image:height\" content=\"211\" \/>\n\t<meta property=\"og:image:type\" content=\"image\/jpeg\" \/>\n<meta name=\"author\" content=\"webdo.tn\" \/>\n<meta name=\"twitter:card\" content=\"summary_large_image\" \/>\n<meta name=\"twitter:creator\" content=\"@webdo_tn\" \/>\n<meta name=\"twitter:site\" content=\"@webdo_tn\" \/>\n<meta name=\"twitter:label1\" content=\"\u00c9crit par\" \/>\n\t<meta name=\"twitter:data1\" content=\"webdo.tn\" \/>\n\t<meta name=\"twitter:label2\" content=\"Dur\u00e9e de lecture estim\u00e9e\" \/>\n\t<meta name=\"twitter:data2\" content=\"4 minutes\" \/>\n<script type=\"application\/ld+json\" class=\"yoast-schema-graph\">{\"@context\":\"https:\\\/\\\/schema.org\",\"@graph\":[{\"@type\":\"NewsArticle\",\"@id\":\"https:\\\/\\\/www.webdo.tn\\\/fr\\\/actualite\\\/national\\\/hosni-beji-avocat-du-president-dechu-a-ce-rythme-de-condamnations-ben-ali-en-aura-pour-3-mille-ans\\\/172702\\\/#article\",\"isPartOf\":{\"@id\":\"https:\\\/\\\/www.webdo.tn\\\/fr\\\/actualite\\\/national\\\/hosni-beji-avocat-du-president-dechu-a-ce-rythme-de-condamnations-ben-ali-en-aura-pour-3-mille-ans\\\/172702\\\/\"},\"author\":{\"name\":\"webdo.tn\",\"@id\":\"https:\\\/\\\/www.webdo.tn\\\/fr\\\/#\\\/schema\\\/person\\\/9a9c6118d687c117df8ef3cc36a4d175\"},\"headline\":\"Hosni B\u00e9ji (avocat du pr\u00e9sident d\u00e9chu)\u00a0: \u00ab\u00a0\u00c0 ce rythme de condamnations, Ben Ali en aura pour 3 mille ans\u00a0\u00bb\",\"datePublished\":\"2011-07-11T11:45:00+00:00\",\"mainEntityOfPage\":{\"@id\":\"https:\\\/\\\/www.webdo.tn\\\/fr\\\/actualite\\\/national\\\/hosni-beji-avocat-du-president-dechu-a-ce-rythme-de-condamnations-ben-ali-en-aura-pour-3-mille-ans\\\/172702\\\/\"},\"wordCount\":813,\"commentCount\":0,\"publisher\":{\"@id\":\"https:\\\/\\\/www.webdo.tn\\\/fr\\\/#organization\"},\"image\":{\"@id\":\"https:\\\/\\\/www.webdo.tn\\\/fr\\\/actualite\\\/national\\\/hosni-beji-avocat-du-president-dechu-a-ce-rythme-de-condamnations-ben-ali-en-aura-pour-3-mille-ans\\\/172702\\\/#primaryimage\"},\"thumbnailUrl\":\"https:\\\/\\\/www.webdo.tn\\\/fr\\\/wp-content\\\/uploads\\\/2011\\\/07\\\/Me-Hosni-Beji-un-des-avocats-de-Ben-Ali-photo-Paris-Match.jpg\",\"articleSection\":[\"National\"],\"inLanguage\":\"fr-FR\"},{\"@type\":\"WebPage\",\"@id\":\"https:\\\/\\\/www.webdo.tn\\\/fr\\\/actualite\\\/national\\\/hosni-beji-avocat-du-president-dechu-a-ce-rythme-de-condamnations-ben-ali-en-aura-pour-3-mille-ans\\\/172702\\\/\",\"url\":\"https:\\\/\\\/www.webdo.tn\\\/fr\\\/actualite\\\/national\\\/hosni-beji-avocat-du-president-dechu-a-ce-rythme-de-condamnations-ben-ali-en-aura-pour-3-mille-ans\\\/172702\\\/\",\"name\":\"Hosni B\u00e9ji (avocat du pr\u00e9sident d\u00e9chu)\u00a0: \u00c0 ce rythme de condamnations, Ben Ali en aura pour 3 mille ans\",\"isPartOf\":{\"@id\":\"https:\\\/\\\/www.webdo.tn\\\/fr\\\/#website\"},\"primaryImageOfPage\":{\"@id\":\"https:\\\/\\\/www.webdo.tn\\\/fr\\\/actualite\\\/national\\\/hosni-beji-avocat-du-president-dechu-a-ce-rythme-de-condamnations-ben-ali-en-aura-pour-3-mille-ans\\\/172702\\\/#primaryimage\"},\"image\":{\"@id\":\"https:\\\/\\\/www.webdo.tn\\\/fr\\\/actualite\\\/national\\\/hosni-beji-avocat-du-president-dechu-a-ce-rythme-de-condamnations-ben-ali-en-aura-pour-3-mille-ans\\\/172702\\\/#primaryimage\"},\"thumbnailUrl\":\"https:\\\/\\\/www.webdo.tn\\\/fr\\\/wp-content\\\/uploads\\\/2011\\\/07\\\/Me-Hosni-Beji-un-des-avocats-de-Ben-Ali-photo-Paris-Match.jpg\",\"datePublished\":\"2011-07-11T11:45:00+00:00\",\"description\":\"Hosni B\u00e9ji (avocat du pr\u00e9sident d\u00e9chu)\u00a0: \u00c0 ce rythme de condamnations, Ben Ali en aura pour 3 mille ans\",\"breadcrumb\":{\"@id\":\"https:\\\/\\\/www.webdo.tn\\\/fr\\\/actualite\\\/national\\\/hosni-beji-avocat-du-president-dechu-a-ce-rythme-de-condamnations-ben-ali-en-aura-pour-3-mille-ans\\\/172702\\\/#breadcrumb\"},\"inLanguage\":\"fr-FR\",\"potentialAction\":[{\"@type\":\"ReadAction\",\"target\":[\"https:\\\/\\\/www.webdo.tn\\\/fr\\\/actualite\\\/national\\\/hosni-beji-avocat-du-president-dechu-a-ce-rythme-de-condamnations-ben-ali-en-aura-pour-3-mille-ans\\\/172702\\\/\"]}]},{\"@type\":\"ImageObject\",\"inLanguage\":\"fr-FR\",\"@id\":\"https:\\\/\\\/www.webdo.tn\\\/fr\\\/actualite\\\/national\\\/hosni-beji-avocat-du-president-dechu-a-ce-rythme-de-condamnations-ben-ali-en-aura-pour-3-mille-ans\\\/172702\\\/#primaryimage\",\"url\":\"https:\\\/\\\/www.webdo.tn\\\/fr\\\/wp-content\\\/uploads\\\/2011\\\/07\\\/Me-Hosni-Beji-un-des-avocats-de-Ben-Ali-photo-Paris-Match.jpg\",\"contentUrl\":\"https:\\\/\\\/www.webdo.tn\\\/fr\\\/wp-content\\\/uploads\\\/2011\\\/07\\\/Me-Hosni-Beji-un-des-avocats-de-Ben-Ali-photo-Paris-Match.jpg\",\"width\":232,\"height\":211,\"caption\":\"Hosni B\u00e9ji (avocat du pr\u00e9sident d\u00e9chu)\u00a0: \\\"\u00c0 ce rythme de condamnations, Ben Ali en aura pour 3 mille ans\\\"\"},{\"@type\":\"BreadcrumbList\",\"@id\":\"https:\\\/\\\/www.webdo.tn\\\/fr\\\/actualite\\\/national\\\/hosni-beji-avocat-du-president-dechu-a-ce-rythme-de-condamnations-ben-ali-en-aura-pour-3-mille-ans\\\/172702\\\/#breadcrumb\",\"itemListElement\":[{\"@type\":\"ListItem\",\"position\":1,\"name\":\"Accueil\",\"item\":\"https:\\\/\\\/www.webdo.tn\\\/fr\\\/\"},{\"@type\":\"ListItem\",\"position\":2,\"name\":\"Hosni B\u00e9ji (avocat du pr\u00e9sident d\u00e9chu)\u00a0: \u00ab\u00a0\u00c0 ce rythme de condamnations, Ben Ali en aura pour 3 mille ans\u00a0\u00bb\"}]},{\"@type\":\"WebSite\",\"@id\":\"https:\\\/\\\/www.webdo.tn\\\/fr\\\/#website\",\"url\":\"https:\\\/\\\/www.webdo.tn\\\/fr\\\/\",\"name\":\"webdo\",\"description\":\"Tunisie - News en Tunisie et \u00e0 l&#039;international sur Webdo.tn\",\"publisher\":{\"@id\":\"https:\\\/\\\/www.webdo.tn\\\/fr\\\/#organization\"},\"potentialAction\":[{\"@type\":\"SearchAction\",\"target\":{\"@type\":\"EntryPoint\",\"urlTemplate\":\"https:\\\/\\\/www.webdo.tn\\\/fr\\\/?s={search_term_string}\"},\"query-input\":{\"@type\":\"PropertyValueSpecification\",\"valueRequired\":true,\"valueName\":\"search_term_string\"}}],\"inLanguage\":\"fr-FR\"},{\"@type\":\"Organization\",\"@id\":\"https:\\\/\\\/www.webdo.tn\\\/fr\\\/#organization\",\"name\":\"Webdo\",\"alternateName\":\"Webdo.tn\",\"url\":\"https:\\\/\\\/www.webdo.tn\\\/fr\\\/\",\"logo\":{\"@type\":\"ImageObject\",\"inLanguage\":\"fr-FR\",\"@id\":\"https:\\\/\\\/www.webdo.tn\\\/fr\\\/#\\\/schema\\\/logo\\\/image\\\/\",\"url\":\"https:\\\/\\\/www.webdo.tn\\\/fr\\\/wp-content\\\/uploads\\\/2025\\\/06\\\/Webdo-Tunisie_168377.jpg\",\"contentUrl\":\"https:\\\/\\\/www.webdo.tn\\\/fr\\\/wp-content\\\/uploads\\\/2025\\\/06\\\/Webdo-Tunisie_168377.jpg\",\"width\":301,\"height\":301,\"caption\":\"Webdo\"},\"image\":{\"@id\":\"https:\\\/\\\/www.webdo.tn\\\/fr\\\/#\\\/schema\\\/logo\\\/image\\\/\"},\"sameAs\":[\"https:\\\/\\\/www.facebook.com\\\/webdotn\",\"https:\\\/\\\/x.com\\\/webdo_tn\"],\"description\":\"Webdo est un m\u00e9dia num\u00e9rique tunisien fond\u00e9 en 2010, sp\u00e9cialis\u00e9 dans l\u2019actualit\u00e9 nationale et internationale, l\u2019\u00e9conomie, la soci\u00e9t\u00e9 et les analyses politiques. Le site s\u2019adresse \u00e0 un large public francophone et couvre l\u2019information tunisienne en temps r\u00e9el.\",\"email\":\"redac@webdo.tn\",\"legalName\":\"YNJ SARL\",\"foundingDate\":\"2010-09-06\",\"numberOfEmployees\":{\"@type\":\"QuantitativeValue\",\"minValue\":\"11\",\"maxValue\":\"50\"}},{\"@type\":\"Person\",\"@id\":\"https:\\\/\\\/www.webdo.tn\\\/fr\\\/#\\\/schema\\\/person\\\/9a9c6118d687c117df8ef3cc36a4d175\",\"name\":\"webdo.tn\",\"image\":{\"@type\":\"ImageObject\",\"inLanguage\":\"fr-FR\",\"@id\":\"https:\\\/\\\/secure.gravatar.com\\\/avatar\\\/7ce1f28c0c3bbac99ff550b85ef8e44a6950c6ee24514fb6a5489e51d06f0298?s=96&d=mm&r=g\",\"url\":\"https:\\\/\\\/secure.gravatar.com\\\/avatar\\\/7ce1f28c0c3bbac99ff550b85ef8e44a6950c6ee24514fb6a5489e51d06f0298?s=96&d=mm&r=g\",\"contentUrl\":\"https:\\\/\\\/secure.gravatar.com\\\/avatar\\\/7ce1f28c0c3bbac99ff550b85ef8e44a6950c6ee24514fb6a5489e51d06f0298?s=96&d=mm&r=g\",\"caption\":\"webdo.tn\"},\"url\":\"https:\\\/\\\/www.webdo.tn\\\/fr\\\/actualite\\\/author\\\/webdotn\\\/\"}]}<\/script>\n<!-- \/ Yoast SEO Premium plugin. -->","yoast_head_json":{"title":"Hosni B\u00e9ji (avocat du pr\u00e9sident d\u00e9chu)\u00a0: \u00c0 ce rythme de condamnations, Ben Ali en aura pour 3 mille ans","description":"Hosni B\u00e9ji (avocat du pr\u00e9sident d\u00e9chu)\u00a0: \u00c0 ce rythme de condamnations, Ben Ali en aura pour 3 mille ans","canonical":"https:\/\/www.webdo.tn\/fr\/actualite\/national\/hosni-beji-avocat-du-president-dechu-a-ce-rythme-de-condamnations-ben-ali-en-aura-pour-3-mille-ans\/172702\/","og_locale":"fr_FR","og_type":"article","og_title":"Hosni B\u00e9ji (avocat du pr\u00e9sident d\u00e9chu)\u00a0: \"\u00c0 ce rythme de condamnations, Ben Ali en aura pour 3 mille ans\"","og_description":"Hosni B\u00e9ji (avocat du pr\u00e9sident d\u00e9chu)\u00a0: \u00c0 ce rythme de condamnations, Ben Ali en aura pour 3 mille ans","og_url":"https:\/\/www.webdo.tn\/fr\/actualite\/national\/hosni-beji-avocat-du-president-dechu-a-ce-rythme-de-condamnations-ben-ali-en-aura-pour-3-mille-ans\/172702\/","og_site_name":"webdo","article_publisher":"https:\/\/www.facebook.com\/webdotn","article_published_time":"2011-07-11T11:45:00+00:00","og_image":[{"width":232,"height":211,"url":"https:\/\/www.webdo.tn\/fr\/wp-content\/uploads\/2011\/07\/Me-Hosni-Beji-un-des-avocats-de-Ben-Ali-photo-Paris-Match.jpg","type":"image\/jpeg"}],"author":"webdo.tn","twitter_card":"summary_large_image","twitter_creator":"@webdo_tn","twitter_site":"@webdo_tn","twitter_misc":{"\u00c9crit par":"webdo.tn","Dur\u00e9e de lecture estim\u00e9e":"4 minutes"},"schema":{"@context":"https:\/\/schema.org","@graph":[{"@type":"NewsArticle","@id":"https:\/\/www.webdo.tn\/fr\/actualite\/national\/hosni-beji-avocat-du-president-dechu-a-ce-rythme-de-condamnations-ben-ali-en-aura-pour-3-mille-ans\/172702\/#article","isPartOf":{"@id":"https:\/\/www.webdo.tn\/fr\/actualite\/national\/hosni-beji-avocat-du-president-dechu-a-ce-rythme-de-condamnations-ben-ali-en-aura-pour-3-mille-ans\/172702\/"},"author":{"name":"webdo.tn","@id":"https:\/\/www.webdo.tn\/fr\/#\/schema\/person\/9a9c6118d687c117df8ef3cc36a4d175"},"headline":"Hosni B\u00e9ji (avocat du pr\u00e9sident d\u00e9chu)\u00a0: \u00ab\u00a0\u00c0 ce rythme de condamnations, Ben Ali en aura pour 3 mille ans\u00a0\u00bb","datePublished":"2011-07-11T11:45:00+00:00","mainEntityOfPage":{"@id":"https:\/\/www.webdo.tn\/fr\/actualite\/national\/hosni-beji-avocat-du-president-dechu-a-ce-rythme-de-condamnations-ben-ali-en-aura-pour-3-mille-ans\/172702\/"},"wordCount":813,"commentCount":0,"publisher":{"@id":"https:\/\/www.webdo.tn\/fr\/#organization"},"image":{"@id":"https:\/\/www.webdo.tn\/fr\/actualite\/national\/hosni-beji-avocat-du-president-dechu-a-ce-rythme-de-condamnations-ben-ali-en-aura-pour-3-mille-ans\/172702\/#primaryimage"},"thumbnailUrl":"https:\/\/www.webdo.tn\/fr\/wp-content\/uploads\/2011\/07\/Me-Hosni-Beji-un-des-avocats-de-Ben-Ali-photo-Paris-Match.jpg","articleSection":["National"],"inLanguage":"fr-FR"},{"@type":"WebPage","@id":"https:\/\/www.webdo.tn\/fr\/actualite\/national\/hosni-beji-avocat-du-president-dechu-a-ce-rythme-de-condamnations-ben-ali-en-aura-pour-3-mille-ans\/172702\/","url":"https:\/\/www.webdo.tn\/fr\/actualite\/national\/hosni-beji-avocat-du-president-dechu-a-ce-rythme-de-condamnations-ben-ali-en-aura-pour-3-mille-ans\/172702\/","name":"Hosni B\u00e9ji (avocat du pr\u00e9sident d\u00e9chu)\u00a0: \u00c0 ce rythme de condamnations, Ben Ali en aura pour 3 mille ans","isPartOf":{"@id":"https:\/\/www.webdo.tn\/fr\/#website"},"primaryImageOfPage":{"@id":"https:\/\/www.webdo.tn\/fr\/actualite\/national\/hosni-beji-avocat-du-president-dechu-a-ce-rythme-de-condamnations-ben-ali-en-aura-pour-3-mille-ans\/172702\/#primaryimage"},"image":{"@id":"https:\/\/www.webdo.tn\/fr\/actualite\/national\/hosni-beji-avocat-du-president-dechu-a-ce-rythme-de-condamnations-ben-ali-en-aura-pour-3-mille-ans\/172702\/#primaryimage"},"thumbnailUrl":"https:\/\/www.webdo.tn\/fr\/wp-content\/uploads\/2011\/07\/Me-Hosni-Beji-un-des-avocats-de-Ben-Ali-photo-Paris-Match.jpg","datePublished":"2011-07-11T11:45:00+00:00","description":"Hosni B\u00e9ji (avocat du pr\u00e9sident d\u00e9chu)\u00a0: \u00c0 ce rythme de condamnations, Ben Ali en aura pour 3 mille ans","breadcrumb":{"@id":"https:\/\/www.webdo.tn\/fr\/actualite\/national\/hosni-beji-avocat-du-president-dechu-a-ce-rythme-de-condamnations-ben-ali-en-aura-pour-3-mille-ans\/172702\/#breadcrumb"},"inLanguage":"fr-FR","potentialAction":[{"@type":"ReadAction","target":["https:\/\/www.webdo.tn\/fr\/actualite\/national\/hosni-beji-avocat-du-president-dechu-a-ce-rythme-de-condamnations-ben-ali-en-aura-pour-3-mille-ans\/172702\/"]}]},{"@type":"ImageObject","inLanguage":"fr-FR","@id":"https:\/\/www.webdo.tn\/fr\/actualite\/national\/hosni-beji-avocat-du-president-dechu-a-ce-rythme-de-condamnations-ben-ali-en-aura-pour-3-mille-ans\/172702\/#primaryimage","url":"https:\/\/www.webdo.tn\/fr\/wp-content\/uploads\/2011\/07\/Me-Hosni-Beji-un-des-avocats-de-Ben-Ali-photo-Paris-Match.jpg","contentUrl":"https:\/\/www.webdo.tn\/fr\/wp-content\/uploads\/2011\/07\/Me-Hosni-Beji-un-des-avocats-de-Ben-Ali-photo-Paris-Match.jpg","width":232,"height":211,"caption":"Hosni B\u00e9ji (avocat du pr\u00e9sident d\u00e9chu)\u00a0: \"\u00c0 ce rythme de condamnations, Ben Ali en aura pour 3 mille ans\""},{"@type":"BreadcrumbList","@id":"https:\/\/www.webdo.tn\/fr\/actualite\/national\/hosni-beji-avocat-du-president-dechu-a-ce-rythme-de-condamnations-ben-ali-en-aura-pour-3-mille-ans\/172702\/#breadcrumb","itemListElement":[{"@type":"ListItem","position":1,"name":"Accueil","item":"https:\/\/www.webdo.tn\/fr\/"},{"@type":"ListItem","position":2,"name":"Hosni B\u00e9ji (avocat du pr\u00e9sident d\u00e9chu)\u00a0: \u00ab\u00a0\u00c0 ce rythme de condamnations, Ben Ali en aura pour 3 mille ans\u00a0\u00bb"}]},{"@type":"WebSite","@id":"https:\/\/www.webdo.tn\/fr\/#website","url":"https:\/\/www.webdo.tn\/fr\/","name":"webdo","description":"Tunisie - News en Tunisie et \u00e0 l&#039;international sur Webdo.tn","publisher":{"@id":"https:\/\/www.webdo.tn\/fr\/#organization"},"potentialAction":[{"@type":"SearchAction","target":{"@type":"EntryPoint","urlTemplate":"https:\/\/www.webdo.tn\/fr\/?s={search_term_string}"},"query-input":{"@type":"PropertyValueSpecification","valueRequired":true,"valueName":"search_term_string"}}],"inLanguage":"fr-FR"},{"@type":"Organization","@id":"https:\/\/www.webdo.tn\/fr\/#organization","name":"Webdo","alternateName":"Webdo.tn","url":"https:\/\/www.webdo.tn\/fr\/","logo":{"@type":"ImageObject","inLanguage":"fr-FR","@id":"https:\/\/www.webdo.tn\/fr\/#\/schema\/logo\/image\/","url":"https:\/\/www.webdo.tn\/fr\/wp-content\/uploads\/2025\/06\/Webdo-Tunisie_168377.jpg","contentUrl":"https:\/\/www.webdo.tn\/fr\/wp-content\/uploads\/2025\/06\/Webdo-Tunisie_168377.jpg","width":301,"height":301,"caption":"Webdo"},"image":{"@id":"https:\/\/www.webdo.tn\/fr\/#\/schema\/logo\/image\/"},"sameAs":["https:\/\/www.facebook.com\/webdotn","https:\/\/x.com\/webdo_tn"],"description":"Webdo est un m\u00e9dia num\u00e9rique tunisien fond\u00e9 en 2010, sp\u00e9cialis\u00e9 dans l\u2019actualit\u00e9 nationale et internationale, l\u2019\u00e9conomie, la soci\u00e9t\u00e9 et les analyses politiques. Le site s\u2019adresse \u00e0 un large public francophone et couvre l\u2019information tunisienne en temps r\u00e9el.","email":"redac@webdo.tn","legalName":"YNJ SARL","foundingDate":"2010-09-06","numberOfEmployees":{"@type":"QuantitativeValue","minValue":"11","maxValue":"50"}},{"@type":"Person","@id":"https:\/\/www.webdo.tn\/fr\/#\/schema\/person\/9a9c6118d687c117df8ef3cc36a4d175","name":"webdo.tn","image":{"@type":"ImageObject","inLanguage":"fr-FR","@id":"https:\/\/secure.gravatar.com\/avatar\/7ce1f28c0c3bbac99ff550b85ef8e44a6950c6ee24514fb6a5489e51d06f0298?s=96&d=mm&r=g","url":"https:\/\/secure.gravatar.com\/avatar\/7ce1f28c0c3bbac99ff550b85ef8e44a6950c6ee24514fb6a5489e51d06f0298?s=96&d=mm&r=g","contentUrl":"https:\/\/secure.gravatar.com\/avatar\/7ce1f28c0c3bbac99ff550b85ef8e44a6950c6ee24514fb6a5489e51d06f0298?s=96&d=mm&r=g","caption":"webdo.tn"},"url":"https:\/\/www.webdo.tn\/fr\/actualite\/author\/webdotn\/"}]}},"_links":{"self":[{"href":"https:\/\/www.webdo.tn\/fr\/wp-json\/wp\/v2\/posts\/172702","targetHints":{"allow":["GET"]}}],"collection":[{"href":"https:\/\/www.webdo.tn\/fr\/wp-json\/wp\/v2\/posts"}],"about":[{"href":"https:\/\/www.webdo.tn\/fr\/wp-json\/wp\/v2\/types\/post"}],"author":[{"embeddable":true,"href":"https:\/\/www.webdo.tn\/fr\/wp-json\/wp\/v2\/users\/3222"}],"replies":[{"embeddable":true,"href":"https:\/\/www.webdo.tn\/fr\/wp-json\/wp\/v2\/comments?post=172702"}],"version-history":[{"count":0,"href":"https:\/\/www.webdo.tn\/fr\/wp-json\/wp\/v2\/posts\/172702\/revisions"}],"wp:featuredmedia":[{"embeddable":true,"href":"https:\/\/www.webdo.tn\/fr\/wp-json\/wp\/v2\/media\/365259"}],"wp:attachment":[{"href":"https:\/\/www.webdo.tn\/fr\/wp-json\/wp\/v2\/media?parent=172702"}],"wp:term":[{"taxonomy":"category","embeddable":true,"href":"https:\/\/www.webdo.tn\/fr\/wp-json\/wp\/v2\/categories?post=172702"},{"taxonomy":"post_tag","embeddable":true,"href":"https:\/\/www.webdo.tn\/fr\/wp-json\/wp\/v2\/tags?post=172702"}],"curies":[{"name":"wp","href":"https:\/\/api.w.org\/{rel}","templated":true}]}}