{"id":172668,"date":"2011-07-27T10:53:00","date_gmt":"2011-07-27T10:53:00","guid":{"rendered":"https:\/\/www.webdo.tn\/fr\/actualite\/blog\/une-jeune-fille-agressee-par-deux-extremistes-a-hammam-lif\/172668\/"},"modified":"2025-06-04T19:08:44","modified_gmt":"2025-06-04T19:08:44","slug":"une-jeune-fille-agressee-par-deux-extremistes-a-hammam-lif","status":"publish","type":"post","link":"https:\/\/www.webdo.tn\/fr\/actualite\/national\/une-jeune-fille-agressee-par-deux-extremistes-a-hammam-lif\/172668\/","title":{"rendered":"Une jeune fille agress\u00e9e par deux extr\u00e9mistes \u00e0 Hammam-Lif"},"content":{"rendered":"<p>Si cette information, que vient de relayer le quotidien Al Chourouk, dans son \u00e9dition du 26 juillet 2011, s&rsquo;av\u00e8re vraie, elle risque de faire beaucoup de bruit. Elle confirmerait aussi que le danger repr\u00e9sent\u00e9 les extr\u00e9mistes est bien r\u00e9el dans la Tunisie pos-tr\u00e9volution.<\/p>\n<p>Cela s\u2019est pass\u00e9 \u00e0 Hammam-Lif. Une jeune fille y a \u00e9t\u00e9 agress\u00e9e par deux personnes, barbus selon la description du quotidien. La victime a \u00e9t\u00e9 touch\u00e9e au visage et \u00e0 la poitrine avec une lame de rasage. Cette agression s&rsquo;est pass\u00e9e devant la d\u00e9l\u00e9gation de Hammam-Lif.<\/p>\n<p>Al Chourouk a interrog\u00e9 des t\u00e9moins oculaires de l&rsquo;agression. Ces derniers ont affirm\u00e9 que la victime n&rsquo;\u00e9tait \u00e9videmment pas voil\u00e9e, mais \u00e9tait habill\u00e9e d\u00e9cemment.<\/p>\n<p>\u00c0 l&rsquo;approche des \u00e9lections du 23 octobre et \u00e0 quelques jours de Ramadan, ce type d&rsquo;agression a de quoi faire peur, et nous rappelle les actes barbares des ann\u00e9es 80 qu&rsquo;on avait cru appartenant plus \u00e0 un complot du gouvernement qu&rsquo;\u00e0 l\u2019ignorance de certains.<\/p>\n","protected":false},"excerpt":{"rendered":"<p>Une jeune fille agress\u00e9e par deux extr\u00e9mistes \u00e0 Hammam-Lif <\/p>\n","protected":false},"author":3222,"featured_media":365223,"comment_status":"open","ping_status":"closed","sticky":false,"template":"","format":"standard","meta":{"footnotes":""},"categories":[44],"tags":[],"class_list":["post-172668","post","type-post","status-publish","format-standard","has-post-thumbnail","hentry","category-national"],"yoast_head":"<!-- This site is optimized with the Yoast SEO Premium plugin v27.4 (Yoast SEO v27.5) - https:\/\/yoast.com\/product\/yoast-seo-premium-wordpress\/ -->\n<title>Une jeune fille agress\u00e9e par deux extr\u00e9mistes \u00e0 Hammam-Lif<\/title>\n<meta name=\"description\" content=\"Une jeune fille agress\u00e9e par deux extr\u00e9mistes \u00e0 Hammam-Lif\" \/>\n<link rel=\"canonical\" href=\"https:\/\/www.webdo.tn\/fr\/actualite\/national\/une-jeune-fille-agressee-par-deux-extremistes-a-hammam-lif\/172668\/\" \/>\n<meta property=\"og:locale\" content=\"fr_FR\" \/>\n<meta property=\"og:type\" content=\"article\" \/>\n<meta property=\"og:title\" content=\"Une jeune fille agress\u00e9e par deux extr\u00e9mistes \u00e0 Hammam-Lif\" \/>\n<meta property=\"og:description\" content=\"Une jeune fille agress\u00e9e par deux extr\u00e9mistes \u00e0 Hammam-Lif\" \/>\n<meta property=\"og:url\" content=\"https:\/\/www.webdo.tn\/fr\/actualite\/national\/une-jeune-fille-agressee-par-deux-extremistes-a-hammam-lif\/172668\/\" \/>\n<meta property=\"og:site_name\" content=\"webdo\" \/>\n<meta property=\"article:publisher\" content=\"https:\/\/www.facebook.com\/webdotn\" \/>\n<meta property=\"article:published_time\" content=\"2011-07-27T10:53:00+00:00\" \/>\n<meta property=\"article:modified_time\" content=\"2025-06-04T19:08:44+00:00\" \/>\n<meta property=\"og:image\" content=\"https:\/\/www.webdo.tn\/fr\/wp-content\/uploads\/2011\/07\/Femmes-en-Tunisie-photo-routesamericaines.blogspirit.com_.jpg\" \/>\n\t<meta property=\"og:image:width\" content=\"252\" \/>\n\t<meta property=\"og:image:height\" content=\"169\" \/>\n\t<meta property=\"og:image:type\" content=\"image\/jpeg\" \/>\n<meta name=\"author\" content=\"webdo.tn\" \/>\n<meta name=\"twitter:card\" content=\"summary_large_image\" \/>\n<meta name=\"twitter:creator\" content=\"@webdo_tn\" \/>\n<meta name=\"twitter:site\" content=\"@webdo_tn\" \/>\n<meta name=\"twitter:label1\" content=\"\u00c9crit par\" \/>\n\t<meta name=\"twitter:data1\" content=\"webdo.tn\" \/>\n\t<meta name=\"twitter:label2\" content=\"Dur\u00e9e de lecture estim\u00e9e\" \/>\n\t<meta name=\"twitter:data2\" content=\"1 minute\" \/>\n<script type=\"application\/ld+json\" class=\"yoast-schema-graph\">{\"@context\":\"https:\\\/\\\/schema.org\",\"@graph\":[{\"@type\":\"NewsArticle\",\"@id\":\"https:\\\/\\\/www.webdo.tn\\\/fr\\\/actualite\\\/national\\\/une-jeune-fille-agressee-par-deux-extremistes-a-hammam-lif\\\/172668\\\/#article\",\"isPartOf\":{\"@id\":\"https:\\\/\\\/www.webdo.tn\\\/fr\\\/actualite\\\/national\\\/une-jeune-fille-agressee-par-deux-extremistes-a-hammam-lif\\\/172668\\\/\"},\"author\":{\"name\":\"webdo.tn\",\"@id\":\"https:\\\/\\\/www.webdo.tn\\\/fr\\\/#\\\/schema\\\/person\\\/9a9c6118d687c117df8ef3cc36a4d175\"},\"headline\":\"Une jeune fille agress\u00e9e par deux extr\u00e9mistes \u00e0 Hammam-Lif\",\"datePublished\":\"2011-07-27T10:53:00+00:00\",\"dateModified\":\"2025-06-04T19:08:44+00:00\",\"mainEntityOfPage\":{\"@id\":\"https:\\\/\\\/www.webdo.tn\\\/fr\\\/actualite\\\/national\\\/une-jeune-fille-agressee-par-deux-extremistes-a-hammam-lif\\\/172668\\\/\"},\"wordCount\":182,\"commentCount\":0,\"publisher\":{\"@id\":\"https:\\\/\\\/www.webdo.tn\\\/fr\\\/#organization\"},\"image\":{\"@id\":\"https:\\\/\\\/www.webdo.tn\\\/fr\\\/actualite\\\/national\\\/une-jeune-fille-agressee-par-deux-extremistes-a-hammam-lif\\\/172668\\\/#primaryimage\"},\"thumbnailUrl\":\"https:\\\/\\\/www.webdo.tn\\\/fr\\\/wp-content\\\/uploads\\\/2011\\\/07\\\/Femmes-en-Tunisie-photo-routesamericaines.blogspirit.com_.jpg\",\"articleSection\":[\"National\"],\"inLanguage\":\"fr-FR\"},{\"@type\":\"WebPage\",\"@id\":\"https:\\\/\\\/www.webdo.tn\\\/fr\\\/actualite\\\/national\\\/une-jeune-fille-agressee-par-deux-extremistes-a-hammam-lif\\\/172668\\\/\",\"url\":\"https:\\\/\\\/www.webdo.tn\\\/fr\\\/actualite\\\/national\\\/une-jeune-fille-agressee-par-deux-extremistes-a-hammam-lif\\\/172668\\\/\",\"name\":\"Une jeune fille agress\u00e9e par deux extr\u00e9mistes \u00e0 Hammam-Lif\",\"isPartOf\":{\"@id\":\"https:\\\/\\\/www.webdo.tn\\\/fr\\\/#website\"},\"primaryImageOfPage\":{\"@id\":\"https:\\\/\\\/www.webdo.tn\\\/fr\\\/actualite\\\/national\\\/une-jeune-fille-agressee-par-deux-extremistes-a-hammam-lif\\\/172668\\\/#primaryimage\"},\"image\":{\"@id\":\"https:\\\/\\\/www.webdo.tn\\\/fr\\\/actualite\\\/national\\\/une-jeune-fille-agressee-par-deux-extremistes-a-hammam-lif\\\/172668\\\/#primaryimage\"},\"thumbnailUrl\":\"https:\\\/\\\/www.webdo.tn\\\/fr\\\/wp-content\\\/uploads\\\/2011\\\/07\\\/Femmes-en-Tunisie-photo-routesamericaines.blogspirit.com_.jpg\",\"datePublished\":\"2011-07-27T10:53:00+00:00\",\"dateModified\":\"2025-06-04T19:08:44+00:00\",\"description\":\"Une jeune fille agress\u00e9e par deux extr\u00e9mistes \u00e0 Hammam-Lif\",\"breadcrumb\":{\"@id\":\"https:\\\/\\\/www.webdo.tn\\\/fr\\\/actualite\\\/national\\\/une-jeune-fille-agressee-par-deux-extremistes-a-hammam-lif\\\/172668\\\/#breadcrumb\"},\"inLanguage\":\"fr-FR\",\"potentialAction\":[{\"@type\":\"ReadAction\",\"target\":[\"https:\\\/\\\/www.webdo.tn\\\/fr\\\/actualite\\\/national\\\/une-jeune-fille-agressee-par-deux-extremistes-a-hammam-lif\\\/172668\\\/\"]}]},{\"@type\":\"ImageObject\",\"inLanguage\":\"fr-FR\",\"@id\":\"https:\\\/\\\/www.webdo.tn\\\/fr\\\/actualite\\\/national\\\/une-jeune-fille-agressee-par-deux-extremistes-a-hammam-lif\\\/172668\\\/#primaryimage\",\"url\":\"https:\\\/\\\/www.webdo.tn\\\/fr\\\/wp-content\\\/uploads\\\/2011\\\/07\\\/Femmes-en-Tunisie-photo-routesamericaines.blogspirit.com_.jpg\",\"contentUrl\":\"https:\\\/\\\/www.webdo.tn\\\/fr\\\/wp-content\\\/uploads\\\/2011\\\/07\\\/Femmes-en-Tunisie-photo-routesamericaines.blogspirit.com_.jpg\",\"width\":252,\"height\":169,\"caption\":\"Une jeune fille agress\u00e9e par deux extr\u00e9mistes \u00e0 Hammam-Lif\"},{\"@type\":\"BreadcrumbList\",\"@id\":\"https:\\\/\\\/www.webdo.tn\\\/fr\\\/actualite\\\/national\\\/une-jeune-fille-agressee-par-deux-extremistes-a-hammam-lif\\\/172668\\\/#breadcrumb\",\"itemListElement\":[{\"@type\":\"ListItem\",\"position\":1,\"name\":\"Accueil\",\"item\":\"https:\\\/\\\/www.webdo.tn\\\/fr\\\/\"},{\"@type\":\"ListItem\",\"position\":2,\"name\":\"Une jeune fille agress\u00e9e par deux extr\u00e9mistes \u00e0 Hammam-Lif\"}]},{\"@type\":\"WebSite\",\"@id\":\"https:\\\/\\\/www.webdo.tn\\\/fr\\\/#website\",\"url\":\"https:\\\/\\\/www.webdo.tn\\\/fr\\\/\",\"name\":\"webdo\",\"description\":\"Tunisie - News en Tunisie et \u00e0 l&#039;international sur Webdo.tn\",\"publisher\":{\"@id\":\"https:\\\/\\\/www.webdo.tn\\\/fr\\\/#organization\"},\"potentialAction\":[{\"@type\":\"SearchAction\",\"target\":{\"@type\":\"EntryPoint\",\"urlTemplate\":\"https:\\\/\\\/www.webdo.tn\\\/fr\\\/?s={search_term_string}\"},\"query-input\":{\"@type\":\"PropertyValueSpecification\",\"valueRequired\":true,\"valueName\":\"search_term_string\"}}],\"inLanguage\":\"fr-FR\"},{\"@type\":\"Organization\",\"@id\":\"https:\\\/\\\/www.webdo.tn\\\/fr\\\/#organization\",\"name\":\"Webdo\",\"alternateName\":\"Webdo.tn\",\"url\":\"https:\\\/\\\/www.webdo.tn\\\/fr\\\/\",\"logo\":{\"@type\":\"ImageObject\",\"inLanguage\":\"fr-FR\",\"@id\":\"https:\\\/\\\/www.webdo.tn\\\/fr\\\/#\\\/schema\\\/logo\\\/image\\\/\",\"url\":\"https:\\\/\\\/www.webdo.tn\\\/fr\\\/wp-content\\\/uploads\\\/2025\\\/06\\\/Webdo-Tunisie_168377.jpg\",\"contentUrl\":\"https:\\\/\\\/www.webdo.tn\\\/fr\\\/wp-content\\\/uploads\\\/2025\\\/06\\\/Webdo-Tunisie_168377.jpg\",\"width\":301,\"height\":301,\"caption\":\"Webdo\"},\"image\":{\"@id\":\"https:\\\/\\\/www.webdo.tn\\\/fr\\\/#\\\/schema\\\/logo\\\/image\\\/\"},\"sameAs\":[\"https:\\\/\\\/www.facebook.com\\\/webdotn\",\"https:\\\/\\\/x.com\\\/webdo_tn\"],\"description\":\"Webdo est un m\u00e9dia num\u00e9rique tunisien fond\u00e9 en 2010, sp\u00e9cialis\u00e9 dans l\u2019actualit\u00e9 nationale et internationale, l\u2019\u00e9conomie, la soci\u00e9t\u00e9 et les analyses politiques. Le site s\u2019adresse \u00e0 un large public francophone et couvre l\u2019information tunisienne en temps r\u00e9el.\",\"email\":\"redac@webdo.tn\",\"legalName\":\"YNJ SARL\",\"foundingDate\":\"2010-09-06\",\"numberOfEmployees\":{\"@type\":\"QuantitativeValue\",\"minValue\":\"11\",\"maxValue\":\"50\"}},{\"@type\":\"Person\",\"@id\":\"https:\\\/\\\/www.webdo.tn\\\/fr\\\/#\\\/schema\\\/person\\\/9a9c6118d687c117df8ef3cc36a4d175\",\"name\":\"webdo.tn\",\"image\":{\"@type\":\"ImageObject\",\"inLanguage\":\"fr-FR\",\"@id\":\"https:\\\/\\\/secure.gravatar.com\\\/avatar\\\/7ce1f28c0c3bbac99ff550b85ef8e44a6950c6ee24514fb6a5489e51d06f0298?s=96&d=mm&r=g\",\"url\":\"https:\\\/\\\/secure.gravatar.com\\\/avatar\\\/7ce1f28c0c3bbac99ff550b85ef8e44a6950c6ee24514fb6a5489e51d06f0298?s=96&d=mm&r=g\",\"contentUrl\":\"https:\\\/\\\/secure.gravatar.com\\\/avatar\\\/7ce1f28c0c3bbac99ff550b85ef8e44a6950c6ee24514fb6a5489e51d06f0298?s=96&d=mm&r=g\",\"caption\":\"webdo.tn\"},\"url\":\"https:\\\/\\\/www.webdo.tn\\\/fr\\\/actualite\\\/author\\\/webdotn\\\/\"}]}<\/script>\n<!-- \/ Yoast SEO Premium plugin. -->","yoast_head_json":{"title":"Une jeune fille agress\u00e9e par deux extr\u00e9mistes \u00e0 Hammam-Lif","description":"Une jeune fille agress\u00e9e par deux extr\u00e9mistes \u00e0 Hammam-Lif","canonical":"https:\/\/www.webdo.tn\/fr\/actualite\/national\/une-jeune-fille-agressee-par-deux-extremistes-a-hammam-lif\/172668\/","og_locale":"fr_FR","og_type":"article","og_title":"Une jeune fille agress\u00e9e par deux extr\u00e9mistes \u00e0 Hammam-Lif","og_description":"Une jeune fille agress\u00e9e par deux extr\u00e9mistes \u00e0 Hammam-Lif","og_url":"https:\/\/www.webdo.tn\/fr\/actualite\/national\/une-jeune-fille-agressee-par-deux-extremistes-a-hammam-lif\/172668\/","og_site_name":"webdo","article_publisher":"https:\/\/www.facebook.com\/webdotn","article_published_time":"2011-07-27T10:53:00+00:00","article_modified_time":"2025-06-04T19:08:44+00:00","og_image":[{"width":252,"height":169,"url":"https:\/\/www.webdo.tn\/fr\/wp-content\/uploads\/2011\/07\/Femmes-en-Tunisie-photo-routesamericaines.blogspirit.com_.jpg","type":"image\/jpeg"}],"author":"webdo.tn","twitter_card":"summary_large_image","twitter_creator":"@webdo_tn","twitter_site":"@webdo_tn","twitter_misc":{"\u00c9crit par":"webdo.tn","Dur\u00e9e de lecture estim\u00e9e":"1 minute"},"schema":{"@context":"https:\/\/schema.org","@graph":[{"@type":"NewsArticle","@id":"https:\/\/www.webdo.tn\/fr\/actualite\/national\/une-jeune-fille-agressee-par-deux-extremistes-a-hammam-lif\/172668\/#article","isPartOf":{"@id":"https:\/\/www.webdo.tn\/fr\/actualite\/national\/une-jeune-fille-agressee-par-deux-extremistes-a-hammam-lif\/172668\/"},"author":{"name":"webdo.tn","@id":"https:\/\/www.webdo.tn\/fr\/#\/schema\/person\/9a9c6118d687c117df8ef3cc36a4d175"},"headline":"Une jeune fille agress\u00e9e par deux extr\u00e9mistes \u00e0 Hammam-Lif","datePublished":"2011-07-27T10:53:00+00:00","dateModified":"2025-06-04T19:08:44+00:00","mainEntityOfPage":{"@id":"https:\/\/www.webdo.tn\/fr\/actualite\/national\/une-jeune-fille-agressee-par-deux-extremistes-a-hammam-lif\/172668\/"},"wordCount":182,"commentCount":0,"publisher":{"@id":"https:\/\/www.webdo.tn\/fr\/#organization"},"image":{"@id":"https:\/\/www.webdo.tn\/fr\/actualite\/national\/une-jeune-fille-agressee-par-deux-extremistes-a-hammam-lif\/172668\/#primaryimage"},"thumbnailUrl":"https:\/\/www.webdo.tn\/fr\/wp-content\/uploads\/2011\/07\/Femmes-en-Tunisie-photo-routesamericaines.blogspirit.com_.jpg","articleSection":["National"],"inLanguage":"fr-FR"},{"@type":"WebPage","@id":"https:\/\/www.webdo.tn\/fr\/actualite\/national\/une-jeune-fille-agressee-par-deux-extremistes-a-hammam-lif\/172668\/","url":"https:\/\/www.webdo.tn\/fr\/actualite\/national\/une-jeune-fille-agressee-par-deux-extremistes-a-hammam-lif\/172668\/","name":"Une jeune fille agress\u00e9e par deux extr\u00e9mistes \u00e0 Hammam-Lif","isPartOf":{"@id":"https:\/\/www.webdo.tn\/fr\/#website"},"primaryImageOfPage":{"@id":"https:\/\/www.webdo.tn\/fr\/actualite\/national\/une-jeune-fille-agressee-par-deux-extremistes-a-hammam-lif\/172668\/#primaryimage"},"image":{"@id":"https:\/\/www.webdo.tn\/fr\/actualite\/national\/une-jeune-fille-agressee-par-deux-extremistes-a-hammam-lif\/172668\/#primaryimage"},"thumbnailUrl":"https:\/\/www.webdo.tn\/fr\/wp-content\/uploads\/2011\/07\/Femmes-en-Tunisie-photo-routesamericaines.blogspirit.com_.jpg","datePublished":"2011-07-27T10:53:00+00:00","dateModified":"2025-06-04T19:08:44+00:00","description":"Une jeune fille agress\u00e9e par deux extr\u00e9mistes \u00e0 Hammam-Lif","breadcrumb":{"@id":"https:\/\/www.webdo.tn\/fr\/actualite\/national\/une-jeune-fille-agressee-par-deux-extremistes-a-hammam-lif\/172668\/#breadcrumb"},"inLanguage":"fr-FR","potentialAction":[{"@type":"ReadAction","target":["https:\/\/www.webdo.tn\/fr\/actualite\/national\/une-jeune-fille-agressee-par-deux-extremistes-a-hammam-lif\/172668\/"]}]},{"@type":"ImageObject","inLanguage":"fr-FR","@id":"https:\/\/www.webdo.tn\/fr\/actualite\/national\/une-jeune-fille-agressee-par-deux-extremistes-a-hammam-lif\/172668\/#primaryimage","url":"https:\/\/www.webdo.tn\/fr\/wp-content\/uploads\/2011\/07\/Femmes-en-Tunisie-photo-routesamericaines.blogspirit.com_.jpg","contentUrl":"https:\/\/www.webdo.tn\/fr\/wp-content\/uploads\/2011\/07\/Femmes-en-Tunisie-photo-routesamericaines.blogspirit.com_.jpg","width":252,"height":169,"caption":"Une jeune fille agress\u00e9e par deux extr\u00e9mistes \u00e0 Hammam-Lif"},{"@type":"BreadcrumbList","@id":"https:\/\/www.webdo.tn\/fr\/actualite\/national\/une-jeune-fille-agressee-par-deux-extremistes-a-hammam-lif\/172668\/#breadcrumb","itemListElement":[{"@type":"ListItem","position":1,"name":"Accueil","item":"https:\/\/www.webdo.tn\/fr\/"},{"@type":"ListItem","position":2,"name":"Une jeune fille agress\u00e9e par deux extr\u00e9mistes \u00e0 Hammam-Lif"}]},{"@type":"WebSite","@id":"https:\/\/www.webdo.tn\/fr\/#website","url":"https:\/\/www.webdo.tn\/fr\/","name":"webdo","description":"Tunisie - News en Tunisie et \u00e0 l&#039;international sur Webdo.tn","publisher":{"@id":"https:\/\/www.webdo.tn\/fr\/#organization"},"potentialAction":[{"@type":"SearchAction","target":{"@type":"EntryPoint","urlTemplate":"https:\/\/www.webdo.tn\/fr\/?s={search_term_string}"},"query-input":{"@type":"PropertyValueSpecification","valueRequired":true,"valueName":"search_term_string"}}],"inLanguage":"fr-FR"},{"@type":"Organization","@id":"https:\/\/www.webdo.tn\/fr\/#organization","name":"Webdo","alternateName":"Webdo.tn","url":"https:\/\/www.webdo.tn\/fr\/","logo":{"@type":"ImageObject","inLanguage":"fr-FR","@id":"https:\/\/www.webdo.tn\/fr\/#\/schema\/logo\/image\/","url":"https:\/\/www.webdo.tn\/fr\/wp-content\/uploads\/2025\/06\/Webdo-Tunisie_168377.jpg","contentUrl":"https:\/\/www.webdo.tn\/fr\/wp-content\/uploads\/2025\/06\/Webdo-Tunisie_168377.jpg","width":301,"height":301,"caption":"Webdo"},"image":{"@id":"https:\/\/www.webdo.tn\/fr\/#\/schema\/logo\/image\/"},"sameAs":["https:\/\/www.facebook.com\/webdotn","https:\/\/x.com\/webdo_tn"],"description":"Webdo est un m\u00e9dia num\u00e9rique tunisien fond\u00e9 en 2010, sp\u00e9cialis\u00e9 dans l\u2019actualit\u00e9 nationale et internationale, l\u2019\u00e9conomie, la soci\u00e9t\u00e9 et les analyses politiques. Le site s\u2019adresse \u00e0 un large public francophone et couvre l\u2019information tunisienne en temps r\u00e9el.","email":"redac@webdo.tn","legalName":"YNJ SARL","foundingDate":"2010-09-06","numberOfEmployees":{"@type":"QuantitativeValue","minValue":"11","maxValue":"50"}},{"@type":"Person","@id":"https:\/\/www.webdo.tn\/fr\/#\/schema\/person\/9a9c6118d687c117df8ef3cc36a4d175","name":"webdo.tn","image":{"@type":"ImageObject","inLanguage":"fr-FR","@id":"https:\/\/secure.gravatar.com\/avatar\/7ce1f28c0c3bbac99ff550b85ef8e44a6950c6ee24514fb6a5489e51d06f0298?s=96&d=mm&r=g","url":"https:\/\/secure.gravatar.com\/avatar\/7ce1f28c0c3bbac99ff550b85ef8e44a6950c6ee24514fb6a5489e51d06f0298?s=96&d=mm&r=g","contentUrl":"https:\/\/secure.gravatar.com\/avatar\/7ce1f28c0c3bbac99ff550b85ef8e44a6950c6ee24514fb6a5489e51d06f0298?s=96&d=mm&r=g","caption":"webdo.tn"},"url":"https:\/\/www.webdo.tn\/fr\/actualite\/author\/webdotn\/"}]}},"_links":{"self":[{"href":"https:\/\/www.webdo.tn\/fr\/wp-json\/wp\/v2\/posts\/172668","targetHints":{"allow":["GET"]}}],"collection":[{"href":"https:\/\/www.webdo.tn\/fr\/wp-json\/wp\/v2\/posts"}],"about":[{"href":"https:\/\/www.webdo.tn\/fr\/wp-json\/wp\/v2\/types\/post"}],"author":[{"embeddable":true,"href":"https:\/\/www.webdo.tn\/fr\/wp-json\/wp\/v2\/users\/3222"}],"replies":[{"embeddable":true,"href":"https:\/\/www.webdo.tn\/fr\/wp-json\/wp\/v2\/comments?post=172668"}],"version-history":[{"count":0,"href":"https:\/\/www.webdo.tn\/fr\/wp-json\/wp\/v2\/posts\/172668\/revisions"}],"wp:featuredmedia":[{"embeddable":true,"href":"https:\/\/www.webdo.tn\/fr\/wp-json\/wp\/v2\/media\/365223"}],"wp:attachment":[{"href":"https:\/\/www.webdo.tn\/fr\/wp-json\/wp\/v2\/media?parent=172668"}],"wp:term":[{"taxonomy":"category","embeddable":true,"href":"https:\/\/www.webdo.tn\/fr\/wp-json\/wp\/v2\/categories?post=172668"},{"taxonomy":"post_tag","embeddable":true,"href":"https:\/\/www.webdo.tn\/fr\/wp-json\/wp\/v2\/tags?post=172668"}],"curies":[{"name":"wp","href":"https:\/\/api.w.org\/{rel}","templated":true}]}}