{"id":172667,"date":"2011-07-27T11:50:00","date_gmt":"2011-07-27T11:50:00","guid":{"rendered":"https:\/\/www.webdo.tn\/fr\/actualite\/blog\/fret-maritime-projet-du-port-d-enfidha-au-point-mort\/173682\/"},"modified":"2025-06-04T19:08:48","modified_gmt":"2025-06-04T19:08:48","slug":"fret-maritime-projet-du-port-d-enfidha-au-point-mort","status":"publish","type":"post","link":"https:\/\/www.webdo.tn\/fr\/actualite\/national\/fret-maritime-projet-du-port-d-enfidha-au-point-mort\/172667\/","title":{"rendered":"Fr\u00eat maritime\u00a0: projet du port d\u2019Enfidha au point mort !"},"content":{"rendered":"<p>Le projet d\u2019\u00e9dification d\u2019un port commercial en eaux profondes sp\u00e9cialis\u00e9 dans le fr\u00eat maritime par containers avait fait l\u2019objet depuis 2004 d\u2019une \u00e9tude de faisabilit\u00e9 et de choix du site qui avait elle m\u00eame fait suite \u00e0 une \u00e9tude d\u2019opportunit\u00e9 \u00e9conomique \u2026<\/p>\n<p>Le site du Rimmel, solution idoine ?<\/p>\n<p>Reste qu\u2019une r\u00e9alisation de cette envergure n\u00e9cessite, bien s\u00fbr, des travaux titanesques et des investissements faramineux : dragage des fonds marins \u00e0 proximit\u00e9 du rivage, remblayage et construction de quais pour atteindre les profondeurs exig\u00e9es (tirant d\u2019eau de 12 \u00e0 18 m) permettant l\u2019accostage des navires mastodontes porte-containers \u2026 Et cela sans compter la r\u00e9p\u00e9tition cyclique des travaux de dragage pour d\u00e9gager les d\u00e9p\u00f4ts de sable qui auraient \u00e9t\u00e9 drain\u00e9s sous l\u2019effet de ressac de la mer au cas o\u00f9 le site choisi n\u2019ait pas \u00e9t\u00e9 assez profond.<\/p>\n<p>Finalement, le site d\u2019Enfidha aurait \u00e9t\u00e9 retenu par les d\u00e9cideurs sous pr\u00e9texte de proximit\u00e9 (centre du pays) et de meilleures dessertes avec les r\u00e9seaux routiers et ferroviaires et des grandes zones industrielles projet\u00e9es.<br \/>\nPourtant, d\u2019autres sites (en eaux profondes et naturelles ceux-l\u00e0) avaient \u00e9t\u00e9 propos\u00e9s par les experts de bureaux d\u2019\u00e9tudes \u00e9trangers.<\/p>\n<p>Une n\u00e9cessit\u00e9 et non une \u00abr\u00e9alisation de prestige\u00bb<br \/>\nConstruire un tel port sp\u00e9cialis\u00e9, est en fait une n\u00e9cessit\u00e9 dict\u00e9e par l\u2019\u00e9volution des transports maritimes.<br \/>\nPour plus de conviction touchons \u00abdeux mots\u00bb \u00e0 propos de la n\u00e9cessit\u00e9 de construction d\u2019un nouveau port commercial sp\u00e9cialis\u00e9 dans le fr\u00eat par containers.<\/p>\n<p>Notre pays, avec ses quelque 1300 kilom\u00e8tres de c\u00f4tes,  dispose, outre le port de La Goulette, sp\u00e9cialis\u00e9 dans le transport passagers, de six ports commerciaux : ports de Rad\u00e8s, de Bizerte, de Sousse, de Sfax,de Gab\u00e8s et de Zarzis, qui assurent en moyenne 22 \u00e0 25 millions de tonnes de marchandises diverses entre import et export, par an.<\/p>\n<p>Certains experts \u00e9trangers, estiment que cette infrastructure portuaire est \u00abtrop fournie\u00bb en fonction des besoins du pays.<\/p>\n<p>Pourtant, nos \u00e9changes de marchandises par voie maritime avec l\u2019\u00e9tranger (notamment avec nos partenaires europ\u00e9ens de la rive nord de la M\u00e9diterran\u00e9e) repr\u00e9sentent 95 pour cent de la totalit\u00e9 du trafic marchandise avec l\u2019\u00e9tranger.<\/p>\n<p>Or, les transports maritimes, pour une question de souplesse de transbordement de marchandises, sont de plus en plus ax\u00e9s sur le transport par containers : un cargo peut en transporter de 1500 \u00e0 3500 voire 6000 containers selon ses dimensions.<\/p>\n<p>Les ports d\u2019attache de ces mastodontes ont donc besoin d\u2019adaptation pour cette activit\u00e9 (quais d\u2019embarquement cons\u00e9quents, grues, portiques de substitution, aires de stockage, embranchements ferroviaires et routiers).<\/p>\n<p>Cependant aucun de nos six ports commerciaux (y compris le port de Rad\u00e8s) n\u2019est sp\u00e9cialis\u00e9 dans le traitement exclusif des containers, et cela pose des probl\u00e8mes d\u2019o\u00f9 la n\u00e9cessit\u00e9 de construction d\u2019un nouveau port commercial, sp\u00e9cialit\u00e9 containers. Mais un tel projet n\u00e9cessite des investissements colossaux exige que la r\u00e9vision du choix du site soit plus approfondie.<\/p>\n<p>De ce fait, le minist\u00e8re de l\u2019Equipement (ex\u00e9cuteur de tels projets), a mis pour l\u2019instant en veilleuse l\u2019\u00e9dification d\u2019un nouveau port pour cargos porte-containers \u00e0 Enfidha.<\/p>\n<p>Dans l\u2019expectative !<br \/>\nLes responsables du minist\u00e8re de l\u2019Equipement et de l\u2019Office national de la marine marchande et des ports    (ONMMP) que nous avons contact\u00e9s pour tenter d\u2019\u00e9clairer notre lanterne (et celle de nos lecteurs) sur ce sujet ont \u00e9t\u00e9 tous circonspects tout en confirmant que le projet \u00abEnfidha\u00bb est actuellement en veilleuse.<br \/>\nCependant d\u2019autres rumeurs, persistantes celles-l\u00e0, font \u00e9tat de la possibilit\u00e9 du choix d\u2019un nouveau site qui aurait l\u2019avantage d\u2019\u00eatre strat\u00e9gique (centre du bassin m\u00e9diterran\u00e9en), en eaux profondes naturelles, et \u00e0 proximit\u00e9 de l\u2019embouchure de l\u2019autoroute A8 (Bizerte-Tunis). Il s\u2019agit du site du Rimmel \u00e0 proximit\u00e9 imm\u00e9diate du port de p\u00eache de Zarzouna (face \u00e0 la raffinerie de p\u00e9trole STIR). Seul b\u00e9mol, l\u2019absence de liaison ferroviaire.<br \/>\nWait and see !<br \/>\nNDLR. Cr\u00e9dit photo via Wikipedia: http:\/\/www.flickr.com\/photos\/t_abdelmoumen\/2920355447\/in\/set-72157605874549902\/<br \/>\nLarbi SEDKAOUI &#8211; Tunis-Hebdo<\/p>\n","protected":false},"excerpt":{"rendered":"<p>Fr\u00eat maritime\u00a0: projet du port d\u2019Enfidha au point mort !  <\/p>\n","protected":false},"author":3222,"featured_media":376290,"comment_status":"open","ping_status":"closed","sticky":false,"template":"","format":"standard","meta":{"footnotes":""},"categories":[44],"tags":[],"class_list":["post-172667","post","type-post","status-publish","format-standard","has-post-thumbnail","hentry","category-national"],"yoast_head":"<!-- This site is optimized with the Yoast SEO Premium plugin v27.4 (Yoast SEO v27.5) - https:\/\/yoast.com\/product\/yoast-seo-premium-wordpress\/ -->\n<title>Fr\u00eat maritime\u00a0: projet du port d\u2019Enfidha au point mort !<\/title>\n<meta name=\"description\" content=\"Fr\u00eat maritime\u00a0: projet du port d\u2019Enfidha au point mort !\" \/>\n<link rel=\"canonical\" href=\"https:\/\/www.webdo.tn\/fr\/actualite\/tunis-hebdo\/fret-maritime-projet-du-port-d-enfidha-au-point-mort\/172667\/\" \/>\n<meta property=\"og:locale\" content=\"fr_FR\" \/>\n<meta property=\"og:type\" content=\"article\" \/>\n<meta property=\"og:title\" content=\"Fr\u00eat maritime\u00a0: projet du port d\u2019Enfidha au point mort !\" \/>\n<meta property=\"og:description\" content=\"Fr\u00eat maritime\u00a0: projet du port d\u2019Enfidha au point mort !\" \/>\n<meta property=\"og:url\" content=\"https:\/\/www.webdo.tn\/fr\/actualite\/tunis-hebdo\/fret-maritime-projet-du-port-d-enfidha-au-point-mort\/172667\/\" \/>\n<meta property=\"og:site_name\" content=\"webdo\" \/>\n<meta property=\"article:publisher\" content=\"https:\/\/www.facebook.com\/webdotn\" \/>\n<meta property=\"article:published_time\" content=\"2011-07-27T11:50:00+00:00\" \/>\n<meta property=\"article:modified_time\" content=\"2025-06-04T19:08:48+00:00\" \/>\n<meta name=\"author\" content=\"webdo.tn\" \/>\n<meta name=\"twitter:card\" content=\"summary_large_image\" \/>\n<meta name=\"twitter:creator\" content=\"@webdo_tn\" \/>\n<meta name=\"twitter:site\" content=\"@webdo_tn\" \/>\n<meta name=\"twitter:label1\" content=\"\u00c9crit par\" \/>\n\t<meta name=\"twitter:data1\" content=\"webdo.tn\" \/>\n\t<meta name=\"twitter:label2\" content=\"Dur\u00e9e de lecture estim\u00e9e\" \/>\n\t<meta name=\"twitter:data2\" content=\"4 minutes\" \/>\n<script type=\"application\/ld+json\" class=\"yoast-schema-graph\">{\"@context\":\"https:\\\/\\\/schema.org\",\"@graph\":[{\"@type\":\"NewsArticle\",\"@id\":\"https:\\\/\\\/www.webdo.tn\\\/fr\\\/actualite\\\/tunis-hebdo\\\/fret-maritime-projet-du-port-d-enfidha-au-point-mort\\\/172667\\\/#article\",\"isPartOf\":{\"@id\":\"https:\\\/\\\/www.webdo.tn\\\/fr\\\/actualite\\\/tunis-hebdo\\\/fret-maritime-projet-du-port-d-enfidha-au-point-mort\\\/172667\\\/\"},\"author\":{\"name\":\"webdo.tn\",\"@id\":\"https:\\\/\\\/www.webdo.tn\\\/fr\\\/#\\\/schema\\\/person\\\/9a9c6118d687c117df8ef3cc36a4d175\"},\"headline\":\"Fr\u00eat maritime\u00a0: projet du port d\u2019Enfidha au point mort !\",\"datePublished\":\"2011-07-27T11:50:00+00:00\",\"dateModified\":\"2025-06-04T19:08:48+00:00\",\"mainEntityOfPage\":{\"@id\":\"https:\\\/\\\/www.webdo.tn\\\/fr\\\/actualite\\\/tunis-hebdo\\\/fret-maritime-projet-du-port-d-enfidha-au-point-mort\\\/172667\\\/\"},\"wordCount\":714,\"commentCount\":0,\"publisher\":{\"@id\":\"https:\\\/\\\/www.webdo.tn\\\/fr\\\/#organization\"},\"image\":{\"@id\":\"https:\\\/\\\/www.webdo.tn\\\/fr\\\/actualite\\\/tunis-hebdo\\\/fret-maritime-projet-du-port-d-enfidha-au-point-mort\\\/172667\\\/#primaryimage\"},\"thumbnailUrl\":\"https:\\\/\\\/www.webdo.tn\\\/fr\\\/wp-content\\\/uploads\\\/2025\\\/06\\\/FireShot-Capture-1063-webdo_default-53-750x375.jpg-750\u00d7375-www.webdo_.tn_.png\",\"articleSection\":[\"National\"],\"inLanguage\":\"fr-FR\"},{\"@type\":\"WebPage\",\"@id\":\"https:\\\/\\\/www.webdo.tn\\\/fr\\\/actualite\\\/tunis-hebdo\\\/fret-maritime-projet-du-port-d-enfidha-au-point-mort\\\/172667\\\/\",\"url\":\"https:\\\/\\\/www.webdo.tn\\\/fr\\\/actualite\\\/tunis-hebdo\\\/fret-maritime-projet-du-port-d-enfidha-au-point-mort\\\/172667\\\/\",\"name\":\"Fr\u00eat maritime\u00a0: projet du port d\u2019Enfidha au point mort !\",\"isPartOf\":{\"@id\":\"https:\\\/\\\/www.webdo.tn\\\/fr\\\/#website\"},\"primaryImageOfPage\":{\"@id\":\"https:\\\/\\\/www.webdo.tn\\\/fr\\\/actualite\\\/tunis-hebdo\\\/fret-maritime-projet-du-port-d-enfidha-au-point-mort\\\/172667\\\/#primaryimage\"},\"image\":{\"@id\":\"https:\\\/\\\/www.webdo.tn\\\/fr\\\/actualite\\\/tunis-hebdo\\\/fret-maritime-projet-du-port-d-enfidha-au-point-mort\\\/172667\\\/#primaryimage\"},\"thumbnailUrl\":\"https:\\\/\\\/www.webdo.tn\\\/fr\\\/wp-content\\\/uploads\\\/2025\\\/06\\\/FireShot-Capture-1063-webdo_default-53-750x375.jpg-750\u00d7375-www.webdo_.tn_.png\",\"datePublished\":\"2011-07-27T11:50:00+00:00\",\"dateModified\":\"2025-06-04T19:08:48+00:00\",\"description\":\"Fr\u00eat maritime\u00a0: projet du port d\u2019Enfidha au point mort !\",\"breadcrumb\":{\"@id\":\"https:\\\/\\\/www.webdo.tn\\\/fr\\\/actualite\\\/tunis-hebdo\\\/fret-maritime-projet-du-port-d-enfidha-au-point-mort\\\/172667\\\/#breadcrumb\"},\"inLanguage\":\"fr-FR\",\"potentialAction\":[{\"@type\":\"ReadAction\",\"target\":[\"https:\\\/\\\/www.webdo.tn\\\/fr\\\/actualite\\\/tunis-hebdo\\\/fret-maritime-projet-du-port-d-enfidha-au-point-mort\\\/172667\\\/\"]}]},{\"@type\":\"ImageObject\",\"inLanguage\":\"fr-FR\",\"@id\":\"https:\\\/\\\/www.webdo.tn\\\/fr\\\/actualite\\\/tunis-hebdo\\\/fret-maritime-projet-du-port-d-enfidha-au-point-mort\\\/172667\\\/#primaryimage\",\"url\":\"https:\\\/\\\/www.webdo.tn\\\/fr\\\/wp-content\\\/uploads\\\/2025\\\/06\\\/FireShot-Capture-1063-webdo_default-53-750x375.jpg-750\u00d7375-www.webdo_.tn_.png\",\"contentUrl\":\"https:\\\/\\\/www.webdo.tn\\\/fr\\\/wp-content\\\/uploads\\\/2025\\\/06\\\/FireShot-Capture-1063-webdo_default-53-750x375.jpg-750\u00d7375-www.webdo_.tn_.png\",\"width\":746,\"height\":371},{\"@type\":\"BreadcrumbList\",\"@id\":\"https:\\\/\\\/www.webdo.tn\\\/fr\\\/actualite\\\/tunis-hebdo\\\/fret-maritime-projet-du-port-d-enfidha-au-point-mort\\\/172667\\\/#breadcrumb\",\"itemListElement\":[{\"@type\":\"ListItem\",\"position\":1,\"name\":\"Accueil\",\"item\":\"https:\\\/\\\/www.webdo.tn\\\/fr\\\/\"},{\"@type\":\"ListItem\",\"position\":2,\"name\":\"Fr\u00eat maritime\u00a0: projet du port d\u2019Enfidha au point mort !\"}]},{\"@type\":\"WebSite\",\"@id\":\"https:\\\/\\\/www.webdo.tn\\\/fr\\\/#website\",\"url\":\"https:\\\/\\\/www.webdo.tn\\\/fr\\\/\",\"name\":\"webdo\",\"description\":\"Tunisie - News en Tunisie et \u00e0 l&#039;international sur Webdo.tn\",\"publisher\":{\"@id\":\"https:\\\/\\\/www.webdo.tn\\\/fr\\\/#organization\"},\"potentialAction\":[{\"@type\":\"SearchAction\",\"target\":{\"@type\":\"EntryPoint\",\"urlTemplate\":\"https:\\\/\\\/www.webdo.tn\\\/fr\\\/?s={search_term_string}\"},\"query-input\":{\"@type\":\"PropertyValueSpecification\",\"valueRequired\":true,\"valueName\":\"search_term_string\"}}],\"inLanguage\":\"fr-FR\"},{\"@type\":\"Organization\",\"@id\":\"https:\\\/\\\/www.webdo.tn\\\/fr\\\/#organization\",\"name\":\"Webdo\",\"alternateName\":\"Webdo.tn\",\"url\":\"https:\\\/\\\/www.webdo.tn\\\/fr\\\/\",\"logo\":{\"@type\":\"ImageObject\",\"inLanguage\":\"fr-FR\",\"@id\":\"https:\\\/\\\/www.webdo.tn\\\/fr\\\/#\\\/schema\\\/logo\\\/image\\\/\",\"url\":\"https:\\\/\\\/www.webdo.tn\\\/fr\\\/wp-content\\\/uploads\\\/2025\\\/06\\\/Webdo-Tunisie_168377.jpg\",\"contentUrl\":\"https:\\\/\\\/www.webdo.tn\\\/fr\\\/wp-content\\\/uploads\\\/2025\\\/06\\\/Webdo-Tunisie_168377.jpg\",\"width\":301,\"height\":301,\"caption\":\"Webdo\"},\"image\":{\"@id\":\"https:\\\/\\\/www.webdo.tn\\\/fr\\\/#\\\/schema\\\/logo\\\/image\\\/\"},\"sameAs\":[\"https:\\\/\\\/www.facebook.com\\\/webdotn\",\"https:\\\/\\\/x.com\\\/webdo_tn\"],\"description\":\"Webdo est un m\u00e9dia num\u00e9rique tunisien fond\u00e9 en 2010, sp\u00e9cialis\u00e9 dans l\u2019actualit\u00e9 nationale et internationale, l\u2019\u00e9conomie, la soci\u00e9t\u00e9 et les analyses politiques. Le site s\u2019adresse \u00e0 un large public francophone et couvre l\u2019information tunisienne en temps r\u00e9el.\",\"email\":\"redac@webdo.tn\",\"legalName\":\"YNJ SARL\",\"foundingDate\":\"2010-09-06\",\"numberOfEmployees\":{\"@type\":\"QuantitativeValue\",\"minValue\":\"11\",\"maxValue\":\"50\"}},{\"@type\":\"Person\",\"@id\":\"https:\\\/\\\/www.webdo.tn\\\/fr\\\/#\\\/schema\\\/person\\\/9a9c6118d687c117df8ef3cc36a4d175\",\"name\":\"webdo.tn\",\"image\":{\"@type\":\"ImageObject\",\"inLanguage\":\"fr-FR\",\"@id\":\"https:\\\/\\\/secure.gravatar.com\\\/avatar\\\/7ce1f28c0c3bbac99ff550b85ef8e44a6950c6ee24514fb6a5489e51d06f0298?s=96&d=mm&r=g\",\"url\":\"https:\\\/\\\/secure.gravatar.com\\\/avatar\\\/7ce1f28c0c3bbac99ff550b85ef8e44a6950c6ee24514fb6a5489e51d06f0298?s=96&d=mm&r=g\",\"contentUrl\":\"https:\\\/\\\/secure.gravatar.com\\\/avatar\\\/7ce1f28c0c3bbac99ff550b85ef8e44a6950c6ee24514fb6a5489e51d06f0298?s=96&d=mm&r=g\",\"caption\":\"webdo.tn\"},\"url\":\"https:\\\/\\\/www.webdo.tn\\\/fr\\\/actualite\\\/author\\\/webdotn\\\/\"}]}<\/script>\n<!-- \/ Yoast SEO Premium plugin. -->","yoast_head_json":{"title":"Fr\u00eat maritime\u00a0: projet du port d\u2019Enfidha au point mort !","description":"Fr\u00eat maritime\u00a0: projet du port d\u2019Enfidha au point mort !","canonical":"https:\/\/www.webdo.tn\/fr\/actualite\/tunis-hebdo\/fret-maritime-projet-du-port-d-enfidha-au-point-mort\/172667\/","og_locale":"fr_FR","og_type":"article","og_title":"Fr\u00eat maritime\u00a0: projet du port d\u2019Enfidha au point mort !","og_description":"Fr\u00eat maritime\u00a0: projet du port d\u2019Enfidha au point mort !","og_url":"https:\/\/www.webdo.tn\/fr\/actualite\/tunis-hebdo\/fret-maritime-projet-du-port-d-enfidha-au-point-mort\/172667\/","og_site_name":"webdo","article_publisher":"https:\/\/www.facebook.com\/webdotn","article_published_time":"2011-07-27T11:50:00+00:00","article_modified_time":"2025-06-04T19:08:48+00:00","author":"webdo.tn","twitter_card":"summary_large_image","twitter_creator":"@webdo_tn","twitter_site":"@webdo_tn","twitter_misc":{"\u00c9crit par":"webdo.tn","Dur\u00e9e de lecture estim\u00e9e":"4 minutes"},"schema":{"@context":"https:\/\/schema.org","@graph":[{"@type":"NewsArticle","@id":"https:\/\/www.webdo.tn\/fr\/actualite\/tunis-hebdo\/fret-maritime-projet-du-port-d-enfidha-au-point-mort\/172667\/#article","isPartOf":{"@id":"https:\/\/www.webdo.tn\/fr\/actualite\/tunis-hebdo\/fret-maritime-projet-du-port-d-enfidha-au-point-mort\/172667\/"},"author":{"name":"webdo.tn","@id":"https:\/\/www.webdo.tn\/fr\/#\/schema\/person\/9a9c6118d687c117df8ef3cc36a4d175"},"headline":"Fr\u00eat maritime\u00a0: projet du port d\u2019Enfidha au point mort !","datePublished":"2011-07-27T11:50:00+00:00","dateModified":"2025-06-04T19:08:48+00:00","mainEntityOfPage":{"@id":"https:\/\/www.webdo.tn\/fr\/actualite\/tunis-hebdo\/fret-maritime-projet-du-port-d-enfidha-au-point-mort\/172667\/"},"wordCount":714,"commentCount":0,"publisher":{"@id":"https:\/\/www.webdo.tn\/fr\/#organization"},"image":{"@id":"https:\/\/www.webdo.tn\/fr\/actualite\/tunis-hebdo\/fret-maritime-projet-du-port-d-enfidha-au-point-mort\/172667\/#primaryimage"},"thumbnailUrl":"https:\/\/www.webdo.tn\/fr\/wp-content\/uploads\/2025\/06\/FireShot-Capture-1063-webdo_default-53-750x375.jpg-750\u00d7375-www.webdo_.tn_.png","articleSection":["National"],"inLanguage":"fr-FR"},{"@type":"WebPage","@id":"https:\/\/www.webdo.tn\/fr\/actualite\/tunis-hebdo\/fret-maritime-projet-du-port-d-enfidha-au-point-mort\/172667\/","url":"https:\/\/www.webdo.tn\/fr\/actualite\/tunis-hebdo\/fret-maritime-projet-du-port-d-enfidha-au-point-mort\/172667\/","name":"Fr\u00eat maritime\u00a0: projet du port d\u2019Enfidha au point mort !","isPartOf":{"@id":"https:\/\/www.webdo.tn\/fr\/#website"},"primaryImageOfPage":{"@id":"https:\/\/www.webdo.tn\/fr\/actualite\/tunis-hebdo\/fret-maritime-projet-du-port-d-enfidha-au-point-mort\/172667\/#primaryimage"},"image":{"@id":"https:\/\/www.webdo.tn\/fr\/actualite\/tunis-hebdo\/fret-maritime-projet-du-port-d-enfidha-au-point-mort\/172667\/#primaryimage"},"thumbnailUrl":"https:\/\/www.webdo.tn\/fr\/wp-content\/uploads\/2025\/06\/FireShot-Capture-1063-webdo_default-53-750x375.jpg-750\u00d7375-www.webdo_.tn_.png","datePublished":"2011-07-27T11:50:00+00:00","dateModified":"2025-06-04T19:08:48+00:00","description":"Fr\u00eat maritime\u00a0: projet du port d\u2019Enfidha au point mort !","breadcrumb":{"@id":"https:\/\/www.webdo.tn\/fr\/actualite\/tunis-hebdo\/fret-maritime-projet-du-port-d-enfidha-au-point-mort\/172667\/#breadcrumb"},"inLanguage":"fr-FR","potentialAction":[{"@type":"ReadAction","target":["https:\/\/www.webdo.tn\/fr\/actualite\/tunis-hebdo\/fret-maritime-projet-du-port-d-enfidha-au-point-mort\/172667\/"]}]},{"@type":"ImageObject","inLanguage":"fr-FR","@id":"https:\/\/www.webdo.tn\/fr\/actualite\/tunis-hebdo\/fret-maritime-projet-du-port-d-enfidha-au-point-mort\/172667\/#primaryimage","url":"https:\/\/www.webdo.tn\/fr\/wp-content\/uploads\/2025\/06\/FireShot-Capture-1063-webdo_default-53-750x375.jpg-750\u00d7375-www.webdo_.tn_.png","contentUrl":"https:\/\/www.webdo.tn\/fr\/wp-content\/uploads\/2025\/06\/FireShot-Capture-1063-webdo_default-53-750x375.jpg-750\u00d7375-www.webdo_.tn_.png","width":746,"height":371},{"@type":"BreadcrumbList","@id":"https:\/\/www.webdo.tn\/fr\/actualite\/tunis-hebdo\/fret-maritime-projet-du-port-d-enfidha-au-point-mort\/172667\/#breadcrumb","itemListElement":[{"@type":"ListItem","position":1,"name":"Accueil","item":"https:\/\/www.webdo.tn\/fr\/"},{"@type":"ListItem","position":2,"name":"Fr\u00eat maritime\u00a0: projet du port d\u2019Enfidha au point mort !"}]},{"@type":"WebSite","@id":"https:\/\/www.webdo.tn\/fr\/#website","url":"https:\/\/www.webdo.tn\/fr\/","name":"webdo","description":"Tunisie - News en Tunisie et \u00e0 l&#039;international sur Webdo.tn","publisher":{"@id":"https:\/\/www.webdo.tn\/fr\/#organization"},"potentialAction":[{"@type":"SearchAction","target":{"@type":"EntryPoint","urlTemplate":"https:\/\/www.webdo.tn\/fr\/?s={search_term_string}"},"query-input":{"@type":"PropertyValueSpecification","valueRequired":true,"valueName":"search_term_string"}}],"inLanguage":"fr-FR"},{"@type":"Organization","@id":"https:\/\/www.webdo.tn\/fr\/#organization","name":"Webdo","alternateName":"Webdo.tn","url":"https:\/\/www.webdo.tn\/fr\/","logo":{"@type":"ImageObject","inLanguage":"fr-FR","@id":"https:\/\/www.webdo.tn\/fr\/#\/schema\/logo\/image\/","url":"https:\/\/www.webdo.tn\/fr\/wp-content\/uploads\/2025\/06\/Webdo-Tunisie_168377.jpg","contentUrl":"https:\/\/www.webdo.tn\/fr\/wp-content\/uploads\/2025\/06\/Webdo-Tunisie_168377.jpg","width":301,"height":301,"caption":"Webdo"},"image":{"@id":"https:\/\/www.webdo.tn\/fr\/#\/schema\/logo\/image\/"},"sameAs":["https:\/\/www.facebook.com\/webdotn","https:\/\/x.com\/webdo_tn"],"description":"Webdo est un m\u00e9dia num\u00e9rique tunisien fond\u00e9 en 2010, sp\u00e9cialis\u00e9 dans l\u2019actualit\u00e9 nationale et internationale, l\u2019\u00e9conomie, la soci\u00e9t\u00e9 et les analyses politiques. Le site s\u2019adresse \u00e0 un large public francophone et couvre l\u2019information tunisienne en temps r\u00e9el.","email":"redac@webdo.tn","legalName":"YNJ SARL","foundingDate":"2010-09-06","numberOfEmployees":{"@type":"QuantitativeValue","minValue":"11","maxValue":"50"}},{"@type":"Person","@id":"https:\/\/www.webdo.tn\/fr\/#\/schema\/person\/9a9c6118d687c117df8ef3cc36a4d175","name":"webdo.tn","image":{"@type":"ImageObject","inLanguage":"fr-FR","@id":"https:\/\/secure.gravatar.com\/avatar\/7ce1f28c0c3bbac99ff550b85ef8e44a6950c6ee24514fb6a5489e51d06f0298?s=96&d=mm&r=g","url":"https:\/\/secure.gravatar.com\/avatar\/7ce1f28c0c3bbac99ff550b85ef8e44a6950c6ee24514fb6a5489e51d06f0298?s=96&d=mm&r=g","contentUrl":"https:\/\/secure.gravatar.com\/avatar\/7ce1f28c0c3bbac99ff550b85ef8e44a6950c6ee24514fb6a5489e51d06f0298?s=96&d=mm&r=g","caption":"webdo.tn"},"url":"https:\/\/www.webdo.tn\/fr\/actualite\/author\/webdotn\/"}]}},"_links":{"self":[{"href":"https:\/\/www.webdo.tn\/fr\/wp-json\/wp\/v2\/posts\/172667","targetHints":{"allow":["GET"]}}],"collection":[{"href":"https:\/\/www.webdo.tn\/fr\/wp-json\/wp\/v2\/posts"}],"about":[{"href":"https:\/\/www.webdo.tn\/fr\/wp-json\/wp\/v2\/types\/post"}],"author":[{"embeddable":true,"href":"https:\/\/www.webdo.tn\/fr\/wp-json\/wp\/v2\/users\/3222"}],"replies":[{"embeddable":true,"href":"https:\/\/www.webdo.tn\/fr\/wp-json\/wp\/v2\/comments?post=172667"}],"version-history":[{"count":0,"href":"https:\/\/www.webdo.tn\/fr\/wp-json\/wp\/v2\/posts\/172667\/revisions"}],"wp:featuredmedia":[{"embeddable":true,"href":"https:\/\/www.webdo.tn\/fr\/wp-json\/wp\/v2\/media\/376290"}],"wp:attachment":[{"href":"https:\/\/www.webdo.tn\/fr\/wp-json\/wp\/v2\/media?parent=172667"}],"wp:term":[{"taxonomy":"category","embeddable":true,"href":"https:\/\/www.webdo.tn\/fr\/wp-json\/wp\/v2\/categories?post=172667"},{"taxonomy":"post_tag","embeddable":true,"href":"https:\/\/www.webdo.tn\/fr\/wp-json\/wp\/v2\/tags?post=172667"}],"curies":[{"name":"wp","href":"https:\/\/api.w.org\/{rel}","templated":true}]}}