{"id":172666,"date":"2011-07-28T11:20:00","date_gmt":"2011-07-28T11:20:00","guid":{"rendered":"https:\/\/www.webdo.tn\/fr\/actualite\/blog\/apres-le-suicide-loupe-de-leila-le-meurtre-rate-de-belhassen-trabelsi\/172666\/"},"modified":"2011-07-28T11:20:00","modified_gmt":"2011-07-28T11:20:00","slug":"apres-le-suicide-loupe-de-leila-le-meurtre-rate-de-belhassen-trabelsi","status":"publish","type":"post","link":"https:\/\/www.webdo.tn\/fr\/actualite\/national\/apres-le-suicide-loupe-de-leila-le-meurtre-rate-de-belhassen-trabelsi\/172666\/","title":{"rendered":"Apr\u00e8s le suicide loup\u00e9 de Leila, le meurtre rat\u00e9 de Belhassen Trabelsi ! ?"},"content":{"rendered":"<p>Cette semaine, nous avons le droit \u00e0 deux \u00ab\u00a0scoops\u00a0\u00bb sur deux des personnes les plus d\u00e9test\u00e9es du pays, \u00e0 savoir Leila Trabelsi et son fr\u00e8re Belhassen.<\/p>\n<p>La premi\u00e8re information a \u00e9t\u00e9 donn\u00e9e par RadioBledi, qui affirme que l&rsquo;ex-premi\u00e8re dame de Tunisie a tent\u00e9 de mettre fin \u00e0 ses jours en avalant du poison. Une tentative qui a -comme l\u2019ont dit certains- malheureusement \u00e9chou\u00e9.<\/p>\n<p>L&rsquo;\u00e9tat de Leila serait d\u00e9sormais stationnaire suite \u00e0 son transport \u00e0 l&rsquo;h\u00f4pital d&rsquo;Abha. Cependant, aucune preuve n&rsquo;a \u00e9t\u00e9 avanc\u00e9e par RadioBledi, ni aucun m\u00e9dia connu n&rsquo;a relay\u00e9 l&rsquo;info&#8230;<\/p>\n<p>La deuxi\u00e8me nouvelle date, elle, d&rsquo;hier soir, et concerne la tentative \u00ab\u00a0de meurtre\u00a0\u00bb sur la personne de Belhassen Trabelsi. Le site Tunisie News, le premier, suivi ce matin par Africanmanger ont relay\u00e9 cette information selon laquelle un \u00e9migr\u00e9 tunisien aurait tir\u00e9 deux coups de feu sur Belhassen. L\u00e0 aussi, ce dernier s&rsquo;en sort bien apr\u00e8s avoir \u00e9t\u00e9 transport\u00e9 \u00e0 l&rsquo;h\u00f4pital \u00ab\u00a0Saint Mary\u00a0\u00bb.<\/p>\n<p>Si l&rsquo;information sur Leila est pratiquement impossible \u00e0 v\u00e9rifier, comme toute information concernant le couple Ben Ali, vu que ce dernier est surprot\u00e9g\u00e9 par le roi d&rsquo;Arabie Saoudite, nous avons essay\u00e9 de v\u00e9rifier celle sur Belhassen. D&rsquo;autant plus que l&rsquo;article a tout l&rsquo;air d&rsquo;\u00eatre vrai et cr\u00e9dible, car il cite une agence de presse canadienne comme source !<\/p>\n<p>Nous avons alors commenc\u00e9 par rechercher l&rsquo;article original de la suppos\u00e9e source. Il s&rsquo;agit d&rsquo;une agence de presse nomm\u00e9e \u00ab\u00a0Canada Life\u00a0\u00bb. Malgr\u00e9 nos recherches, nous n&rsquo;avons trouv\u00e9 aucun article sur ce sujet \u00e9manant d&rsquo;une agence de presse r\u00e9pondant \u00e0 ce nom.<\/p>\n<p>Par la suite, nous avons appel\u00e9 l&rsquo;h\u00f4pital vers lequel aurait \u00e9t\u00e9 transport\u00e9 Belhassen. A l&rsquo;h\u00f4pital Saint Mary, aucun patient du nom de Trabelsi n&rsquo;a \u00e9t\u00e9 enregistr\u00e9 sur la liste des admissions. \u00c0 moins que pour des raisons de confidentialit\u00e9 et de \u00abs\u00e9curit\u00e9\u00bb, il leur est pr\u00e9f\u00e9rable de ne rien divulguer&#8230;<\/p>\n<p>Sans aller vite en besogne et d\u00e9mentir ces deux infos, nous attendons de voir comment les agences AP, Reuters et autres, m\u00e9dias canadiens inclus, r\u00e9agiront \u00e0 l\u2019affaire, si affaire il y a. Car si l&rsquo;information s&rsquo;av\u00e8re vraie, nul doute qu&rsquo;ils n&rsquo;h\u00e9siteront pas \u00e0 couvrir le sujet&#8230; de mani\u00e8re professionnelle !<\/p>\n","protected":false},"excerpt":{"rendered":"<p>Apr\u00e8s le suicide loup\u00e9 de Leila, le meurtre rat\u00e9 de Belhassen Trabelsi ! ? <\/p>\n","protected":false},"author":3222,"featured_media":365229,"comment_status":"open","ping_status":"closed","sticky":false,"template":"","format":"standard","meta":{"footnotes":""},"categories":[44],"tags":[],"class_list":["post-172666","post","type-post","status-publish","format-standard","has-post-thumbnail","hentry","category-national"],"yoast_head":"<!-- This site is optimized with the Yoast SEO Premium plugin v27.4 (Yoast SEO v27.5) - https:\/\/yoast.com\/product\/yoast-seo-premium-wordpress\/ -->\n<title>Apr\u00e8s le suicide loup\u00e9 de Leila, le meurtre rat\u00e9 de Belhassen Trabelsi ! ?<\/title>\n<meta name=\"description\" content=\"Apr\u00e8s le suicide loup\u00e9 de Leila, le meurtre rat\u00e9 de Belhassen Trabelsi ! ?\" \/>\n<link rel=\"canonical\" href=\"https:\/\/www.webdo.tn\/fr\/actualite\/national\/apres-le-suicide-loupe-de-leila-le-meurtre-rate-de-belhassen-trabelsi\/172666\/\" \/>\n<meta property=\"og:locale\" content=\"fr_FR\" \/>\n<meta property=\"og:type\" content=\"article\" \/>\n<meta property=\"og:title\" content=\"Apr\u00e8s le suicide loup\u00e9 de Leila, le meurtre rat\u00e9 de Belhassen Trabelsi ! ?\" \/>\n<meta property=\"og:description\" content=\"Apr\u00e8s le suicide loup\u00e9 de Leila, le meurtre rat\u00e9 de Belhassen Trabelsi ! ?\" \/>\n<meta property=\"og:url\" content=\"https:\/\/www.webdo.tn\/fr\/actualite\/national\/apres-le-suicide-loupe-de-leila-le-meurtre-rate-de-belhassen-trabelsi\/172666\/\" \/>\n<meta property=\"og:site_name\" content=\"webdo\" \/>\n<meta property=\"article:publisher\" content=\"https:\/\/www.facebook.com\/webdotn\" \/>\n<meta property=\"article:published_time\" content=\"2011-07-28T11:20:00+00:00\" \/>\n<meta property=\"og:image\" content=\"https:\/\/www.webdo.tn\/fr\/wp-content\/uploads\/2011\/07\/Leila-et-Belhassen-Trabelsi.jpg\" \/>\n\t<meta property=\"og:image:width\" content=\"302\" \/>\n\t<meta property=\"og:image:height\" content=\"180\" \/>\n\t<meta property=\"og:image:type\" content=\"image\/jpeg\" \/>\n<meta name=\"author\" content=\"webdo.tn\" \/>\n<meta name=\"twitter:card\" content=\"summary_large_image\" \/>\n<meta name=\"twitter:creator\" content=\"@webdo_tn\" \/>\n<meta name=\"twitter:site\" content=\"@webdo_tn\" \/>\n<meta name=\"twitter:label1\" content=\"\u00c9crit par\" \/>\n\t<meta name=\"twitter:data1\" content=\"webdo.tn\" \/>\n\t<meta name=\"twitter:label2\" content=\"Dur\u00e9e de lecture estim\u00e9e\" \/>\n\t<meta name=\"twitter:data2\" content=\"2 minutes\" \/>\n<script type=\"application\/ld+json\" class=\"yoast-schema-graph\">{\"@context\":\"https:\\\/\\\/schema.org\",\"@graph\":[{\"@type\":\"NewsArticle\",\"@id\":\"https:\\\/\\\/www.webdo.tn\\\/fr\\\/actualite\\\/national\\\/apres-le-suicide-loupe-de-leila-le-meurtre-rate-de-belhassen-trabelsi\\\/172666\\\/#article\",\"isPartOf\":{\"@id\":\"https:\\\/\\\/www.webdo.tn\\\/fr\\\/actualite\\\/national\\\/apres-le-suicide-loupe-de-leila-le-meurtre-rate-de-belhassen-trabelsi\\\/172666\\\/\"},\"author\":{\"name\":\"webdo.tn\",\"@id\":\"https:\\\/\\\/www.webdo.tn\\\/fr\\\/#\\\/schema\\\/person\\\/9a9c6118d687c117df8ef3cc36a4d175\"},\"headline\":\"Apr\u00e8s le suicide loup\u00e9 de Leila, le meurtre rat\u00e9 de Belhassen Trabelsi ! ?\",\"datePublished\":\"2011-07-28T11:20:00+00:00\",\"mainEntityOfPage\":{\"@id\":\"https:\\\/\\\/www.webdo.tn\\\/fr\\\/actualite\\\/national\\\/apres-le-suicide-loupe-de-leila-le-meurtre-rate-de-belhassen-trabelsi\\\/172666\\\/\"},\"wordCount\":413,\"commentCount\":0,\"publisher\":{\"@id\":\"https:\\\/\\\/www.webdo.tn\\\/fr\\\/#organization\"},\"image\":{\"@id\":\"https:\\\/\\\/www.webdo.tn\\\/fr\\\/actualite\\\/national\\\/apres-le-suicide-loupe-de-leila-le-meurtre-rate-de-belhassen-trabelsi\\\/172666\\\/#primaryimage\"},\"thumbnailUrl\":\"https:\\\/\\\/www.webdo.tn\\\/fr\\\/wp-content\\\/uploads\\\/2011\\\/07\\\/Leila-et-Belhassen-Trabelsi.jpg\",\"articleSection\":[\"National\"],\"inLanguage\":\"fr-FR\"},{\"@type\":\"WebPage\",\"@id\":\"https:\\\/\\\/www.webdo.tn\\\/fr\\\/actualite\\\/national\\\/apres-le-suicide-loupe-de-leila-le-meurtre-rate-de-belhassen-trabelsi\\\/172666\\\/\",\"url\":\"https:\\\/\\\/www.webdo.tn\\\/fr\\\/actualite\\\/national\\\/apres-le-suicide-loupe-de-leila-le-meurtre-rate-de-belhassen-trabelsi\\\/172666\\\/\",\"name\":\"Apr\u00e8s le suicide loup\u00e9 de Leila, le meurtre rat\u00e9 de Belhassen Trabelsi ! ?\",\"isPartOf\":{\"@id\":\"https:\\\/\\\/www.webdo.tn\\\/fr\\\/#website\"},\"primaryImageOfPage\":{\"@id\":\"https:\\\/\\\/www.webdo.tn\\\/fr\\\/actualite\\\/national\\\/apres-le-suicide-loupe-de-leila-le-meurtre-rate-de-belhassen-trabelsi\\\/172666\\\/#primaryimage\"},\"image\":{\"@id\":\"https:\\\/\\\/www.webdo.tn\\\/fr\\\/actualite\\\/national\\\/apres-le-suicide-loupe-de-leila-le-meurtre-rate-de-belhassen-trabelsi\\\/172666\\\/#primaryimage\"},\"thumbnailUrl\":\"https:\\\/\\\/www.webdo.tn\\\/fr\\\/wp-content\\\/uploads\\\/2011\\\/07\\\/Leila-et-Belhassen-Trabelsi.jpg\",\"datePublished\":\"2011-07-28T11:20:00+00:00\",\"description\":\"Apr\u00e8s le suicide loup\u00e9 de Leila, le meurtre rat\u00e9 de Belhassen Trabelsi ! ?\",\"breadcrumb\":{\"@id\":\"https:\\\/\\\/www.webdo.tn\\\/fr\\\/actualite\\\/national\\\/apres-le-suicide-loupe-de-leila-le-meurtre-rate-de-belhassen-trabelsi\\\/172666\\\/#breadcrumb\"},\"inLanguage\":\"fr-FR\",\"potentialAction\":[{\"@type\":\"ReadAction\",\"target\":[\"https:\\\/\\\/www.webdo.tn\\\/fr\\\/actualite\\\/national\\\/apres-le-suicide-loupe-de-leila-le-meurtre-rate-de-belhassen-trabelsi\\\/172666\\\/\"]}]},{\"@type\":\"ImageObject\",\"inLanguage\":\"fr-FR\",\"@id\":\"https:\\\/\\\/www.webdo.tn\\\/fr\\\/actualite\\\/national\\\/apres-le-suicide-loupe-de-leila-le-meurtre-rate-de-belhassen-trabelsi\\\/172666\\\/#primaryimage\",\"url\":\"https:\\\/\\\/www.webdo.tn\\\/fr\\\/wp-content\\\/uploads\\\/2011\\\/07\\\/Leila-et-Belhassen-Trabelsi.jpg\",\"contentUrl\":\"https:\\\/\\\/www.webdo.tn\\\/fr\\\/wp-content\\\/uploads\\\/2011\\\/07\\\/Leila-et-Belhassen-Trabelsi.jpg\",\"width\":302,\"height\":180,\"caption\":\"Apr\u00e8s le suicide loup\u00e9 de Leila, le meurtre rat\u00e9 de Belhassen Trabelsi ! ?\"},{\"@type\":\"BreadcrumbList\",\"@id\":\"https:\\\/\\\/www.webdo.tn\\\/fr\\\/actualite\\\/national\\\/apres-le-suicide-loupe-de-leila-le-meurtre-rate-de-belhassen-trabelsi\\\/172666\\\/#breadcrumb\",\"itemListElement\":[{\"@type\":\"ListItem\",\"position\":1,\"name\":\"Accueil\",\"item\":\"https:\\\/\\\/www.webdo.tn\\\/fr\\\/\"},{\"@type\":\"ListItem\",\"position\":2,\"name\":\"Apr\u00e8s le suicide loup\u00e9 de Leila, le meurtre rat\u00e9 de Belhassen Trabelsi ! ?\"}]},{\"@type\":\"WebSite\",\"@id\":\"https:\\\/\\\/www.webdo.tn\\\/fr\\\/#website\",\"url\":\"https:\\\/\\\/www.webdo.tn\\\/fr\\\/\",\"name\":\"webdo\",\"description\":\"Tunisie - News en Tunisie et \u00e0 l&#039;international sur Webdo.tn\",\"publisher\":{\"@id\":\"https:\\\/\\\/www.webdo.tn\\\/fr\\\/#organization\"},\"potentialAction\":[{\"@type\":\"SearchAction\",\"target\":{\"@type\":\"EntryPoint\",\"urlTemplate\":\"https:\\\/\\\/www.webdo.tn\\\/fr\\\/?s={search_term_string}\"},\"query-input\":{\"@type\":\"PropertyValueSpecification\",\"valueRequired\":true,\"valueName\":\"search_term_string\"}}],\"inLanguage\":\"fr-FR\"},{\"@type\":\"Organization\",\"@id\":\"https:\\\/\\\/www.webdo.tn\\\/fr\\\/#organization\",\"name\":\"Webdo\",\"alternateName\":\"Webdo.tn\",\"url\":\"https:\\\/\\\/www.webdo.tn\\\/fr\\\/\",\"logo\":{\"@type\":\"ImageObject\",\"inLanguage\":\"fr-FR\",\"@id\":\"https:\\\/\\\/www.webdo.tn\\\/fr\\\/#\\\/schema\\\/logo\\\/image\\\/\",\"url\":\"https:\\\/\\\/www.webdo.tn\\\/fr\\\/wp-content\\\/uploads\\\/2025\\\/06\\\/Webdo-Tunisie_168377.jpg\",\"contentUrl\":\"https:\\\/\\\/www.webdo.tn\\\/fr\\\/wp-content\\\/uploads\\\/2025\\\/06\\\/Webdo-Tunisie_168377.jpg\",\"width\":301,\"height\":301,\"caption\":\"Webdo\"},\"image\":{\"@id\":\"https:\\\/\\\/www.webdo.tn\\\/fr\\\/#\\\/schema\\\/logo\\\/image\\\/\"},\"sameAs\":[\"https:\\\/\\\/www.facebook.com\\\/webdotn\",\"https:\\\/\\\/x.com\\\/webdo_tn\"],\"description\":\"Webdo est un m\u00e9dia num\u00e9rique tunisien fond\u00e9 en 2010, sp\u00e9cialis\u00e9 dans l\u2019actualit\u00e9 nationale et internationale, l\u2019\u00e9conomie, la soci\u00e9t\u00e9 et les analyses politiques. Le site s\u2019adresse \u00e0 un large public francophone et couvre l\u2019information tunisienne en temps r\u00e9el.\",\"email\":\"redac@webdo.tn\",\"legalName\":\"YNJ SARL\",\"foundingDate\":\"2010-09-06\",\"numberOfEmployees\":{\"@type\":\"QuantitativeValue\",\"minValue\":\"11\",\"maxValue\":\"50\"}},{\"@type\":\"Person\",\"@id\":\"https:\\\/\\\/www.webdo.tn\\\/fr\\\/#\\\/schema\\\/person\\\/9a9c6118d687c117df8ef3cc36a4d175\",\"name\":\"webdo.tn\",\"image\":{\"@type\":\"ImageObject\",\"inLanguage\":\"fr-FR\",\"@id\":\"https:\\\/\\\/secure.gravatar.com\\\/avatar\\\/7ce1f28c0c3bbac99ff550b85ef8e44a6950c6ee24514fb6a5489e51d06f0298?s=96&d=mm&r=g\",\"url\":\"https:\\\/\\\/secure.gravatar.com\\\/avatar\\\/7ce1f28c0c3bbac99ff550b85ef8e44a6950c6ee24514fb6a5489e51d06f0298?s=96&d=mm&r=g\",\"contentUrl\":\"https:\\\/\\\/secure.gravatar.com\\\/avatar\\\/7ce1f28c0c3bbac99ff550b85ef8e44a6950c6ee24514fb6a5489e51d06f0298?s=96&d=mm&r=g\",\"caption\":\"webdo.tn\"},\"url\":\"https:\\\/\\\/www.webdo.tn\\\/fr\\\/actualite\\\/author\\\/webdotn\\\/\"}]}<\/script>\n<!-- \/ Yoast SEO Premium plugin. -->","yoast_head_json":{"title":"Apr\u00e8s le suicide loup\u00e9 de Leila, le meurtre rat\u00e9 de Belhassen Trabelsi ! ?","description":"Apr\u00e8s le suicide loup\u00e9 de Leila, le meurtre rat\u00e9 de Belhassen Trabelsi ! ?","canonical":"https:\/\/www.webdo.tn\/fr\/actualite\/national\/apres-le-suicide-loupe-de-leila-le-meurtre-rate-de-belhassen-trabelsi\/172666\/","og_locale":"fr_FR","og_type":"article","og_title":"Apr\u00e8s le suicide loup\u00e9 de Leila, le meurtre rat\u00e9 de Belhassen Trabelsi ! ?","og_description":"Apr\u00e8s le suicide loup\u00e9 de Leila, le meurtre rat\u00e9 de Belhassen Trabelsi ! ?","og_url":"https:\/\/www.webdo.tn\/fr\/actualite\/national\/apres-le-suicide-loupe-de-leila-le-meurtre-rate-de-belhassen-trabelsi\/172666\/","og_site_name":"webdo","article_publisher":"https:\/\/www.facebook.com\/webdotn","article_published_time":"2011-07-28T11:20:00+00:00","og_image":[{"width":302,"height":180,"url":"https:\/\/www.webdo.tn\/fr\/wp-content\/uploads\/2011\/07\/Leila-et-Belhassen-Trabelsi.jpg","type":"image\/jpeg"}],"author":"webdo.tn","twitter_card":"summary_large_image","twitter_creator":"@webdo_tn","twitter_site":"@webdo_tn","twitter_misc":{"\u00c9crit par":"webdo.tn","Dur\u00e9e de lecture estim\u00e9e":"2 minutes"},"schema":{"@context":"https:\/\/schema.org","@graph":[{"@type":"NewsArticle","@id":"https:\/\/www.webdo.tn\/fr\/actualite\/national\/apres-le-suicide-loupe-de-leila-le-meurtre-rate-de-belhassen-trabelsi\/172666\/#article","isPartOf":{"@id":"https:\/\/www.webdo.tn\/fr\/actualite\/national\/apres-le-suicide-loupe-de-leila-le-meurtre-rate-de-belhassen-trabelsi\/172666\/"},"author":{"name":"webdo.tn","@id":"https:\/\/www.webdo.tn\/fr\/#\/schema\/person\/9a9c6118d687c117df8ef3cc36a4d175"},"headline":"Apr\u00e8s le suicide loup\u00e9 de Leila, le meurtre rat\u00e9 de Belhassen Trabelsi ! ?","datePublished":"2011-07-28T11:20:00+00:00","mainEntityOfPage":{"@id":"https:\/\/www.webdo.tn\/fr\/actualite\/national\/apres-le-suicide-loupe-de-leila-le-meurtre-rate-de-belhassen-trabelsi\/172666\/"},"wordCount":413,"commentCount":0,"publisher":{"@id":"https:\/\/www.webdo.tn\/fr\/#organization"},"image":{"@id":"https:\/\/www.webdo.tn\/fr\/actualite\/national\/apres-le-suicide-loupe-de-leila-le-meurtre-rate-de-belhassen-trabelsi\/172666\/#primaryimage"},"thumbnailUrl":"https:\/\/www.webdo.tn\/fr\/wp-content\/uploads\/2011\/07\/Leila-et-Belhassen-Trabelsi.jpg","articleSection":["National"],"inLanguage":"fr-FR"},{"@type":"WebPage","@id":"https:\/\/www.webdo.tn\/fr\/actualite\/national\/apres-le-suicide-loupe-de-leila-le-meurtre-rate-de-belhassen-trabelsi\/172666\/","url":"https:\/\/www.webdo.tn\/fr\/actualite\/national\/apres-le-suicide-loupe-de-leila-le-meurtre-rate-de-belhassen-trabelsi\/172666\/","name":"Apr\u00e8s le suicide loup\u00e9 de Leila, le meurtre rat\u00e9 de Belhassen Trabelsi ! ?","isPartOf":{"@id":"https:\/\/www.webdo.tn\/fr\/#website"},"primaryImageOfPage":{"@id":"https:\/\/www.webdo.tn\/fr\/actualite\/national\/apres-le-suicide-loupe-de-leila-le-meurtre-rate-de-belhassen-trabelsi\/172666\/#primaryimage"},"image":{"@id":"https:\/\/www.webdo.tn\/fr\/actualite\/national\/apres-le-suicide-loupe-de-leila-le-meurtre-rate-de-belhassen-trabelsi\/172666\/#primaryimage"},"thumbnailUrl":"https:\/\/www.webdo.tn\/fr\/wp-content\/uploads\/2011\/07\/Leila-et-Belhassen-Trabelsi.jpg","datePublished":"2011-07-28T11:20:00+00:00","description":"Apr\u00e8s le suicide loup\u00e9 de Leila, le meurtre rat\u00e9 de Belhassen Trabelsi ! ?","breadcrumb":{"@id":"https:\/\/www.webdo.tn\/fr\/actualite\/national\/apres-le-suicide-loupe-de-leila-le-meurtre-rate-de-belhassen-trabelsi\/172666\/#breadcrumb"},"inLanguage":"fr-FR","potentialAction":[{"@type":"ReadAction","target":["https:\/\/www.webdo.tn\/fr\/actualite\/national\/apres-le-suicide-loupe-de-leila-le-meurtre-rate-de-belhassen-trabelsi\/172666\/"]}]},{"@type":"ImageObject","inLanguage":"fr-FR","@id":"https:\/\/www.webdo.tn\/fr\/actualite\/national\/apres-le-suicide-loupe-de-leila-le-meurtre-rate-de-belhassen-trabelsi\/172666\/#primaryimage","url":"https:\/\/www.webdo.tn\/fr\/wp-content\/uploads\/2011\/07\/Leila-et-Belhassen-Trabelsi.jpg","contentUrl":"https:\/\/www.webdo.tn\/fr\/wp-content\/uploads\/2011\/07\/Leila-et-Belhassen-Trabelsi.jpg","width":302,"height":180,"caption":"Apr\u00e8s le suicide loup\u00e9 de Leila, le meurtre rat\u00e9 de Belhassen Trabelsi ! ?"},{"@type":"BreadcrumbList","@id":"https:\/\/www.webdo.tn\/fr\/actualite\/national\/apres-le-suicide-loupe-de-leila-le-meurtre-rate-de-belhassen-trabelsi\/172666\/#breadcrumb","itemListElement":[{"@type":"ListItem","position":1,"name":"Accueil","item":"https:\/\/www.webdo.tn\/fr\/"},{"@type":"ListItem","position":2,"name":"Apr\u00e8s le suicide loup\u00e9 de Leila, le meurtre rat\u00e9 de Belhassen Trabelsi ! ?"}]},{"@type":"WebSite","@id":"https:\/\/www.webdo.tn\/fr\/#website","url":"https:\/\/www.webdo.tn\/fr\/","name":"webdo","description":"Tunisie - News en Tunisie et \u00e0 l&#039;international sur Webdo.tn","publisher":{"@id":"https:\/\/www.webdo.tn\/fr\/#organization"},"potentialAction":[{"@type":"SearchAction","target":{"@type":"EntryPoint","urlTemplate":"https:\/\/www.webdo.tn\/fr\/?s={search_term_string}"},"query-input":{"@type":"PropertyValueSpecification","valueRequired":true,"valueName":"search_term_string"}}],"inLanguage":"fr-FR"},{"@type":"Organization","@id":"https:\/\/www.webdo.tn\/fr\/#organization","name":"Webdo","alternateName":"Webdo.tn","url":"https:\/\/www.webdo.tn\/fr\/","logo":{"@type":"ImageObject","inLanguage":"fr-FR","@id":"https:\/\/www.webdo.tn\/fr\/#\/schema\/logo\/image\/","url":"https:\/\/www.webdo.tn\/fr\/wp-content\/uploads\/2025\/06\/Webdo-Tunisie_168377.jpg","contentUrl":"https:\/\/www.webdo.tn\/fr\/wp-content\/uploads\/2025\/06\/Webdo-Tunisie_168377.jpg","width":301,"height":301,"caption":"Webdo"},"image":{"@id":"https:\/\/www.webdo.tn\/fr\/#\/schema\/logo\/image\/"},"sameAs":["https:\/\/www.facebook.com\/webdotn","https:\/\/x.com\/webdo_tn"],"description":"Webdo est un m\u00e9dia num\u00e9rique tunisien fond\u00e9 en 2010, sp\u00e9cialis\u00e9 dans l\u2019actualit\u00e9 nationale et internationale, l\u2019\u00e9conomie, la soci\u00e9t\u00e9 et les analyses politiques. Le site s\u2019adresse \u00e0 un large public francophone et couvre l\u2019information tunisienne en temps r\u00e9el.","email":"redac@webdo.tn","legalName":"YNJ SARL","foundingDate":"2010-09-06","numberOfEmployees":{"@type":"QuantitativeValue","minValue":"11","maxValue":"50"}},{"@type":"Person","@id":"https:\/\/www.webdo.tn\/fr\/#\/schema\/person\/9a9c6118d687c117df8ef3cc36a4d175","name":"webdo.tn","image":{"@type":"ImageObject","inLanguage":"fr-FR","@id":"https:\/\/secure.gravatar.com\/avatar\/7ce1f28c0c3bbac99ff550b85ef8e44a6950c6ee24514fb6a5489e51d06f0298?s=96&d=mm&r=g","url":"https:\/\/secure.gravatar.com\/avatar\/7ce1f28c0c3bbac99ff550b85ef8e44a6950c6ee24514fb6a5489e51d06f0298?s=96&d=mm&r=g","contentUrl":"https:\/\/secure.gravatar.com\/avatar\/7ce1f28c0c3bbac99ff550b85ef8e44a6950c6ee24514fb6a5489e51d06f0298?s=96&d=mm&r=g","caption":"webdo.tn"},"url":"https:\/\/www.webdo.tn\/fr\/actualite\/author\/webdotn\/"}]}},"_links":{"self":[{"href":"https:\/\/www.webdo.tn\/fr\/wp-json\/wp\/v2\/posts\/172666","targetHints":{"allow":["GET"]}}],"collection":[{"href":"https:\/\/www.webdo.tn\/fr\/wp-json\/wp\/v2\/posts"}],"about":[{"href":"https:\/\/www.webdo.tn\/fr\/wp-json\/wp\/v2\/types\/post"}],"author":[{"embeddable":true,"href":"https:\/\/www.webdo.tn\/fr\/wp-json\/wp\/v2\/users\/3222"}],"replies":[{"embeddable":true,"href":"https:\/\/www.webdo.tn\/fr\/wp-json\/wp\/v2\/comments?post=172666"}],"version-history":[{"count":0,"href":"https:\/\/www.webdo.tn\/fr\/wp-json\/wp\/v2\/posts\/172666\/revisions"}],"wp:featuredmedia":[{"embeddable":true,"href":"https:\/\/www.webdo.tn\/fr\/wp-json\/wp\/v2\/media\/365229"}],"wp:attachment":[{"href":"https:\/\/www.webdo.tn\/fr\/wp-json\/wp\/v2\/media?parent=172666"}],"wp:term":[{"taxonomy":"category","embeddable":true,"href":"https:\/\/www.webdo.tn\/fr\/wp-json\/wp\/v2\/categories?post=172666"},{"taxonomy":"post_tag","embeddable":true,"href":"https:\/\/www.webdo.tn\/fr\/wp-json\/wp\/v2\/tags?post=172666"}],"curies":[{"name":"wp","href":"https:\/\/api.w.org\/{rel}","templated":true}]}}