{"id":172657,"date":"2011-08-01T16:21:00","date_gmt":"2011-08-01T16:21:00","guid":{"rendered":"https:\/\/www.webdo.tn\/fr\/actualite\/blog\/la-date-limite-dinscription-sur-les-bannieres-disie-doit-etre-changee\/172657\/"},"modified":"2011-08-01T16:21:00","modified_gmt":"2011-08-01T16:21:00","slug":"la-date-limite-dinscription-sur-les-bannieres-disie-doit-etre-changee","status":"publish","type":"post","link":"https:\/\/www.webdo.tn\/fr\/actualite\/national\/la-date-limite-dinscription-sur-les-bannieres-disie-doit-etre-changee\/172657\/","title":{"rendered":"La date limite d&rsquo;inscription sur les banni\u00e8res d&rsquo;ISIE doit \u00eatre chang\u00e9e !"},"content":{"rendered":"<p>Depuis que Kamel Jendoubi, a d\u00e9cid\u00e9, samedi dernier, de repousser la date limite des inscriptions au dimanche 14 ao\u00fbt, il y a eu comme un grand ouf de soulagement. Un sentiment de sursis qui, avec le premier jour de Ramadan, nous a un peu \u00e9tourdis.<\/p>\n<p>\u00c0 la veille de 2 ao\u00fbt, premier deadline, le conteur de l&rsquo;ISIE n&rsquo;a enregistr\u00e9, \u00e0 14h, que 1.814.774 inscrits, soit moins de 100 mille Tunisiens de plus que 1.758.778, le nombre d&rsquo;inscrits de samedi dernier, jour de l&rsquo;annonce du prolongement de la date limite des inscriptions.<\/p>\n<p>Il faut ajouter, \u00e0 ce d\u00e9sistement des citoyens tunisiens, un laisser-aller de la part des organisateurs. Rel\u00e2chement palpable dans le domaine de communication.<\/p>\n<p>En effet, apr\u00e8s que la date limite des inscriptions ait \u00e9t\u00e9 repouss\u00e9e, il aurait \u00e9t\u00e9 judicieux de communiquer de nouveau sur les objectifs de l&rsquo;ISIE et de changer les messages sur les supports num\u00e9riques qui, contrairement, aux affichages urbains ne n\u00e9cessitent pas de refaire tout un printing.<\/p>\n<p>Faut-il ajouter qu&rsquo;\u00e0 l&rsquo;heure o\u00f9 nous \u00e9crivons ces lignes les banni\u00e8res de l&rsquo;ISIE affichent encore le 2 ao\u00fbt comme dernier jour d&rsquo;inscription ! ?<\/p>\n<p>Il ne reste que 13 jours avant le dernier d\u00e9lai d\u2019inscription, au rythme de 200 mille nouvelles inscriptions par jour on atteindra que 4,5 millions d&rsquo;inscrits. On doit d\u00e8s cet instant se montrer plus solidaires au risque de voir le sc\u00e9nario de 2 ao\u00fbt se r\u00e9p\u00e9ter.<\/p>\n","protected":false},"excerpt":{"rendered":"<p>La date limite d&rsquo;inscription sur les banni\u00e8res d&rsquo;ISIE doit \u00eatre chang\u00e9e !<\/p>\n","protected":false},"author":3222,"featured_media":365186,"comment_status":"open","ping_status":"closed","sticky":false,"template":"","format":"standard","meta":{"footnotes":""},"categories":[44],"tags":[],"class_list":["post-172657","post","type-post","status-publish","format-standard","has-post-thumbnail","hentry","category-national"],"yoast_head":"<!-- This site is optimized with the Yoast SEO Premium plugin v27.4 (Yoast SEO v27.5) - https:\/\/yoast.com\/product\/yoast-seo-premium-wordpress\/ -->\n<title>La date limite d&#039;inscription sur les banni\u00e8res d&#039;ISIE doit \u00eatre chang\u00e9e !<\/title>\n<meta name=\"description\" content=\"La date limite d&#039;inscription sur les banni\u00e8res d&#039;ISIE doit \u00eatre chang\u00e9e !\" \/>\n<link rel=\"canonical\" href=\"https:\/\/www.webdo.tn\/fr\/actualite\/national\/la-date-limite-dinscription-sur-les-bannieres-disie-doit-etre-changee\/172657\/\" \/>\n<meta property=\"og:locale\" content=\"fr_FR\" \/>\n<meta property=\"og:type\" content=\"article\" \/>\n<meta property=\"og:title\" content=\"La date limite d&#039;inscription sur les banni\u00e8res d&#039;ISIE doit \u00eatre chang\u00e9e !\" \/>\n<meta property=\"og:description\" content=\"La date limite d&#039;inscription sur les banni\u00e8res d&#039;ISIE doit \u00eatre chang\u00e9e !\" \/>\n<meta property=\"og:url\" content=\"https:\/\/www.webdo.tn\/fr\/actualite\/national\/la-date-limite-dinscription-sur-les-bannieres-disie-doit-etre-changee\/172657\/\" \/>\n<meta property=\"og:site_name\" content=\"webdo\" \/>\n<meta property=\"article:publisher\" content=\"https:\/\/www.facebook.com\/webdotn\" \/>\n<meta property=\"article:published_time\" content=\"2011-08-01T16:21:00+00:00\" \/>\n<meta property=\"og:image\" content=\"https:\/\/www.webdo.tn\/fr\/wp-content\/uploads\/2011\/08\/ISIE.jpg\" \/>\n\t<meta property=\"og:image:width\" content=\"304\" \/>\n\t<meta property=\"og:image:height\" content=\"207\" \/>\n\t<meta property=\"og:image:type\" content=\"image\/jpeg\" \/>\n<meta name=\"author\" content=\"webdo.tn\" \/>\n<meta name=\"twitter:card\" content=\"summary_large_image\" \/>\n<meta name=\"twitter:creator\" content=\"@webdo_tn\" \/>\n<meta name=\"twitter:site\" content=\"@webdo_tn\" \/>\n<meta name=\"twitter:label1\" content=\"\u00c9crit par\" \/>\n\t<meta name=\"twitter:data1\" content=\"webdo.tn\" \/>\n\t<meta name=\"twitter:label2\" content=\"Dur\u00e9e de lecture estim\u00e9e\" \/>\n\t<meta name=\"twitter:data2\" content=\"1 minute\" \/>\n<script type=\"application\/ld+json\" class=\"yoast-schema-graph\">{\"@context\":\"https:\\\/\\\/schema.org\",\"@graph\":[{\"@type\":\"NewsArticle\",\"@id\":\"https:\\\/\\\/www.webdo.tn\\\/fr\\\/actualite\\\/national\\\/la-date-limite-dinscription-sur-les-bannieres-disie-doit-etre-changee\\\/172657\\\/#article\",\"isPartOf\":{\"@id\":\"https:\\\/\\\/www.webdo.tn\\\/fr\\\/actualite\\\/national\\\/la-date-limite-dinscription-sur-les-bannieres-disie-doit-etre-changee\\\/172657\\\/\"},\"author\":{\"name\":\"webdo.tn\",\"@id\":\"https:\\\/\\\/www.webdo.tn\\\/fr\\\/#\\\/schema\\\/person\\\/9a9c6118d687c117df8ef3cc36a4d175\"},\"headline\":\"La date limite d&rsquo;inscription sur les banni\u00e8res d&rsquo;ISIE doit \u00eatre chang\u00e9e !\",\"datePublished\":\"2011-08-01T16:21:00+00:00\",\"mainEntityOfPage\":{\"@id\":\"https:\\\/\\\/www.webdo.tn\\\/fr\\\/actualite\\\/national\\\/la-date-limite-dinscription-sur-les-bannieres-disie-doit-etre-changee\\\/172657\\\/\"},\"wordCount\":258,\"commentCount\":0,\"publisher\":{\"@id\":\"https:\\\/\\\/www.webdo.tn\\\/fr\\\/#organization\"},\"image\":{\"@id\":\"https:\\\/\\\/www.webdo.tn\\\/fr\\\/actualite\\\/national\\\/la-date-limite-dinscription-sur-les-bannieres-disie-doit-etre-changee\\\/172657\\\/#primaryimage\"},\"thumbnailUrl\":\"https:\\\/\\\/www.webdo.tn\\\/fr\\\/wp-content\\\/uploads\\\/2011\\\/08\\\/ISIE.jpg\",\"articleSection\":[\"National\"],\"inLanguage\":\"fr-FR\"},{\"@type\":\"WebPage\",\"@id\":\"https:\\\/\\\/www.webdo.tn\\\/fr\\\/actualite\\\/national\\\/la-date-limite-dinscription-sur-les-bannieres-disie-doit-etre-changee\\\/172657\\\/\",\"url\":\"https:\\\/\\\/www.webdo.tn\\\/fr\\\/actualite\\\/national\\\/la-date-limite-dinscription-sur-les-bannieres-disie-doit-etre-changee\\\/172657\\\/\",\"name\":\"La date limite d'inscription sur les banni\u00e8res d'ISIE doit \u00eatre chang\u00e9e !\",\"isPartOf\":{\"@id\":\"https:\\\/\\\/www.webdo.tn\\\/fr\\\/#website\"},\"primaryImageOfPage\":{\"@id\":\"https:\\\/\\\/www.webdo.tn\\\/fr\\\/actualite\\\/national\\\/la-date-limite-dinscription-sur-les-bannieres-disie-doit-etre-changee\\\/172657\\\/#primaryimage\"},\"image\":{\"@id\":\"https:\\\/\\\/www.webdo.tn\\\/fr\\\/actualite\\\/national\\\/la-date-limite-dinscription-sur-les-bannieres-disie-doit-etre-changee\\\/172657\\\/#primaryimage\"},\"thumbnailUrl\":\"https:\\\/\\\/www.webdo.tn\\\/fr\\\/wp-content\\\/uploads\\\/2011\\\/08\\\/ISIE.jpg\",\"datePublished\":\"2011-08-01T16:21:00+00:00\",\"description\":\"La date limite d'inscription sur les banni\u00e8res d'ISIE doit \u00eatre chang\u00e9e !\",\"breadcrumb\":{\"@id\":\"https:\\\/\\\/www.webdo.tn\\\/fr\\\/actualite\\\/national\\\/la-date-limite-dinscription-sur-les-bannieres-disie-doit-etre-changee\\\/172657\\\/#breadcrumb\"},\"inLanguage\":\"fr-FR\",\"potentialAction\":[{\"@type\":\"ReadAction\",\"target\":[\"https:\\\/\\\/www.webdo.tn\\\/fr\\\/actualite\\\/national\\\/la-date-limite-dinscription-sur-les-bannieres-disie-doit-etre-changee\\\/172657\\\/\"]}]},{\"@type\":\"ImageObject\",\"inLanguage\":\"fr-FR\",\"@id\":\"https:\\\/\\\/www.webdo.tn\\\/fr\\\/actualite\\\/national\\\/la-date-limite-dinscription-sur-les-bannieres-disie-doit-etre-changee\\\/172657\\\/#primaryimage\",\"url\":\"https:\\\/\\\/www.webdo.tn\\\/fr\\\/wp-content\\\/uploads\\\/2011\\\/08\\\/ISIE.jpg\",\"contentUrl\":\"https:\\\/\\\/www.webdo.tn\\\/fr\\\/wp-content\\\/uploads\\\/2011\\\/08\\\/ISIE.jpg\",\"width\":304,\"height\":207,\"caption\":\"La date limite d'inscription sur les banni\u00e8res d'ISIE doit \u00eatre chang\u00e9e !\"},{\"@type\":\"BreadcrumbList\",\"@id\":\"https:\\\/\\\/www.webdo.tn\\\/fr\\\/actualite\\\/national\\\/la-date-limite-dinscription-sur-les-bannieres-disie-doit-etre-changee\\\/172657\\\/#breadcrumb\",\"itemListElement\":[{\"@type\":\"ListItem\",\"position\":1,\"name\":\"Accueil\",\"item\":\"https:\\\/\\\/www.webdo.tn\\\/fr\\\/\"},{\"@type\":\"ListItem\",\"position\":2,\"name\":\"La date limite d&rsquo;inscription sur les banni\u00e8res d&rsquo;ISIE doit \u00eatre chang\u00e9e !\"}]},{\"@type\":\"WebSite\",\"@id\":\"https:\\\/\\\/www.webdo.tn\\\/fr\\\/#website\",\"url\":\"https:\\\/\\\/www.webdo.tn\\\/fr\\\/\",\"name\":\"webdo\",\"description\":\"Tunisie - News en Tunisie et \u00e0 l&#039;international sur Webdo.tn\",\"publisher\":{\"@id\":\"https:\\\/\\\/www.webdo.tn\\\/fr\\\/#organization\"},\"potentialAction\":[{\"@type\":\"SearchAction\",\"target\":{\"@type\":\"EntryPoint\",\"urlTemplate\":\"https:\\\/\\\/www.webdo.tn\\\/fr\\\/?s={search_term_string}\"},\"query-input\":{\"@type\":\"PropertyValueSpecification\",\"valueRequired\":true,\"valueName\":\"search_term_string\"}}],\"inLanguage\":\"fr-FR\"},{\"@type\":\"Organization\",\"@id\":\"https:\\\/\\\/www.webdo.tn\\\/fr\\\/#organization\",\"name\":\"Webdo\",\"alternateName\":\"Webdo.tn\",\"url\":\"https:\\\/\\\/www.webdo.tn\\\/fr\\\/\",\"logo\":{\"@type\":\"ImageObject\",\"inLanguage\":\"fr-FR\",\"@id\":\"https:\\\/\\\/www.webdo.tn\\\/fr\\\/#\\\/schema\\\/logo\\\/image\\\/\",\"url\":\"https:\\\/\\\/www.webdo.tn\\\/fr\\\/wp-content\\\/uploads\\\/2025\\\/06\\\/Webdo-Tunisie_168377.jpg\",\"contentUrl\":\"https:\\\/\\\/www.webdo.tn\\\/fr\\\/wp-content\\\/uploads\\\/2025\\\/06\\\/Webdo-Tunisie_168377.jpg\",\"width\":301,\"height\":301,\"caption\":\"Webdo\"},\"image\":{\"@id\":\"https:\\\/\\\/www.webdo.tn\\\/fr\\\/#\\\/schema\\\/logo\\\/image\\\/\"},\"sameAs\":[\"https:\\\/\\\/www.facebook.com\\\/webdotn\",\"https:\\\/\\\/x.com\\\/webdo_tn\"],\"description\":\"Webdo est un m\u00e9dia num\u00e9rique tunisien fond\u00e9 en 2010, sp\u00e9cialis\u00e9 dans l\u2019actualit\u00e9 nationale et internationale, l\u2019\u00e9conomie, la soci\u00e9t\u00e9 et les analyses politiques. Le site s\u2019adresse \u00e0 un large public francophone et couvre l\u2019information tunisienne en temps r\u00e9el.\",\"email\":\"redac@webdo.tn\",\"legalName\":\"YNJ SARL\",\"foundingDate\":\"2010-09-06\",\"numberOfEmployees\":{\"@type\":\"QuantitativeValue\",\"minValue\":\"11\",\"maxValue\":\"50\"}},{\"@type\":\"Person\",\"@id\":\"https:\\\/\\\/www.webdo.tn\\\/fr\\\/#\\\/schema\\\/person\\\/9a9c6118d687c117df8ef3cc36a4d175\",\"name\":\"webdo.tn\",\"image\":{\"@type\":\"ImageObject\",\"inLanguage\":\"fr-FR\",\"@id\":\"https:\\\/\\\/secure.gravatar.com\\\/avatar\\\/7ce1f28c0c3bbac99ff550b85ef8e44a6950c6ee24514fb6a5489e51d06f0298?s=96&d=mm&r=g\",\"url\":\"https:\\\/\\\/secure.gravatar.com\\\/avatar\\\/7ce1f28c0c3bbac99ff550b85ef8e44a6950c6ee24514fb6a5489e51d06f0298?s=96&d=mm&r=g\",\"contentUrl\":\"https:\\\/\\\/secure.gravatar.com\\\/avatar\\\/7ce1f28c0c3bbac99ff550b85ef8e44a6950c6ee24514fb6a5489e51d06f0298?s=96&d=mm&r=g\",\"caption\":\"webdo.tn\"},\"url\":\"https:\\\/\\\/www.webdo.tn\\\/fr\\\/actualite\\\/author\\\/webdotn\\\/\"}]}<\/script>\n<!-- \/ Yoast SEO Premium plugin. -->","yoast_head_json":{"title":"La date limite d'inscription sur les banni\u00e8res d'ISIE doit \u00eatre chang\u00e9e !","description":"La date limite d'inscription sur les banni\u00e8res d'ISIE doit \u00eatre chang\u00e9e !","canonical":"https:\/\/www.webdo.tn\/fr\/actualite\/national\/la-date-limite-dinscription-sur-les-bannieres-disie-doit-etre-changee\/172657\/","og_locale":"fr_FR","og_type":"article","og_title":"La date limite d'inscription sur les banni\u00e8res d'ISIE doit \u00eatre chang\u00e9e !","og_description":"La date limite d'inscription sur les banni\u00e8res d'ISIE doit \u00eatre chang\u00e9e !","og_url":"https:\/\/www.webdo.tn\/fr\/actualite\/national\/la-date-limite-dinscription-sur-les-bannieres-disie-doit-etre-changee\/172657\/","og_site_name":"webdo","article_publisher":"https:\/\/www.facebook.com\/webdotn","article_published_time":"2011-08-01T16:21:00+00:00","og_image":[{"width":304,"height":207,"url":"https:\/\/www.webdo.tn\/fr\/wp-content\/uploads\/2011\/08\/ISIE.jpg","type":"image\/jpeg"}],"author":"webdo.tn","twitter_card":"summary_large_image","twitter_creator":"@webdo_tn","twitter_site":"@webdo_tn","twitter_misc":{"\u00c9crit par":"webdo.tn","Dur\u00e9e de lecture estim\u00e9e":"1 minute"},"schema":{"@context":"https:\/\/schema.org","@graph":[{"@type":"NewsArticle","@id":"https:\/\/www.webdo.tn\/fr\/actualite\/national\/la-date-limite-dinscription-sur-les-bannieres-disie-doit-etre-changee\/172657\/#article","isPartOf":{"@id":"https:\/\/www.webdo.tn\/fr\/actualite\/national\/la-date-limite-dinscription-sur-les-bannieres-disie-doit-etre-changee\/172657\/"},"author":{"name":"webdo.tn","@id":"https:\/\/www.webdo.tn\/fr\/#\/schema\/person\/9a9c6118d687c117df8ef3cc36a4d175"},"headline":"La date limite d&rsquo;inscription sur les banni\u00e8res d&rsquo;ISIE doit \u00eatre chang\u00e9e !","datePublished":"2011-08-01T16:21:00+00:00","mainEntityOfPage":{"@id":"https:\/\/www.webdo.tn\/fr\/actualite\/national\/la-date-limite-dinscription-sur-les-bannieres-disie-doit-etre-changee\/172657\/"},"wordCount":258,"commentCount":0,"publisher":{"@id":"https:\/\/www.webdo.tn\/fr\/#organization"},"image":{"@id":"https:\/\/www.webdo.tn\/fr\/actualite\/national\/la-date-limite-dinscription-sur-les-bannieres-disie-doit-etre-changee\/172657\/#primaryimage"},"thumbnailUrl":"https:\/\/www.webdo.tn\/fr\/wp-content\/uploads\/2011\/08\/ISIE.jpg","articleSection":["National"],"inLanguage":"fr-FR"},{"@type":"WebPage","@id":"https:\/\/www.webdo.tn\/fr\/actualite\/national\/la-date-limite-dinscription-sur-les-bannieres-disie-doit-etre-changee\/172657\/","url":"https:\/\/www.webdo.tn\/fr\/actualite\/national\/la-date-limite-dinscription-sur-les-bannieres-disie-doit-etre-changee\/172657\/","name":"La date limite d'inscription sur les banni\u00e8res d'ISIE doit \u00eatre chang\u00e9e !","isPartOf":{"@id":"https:\/\/www.webdo.tn\/fr\/#website"},"primaryImageOfPage":{"@id":"https:\/\/www.webdo.tn\/fr\/actualite\/national\/la-date-limite-dinscription-sur-les-bannieres-disie-doit-etre-changee\/172657\/#primaryimage"},"image":{"@id":"https:\/\/www.webdo.tn\/fr\/actualite\/national\/la-date-limite-dinscription-sur-les-bannieres-disie-doit-etre-changee\/172657\/#primaryimage"},"thumbnailUrl":"https:\/\/www.webdo.tn\/fr\/wp-content\/uploads\/2011\/08\/ISIE.jpg","datePublished":"2011-08-01T16:21:00+00:00","description":"La date limite d'inscription sur les banni\u00e8res d'ISIE doit \u00eatre chang\u00e9e !","breadcrumb":{"@id":"https:\/\/www.webdo.tn\/fr\/actualite\/national\/la-date-limite-dinscription-sur-les-bannieres-disie-doit-etre-changee\/172657\/#breadcrumb"},"inLanguage":"fr-FR","potentialAction":[{"@type":"ReadAction","target":["https:\/\/www.webdo.tn\/fr\/actualite\/national\/la-date-limite-dinscription-sur-les-bannieres-disie-doit-etre-changee\/172657\/"]}]},{"@type":"ImageObject","inLanguage":"fr-FR","@id":"https:\/\/www.webdo.tn\/fr\/actualite\/national\/la-date-limite-dinscription-sur-les-bannieres-disie-doit-etre-changee\/172657\/#primaryimage","url":"https:\/\/www.webdo.tn\/fr\/wp-content\/uploads\/2011\/08\/ISIE.jpg","contentUrl":"https:\/\/www.webdo.tn\/fr\/wp-content\/uploads\/2011\/08\/ISIE.jpg","width":304,"height":207,"caption":"La date limite d'inscription sur les banni\u00e8res d'ISIE doit \u00eatre chang\u00e9e !"},{"@type":"BreadcrumbList","@id":"https:\/\/www.webdo.tn\/fr\/actualite\/national\/la-date-limite-dinscription-sur-les-bannieres-disie-doit-etre-changee\/172657\/#breadcrumb","itemListElement":[{"@type":"ListItem","position":1,"name":"Accueil","item":"https:\/\/www.webdo.tn\/fr\/"},{"@type":"ListItem","position":2,"name":"La date limite d&rsquo;inscription sur les banni\u00e8res d&rsquo;ISIE doit \u00eatre chang\u00e9e !"}]},{"@type":"WebSite","@id":"https:\/\/www.webdo.tn\/fr\/#website","url":"https:\/\/www.webdo.tn\/fr\/","name":"webdo","description":"Tunisie - News en Tunisie et \u00e0 l&#039;international sur Webdo.tn","publisher":{"@id":"https:\/\/www.webdo.tn\/fr\/#organization"},"potentialAction":[{"@type":"SearchAction","target":{"@type":"EntryPoint","urlTemplate":"https:\/\/www.webdo.tn\/fr\/?s={search_term_string}"},"query-input":{"@type":"PropertyValueSpecification","valueRequired":true,"valueName":"search_term_string"}}],"inLanguage":"fr-FR"},{"@type":"Organization","@id":"https:\/\/www.webdo.tn\/fr\/#organization","name":"Webdo","alternateName":"Webdo.tn","url":"https:\/\/www.webdo.tn\/fr\/","logo":{"@type":"ImageObject","inLanguage":"fr-FR","@id":"https:\/\/www.webdo.tn\/fr\/#\/schema\/logo\/image\/","url":"https:\/\/www.webdo.tn\/fr\/wp-content\/uploads\/2025\/06\/Webdo-Tunisie_168377.jpg","contentUrl":"https:\/\/www.webdo.tn\/fr\/wp-content\/uploads\/2025\/06\/Webdo-Tunisie_168377.jpg","width":301,"height":301,"caption":"Webdo"},"image":{"@id":"https:\/\/www.webdo.tn\/fr\/#\/schema\/logo\/image\/"},"sameAs":["https:\/\/www.facebook.com\/webdotn","https:\/\/x.com\/webdo_tn"],"description":"Webdo est un m\u00e9dia num\u00e9rique tunisien fond\u00e9 en 2010, sp\u00e9cialis\u00e9 dans l\u2019actualit\u00e9 nationale et internationale, l\u2019\u00e9conomie, la soci\u00e9t\u00e9 et les analyses politiques. Le site s\u2019adresse \u00e0 un large public francophone et couvre l\u2019information tunisienne en temps r\u00e9el.","email":"redac@webdo.tn","legalName":"YNJ SARL","foundingDate":"2010-09-06","numberOfEmployees":{"@type":"QuantitativeValue","minValue":"11","maxValue":"50"}},{"@type":"Person","@id":"https:\/\/www.webdo.tn\/fr\/#\/schema\/person\/9a9c6118d687c117df8ef3cc36a4d175","name":"webdo.tn","image":{"@type":"ImageObject","inLanguage":"fr-FR","@id":"https:\/\/secure.gravatar.com\/avatar\/7ce1f28c0c3bbac99ff550b85ef8e44a6950c6ee24514fb6a5489e51d06f0298?s=96&d=mm&r=g","url":"https:\/\/secure.gravatar.com\/avatar\/7ce1f28c0c3bbac99ff550b85ef8e44a6950c6ee24514fb6a5489e51d06f0298?s=96&d=mm&r=g","contentUrl":"https:\/\/secure.gravatar.com\/avatar\/7ce1f28c0c3bbac99ff550b85ef8e44a6950c6ee24514fb6a5489e51d06f0298?s=96&d=mm&r=g","caption":"webdo.tn"},"url":"https:\/\/www.webdo.tn\/fr\/actualite\/author\/webdotn\/"}]}},"_links":{"self":[{"href":"https:\/\/www.webdo.tn\/fr\/wp-json\/wp\/v2\/posts\/172657","targetHints":{"allow":["GET"]}}],"collection":[{"href":"https:\/\/www.webdo.tn\/fr\/wp-json\/wp\/v2\/posts"}],"about":[{"href":"https:\/\/www.webdo.tn\/fr\/wp-json\/wp\/v2\/types\/post"}],"author":[{"embeddable":true,"href":"https:\/\/www.webdo.tn\/fr\/wp-json\/wp\/v2\/users\/3222"}],"replies":[{"embeddable":true,"href":"https:\/\/www.webdo.tn\/fr\/wp-json\/wp\/v2\/comments?post=172657"}],"version-history":[{"count":0,"href":"https:\/\/www.webdo.tn\/fr\/wp-json\/wp\/v2\/posts\/172657\/revisions"}],"wp:featuredmedia":[{"embeddable":true,"href":"https:\/\/www.webdo.tn\/fr\/wp-json\/wp\/v2\/media\/365186"}],"wp:attachment":[{"href":"https:\/\/www.webdo.tn\/fr\/wp-json\/wp\/v2\/media?parent=172657"}],"wp:term":[{"taxonomy":"category","embeddable":true,"href":"https:\/\/www.webdo.tn\/fr\/wp-json\/wp\/v2\/categories?post=172657"},{"taxonomy":"post_tag","embeddable":true,"href":"https:\/\/www.webdo.tn\/fr\/wp-json\/wp\/v2\/tags?post=172657"}],"curies":[{"name":"wp","href":"https:\/\/api.w.org\/{rel}","templated":true}]}}