{"id":172643,"date":"2011-08-08T16:16:00","date_gmt":"2011-08-08T16:16:00","guid":{"rendered":"https:\/\/www.webdo.tn\/fr\/actualite\/blog\/pelerinage-a-la-mecque-mefiez-vous-des-agences-de-voyages\/172643\/"},"modified":"2011-08-08T16:16:00","modified_gmt":"2011-08-08T16:16:00","slug":"pelerinage-a-la-mecque-mefiez-vous-des-agences-de-voyages","status":"publish","type":"post","link":"https:\/\/www.webdo.tn\/fr\/actualite\/national\/pelerinage-a-la-mecque-mefiez-vous-des-agences-de-voyages\/172643\/","title":{"rendered":"P\u00e8lerinage \u00e0 la Mecque : m\u00e9fiez-vous des agences de voyages !"},"content":{"rendered":"<p>A l&rsquo;approche de la prochaine saison du p\u00e8lerinage \u00e0 la Mecque, certaines agences de voyages sont point\u00e9es du doigt par la F\u00e9d\u00e9ration Tunisienne des Agences de Voyage, et ce, selon la TAP. <\/p>\n<p>La cause ? Certaines d\u2019entre elles pratiquent des fraudes puisque elles ont d\u00e9j\u00e0 commenc\u00e9 \u00e0 vendre des voyages et des s\u00e9jours pour le \u00abHaj\u00bb alors qu&rsquo;elles n&rsquo;y sont pas habilit\u00e9es.<br \/>\n En effet, aucune agence de voyage n&rsquo;est autoris\u00e9e \u00e0 vendre directement des s\u00e9jours au p\u00e8lerinage ou m\u00eame \u00e0 encaisser des avances aupr\u00e8s d\u2019\u00e9ventuels clients.<\/p>\n<p>Interrog\u00e9 par la TAP, Mme Mouna Koub\u00e2a, charg\u00e9e du \u00abHaj\u00bb \u00e0 la FTAV, a pr\u00e9cis\u00e9 que c&rsquo;est l&rsquo;Etat qui prend en charge toutes les proc\u00e9dures d&rsquo;inscription et de tirage au sort pour le p\u00e8lerinage. D&rsquo;un autre c\u00f4t\u00e9, l&rsquo;organisation des voyages et des s\u00e9jours des Tunisiens dans les Lieux Saints se fait exclusivement par le Montazah Gammarth. De leurs c\u00f4t\u00e9s, les agences de voyage ont la possibilit\u00e9 d&rsquo;acheter les s\u00e9jours de la \u00ab\u00a0Omra\u00a0\u00bb, de la SNR et de les commercialiser.<\/p>\n<p>Ces abus des agences de voyages ont \u00e9t\u00e9 signal\u00e9s au pr\u00e9sident de la FTAV.<\/p>\n<p>Sachez enfin que les premiers vols pour \u00ab\u00a0Haj\u00a0\u00bb sont programm\u00e9s \u00e0 partir du 17 octobre 2011.<\/p>\n","protected":false},"excerpt":{"rendered":"<p>P\u00e8lerinage \u00e0 la Mecque : m\u00e9fiez-vous des agences de voyages !<\/p>\n","protected":false},"author":3222,"featured_media":376618,"comment_status":"open","ping_status":"closed","sticky":false,"template":"","format":"standard","meta":{"footnotes":""},"categories":[44],"tags":[],"class_list":["post-172643","post","type-post","status-publish","format-standard","has-post-thumbnail","hentry","category-national"],"yoast_head":"<!-- This site is optimized with the Yoast SEO Premium plugin v27.5 (Yoast SEO v27.5) - https:\/\/yoast.com\/product\/yoast-seo-premium-wordpress\/ -->\n<title>P\u00e8lerinage \u00e0 la Mecque : m\u00e9fiez-vous des agences de voyages !<\/title>\n<meta name=\"description\" content=\"P\u00e8lerinage \u00e0 la Mecque : m\u00e9fiez-vous des agences de voyages !\" \/>\n<link rel=\"canonical\" href=\"https:\/\/www.webdo.tn\/fr\/actualite\/national\/pelerinage-a-la-mecque-mefiez-vous-des-agences-de-voyages\/172643\/\" \/>\n<meta property=\"og:locale\" content=\"fr_FR\" \/>\n<meta property=\"og:type\" content=\"article\" \/>\n<meta property=\"og:title\" content=\"P\u00e8lerinage \u00e0 la Mecque : m\u00e9fiez-vous des agences de voyages !\" \/>\n<meta property=\"og:description\" content=\"P\u00e8lerinage \u00e0 la Mecque : m\u00e9fiez-vous des agences de voyages !\" \/>\n<meta property=\"og:url\" content=\"https:\/\/www.webdo.tn\/fr\/actualite\/national\/pelerinage-a-la-mecque-mefiez-vous-des-agences-de-voyages\/172643\/\" \/>\n<meta property=\"og:site_name\" content=\"webdo\" \/>\n<meta property=\"article:publisher\" content=\"https:\/\/www.facebook.com\/webdotn\" \/>\n<meta property=\"article:published_time\" content=\"2011-08-08T16:16:00+00:00\" \/>\n<meta property=\"og:image\" content=\"https:\/\/www.webdo.tn\/fr\/wp-content\/uploads\/2011\/08\/mecque-150x150-1.jpg\" \/>\n\t<meta property=\"og:image:width\" content=\"150\" \/>\n\t<meta property=\"og:image:height\" content=\"150\" \/>\n\t<meta property=\"og:image:type\" content=\"image\/jpeg\" \/>\n<meta name=\"author\" content=\"webdo.tn\" \/>\n<meta name=\"twitter:card\" content=\"summary_large_image\" \/>\n<meta name=\"twitter:creator\" content=\"@webdo_tn\" \/>\n<meta name=\"twitter:site\" content=\"@webdo_tn\" \/>\n<meta name=\"twitter:label1\" content=\"\u00c9crit par\" \/>\n\t<meta name=\"twitter:data1\" content=\"webdo.tn\" \/>\n\t<meta name=\"twitter:label2\" content=\"Dur\u00e9e de lecture estim\u00e9e\" \/>\n\t<meta name=\"twitter:data2\" content=\"1 minute\" \/>\n<script type=\"application\/ld+json\" class=\"yoast-schema-graph\">{\"@context\":\"https:\\\/\\\/schema.org\",\"@graph\":[{\"@type\":\"NewsArticle\",\"@id\":\"https:\\\/\\\/www.webdo.tn\\\/fr\\\/actualite\\\/national\\\/pelerinage-a-la-mecque-mefiez-vous-des-agences-de-voyages\\\/172643\\\/#article\",\"isPartOf\":{\"@id\":\"https:\\\/\\\/www.webdo.tn\\\/fr\\\/actualite\\\/national\\\/pelerinage-a-la-mecque-mefiez-vous-des-agences-de-voyages\\\/172643\\\/\"},\"author\":{\"name\":\"webdo.tn\",\"@id\":\"https:\\\/\\\/www.webdo.tn\\\/fr\\\/#\\\/schema\\\/person\\\/9a9c6118d687c117df8ef3cc36a4d175\"},\"headline\":\"P\u00e8lerinage \u00e0 la Mecque : m\u00e9fiez-vous des agences de voyages !\",\"datePublished\":\"2011-08-08T16:16:00+00:00\",\"mainEntityOfPage\":{\"@id\":\"https:\\\/\\\/www.webdo.tn\\\/fr\\\/actualite\\\/national\\\/pelerinage-a-la-mecque-mefiez-vous-des-agences-de-voyages\\\/172643\\\/\"},\"wordCount\":233,\"commentCount\":0,\"publisher\":{\"@id\":\"https:\\\/\\\/www.webdo.tn\\\/fr\\\/#organization\"},\"image\":{\"@id\":\"https:\\\/\\\/www.webdo.tn\\\/fr\\\/actualite\\\/national\\\/pelerinage-a-la-mecque-mefiez-vous-des-agences-de-voyages\\\/172643\\\/#primaryimage\"},\"thumbnailUrl\":\"https:\\\/\\\/www.webdo.tn\\\/fr\\\/wp-content\\\/uploads\\\/2011\\\/08\\\/mecque-150x150-1.jpg\",\"articleSection\":[\"National\"],\"inLanguage\":\"fr-FR\"},{\"@type\":\"WebPage\",\"@id\":\"https:\\\/\\\/www.webdo.tn\\\/fr\\\/actualite\\\/national\\\/pelerinage-a-la-mecque-mefiez-vous-des-agences-de-voyages\\\/172643\\\/\",\"url\":\"https:\\\/\\\/www.webdo.tn\\\/fr\\\/actualite\\\/national\\\/pelerinage-a-la-mecque-mefiez-vous-des-agences-de-voyages\\\/172643\\\/\",\"name\":\"P\u00e8lerinage \u00e0 la Mecque : m\u00e9fiez-vous des agences de voyages !\",\"isPartOf\":{\"@id\":\"https:\\\/\\\/www.webdo.tn\\\/fr\\\/#website\"},\"primaryImageOfPage\":{\"@id\":\"https:\\\/\\\/www.webdo.tn\\\/fr\\\/actualite\\\/national\\\/pelerinage-a-la-mecque-mefiez-vous-des-agences-de-voyages\\\/172643\\\/#primaryimage\"},\"image\":{\"@id\":\"https:\\\/\\\/www.webdo.tn\\\/fr\\\/actualite\\\/national\\\/pelerinage-a-la-mecque-mefiez-vous-des-agences-de-voyages\\\/172643\\\/#primaryimage\"},\"thumbnailUrl\":\"https:\\\/\\\/www.webdo.tn\\\/fr\\\/wp-content\\\/uploads\\\/2011\\\/08\\\/mecque-150x150-1.jpg\",\"datePublished\":\"2011-08-08T16:16:00+00:00\",\"description\":\"P\u00e8lerinage \u00e0 la Mecque : m\u00e9fiez-vous des agences de voyages !\",\"breadcrumb\":{\"@id\":\"https:\\\/\\\/www.webdo.tn\\\/fr\\\/actualite\\\/national\\\/pelerinage-a-la-mecque-mefiez-vous-des-agences-de-voyages\\\/172643\\\/#breadcrumb\"},\"inLanguage\":\"fr-FR\",\"potentialAction\":[{\"@type\":\"ReadAction\",\"target\":[\"https:\\\/\\\/www.webdo.tn\\\/fr\\\/actualite\\\/national\\\/pelerinage-a-la-mecque-mefiez-vous-des-agences-de-voyages\\\/172643\\\/\"]}]},{\"@type\":\"ImageObject\",\"inLanguage\":\"fr-FR\",\"@id\":\"https:\\\/\\\/www.webdo.tn\\\/fr\\\/actualite\\\/national\\\/pelerinage-a-la-mecque-mefiez-vous-des-agences-de-voyages\\\/172643\\\/#primaryimage\",\"url\":\"https:\\\/\\\/www.webdo.tn\\\/fr\\\/wp-content\\\/uploads\\\/2011\\\/08\\\/mecque-150x150-1.jpg\",\"contentUrl\":\"https:\\\/\\\/www.webdo.tn\\\/fr\\\/wp-content\\\/uploads\\\/2011\\\/08\\\/mecque-150x150-1.jpg\",\"width\":150,\"height\":150,\"caption\":\"P\u00e8lerinage \u00e0 la Mecque : m\u00e9fiez-vous des agences de voyages !\"},{\"@type\":\"BreadcrumbList\",\"@id\":\"https:\\\/\\\/www.webdo.tn\\\/fr\\\/actualite\\\/national\\\/pelerinage-a-la-mecque-mefiez-vous-des-agences-de-voyages\\\/172643\\\/#breadcrumb\",\"itemListElement\":[{\"@type\":\"ListItem\",\"position\":1,\"name\":\"Accueil\",\"item\":\"https:\\\/\\\/www.webdo.tn\\\/fr\\\/\"},{\"@type\":\"ListItem\",\"position\":2,\"name\":\"P\u00e8lerinage \u00e0 la Mecque : m\u00e9fiez-vous des agences de voyages !\"}]},{\"@type\":\"WebSite\",\"@id\":\"https:\\\/\\\/www.webdo.tn\\\/fr\\\/#website\",\"url\":\"https:\\\/\\\/www.webdo.tn\\\/fr\\\/\",\"name\":\"webdo\",\"description\":\"Tunisie - News en Tunisie et \u00e0 l&#039;international sur Webdo.tn\",\"publisher\":{\"@id\":\"https:\\\/\\\/www.webdo.tn\\\/fr\\\/#organization\"},\"potentialAction\":[{\"@type\":\"SearchAction\",\"target\":{\"@type\":\"EntryPoint\",\"urlTemplate\":\"https:\\\/\\\/www.webdo.tn\\\/fr\\\/?s={search_term_string}\"},\"query-input\":{\"@type\":\"PropertyValueSpecification\",\"valueRequired\":true,\"valueName\":\"search_term_string\"}}],\"inLanguage\":\"fr-FR\"},{\"@type\":\"Organization\",\"@id\":\"https:\\\/\\\/www.webdo.tn\\\/fr\\\/#organization\",\"name\":\"Webdo\",\"alternateName\":\"Webdo.tn\",\"url\":\"https:\\\/\\\/www.webdo.tn\\\/fr\\\/\",\"logo\":{\"@type\":\"ImageObject\",\"inLanguage\":\"fr-FR\",\"@id\":\"https:\\\/\\\/www.webdo.tn\\\/fr\\\/#\\\/schema\\\/logo\\\/image\\\/\",\"url\":\"https:\\\/\\\/www.webdo.tn\\\/fr\\\/wp-content\\\/uploads\\\/2025\\\/06\\\/Webdo-Tunisie_168377.jpg\",\"contentUrl\":\"https:\\\/\\\/www.webdo.tn\\\/fr\\\/wp-content\\\/uploads\\\/2025\\\/06\\\/Webdo-Tunisie_168377.jpg\",\"width\":301,\"height\":301,\"caption\":\"Webdo\"},\"image\":{\"@id\":\"https:\\\/\\\/www.webdo.tn\\\/fr\\\/#\\\/schema\\\/logo\\\/image\\\/\"},\"sameAs\":[\"https:\\\/\\\/www.facebook.com\\\/webdotn\",\"https:\\\/\\\/x.com\\\/webdo_tn\"],\"description\":\"Webdo est un m\u00e9dia num\u00e9rique tunisien fond\u00e9 en 2010, sp\u00e9cialis\u00e9 dans l\u2019actualit\u00e9 nationale et internationale, l\u2019\u00e9conomie, la soci\u00e9t\u00e9 et les analyses politiques. Le site s\u2019adresse \u00e0 un large public francophone et couvre l\u2019information tunisienne en temps r\u00e9el.\",\"email\":\"redac@webdo.tn\",\"legalName\":\"YNJ SARL\",\"foundingDate\":\"2010-09-06\",\"numberOfEmployees\":{\"@type\":\"QuantitativeValue\",\"minValue\":\"11\",\"maxValue\":\"50\"}},{\"@type\":\"Person\",\"@id\":\"https:\\\/\\\/www.webdo.tn\\\/fr\\\/#\\\/schema\\\/person\\\/9a9c6118d687c117df8ef3cc36a4d175\",\"name\":\"webdo.tn\",\"image\":{\"@type\":\"ImageObject\",\"inLanguage\":\"fr-FR\",\"@id\":\"https:\\\/\\\/secure.gravatar.com\\\/avatar\\\/7ce1f28c0c3bbac99ff550b85ef8e44a6950c6ee24514fb6a5489e51d06f0298?s=96&d=mm&r=g\",\"url\":\"https:\\\/\\\/secure.gravatar.com\\\/avatar\\\/7ce1f28c0c3bbac99ff550b85ef8e44a6950c6ee24514fb6a5489e51d06f0298?s=96&d=mm&r=g\",\"contentUrl\":\"https:\\\/\\\/secure.gravatar.com\\\/avatar\\\/7ce1f28c0c3bbac99ff550b85ef8e44a6950c6ee24514fb6a5489e51d06f0298?s=96&d=mm&r=g\",\"caption\":\"webdo.tn\"},\"url\":\"https:\\\/\\\/www.webdo.tn\\\/fr\\\/actualite\\\/author\\\/webdotn\\\/\"}]}<\/script>\n<!-- \/ Yoast SEO Premium plugin. -->","yoast_head_json":{"title":"P\u00e8lerinage \u00e0 la Mecque : m\u00e9fiez-vous des agences de voyages !","description":"P\u00e8lerinage \u00e0 la Mecque : m\u00e9fiez-vous des agences de voyages !","canonical":"https:\/\/www.webdo.tn\/fr\/actualite\/national\/pelerinage-a-la-mecque-mefiez-vous-des-agences-de-voyages\/172643\/","og_locale":"fr_FR","og_type":"article","og_title":"P\u00e8lerinage \u00e0 la Mecque : m\u00e9fiez-vous des agences de voyages !","og_description":"P\u00e8lerinage \u00e0 la Mecque : m\u00e9fiez-vous des agences de voyages !","og_url":"https:\/\/www.webdo.tn\/fr\/actualite\/national\/pelerinage-a-la-mecque-mefiez-vous-des-agences-de-voyages\/172643\/","og_site_name":"webdo","article_publisher":"https:\/\/www.facebook.com\/webdotn","article_published_time":"2011-08-08T16:16:00+00:00","og_image":[{"width":150,"height":150,"url":"https:\/\/www.webdo.tn\/fr\/wp-content\/uploads\/2011\/08\/mecque-150x150-1.jpg","type":"image\/jpeg"}],"author":"webdo.tn","twitter_card":"summary_large_image","twitter_creator":"@webdo_tn","twitter_site":"@webdo_tn","twitter_misc":{"\u00c9crit par":"webdo.tn","Dur\u00e9e de lecture estim\u00e9e":"1 minute"},"schema":{"@context":"https:\/\/schema.org","@graph":[{"@type":"NewsArticle","@id":"https:\/\/www.webdo.tn\/fr\/actualite\/national\/pelerinage-a-la-mecque-mefiez-vous-des-agences-de-voyages\/172643\/#article","isPartOf":{"@id":"https:\/\/www.webdo.tn\/fr\/actualite\/national\/pelerinage-a-la-mecque-mefiez-vous-des-agences-de-voyages\/172643\/"},"author":{"name":"webdo.tn","@id":"https:\/\/www.webdo.tn\/fr\/#\/schema\/person\/9a9c6118d687c117df8ef3cc36a4d175"},"headline":"P\u00e8lerinage \u00e0 la Mecque : m\u00e9fiez-vous des agences de voyages !","datePublished":"2011-08-08T16:16:00+00:00","mainEntityOfPage":{"@id":"https:\/\/www.webdo.tn\/fr\/actualite\/national\/pelerinage-a-la-mecque-mefiez-vous-des-agences-de-voyages\/172643\/"},"wordCount":233,"commentCount":0,"publisher":{"@id":"https:\/\/www.webdo.tn\/fr\/#organization"},"image":{"@id":"https:\/\/www.webdo.tn\/fr\/actualite\/national\/pelerinage-a-la-mecque-mefiez-vous-des-agences-de-voyages\/172643\/#primaryimage"},"thumbnailUrl":"https:\/\/www.webdo.tn\/fr\/wp-content\/uploads\/2011\/08\/mecque-150x150-1.jpg","articleSection":["National"],"inLanguage":"fr-FR"},{"@type":"WebPage","@id":"https:\/\/www.webdo.tn\/fr\/actualite\/national\/pelerinage-a-la-mecque-mefiez-vous-des-agences-de-voyages\/172643\/","url":"https:\/\/www.webdo.tn\/fr\/actualite\/national\/pelerinage-a-la-mecque-mefiez-vous-des-agences-de-voyages\/172643\/","name":"P\u00e8lerinage \u00e0 la Mecque : m\u00e9fiez-vous des agences de voyages !","isPartOf":{"@id":"https:\/\/www.webdo.tn\/fr\/#website"},"primaryImageOfPage":{"@id":"https:\/\/www.webdo.tn\/fr\/actualite\/national\/pelerinage-a-la-mecque-mefiez-vous-des-agences-de-voyages\/172643\/#primaryimage"},"image":{"@id":"https:\/\/www.webdo.tn\/fr\/actualite\/national\/pelerinage-a-la-mecque-mefiez-vous-des-agences-de-voyages\/172643\/#primaryimage"},"thumbnailUrl":"https:\/\/www.webdo.tn\/fr\/wp-content\/uploads\/2011\/08\/mecque-150x150-1.jpg","datePublished":"2011-08-08T16:16:00+00:00","description":"P\u00e8lerinage \u00e0 la Mecque : m\u00e9fiez-vous des agences de voyages !","breadcrumb":{"@id":"https:\/\/www.webdo.tn\/fr\/actualite\/national\/pelerinage-a-la-mecque-mefiez-vous-des-agences-de-voyages\/172643\/#breadcrumb"},"inLanguage":"fr-FR","potentialAction":[{"@type":"ReadAction","target":["https:\/\/www.webdo.tn\/fr\/actualite\/national\/pelerinage-a-la-mecque-mefiez-vous-des-agences-de-voyages\/172643\/"]}]},{"@type":"ImageObject","inLanguage":"fr-FR","@id":"https:\/\/www.webdo.tn\/fr\/actualite\/national\/pelerinage-a-la-mecque-mefiez-vous-des-agences-de-voyages\/172643\/#primaryimage","url":"https:\/\/www.webdo.tn\/fr\/wp-content\/uploads\/2011\/08\/mecque-150x150-1.jpg","contentUrl":"https:\/\/www.webdo.tn\/fr\/wp-content\/uploads\/2011\/08\/mecque-150x150-1.jpg","width":150,"height":150,"caption":"P\u00e8lerinage \u00e0 la Mecque : m\u00e9fiez-vous des agences de voyages !"},{"@type":"BreadcrumbList","@id":"https:\/\/www.webdo.tn\/fr\/actualite\/national\/pelerinage-a-la-mecque-mefiez-vous-des-agences-de-voyages\/172643\/#breadcrumb","itemListElement":[{"@type":"ListItem","position":1,"name":"Accueil","item":"https:\/\/www.webdo.tn\/fr\/"},{"@type":"ListItem","position":2,"name":"P\u00e8lerinage \u00e0 la Mecque : m\u00e9fiez-vous des agences de voyages !"}]},{"@type":"WebSite","@id":"https:\/\/www.webdo.tn\/fr\/#website","url":"https:\/\/www.webdo.tn\/fr\/","name":"webdo","description":"Tunisie - News en Tunisie et \u00e0 l&#039;international sur Webdo.tn","publisher":{"@id":"https:\/\/www.webdo.tn\/fr\/#organization"},"potentialAction":[{"@type":"SearchAction","target":{"@type":"EntryPoint","urlTemplate":"https:\/\/www.webdo.tn\/fr\/?s={search_term_string}"},"query-input":{"@type":"PropertyValueSpecification","valueRequired":true,"valueName":"search_term_string"}}],"inLanguage":"fr-FR"},{"@type":"Organization","@id":"https:\/\/www.webdo.tn\/fr\/#organization","name":"Webdo","alternateName":"Webdo.tn","url":"https:\/\/www.webdo.tn\/fr\/","logo":{"@type":"ImageObject","inLanguage":"fr-FR","@id":"https:\/\/www.webdo.tn\/fr\/#\/schema\/logo\/image\/","url":"https:\/\/www.webdo.tn\/fr\/wp-content\/uploads\/2025\/06\/Webdo-Tunisie_168377.jpg","contentUrl":"https:\/\/www.webdo.tn\/fr\/wp-content\/uploads\/2025\/06\/Webdo-Tunisie_168377.jpg","width":301,"height":301,"caption":"Webdo"},"image":{"@id":"https:\/\/www.webdo.tn\/fr\/#\/schema\/logo\/image\/"},"sameAs":["https:\/\/www.facebook.com\/webdotn","https:\/\/x.com\/webdo_tn"],"description":"Webdo est un m\u00e9dia num\u00e9rique tunisien fond\u00e9 en 2010, sp\u00e9cialis\u00e9 dans l\u2019actualit\u00e9 nationale et internationale, l\u2019\u00e9conomie, la soci\u00e9t\u00e9 et les analyses politiques. Le site s\u2019adresse \u00e0 un large public francophone et couvre l\u2019information tunisienne en temps r\u00e9el.","email":"redac@webdo.tn","legalName":"YNJ SARL","foundingDate":"2010-09-06","numberOfEmployees":{"@type":"QuantitativeValue","minValue":"11","maxValue":"50"}},{"@type":"Person","@id":"https:\/\/www.webdo.tn\/fr\/#\/schema\/person\/9a9c6118d687c117df8ef3cc36a4d175","name":"webdo.tn","image":{"@type":"ImageObject","inLanguage":"fr-FR","@id":"https:\/\/secure.gravatar.com\/avatar\/7ce1f28c0c3bbac99ff550b85ef8e44a6950c6ee24514fb6a5489e51d06f0298?s=96&d=mm&r=g","url":"https:\/\/secure.gravatar.com\/avatar\/7ce1f28c0c3bbac99ff550b85ef8e44a6950c6ee24514fb6a5489e51d06f0298?s=96&d=mm&r=g","contentUrl":"https:\/\/secure.gravatar.com\/avatar\/7ce1f28c0c3bbac99ff550b85ef8e44a6950c6ee24514fb6a5489e51d06f0298?s=96&d=mm&r=g","caption":"webdo.tn"},"url":"https:\/\/www.webdo.tn\/fr\/actualite\/author\/webdotn\/"}]}},"_links":{"self":[{"href":"https:\/\/www.webdo.tn\/fr\/wp-json\/wp\/v2\/posts\/172643","targetHints":{"allow":["GET"]}}],"collection":[{"href":"https:\/\/www.webdo.tn\/fr\/wp-json\/wp\/v2\/posts"}],"about":[{"href":"https:\/\/www.webdo.tn\/fr\/wp-json\/wp\/v2\/types\/post"}],"author":[{"embeddable":true,"href":"https:\/\/www.webdo.tn\/fr\/wp-json\/wp\/v2\/users\/3222"}],"replies":[{"embeddable":true,"href":"https:\/\/www.webdo.tn\/fr\/wp-json\/wp\/v2\/comments?post=172643"}],"version-history":[{"count":0,"href":"https:\/\/www.webdo.tn\/fr\/wp-json\/wp\/v2\/posts\/172643\/revisions"}],"wp:featuredmedia":[{"embeddable":true,"href":"https:\/\/www.webdo.tn\/fr\/wp-json\/wp\/v2\/media\/376618"}],"wp:attachment":[{"href":"https:\/\/www.webdo.tn\/fr\/wp-json\/wp\/v2\/media?parent=172643"}],"wp:term":[{"taxonomy":"category","embeddable":true,"href":"https:\/\/www.webdo.tn\/fr\/wp-json\/wp\/v2\/categories?post=172643"},{"taxonomy":"post_tag","embeddable":true,"href":"https:\/\/www.webdo.tn\/fr\/wp-json\/wp\/v2\/tags?post=172643"}],"curies":[{"name":"wp","href":"https:\/\/api.w.org\/{rel}","templated":true}]}}