{"id":172642,"date":"2011-08-08T23:46:00","date_gmt":"2011-08-08T23:46:00","guid":{"rendered":"https:\/\/www.webdo.tn\/fr\/actualite\/blog\/la-destitution-de-nejib-maaoui-est-elle-suffisante-pour-faire-oublier-la-fuite-de-saida-agrebi\/172642\/"},"modified":"2011-08-08T23:46:00","modified_gmt":"2011-08-08T23:46:00","slug":"la-destitution-de-nejib-maaoui-est-elle-suffisante-pour-faire-oublier-la-fuite-de-saida-agrebi","status":"publish","type":"post","link":"https:\/\/www.webdo.tn\/fr\/actualite\/national\/la-destitution-de-nejib-maaoui-est-elle-suffisante-pour-faire-oublier-la-fuite-de-saida-agrebi\/172642\/","title":{"rendered":"La destitution de N\u00e9jib Ma\u00e2oui est-elle suffisante pour faire oublier la \u00ab\u00a0fuite\u00a0\u00bb de Sa\u00efda Agrebi\u00a0?"},"content":{"rendered":"<p>Rien ne va plus au niveau de la magistrature, o\u00f9, au lieu d\u2019appliquer un bon coup de balai, les autorit\u00e9s ne font que d\u00e9placer des pions, pardon, des personnes d\u2019un endroit \u00e0 l\u2019autre pour faire croire \u00e0 un changement radical.<br \/>\nAinsi, et selon les informations recueillies sur le site de la TAP, \u00able procureur de la R\u00e9publique \u00e0\u00a0Kasserine Nouri Gharbi a \u00e9t\u00e9 nomm\u00e9 (aujourd&rsquo;hui) nouveau procureur de la R\u00e9publique aupr\u00e8s du tribunal de premi\u00e8re instance de Tunis en remplacement de N\u00e9jib Ma\u00e2oui, qui vient d&rsquo;\u00eatre affect\u00e9 \u00e0 la Cour de Cassation\u00bb, et ce, suite \u00e0 l\u2019enqu\u00eate command\u00e9e par le ministre de la Justice \u00e0 propos du d\u00e9part de Saida Agrebi.<\/p>\n<p>Ma\u00e2oui aurait \u00e9t\u00e9 destitu\u00e9 de son poste, car il aurait re\u00e7u un dossier, de la part du ministre des Finances, qu\u2019il aurait laiss\u00e9 tra\u00een\u00e9, ce qui aurait permis \u00e0 Saida Agrebi de \u00abd\u00e9gager\u00bb vers la France. Ce dossier concernait le d\u00e9tournement de fonds des caisses de l\u2019association Besma et de l\u2019Association des m\u00e8res tunisiennes vers les poches de Leila Trabelsi et de sa famille. On pourrait se demander pourquoi N\u00e9jib Ma\u00e2oui a \u00e9t\u00e9 affect\u00e9 \u00e0 la Cour de Cassation alors qu\u2019il a commis une faute grave et qu\u2019il aurait d\u00fb, normalement, \u00eatre d\u00e9mis non seulement de ses fonctions, mais \u00e9galement mis \u00e0 l\u2019\u00e9cart en attendant un \u00e9ventuel passage en conseil de discipline. Le probl\u00e8me est que Ma\u00e2oui aurait re\u00e7u des ordres de ses sup\u00e9rieurs pour faire tra\u00eener ce dossier. Si sa t\u00eate saute, tous ceux qui sont au-dessus de lui risquent de la perte aussi, et m\u00eame tr\u00e8s haut au minist\u00e8re de la Justice.<\/p>\n<p>Et pendant que les autorit\u00e9s jouent aux dames et risquent de se mettre en \u00e9chec et mat, les lib\u00e9rations et les fuites continuent. Ainsi apr\u00e8s l\u2019envol de Saida Agrebi, une autre Saida aurait jou\u00e9 les filles de l\u2019air.<\/p>\n<p>En effet, d\u2019apr\u00e8s un groupe de diplomates tunisiens qui a publi\u00e9 un article sur le site nawaat.org, Saida Chtioui, \u00abamie proche de Leila Ben Ali, et s\u0153ur de Mohamed Mahjoub, mari de Jalila Trabelsi\u00bb aurait pris la poudre d\u2019escampette au vu et au su de tous. D\u2019apr\u00e8s ce groupe, elle \u00aba pu quitter le pays \u00e0 partir de l\u2019a\u00e9roport de Tunis Carthage et cela gr\u00e2ce \u00e0 son passeport diplomatique qui ne lui a jamais \u00e9t\u00e9 retir\u00e9\u00bb et se rendre en Suisse chez son fils.<\/p>\n<p>Et le peuple dans tout \u00e7a se fait avoir car on l\u2019occupe \u00e0 d\u2019autres choses de moindre importance\u00a0! Pauvre R\u00e9volution\u00a0!<\/p>\n<p>NDLR. Le site nawaat.org a r\u00e9alis\u00e9 un compl\u00e9ment d&rsquo;information suite \u00e0 l&rsquo;article concertant la fuite suppos\u00e9e de Saida Chtioui et sign\u00e9 par un groupe de diplomates tunisiens. Il s&rsquo;est av\u00e9r\u00e9 que Saida Chtioui n\u2019a pas quitt\u00e9 le territoire tunisien.<\/p>\n","protected":false},"excerpt":{"rendered":"<p>La destitution de N\u00e9jib Ma\u00e2oui est-elle suffisante pour faire oublier la  fuite  de Sa\u00efda Agrebi\u00a0? <\/p>\n","protected":false},"author":3222,"featured_media":376684,"comment_status":"open","ping_status":"closed","sticky":false,"template":"","format":"standard","meta":{"footnotes":""},"categories":[44],"tags":[],"class_list":["post-172642","post","type-post","status-publish","format-standard","has-post-thumbnail","hentry","category-national"],"yoast_head":"<!-- This site is optimized with the Yoast SEO Premium plugin v27.5 (Yoast SEO v27.5) - https:\/\/yoast.com\/product\/yoast-seo-premium-wordpress\/ -->\n<title>La destitution de N\u00e9jib Ma\u00e2oui est-elle suffisante pour faire oublier la fuite de Sa\u00efda Agrebi\u00a0?<\/title>\n<meta name=\"description\" content=\"La destitution de N\u00e9jib Ma\u00e2oui est-elle suffisante pour faire oublier la fuite de Sa\u00efda Agrebi\u00a0?\" \/>\n<link rel=\"canonical\" href=\"https:\/\/www.webdo.tn\/fr\/actualite\/national\/la-destitution-de-nejib-maaoui-est-elle-suffisante-pour-faire-oublier-la-fuite-de-saida-agrebi\/172642\/\" \/>\n<meta property=\"og:locale\" content=\"fr_FR\" \/>\n<meta property=\"og:type\" content=\"article\" \/>\n<meta property=\"og:title\" content=\"La destitution de N\u00e9jib Ma\u00e2oui est-elle suffisante pour faire oublier la &quot;fuite&quot; de Sa\u00efda Agrebi\u00a0?\" \/>\n<meta property=\"og:description\" content=\"La destitution de N\u00e9jib Ma\u00e2oui est-elle suffisante pour faire oublier la fuite de Sa\u00efda Agrebi\u00a0?\" \/>\n<meta property=\"og:url\" content=\"https:\/\/www.webdo.tn\/fr\/actualite\/national\/la-destitution-de-nejib-maaoui-est-elle-suffisante-pour-faire-oublier-la-fuite-de-saida-agrebi\/172642\/\" \/>\n<meta property=\"og:site_name\" content=\"webdo\" \/>\n<meta property=\"article:publisher\" content=\"https:\/\/www.facebook.com\/webdotn\" \/>\n<meta property=\"article:published_time\" content=\"2011-08-08T23:46:00+00:00\" \/>\n<meta property=\"og:image\" content=\"https:\/\/www.webdo.tn\/fr\/wp-content\/uploads\/2011\/08\/Justice2.jpg\" \/>\n\t<meta property=\"og:image:width\" content=\"308\" \/>\n\t<meta property=\"og:image:height\" content=\"228\" \/>\n\t<meta property=\"og:image:type\" content=\"image\/jpeg\" \/>\n<meta name=\"author\" content=\"webdo.tn\" \/>\n<meta name=\"twitter:card\" content=\"summary_large_image\" \/>\n<meta name=\"twitter:creator\" content=\"@webdo_tn\" \/>\n<meta name=\"twitter:site\" content=\"@webdo_tn\" \/>\n<meta name=\"twitter:label1\" content=\"\u00c9crit par\" \/>\n\t<meta name=\"twitter:data1\" content=\"webdo.tn\" \/>\n\t<meta name=\"twitter:label2\" content=\"Dur\u00e9e de lecture estim\u00e9e\" \/>\n\t<meta name=\"twitter:data2\" content=\"2 minutes\" \/>\n<script type=\"application\/ld+json\" class=\"yoast-schema-graph\">{\"@context\":\"https:\\\/\\\/schema.org\",\"@graph\":[{\"@type\":\"NewsArticle\",\"@id\":\"https:\\\/\\\/www.webdo.tn\\\/fr\\\/actualite\\\/national\\\/la-destitution-de-nejib-maaoui-est-elle-suffisante-pour-faire-oublier-la-fuite-de-saida-agrebi\\\/172642\\\/#article\",\"isPartOf\":{\"@id\":\"https:\\\/\\\/www.webdo.tn\\\/fr\\\/actualite\\\/national\\\/la-destitution-de-nejib-maaoui-est-elle-suffisante-pour-faire-oublier-la-fuite-de-saida-agrebi\\\/172642\\\/\"},\"author\":{\"name\":\"webdo.tn\",\"@id\":\"https:\\\/\\\/www.webdo.tn\\\/fr\\\/#\\\/schema\\\/person\\\/9a9c6118d687c117df8ef3cc36a4d175\"},\"headline\":\"La destitution de N\u00e9jib Ma\u00e2oui est-elle suffisante pour faire oublier la \u00ab\u00a0fuite\u00a0\u00bb de Sa\u00efda Agrebi\u00a0?\",\"datePublished\":\"2011-08-08T23:46:00+00:00\",\"mainEntityOfPage\":{\"@id\":\"https:\\\/\\\/www.webdo.tn\\\/fr\\\/actualite\\\/national\\\/la-destitution-de-nejib-maaoui-est-elle-suffisante-pour-faire-oublier-la-fuite-de-saida-agrebi\\\/172642\\\/\"},\"wordCount\":519,\"commentCount\":0,\"publisher\":{\"@id\":\"https:\\\/\\\/www.webdo.tn\\\/fr\\\/#organization\"},\"image\":{\"@id\":\"https:\\\/\\\/www.webdo.tn\\\/fr\\\/actualite\\\/national\\\/la-destitution-de-nejib-maaoui-est-elle-suffisante-pour-faire-oublier-la-fuite-de-saida-agrebi\\\/172642\\\/#primaryimage\"},\"thumbnailUrl\":\"https:\\\/\\\/www.webdo.tn\\\/fr\\\/wp-content\\\/uploads\\\/2011\\\/08\\\/Justice2.jpg\",\"articleSection\":[\"National\"],\"inLanguage\":\"fr-FR\"},{\"@type\":\"WebPage\",\"@id\":\"https:\\\/\\\/www.webdo.tn\\\/fr\\\/actualite\\\/national\\\/la-destitution-de-nejib-maaoui-est-elle-suffisante-pour-faire-oublier-la-fuite-de-saida-agrebi\\\/172642\\\/\",\"url\":\"https:\\\/\\\/www.webdo.tn\\\/fr\\\/actualite\\\/national\\\/la-destitution-de-nejib-maaoui-est-elle-suffisante-pour-faire-oublier-la-fuite-de-saida-agrebi\\\/172642\\\/\",\"name\":\"La destitution de N\u00e9jib Ma\u00e2oui est-elle suffisante pour faire oublier la fuite de Sa\u00efda Agrebi\u00a0?\",\"isPartOf\":{\"@id\":\"https:\\\/\\\/www.webdo.tn\\\/fr\\\/#website\"},\"primaryImageOfPage\":{\"@id\":\"https:\\\/\\\/www.webdo.tn\\\/fr\\\/actualite\\\/national\\\/la-destitution-de-nejib-maaoui-est-elle-suffisante-pour-faire-oublier-la-fuite-de-saida-agrebi\\\/172642\\\/#primaryimage\"},\"image\":{\"@id\":\"https:\\\/\\\/www.webdo.tn\\\/fr\\\/actualite\\\/national\\\/la-destitution-de-nejib-maaoui-est-elle-suffisante-pour-faire-oublier-la-fuite-de-saida-agrebi\\\/172642\\\/#primaryimage\"},\"thumbnailUrl\":\"https:\\\/\\\/www.webdo.tn\\\/fr\\\/wp-content\\\/uploads\\\/2011\\\/08\\\/Justice2.jpg\",\"datePublished\":\"2011-08-08T23:46:00+00:00\",\"description\":\"La destitution de N\u00e9jib Ma\u00e2oui est-elle suffisante pour faire oublier la fuite de Sa\u00efda Agrebi\u00a0?\",\"breadcrumb\":{\"@id\":\"https:\\\/\\\/www.webdo.tn\\\/fr\\\/actualite\\\/national\\\/la-destitution-de-nejib-maaoui-est-elle-suffisante-pour-faire-oublier-la-fuite-de-saida-agrebi\\\/172642\\\/#breadcrumb\"},\"inLanguage\":\"fr-FR\",\"potentialAction\":[{\"@type\":\"ReadAction\",\"target\":[\"https:\\\/\\\/www.webdo.tn\\\/fr\\\/actualite\\\/national\\\/la-destitution-de-nejib-maaoui-est-elle-suffisante-pour-faire-oublier-la-fuite-de-saida-agrebi\\\/172642\\\/\"]}]},{\"@type\":\"ImageObject\",\"inLanguage\":\"fr-FR\",\"@id\":\"https:\\\/\\\/www.webdo.tn\\\/fr\\\/actualite\\\/national\\\/la-destitution-de-nejib-maaoui-est-elle-suffisante-pour-faire-oublier-la-fuite-de-saida-agrebi\\\/172642\\\/#primaryimage\",\"url\":\"https:\\\/\\\/www.webdo.tn\\\/fr\\\/wp-content\\\/uploads\\\/2011\\\/08\\\/Justice2.jpg\",\"contentUrl\":\"https:\\\/\\\/www.webdo.tn\\\/fr\\\/wp-content\\\/uploads\\\/2011\\\/08\\\/Justice2.jpg\",\"width\":308,\"height\":228,\"caption\":\"La destitution de N\u00e9jib Ma\u00e2oui est-elle suffisante pour faire oublier la \\\"fuite\\\" de Sa\u00efda Agrebi\u00a0?\"},{\"@type\":\"BreadcrumbList\",\"@id\":\"https:\\\/\\\/www.webdo.tn\\\/fr\\\/actualite\\\/national\\\/la-destitution-de-nejib-maaoui-est-elle-suffisante-pour-faire-oublier-la-fuite-de-saida-agrebi\\\/172642\\\/#breadcrumb\",\"itemListElement\":[{\"@type\":\"ListItem\",\"position\":1,\"name\":\"Accueil\",\"item\":\"https:\\\/\\\/www.webdo.tn\\\/fr\\\/\"},{\"@type\":\"ListItem\",\"position\":2,\"name\":\"La destitution de N\u00e9jib Ma\u00e2oui est-elle suffisante pour faire oublier la \u00ab\u00a0fuite\u00a0\u00bb de Sa\u00efda Agrebi\u00a0?\"}]},{\"@type\":\"WebSite\",\"@id\":\"https:\\\/\\\/www.webdo.tn\\\/fr\\\/#website\",\"url\":\"https:\\\/\\\/www.webdo.tn\\\/fr\\\/\",\"name\":\"webdo\",\"description\":\"Tunisie - News en Tunisie et \u00e0 l&#039;international sur Webdo.tn\",\"publisher\":{\"@id\":\"https:\\\/\\\/www.webdo.tn\\\/fr\\\/#organization\"},\"potentialAction\":[{\"@type\":\"SearchAction\",\"target\":{\"@type\":\"EntryPoint\",\"urlTemplate\":\"https:\\\/\\\/www.webdo.tn\\\/fr\\\/?s={search_term_string}\"},\"query-input\":{\"@type\":\"PropertyValueSpecification\",\"valueRequired\":true,\"valueName\":\"search_term_string\"}}],\"inLanguage\":\"fr-FR\"},{\"@type\":\"Organization\",\"@id\":\"https:\\\/\\\/www.webdo.tn\\\/fr\\\/#organization\",\"name\":\"Webdo\",\"alternateName\":\"Webdo.tn\",\"url\":\"https:\\\/\\\/www.webdo.tn\\\/fr\\\/\",\"logo\":{\"@type\":\"ImageObject\",\"inLanguage\":\"fr-FR\",\"@id\":\"https:\\\/\\\/www.webdo.tn\\\/fr\\\/#\\\/schema\\\/logo\\\/image\\\/\",\"url\":\"https:\\\/\\\/www.webdo.tn\\\/fr\\\/wp-content\\\/uploads\\\/2025\\\/06\\\/Webdo-Tunisie_168377.jpg\",\"contentUrl\":\"https:\\\/\\\/www.webdo.tn\\\/fr\\\/wp-content\\\/uploads\\\/2025\\\/06\\\/Webdo-Tunisie_168377.jpg\",\"width\":301,\"height\":301,\"caption\":\"Webdo\"},\"image\":{\"@id\":\"https:\\\/\\\/www.webdo.tn\\\/fr\\\/#\\\/schema\\\/logo\\\/image\\\/\"},\"sameAs\":[\"https:\\\/\\\/www.facebook.com\\\/webdotn\",\"https:\\\/\\\/x.com\\\/webdo_tn\"],\"description\":\"Webdo est un m\u00e9dia num\u00e9rique tunisien fond\u00e9 en 2010, sp\u00e9cialis\u00e9 dans l\u2019actualit\u00e9 nationale et internationale, l\u2019\u00e9conomie, la soci\u00e9t\u00e9 et les analyses politiques. Le site s\u2019adresse \u00e0 un large public francophone et couvre l\u2019information tunisienne en temps r\u00e9el.\",\"email\":\"redac@webdo.tn\",\"legalName\":\"YNJ SARL\",\"foundingDate\":\"2010-09-06\",\"numberOfEmployees\":{\"@type\":\"QuantitativeValue\",\"minValue\":\"11\",\"maxValue\":\"50\"}},{\"@type\":\"Person\",\"@id\":\"https:\\\/\\\/www.webdo.tn\\\/fr\\\/#\\\/schema\\\/person\\\/9a9c6118d687c117df8ef3cc36a4d175\",\"name\":\"webdo.tn\",\"image\":{\"@type\":\"ImageObject\",\"inLanguage\":\"fr-FR\",\"@id\":\"https:\\\/\\\/secure.gravatar.com\\\/avatar\\\/7ce1f28c0c3bbac99ff550b85ef8e44a6950c6ee24514fb6a5489e51d06f0298?s=96&d=mm&r=g\",\"url\":\"https:\\\/\\\/secure.gravatar.com\\\/avatar\\\/7ce1f28c0c3bbac99ff550b85ef8e44a6950c6ee24514fb6a5489e51d06f0298?s=96&d=mm&r=g\",\"contentUrl\":\"https:\\\/\\\/secure.gravatar.com\\\/avatar\\\/7ce1f28c0c3bbac99ff550b85ef8e44a6950c6ee24514fb6a5489e51d06f0298?s=96&d=mm&r=g\",\"caption\":\"webdo.tn\"},\"url\":\"https:\\\/\\\/www.webdo.tn\\\/fr\\\/actualite\\\/author\\\/webdotn\\\/\"}]}<\/script>\n<!-- \/ Yoast SEO Premium plugin. -->","yoast_head_json":{"title":"La destitution de N\u00e9jib Ma\u00e2oui est-elle suffisante pour faire oublier la fuite de Sa\u00efda Agrebi\u00a0?","description":"La destitution de N\u00e9jib Ma\u00e2oui est-elle suffisante pour faire oublier la fuite de Sa\u00efda Agrebi\u00a0?","canonical":"https:\/\/www.webdo.tn\/fr\/actualite\/national\/la-destitution-de-nejib-maaoui-est-elle-suffisante-pour-faire-oublier-la-fuite-de-saida-agrebi\/172642\/","og_locale":"fr_FR","og_type":"article","og_title":"La destitution de N\u00e9jib Ma\u00e2oui est-elle suffisante pour faire oublier la \"fuite\" de Sa\u00efda Agrebi\u00a0?","og_description":"La destitution de N\u00e9jib Ma\u00e2oui est-elle suffisante pour faire oublier la fuite de Sa\u00efda Agrebi\u00a0?","og_url":"https:\/\/www.webdo.tn\/fr\/actualite\/national\/la-destitution-de-nejib-maaoui-est-elle-suffisante-pour-faire-oublier-la-fuite-de-saida-agrebi\/172642\/","og_site_name":"webdo","article_publisher":"https:\/\/www.facebook.com\/webdotn","article_published_time":"2011-08-08T23:46:00+00:00","og_image":[{"width":308,"height":228,"url":"https:\/\/www.webdo.tn\/fr\/wp-content\/uploads\/2011\/08\/Justice2.jpg","type":"image\/jpeg"}],"author":"webdo.tn","twitter_card":"summary_large_image","twitter_creator":"@webdo_tn","twitter_site":"@webdo_tn","twitter_misc":{"\u00c9crit par":"webdo.tn","Dur\u00e9e de lecture estim\u00e9e":"2 minutes"},"schema":{"@context":"https:\/\/schema.org","@graph":[{"@type":"NewsArticle","@id":"https:\/\/www.webdo.tn\/fr\/actualite\/national\/la-destitution-de-nejib-maaoui-est-elle-suffisante-pour-faire-oublier-la-fuite-de-saida-agrebi\/172642\/#article","isPartOf":{"@id":"https:\/\/www.webdo.tn\/fr\/actualite\/national\/la-destitution-de-nejib-maaoui-est-elle-suffisante-pour-faire-oublier-la-fuite-de-saida-agrebi\/172642\/"},"author":{"name":"webdo.tn","@id":"https:\/\/www.webdo.tn\/fr\/#\/schema\/person\/9a9c6118d687c117df8ef3cc36a4d175"},"headline":"La destitution de N\u00e9jib Ma\u00e2oui est-elle suffisante pour faire oublier la \u00ab\u00a0fuite\u00a0\u00bb de Sa\u00efda Agrebi\u00a0?","datePublished":"2011-08-08T23:46:00+00:00","mainEntityOfPage":{"@id":"https:\/\/www.webdo.tn\/fr\/actualite\/national\/la-destitution-de-nejib-maaoui-est-elle-suffisante-pour-faire-oublier-la-fuite-de-saida-agrebi\/172642\/"},"wordCount":519,"commentCount":0,"publisher":{"@id":"https:\/\/www.webdo.tn\/fr\/#organization"},"image":{"@id":"https:\/\/www.webdo.tn\/fr\/actualite\/national\/la-destitution-de-nejib-maaoui-est-elle-suffisante-pour-faire-oublier-la-fuite-de-saida-agrebi\/172642\/#primaryimage"},"thumbnailUrl":"https:\/\/www.webdo.tn\/fr\/wp-content\/uploads\/2011\/08\/Justice2.jpg","articleSection":["National"],"inLanguage":"fr-FR"},{"@type":"WebPage","@id":"https:\/\/www.webdo.tn\/fr\/actualite\/national\/la-destitution-de-nejib-maaoui-est-elle-suffisante-pour-faire-oublier-la-fuite-de-saida-agrebi\/172642\/","url":"https:\/\/www.webdo.tn\/fr\/actualite\/national\/la-destitution-de-nejib-maaoui-est-elle-suffisante-pour-faire-oublier-la-fuite-de-saida-agrebi\/172642\/","name":"La destitution de N\u00e9jib Ma\u00e2oui est-elle suffisante pour faire oublier la fuite de Sa\u00efda Agrebi\u00a0?","isPartOf":{"@id":"https:\/\/www.webdo.tn\/fr\/#website"},"primaryImageOfPage":{"@id":"https:\/\/www.webdo.tn\/fr\/actualite\/national\/la-destitution-de-nejib-maaoui-est-elle-suffisante-pour-faire-oublier-la-fuite-de-saida-agrebi\/172642\/#primaryimage"},"image":{"@id":"https:\/\/www.webdo.tn\/fr\/actualite\/national\/la-destitution-de-nejib-maaoui-est-elle-suffisante-pour-faire-oublier-la-fuite-de-saida-agrebi\/172642\/#primaryimage"},"thumbnailUrl":"https:\/\/www.webdo.tn\/fr\/wp-content\/uploads\/2011\/08\/Justice2.jpg","datePublished":"2011-08-08T23:46:00+00:00","description":"La destitution de N\u00e9jib Ma\u00e2oui est-elle suffisante pour faire oublier la fuite de Sa\u00efda Agrebi\u00a0?","breadcrumb":{"@id":"https:\/\/www.webdo.tn\/fr\/actualite\/national\/la-destitution-de-nejib-maaoui-est-elle-suffisante-pour-faire-oublier-la-fuite-de-saida-agrebi\/172642\/#breadcrumb"},"inLanguage":"fr-FR","potentialAction":[{"@type":"ReadAction","target":["https:\/\/www.webdo.tn\/fr\/actualite\/national\/la-destitution-de-nejib-maaoui-est-elle-suffisante-pour-faire-oublier-la-fuite-de-saida-agrebi\/172642\/"]}]},{"@type":"ImageObject","inLanguage":"fr-FR","@id":"https:\/\/www.webdo.tn\/fr\/actualite\/national\/la-destitution-de-nejib-maaoui-est-elle-suffisante-pour-faire-oublier-la-fuite-de-saida-agrebi\/172642\/#primaryimage","url":"https:\/\/www.webdo.tn\/fr\/wp-content\/uploads\/2011\/08\/Justice2.jpg","contentUrl":"https:\/\/www.webdo.tn\/fr\/wp-content\/uploads\/2011\/08\/Justice2.jpg","width":308,"height":228,"caption":"La destitution de N\u00e9jib Ma\u00e2oui est-elle suffisante pour faire oublier la \"fuite\" de Sa\u00efda Agrebi\u00a0?"},{"@type":"BreadcrumbList","@id":"https:\/\/www.webdo.tn\/fr\/actualite\/national\/la-destitution-de-nejib-maaoui-est-elle-suffisante-pour-faire-oublier-la-fuite-de-saida-agrebi\/172642\/#breadcrumb","itemListElement":[{"@type":"ListItem","position":1,"name":"Accueil","item":"https:\/\/www.webdo.tn\/fr\/"},{"@type":"ListItem","position":2,"name":"La destitution de N\u00e9jib Ma\u00e2oui est-elle suffisante pour faire oublier la \u00ab\u00a0fuite\u00a0\u00bb de Sa\u00efda Agrebi\u00a0?"}]},{"@type":"WebSite","@id":"https:\/\/www.webdo.tn\/fr\/#website","url":"https:\/\/www.webdo.tn\/fr\/","name":"webdo","description":"Tunisie - News en Tunisie et \u00e0 l&#039;international sur Webdo.tn","publisher":{"@id":"https:\/\/www.webdo.tn\/fr\/#organization"},"potentialAction":[{"@type":"SearchAction","target":{"@type":"EntryPoint","urlTemplate":"https:\/\/www.webdo.tn\/fr\/?s={search_term_string}"},"query-input":{"@type":"PropertyValueSpecification","valueRequired":true,"valueName":"search_term_string"}}],"inLanguage":"fr-FR"},{"@type":"Organization","@id":"https:\/\/www.webdo.tn\/fr\/#organization","name":"Webdo","alternateName":"Webdo.tn","url":"https:\/\/www.webdo.tn\/fr\/","logo":{"@type":"ImageObject","inLanguage":"fr-FR","@id":"https:\/\/www.webdo.tn\/fr\/#\/schema\/logo\/image\/","url":"https:\/\/www.webdo.tn\/fr\/wp-content\/uploads\/2025\/06\/Webdo-Tunisie_168377.jpg","contentUrl":"https:\/\/www.webdo.tn\/fr\/wp-content\/uploads\/2025\/06\/Webdo-Tunisie_168377.jpg","width":301,"height":301,"caption":"Webdo"},"image":{"@id":"https:\/\/www.webdo.tn\/fr\/#\/schema\/logo\/image\/"},"sameAs":["https:\/\/www.facebook.com\/webdotn","https:\/\/x.com\/webdo_tn"],"description":"Webdo est un m\u00e9dia num\u00e9rique tunisien fond\u00e9 en 2010, sp\u00e9cialis\u00e9 dans l\u2019actualit\u00e9 nationale et internationale, l\u2019\u00e9conomie, la soci\u00e9t\u00e9 et les analyses politiques. Le site s\u2019adresse \u00e0 un large public francophone et couvre l\u2019information tunisienne en temps r\u00e9el.","email":"redac@webdo.tn","legalName":"YNJ SARL","foundingDate":"2010-09-06","numberOfEmployees":{"@type":"QuantitativeValue","minValue":"11","maxValue":"50"}},{"@type":"Person","@id":"https:\/\/www.webdo.tn\/fr\/#\/schema\/person\/9a9c6118d687c117df8ef3cc36a4d175","name":"webdo.tn","image":{"@type":"ImageObject","inLanguage":"fr-FR","@id":"https:\/\/secure.gravatar.com\/avatar\/7ce1f28c0c3bbac99ff550b85ef8e44a6950c6ee24514fb6a5489e51d06f0298?s=96&d=mm&r=g","url":"https:\/\/secure.gravatar.com\/avatar\/7ce1f28c0c3bbac99ff550b85ef8e44a6950c6ee24514fb6a5489e51d06f0298?s=96&d=mm&r=g","contentUrl":"https:\/\/secure.gravatar.com\/avatar\/7ce1f28c0c3bbac99ff550b85ef8e44a6950c6ee24514fb6a5489e51d06f0298?s=96&d=mm&r=g","caption":"webdo.tn"},"url":"https:\/\/www.webdo.tn\/fr\/actualite\/author\/webdotn\/"}]}},"_links":{"self":[{"href":"https:\/\/www.webdo.tn\/fr\/wp-json\/wp\/v2\/posts\/172642","targetHints":{"allow":["GET"]}}],"collection":[{"href":"https:\/\/www.webdo.tn\/fr\/wp-json\/wp\/v2\/posts"}],"about":[{"href":"https:\/\/www.webdo.tn\/fr\/wp-json\/wp\/v2\/types\/post"}],"author":[{"embeddable":true,"href":"https:\/\/www.webdo.tn\/fr\/wp-json\/wp\/v2\/users\/3222"}],"replies":[{"embeddable":true,"href":"https:\/\/www.webdo.tn\/fr\/wp-json\/wp\/v2\/comments?post=172642"}],"version-history":[{"count":0,"href":"https:\/\/www.webdo.tn\/fr\/wp-json\/wp\/v2\/posts\/172642\/revisions"}],"wp:featuredmedia":[{"embeddable":true,"href":"https:\/\/www.webdo.tn\/fr\/wp-json\/wp\/v2\/media\/376684"}],"wp:attachment":[{"href":"https:\/\/www.webdo.tn\/fr\/wp-json\/wp\/v2\/media?parent=172642"}],"wp:term":[{"taxonomy":"category","embeddable":true,"href":"https:\/\/www.webdo.tn\/fr\/wp-json\/wp\/v2\/categories?post=172642"},{"taxonomy":"post_tag","embeddable":true,"href":"https:\/\/www.webdo.tn\/fr\/wp-json\/wp\/v2\/tags?post=172642"}],"curies":[{"name":"wp","href":"https:\/\/api.w.org\/{rel}","templated":true}]}}