{"id":172633,"date":"2011-08-13T13:55:00","date_gmt":"2011-08-13T13:55:00","guid":{"rendered":"https:\/\/www.webdo.tn\/fr\/actualite\/blog\/limmunite-de-marouen-mabrouk-fait-un-buzz\/172633\/"},"modified":"2011-08-13T13:55:00","modified_gmt":"2011-08-13T13:55:00","slug":"limmunite-de-marouen-mabrouk-fait-un-buzz","status":"publish","type":"post","link":"https:\/\/www.webdo.tn\/fr\/actualite\/national\/limmunite-de-marouen-mabrouk-fait-un-buzz\/172633\/","title":{"rendered":"\u00abL&rsquo;immunit\u00e9\u00bb de Marouen Mabrouk fait un buzz"},"content":{"rendered":"<p>Le Groupe Mabrouk g\u00e9n\u00e8re pr\u00e8s de \u00ab\u00a0900 millions d\u2019euros de chiffre d\u2019affaires par an\u00a0\u00bb. Toutefois, Marouen Mabrouk fait partie de la liste nominative des 110 proches de Ben Ali dont les biens et les avoirs doivent avoir fait l&rsquo;objet de saisie.<\/p>\n<p>Une vid\u00e9o circule actuellement sur Facebook, provoquant un buzz \u00e9norme. Dans cette vid\u00e9o (voir en bas de cette page), un avocat de la partie civile, dans l&rsquo;affaire des assurances GAT (Groupes des Assurances de Tunisie), explique sa position dans cette affaire. Pass\u00e9 en premi\u00e8re audience le 3 juin dernier, le proc\u00e8s vient d&rsquo;\u00eatre report\u00e9 par le tribunal au 24 de ce mois.<\/p>\n<p>Selon cet avocat, c&rsquo;est le Chef du Contentieux de l&rsquo;Etat qui devait formuler des poursuites judiciaires contre Mabrouk. Or puisqu&rsquo;il ne l&rsquo;a pas fait, ce sont les autres actionnaires du GAT qui s&rsquo;en sont charg\u00e9s.<\/p>\n<p>Le Chef du Contentieux de l&rsquo;Etat n&rsquo;a pas assist\u00e9 aux trois premi\u00e8res audiences de l&rsquo;affaire, avant d&rsquo;appuyer les avocats de la partie civile (contre Marouen Mabrouk) pour le gel des parts de celui-ci et de Cyrine Ben Ali au sein du GAT.<\/p>\n","protected":false},"excerpt":{"rendered":"<p>\u00abL&rsquo;immunit\u00e9\u00bb de Marouen Mabrouk fait un buzz <\/p>\n","protected":false},"author":3222,"featured_media":365183,"comment_status":"open","ping_status":"closed","sticky":false,"template":"","format":"standard","meta":{"footnotes":""},"categories":[44],"tags":[],"class_list":["post-172633","post","type-post","status-publish","format-standard","has-post-thumbnail","hentry","category-national"],"yoast_head":"<!-- This site is optimized with the Yoast SEO Premium plugin v27.4 (Yoast SEO v27.5) - https:\/\/yoast.com\/product\/yoast-seo-premium-wordpress\/ -->\n<title>\u00abL&#039;immunit\u00e9\u00bb de Marouen Mabrouk fait un buzz<\/title>\n<meta name=\"description\" content=\"\u00abL&#039;immunit\u00e9\u00bb de Marouen Mabrouk fait un buzz\" \/>\n<link rel=\"canonical\" href=\"https:\/\/www.webdo.tn\/fr\/actualite\/national\/limmunite-de-marouen-mabrouk-fait-un-buzz\/172633\/\" \/>\n<meta property=\"og:locale\" content=\"fr_FR\" \/>\n<meta property=\"og:type\" content=\"article\" \/>\n<meta property=\"og:title\" content=\"\u00abL&#039;immunit\u00e9\u00bb de Marouen Mabrouk fait un buzz\" \/>\n<meta property=\"og:description\" content=\"\u00abL&#039;immunit\u00e9\u00bb de Marouen Mabrouk fait un buzz\" \/>\n<meta property=\"og:url\" content=\"https:\/\/www.webdo.tn\/fr\/actualite\/national\/limmunite-de-marouen-mabrouk-fait-un-buzz\/172633\/\" \/>\n<meta property=\"og:site_name\" content=\"webdo\" \/>\n<meta property=\"article:publisher\" content=\"https:\/\/www.facebook.com\/webdotn\" \/>\n<meta property=\"article:published_time\" content=\"2011-08-13T13:55:00+00:00\" \/>\n<meta property=\"og:image\" content=\"https:\/\/www.webdo.tn\/fr\/wp-content\/uploads\/2011\/08\/marouen-mabrouk-0201.jpg\" \/>\n\t<meta property=\"og:image:width\" content=\"200\" \/>\n\t<meta property=\"og:image:height\" content=\"267\" \/>\n\t<meta property=\"og:image:type\" content=\"image\/jpeg\" \/>\n<meta name=\"author\" content=\"webdo.tn\" \/>\n<meta name=\"twitter:card\" content=\"summary_large_image\" \/>\n<meta name=\"twitter:creator\" content=\"@webdo_tn\" \/>\n<meta name=\"twitter:site\" content=\"@webdo_tn\" \/>\n<meta name=\"twitter:label1\" content=\"\u00c9crit par\" \/>\n\t<meta name=\"twitter:data1\" content=\"webdo.tn\" \/>\n\t<meta name=\"twitter:label2\" content=\"Dur\u00e9e de lecture estim\u00e9e\" \/>\n\t<meta name=\"twitter:data2\" content=\"1 minute\" \/>\n<script type=\"application\/ld+json\" class=\"yoast-schema-graph\">{\"@context\":\"https:\\\/\\\/schema.org\",\"@graph\":[{\"@type\":\"NewsArticle\",\"@id\":\"https:\\\/\\\/www.webdo.tn\\\/fr\\\/actualite\\\/national\\\/limmunite-de-marouen-mabrouk-fait-un-buzz\\\/172633\\\/#article\",\"isPartOf\":{\"@id\":\"https:\\\/\\\/www.webdo.tn\\\/fr\\\/actualite\\\/national\\\/limmunite-de-marouen-mabrouk-fait-un-buzz\\\/172633\\\/\"},\"author\":{\"name\":\"webdo.tn\",\"@id\":\"https:\\\/\\\/www.webdo.tn\\\/fr\\\/#\\\/schema\\\/person\\\/9a9c6118d687c117df8ef3cc36a4d175\"},\"headline\":\"\u00abL&rsquo;immunit\u00e9\u00bb de Marouen Mabrouk fait un buzz\",\"datePublished\":\"2011-08-13T13:55:00+00:00\",\"mainEntityOfPage\":{\"@id\":\"https:\\\/\\\/www.webdo.tn\\\/fr\\\/actualite\\\/national\\\/limmunite-de-marouen-mabrouk-fait-un-buzz\\\/172633\\\/\"},\"wordCount\":207,\"commentCount\":0,\"publisher\":{\"@id\":\"https:\\\/\\\/www.webdo.tn\\\/fr\\\/#organization\"},\"image\":{\"@id\":\"https:\\\/\\\/www.webdo.tn\\\/fr\\\/actualite\\\/national\\\/limmunite-de-marouen-mabrouk-fait-un-buzz\\\/172633\\\/#primaryimage\"},\"thumbnailUrl\":\"https:\\\/\\\/www.webdo.tn\\\/fr\\\/wp-content\\\/uploads\\\/2011\\\/08\\\/marouen-mabrouk-0201.jpg\",\"articleSection\":[\"National\"],\"inLanguage\":\"fr-FR\"},{\"@type\":\"WebPage\",\"@id\":\"https:\\\/\\\/www.webdo.tn\\\/fr\\\/actualite\\\/national\\\/limmunite-de-marouen-mabrouk-fait-un-buzz\\\/172633\\\/\",\"url\":\"https:\\\/\\\/www.webdo.tn\\\/fr\\\/actualite\\\/national\\\/limmunite-de-marouen-mabrouk-fait-un-buzz\\\/172633\\\/\",\"name\":\"\u00abL'immunit\u00e9\u00bb de Marouen Mabrouk fait un buzz\",\"isPartOf\":{\"@id\":\"https:\\\/\\\/www.webdo.tn\\\/fr\\\/#website\"},\"primaryImageOfPage\":{\"@id\":\"https:\\\/\\\/www.webdo.tn\\\/fr\\\/actualite\\\/national\\\/limmunite-de-marouen-mabrouk-fait-un-buzz\\\/172633\\\/#primaryimage\"},\"image\":{\"@id\":\"https:\\\/\\\/www.webdo.tn\\\/fr\\\/actualite\\\/national\\\/limmunite-de-marouen-mabrouk-fait-un-buzz\\\/172633\\\/#primaryimage\"},\"thumbnailUrl\":\"https:\\\/\\\/www.webdo.tn\\\/fr\\\/wp-content\\\/uploads\\\/2011\\\/08\\\/marouen-mabrouk-0201.jpg\",\"datePublished\":\"2011-08-13T13:55:00+00:00\",\"description\":\"\u00abL'immunit\u00e9\u00bb de Marouen Mabrouk fait un buzz\",\"breadcrumb\":{\"@id\":\"https:\\\/\\\/www.webdo.tn\\\/fr\\\/actualite\\\/national\\\/limmunite-de-marouen-mabrouk-fait-un-buzz\\\/172633\\\/#breadcrumb\"},\"inLanguage\":\"fr-FR\",\"potentialAction\":[{\"@type\":\"ReadAction\",\"target\":[\"https:\\\/\\\/www.webdo.tn\\\/fr\\\/actualite\\\/national\\\/limmunite-de-marouen-mabrouk-fait-un-buzz\\\/172633\\\/\"]}]},{\"@type\":\"ImageObject\",\"inLanguage\":\"fr-FR\",\"@id\":\"https:\\\/\\\/www.webdo.tn\\\/fr\\\/actualite\\\/national\\\/limmunite-de-marouen-mabrouk-fait-un-buzz\\\/172633\\\/#primaryimage\",\"url\":\"https:\\\/\\\/www.webdo.tn\\\/fr\\\/wp-content\\\/uploads\\\/2011\\\/08\\\/marouen-mabrouk-0201.jpg\",\"contentUrl\":\"https:\\\/\\\/www.webdo.tn\\\/fr\\\/wp-content\\\/uploads\\\/2011\\\/08\\\/marouen-mabrouk-0201.jpg\",\"width\":200,\"height\":267,\"caption\":\"\u00abL'immunit\u00e9\u00bb de Marouen Mabrouk fait un buzz\"},{\"@type\":\"BreadcrumbList\",\"@id\":\"https:\\\/\\\/www.webdo.tn\\\/fr\\\/actualite\\\/national\\\/limmunite-de-marouen-mabrouk-fait-un-buzz\\\/172633\\\/#breadcrumb\",\"itemListElement\":[{\"@type\":\"ListItem\",\"position\":1,\"name\":\"Accueil\",\"item\":\"https:\\\/\\\/www.webdo.tn\\\/fr\\\/\"},{\"@type\":\"ListItem\",\"position\":2,\"name\":\"\u00abL&rsquo;immunit\u00e9\u00bb de Marouen Mabrouk fait un buzz\"}]},{\"@type\":\"WebSite\",\"@id\":\"https:\\\/\\\/www.webdo.tn\\\/fr\\\/#website\",\"url\":\"https:\\\/\\\/www.webdo.tn\\\/fr\\\/\",\"name\":\"webdo\",\"description\":\"Tunisie - News en Tunisie et \u00e0 l&#039;international sur Webdo.tn\",\"publisher\":{\"@id\":\"https:\\\/\\\/www.webdo.tn\\\/fr\\\/#organization\"},\"potentialAction\":[{\"@type\":\"SearchAction\",\"target\":{\"@type\":\"EntryPoint\",\"urlTemplate\":\"https:\\\/\\\/www.webdo.tn\\\/fr\\\/?s={search_term_string}\"},\"query-input\":{\"@type\":\"PropertyValueSpecification\",\"valueRequired\":true,\"valueName\":\"search_term_string\"}}],\"inLanguage\":\"fr-FR\"},{\"@type\":\"Organization\",\"@id\":\"https:\\\/\\\/www.webdo.tn\\\/fr\\\/#organization\",\"name\":\"Webdo\",\"alternateName\":\"Webdo.tn\",\"url\":\"https:\\\/\\\/www.webdo.tn\\\/fr\\\/\",\"logo\":{\"@type\":\"ImageObject\",\"inLanguage\":\"fr-FR\",\"@id\":\"https:\\\/\\\/www.webdo.tn\\\/fr\\\/#\\\/schema\\\/logo\\\/image\\\/\",\"url\":\"https:\\\/\\\/www.webdo.tn\\\/fr\\\/wp-content\\\/uploads\\\/2025\\\/06\\\/Webdo-Tunisie_168377.jpg\",\"contentUrl\":\"https:\\\/\\\/www.webdo.tn\\\/fr\\\/wp-content\\\/uploads\\\/2025\\\/06\\\/Webdo-Tunisie_168377.jpg\",\"width\":301,\"height\":301,\"caption\":\"Webdo\"},\"image\":{\"@id\":\"https:\\\/\\\/www.webdo.tn\\\/fr\\\/#\\\/schema\\\/logo\\\/image\\\/\"},\"sameAs\":[\"https:\\\/\\\/www.facebook.com\\\/webdotn\",\"https:\\\/\\\/x.com\\\/webdo_tn\"],\"description\":\"Webdo est un m\u00e9dia num\u00e9rique tunisien fond\u00e9 en 2010, sp\u00e9cialis\u00e9 dans l\u2019actualit\u00e9 nationale et internationale, l\u2019\u00e9conomie, la soci\u00e9t\u00e9 et les analyses politiques. Le site s\u2019adresse \u00e0 un large public francophone et couvre l\u2019information tunisienne en temps r\u00e9el.\",\"email\":\"redac@webdo.tn\",\"legalName\":\"YNJ SARL\",\"foundingDate\":\"2010-09-06\",\"numberOfEmployees\":{\"@type\":\"QuantitativeValue\",\"minValue\":\"11\",\"maxValue\":\"50\"}},{\"@type\":\"Person\",\"@id\":\"https:\\\/\\\/www.webdo.tn\\\/fr\\\/#\\\/schema\\\/person\\\/9a9c6118d687c117df8ef3cc36a4d175\",\"name\":\"webdo.tn\",\"image\":{\"@type\":\"ImageObject\",\"inLanguage\":\"fr-FR\",\"@id\":\"https:\\\/\\\/secure.gravatar.com\\\/avatar\\\/7ce1f28c0c3bbac99ff550b85ef8e44a6950c6ee24514fb6a5489e51d06f0298?s=96&d=mm&r=g\",\"url\":\"https:\\\/\\\/secure.gravatar.com\\\/avatar\\\/7ce1f28c0c3bbac99ff550b85ef8e44a6950c6ee24514fb6a5489e51d06f0298?s=96&d=mm&r=g\",\"contentUrl\":\"https:\\\/\\\/secure.gravatar.com\\\/avatar\\\/7ce1f28c0c3bbac99ff550b85ef8e44a6950c6ee24514fb6a5489e51d06f0298?s=96&d=mm&r=g\",\"caption\":\"webdo.tn\"},\"url\":\"https:\\\/\\\/www.webdo.tn\\\/fr\\\/actualite\\\/author\\\/webdotn\\\/\"}]}<\/script>\n<!-- \/ Yoast SEO Premium plugin. -->","yoast_head_json":{"title":"\u00abL'immunit\u00e9\u00bb de Marouen Mabrouk fait un buzz","description":"\u00abL'immunit\u00e9\u00bb de Marouen Mabrouk fait un buzz","canonical":"https:\/\/www.webdo.tn\/fr\/actualite\/national\/limmunite-de-marouen-mabrouk-fait-un-buzz\/172633\/","og_locale":"fr_FR","og_type":"article","og_title":"\u00abL'immunit\u00e9\u00bb de Marouen Mabrouk fait un buzz","og_description":"\u00abL'immunit\u00e9\u00bb de Marouen Mabrouk fait un buzz","og_url":"https:\/\/www.webdo.tn\/fr\/actualite\/national\/limmunite-de-marouen-mabrouk-fait-un-buzz\/172633\/","og_site_name":"webdo","article_publisher":"https:\/\/www.facebook.com\/webdotn","article_published_time":"2011-08-13T13:55:00+00:00","og_image":[{"width":200,"height":267,"url":"https:\/\/www.webdo.tn\/fr\/wp-content\/uploads\/2011\/08\/marouen-mabrouk-0201.jpg","type":"image\/jpeg"}],"author":"webdo.tn","twitter_card":"summary_large_image","twitter_creator":"@webdo_tn","twitter_site":"@webdo_tn","twitter_misc":{"\u00c9crit par":"webdo.tn","Dur\u00e9e de lecture estim\u00e9e":"1 minute"},"schema":{"@context":"https:\/\/schema.org","@graph":[{"@type":"NewsArticle","@id":"https:\/\/www.webdo.tn\/fr\/actualite\/national\/limmunite-de-marouen-mabrouk-fait-un-buzz\/172633\/#article","isPartOf":{"@id":"https:\/\/www.webdo.tn\/fr\/actualite\/national\/limmunite-de-marouen-mabrouk-fait-un-buzz\/172633\/"},"author":{"name":"webdo.tn","@id":"https:\/\/www.webdo.tn\/fr\/#\/schema\/person\/9a9c6118d687c117df8ef3cc36a4d175"},"headline":"\u00abL&rsquo;immunit\u00e9\u00bb de Marouen Mabrouk fait un buzz","datePublished":"2011-08-13T13:55:00+00:00","mainEntityOfPage":{"@id":"https:\/\/www.webdo.tn\/fr\/actualite\/national\/limmunite-de-marouen-mabrouk-fait-un-buzz\/172633\/"},"wordCount":207,"commentCount":0,"publisher":{"@id":"https:\/\/www.webdo.tn\/fr\/#organization"},"image":{"@id":"https:\/\/www.webdo.tn\/fr\/actualite\/national\/limmunite-de-marouen-mabrouk-fait-un-buzz\/172633\/#primaryimage"},"thumbnailUrl":"https:\/\/www.webdo.tn\/fr\/wp-content\/uploads\/2011\/08\/marouen-mabrouk-0201.jpg","articleSection":["National"],"inLanguage":"fr-FR"},{"@type":"WebPage","@id":"https:\/\/www.webdo.tn\/fr\/actualite\/national\/limmunite-de-marouen-mabrouk-fait-un-buzz\/172633\/","url":"https:\/\/www.webdo.tn\/fr\/actualite\/national\/limmunite-de-marouen-mabrouk-fait-un-buzz\/172633\/","name":"\u00abL'immunit\u00e9\u00bb de Marouen Mabrouk fait un buzz","isPartOf":{"@id":"https:\/\/www.webdo.tn\/fr\/#website"},"primaryImageOfPage":{"@id":"https:\/\/www.webdo.tn\/fr\/actualite\/national\/limmunite-de-marouen-mabrouk-fait-un-buzz\/172633\/#primaryimage"},"image":{"@id":"https:\/\/www.webdo.tn\/fr\/actualite\/national\/limmunite-de-marouen-mabrouk-fait-un-buzz\/172633\/#primaryimage"},"thumbnailUrl":"https:\/\/www.webdo.tn\/fr\/wp-content\/uploads\/2011\/08\/marouen-mabrouk-0201.jpg","datePublished":"2011-08-13T13:55:00+00:00","description":"\u00abL'immunit\u00e9\u00bb de Marouen Mabrouk fait un buzz","breadcrumb":{"@id":"https:\/\/www.webdo.tn\/fr\/actualite\/national\/limmunite-de-marouen-mabrouk-fait-un-buzz\/172633\/#breadcrumb"},"inLanguage":"fr-FR","potentialAction":[{"@type":"ReadAction","target":["https:\/\/www.webdo.tn\/fr\/actualite\/national\/limmunite-de-marouen-mabrouk-fait-un-buzz\/172633\/"]}]},{"@type":"ImageObject","inLanguage":"fr-FR","@id":"https:\/\/www.webdo.tn\/fr\/actualite\/national\/limmunite-de-marouen-mabrouk-fait-un-buzz\/172633\/#primaryimage","url":"https:\/\/www.webdo.tn\/fr\/wp-content\/uploads\/2011\/08\/marouen-mabrouk-0201.jpg","contentUrl":"https:\/\/www.webdo.tn\/fr\/wp-content\/uploads\/2011\/08\/marouen-mabrouk-0201.jpg","width":200,"height":267,"caption":"\u00abL'immunit\u00e9\u00bb de Marouen Mabrouk fait un buzz"},{"@type":"BreadcrumbList","@id":"https:\/\/www.webdo.tn\/fr\/actualite\/national\/limmunite-de-marouen-mabrouk-fait-un-buzz\/172633\/#breadcrumb","itemListElement":[{"@type":"ListItem","position":1,"name":"Accueil","item":"https:\/\/www.webdo.tn\/fr\/"},{"@type":"ListItem","position":2,"name":"\u00abL&rsquo;immunit\u00e9\u00bb de Marouen Mabrouk fait un buzz"}]},{"@type":"WebSite","@id":"https:\/\/www.webdo.tn\/fr\/#website","url":"https:\/\/www.webdo.tn\/fr\/","name":"webdo","description":"Tunisie - News en Tunisie et \u00e0 l&#039;international sur Webdo.tn","publisher":{"@id":"https:\/\/www.webdo.tn\/fr\/#organization"},"potentialAction":[{"@type":"SearchAction","target":{"@type":"EntryPoint","urlTemplate":"https:\/\/www.webdo.tn\/fr\/?s={search_term_string}"},"query-input":{"@type":"PropertyValueSpecification","valueRequired":true,"valueName":"search_term_string"}}],"inLanguage":"fr-FR"},{"@type":"Organization","@id":"https:\/\/www.webdo.tn\/fr\/#organization","name":"Webdo","alternateName":"Webdo.tn","url":"https:\/\/www.webdo.tn\/fr\/","logo":{"@type":"ImageObject","inLanguage":"fr-FR","@id":"https:\/\/www.webdo.tn\/fr\/#\/schema\/logo\/image\/","url":"https:\/\/www.webdo.tn\/fr\/wp-content\/uploads\/2025\/06\/Webdo-Tunisie_168377.jpg","contentUrl":"https:\/\/www.webdo.tn\/fr\/wp-content\/uploads\/2025\/06\/Webdo-Tunisie_168377.jpg","width":301,"height":301,"caption":"Webdo"},"image":{"@id":"https:\/\/www.webdo.tn\/fr\/#\/schema\/logo\/image\/"},"sameAs":["https:\/\/www.facebook.com\/webdotn","https:\/\/x.com\/webdo_tn"],"description":"Webdo est un m\u00e9dia num\u00e9rique tunisien fond\u00e9 en 2010, sp\u00e9cialis\u00e9 dans l\u2019actualit\u00e9 nationale et internationale, l\u2019\u00e9conomie, la soci\u00e9t\u00e9 et les analyses politiques. Le site s\u2019adresse \u00e0 un large public francophone et couvre l\u2019information tunisienne en temps r\u00e9el.","email":"redac@webdo.tn","legalName":"YNJ SARL","foundingDate":"2010-09-06","numberOfEmployees":{"@type":"QuantitativeValue","minValue":"11","maxValue":"50"}},{"@type":"Person","@id":"https:\/\/www.webdo.tn\/fr\/#\/schema\/person\/9a9c6118d687c117df8ef3cc36a4d175","name":"webdo.tn","image":{"@type":"ImageObject","inLanguage":"fr-FR","@id":"https:\/\/secure.gravatar.com\/avatar\/7ce1f28c0c3bbac99ff550b85ef8e44a6950c6ee24514fb6a5489e51d06f0298?s=96&d=mm&r=g","url":"https:\/\/secure.gravatar.com\/avatar\/7ce1f28c0c3bbac99ff550b85ef8e44a6950c6ee24514fb6a5489e51d06f0298?s=96&d=mm&r=g","contentUrl":"https:\/\/secure.gravatar.com\/avatar\/7ce1f28c0c3bbac99ff550b85ef8e44a6950c6ee24514fb6a5489e51d06f0298?s=96&d=mm&r=g","caption":"webdo.tn"},"url":"https:\/\/www.webdo.tn\/fr\/actualite\/author\/webdotn\/"}]}},"_links":{"self":[{"href":"https:\/\/www.webdo.tn\/fr\/wp-json\/wp\/v2\/posts\/172633","targetHints":{"allow":["GET"]}}],"collection":[{"href":"https:\/\/www.webdo.tn\/fr\/wp-json\/wp\/v2\/posts"}],"about":[{"href":"https:\/\/www.webdo.tn\/fr\/wp-json\/wp\/v2\/types\/post"}],"author":[{"embeddable":true,"href":"https:\/\/www.webdo.tn\/fr\/wp-json\/wp\/v2\/users\/3222"}],"replies":[{"embeddable":true,"href":"https:\/\/www.webdo.tn\/fr\/wp-json\/wp\/v2\/comments?post=172633"}],"version-history":[{"count":0,"href":"https:\/\/www.webdo.tn\/fr\/wp-json\/wp\/v2\/posts\/172633\/revisions"}],"wp:featuredmedia":[{"embeddable":true,"href":"https:\/\/www.webdo.tn\/fr\/wp-json\/wp\/v2\/media\/365183"}],"wp:attachment":[{"href":"https:\/\/www.webdo.tn\/fr\/wp-json\/wp\/v2\/media?parent=172633"}],"wp:term":[{"taxonomy":"category","embeddable":true,"href":"https:\/\/www.webdo.tn\/fr\/wp-json\/wp\/v2\/categories?post=172633"},{"taxonomy":"post_tag","embeddable":true,"href":"https:\/\/www.webdo.tn\/fr\/wp-json\/wp\/v2\/tags?post=172633"}],"curies":[{"name":"wp","href":"https:\/\/api.w.org\/{rel}","templated":true}]}}