{"id":172627,"date":"2011-08-16T22:18:00","date_gmt":"2011-08-16T22:18:00","guid":{"rendered":"https:\/\/www.webdo.tn\/fr\/actualite\/blog\/la-baie-des-anges-139e-affaire-contre-ben-ali-mais-aussi-belhassen-trabelsi-ses-associes-et-la-bh\/172627\/"},"modified":"2011-08-16T22:18:00","modified_gmt":"2011-08-16T22:18:00","slug":"la-baie-des-anges-139e-affaire-contre-ben-ali-mais-aussi-belhassen-trabelsi-ses-associes-et-la-bh","status":"publish","type":"post","link":"https:\/\/www.webdo.tn\/fr\/actualite\/national\/la-baie-des-anges-139e-affaire-contre-ben-ali-mais-aussi-belhassen-trabelsi-ses-associes-et-la-bh\/172627\/","title":{"rendered":"La Baie des Anges: 139e affaire contre Ben Ali, mais aussi Belhassen Trabelsi, ses associ\u00e9s, et la BH"},"content":{"rendered":"<p>Il n\u2019est plus de secret pour personne que les deux familles mafieuses, les Ben Ali et les Trabelsi, ont carr\u00e9ment \u00abpomp\u00e9\u00bb un argent fou dans les caisses de presque toutes les banques du pays. Des soi-disant \u00abpr\u00eats\u00bb, sans aucune garantie, \u00e9valu\u00e9s \u00e0 quelque 300 milliards et qui ne seront jamais rembours\u00e9s\u2026<\/p>\n<p>Et, d\u2019apr\u00e8s les chiffres avanc\u00e9s dans cette affaire, c\u2019est la Banque de l\u2019Habitat (BH, encore elle !) qui a \u00e9t\u00e9 la plus \u00abg\u00e9n\u00e9reuse\u00bb pour les Trabelsi en leur octroyant, surtout, pas moins de 215 milliards sur ces 300 \u00abofferts\u00bb.<\/p>\n<p>Ainsi, \u00e0 l&rsquo;ensemble des affaires en justice impliquant Zine Abidine Ben Ali, sa famille et ses proches qui a atteint les 138 affaires, une autre s&rsquo;ajoute au compteur pour atteindre le nombre 139.<\/p>\n<p>En effet, Ma\u00eetre Samir Ben Amor nous a fait savoir qu&rsquo;il venait d\u2019intenter un proc\u00e8s contre le pr\u00e9sident d\u00e9chu et son gendre, Belhassen Trabelsi, ainsi que contre l&rsquo;ancien PDG de la BH et tous ceux dont l&rsquo;enqu\u00eate d\u00e9montrera la responsabilit\u00e9, et ce, pour malversations, abus de pouvoir et autre d\u00e9lit en rapport. Dans ce qui suit, le r\u00e9sum\u00e9 de la plainte de cet avocat.<\/p>\n<p>A l\u2019origine de ce \u00abd\u00e9luge financier\u00bb, donc, un tout nouveau PDG \u00e0 la t\u00eate de cette banque, Abou Hafs Omar Naji, qui n\u2019a pas h\u00e9sit\u00e9, d\u00e8s sa nomination le 8 octobre 2003, \u00e0 satisfaire la voracit\u00e9 de cette bande. Son pr\u00e9d\u00e9cesseur, Issa Hidoussi, a \u00e9t\u00e9 d\u00e9mis de ses fonctions, et c\u2019est tout \u00e0 son honneur, pour avoir refus\u00e9 cette op\u00e9ration de pr\u00eat.<\/p>\n<p>Donc vingt jours apr\u00e8s sa nomination, Naji d\u00e9cida, seul, d\u2019octroyer un pr\u00eat de 3 milliards 395 millions \u00e0 la soci\u00e9t\u00e9 Alpha International, propri\u00e9t\u00e9 du \u00ab\u00a0pauvre\u00a0\u00bb citoyen Belhassen Trabelsi.<\/p>\n<p>Une op\u00e9ration faite sans aucun respect des lois en vigueur, autrement sans passer par la commission d\u2019octroi des pr\u00eats et autres garanties obligatoires.<\/p>\n<p>Un pr\u00eat, qui plus est, destin\u00e9 pour l\u2019achat d\u2019un terrain agricole situ\u00e9 \u00e0 Sousse (connu plus tard sous l\u2019appellation de la \u00abBaie des Anges\u00bb ou plut\u00f4t la Baie des \u00ab\u00a0Singes\u00a0\u00bb !), pour une soci\u00e9t\u00e9 de\u2026 vente de voitures dont les associ\u00e9s ne sont autres que ledit Belhassen Trabelsi, Mohamed Touil et Hakim Hmila ! Alors que le statut de la BH interdit ce genre de pr\u00eat, sachant qu\u2019il n\u2019est permis qu\u2019aux soci\u00e9t\u00e9s immobili\u00e8res de jouir de ces financements.<\/p>\n<p>Cette op\u00e9ration termin\u00e9e, le pr\u00e9sident d\u00e9chu se chargea de promulguer un arr\u00eat\u00e9 dat\u00e9 du 13 avril 2004, sous le num\u00e9ro 953, changeant le statut de ce terrain d\u2019agricole en terrain constructible, permettant aux acqu\u00e9reurs d\u2019avoir, en un d\u00e9lai record de trois mois, leurs autorisations de b\u00e2tir.<\/p>\n<p>Belhassen Trabelsi et son associ\u00e9 Mohamed Touil ont vendu ce terrain pour 42 milliards \u00e0 une entreprise immobili\u00e8re qui appartient \u00e0 leurs autre associ\u00e9 Hakim Hmila. Ce dernier aurait obtenu des cr\u00e9dits bancaires \u00e9galement de la BH pour financer cet achat.<\/p>\n<p>Et comme \u00abr\u00e9compense\u00bb pour le pr\u00e9sident d\u00e9chu, ils lui offrirent un lot d\u2019un hectare de la \u00abBaie des Anges\u00bb en cadeau pour le petit Mohamed Zine El Abidine.<\/p>\n<p>Cette h\u00e9morragie ne s\u2019arr\u00eata pas l\u00e0, car toute la famille Trabelsi en profita. Et selon la commission de contr\u00f4le des pr\u00eats de la BH (cepandant d&rsquo;autres banques, comme la STB, seraient \u00e9galement concern\u00e9es), chacun des Trabelsi eut sa part du g\u00e2teau :<br \/>\nBelhassen (+ de 60 milliards), Imed (46 milliards), Jalila (5,5 milliards), Samira (1,3 milliards), etc.<\/p>\n","protected":false},"excerpt":{"rendered":"<p>La Baie des Anges: 139e affaire contre Ben Ali, mais aussi Belhassen Trabelsi, ses associ\u00e9s, et la BH<\/p>\n","protected":false},"author":3222,"featured_media":376539,"comment_status":"open","ping_status":"closed","sticky":false,"template":"","format":"standard","meta":{"footnotes":""},"categories":[44],"tags":[],"class_list":["post-172627","post","type-post","status-publish","format-standard","has-post-thumbnail","hentry","category-national"],"yoast_head":"<!-- This site is optimized with the Yoast SEO Premium plugin v27.4 (Yoast SEO v27.5) - https:\/\/yoast.com\/product\/yoast-seo-premium-wordpress\/ -->\n<title>La Baie des Anges: 139e affaire contre Ben Ali, mais aussi Belhassen Trabelsi, ses associ\u00e9s, et la BH<\/title>\n<meta name=\"description\" content=\"La Baie des Anges: 139e affaire contre Ben Ali, mais aussi Belhassen Trabelsi, ses associ\u00e9s, et la BH\" \/>\n<link rel=\"canonical\" href=\"https:\/\/www.webdo.tn\/fr\/actualite\/national\/la-baie-des-anges-139e-affaire-contre-ben-ali-mais-aussi-belhassen-trabelsi-ses-associes-et-la-bh\/172627\/\" \/>\n<meta property=\"og:locale\" content=\"fr_FR\" \/>\n<meta property=\"og:type\" content=\"article\" \/>\n<meta property=\"og:title\" content=\"La Baie des Anges: 139e affaire contre Ben Ali, mais aussi Belhassen Trabelsi, ses associ\u00e9s, et la BH\" \/>\n<meta property=\"og:description\" content=\"La Baie des Anges: 139e affaire contre Ben Ali, mais aussi Belhassen Trabelsi, ses associ\u00e9s, et la BH\" \/>\n<meta property=\"og:url\" content=\"https:\/\/www.webdo.tn\/fr\/actualite\/national\/la-baie-des-anges-139e-affaire-contre-ben-ali-mais-aussi-belhassen-trabelsi-ses-associes-et-la-bh\/172627\/\" \/>\n<meta property=\"og:site_name\" content=\"webdo\" \/>\n<meta property=\"article:publisher\" content=\"https:\/\/www.facebook.com\/webdotn\" \/>\n<meta property=\"article:published_time\" content=\"2011-08-16T22:18:00+00:00\" \/>\n<meta property=\"og:image\" content=\"https:\/\/www.webdo.tn\/fr\/wp-content\/uploads\/2011\/08\/La-Baie-des-Anges-photo-kantaoui.net_.jpg\" \/>\n\t<meta property=\"og:image:width\" content=\"539\" \/>\n\t<meta property=\"og:image:height\" content=\"299\" \/>\n\t<meta property=\"og:image:type\" content=\"image\/jpeg\" \/>\n<meta name=\"author\" content=\"webdo.tn\" \/>\n<meta name=\"twitter:card\" content=\"summary_large_image\" \/>\n<meta name=\"twitter:creator\" content=\"@webdo_tn\" \/>\n<meta name=\"twitter:site\" content=\"@webdo_tn\" \/>\n<meta name=\"twitter:label1\" content=\"\u00c9crit par\" \/>\n\t<meta name=\"twitter:data1\" content=\"webdo.tn\" \/>\n\t<meta name=\"twitter:label2\" content=\"Dur\u00e9e de lecture estim\u00e9e\" \/>\n\t<meta name=\"twitter:data2\" content=\"3 minutes\" \/>\n<script type=\"application\/ld+json\" class=\"yoast-schema-graph\">{\"@context\":\"https:\\\/\\\/schema.org\",\"@graph\":[{\"@type\":\"NewsArticle\",\"@id\":\"https:\\\/\\\/www.webdo.tn\\\/fr\\\/actualite\\\/national\\\/la-baie-des-anges-139e-affaire-contre-ben-ali-mais-aussi-belhassen-trabelsi-ses-associes-et-la-bh\\\/172627\\\/#article\",\"isPartOf\":{\"@id\":\"https:\\\/\\\/www.webdo.tn\\\/fr\\\/actualite\\\/national\\\/la-baie-des-anges-139e-affaire-contre-ben-ali-mais-aussi-belhassen-trabelsi-ses-associes-et-la-bh\\\/172627\\\/\"},\"author\":{\"name\":\"webdo.tn\",\"@id\":\"https:\\\/\\\/www.webdo.tn\\\/fr\\\/#\\\/schema\\\/person\\\/9a9c6118d687c117df8ef3cc36a4d175\"},\"headline\":\"La Baie des Anges: 139e affaire contre Ben Ali, mais aussi Belhassen Trabelsi, ses associ\u00e9s, et la BH\",\"datePublished\":\"2011-08-16T22:18:00+00:00\",\"mainEntityOfPage\":{\"@id\":\"https:\\\/\\\/www.webdo.tn\\\/fr\\\/actualite\\\/national\\\/la-baie-des-anges-139e-affaire-contre-ben-ali-mais-aussi-belhassen-trabelsi-ses-associes-et-la-bh\\\/172627\\\/\"},\"wordCount\":624,\"commentCount\":0,\"publisher\":{\"@id\":\"https:\\\/\\\/www.webdo.tn\\\/fr\\\/#organization\"},\"image\":{\"@id\":\"https:\\\/\\\/www.webdo.tn\\\/fr\\\/actualite\\\/national\\\/la-baie-des-anges-139e-affaire-contre-ben-ali-mais-aussi-belhassen-trabelsi-ses-associes-et-la-bh\\\/172627\\\/#primaryimage\"},\"thumbnailUrl\":\"https:\\\/\\\/www.webdo.tn\\\/fr\\\/wp-content\\\/uploads\\\/2011\\\/08\\\/La-Baie-des-Anges-photo-kantaoui.net_.jpg\",\"articleSection\":[\"National\"],\"inLanguage\":\"fr-FR\"},{\"@type\":\"WebPage\",\"@id\":\"https:\\\/\\\/www.webdo.tn\\\/fr\\\/actualite\\\/national\\\/la-baie-des-anges-139e-affaire-contre-ben-ali-mais-aussi-belhassen-trabelsi-ses-associes-et-la-bh\\\/172627\\\/\",\"url\":\"https:\\\/\\\/www.webdo.tn\\\/fr\\\/actualite\\\/national\\\/la-baie-des-anges-139e-affaire-contre-ben-ali-mais-aussi-belhassen-trabelsi-ses-associes-et-la-bh\\\/172627\\\/\",\"name\":\"La Baie des Anges: 139e affaire contre Ben Ali, mais aussi Belhassen Trabelsi, ses associ\u00e9s, et la BH\",\"isPartOf\":{\"@id\":\"https:\\\/\\\/www.webdo.tn\\\/fr\\\/#website\"},\"primaryImageOfPage\":{\"@id\":\"https:\\\/\\\/www.webdo.tn\\\/fr\\\/actualite\\\/national\\\/la-baie-des-anges-139e-affaire-contre-ben-ali-mais-aussi-belhassen-trabelsi-ses-associes-et-la-bh\\\/172627\\\/#primaryimage\"},\"image\":{\"@id\":\"https:\\\/\\\/www.webdo.tn\\\/fr\\\/actualite\\\/national\\\/la-baie-des-anges-139e-affaire-contre-ben-ali-mais-aussi-belhassen-trabelsi-ses-associes-et-la-bh\\\/172627\\\/#primaryimage\"},\"thumbnailUrl\":\"https:\\\/\\\/www.webdo.tn\\\/fr\\\/wp-content\\\/uploads\\\/2011\\\/08\\\/La-Baie-des-Anges-photo-kantaoui.net_.jpg\",\"datePublished\":\"2011-08-16T22:18:00+00:00\",\"description\":\"La Baie des Anges: 139e affaire contre Ben Ali, mais aussi Belhassen Trabelsi, ses associ\u00e9s, et la BH\",\"breadcrumb\":{\"@id\":\"https:\\\/\\\/www.webdo.tn\\\/fr\\\/actualite\\\/national\\\/la-baie-des-anges-139e-affaire-contre-ben-ali-mais-aussi-belhassen-trabelsi-ses-associes-et-la-bh\\\/172627\\\/#breadcrumb\"},\"inLanguage\":\"fr-FR\",\"potentialAction\":[{\"@type\":\"ReadAction\",\"target\":[\"https:\\\/\\\/www.webdo.tn\\\/fr\\\/actualite\\\/national\\\/la-baie-des-anges-139e-affaire-contre-ben-ali-mais-aussi-belhassen-trabelsi-ses-associes-et-la-bh\\\/172627\\\/\"]}]},{\"@type\":\"ImageObject\",\"inLanguage\":\"fr-FR\",\"@id\":\"https:\\\/\\\/www.webdo.tn\\\/fr\\\/actualite\\\/national\\\/la-baie-des-anges-139e-affaire-contre-ben-ali-mais-aussi-belhassen-trabelsi-ses-associes-et-la-bh\\\/172627\\\/#primaryimage\",\"url\":\"https:\\\/\\\/www.webdo.tn\\\/fr\\\/wp-content\\\/uploads\\\/2011\\\/08\\\/La-Baie-des-Anges-photo-kantaoui.net_.jpg\",\"contentUrl\":\"https:\\\/\\\/www.webdo.tn\\\/fr\\\/wp-content\\\/uploads\\\/2011\\\/08\\\/La-Baie-des-Anges-photo-kantaoui.net_.jpg\",\"width\":539,\"height\":299,\"caption\":\"La Baie des Anges: 139e affaire contre Ben Ali, mais aussi Belhassen Trabelsi, ses associ\u00e9s, et la BH\"},{\"@type\":\"BreadcrumbList\",\"@id\":\"https:\\\/\\\/www.webdo.tn\\\/fr\\\/actualite\\\/national\\\/la-baie-des-anges-139e-affaire-contre-ben-ali-mais-aussi-belhassen-trabelsi-ses-associes-et-la-bh\\\/172627\\\/#breadcrumb\",\"itemListElement\":[{\"@type\":\"ListItem\",\"position\":1,\"name\":\"Accueil\",\"item\":\"https:\\\/\\\/www.webdo.tn\\\/fr\\\/\"},{\"@type\":\"ListItem\",\"position\":2,\"name\":\"La Baie des Anges: 139e affaire contre Ben Ali, mais aussi Belhassen Trabelsi, ses associ\u00e9s, et la BH\"}]},{\"@type\":\"WebSite\",\"@id\":\"https:\\\/\\\/www.webdo.tn\\\/fr\\\/#website\",\"url\":\"https:\\\/\\\/www.webdo.tn\\\/fr\\\/\",\"name\":\"webdo\",\"description\":\"Tunisie - News en Tunisie et \u00e0 l&#039;international sur Webdo.tn\",\"publisher\":{\"@id\":\"https:\\\/\\\/www.webdo.tn\\\/fr\\\/#organization\"},\"potentialAction\":[{\"@type\":\"SearchAction\",\"target\":{\"@type\":\"EntryPoint\",\"urlTemplate\":\"https:\\\/\\\/www.webdo.tn\\\/fr\\\/?s={search_term_string}\"},\"query-input\":{\"@type\":\"PropertyValueSpecification\",\"valueRequired\":true,\"valueName\":\"search_term_string\"}}],\"inLanguage\":\"fr-FR\"},{\"@type\":\"Organization\",\"@id\":\"https:\\\/\\\/www.webdo.tn\\\/fr\\\/#organization\",\"name\":\"Webdo\",\"alternateName\":\"Webdo.tn\",\"url\":\"https:\\\/\\\/www.webdo.tn\\\/fr\\\/\",\"logo\":{\"@type\":\"ImageObject\",\"inLanguage\":\"fr-FR\",\"@id\":\"https:\\\/\\\/www.webdo.tn\\\/fr\\\/#\\\/schema\\\/logo\\\/image\\\/\",\"url\":\"https:\\\/\\\/www.webdo.tn\\\/fr\\\/wp-content\\\/uploads\\\/2025\\\/06\\\/Webdo-Tunisie_168377.jpg\",\"contentUrl\":\"https:\\\/\\\/www.webdo.tn\\\/fr\\\/wp-content\\\/uploads\\\/2025\\\/06\\\/Webdo-Tunisie_168377.jpg\",\"width\":301,\"height\":301,\"caption\":\"Webdo\"},\"image\":{\"@id\":\"https:\\\/\\\/www.webdo.tn\\\/fr\\\/#\\\/schema\\\/logo\\\/image\\\/\"},\"sameAs\":[\"https:\\\/\\\/www.facebook.com\\\/webdotn\",\"https:\\\/\\\/x.com\\\/webdo_tn\"],\"description\":\"Webdo est un m\u00e9dia num\u00e9rique tunisien fond\u00e9 en 2010, sp\u00e9cialis\u00e9 dans l\u2019actualit\u00e9 nationale et internationale, l\u2019\u00e9conomie, la soci\u00e9t\u00e9 et les analyses politiques. Le site s\u2019adresse \u00e0 un large public francophone et couvre l\u2019information tunisienne en temps r\u00e9el.\",\"email\":\"redac@webdo.tn\",\"legalName\":\"YNJ SARL\",\"foundingDate\":\"2010-09-06\",\"numberOfEmployees\":{\"@type\":\"QuantitativeValue\",\"minValue\":\"11\",\"maxValue\":\"50\"}},{\"@type\":\"Person\",\"@id\":\"https:\\\/\\\/www.webdo.tn\\\/fr\\\/#\\\/schema\\\/person\\\/9a9c6118d687c117df8ef3cc36a4d175\",\"name\":\"webdo.tn\",\"image\":{\"@type\":\"ImageObject\",\"inLanguage\":\"fr-FR\",\"@id\":\"https:\\\/\\\/secure.gravatar.com\\\/avatar\\\/7ce1f28c0c3bbac99ff550b85ef8e44a6950c6ee24514fb6a5489e51d06f0298?s=96&d=mm&r=g\",\"url\":\"https:\\\/\\\/secure.gravatar.com\\\/avatar\\\/7ce1f28c0c3bbac99ff550b85ef8e44a6950c6ee24514fb6a5489e51d06f0298?s=96&d=mm&r=g\",\"contentUrl\":\"https:\\\/\\\/secure.gravatar.com\\\/avatar\\\/7ce1f28c0c3bbac99ff550b85ef8e44a6950c6ee24514fb6a5489e51d06f0298?s=96&d=mm&r=g\",\"caption\":\"webdo.tn\"},\"url\":\"https:\\\/\\\/www.webdo.tn\\\/fr\\\/actualite\\\/author\\\/webdotn\\\/\"}]}<\/script>\n<!-- \/ Yoast SEO Premium plugin. -->","yoast_head_json":{"title":"La Baie des Anges: 139e affaire contre Ben Ali, mais aussi Belhassen Trabelsi, ses associ\u00e9s, et la BH","description":"La Baie des Anges: 139e affaire contre Ben Ali, mais aussi Belhassen Trabelsi, ses associ\u00e9s, et la BH","canonical":"https:\/\/www.webdo.tn\/fr\/actualite\/national\/la-baie-des-anges-139e-affaire-contre-ben-ali-mais-aussi-belhassen-trabelsi-ses-associes-et-la-bh\/172627\/","og_locale":"fr_FR","og_type":"article","og_title":"La Baie des Anges: 139e affaire contre Ben Ali, mais aussi Belhassen Trabelsi, ses associ\u00e9s, et la BH","og_description":"La Baie des Anges: 139e affaire contre Ben Ali, mais aussi Belhassen Trabelsi, ses associ\u00e9s, et la BH","og_url":"https:\/\/www.webdo.tn\/fr\/actualite\/national\/la-baie-des-anges-139e-affaire-contre-ben-ali-mais-aussi-belhassen-trabelsi-ses-associes-et-la-bh\/172627\/","og_site_name":"webdo","article_publisher":"https:\/\/www.facebook.com\/webdotn","article_published_time":"2011-08-16T22:18:00+00:00","og_image":[{"width":539,"height":299,"url":"https:\/\/www.webdo.tn\/fr\/wp-content\/uploads\/2011\/08\/La-Baie-des-Anges-photo-kantaoui.net_.jpg","type":"image\/jpeg"}],"author":"webdo.tn","twitter_card":"summary_large_image","twitter_creator":"@webdo_tn","twitter_site":"@webdo_tn","twitter_misc":{"\u00c9crit par":"webdo.tn","Dur\u00e9e de lecture estim\u00e9e":"3 minutes"},"schema":{"@context":"https:\/\/schema.org","@graph":[{"@type":"NewsArticle","@id":"https:\/\/www.webdo.tn\/fr\/actualite\/national\/la-baie-des-anges-139e-affaire-contre-ben-ali-mais-aussi-belhassen-trabelsi-ses-associes-et-la-bh\/172627\/#article","isPartOf":{"@id":"https:\/\/www.webdo.tn\/fr\/actualite\/national\/la-baie-des-anges-139e-affaire-contre-ben-ali-mais-aussi-belhassen-trabelsi-ses-associes-et-la-bh\/172627\/"},"author":{"name":"webdo.tn","@id":"https:\/\/www.webdo.tn\/fr\/#\/schema\/person\/9a9c6118d687c117df8ef3cc36a4d175"},"headline":"La Baie des Anges: 139e affaire contre Ben Ali, mais aussi Belhassen Trabelsi, ses associ\u00e9s, et la BH","datePublished":"2011-08-16T22:18:00+00:00","mainEntityOfPage":{"@id":"https:\/\/www.webdo.tn\/fr\/actualite\/national\/la-baie-des-anges-139e-affaire-contre-ben-ali-mais-aussi-belhassen-trabelsi-ses-associes-et-la-bh\/172627\/"},"wordCount":624,"commentCount":0,"publisher":{"@id":"https:\/\/www.webdo.tn\/fr\/#organization"},"image":{"@id":"https:\/\/www.webdo.tn\/fr\/actualite\/national\/la-baie-des-anges-139e-affaire-contre-ben-ali-mais-aussi-belhassen-trabelsi-ses-associes-et-la-bh\/172627\/#primaryimage"},"thumbnailUrl":"https:\/\/www.webdo.tn\/fr\/wp-content\/uploads\/2011\/08\/La-Baie-des-Anges-photo-kantaoui.net_.jpg","articleSection":["National"],"inLanguage":"fr-FR"},{"@type":"WebPage","@id":"https:\/\/www.webdo.tn\/fr\/actualite\/national\/la-baie-des-anges-139e-affaire-contre-ben-ali-mais-aussi-belhassen-trabelsi-ses-associes-et-la-bh\/172627\/","url":"https:\/\/www.webdo.tn\/fr\/actualite\/national\/la-baie-des-anges-139e-affaire-contre-ben-ali-mais-aussi-belhassen-trabelsi-ses-associes-et-la-bh\/172627\/","name":"La Baie des Anges: 139e affaire contre Ben Ali, mais aussi Belhassen Trabelsi, ses associ\u00e9s, et la BH","isPartOf":{"@id":"https:\/\/www.webdo.tn\/fr\/#website"},"primaryImageOfPage":{"@id":"https:\/\/www.webdo.tn\/fr\/actualite\/national\/la-baie-des-anges-139e-affaire-contre-ben-ali-mais-aussi-belhassen-trabelsi-ses-associes-et-la-bh\/172627\/#primaryimage"},"image":{"@id":"https:\/\/www.webdo.tn\/fr\/actualite\/national\/la-baie-des-anges-139e-affaire-contre-ben-ali-mais-aussi-belhassen-trabelsi-ses-associes-et-la-bh\/172627\/#primaryimage"},"thumbnailUrl":"https:\/\/www.webdo.tn\/fr\/wp-content\/uploads\/2011\/08\/La-Baie-des-Anges-photo-kantaoui.net_.jpg","datePublished":"2011-08-16T22:18:00+00:00","description":"La Baie des Anges: 139e affaire contre Ben Ali, mais aussi Belhassen Trabelsi, ses associ\u00e9s, et la BH","breadcrumb":{"@id":"https:\/\/www.webdo.tn\/fr\/actualite\/national\/la-baie-des-anges-139e-affaire-contre-ben-ali-mais-aussi-belhassen-trabelsi-ses-associes-et-la-bh\/172627\/#breadcrumb"},"inLanguage":"fr-FR","potentialAction":[{"@type":"ReadAction","target":["https:\/\/www.webdo.tn\/fr\/actualite\/national\/la-baie-des-anges-139e-affaire-contre-ben-ali-mais-aussi-belhassen-trabelsi-ses-associes-et-la-bh\/172627\/"]}]},{"@type":"ImageObject","inLanguage":"fr-FR","@id":"https:\/\/www.webdo.tn\/fr\/actualite\/national\/la-baie-des-anges-139e-affaire-contre-ben-ali-mais-aussi-belhassen-trabelsi-ses-associes-et-la-bh\/172627\/#primaryimage","url":"https:\/\/www.webdo.tn\/fr\/wp-content\/uploads\/2011\/08\/La-Baie-des-Anges-photo-kantaoui.net_.jpg","contentUrl":"https:\/\/www.webdo.tn\/fr\/wp-content\/uploads\/2011\/08\/La-Baie-des-Anges-photo-kantaoui.net_.jpg","width":539,"height":299,"caption":"La Baie des Anges: 139e affaire contre Ben Ali, mais aussi Belhassen Trabelsi, ses associ\u00e9s, et la BH"},{"@type":"BreadcrumbList","@id":"https:\/\/www.webdo.tn\/fr\/actualite\/national\/la-baie-des-anges-139e-affaire-contre-ben-ali-mais-aussi-belhassen-trabelsi-ses-associes-et-la-bh\/172627\/#breadcrumb","itemListElement":[{"@type":"ListItem","position":1,"name":"Accueil","item":"https:\/\/www.webdo.tn\/fr\/"},{"@type":"ListItem","position":2,"name":"La Baie des Anges: 139e affaire contre Ben Ali, mais aussi Belhassen Trabelsi, ses associ\u00e9s, et la BH"}]},{"@type":"WebSite","@id":"https:\/\/www.webdo.tn\/fr\/#website","url":"https:\/\/www.webdo.tn\/fr\/","name":"webdo","description":"Tunisie - News en Tunisie et \u00e0 l&#039;international sur Webdo.tn","publisher":{"@id":"https:\/\/www.webdo.tn\/fr\/#organization"},"potentialAction":[{"@type":"SearchAction","target":{"@type":"EntryPoint","urlTemplate":"https:\/\/www.webdo.tn\/fr\/?s={search_term_string}"},"query-input":{"@type":"PropertyValueSpecification","valueRequired":true,"valueName":"search_term_string"}}],"inLanguage":"fr-FR"},{"@type":"Organization","@id":"https:\/\/www.webdo.tn\/fr\/#organization","name":"Webdo","alternateName":"Webdo.tn","url":"https:\/\/www.webdo.tn\/fr\/","logo":{"@type":"ImageObject","inLanguage":"fr-FR","@id":"https:\/\/www.webdo.tn\/fr\/#\/schema\/logo\/image\/","url":"https:\/\/www.webdo.tn\/fr\/wp-content\/uploads\/2025\/06\/Webdo-Tunisie_168377.jpg","contentUrl":"https:\/\/www.webdo.tn\/fr\/wp-content\/uploads\/2025\/06\/Webdo-Tunisie_168377.jpg","width":301,"height":301,"caption":"Webdo"},"image":{"@id":"https:\/\/www.webdo.tn\/fr\/#\/schema\/logo\/image\/"},"sameAs":["https:\/\/www.facebook.com\/webdotn","https:\/\/x.com\/webdo_tn"],"description":"Webdo est un m\u00e9dia num\u00e9rique tunisien fond\u00e9 en 2010, sp\u00e9cialis\u00e9 dans l\u2019actualit\u00e9 nationale et internationale, l\u2019\u00e9conomie, la soci\u00e9t\u00e9 et les analyses politiques. Le site s\u2019adresse \u00e0 un large public francophone et couvre l\u2019information tunisienne en temps r\u00e9el.","email":"redac@webdo.tn","legalName":"YNJ SARL","foundingDate":"2010-09-06","numberOfEmployees":{"@type":"QuantitativeValue","minValue":"11","maxValue":"50"}},{"@type":"Person","@id":"https:\/\/www.webdo.tn\/fr\/#\/schema\/person\/9a9c6118d687c117df8ef3cc36a4d175","name":"webdo.tn","image":{"@type":"ImageObject","inLanguage":"fr-FR","@id":"https:\/\/secure.gravatar.com\/avatar\/7ce1f28c0c3bbac99ff550b85ef8e44a6950c6ee24514fb6a5489e51d06f0298?s=96&d=mm&r=g","url":"https:\/\/secure.gravatar.com\/avatar\/7ce1f28c0c3bbac99ff550b85ef8e44a6950c6ee24514fb6a5489e51d06f0298?s=96&d=mm&r=g","contentUrl":"https:\/\/secure.gravatar.com\/avatar\/7ce1f28c0c3bbac99ff550b85ef8e44a6950c6ee24514fb6a5489e51d06f0298?s=96&d=mm&r=g","caption":"webdo.tn"},"url":"https:\/\/www.webdo.tn\/fr\/actualite\/author\/webdotn\/"}]}},"_links":{"self":[{"href":"https:\/\/www.webdo.tn\/fr\/wp-json\/wp\/v2\/posts\/172627","targetHints":{"allow":["GET"]}}],"collection":[{"href":"https:\/\/www.webdo.tn\/fr\/wp-json\/wp\/v2\/posts"}],"about":[{"href":"https:\/\/www.webdo.tn\/fr\/wp-json\/wp\/v2\/types\/post"}],"author":[{"embeddable":true,"href":"https:\/\/www.webdo.tn\/fr\/wp-json\/wp\/v2\/users\/3222"}],"replies":[{"embeddable":true,"href":"https:\/\/www.webdo.tn\/fr\/wp-json\/wp\/v2\/comments?post=172627"}],"version-history":[{"count":0,"href":"https:\/\/www.webdo.tn\/fr\/wp-json\/wp\/v2\/posts\/172627\/revisions"}],"wp:featuredmedia":[{"embeddable":true,"href":"https:\/\/www.webdo.tn\/fr\/wp-json\/wp\/v2\/media\/376539"}],"wp:attachment":[{"href":"https:\/\/www.webdo.tn\/fr\/wp-json\/wp\/v2\/media?parent=172627"}],"wp:term":[{"taxonomy":"category","embeddable":true,"href":"https:\/\/www.webdo.tn\/fr\/wp-json\/wp\/v2\/categories?post=172627"},{"taxonomy":"post_tag","embeddable":true,"href":"https:\/\/www.webdo.tn\/fr\/wp-json\/wp\/v2\/tags?post=172627"}],"curies":[{"name":"wp","href":"https:\/\/api.w.org\/{rel}","templated":true}]}}