{"id":172623,"date":"2011-08-18T17:50:00","date_gmt":"2011-08-18T17:50:00","guid":{"rendered":"https:\/\/www.webdo.tn\/fr\/actualite\/blog\/des-listes-nominatives-davocats-au-service-de-ben-ali\/172623\/"},"modified":"2011-08-18T17:50:00","modified_gmt":"2011-08-18T17:50:00","slug":"des-listes-nominatives-davocats-au-service-de-ben-ali","status":"publish","type":"post","link":"https:\/\/www.webdo.tn\/fr\/actualite\/national\/des-listes-nominatives-davocats-au-service-de-ben-ali\/172623\/","title":{"rendered":"Des listes nominatives d&rsquo;avocats au service de Ben Ali"},"content":{"rendered":"<p>Selon un communiqu\u00e9, relay\u00e9 par la TAP, de la Commission nationale d&rsquo;investigation sur les affaires de corruption et de malversation, des listes nominatives de plusieurs avocats \u00ab\u00a0ont \u00e9t\u00e9 trouv\u00e9es\u00a0\u00bb dans l&rsquo;un des palais pr\u00e9sidentiels. <\/p>\n<p>Ces listes contiennent les noms des avocats choisis par Ben Ali et son entourage pour repr\u00e9senter les administrations, les entreprises et \u00e9tablissements publics devant les tribunaux.<\/p>\n<p>Sur requ\u00eate \u00e9mise par le vice-pr\u00e9sident du tribunal de premi\u00e8re instance Tunis I, la commission d&rsquo;investigation est autoris\u00e9e \u00e0 fournir une copie de ces listes au pr\u00e9sident de la section de Tunis de l&rsquo;Ordre national des avocats. Et apr\u00e8s examen des diff\u00e9rents \u00e9l\u00e9ments du dossier, en d\u00e9but de semaine, il a \u00e9t\u00e9 d\u00e9cid\u00e9 de le d\u00e9f\u00e9rer devant le procureur de la R\u00e9publique pr\u00e8s le tribunal de premi\u00e8re instance de Tunis I, pr\u00e9cise le communiqu\u00e9, sans divulguer les noms des avocats.<\/p>\n<p>Toutefois, selon une autre source, proche de l&rsquo;affaire, lesdites listes des avocats \u00abau service de Ben Ali\u00bb ne sont pas une d\u00e9couverte. Depuis plus de deux mois, des avocats se chamaillaient au sujet de leur existence et des cons\u00e9quences de leur divulgation.<\/p>\n<p>Sur les 7000 avocats tunisiens, il y aurait pr\u00e8s de 200 avocats, dans ces listes, qui travaillaient pour Ben Ali. Il existe \u00e9galement une black liste comportant entre 60 et 70 avocats qui \u00e9taient interdits de repr\u00e9senter les administrations, les entreprises et \u00e9tablissements publics devant les tribunaux.<\/p>\n<p>Pour conna\u00eetre les noms des avocats inscrits sur lesdites listes, il suffit de v\u00e9rifier les noms des avocats qui repr\u00e9sentaient les administrations, les entreprises et \u00e9tablissements publics avant le 14 janvier . \u00ab\u00a0Il faut voir du c\u00f4t\u00e9 des ambassades, Phosphate de Gafsa, Tunisair, les banques (STB, BNA et BH) et des grands cabinets d&rsquo;avocat \u00e0 Paris qui repr\u00e9sentent les int\u00e9r\u00eats des soci\u00e9t\u00e9s tunisiennes ou \u00e0 certains moments qui ont essay\u00e9 d&rsquo;arr\u00eat\u00e9 la publication des livres critiques \u00e0 l\u2019\u00e9gard de Ben Ali (comme la R\u00e9gente de Carthage)\u00a0\u00bb, nous pr\u00e9cise la m\u00eame source.<\/p>\n<p>Par ailleurs, il existerait aussi des listes de magistrats proches de Ben Ali, des noms de juges Black-list\u00e9s. L&rsquo;Association des magistrats tunisiens a d\u2019ailleurs appel\u00e9 \u00e0 la cr\u00e9ation d\u2019un Conseil sup\u00e9rieur de la Justice charg\u00e9 d&rsquo;\u00e9tablir la liste des magistrats corrompus.<\/p>\n","protected":false},"excerpt":{"rendered":"<p>Des listes nominatives d&rsquo;avocats au service de Ben Ali <\/p>\n","protected":false},"author":3222,"featured_media":376676,"comment_status":"open","ping_status":"closed","sticky":false,"template":"","format":"standard","meta":{"footnotes":""},"categories":[44],"tags":[],"class_list":["post-172623","post","type-post","status-publish","format-standard","has-post-thumbnail","hentry","category-national"],"yoast_head":"<!-- This site is optimized with the Yoast SEO Premium plugin v27.4 (Yoast SEO v27.5) - https:\/\/yoast.com\/product\/yoast-seo-premium-wordpress\/ -->\n<title>Des listes nominatives d&#039;avocats au service de Ben Ali<\/title>\n<meta name=\"description\" content=\"Des listes nominatives d&#039;avocats au service de Ben Ali\" \/>\n<link rel=\"canonical\" href=\"https:\/\/www.webdo.tn\/fr\/actualite\/national\/des-listes-nominatives-davocats-au-service-de-ben-ali\/172623\/\" \/>\n<meta property=\"og:locale\" content=\"fr_FR\" \/>\n<meta property=\"og:type\" content=\"article\" \/>\n<meta property=\"og:title\" content=\"Des listes nominatives d&#039;avocats au service de Ben Ali\" \/>\n<meta property=\"og:description\" content=\"Des listes nominatives d&#039;avocats au service de Ben Ali\" \/>\n<meta property=\"og:url\" content=\"https:\/\/www.webdo.tn\/fr\/actualite\/national\/des-listes-nominatives-davocats-au-service-de-ben-ali\/172623\/\" \/>\n<meta property=\"og:site_name\" content=\"webdo\" \/>\n<meta property=\"article:publisher\" content=\"https:\/\/www.facebook.com\/webdotn\" \/>\n<meta property=\"article:published_time\" content=\"2011-08-18T17:50:00+00:00\" \/>\n<meta property=\"og:image\" content=\"https:\/\/www.webdo.tn\/fr\/wp-content\/uploads\/2011\/08\/Avocat.jpg\" \/>\n\t<meta property=\"og:image:width\" content=\"252\" \/>\n\t<meta property=\"og:image:height\" content=\"186\" \/>\n\t<meta property=\"og:image:type\" content=\"image\/jpeg\" \/>\n<meta name=\"author\" content=\"webdo.tn\" \/>\n<meta name=\"twitter:card\" content=\"summary_large_image\" \/>\n<meta name=\"twitter:creator\" content=\"@webdo_tn\" \/>\n<meta name=\"twitter:site\" content=\"@webdo_tn\" \/>\n<meta name=\"twitter:label1\" content=\"\u00c9crit par\" \/>\n\t<meta name=\"twitter:data1\" content=\"webdo.tn\" \/>\n\t<meta name=\"twitter:label2\" content=\"Dur\u00e9e de lecture estim\u00e9e\" \/>\n\t<meta name=\"twitter:data2\" content=\"2 minutes\" \/>\n<script type=\"application\/ld+json\" class=\"yoast-schema-graph\">{\"@context\":\"https:\\\/\\\/schema.org\",\"@graph\":[{\"@type\":\"NewsArticle\",\"@id\":\"https:\\\/\\\/www.webdo.tn\\\/fr\\\/actualite\\\/national\\\/des-listes-nominatives-davocats-au-service-de-ben-ali\\\/172623\\\/#article\",\"isPartOf\":{\"@id\":\"https:\\\/\\\/www.webdo.tn\\\/fr\\\/actualite\\\/national\\\/des-listes-nominatives-davocats-au-service-de-ben-ali\\\/172623\\\/\"},\"author\":{\"name\":\"webdo.tn\",\"@id\":\"https:\\\/\\\/www.webdo.tn\\\/fr\\\/#\\\/schema\\\/person\\\/9a9c6118d687c117df8ef3cc36a4d175\"},\"headline\":\"Des listes nominatives d&rsquo;avocats au service de Ben Ali\",\"datePublished\":\"2011-08-18T17:50:00+00:00\",\"mainEntityOfPage\":{\"@id\":\"https:\\\/\\\/www.webdo.tn\\\/fr\\\/actualite\\\/national\\\/des-listes-nominatives-davocats-au-service-de-ben-ali\\\/172623\\\/\"},\"wordCount\":411,\"commentCount\":0,\"publisher\":{\"@id\":\"https:\\\/\\\/www.webdo.tn\\\/fr\\\/#organization\"},\"image\":{\"@id\":\"https:\\\/\\\/www.webdo.tn\\\/fr\\\/actualite\\\/national\\\/des-listes-nominatives-davocats-au-service-de-ben-ali\\\/172623\\\/#primaryimage\"},\"thumbnailUrl\":\"https:\\\/\\\/www.webdo.tn\\\/fr\\\/wp-content\\\/uploads\\\/2011\\\/08\\\/Avocat.jpg\",\"articleSection\":[\"National\"],\"inLanguage\":\"fr-FR\"},{\"@type\":\"WebPage\",\"@id\":\"https:\\\/\\\/www.webdo.tn\\\/fr\\\/actualite\\\/national\\\/des-listes-nominatives-davocats-au-service-de-ben-ali\\\/172623\\\/\",\"url\":\"https:\\\/\\\/www.webdo.tn\\\/fr\\\/actualite\\\/national\\\/des-listes-nominatives-davocats-au-service-de-ben-ali\\\/172623\\\/\",\"name\":\"Des listes nominatives d'avocats au service de Ben Ali\",\"isPartOf\":{\"@id\":\"https:\\\/\\\/www.webdo.tn\\\/fr\\\/#website\"},\"primaryImageOfPage\":{\"@id\":\"https:\\\/\\\/www.webdo.tn\\\/fr\\\/actualite\\\/national\\\/des-listes-nominatives-davocats-au-service-de-ben-ali\\\/172623\\\/#primaryimage\"},\"image\":{\"@id\":\"https:\\\/\\\/www.webdo.tn\\\/fr\\\/actualite\\\/national\\\/des-listes-nominatives-davocats-au-service-de-ben-ali\\\/172623\\\/#primaryimage\"},\"thumbnailUrl\":\"https:\\\/\\\/www.webdo.tn\\\/fr\\\/wp-content\\\/uploads\\\/2011\\\/08\\\/Avocat.jpg\",\"datePublished\":\"2011-08-18T17:50:00+00:00\",\"description\":\"Des listes nominatives d'avocats au service de Ben Ali\",\"breadcrumb\":{\"@id\":\"https:\\\/\\\/www.webdo.tn\\\/fr\\\/actualite\\\/national\\\/des-listes-nominatives-davocats-au-service-de-ben-ali\\\/172623\\\/#breadcrumb\"},\"inLanguage\":\"fr-FR\",\"potentialAction\":[{\"@type\":\"ReadAction\",\"target\":[\"https:\\\/\\\/www.webdo.tn\\\/fr\\\/actualite\\\/national\\\/des-listes-nominatives-davocats-au-service-de-ben-ali\\\/172623\\\/\"]}]},{\"@type\":\"ImageObject\",\"inLanguage\":\"fr-FR\",\"@id\":\"https:\\\/\\\/www.webdo.tn\\\/fr\\\/actualite\\\/national\\\/des-listes-nominatives-davocats-au-service-de-ben-ali\\\/172623\\\/#primaryimage\",\"url\":\"https:\\\/\\\/www.webdo.tn\\\/fr\\\/wp-content\\\/uploads\\\/2011\\\/08\\\/Avocat.jpg\",\"contentUrl\":\"https:\\\/\\\/www.webdo.tn\\\/fr\\\/wp-content\\\/uploads\\\/2011\\\/08\\\/Avocat.jpg\",\"width\":252,\"height\":186,\"caption\":\"Des listes nominatives d'avocats au service de Ben Ali\"},{\"@type\":\"BreadcrumbList\",\"@id\":\"https:\\\/\\\/www.webdo.tn\\\/fr\\\/actualite\\\/national\\\/des-listes-nominatives-davocats-au-service-de-ben-ali\\\/172623\\\/#breadcrumb\",\"itemListElement\":[{\"@type\":\"ListItem\",\"position\":1,\"name\":\"Accueil\",\"item\":\"https:\\\/\\\/www.webdo.tn\\\/fr\\\/\"},{\"@type\":\"ListItem\",\"position\":2,\"name\":\"Des listes nominatives d&rsquo;avocats au service de Ben Ali\"}]},{\"@type\":\"WebSite\",\"@id\":\"https:\\\/\\\/www.webdo.tn\\\/fr\\\/#website\",\"url\":\"https:\\\/\\\/www.webdo.tn\\\/fr\\\/\",\"name\":\"webdo\",\"description\":\"Tunisie - News en Tunisie et \u00e0 l&#039;international sur Webdo.tn\",\"publisher\":{\"@id\":\"https:\\\/\\\/www.webdo.tn\\\/fr\\\/#organization\"},\"potentialAction\":[{\"@type\":\"SearchAction\",\"target\":{\"@type\":\"EntryPoint\",\"urlTemplate\":\"https:\\\/\\\/www.webdo.tn\\\/fr\\\/?s={search_term_string}\"},\"query-input\":{\"@type\":\"PropertyValueSpecification\",\"valueRequired\":true,\"valueName\":\"search_term_string\"}}],\"inLanguage\":\"fr-FR\"},{\"@type\":\"Organization\",\"@id\":\"https:\\\/\\\/www.webdo.tn\\\/fr\\\/#organization\",\"name\":\"Webdo\",\"alternateName\":\"Webdo.tn\",\"url\":\"https:\\\/\\\/www.webdo.tn\\\/fr\\\/\",\"logo\":{\"@type\":\"ImageObject\",\"inLanguage\":\"fr-FR\",\"@id\":\"https:\\\/\\\/www.webdo.tn\\\/fr\\\/#\\\/schema\\\/logo\\\/image\\\/\",\"url\":\"https:\\\/\\\/www.webdo.tn\\\/fr\\\/wp-content\\\/uploads\\\/2025\\\/06\\\/Webdo-Tunisie_168377.jpg\",\"contentUrl\":\"https:\\\/\\\/www.webdo.tn\\\/fr\\\/wp-content\\\/uploads\\\/2025\\\/06\\\/Webdo-Tunisie_168377.jpg\",\"width\":301,\"height\":301,\"caption\":\"Webdo\"},\"image\":{\"@id\":\"https:\\\/\\\/www.webdo.tn\\\/fr\\\/#\\\/schema\\\/logo\\\/image\\\/\"},\"sameAs\":[\"https:\\\/\\\/www.facebook.com\\\/webdotn\",\"https:\\\/\\\/x.com\\\/webdo_tn\"],\"description\":\"Webdo est un m\u00e9dia num\u00e9rique tunisien fond\u00e9 en 2010, sp\u00e9cialis\u00e9 dans l\u2019actualit\u00e9 nationale et internationale, l\u2019\u00e9conomie, la soci\u00e9t\u00e9 et les analyses politiques. Le site s\u2019adresse \u00e0 un large public francophone et couvre l\u2019information tunisienne en temps r\u00e9el.\",\"email\":\"redac@webdo.tn\",\"legalName\":\"YNJ SARL\",\"foundingDate\":\"2010-09-06\",\"numberOfEmployees\":{\"@type\":\"QuantitativeValue\",\"minValue\":\"11\",\"maxValue\":\"50\"}},{\"@type\":\"Person\",\"@id\":\"https:\\\/\\\/www.webdo.tn\\\/fr\\\/#\\\/schema\\\/person\\\/9a9c6118d687c117df8ef3cc36a4d175\",\"name\":\"webdo.tn\",\"image\":{\"@type\":\"ImageObject\",\"inLanguage\":\"fr-FR\",\"@id\":\"https:\\\/\\\/secure.gravatar.com\\\/avatar\\\/7ce1f28c0c3bbac99ff550b85ef8e44a6950c6ee24514fb6a5489e51d06f0298?s=96&d=mm&r=g\",\"url\":\"https:\\\/\\\/secure.gravatar.com\\\/avatar\\\/7ce1f28c0c3bbac99ff550b85ef8e44a6950c6ee24514fb6a5489e51d06f0298?s=96&d=mm&r=g\",\"contentUrl\":\"https:\\\/\\\/secure.gravatar.com\\\/avatar\\\/7ce1f28c0c3bbac99ff550b85ef8e44a6950c6ee24514fb6a5489e51d06f0298?s=96&d=mm&r=g\",\"caption\":\"webdo.tn\"},\"url\":\"https:\\\/\\\/www.webdo.tn\\\/fr\\\/actualite\\\/author\\\/webdotn\\\/\"}]}<\/script>\n<!-- \/ Yoast SEO Premium plugin. -->","yoast_head_json":{"title":"Des listes nominatives d'avocats au service de Ben Ali","description":"Des listes nominatives d'avocats au service de Ben Ali","canonical":"https:\/\/www.webdo.tn\/fr\/actualite\/national\/des-listes-nominatives-davocats-au-service-de-ben-ali\/172623\/","og_locale":"fr_FR","og_type":"article","og_title":"Des listes nominatives d'avocats au service de Ben Ali","og_description":"Des listes nominatives d'avocats au service de Ben Ali","og_url":"https:\/\/www.webdo.tn\/fr\/actualite\/national\/des-listes-nominatives-davocats-au-service-de-ben-ali\/172623\/","og_site_name":"webdo","article_publisher":"https:\/\/www.facebook.com\/webdotn","article_published_time":"2011-08-18T17:50:00+00:00","og_image":[{"width":252,"height":186,"url":"https:\/\/www.webdo.tn\/fr\/wp-content\/uploads\/2011\/08\/Avocat.jpg","type":"image\/jpeg"}],"author":"webdo.tn","twitter_card":"summary_large_image","twitter_creator":"@webdo_tn","twitter_site":"@webdo_tn","twitter_misc":{"\u00c9crit par":"webdo.tn","Dur\u00e9e de lecture estim\u00e9e":"2 minutes"},"schema":{"@context":"https:\/\/schema.org","@graph":[{"@type":"NewsArticle","@id":"https:\/\/www.webdo.tn\/fr\/actualite\/national\/des-listes-nominatives-davocats-au-service-de-ben-ali\/172623\/#article","isPartOf":{"@id":"https:\/\/www.webdo.tn\/fr\/actualite\/national\/des-listes-nominatives-davocats-au-service-de-ben-ali\/172623\/"},"author":{"name":"webdo.tn","@id":"https:\/\/www.webdo.tn\/fr\/#\/schema\/person\/9a9c6118d687c117df8ef3cc36a4d175"},"headline":"Des listes nominatives d&rsquo;avocats au service de Ben Ali","datePublished":"2011-08-18T17:50:00+00:00","mainEntityOfPage":{"@id":"https:\/\/www.webdo.tn\/fr\/actualite\/national\/des-listes-nominatives-davocats-au-service-de-ben-ali\/172623\/"},"wordCount":411,"commentCount":0,"publisher":{"@id":"https:\/\/www.webdo.tn\/fr\/#organization"},"image":{"@id":"https:\/\/www.webdo.tn\/fr\/actualite\/national\/des-listes-nominatives-davocats-au-service-de-ben-ali\/172623\/#primaryimage"},"thumbnailUrl":"https:\/\/www.webdo.tn\/fr\/wp-content\/uploads\/2011\/08\/Avocat.jpg","articleSection":["National"],"inLanguage":"fr-FR"},{"@type":"WebPage","@id":"https:\/\/www.webdo.tn\/fr\/actualite\/national\/des-listes-nominatives-davocats-au-service-de-ben-ali\/172623\/","url":"https:\/\/www.webdo.tn\/fr\/actualite\/national\/des-listes-nominatives-davocats-au-service-de-ben-ali\/172623\/","name":"Des listes nominatives d'avocats au service de Ben Ali","isPartOf":{"@id":"https:\/\/www.webdo.tn\/fr\/#website"},"primaryImageOfPage":{"@id":"https:\/\/www.webdo.tn\/fr\/actualite\/national\/des-listes-nominatives-davocats-au-service-de-ben-ali\/172623\/#primaryimage"},"image":{"@id":"https:\/\/www.webdo.tn\/fr\/actualite\/national\/des-listes-nominatives-davocats-au-service-de-ben-ali\/172623\/#primaryimage"},"thumbnailUrl":"https:\/\/www.webdo.tn\/fr\/wp-content\/uploads\/2011\/08\/Avocat.jpg","datePublished":"2011-08-18T17:50:00+00:00","description":"Des listes nominatives d'avocats au service de Ben Ali","breadcrumb":{"@id":"https:\/\/www.webdo.tn\/fr\/actualite\/national\/des-listes-nominatives-davocats-au-service-de-ben-ali\/172623\/#breadcrumb"},"inLanguage":"fr-FR","potentialAction":[{"@type":"ReadAction","target":["https:\/\/www.webdo.tn\/fr\/actualite\/national\/des-listes-nominatives-davocats-au-service-de-ben-ali\/172623\/"]}]},{"@type":"ImageObject","inLanguage":"fr-FR","@id":"https:\/\/www.webdo.tn\/fr\/actualite\/national\/des-listes-nominatives-davocats-au-service-de-ben-ali\/172623\/#primaryimage","url":"https:\/\/www.webdo.tn\/fr\/wp-content\/uploads\/2011\/08\/Avocat.jpg","contentUrl":"https:\/\/www.webdo.tn\/fr\/wp-content\/uploads\/2011\/08\/Avocat.jpg","width":252,"height":186,"caption":"Des listes nominatives d'avocats au service de Ben Ali"},{"@type":"BreadcrumbList","@id":"https:\/\/www.webdo.tn\/fr\/actualite\/national\/des-listes-nominatives-davocats-au-service-de-ben-ali\/172623\/#breadcrumb","itemListElement":[{"@type":"ListItem","position":1,"name":"Accueil","item":"https:\/\/www.webdo.tn\/fr\/"},{"@type":"ListItem","position":2,"name":"Des listes nominatives d&rsquo;avocats au service de Ben Ali"}]},{"@type":"WebSite","@id":"https:\/\/www.webdo.tn\/fr\/#website","url":"https:\/\/www.webdo.tn\/fr\/","name":"webdo","description":"Tunisie - News en Tunisie et \u00e0 l&#039;international sur Webdo.tn","publisher":{"@id":"https:\/\/www.webdo.tn\/fr\/#organization"},"potentialAction":[{"@type":"SearchAction","target":{"@type":"EntryPoint","urlTemplate":"https:\/\/www.webdo.tn\/fr\/?s={search_term_string}"},"query-input":{"@type":"PropertyValueSpecification","valueRequired":true,"valueName":"search_term_string"}}],"inLanguage":"fr-FR"},{"@type":"Organization","@id":"https:\/\/www.webdo.tn\/fr\/#organization","name":"Webdo","alternateName":"Webdo.tn","url":"https:\/\/www.webdo.tn\/fr\/","logo":{"@type":"ImageObject","inLanguage":"fr-FR","@id":"https:\/\/www.webdo.tn\/fr\/#\/schema\/logo\/image\/","url":"https:\/\/www.webdo.tn\/fr\/wp-content\/uploads\/2025\/06\/Webdo-Tunisie_168377.jpg","contentUrl":"https:\/\/www.webdo.tn\/fr\/wp-content\/uploads\/2025\/06\/Webdo-Tunisie_168377.jpg","width":301,"height":301,"caption":"Webdo"},"image":{"@id":"https:\/\/www.webdo.tn\/fr\/#\/schema\/logo\/image\/"},"sameAs":["https:\/\/www.facebook.com\/webdotn","https:\/\/x.com\/webdo_tn"],"description":"Webdo est un m\u00e9dia num\u00e9rique tunisien fond\u00e9 en 2010, sp\u00e9cialis\u00e9 dans l\u2019actualit\u00e9 nationale et internationale, l\u2019\u00e9conomie, la soci\u00e9t\u00e9 et les analyses politiques. Le site s\u2019adresse \u00e0 un large public francophone et couvre l\u2019information tunisienne en temps r\u00e9el.","email":"redac@webdo.tn","legalName":"YNJ SARL","foundingDate":"2010-09-06","numberOfEmployees":{"@type":"QuantitativeValue","minValue":"11","maxValue":"50"}},{"@type":"Person","@id":"https:\/\/www.webdo.tn\/fr\/#\/schema\/person\/9a9c6118d687c117df8ef3cc36a4d175","name":"webdo.tn","image":{"@type":"ImageObject","inLanguage":"fr-FR","@id":"https:\/\/secure.gravatar.com\/avatar\/7ce1f28c0c3bbac99ff550b85ef8e44a6950c6ee24514fb6a5489e51d06f0298?s=96&d=mm&r=g","url":"https:\/\/secure.gravatar.com\/avatar\/7ce1f28c0c3bbac99ff550b85ef8e44a6950c6ee24514fb6a5489e51d06f0298?s=96&d=mm&r=g","contentUrl":"https:\/\/secure.gravatar.com\/avatar\/7ce1f28c0c3bbac99ff550b85ef8e44a6950c6ee24514fb6a5489e51d06f0298?s=96&d=mm&r=g","caption":"webdo.tn"},"url":"https:\/\/www.webdo.tn\/fr\/actualite\/author\/webdotn\/"}]}},"_links":{"self":[{"href":"https:\/\/www.webdo.tn\/fr\/wp-json\/wp\/v2\/posts\/172623","targetHints":{"allow":["GET"]}}],"collection":[{"href":"https:\/\/www.webdo.tn\/fr\/wp-json\/wp\/v2\/posts"}],"about":[{"href":"https:\/\/www.webdo.tn\/fr\/wp-json\/wp\/v2\/types\/post"}],"author":[{"embeddable":true,"href":"https:\/\/www.webdo.tn\/fr\/wp-json\/wp\/v2\/users\/3222"}],"replies":[{"embeddable":true,"href":"https:\/\/www.webdo.tn\/fr\/wp-json\/wp\/v2\/comments?post=172623"}],"version-history":[{"count":0,"href":"https:\/\/www.webdo.tn\/fr\/wp-json\/wp\/v2\/posts\/172623\/revisions"}],"wp:featuredmedia":[{"embeddable":true,"href":"https:\/\/www.webdo.tn\/fr\/wp-json\/wp\/v2\/media\/376676"}],"wp:attachment":[{"href":"https:\/\/www.webdo.tn\/fr\/wp-json\/wp\/v2\/media?parent=172623"}],"wp:term":[{"taxonomy":"category","embeddable":true,"href":"https:\/\/www.webdo.tn\/fr\/wp-json\/wp\/v2\/categories?post=172623"},{"taxonomy":"post_tag","embeddable":true,"href":"https:\/\/www.webdo.tn\/fr\/wp-json\/wp\/v2\/tags?post=172623"}],"curies":[{"name":"wp","href":"https:\/\/api.w.org\/{rel}","templated":true}]}}