{"id":172620,"date":"2011-08-20T11:59:00","date_gmt":"2011-08-20T11:59:00","guid":{"rendered":"https:\/\/www.webdo.tn\/fr\/actualite\/blog\/2-morts-dans-le-crash-d-un-helicoptere-militaire-a-oued-rbayaa\/172620\/"},"modified":"2011-08-20T11:59:00","modified_gmt":"2011-08-20T11:59:00","slug":"2-morts-dans-le-crash-d-un-helicoptere-militaire-a-oued-rbayaa","status":"publish","type":"post","link":"https:\/\/www.webdo.tn\/fr\/actualite\/national\/2-morts-dans-le-crash-d-un-helicoptere-militaire-a-oued-rbayaa\/172620\/","title":{"rendered":"2 morts dans le crash d\u2019un h\u00e9licopt\u00e8re militaire \u00e0 Oued Rbay\u00e2a"},"content":{"rendered":"<p>Selon une d\u00e9p\u00eache de la TAP, un h\u00e9licopt\u00e8re appartenant \u00e0 l&rsquo;arm\u00e9e nationale s&rsquo;est \u00e9cras\u00e9 dans la r\u00e9gion de Oued Rbay\u00e2a, \u00e0 une trentaine de kilom\u00e8tres de Ben Guerdane.<\/p>\n<p>Le drame qui a eu lieu aujourd\u2019hui, samedi, au matin, a fait deux morts : le pilote et le copilote.<\/p>\n<p>L&rsquo;accident serait d\u00fb, d\u2019apr\u00e8s des sources militaires, \u00e0 un probl\u00e8me technique survenu sur\u00a0cet h\u00e9licopt\u00e8re de type Gazelle.<\/p>\n<p>En attendant de plus amples informations de la part du minist\u00e8re de la D\u00e9fense, rappelons que cette zone conna\u00eet une alerte maximale \u00e0 cause des \u00e9v\u00e9nements qui se d\u00e9roulent \u00e0 fronti\u00e8re tuniso-libyenne. D&rsquo;ailleurs, selon mosaique Fm, un accrochage entre l&rsquo;arm\u00e9e tunisienne \u00a0et des pro-Kaddhafi a eu lieu au niveau de \u00ab\u00a0Janine, entre Douz et Tataouine\u00a0\u00bb.<\/p>\n","protected":false},"excerpt":{"rendered":"<p>2 morts dans le crash d\u2019un h\u00e9licopt\u00e8re militaire \u00e0 Oued Rbay\u00e2a <\/p>\n","protected":false},"author":3222,"featured_media":376290,"comment_status":"open","ping_status":"closed","sticky":false,"template":"","format":"standard","meta":{"footnotes":""},"categories":[44],"tags":[],"class_list":["post-172620","post","type-post","status-publish","format-standard","has-post-thumbnail","hentry","category-national"],"yoast_head":"<!-- This site is optimized with the Yoast SEO Premium plugin v27.4 (Yoast SEO v27.5) - https:\/\/yoast.com\/product\/yoast-seo-premium-wordpress\/ -->\n<title>2 morts dans le crash d\u2019un h\u00e9licopt\u00e8re militaire \u00e0 Oued Rbay\u00e2a<\/title>\n<meta name=\"description\" content=\"2 morts dans le crash d\u2019un h\u00e9licopt\u00e8re militaire \u00e0 Oued Rbay\u00e2a\" \/>\n<link rel=\"canonical\" href=\"https:\/\/www.webdo.tn\/fr\/actualite\/national\/2-morts-dans-le-crash-d-un-helicoptere-militaire-a-oued-rbayaa\/172620\/\" \/>\n<meta property=\"og:locale\" content=\"fr_FR\" \/>\n<meta property=\"og:type\" content=\"article\" \/>\n<meta property=\"og:title\" content=\"2 morts dans le crash d\u2019un h\u00e9licopt\u00e8re militaire \u00e0 Oued Rbay\u00e2a\" \/>\n<meta property=\"og:description\" content=\"2 morts dans le crash d\u2019un h\u00e9licopt\u00e8re militaire \u00e0 Oued Rbay\u00e2a\" \/>\n<meta property=\"og:url\" content=\"https:\/\/www.webdo.tn\/fr\/actualite\/national\/2-morts-dans-le-crash-d-un-helicoptere-militaire-a-oued-rbayaa\/172620\/\" \/>\n<meta property=\"og:site_name\" content=\"webdo\" \/>\n<meta property=\"article:publisher\" content=\"https:\/\/www.facebook.com\/webdotn\" \/>\n<meta property=\"article:published_time\" content=\"2011-08-20T11:59:00+00:00\" \/>\n<meta property=\"og:image\" content=\"https:\/\/www.webdo.tn\/fr\/wp-content\/uploads\/2025\/06\/FireShot-Capture-1063-webdo_default-53-750x375.jpg-750\u00d7375-www.webdo_.tn_.png\" \/>\n\t<meta property=\"og:image:width\" content=\"746\" \/>\n\t<meta property=\"og:image:height\" content=\"371\" \/>\n\t<meta property=\"og:image:type\" content=\"image\/png\" \/>\n<meta name=\"author\" content=\"webdo.tn\" \/>\n<meta name=\"twitter:card\" content=\"summary_large_image\" \/>\n<meta name=\"twitter:creator\" content=\"@webdo_tn\" \/>\n<meta name=\"twitter:site\" content=\"@webdo_tn\" \/>\n<meta name=\"twitter:label1\" content=\"\u00c9crit par\" \/>\n\t<meta name=\"twitter:data1\" content=\"webdo.tn\" \/>\n\t<meta name=\"twitter:label2\" content=\"Dur\u00e9e de lecture estim\u00e9e\" \/>\n\t<meta name=\"twitter:data2\" content=\"1 minute\" \/>\n<script type=\"application\/ld+json\" class=\"yoast-schema-graph\">{\"@context\":\"https:\\\/\\\/schema.org\",\"@graph\":[{\"@type\":\"NewsArticle\",\"@id\":\"https:\\\/\\\/www.webdo.tn\\\/fr\\\/actualite\\\/national\\\/2-morts-dans-le-crash-d-un-helicoptere-militaire-a-oued-rbayaa\\\/172620\\\/#article\",\"isPartOf\":{\"@id\":\"https:\\\/\\\/www.webdo.tn\\\/fr\\\/actualite\\\/national\\\/2-morts-dans-le-crash-d-un-helicoptere-militaire-a-oued-rbayaa\\\/172620\\\/\"},\"author\":{\"name\":\"webdo.tn\",\"@id\":\"https:\\\/\\\/www.webdo.tn\\\/fr\\\/#\\\/schema\\\/person\\\/9a9c6118d687c117df8ef3cc36a4d175\"},\"headline\":\"2 morts dans le crash d\u2019un h\u00e9licopt\u00e8re militaire \u00e0 Oued Rbay\u00e2a\",\"datePublished\":\"2011-08-20T11:59:00+00:00\",\"mainEntityOfPage\":{\"@id\":\"https:\\\/\\\/www.webdo.tn\\\/fr\\\/actualite\\\/national\\\/2-morts-dans-le-crash-d-un-helicoptere-militaire-a-oued-rbayaa\\\/172620\\\/\"},\"wordCount\":154,\"commentCount\":0,\"publisher\":{\"@id\":\"https:\\\/\\\/www.webdo.tn\\\/fr\\\/#organization\"},\"image\":{\"@id\":\"https:\\\/\\\/www.webdo.tn\\\/fr\\\/actualite\\\/national\\\/2-morts-dans-le-crash-d-un-helicoptere-militaire-a-oued-rbayaa\\\/172620\\\/#primaryimage\"},\"thumbnailUrl\":\"https:\\\/\\\/www.webdo.tn\\\/fr\\\/wp-content\\\/uploads\\\/2025\\\/06\\\/FireShot-Capture-1063-webdo_default-53-750x375.jpg-750\u00d7375-www.webdo_.tn_.png\",\"articleSection\":[\"National\"],\"inLanguage\":\"fr-FR\"},{\"@type\":\"WebPage\",\"@id\":\"https:\\\/\\\/www.webdo.tn\\\/fr\\\/actualite\\\/national\\\/2-morts-dans-le-crash-d-un-helicoptere-militaire-a-oued-rbayaa\\\/172620\\\/\",\"url\":\"https:\\\/\\\/www.webdo.tn\\\/fr\\\/actualite\\\/national\\\/2-morts-dans-le-crash-d-un-helicoptere-militaire-a-oued-rbayaa\\\/172620\\\/\",\"name\":\"2 morts dans le crash d\u2019un h\u00e9licopt\u00e8re militaire \u00e0 Oued Rbay\u00e2a\",\"isPartOf\":{\"@id\":\"https:\\\/\\\/www.webdo.tn\\\/fr\\\/#website\"},\"primaryImageOfPage\":{\"@id\":\"https:\\\/\\\/www.webdo.tn\\\/fr\\\/actualite\\\/national\\\/2-morts-dans-le-crash-d-un-helicoptere-militaire-a-oued-rbayaa\\\/172620\\\/#primaryimage\"},\"image\":{\"@id\":\"https:\\\/\\\/www.webdo.tn\\\/fr\\\/actualite\\\/national\\\/2-morts-dans-le-crash-d-un-helicoptere-militaire-a-oued-rbayaa\\\/172620\\\/#primaryimage\"},\"thumbnailUrl\":\"https:\\\/\\\/www.webdo.tn\\\/fr\\\/wp-content\\\/uploads\\\/2025\\\/06\\\/FireShot-Capture-1063-webdo_default-53-750x375.jpg-750\u00d7375-www.webdo_.tn_.png\",\"datePublished\":\"2011-08-20T11:59:00+00:00\",\"description\":\"2 morts dans le crash d\u2019un h\u00e9licopt\u00e8re militaire \u00e0 Oued Rbay\u00e2a\",\"breadcrumb\":{\"@id\":\"https:\\\/\\\/www.webdo.tn\\\/fr\\\/actualite\\\/national\\\/2-morts-dans-le-crash-d-un-helicoptere-militaire-a-oued-rbayaa\\\/172620\\\/#breadcrumb\"},\"inLanguage\":\"fr-FR\",\"potentialAction\":[{\"@type\":\"ReadAction\",\"target\":[\"https:\\\/\\\/www.webdo.tn\\\/fr\\\/actualite\\\/national\\\/2-morts-dans-le-crash-d-un-helicoptere-militaire-a-oued-rbayaa\\\/172620\\\/\"]}]},{\"@type\":\"ImageObject\",\"inLanguage\":\"fr-FR\",\"@id\":\"https:\\\/\\\/www.webdo.tn\\\/fr\\\/actualite\\\/national\\\/2-morts-dans-le-crash-d-un-helicoptere-militaire-a-oued-rbayaa\\\/172620\\\/#primaryimage\",\"url\":\"https:\\\/\\\/www.webdo.tn\\\/fr\\\/wp-content\\\/uploads\\\/2025\\\/06\\\/FireShot-Capture-1063-webdo_default-53-750x375.jpg-750\u00d7375-www.webdo_.tn_.png\",\"contentUrl\":\"https:\\\/\\\/www.webdo.tn\\\/fr\\\/wp-content\\\/uploads\\\/2025\\\/06\\\/FireShot-Capture-1063-webdo_default-53-750x375.jpg-750\u00d7375-www.webdo_.tn_.png\",\"width\":746,\"height\":371},{\"@type\":\"BreadcrumbList\",\"@id\":\"https:\\\/\\\/www.webdo.tn\\\/fr\\\/actualite\\\/national\\\/2-morts-dans-le-crash-d-un-helicoptere-militaire-a-oued-rbayaa\\\/172620\\\/#breadcrumb\",\"itemListElement\":[{\"@type\":\"ListItem\",\"position\":1,\"name\":\"Accueil\",\"item\":\"https:\\\/\\\/www.webdo.tn\\\/fr\\\/\"},{\"@type\":\"ListItem\",\"position\":2,\"name\":\"2 morts dans le crash d\u2019un h\u00e9licopt\u00e8re militaire \u00e0 Oued Rbay\u00e2a\"}]},{\"@type\":\"WebSite\",\"@id\":\"https:\\\/\\\/www.webdo.tn\\\/fr\\\/#website\",\"url\":\"https:\\\/\\\/www.webdo.tn\\\/fr\\\/\",\"name\":\"webdo\",\"description\":\"Tunisie - News en Tunisie et \u00e0 l&#039;international sur Webdo.tn\",\"publisher\":{\"@id\":\"https:\\\/\\\/www.webdo.tn\\\/fr\\\/#organization\"},\"potentialAction\":[{\"@type\":\"SearchAction\",\"target\":{\"@type\":\"EntryPoint\",\"urlTemplate\":\"https:\\\/\\\/www.webdo.tn\\\/fr\\\/?s={search_term_string}\"},\"query-input\":{\"@type\":\"PropertyValueSpecification\",\"valueRequired\":true,\"valueName\":\"search_term_string\"}}],\"inLanguage\":\"fr-FR\"},{\"@type\":\"Organization\",\"@id\":\"https:\\\/\\\/www.webdo.tn\\\/fr\\\/#organization\",\"name\":\"Webdo\",\"alternateName\":\"Webdo.tn\",\"url\":\"https:\\\/\\\/www.webdo.tn\\\/fr\\\/\",\"logo\":{\"@type\":\"ImageObject\",\"inLanguage\":\"fr-FR\",\"@id\":\"https:\\\/\\\/www.webdo.tn\\\/fr\\\/#\\\/schema\\\/logo\\\/image\\\/\",\"url\":\"https:\\\/\\\/www.webdo.tn\\\/fr\\\/wp-content\\\/uploads\\\/2025\\\/06\\\/Webdo-Tunisie_168377.jpg\",\"contentUrl\":\"https:\\\/\\\/www.webdo.tn\\\/fr\\\/wp-content\\\/uploads\\\/2025\\\/06\\\/Webdo-Tunisie_168377.jpg\",\"width\":301,\"height\":301,\"caption\":\"Webdo\"},\"image\":{\"@id\":\"https:\\\/\\\/www.webdo.tn\\\/fr\\\/#\\\/schema\\\/logo\\\/image\\\/\"},\"sameAs\":[\"https:\\\/\\\/www.facebook.com\\\/webdotn\",\"https:\\\/\\\/x.com\\\/webdo_tn\"],\"description\":\"Webdo est un m\u00e9dia num\u00e9rique tunisien fond\u00e9 en 2010, sp\u00e9cialis\u00e9 dans l\u2019actualit\u00e9 nationale et internationale, l\u2019\u00e9conomie, la soci\u00e9t\u00e9 et les analyses politiques. Le site s\u2019adresse \u00e0 un large public francophone et couvre l\u2019information tunisienne en temps r\u00e9el.\",\"email\":\"redac@webdo.tn\",\"legalName\":\"YNJ SARL\",\"foundingDate\":\"2010-09-06\",\"numberOfEmployees\":{\"@type\":\"QuantitativeValue\",\"minValue\":\"11\",\"maxValue\":\"50\"}},{\"@type\":\"Person\",\"@id\":\"https:\\\/\\\/www.webdo.tn\\\/fr\\\/#\\\/schema\\\/person\\\/9a9c6118d687c117df8ef3cc36a4d175\",\"name\":\"webdo.tn\",\"image\":{\"@type\":\"ImageObject\",\"inLanguage\":\"fr-FR\",\"@id\":\"https:\\\/\\\/secure.gravatar.com\\\/avatar\\\/7ce1f28c0c3bbac99ff550b85ef8e44a6950c6ee24514fb6a5489e51d06f0298?s=96&d=mm&r=g\",\"url\":\"https:\\\/\\\/secure.gravatar.com\\\/avatar\\\/7ce1f28c0c3bbac99ff550b85ef8e44a6950c6ee24514fb6a5489e51d06f0298?s=96&d=mm&r=g\",\"contentUrl\":\"https:\\\/\\\/secure.gravatar.com\\\/avatar\\\/7ce1f28c0c3bbac99ff550b85ef8e44a6950c6ee24514fb6a5489e51d06f0298?s=96&d=mm&r=g\",\"caption\":\"webdo.tn\"},\"url\":\"https:\\\/\\\/www.webdo.tn\\\/fr\\\/actualite\\\/author\\\/webdotn\\\/\"}]}<\/script>\n<!-- \/ Yoast SEO Premium plugin. -->","yoast_head_json":{"title":"2 morts dans le crash d\u2019un h\u00e9licopt\u00e8re militaire \u00e0 Oued Rbay\u00e2a","description":"2 morts dans le crash d\u2019un h\u00e9licopt\u00e8re militaire \u00e0 Oued Rbay\u00e2a","canonical":"https:\/\/www.webdo.tn\/fr\/actualite\/national\/2-morts-dans-le-crash-d-un-helicoptere-militaire-a-oued-rbayaa\/172620\/","og_locale":"fr_FR","og_type":"article","og_title":"2 morts dans le crash d\u2019un h\u00e9licopt\u00e8re militaire \u00e0 Oued Rbay\u00e2a","og_description":"2 morts dans le crash d\u2019un h\u00e9licopt\u00e8re militaire \u00e0 Oued Rbay\u00e2a","og_url":"https:\/\/www.webdo.tn\/fr\/actualite\/national\/2-morts-dans-le-crash-d-un-helicoptere-militaire-a-oued-rbayaa\/172620\/","og_site_name":"webdo","article_publisher":"https:\/\/www.facebook.com\/webdotn","article_published_time":"2011-08-20T11:59:00+00:00","og_image":[{"width":746,"height":371,"url":"https:\/\/www.webdo.tn\/fr\/wp-content\/uploads\/2025\/06\/FireShot-Capture-1063-webdo_default-53-750x375.jpg-750\u00d7375-www.webdo_.tn_.png","type":"image\/png"}],"author":"webdo.tn","twitter_card":"summary_large_image","twitter_creator":"@webdo_tn","twitter_site":"@webdo_tn","twitter_misc":{"\u00c9crit par":"webdo.tn","Dur\u00e9e de lecture estim\u00e9e":"1 minute"},"schema":{"@context":"https:\/\/schema.org","@graph":[{"@type":"NewsArticle","@id":"https:\/\/www.webdo.tn\/fr\/actualite\/national\/2-morts-dans-le-crash-d-un-helicoptere-militaire-a-oued-rbayaa\/172620\/#article","isPartOf":{"@id":"https:\/\/www.webdo.tn\/fr\/actualite\/national\/2-morts-dans-le-crash-d-un-helicoptere-militaire-a-oued-rbayaa\/172620\/"},"author":{"name":"webdo.tn","@id":"https:\/\/www.webdo.tn\/fr\/#\/schema\/person\/9a9c6118d687c117df8ef3cc36a4d175"},"headline":"2 morts dans le crash d\u2019un h\u00e9licopt\u00e8re militaire \u00e0 Oued Rbay\u00e2a","datePublished":"2011-08-20T11:59:00+00:00","mainEntityOfPage":{"@id":"https:\/\/www.webdo.tn\/fr\/actualite\/national\/2-morts-dans-le-crash-d-un-helicoptere-militaire-a-oued-rbayaa\/172620\/"},"wordCount":154,"commentCount":0,"publisher":{"@id":"https:\/\/www.webdo.tn\/fr\/#organization"},"image":{"@id":"https:\/\/www.webdo.tn\/fr\/actualite\/national\/2-morts-dans-le-crash-d-un-helicoptere-militaire-a-oued-rbayaa\/172620\/#primaryimage"},"thumbnailUrl":"https:\/\/www.webdo.tn\/fr\/wp-content\/uploads\/2025\/06\/FireShot-Capture-1063-webdo_default-53-750x375.jpg-750\u00d7375-www.webdo_.tn_.png","articleSection":["National"],"inLanguage":"fr-FR"},{"@type":"WebPage","@id":"https:\/\/www.webdo.tn\/fr\/actualite\/national\/2-morts-dans-le-crash-d-un-helicoptere-militaire-a-oued-rbayaa\/172620\/","url":"https:\/\/www.webdo.tn\/fr\/actualite\/national\/2-morts-dans-le-crash-d-un-helicoptere-militaire-a-oued-rbayaa\/172620\/","name":"2 morts dans le crash d\u2019un h\u00e9licopt\u00e8re militaire \u00e0 Oued Rbay\u00e2a","isPartOf":{"@id":"https:\/\/www.webdo.tn\/fr\/#website"},"primaryImageOfPage":{"@id":"https:\/\/www.webdo.tn\/fr\/actualite\/national\/2-morts-dans-le-crash-d-un-helicoptere-militaire-a-oued-rbayaa\/172620\/#primaryimage"},"image":{"@id":"https:\/\/www.webdo.tn\/fr\/actualite\/national\/2-morts-dans-le-crash-d-un-helicoptere-militaire-a-oued-rbayaa\/172620\/#primaryimage"},"thumbnailUrl":"https:\/\/www.webdo.tn\/fr\/wp-content\/uploads\/2025\/06\/FireShot-Capture-1063-webdo_default-53-750x375.jpg-750\u00d7375-www.webdo_.tn_.png","datePublished":"2011-08-20T11:59:00+00:00","description":"2 morts dans le crash d\u2019un h\u00e9licopt\u00e8re militaire \u00e0 Oued Rbay\u00e2a","breadcrumb":{"@id":"https:\/\/www.webdo.tn\/fr\/actualite\/national\/2-morts-dans-le-crash-d-un-helicoptere-militaire-a-oued-rbayaa\/172620\/#breadcrumb"},"inLanguage":"fr-FR","potentialAction":[{"@type":"ReadAction","target":["https:\/\/www.webdo.tn\/fr\/actualite\/national\/2-morts-dans-le-crash-d-un-helicoptere-militaire-a-oued-rbayaa\/172620\/"]}]},{"@type":"ImageObject","inLanguage":"fr-FR","@id":"https:\/\/www.webdo.tn\/fr\/actualite\/national\/2-morts-dans-le-crash-d-un-helicoptere-militaire-a-oued-rbayaa\/172620\/#primaryimage","url":"https:\/\/www.webdo.tn\/fr\/wp-content\/uploads\/2025\/06\/FireShot-Capture-1063-webdo_default-53-750x375.jpg-750\u00d7375-www.webdo_.tn_.png","contentUrl":"https:\/\/www.webdo.tn\/fr\/wp-content\/uploads\/2025\/06\/FireShot-Capture-1063-webdo_default-53-750x375.jpg-750\u00d7375-www.webdo_.tn_.png","width":746,"height":371},{"@type":"BreadcrumbList","@id":"https:\/\/www.webdo.tn\/fr\/actualite\/national\/2-morts-dans-le-crash-d-un-helicoptere-militaire-a-oued-rbayaa\/172620\/#breadcrumb","itemListElement":[{"@type":"ListItem","position":1,"name":"Accueil","item":"https:\/\/www.webdo.tn\/fr\/"},{"@type":"ListItem","position":2,"name":"2 morts dans le crash d\u2019un h\u00e9licopt\u00e8re militaire \u00e0 Oued Rbay\u00e2a"}]},{"@type":"WebSite","@id":"https:\/\/www.webdo.tn\/fr\/#website","url":"https:\/\/www.webdo.tn\/fr\/","name":"webdo","description":"Tunisie - News en Tunisie et \u00e0 l&#039;international sur Webdo.tn","publisher":{"@id":"https:\/\/www.webdo.tn\/fr\/#organization"},"potentialAction":[{"@type":"SearchAction","target":{"@type":"EntryPoint","urlTemplate":"https:\/\/www.webdo.tn\/fr\/?s={search_term_string}"},"query-input":{"@type":"PropertyValueSpecification","valueRequired":true,"valueName":"search_term_string"}}],"inLanguage":"fr-FR"},{"@type":"Organization","@id":"https:\/\/www.webdo.tn\/fr\/#organization","name":"Webdo","alternateName":"Webdo.tn","url":"https:\/\/www.webdo.tn\/fr\/","logo":{"@type":"ImageObject","inLanguage":"fr-FR","@id":"https:\/\/www.webdo.tn\/fr\/#\/schema\/logo\/image\/","url":"https:\/\/www.webdo.tn\/fr\/wp-content\/uploads\/2025\/06\/Webdo-Tunisie_168377.jpg","contentUrl":"https:\/\/www.webdo.tn\/fr\/wp-content\/uploads\/2025\/06\/Webdo-Tunisie_168377.jpg","width":301,"height":301,"caption":"Webdo"},"image":{"@id":"https:\/\/www.webdo.tn\/fr\/#\/schema\/logo\/image\/"},"sameAs":["https:\/\/www.facebook.com\/webdotn","https:\/\/x.com\/webdo_tn"],"description":"Webdo est un m\u00e9dia num\u00e9rique tunisien fond\u00e9 en 2010, sp\u00e9cialis\u00e9 dans l\u2019actualit\u00e9 nationale et internationale, l\u2019\u00e9conomie, la soci\u00e9t\u00e9 et les analyses politiques. Le site s\u2019adresse \u00e0 un large public francophone et couvre l\u2019information tunisienne en temps r\u00e9el.","email":"redac@webdo.tn","legalName":"YNJ SARL","foundingDate":"2010-09-06","numberOfEmployees":{"@type":"QuantitativeValue","minValue":"11","maxValue":"50"}},{"@type":"Person","@id":"https:\/\/www.webdo.tn\/fr\/#\/schema\/person\/9a9c6118d687c117df8ef3cc36a4d175","name":"webdo.tn","image":{"@type":"ImageObject","inLanguage":"fr-FR","@id":"https:\/\/secure.gravatar.com\/avatar\/7ce1f28c0c3bbac99ff550b85ef8e44a6950c6ee24514fb6a5489e51d06f0298?s=96&d=mm&r=g","url":"https:\/\/secure.gravatar.com\/avatar\/7ce1f28c0c3bbac99ff550b85ef8e44a6950c6ee24514fb6a5489e51d06f0298?s=96&d=mm&r=g","contentUrl":"https:\/\/secure.gravatar.com\/avatar\/7ce1f28c0c3bbac99ff550b85ef8e44a6950c6ee24514fb6a5489e51d06f0298?s=96&d=mm&r=g","caption":"webdo.tn"},"url":"https:\/\/www.webdo.tn\/fr\/actualite\/author\/webdotn\/"}]}},"_links":{"self":[{"href":"https:\/\/www.webdo.tn\/fr\/wp-json\/wp\/v2\/posts\/172620","targetHints":{"allow":["GET"]}}],"collection":[{"href":"https:\/\/www.webdo.tn\/fr\/wp-json\/wp\/v2\/posts"}],"about":[{"href":"https:\/\/www.webdo.tn\/fr\/wp-json\/wp\/v2\/types\/post"}],"author":[{"embeddable":true,"href":"https:\/\/www.webdo.tn\/fr\/wp-json\/wp\/v2\/users\/3222"}],"replies":[{"embeddable":true,"href":"https:\/\/www.webdo.tn\/fr\/wp-json\/wp\/v2\/comments?post=172620"}],"version-history":[{"count":0,"href":"https:\/\/www.webdo.tn\/fr\/wp-json\/wp\/v2\/posts\/172620\/revisions"}],"wp:featuredmedia":[{"embeddable":true,"href":"https:\/\/www.webdo.tn\/fr\/wp-json\/wp\/v2\/media\/376290"}],"wp:attachment":[{"href":"https:\/\/www.webdo.tn\/fr\/wp-json\/wp\/v2\/media?parent=172620"}],"wp:term":[{"taxonomy":"category","embeddable":true,"href":"https:\/\/www.webdo.tn\/fr\/wp-json\/wp\/v2\/categories?post=172620"},{"taxonomy":"post_tag","embeddable":true,"href":"https:\/\/www.webdo.tn\/fr\/wp-json\/wp\/v2\/tags?post=172620"}],"curies":[{"name":"wp","href":"https:\/\/api.w.org\/{rel}","templated":true}]}}