{"id":172602,"date":"2011-09-05T11:38:00","date_gmt":"2011-09-05T11:38:00","guid":{"rendered":"https:\/\/www.webdo.tn\/fr\/actualite\/blog\/votre-avis-nous-interesse-poussee-de-fievre-ou-plan-diabolique\/172602\/"},"modified":"2011-09-05T11:38:00","modified_gmt":"2011-09-05T11:38:00","slug":"votre-avis-nous-interesse-poussee-de-fievre-ou-plan-diabolique","status":"publish","type":"post","link":"https:\/\/www.webdo.tn\/fr\/actualite\/national\/votre-avis-nous-interesse-poussee-de-fievre-ou-plan-diabolique\/172602\/","title":{"rendered":"Votre avis nous int\u00e9resse \u2013 Pouss\u00e9e de fi\u00e8vre ou plan diabolique ?"},"content":{"rendered":"<p>Durant toute la semaine \u00e9coul\u00e9e, plusieurs rumeurs et de nombreux actes criminels ont d\u00e9fray\u00e9 la chronique.<\/p>\n<p>On a ainsi annonc\u00e9 puis d\u00e9menti une grande \u00e9vasion de la prison de Sfax. On a aussi parl\u00e9 d&rsquo;un incendie criminel dans la palmeraie de Tozeur alors qu&rsquo;il s&rsquo;agissait d&rsquo;un accident.<\/p>\n<p>Sur les r\u00e9seaux sociaux, de nombreuses images circulent avec ici des pri\u00e8res collectives \u00e0 la plage et l\u00e0 des nouvelles immolations par le feu.<\/p>\n<p>Plus grave, des faits de violence \u00e0 Sbeitla, Douz, Jebniana et Sidi Bouzid ont fait d&rsquo;innocentes victimes et g\u00e9n\u00e9r\u00e9 de nombreux bless\u00e9s ainsi que des d\u00e9g\u00e2ts importants.<\/p>\n<p>En outre, plusieurs dizaines d&rsquo;incendies, en toute hypoth\u00e8se criminels, ont \u00e9t\u00e9 relev\u00e9s dans les gouvernorats de Jendouba et Kairaouan et sont aujourd\u2019hui en voie d&rsquo;\u00eatre maitris\u00e9s par la protection civile.<\/p>\n<p>Par ailleurs, des sit-in et \u2013 c&rsquo;est nouveau \u2013 des attaques de locaux de partis politiques ont eu lieu ce week-end dans les gouvernorats de Kairaouan et Sidi Bouzid.<\/p>\n<p>L&rsquo;opinion publique se demande s&rsquo;il s&rsquo;agit l\u00e0 d&rsquo;une pouss\u00e9e de fi\u00e8vre subite ou d&rsquo;un plan concerte visant \u00e0 troubler le processus \u00e9lectoral et la transition d\u00e9mocratique.<\/p>\n<p>Un \u00e9ditorial du quotidien La Presse notait ainsi que cette vague avait lieu eu en m\u00eame temps que la reprise en main du commerce anarchique.<\/p>\n<p>D&rsquo;autres voix y voient p\u00eale-m\u00eale la main du RCD dissous, une r\u00e9surgence du tribalisme, un bras de fer de la soci\u00e9t\u00e9 avec l\u2019\u00c9tat ou encore des man\u0153uvres opportunistes.<\/p>\n<p>Qu&rsquo;en pensent nos lecteurs ? Quelles sont vos opinions et vos analyses ? Votre avis nous int\u00e9resse et nous vous invitons \u00e0 ce nouveau forum.<\/p>\n","protected":false},"excerpt":{"rendered":"<p>Votre avis nous int\u00e9resse \u2013 Pouss\u00e9e de fi\u00e8vre ou plan diabolique ? <\/p>\n","protected":false},"author":3222,"featured_media":365180,"comment_status":"open","ping_status":"closed","sticky":false,"template":"","format":"standard","meta":{"footnotes":""},"categories":[44],"tags":[],"class_list":["post-172602","post","type-post","status-publish","format-standard","has-post-thumbnail","hentry","category-national"],"yoast_head":"<!-- This site is optimized with the Yoast SEO Premium plugin v27.4 (Yoast SEO v27.5) - https:\/\/yoast.com\/product\/yoast-seo-premium-wordpress\/ -->\n<title>Votre avis nous int\u00e9resse \u2013 Pouss\u00e9e de fi\u00e8vre ou plan diabolique ?<\/title>\n<meta name=\"description\" content=\"Votre avis nous int\u00e9resse \u2013 Pouss\u00e9e de fi\u00e8vre ou plan diabolique ?\" \/>\n<link rel=\"canonical\" href=\"https:\/\/www.webdo.tn\/fr\/actualite\/national\/votre-avis-nous-interesse-poussee-de-fievre-ou-plan-diabolique\/172602\/\" \/>\n<meta property=\"og:locale\" content=\"fr_FR\" \/>\n<meta property=\"og:type\" content=\"article\" \/>\n<meta property=\"og:title\" content=\"Votre avis nous int\u00e9resse \u2013 Pouss\u00e9e de fi\u00e8vre ou plan diabolique ?\" \/>\n<meta property=\"og:description\" content=\"Votre avis nous int\u00e9resse \u2013 Pouss\u00e9e de fi\u00e8vre ou plan diabolique ?\" \/>\n<meta property=\"og:url\" content=\"https:\/\/www.webdo.tn\/fr\/actualite\/national\/votre-avis-nous-interesse-poussee-de-fievre-ou-plan-diabolique\/172602\/\" \/>\n<meta property=\"og:site_name\" content=\"webdo\" \/>\n<meta property=\"article:publisher\" content=\"https:\/\/www.facebook.com\/webdotn\" \/>\n<meta property=\"article:published_time\" content=\"2011-09-05T11:38:00+00:00\" \/>\n<meta property=\"og:image\" content=\"https:\/\/www.webdo.tn\/fr\/wp-content\/uploads\/2011\/09\/Incendie-photo-fr.hdhod_.com_.jpg\" \/>\n\t<meta property=\"og:image:width\" content=\"268\" \/>\n\t<meta property=\"og:image:height\" content=\"192\" \/>\n\t<meta property=\"og:image:type\" content=\"image\/jpeg\" \/>\n<meta name=\"author\" content=\"webdo.tn\" \/>\n<meta name=\"twitter:card\" content=\"summary_large_image\" \/>\n<meta name=\"twitter:creator\" content=\"@webdo_tn\" \/>\n<meta name=\"twitter:site\" content=\"@webdo_tn\" \/>\n<meta name=\"twitter:label1\" content=\"\u00c9crit par\" \/>\n\t<meta name=\"twitter:data1\" content=\"webdo.tn\" \/>\n\t<meta name=\"twitter:label2\" content=\"Dur\u00e9e de lecture estim\u00e9e\" \/>\n\t<meta name=\"twitter:data2\" content=\"1 minute\" \/>\n<script type=\"application\/ld+json\" class=\"yoast-schema-graph\">{\"@context\":\"https:\\\/\\\/schema.org\",\"@graph\":[{\"@type\":\"NewsArticle\",\"@id\":\"https:\\\/\\\/www.webdo.tn\\\/fr\\\/actualite\\\/national\\\/votre-avis-nous-interesse-poussee-de-fievre-ou-plan-diabolique\\\/172602\\\/#article\",\"isPartOf\":{\"@id\":\"https:\\\/\\\/www.webdo.tn\\\/fr\\\/actualite\\\/national\\\/votre-avis-nous-interesse-poussee-de-fievre-ou-plan-diabolique\\\/172602\\\/\"},\"author\":{\"name\":\"webdo.tn\",\"@id\":\"https:\\\/\\\/www.webdo.tn\\\/fr\\\/#\\\/schema\\\/person\\\/9a9c6118d687c117df8ef3cc36a4d175\"},\"headline\":\"Votre avis nous int\u00e9resse \u2013 Pouss\u00e9e de fi\u00e8vre ou plan diabolique ?\",\"datePublished\":\"2011-09-05T11:38:00+00:00\",\"mainEntityOfPage\":{\"@id\":\"https:\\\/\\\/www.webdo.tn\\\/fr\\\/actualite\\\/national\\\/votre-avis-nous-interesse-poussee-de-fievre-ou-plan-diabolique\\\/172602\\\/\"},\"wordCount\":306,\"commentCount\":0,\"publisher\":{\"@id\":\"https:\\\/\\\/www.webdo.tn\\\/fr\\\/#organization\"},\"image\":{\"@id\":\"https:\\\/\\\/www.webdo.tn\\\/fr\\\/actualite\\\/national\\\/votre-avis-nous-interesse-poussee-de-fievre-ou-plan-diabolique\\\/172602\\\/#primaryimage\"},\"thumbnailUrl\":\"https:\\\/\\\/www.webdo.tn\\\/fr\\\/wp-content\\\/uploads\\\/2011\\\/09\\\/Incendie-photo-fr.hdhod_.com_.jpg\",\"articleSection\":[\"National\"],\"inLanguage\":\"fr-FR\"},{\"@type\":\"WebPage\",\"@id\":\"https:\\\/\\\/www.webdo.tn\\\/fr\\\/actualite\\\/national\\\/votre-avis-nous-interesse-poussee-de-fievre-ou-plan-diabolique\\\/172602\\\/\",\"url\":\"https:\\\/\\\/www.webdo.tn\\\/fr\\\/actualite\\\/national\\\/votre-avis-nous-interesse-poussee-de-fievre-ou-plan-diabolique\\\/172602\\\/\",\"name\":\"Votre avis nous int\u00e9resse \u2013 Pouss\u00e9e de fi\u00e8vre ou plan diabolique ?\",\"isPartOf\":{\"@id\":\"https:\\\/\\\/www.webdo.tn\\\/fr\\\/#website\"},\"primaryImageOfPage\":{\"@id\":\"https:\\\/\\\/www.webdo.tn\\\/fr\\\/actualite\\\/national\\\/votre-avis-nous-interesse-poussee-de-fievre-ou-plan-diabolique\\\/172602\\\/#primaryimage\"},\"image\":{\"@id\":\"https:\\\/\\\/www.webdo.tn\\\/fr\\\/actualite\\\/national\\\/votre-avis-nous-interesse-poussee-de-fievre-ou-plan-diabolique\\\/172602\\\/#primaryimage\"},\"thumbnailUrl\":\"https:\\\/\\\/www.webdo.tn\\\/fr\\\/wp-content\\\/uploads\\\/2011\\\/09\\\/Incendie-photo-fr.hdhod_.com_.jpg\",\"datePublished\":\"2011-09-05T11:38:00+00:00\",\"description\":\"Votre avis nous int\u00e9resse \u2013 Pouss\u00e9e de fi\u00e8vre ou plan diabolique ?\",\"breadcrumb\":{\"@id\":\"https:\\\/\\\/www.webdo.tn\\\/fr\\\/actualite\\\/national\\\/votre-avis-nous-interesse-poussee-de-fievre-ou-plan-diabolique\\\/172602\\\/#breadcrumb\"},\"inLanguage\":\"fr-FR\",\"potentialAction\":[{\"@type\":\"ReadAction\",\"target\":[\"https:\\\/\\\/www.webdo.tn\\\/fr\\\/actualite\\\/national\\\/votre-avis-nous-interesse-poussee-de-fievre-ou-plan-diabolique\\\/172602\\\/\"]}]},{\"@type\":\"ImageObject\",\"inLanguage\":\"fr-FR\",\"@id\":\"https:\\\/\\\/www.webdo.tn\\\/fr\\\/actualite\\\/national\\\/votre-avis-nous-interesse-poussee-de-fievre-ou-plan-diabolique\\\/172602\\\/#primaryimage\",\"url\":\"https:\\\/\\\/www.webdo.tn\\\/fr\\\/wp-content\\\/uploads\\\/2011\\\/09\\\/Incendie-photo-fr.hdhod_.com_.jpg\",\"contentUrl\":\"https:\\\/\\\/www.webdo.tn\\\/fr\\\/wp-content\\\/uploads\\\/2011\\\/09\\\/Incendie-photo-fr.hdhod_.com_.jpg\",\"width\":268,\"height\":192,\"caption\":\"Votre avis nous int\u00e9resse \u2013 Pouss\u00e9e de fi\u00e8vre ou plan diabolique ?\"},{\"@type\":\"BreadcrumbList\",\"@id\":\"https:\\\/\\\/www.webdo.tn\\\/fr\\\/actualite\\\/national\\\/votre-avis-nous-interesse-poussee-de-fievre-ou-plan-diabolique\\\/172602\\\/#breadcrumb\",\"itemListElement\":[{\"@type\":\"ListItem\",\"position\":1,\"name\":\"Accueil\",\"item\":\"https:\\\/\\\/www.webdo.tn\\\/fr\\\/\"},{\"@type\":\"ListItem\",\"position\":2,\"name\":\"Votre avis nous int\u00e9resse \u2013 Pouss\u00e9e de fi\u00e8vre ou plan diabolique ?\"}]},{\"@type\":\"WebSite\",\"@id\":\"https:\\\/\\\/www.webdo.tn\\\/fr\\\/#website\",\"url\":\"https:\\\/\\\/www.webdo.tn\\\/fr\\\/\",\"name\":\"webdo\",\"description\":\"Tunisie - News en Tunisie et \u00e0 l&#039;international sur Webdo.tn\",\"publisher\":{\"@id\":\"https:\\\/\\\/www.webdo.tn\\\/fr\\\/#organization\"},\"potentialAction\":[{\"@type\":\"SearchAction\",\"target\":{\"@type\":\"EntryPoint\",\"urlTemplate\":\"https:\\\/\\\/www.webdo.tn\\\/fr\\\/?s={search_term_string}\"},\"query-input\":{\"@type\":\"PropertyValueSpecification\",\"valueRequired\":true,\"valueName\":\"search_term_string\"}}],\"inLanguage\":\"fr-FR\"},{\"@type\":\"Organization\",\"@id\":\"https:\\\/\\\/www.webdo.tn\\\/fr\\\/#organization\",\"name\":\"Webdo\",\"alternateName\":\"Webdo.tn\",\"url\":\"https:\\\/\\\/www.webdo.tn\\\/fr\\\/\",\"logo\":{\"@type\":\"ImageObject\",\"inLanguage\":\"fr-FR\",\"@id\":\"https:\\\/\\\/www.webdo.tn\\\/fr\\\/#\\\/schema\\\/logo\\\/image\\\/\",\"url\":\"https:\\\/\\\/www.webdo.tn\\\/fr\\\/wp-content\\\/uploads\\\/2025\\\/06\\\/Webdo-Tunisie_168377.jpg\",\"contentUrl\":\"https:\\\/\\\/www.webdo.tn\\\/fr\\\/wp-content\\\/uploads\\\/2025\\\/06\\\/Webdo-Tunisie_168377.jpg\",\"width\":301,\"height\":301,\"caption\":\"Webdo\"},\"image\":{\"@id\":\"https:\\\/\\\/www.webdo.tn\\\/fr\\\/#\\\/schema\\\/logo\\\/image\\\/\"},\"sameAs\":[\"https:\\\/\\\/www.facebook.com\\\/webdotn\",\"https:\\\/\\\/x.com\\\/webdo_tn\"],\"description\":\"Webdo est un m\u00e9dia num\u00e9rique tunisien fond\u00e9 en 2010, sp\u00e9cialis\u00e9 dans l\u2019actualit\u00e9 nationale et internationale, l\u2019\u00e9conomie, la soci\u00e9t\u00e9 et les analyses politiques. Le site s\u2019adresse \u00e0 un large public francophone et couvre l\u2019information tunisienne en temps r\u00e9el.\",\"email\":\"redac@webdo.tn\",\"legalName\":\"YNJ SARL\",\"foundingDate\":\"2010-09-06\",\"numberOfEmployees\":{\"@type\":\"QuantitativeValue\",\"minValue\":\"11\",\"maxValue\":\"50\"}},{\"@type\":\"Person\",\"@id\":\"https:\\\/\\\/www.webdo.tn\\\/fr\\\/#\\\/schema\\\/person\\\/9a9c6118d687c117df8ef3cc36a4d175\",\"name\":\"webdo.tn\",\"image\":{\"@type\":\"ImageObject\",\"inLanguage\":\"fr-FR\",\"@id\":\"https:\\\/\\\/secure.gravatar.com\\\/avatar\\\/7ce1f28c0c3bbac99ff550b85ef8e44a6950c6ee24514fb6a5489e51d06f0298?s=96&d=mm&r=g\",\"url\":\"https:\\\/\\\/secure.gravatar.com\\\/avatar\\\/7ce1f28c0c3bbac99ff550b85ef8e44a6950c6ee24514fb6a5489e51d06f0298?s=96&d=mm&r=g\",\"contentUrl\":\"https:\\\/\\\/secure.gravatar.com\\\/avatar\\\/7ce1f28c0c3bbac99ff550b85ef8e44a6950c6ee24514fb6a5489e51d06f0298?s=96&d=mm&r=g\",\"caption\":\"webdo.tn\"},\"url\":\"https:\\\/\\\/www.webdo.tn\\\/fr\\\/actualite\\\/author\\\/webdotn\\\/\"}]}<\/script>\n<!-- \/ Yoast SEO Premium plugin. -->","yoast_head_json":{"title":"Votre avis nous int\u00e9resse \u2013 Pouss\u00e9e de fi\u00e8vre ou plan diabolique ?","description":"Votre avis nous int\u00e9resse \u2013 Pouss\u00e9e de fi\u00e8vre ou plan diabolique ?","canonical":"https:\/\/www.webdo.tn\/fr\/actualite\/national\/votre-avis-nous-interesse-poussee-de-fievre-ou-plan-diabolique\/172602\/","og_locale":"fr_FR","og_type":"article","og_title":"Votre avis nous int\u00e9resse \u2013 Pouss\u00e9e de fi\u00e8vre ou plan diabolique ?","og_description":"Votre avis nous int\u00e9resse \u2013 Pouss\u00e9e de fi\u00e8vre ou plan diabolique ?","og_url":"https:\/\/www.webdo.tn\/fr\/actualite\/national\/votre-avis-nous-interesse-poussee-de-fievre-ou-plan-diabolique\/172602\/","og_site_name":"webdo","article_publisher":"https:\/\/www.facebook.com\/webdotn","article_published_time":"2011-09-05T11:38:00+00:00","og_image":[{"width":268,"height":192,"url":"https:\/\/www.webdo.tn\/fr\/wp-content\/uploads\/2011\/09\/Incendie-photo-fr.hdhod_.com_.jpg","type":"image\/jpeg"}],"author":"webdo.tn","twitter_card":"summary_large_image","twitter_creator":"@webdo_tn","twitter_site":"@webdo_tn","twitter_misc":{"\u00c9crit par":"webdo.tn","Dur\u00e9e de lecture estim\u00e9e":"1 minute"},"schema":{"@context":"https:\/\/schema.org","@graph":[{"@type":"NewsArticle","@id":"https:\/\/www.webdo.tn\/fr\/actualite\/national\/votre-avis-nous-interesse-poussee-de-fievre-ou-plan-diabolique\/172602\/#article","isPartOf":{"@id":"https:\/\/www.webdo.tn\/fr\/actualite\/national\/votre-avis-nous-interesse-poussee-de-fievre-ou-plan-diabolique\/172602\/"},"author":{"name":"webdo.tn","@id":"https:\/\/www.webdo.tn\/fr\/#\/schema\/person\/9a9c6118d687c117df8ef3cc36a4d175"},"headline":"Votre avis nous int\u00e9resse \u2013 Pouss\u00e9e de fi\u00e8vre ou plan diabolique ?","datePublished":"2011-09-05T11:38:00+00:00","mainEntityOfPage":{"@id":"https:\/\/www.webdo.tn\/fr\/actualite\/national\/votre-avis-nous-interesse-poussee-de-fievre-ou-plan-diabolique\/172602\/"},"wordCount":306,"commentCount":0,"publisher":{"@id":"https:\/\/www.webdo.tn\/fr\/#organization"},"image":{"@id":"https:\/\/www.webdo.tn\/fr\/actualite\/national\/votre-avis-nous-interesse-poussee-de-fievre-ou-plan-diabolique\/172602\/#primaryimage"},"thumbnailUrl":"https:\/\/www.webdo.tn\/fr\/wp-content\/uploads\/2011\/09\/Incendie-photo-fr.hdhod_.com_.jpg","articleSection":["National"],"inLanguage":"fr-FR"},{"@type":"WebPage","@id":"https:\/\/www.webdo.tn\/fr\/actualite\/national\/votre-avis-nous-interesse-poussee-de-fievre-ou-plan-diabolique\/172602\/","url":"https:\/\/www.webdo.tn\/fr\/actualite\/national\/votre-avis-nous-interesse-poussee-de-fievre-ou-plan-diabolique\/172602\/","name":"Votre avis nous int\u00e9resse \u2013 Pouss\u00e9e de fi\u00e8vre ou plan diabolique ?","isPartOf":{"@id":"https:\/\/www.webdo.tn\/fr\/#website"},"primaryImageOfPage":{"@id":"https:\/\/www.webdo.tn\/fr\/actualite\/national\/votre-avis-nous-interesse-poussee-de-fievre-ou-plan-diabolique\/172602\/#primaryimage"},"image":{"@id":"https:\/\/www.webdo.tn\/fr\/actualite\/national\/votre-avis-nous-interesse-poussee-de-fievre-ou-plan-diabolique\/172602\/#primaryimage"},"thumbnailUrl":"https:\/\/www.webdo.tn\/fr\/wp-content\/uploads\/2011\/09\/Incendie-photo-fr.hdhod_.com_.jpg","datePublished":"2011-09-05T11:38:00+00:00","description":"Votre avis nous int\u00e9resse \u2013 Pouss\u00e9e de fi\u00e8vre ou plan diabolique ?","breadcrumb":{"@id":"https:\/\/www.webdo.tn\/fr\/actualite\/national\/votre-avis-nous-interesse-poussee-de-fievre-ou-plan-diabolique\/172602\/#breadcrumb"},"inLanguage":"fr-FR","potentialAction":[{"@type":"ReadAction","target":["https:\/\/www.webdo.tn\/fr\/actualite\/national\/votre-avis-nous-interesse-poussee-de-fievre-ou-plan-diabolique\/172602\/"]}]},{"@type":"ImageObject","inLanguage":"fr-FR","@id":"https:\/\/www.webdo.tn\/fr\/actualite\/national\/votre-avis-nous-interesse-poussee-de-fievre-ou-plan-diabolique\/172602\/#primaryimage","url":"https:\/\/www.webdo.tn\/fr\/wp-content\/uploads\/2011\/09\/Incendie-photo-fr.hdhod_.com_.jpg","contentUrl":"https:\/\/www.webdo.tn\/fr\/wp-content\/uploads\/2011\/09\/Incendie-photo-fr.hdhod_.com_.jpg","width":268,"height":192,"caption":"Votre avis nous int\u00e9resse \u2013 Pouss\u00e9e de fi\u00e8vre ou plan diabolique ?"},{"@type":"BreadcrumbList","@id":"https:\/\/www.webdo.tn\/fr\/actualite\/national\/votre-avis-nous-interesse-poussee-de-fievre-ou-plan-diabolique\/172602\/#breadcrumb","itemListElement":[{"@type":"ListItem","position":1,"name":"Accueil","item":"https:\/\/www.webdo.tn\/fr\/"},{"@type":"ListItem","position":2,"name":"Votre avis nous int\u00e9resse \u2013 Pouss\u00e9e de fi\u00e8vre ou plan diabolique ?"}]},{"@type":"WebSite","@id":"https:\/\/www.webdo.tn\/fr\/#website","url":"https:\/\/www.webdo.tn\/fr\/","name":"webdo","description":"Tunisie - News en Tunisie et \u00e0 l&#039;international sur Webdo.tn","publisher":{"@id":"https:\/\/www.webdo.tn\/fr\/#organization"},"potentialAction":[{"@type":"SearchAction","target":{"@type":"EntryPoint","urlTemplate":"https:\/\/www.webdo.tn\/fr\/?s={search_term_string}"},"query-input":{"@type":"PropertyValueSpecification","valueRequired":true,"valueName":"search_term_string"}}],"inLanguage":"fr-FR"},{"@type":"Organization","@id":"https:\/\/www.webdo.tn\/fr\/#organization","name":"Webdo","alternateName":"Webdo.tn","url":"https:\/\/www.webdo.tn\/fr\/","logo":{"@type":"ImageObject","inLanguage":"fr-FR","@id":"https:\/\/www.webdo.tn\/fr\/#\/schema\/logo\/image\/","url":"https:\/\/www.webdo.tn\/fr\/wp-content\/uploads\/2025\/06\/Webdo-Tunisie_168377.jpg","contentUrl":"https:\/\/www.webdo.tn\/fr\/wp-content\/uploads\/2025\/06\/Webdo-Tunisie_168377.jpg","width":301,"height":301,"caption":"Webdo"},"image":{"@id":"https:\/\/www.webdo.tn\/fr\/#\/schema\/logo\/image\/"},"sameAs":["https:\/\/www.facebook.com\/webdotn","https:\/\/x.com\/webdo_tn"],"description":"Webdo est un m\u00e9dia num\u00e9rique tunisien fond\u00e9 en 2010, sp\u00e9cialis\u00e9 dans l\u2019actualit\u00e9 nationale et internationale, l\u2019\u00e9conomie, la soci\u00e9t\u00e9 et les analyses politiques. Le site s\u2019adresse \u00e0 un large public francophone et couvre l\u2019information tunisienne en temps r\u00e9el.","email":"redac@webdo.tn","legalName":"YNJ SARL","foundingDate":"2010-09-06","numberOfEmployees":{"@type":"QuantitativeValue","minValue":"11","maxValue":"50"}},{"@type":"Person","@id":"https:\/\/www.webdo.tn\/fr\/#\/schema\/person\/9a9c6118d687c117df8ef3cc36a4d175","name":"webdo.tn","image":{"@type":"ImageObject","inLanguage":"fr-FR","@id":"https:\/\/secure.gravatar.com\/avatar\/7ce1f28c0c3bbac99ff550b85ef8e44a6950c6ee24514fb6a5489e51d06f0298?s=96&d=mm&r=g","url":"https:\/\/secure.gravatar.com\/avatar\/7ce1f28c0c3bbac99ff550b85ef8e44a6950c6ee24514fb6a5489e51d06f0298?s=96&d=mm&r=g","contentUrl":"https:\/\/secure.gravatar.com\/avatar\/7ce1f28c0c3bbac99ff550b85ef8e44a6950c6ee24514fb6a5489e51d06f0298?s=96&d=mm&r=g","caption":"webdo.tn"},"url":"https:\/\/www.webdo.tn\/fr\/actualite\/author\/webdotn\/"}]}},"_links":{"self":[{"href":"https:\/\/www.webdo.tn\/fr\/wp-json\/wp\/v2\/posts\/172602","targetHints":{"allow":["GET"]}}],"collection":[{"href":"https:\/\/www.webdo.tn\/fr\/wp-json\/wp\/v2\/posts"}],"about":[{"href":"https:\/\/www.webdo.tn\/fr\/wp-json\/wp\/v2\/types\/post"}],"author":[{"embeddable":true,"href":"https:\/\/www.webdo.tn\/fr\/wp-json\/wp\/v2\/users\/3222"}],"replies":[{"embeddable":true,"href":"https:\/\/www.webdo.tn\/fr\/wp-json\/wp\/v2\/comments?post=172602"}],"version-history":[{"count":0,"href":"https:\/\/www.webdo.tn\/fr\/wp-json\/wp\/v2\/posts\/172602\/revisions"}],"wp:featuredmedia":[{"embeddable":true,"href":"https:\/\/www.webdo.tn\/fr\/wp-json\/wp\/v2\/media\/365180"}],"wp:attachment":[{"href":"https:\/\/www.webdo.tn\/fr\/wp-json\/wp\/v2\/media?parent=172602"}],"wp:term":[{"taxonomy":"category","embeddable":true,"href":"https:\/\/www.webdo.tn\/fr\/wp-json\/wp\/v2\/categories?post=172602"},{"taxonomy":"post_tag","embeddable":true,"href":"https:\/\/www.webdo.tn\/fr\/wp-json\/wp\/v2\/tags?post=172602"}],"curies":[{"name":"wp","href":"https:\/\/api.w.org\/{rel}","templated":true}]}}