{"id":172600,"date":"2011-09-05T21:46:00","date_gmt":"2011-09-05T21:46:00","guid":{"rendered":"https:\/\/www.webdo.tn\/fr\/actualite\/blog\/le-pdp-presente-ses-listes-sur-fond-de-dissensions\/172600\/"},"modified":"2011-09-05T21:46:00","modified_gmt":"2011-09-05T21:46:00","slug":"le-pdp-presente-ses-listes-sur-fond-de-dissensions","status":"publish","type":"post","link":"https:\/\/www.webdo.tn\/fr\/actualite\/national\/le-pdp-presente-ses-listes-sur-fond-de-dissensions\/172600\/","title":{"rendered":"Le PDP pr\u00e9sente ses listes, sur fond de dissensions\u00a0!"},"content":{"rendered":"<p>Plus que deux jours pour la pr\u00e9sentation des listes de candidature pour les \u00e9lections de l\u2019Assembl\u00e9e constituante du 23 octobre prochain. Le d\u00e9lai, date butoir, du 7 septembre approche en tout cas \u00e0 grands pas. Ce qui explique la fr\u00e9n\u00e9sie qui s\u2019empare des partis afin d\u2019apporter les derni\u00e8res retouches \u00e0 leurs listes et \u00e9viter certaines frictions qui ne manquent pas de surgir en de telles circonstances.<\/p>\n<p>Le Parti d\u00e9mocrate progressiste (PDP) a en revanche pr\u00e9sent\u00e9 ses listes quarante-huit heures avant la cl\u00f4ture, faisant par ailleurs le plein, dans ce sens qu\u2019il a \u00e9labor\u00e9 trente-trois (33) listes pour toucher aux vingt-sept (27) circonscriptions du pays, en plus des six (6) ouvertes outre-mer, \u00e0 savoir 2 bureaux en France, et 4 autres r\u00e9partis entre l\u2019Allemagne, le Canada, l\u2019Italie et le Monde arabe.<\/p>\n<p>Mais d\u2019ores et d\u00e9j\u00e0, la grogne monte dans certaines r\u00e9gions, car apr\u00e8s les remous et autres rumeurs qui ont fait suite \u00e0 l\u2019annonce de la liste de Kasserine, avec essentiellement des menaces de d\u00e9missions de certains membres du parti dans cette ville, voil\u00e0 qu\u2019une autre affaire \u00e9clate du c\u00f4t\u00e9 du nord du pays.<\/p>\n<p>A Bizerte, en effet, Souad Koussami, un des membres influents de la ville de l\u2019Evacuation a franchi, aujourd&rsquo;hui, le pas pour pr\u00e9senter officiellement sa d\u00e9mission, en guise de contestation quant \u00e0 l\u2019\u00e9laboration de la liste locale, dont la pr\u00e9sidence aurait \u00e9t\u00e9 confi\u00e9e \u00e0 Mehdi Ben Gharbia, un homme d\u2019affaires connu pour son soutien au PDP. La d\u00e9missionnaire estime effectivement qu\u2019elle est en droit de revendiquer cette pr\u00e9sidence, qui a \u00e9t\u00e9, selon elle, offerte sur un plateau \u00e0 un membre parachut\u00e9 au dernier moment.<\/p>\n<p>Le Bureau central du PDP n\u2019a pas tard\u00e9, dans un communiqu\u00e9, \u00e0 annoncer ses \u00ab\u00a0vifs regrets pour ce geste, affirmant que ladite liste a \u00e9t\u00e9 \u00e9labor\u00e9e en \u00e9troite collaboration avec le bureau r\u00e9gional, dont notamment Souad Koumassi\u00a0\u00bb\u2026<\/p>\n","protected":false},"excerpt":{"rendered":"<p>Le PDP pr\u00e9sente ses listes, sur fond de dissensions\u00a0! <\/p>\n","protected":false},"author":3222,"featured_media":365187,"comment_status":"open","ping_status":"closed","sticky":false,"template":"","format":"standard","meta":{"footnotes":""},"categories":[44],"tags":[],"class_list":["post-172600","post","type-post","status-publish","format-standard","has-post-thumbnail","hentry","category-national"],"yoast_head":"<!-- This site is optimized with the Yoast SEO Premium plugin v27.4 (Yoast SEO v27.5) - https:\/\/yoast.com\/product\/yoast-seo-premium-wordpress\/ -->\n<title>Le PDP pr\u00e9sente ses listes, sur fond de dissensions\u00a0!<\/title>\n<meta name=\"description\" content=\"Le PDP pr\u00e9sente ses listes, sur fond de dissensions\u00a0!\" \/>\n<link rel=\"canonical\" href=\"https:\/\/www.webdo.tn\/fr\/actualite\/national\/le-pdp-presente-ses-listes-sur-fond-de-dissensions\/172600\/\" \/>\n<meta property=\"og:locale\" content=\"fr_FR\" \/>\n<meta property=\"og:type\" content=\"article\" \/>\n<meta property=\"og:title\" content=\"Le PDP pr\u00e9sente ses listes, sur fond de dissensions\u00a0!\" \/>\n<meta property=\"og:description\" content=\"Le PDP pr\u00e9sente ses listes, sur fond de dissensions\u00a0!\" \/>\n<meta property=\"og:url\" content=\"https:\/\/www.webdo.tn\/fr\/actualite\/national\/le-pdp-presente-ses-listes-sur-fond-de-dissensions\/172600\/\" \/>\n<meta property=\"og:site_name\" content=\"webdo\" \/>\n<meta property=\"article:publisher\" content=\"https:\/\/www.facebook.com\/webdotn\" \/>\n<meta property=\"article:published_time\" content=\"2011-09-05T21:46:00+00:00\" \/>\n<meta property=\"og:image\" content=\"https:\/\/www.webdo.tn\/fr\/wp-content\/uploads\/2011\/09\/PDP.jpg\" \/>\n\t<meta property=\"og:image:width\" content=\"180\" \/>\n\t<meta property=\"og:image:height\" content=\"232\" \/>\n\t<meta property=\"og:image:type\" content=\"image\/jpeg\" \/>\n<meta name=\"author\" content=\"webdo.tn\" \/>\n<meta name=\"twitter:card\" content=\"summary_large_image\" \/>\n<meta name=\"twitter:creator\" content=\"@webdo_tn\" \/>\n<meta name=\"twitter:site\" content=\"@webdo_tn\" \/>\n<meta name=\"twitter:label1\" content=\"\u00c9crit par\" \/>\n\t<meta name=\"twitter:data1\" content=\"webdo.tn\" \/>\n\t<meta name=\"twitter:label2\" content=\"Dur\u00e9e de lecture estim\u00e9e\" \/>\n\t<meta name=\"twitter:data2\" content=\"2 minutes\" \/>\n<script type=\"application\/ld+json\" class=\"yoast-schema-graph\">{\"@context\":\"https:\\\/\\\/schema.org\",\"@graph\":[{\"@type\":\"NewsArticle\",\"@id\":\"https:\\\/\\\/www.webdo.tn\\\/fr\\\/actualite\\\/national\\\/le-pdp-presente-ses-listes-sur-fond-de-dissensions\\\/172600\\\/#article\",\"isPartOf\":{\"@id\":\"https:\\\/\\\/www.webdo.tn\\\/fr\\\/actualite\\\/national\\\/le-pdp-presente-ses-listes-sur-fond-de-dissensions\\\/172600\\\/\"},\"author\":{\"name\":\"webdo.tn\",\"@id\":\"https:\\\/\\\/www.webdo.tn\\\/fr\\\/#\\\/schema\\\/person\\\/9a9c6118d687c117df8ef3cc36a4d175\"},\"headline\":\"Le PDP pr\u00e9sente ses listes, sur fond de dissensions\u00a0!\",\"datePublished\":\"2011-09-05T21:46:00+00:00\",\"mainEntityOfPage\":{\"@id\":\"https:\\\/\\\/www.webdo.tn\\\/fr\\\/actualite\\\/national\\\/le-pdp-presente-ses-listes-sur-fond-de-dissensions\\\/172600\\\/\"},\"wordCount\":336,\"commentCount\":0,\"publisher\":{\"@id\":\"https:\\\/\\\/www.webdo.tn\\\/fr\\\/#organization\"},\"image\":{\"@id\":\"https:\\\/\\\/www.webdo.tn\\\/fr\\\/actualite\\\/national\\\/le-pdp-presente-ses-listes-sur-fond-de-dissensions\\\/172600\\\/#primaryimage\"},\"thumbnailUrl\":\"https:\\\/\\\/www.webdo.tn\\\/fr\\\/wp-content\\\/uploads\\\/2011\\\/09\\\/PDP.jpg\",\"articleSection\":[\"National\"],\"inLanguage\":\"fr-FR\"},{\"@type\":\"WebPage\",\"@id\":\"https:\\\/\\\/www.webdo.tn\\\/fr\\\/actualite\\\/national\\\/le-pdp-presente-ses-listes-sur-fond-de-dissensions\\\/172600\\\/\",\"url\":\"https:\\\/\\\/www.webdo.tn\\\/fr\\\/actualite\\\/national\\\/le-pdp-presente-ses-listes-sur-fond-de-dissensions\\\/172600\\\/\",\"name\":\"Le PDP pr\u00e9sente ses listes, sur fond de dissensions\u00a0!\",\"isPartOf\":{\"@id\":\"https:\\\/\\\/www.webdo.tn\\\/fr\\\/#website\"},\"primaryImageOfPage\":{\"@id\":\"https:\\\/\\\/www.webdo.tn\\\/fr\\\/actualite\\\/national\\\/le-pdp-presente-ses-listes-sur-fond-de-dissensions\\\/172600\\\/#primaryimage\"},\"image\":{\"@id\":\"https:\\\/\\\/www.webdo.tn\\\/fr\\\/actualite\\\/national\\\/le-pdp-presente-ses-listes-sur-fond-de-dissensions\\\/172600\\\/#primaryimage\"},\"thumbnailUrl\":\"https:\\\/\\\/www.webdo.tn\\\/fr\\\/wp-content\\\/uploads\\\/2011\\\/09\\\/PDP.jpg\",\"datePublished\":\"2011-09-05T21:46:00+00:00\",\"description\":\"Le PDP pr\u00e9sente ses listes, sur fond de dissensions\u00a0!\",\"breadcrumb\":{\"@id\":\"https:\\\/\\\/www.webdo.tn\\\/fr\\\/actualite\\\/national\\\/le-pdp-presente-ses-listes-sur-fond-de-dissensions\\\/172600\\\/#breadcrumb\"},\"inLanguage\":\"fr-FR\",\"potentialAction\":[{\"@type\":\"ReadAction\",\"target\":[\"https:\\\/\\\/www.webdo.tn\\\/fr\\\/actualite\\\/national\\\/le-pdp-presente-ses-listes-sur-fond-de-dissensions\\\/172600\\\/\"]}]},{\"@type\":\"ImageObject\",\"inLanguage\":\"fr-FR\",\"@id\":\"https:\\\/\\\/www.webdo.tn\\\/fr\\\/actualite\\\/national\\\/le-pdp-presente-ses-listes-sur-fond-de-dissensions\\\/172600\\\/#primaryimage\",\"url\":\"https:\\\/\\\/www.webdo.tn\\\/fr\\\/wp-content\\\/uploads\\\/2011\\\/09\\\/PDP.jpg\",\"contentUrl\":\"https:\\\/\\\/www.webdo.tn\\\/fr\\\/wp-content\\\/uploads\\\/2011\\\/09\\\/PDP.jpg\",\"width\":180,\"height\":232,\"caption\":\"Le PDP pr\u00e9sente ses listes, sur fond de dissensions\u00a0!\"},{\"@type\":\"BreadcrumbList\",\"@id\":\"https:\\\/\\\/www.webdo.tn\\\/fr\\\/actualite\\\/national\\\/le-pdp-presente-ses-listes-sur-fond-de-dissensions\\\/172600\\\/#breadcrumb\",\"itemListElement\":[{\"@type\":\"ListItem\",\"position\":1,\"name\":\"Accueil\",\"item\":\"https:\\\/\\\/www.webdo.tn\\\/fr\\\/\"},{\"@type\":\"ListItem\",\"position\":2,\"name\":\"Le PDP pr\u00e9sente ses listes, sur fond de dissensions\u00a0!\"}]},{\"@type\":\"WebSite\",\"@id\":\"https:\\\/\\\/www.webdo.tn\\\/fr\\\/#website\",\"url\":\"https:\\\/\\\/www.webdo.tn\\\/fr\\\/\",\"name\":\"webdo\",\"description\":\"Tunisie - News en Tunisie et \u00e0 l&#039;international sur Webdo.tn\",\"publisher\":{\"@id\":\"https:\\\/\\\/www.webdo.tn\\\/fr\\\/#organization\"},\"potentialAction\":[{\"@type\":\"SearchAction\",\"target\":{\"@type\":\"EntryPoint\",\"urlTemplate\":\"https:\\\/\\\/www.webdo.tn\\\/fr\\\/?s={search_term_string}\"},\"query-input\":{\"@type\":\"PropertyValueSpecification\",\"valueRequired\":true,\"valueName\":\"search_term_string\"}}],\"inLanguage\":\"fr-FR\"},{\"@type\":\"Organization\",\"@id\":\"https:\\\/\\\/www.webdo.tn\\\/fr\\\/#organization\",\"name\":\"Webdo\",\"alternateName\":\"Webdo.tn\",\"url\":\"https:\\\/\\\/www.webdo.tn\\\/fr\\\/\",\"logo\":{\"@type\":\"ImageObject\",\"inLanguage\":\"fr-FR\",\"@id\":\"https:\\\/\\\/www.webdo.tn\\\/fr\\\/#\\\/schema\\\/logo\\\/image\\\/\",\"url\":\"https:\\\/\\\/www.webdo.tn\\\/fr\\\/wp-content\\\/uploads\\\/2025\\\/06\\\/Webdo-Tunisie_168377.jpg\",\"contentUrl\":\"https:\\\/\\\/www.webdo.tn\\\/fr\\\/wp-content\\\/uploads\\\/2025\\\/06\\\/Webdo-Tunisie_168377.jpg\",\"width\":301,\"height\":301,\"caption\":\"Webdo\"},\"image\":{\"@id\":\"https:\\\/\\\/www.webdo.tn\\\/fr\\\/#\\\/schema\\\/logo\\\/image\\\/\"},\"sameAs\":[\"https:\\\/\\\/www.facebook.com\\\/webdotn\",\"https:\\\/\\\/x.com\\\/webdo_tn\"],\"description\":\"Webdo est un m\u00e9dia num\u00e9rique tunisien fond\u00e9 en 2010, sp\u00e9cialis\u00e9 dans l\u2019actualit\u00e9 nationale et internationale, l\u2019\u00e9conomie, la soci\u00e9t\u00e9 et les analyses politiques. Le site s\u2019adresse \u00e0 un large public francophone et couvre l\u2019information tunisienne en temps r\u00e9el.\",\"email\":\"redac@webdo.tn\",\"legalName\":\"YNJ SARL\",\"foundingDate\":\"2010-09-06\",\"numberOfEmployees\":{\"@type\":\"QuantitativeValue\",\"minValue\":\"11\",\"maxValue\":\"50\"}},{\"@type\":\"Person\",\"@id\":\"https:\\\/\\\/www.webdo.tn\\\/fr\\\/#\\\/schema\\\/person\\\/9a9c6118d687c117df8ef3cc36a4d175\",\"name\":\"webdo.tn\",\"image\":{\"@type\":\"ImageObject\",\"inLanguage\":\"fr-FR\",\"@id\":\"https:\\\/\\\/secure.gravatar.com\\\/avatar\\\/7ce1f28c0c3bbac99ff550b85ef8e44a6950c6ee24514fb6a5489e51d06f0298?s=96&d=mm&r=g\",\"url\":\"https:\\\/\\\/secure.gravatar.com\\\/avatar\\\/7ce1f28c0c3bbac99ff550b85ef8e44a6950c6ee24514fb6a5489e51d06f0298?s=96&d=mm&r=g\",\"contentUrl\":\"https:\\\/\\\/secure.gravatar.com\\\/avatar\\\/7ce1f28c0c3bbac99ff550b85ef8e44a6950c6ee24514fb6a5489e51d06f0298?s=96&d=mm&r=g\",\"caption\":\"webdo.tn\"},\"url\":\"https:\\\/\\\/www.webdo.tn\\\/fr\\\/actualite\\\/author\\\/webdotn\\\/\"}]}<\/script>\n<!-- \/ Yoast SEO Premium plugin. -->","yoast_head_json":{"title":"Le PDP pr\u00e9sente ses listes, sur fond de dissensions\u00a0!","description":"Le PDP pr\u00e9sente ses listes, sur fond de dissensions\u00a0!","canonical":"https:\/\/www.webdo.tn\/fr\/actualite\/national\/le-pdp-presente-ses-listes-sur-fond-de-dissensions\/172600\/","og_locale":"fr_FR","og_type":"article","og_title":"Le PDP pr\u00e9sente ses listes, sur fond de dissensions\u00a0!","og_description":"Le PDP pr\u00e9sente ses listes, sur fond de dissensions\u00a0!","og_url":"https:\/\/www.webdo.tn\/fr\/actualite\/national\/le-pdp-presente-ses-listes-sur-fond-de-dissensions\/172600\/","og_site_name":"webdo","article_publisher":"https:\/\/www.facebook.com\/webdotn","article_published_time":"2011-09-05T21:46:00+00:00","og_image":[{"width":180,"height":232,"url":"https:\/\/www.webdo.tn\/fr\/wp-content\/uploads\/2011\/09\/PDP.jpg","type":"image\/jpeg"}],"author":"webdo.tn","twitter_card":"summary_large_image","twitter_creator":"@webdo_tn","twitter_site":"@webdo_tn","twitter_misc":{"\u00c9crit par":"webdo.tn","Dur\u00e9e de lecture estim\u00e9e":"2 minutes"},"schema":{"@context":"https:\/\/schema.org","@graph":[{"@type":"NewsArticle","@id":"https:\/\/www.webdo.tn\/fr\/actualite\/national\/le-pdp-presente-ses-listes-sur-fond-de-dissensions\/172600\/#article","isPartOf":{"@id":"https:\/\/www.webdo.tn\/fr\/actualite\/national\/le-pdp-presente-ses-listes-sur-fond-de-dissensions\/172600\/"},"author":{"name":"webdo.tn","@id":"https:\/\/www.webdo.tn\/fr\/#\/schema\/person\/9a9c6118d687c117df8ef3cc36a4d175"},"headline":"Le PDP pr\u00e9sente ses listes, sur fond de dissensions\u00a0!","datePublished":"2011-09-05T21:46:00+00:00","mainEntityOfPage":{"@id":"https:\/\/www.webdo.tn\/fr\/actualite\/national\/le-pdp-presente-ses-listes-sur-fond-de-dissensions\/172600\/"},"wordCount":336,"commentCount":0,"publisher":{"@id":"https:\/\/www.webdo.tn\/fr\/#organization"},"image":{"@id":"https:\/\/www.webdo.tn\/fr\/actualite\/national\/le-pdp-presente-ses-listes-sur-fond-de-dissensions\/172600\/#primaryimage"},"thumbnailUrl":"https:\/\/www.webdo.tn\/fr\/wp-content\/uploads\/2011\/09\/PDP.jpg","articleSection":["National"],"inLanguage":"fr-FR"},{"@type":"WebPage","@id":"https:\/\/www.webdo.tn\/fr\/actualite\/national\/le-pdp-presente-ses-listes-sur-fond-de-dissensions\/172600\/","url":"https:\/\/www.webdo.tn\/fr\/actualite\/national\/le-pdp-presente-ses-listes-sur-fond-de-dissensions\/172600\/","name":"Le PDP pr\u00e9sente ses listes, sur fond de dissensions\u00a0!","isPartOf":{"@id":"https:\/\/www.webdo.tn\/fr\/#website"},"primaryImageOfPage":{"@id":"https:\/\/www.webdo.tn\/fr\/actualite\/national\/le-pdp-presente-ses-listes-sur-fond-de-dissensions\/172600\/#primaryimage"},"image":{"@id":"https:\/\/www.webdo.tn\/fr\/actualite\/national\/le-pdp-presente-ses-listes-sur-fond-de-dissensions\/172600\/#primaryimage"},"thumbnailUrl":"https:\/\/www.webdo.tn\/fr\/wp-content\/uploads\/2011\/09\/PDP.jpg","datePublished":"2011-09-05T21:46:00+00:00","description":"Le PDP pr\u00e9sente ses listes, sur fond de dissensions\u00a0!","breadcrumb":{"@id":"https:\/\/www.webdo.tn\/fr\/actualite\/national\/le-pdp-presente-ses-listes-sur-fond-de-dissensions\/172600\/#breadcrumb"},"inLanguage":"fr-FR","potentialAction":[{"@type":"ReadAction","target":["https:\/\/www.webdo.tn\/fr\/actualite\/national\/le-pdp-presente-ses-listes-sur-fond-de-dissensions\/172600\/"]}]},{"@type":"ImageObject","inLanguage":"fr-FR","@id":"https:\/\/www.webdo.tn\/fr\/actualite\/national\/le-pdp-presente-ses-listes-sur-fond-de-dissensions\/172600\/#primaryimage","url":"https:\/\/www.webdo.tn\/fr\/wp-content\/uploads\/2011\/09\/PDP.jpg","contentUrl":"https:\/\/www.webdo.tn\/fr\/wp-content\/uploads\/2011\/09\/PDP.jpg","width":180,"height":232,"caption":"Le PDP pr\u00e9sente ses listes, sur fond de dissensions\u00a0!"},{"@type":"BreadcrumbList","@id":"https:\/\/www.webdo.tn\/fr\/actualite\/national\/le-pdp-presente-ses-listes-sur-fond-de-dissensions\/172600\/#breadcrumb","itemListElement":[{"@type":"ListItem","position":1,"name":"Accueil","item":"https:\/\/www.webdo.tn\/fr\/"},{"@type":"ListItem","position":2,"name":"Le PDP pr\u00e9sente ses listes, sur fond de dissensions\u00a0!"}]},{"@type":"WebSite","@id":"https:\/\/www.webdo.tn\/fr\/#website","url":"https:\/\/www.webdo.tn\/fr\/","name":"webdo","description":"Tunisie - News en Tunisie et \u00e0 l&#039;international sur Webdo.tn","publisher":{"@id":"https:\/\/www.webdo.tn\/fr\/#organization"},"potentialAction":[{"@type":"SearchAction","target":{"@type":"EntryPoint","urlTemplate":"https:\/\/www.webdo.tn\/fr\/?s={search_term_string}"},"query-input":{"@type":"PropertyValueSpecification","valueRequired":true,"valueName":"search_term_string"}}],"inLanguage":"fr-FR"},{"@type":"Organization","@id":"https:\/\/www.webdo.tn\/fr\/#organization","name":"Webdo","alternateName":"Webdo.tn","url":"https:\/\/www.webdo.tn\/fr\/","logo":{"@type":"ImageObject","inLanguage":"fr-FR","@id":"https:\/\/www.webdo.tn\/fr\/#\/schema\/logo\/image\/","url":"https:\/\/www.webdo.tn\/fr\/wp-content\/uploads\/2025\/06\/Webdo-Tunisie_168377.jpg","contentUrl":"https:\/\/www.webdo.tn\/fr\/wp-content\/uploads\/2025\/06\/Webdo-Tunisie_168377.jpg","width":301,"height":301,"caption":"Webdo"},"image":{"@id":"https:\/\/www.webdo.tn\/fr\/#\/schema\/logo\/image\/"},"sameAs":["https:\/\/www.facebook.com\/webdotn","https:\/\/x.com\/webdo_tn"],"description":"Webdo est un m\u00e9dia num\u00e9rique tunisien fond\u00e9 en 2010, sp\u00e9cialis\u00e9 dans l\u2019actualit\u00e9 nationale et internationale, l\u2019\u00e9conomie, la soci\u00e9t\u00e9 et les analyses politiques. Le site s\u2019adresse \u00e0 un large public francophone et couvre l\u2019information tunisienne en temps r\u00e9el.","email":"redac@webdo.tn","legalName":"YNJ SARL","foundingDate":"2010-09-06","numberOfEmployees":{"@type":"QuantitativeValue","minValue":"11","maxValue":"50"}},{"@type":"Person","@id":"https:\/\/www.webdo.tn\/fr\/#\/schema\/person\/9a9c6118d687c117df8ef3cc36a4d175","name":"webdo.tn","image":{"@type":"ImageObject","inLanguage":"fr-FR","@id":"https:\/\/secure.gravatar.com\/avatar\/7ce1f28c0c3bbac99ff550b85ef8e44a6950c6ee24514fb6a5489e51d06f0298?s=96&d=mm&r=g","url":"https:\/\/secure.gravatar.com\/avatar\/7ce1f28c0c3bbac99ff550b85ef8e44a6950c6ee24514fb6a5489e51d06f0298?s=96&d=mm&r=g","contentUrl":"https:\/\/secure.gravatar.com\/avatar\/7ce1f28c0c3bbac99ff550b85ef8e44a6950c6ee24514fb6a5489e51d06f0298?s=96&d=mm&r=g","caption":"webdo.tn"},"url":"https:\/\/www.webdo.tn\/fr\/actualite\/author\/webdotn\/"}]}},"_links":{"self":[{"href":"https:\/\/www.webdo.tn\/fr\/wp-json\/wp\/v2\/posts\/172600","targetHints":{"allow":["GET"]}}],"collection":[{"href":"https:\/\/www.webdo.tn\/fr\/wp-json\/wp\/v2\/posts"}],"about":[{"href":"https:\/\/www.webdo.tn\/fr\/wp-json\/wp\/v2\/types\/post"}],"author":[{"embeddable":true,"href":"https:\/\/www.webdo.tn\/fr\/wp-json\/wp\/v2\/users\/3222"}],"replies":[{"embeddable":true,"href":"https:\/\/www.webdo.tn\/fr\/wp-json\/wp\/v2\/comments?post=172600"}],"version-history":[{"count":0,"href":"https:\/\/www.webdo.tn\/fr\/wp-json\/wp\/v2\/posts\/172600\/revisions"}],"wp:featuredmedia":[{"embeddable":true,"href":"https:\/\/www.webdo.tn\/fr\/wp-json\/wp\/v2\/media\/365187"}],"wp:attachment":[{"href":"https:\/\/www.webdo.tn\/fr\/wp-json\/wp\/v2\/media?parent=172600"}],"wp:term":[{"taxonomy":"category","embeddable":true,"href":"https:\/\/www.webdo.tn\/fr\/wp-json\/wp\/v2\/categories?post=172600"},{"taxonomy":"post_tag","embeddable":true,"href":"https:\/\/www.webdo.tn\/fr\/wp-json\/wp\/v2\/tags?post=172600"}],"curies":[{"name":"wp","href":"https:\/\/api.w.org\/{rel}","templated":true}]}}