{"id":172598,"date":"2011-09-06T13:53:00","date_gmt":"2011-09-06T13:53:00","guid":{"rendered":"https:\/\/www.webdo.tn\/fr\/actualite\/blog\/caid-essebsi-hausse-le-ton-et-pointe-les-forces-securitaires\/172598\/"},"modified":"2011-09-06T13:53:00","modified_gmt":"2011-09-06T13:53:00","slug":"caid-essebsi-hausse-le-ton-et-pointe-les-forces-securitaires","status":"publish","type":"post","link":"https:\/\/www.webdo.tn\/fr\/actualite\/national\/caid-essebsi-hausse-le-ton-et-pointe-les-forces-securitaires\/172598\/","title":{"rendered":"Ca\u00efd Essebsi hausse le ton et pointe les forces s\u00e9curitaires"},"content":{"rendered":"<p>C&rsquo;est avec un retard de 15 minutes que le Premier ministre Beji Ca\u00efd Essebsi a tenu une conf\u00e9rence de presse afin de faire le point sur la situation actuelle que vit le pays avec les vagues de violences, parfois meurtri\u00e8res, dans plusieurs r\u00e9gions.<\/p>\n<p>Le Premier ministre a entam\u00e9 son discours en expliquant que le gouvernement de transition devait tenir une s\u00e9rie de r\u00e9unions, et ce, jusqu&rsquo;\u00e0 la date des prochaines \u00e9lections, afin de pr\u00e9parer au mieux cette \u00e9ch\u00e9ance, ainsi qu\u2019un programme \u00e9conomique, la rentr\u00e9e scolaire et universitaire et trouver des solutions au probl\u00e8me du ch\u00f4mage.<\/p>\n<p>D&rsquo;autre part, il a soulign\u00e9 que certains partis politiques \u00ab\u00a0craignaient\u00a0\u00bb d\u00e9j\u00e0 les \u00e9lections de l&rsquo;Assembl\u00e9e constituante et appelaient \u00e0 un r\u00e9f\u00e9rendum, oubliant, n\u00e9anmoins, que pour organiser un pareil scrutin, il fallait la concertation de toutes les parties de la sc\u00e8ne politique nationale, notamment la haute instance pour la r\u00e9alisation des objectifs de la r\u00e9volution.<\/p>\n<p>Pour Essebsi, les \u00e9v\u00e9nements qui se sont d\u00e9roul\u00e9s r\u00e9cemment menacent l&rsquo;\u00e9tat s\u00e9curitaire du pays. Les violents accrochages, entre tribus ou entre individus, \u00e0 Jebeniana, Metlaoui, Douz, Sidi Bouzid, Sbeitla, Meknassi, Ouerdanine, ou encore Rgueb ont pour point de d\u00e9part l&rsquo;arrestation de quelques \u00ab\u00a0bandits\u00a0\u00bb de la r\u00e9gion. Les familles et amis de ces \u00ab\u00a0d\u00e9linquants\u00a0\u00bb se rendent en masse devant les postes de police pour r\u00e9clamer leurs lib\u00e9rations, ce qui d\u00e9g\u00e9n\u00e8re rapidement. Le Premier ministre s&rsquo;\u00e9tonne de ces pratiques, devenues de plus en plus courantes, partout en Tunisie, alors que le peuple ne cesse de r\u00e9clamer l&rsquo;ind\u00e9pendance de la justice. Et Ca\u00efd Essebsi de demander comment celle-ci peut-elle \u00eatre ind\u00e9pendante dans ces conditions.<\/p>\n<p>L&rsquo;anarchie a, donc, pris le dessus dans pratiquement dans tout le pays. Ce qui a pouss\u00e9 le Premier ministre \u00e0 demander l\u2019application de l&rsquo;\u00e9tat d&rsquo;urgence sur tout le territoire tunisien, et ce, afin d\u2019\u00e9viter toute forme de manifestation, de sit-in ou de gr\u00e8ve, de nature \u00e0 nuire au calme des citoyens et \u00e0 la s\u00e9curit\u00e9 nationale. Cet \u00e9tat d\u2019urgence prendra fin le 30 novembre.<\/p>\n<p>Ca\u00efd Essebsi a \u00e9galement \u00e9voqu\u00e9 le cas de la Garde nationale et des forces de s\u00e9curit\u00e9. Apr\u00e8s avoir rappel\u00e9 leur degr\u00e9 de patriotisme et leur amour pour le pays, il s&rsquo;est montr\u00e9 \u00e9tonn\u00e9, \u00e0 la limite indign\u00e9, par les communiqu\u00e9s des syndicats des forces de s\u00e9curit\u00e9 qui, au lieu d&rsquo;appliquer les ordres, se permet de donner son avis sur l&rsquo;\u00e9tat s\u00e9curitaire du pays et d&rsquo;organiser des manifestations, de nature \u00e0 mettre encore plus en p\u00e9ril la situation du pays.<\/p>\n<p>Parallelement au discours, un sit-in, organis\u00e9 par l&rsquo;Union des syndicats des forces de s\u00e9curit\u00e9 int\u00e9rieure, se tenait, aujourd\u2019hui, mardi, en protestation contre les op\u00e9rations d&rsquo;incendie des postes de police et l&rsquo;absence de d\u00e9cisions politiques pour ces cas. Il est \u00e0 noter que les protestataires des forces de l&rsquo;ordre ont envahi la Kasbah en scandant \u00abA bas le gouvernement\u00bb, et ce, \u00e0 la fin de l\u2019allocution du Premier ministre.<\/p>\n<p>Ca\u00efd Essebsi, visiblement tr\u00e8s remontr\u00e9 contre ces syndicats, a, en ce sens, annonc\u00e9, la d\u00e9cision \u00ab\u00a0d&rsquo;arr\u00eater toute activit\u00e9 syndicale des forces de s\u00e9curit\u00e9 au vu des dangers qu&rsquo;elle repr\u00e9sente pour la s\u00e9curit\u00e9 du pays\u00a0\u00bb.<\/p>\n<p>Concernant la Garde nationale, tout en l&rsquo;\u00e9voquant, le Premier ministre a lanc\u00e9 que ce n&rsquo;est pas 4 personnes, qu\u2019il a trait\u00e9es de singes, qui mettront la pagaille. Elles donnent les ordres, commandent, et se permettent m\u00eame d&rsquo;\u00e9liminer leur sup\u00e9rieur et de le remplacer par un autre. Essebsi a insist\u00e9 sur le fait que ce qui se passe au sein de cette institution est extr\u00eamement grave. Ces \u00absinges\u00bb doivent \u00eatre identifi\u00e9s et poursuivis en justice. Dans ce cadre, il a ordonn\u00e9, au ministre de la D\u00e9fense, l&rsquo;ouverture imm\u00e9diate d&rsquo;une enqu\u00eate approfondie pour les d\u00e9masquer.<\/p>\n","protected":false},"excerpt":{"rendered":"<p>Ca\u00efd Essebsi hausse le ton et pointe les forces s\u00e9curitaires <\/p>\n","protected":false},"author":3222,"featured_media":365188,"comment_status":"open","ping_status":"closed","sticky":false,"template":"","format":"standard","meta":{"footnotes":""},"categories":[44],"tags":[],"class_list":["post-172598","post","type-post","status-publish","format-standard","has-post-thumbnail","hentry","category-national"],"yoast_head":"<!-- This site is optimized with the Yoast SEO Premium plugin v27.4 (Yoast SEO v27.5) - https:\/\/yoast.com\/product\/yoast-seo-premium-wordpress\/ -->\n<title>Ca\u00efd Essebsi hausse le ton et pointe les forces s\u00e9curitaires<\/title>\n<meta name=\"description\" content=\"Ca\u00efd Essebsi hausse le ton et pointe les forces s\u00e9curitaires\" \/>\n<link rel=\"canonical\" href=\"https:\/\/www.webdo.tn\/fr\/actualite\/national\/caid-essebsi-hausse-le-ton-et-pointe-les-forces-securitaires\/172598\/\" \/>\n<meta property=\"og:locale\" content=\"fr_FR\" \/>\n<meta property=\"og:type\" content=\"article\" \/>\n<meta property=\"og:title\" content=\"Ca\u00efd Essebsi hausse le ton et pointe les forces s\u00e9curitaires\" \/>\n<meta property=\"og:description\" content=\"Ca\u00efd Essebsi hausse le ton et pointe les forces s\u00e9curitaires\" \/>\n<meta property=\"og:url\" content=\"https:\/\/www.webdo.tn\/fr\/actualite\/national\/caid-essebsi-hausse-le-ton-et-pointe-les-forces-securitaires\/172598\/\" \/>\n<meta property=\"og:site_name\" content=\"webdo\" \/>\n<meta property=\"article:publisher\" content=\"https:\/\/www.facebook.com\/webdotn\" \/>\n<meta property=\"article:published_time\" content=\"2011-09-06T13:53:00+00:00\" \/>\n<meta property=\"og:image\" content=\"https:\/\/www.webdo.tn\/fr\/wp-content\/uploads\/2011\/09\/Beji-Cad-Essebsi-photo-TAP.jpg\" \/>\n\t<meta property=\"og:image:width\" content=\"370\" \/>\n\t<meta property=\"og:image:height\" content=\"250\" \/>\n\t<meta property=\"og:image:type\" content=\"image\/jpeg\" \/>\n<meta name=\"author\" content=\"webdo.tn\" \/>\n<meta name=\"twitter:card\" content=\"summary_large_image\" \/>\n<meta name=\"twitter:creator\" content=\"@webdo_tn\" \/>\n<meta name=\"twitter:site\" content=\"@webdo_tn\" \/>\n<meta name=\"twitter:label1\" content=\"\u00c9crit par\" \/>\n\t<meta name=\"twitter:data1\" content=\"webdo.tn\" \/>\n\t<meta name=\"twitter:label2\" content=\"Dur\u00e9e de lecture estim\u00e9e\" \/>\n\t<meta name=\"twitter:data2\" content=\"3 minutes\" \/>\n<script type=\"application\/ld+json\" class=\"yoast-schema-graph\">{\"@context\":\"https:\\\/\\\/schema.org\",\"@graph\":[{\"@type\":\"NewsArticle\",\"@id\":\"https:\\\/\\\/www.webdo.tn\\\/fr\\\/actualite\\\/national\\\/caid-essebsi-hausse-le-ton-et-pointe-les-forces-securitaires\\\/172598\\\/#article\",\"isPartOf\":{\"@id\":\"https:\\\/\\\/www.webdo.tn\\\/fr\\\/actualite\\\/national\\\/caid-essebsi-hausse-le-ton-et-pointe-les-forces-securitaires\\\/172598\\\/\"},\"author\":{\"name\":\"webdo.tn\",\"@id\":\"https:\\\/\\\/www.webdo.tn\\\/fr\\\/#\\\/schema\\\/person\\\/9a9c6118d687c117df8ef3cc36a4d175\"},\"headline\":\"Ca\u00efd Essebsi hausse le ton et pointe les forces s\u00e9curitaires\",\"datePublished\":\"2011-09-06T13:53:00+00:00\",\"mainEntityOfPage\":{\"@id\":\"https:\\\/\\\/www.webdo.tn\\\/fr\\\/actualite\\\/national\\\/caid-essebsi-hausse-le-ton-et-pointe-les-forces-securitaires\\\/172598\\\/\"},\"wordCount\":695,\"commentCount\":0,\"publisher\":{\"@id\":\"https:\\\/\\\/www.webdo.tn\\\/fr\\\/#organization\"},\"image\":{\"@id\":\"https:\\\/\\\/www.webdo.tn\\\/fr\\\/actualite\\\/national\\\/caid-essebsi-hausse-le-ton-et-pointe-les-forces-securitaires\\\/172598\\\/#primaryimage\"},\"thumbnailUrl\":\"https:\\\/\\\/www.webdo.tn\\\/fr\\\/wp-content\\\/uploads\\\/2011\\\/09\\\/Beji-Cad-Essebsi-photo-TAP.jpg\",\"articleSection\":[\"National\"],\"inLanguage\":\"fr-FR\"},{\"@type\":\"WebPage\",\"@id\":\"https:\\\/\\\/www.webdo.tn\\\/fr\\\/actualite\\\/national\\\/caid-essebsi-hausse-le-ton-et-pointe-les-forces-securitaires\\\/172598\\\/\",\"url\":\"https:\\\/\\\/www.webdo.tn\\\/fr\\\/actualite\\\/national\\\/caid-essebsi-hausse-le-ton-et-pointe-les-forces-securitaires\\\/172598\\\/\",\"name\":\"Ca\u00efd Essebsi hausse le ton et pointe les forces s\u00e9curitaires\",\"isPartOf\":{\"@id\":\"https:\\\/\\\/www.webdo.tn\\\/fr\\\/#website\"},\"primaryImageOfPage\":{\"@id\":\"https:\\\/\\\/www.webdo.tn\\\/fr\\\/actualite\\\/national\\\/caid-essebsi-hausse-le-ton-et-pointe-les-forces-securitaires\\\/172598\\\/#primaryimage\"},\"image\":{\"@id\":\"https:\\\/\\\/www.webdo.tn\\\/fr\\\/actualite\\\/national\\\/caid-essebsi-hausse-le-ton-et-pointe-les-forces-securitaires\\\/172598\\\/#primaryimage\"},\"thumbnailUrl\":\"https:\\\/\\\/www.webdo.tn\\\/fr\\\/wp-content\\\/uploads\\\/2011\\\/09\\\/Beji-Cad-Essebsi-photo-TAP.jpg\",\"datePublished\":\"2011-09-06T13:53:00+00:00\",\"description\":\"Ca\u00efd Essebsi hausse le ton et pointe les forces s\u00e9curitaires\",\"breadcrumb\":{\"@id\":\"https:\\\/\\\/www.webdo.tn\\\/fr\\\/actualite\\\/national\\\/caid-essebsi-hausse-le-ton-et-pointe-les-forces-securitaires\\\/172598\\\/#breadcrumb\"},\"inLanguage\":\"fr-FR\",\"potentialAction\":[{\"@type\":\"ReadAction\",\"target\":[\"https:\\\/\\\/www.webdo.tn\\\/fr\\\/actualite\\\/national\\\/caid-essebsi-hausse-le-ton-et-pointe-les-forces-securitaires\\\/172598\\\/\"]}]},{\"@type\":\"ImageObject\",\"inLanguage\":\"fr-FR\",\"@id\":\"https:\\\/\\\/www.webdo.tn\\\/fr\\\/actualite\\\/national\\\/caid-essebsi-hausse-le-ton-et-pointe-les-forces-securitaires\\\/172598\\\/#primaryimage\",\"url\":\"https:\\\/\\\/www.webdo.tn\\\/fr\\\/wp-content\\\/uploads\\\/2011\\\/09\\\/Beji-Cad-Essebsi-photo-TAP.jpg\",\"contentUrl\":\"https:\\\/\\\/www.webdo.tn\\\/fr\\\/wp-content\\\/uploads\\\/2011\\\/09\\\/Beji-Cad-Essebsi-photo-TAP.jpg\",\"width\":370,\"height\":250,\"caption\":\"Ca\u00efd Essebsi hausse le ton et pointe les forces s\u00e9curitaires\"},{\"@type\":\"BreadcrumbList\",\"@id\":\"https:\\\/\\\/www.webdo.tn\\\/fr\\\/actualite\\\/national\\\/caid-essebsi-hausse-le-ton-et-pointe-les-forces-securitaires\\\/172598\\\/#breadcrumb\",\"itemListElement\":[{\"@type\":\"ListItem\",\"position\":1,\"name\":\"Accueil\",\"item\":\"https:\\\/\\\/www.webdo.tn\\\/fr\\\/\"},{\"@type\":\"ListItem\",\"position\":2,\"name\":\"Ca\u00efd Essebsi hausse le ton et pointe les forces s\u00e9curitaires\"}]},{\"@type\":\"WebSite\",\"@id\":\"https:\\\/\\\/www.webdo.tn\\\/fr\\\/#website\",\"url\":\"https:\\\/\\\/www.webdo.tn\\\/fr\\\/\",\"name\":\"webdo\",\"description\":\"Tunisie - News en Tunisie et \u00e0 l&#039;international sur Webdo.tn\",\"publisher\":{\"@id\":\"https:\\\/\\\/www.webdo.tn\\\/fr\\\/#organization\"},\"potentialAction\":[{\"@type\":\"SearchAction\",\"target\":{\"@type\":\"EntryPoint\",\"urlTemplate\":\"https:\\\/\\\/www.webdo.tn\\\/fr\\\/?s={search_term_string}\"},\"query-input\":{\"@type\":\"PropertyValueSpecification\",\"valueRequired\":true,\"valueName\":\"search_term_string\"}}],\"inLanguage\":\"fr-FR\"},{\"@type\":\"Organization\",\"@id\":\"https:\\\/\\\/www.webdo.tn\\\/fr\\\/#organization\",\"name\":\"Webdo\",\"alternateName\":\"Webdo.tn\",\"url\":\"https:\\\/\\\/www.webdo.tn\\\/fr\\\/\",\"logo\":{\"@type\":\"ImageObject\",\"inLanguage\":\"fr-FR\",\"@id\":\"https:\\\/\\\/www.webdo.tn\\\/fr\\\/#\\\/schema\\\/logo\\\/image\\\/\",\"url\":\"https:\\\/\\\/www.webdo.tn\\\/fr\\\/wp-content\\\/uploads\\\/2025\\\/06\\\/Webdo-Tunisie_168377.jpg\",\"contentUrl\":\"https:\\\/\\\/www.webdo.tn\\\/fr\\\/wp-content\\\/uploads\\\/2025\\\/06\\\/Webdo-Tunisie_168377.jpg\",\"width\":301,\"height\":301,\"caption\":\"Webdo\"},\"image\":{\"@id\":\"https:\\\/\\\/www.webdo.tn\\\/fr\\\/#\\\/schema\\\/logo\\\/image\\\/\"},\"sameAs\":[\"https:\\\/\\\/www.facebook.com\\\/webdotn\",\"https:\\\/\\\/x.com\\\/webdo_tn\"],\"description\":\"Webdo est un m\u00e9dia num\u00e9rique tunisien fond\u00e9 en 2010, sp\u00e9cialis\u00e9 dans l\u2019actualit\u00e9 nationale et internationale, l\u2019\u00e9conomie, la soci\u00e9t\u00e9 et les analyses politiques. Le site s\u2019adresse \u00e0 un large public francophone et couvre l\u2019information tunisienne en temps r\u00e9el.\",\"email\":\"redac@webdo.tn\",\"legalName\":\"YNJ SARL\",\"foundingDate\":\"2010-09-06\",\"numberOfEmployees\":{\"@type\":\"QuantitativeValue\",\"minValue\":\"11\",\"maxValue\":\"50\"}},{\"@type\":\"Person\",\"@id\":\"https:\\\/\\\/www.webdo.tn\\\/fr\\\/#\\\/schema\\\/person\\\/9a9c6118d687c117df8ef3cc36a4d175\",\"name\":\"webdo.tn\",\"image\":{\"@type\":\"ImageObject\",\"inLanguage\":\"fr-FR\",\"@id\":\"https:\\\/\\\/secure.gravatar.com\\\/avatar\\\/7ce1f28c0c3bbac99ff550b85ef8e44a6950c6ee24514fb6a5489e51d06f0298?s=96&d=mm&r=g\",\"url\":\"https:\\\/\\\/secure.gravatar.com\\\/avatar\\\/7ce1f28c0c3bbac99ff550b85ef8e44a6950c6ee24514fb6a5489e51d06f0298?s=96&d=mm&r=g\",\"contentUrl\":\"https:\\\/\\\/secure.gravatar.com\\\/avatar\\\/7ce1f28c0c3bbac99ff550b85ef8e44a6950c6ee24514fb6a5489e51d06f0298?s=96&d=mm&r=g\",\"caption\":\"webdo.tn\"},\"url\":\"https:\\\/\\\/www.webdo.tn\\\/fr\\\/actualite\\\/author\\\/webdotn\\\/\"}]}<\/script>\n<!-- \/ Yoast SEO Premium plugin. -->","yoast_head_json":{"title":"Ca\u00efd Essebsi hausse le ton et pointe les forces s\u00e9curitaires","description":"Ca\u00efd Essebsi hausse le ton et pointe les forces s\u00e9curitaires","canonical":"https:\/\/www.webdo.tn\/fr\/actualite\/national\/caid-essebsi-hausse-le-ton-et-pointe-les-forces-securitaires\/172598\/","og_locale":"fr_FR","og_type":"article","og_title":"Ca\u00efd Essebsi hausse le ton et pointe les forces s\u00e9curitaires","og_description":"Ca\u00efd Essebsi hausse le ton et pointe les forces s\u00e9curitaires","og_url":"https:\/\/www.webdo.tn\/fr\/actualite\/national\/caid-essebsi-hausse-le-ton-et-pointe-les-forces-securitaires\/172598\/","og_site_name":"webdo","article_publisher":"https:\/\/www.facebook.com\/webdotn","article_published_time":"2011-09-06T13:53:00+00:00","og_image":[{"width":370,"height":250,"url":"https:\/\/www.webdo.tn\/fr\/wp-content\/uploads\/2011\/09\/Beji-Cad-Essebsi-photo-TAP.jpg","type":"image\/jpeg"}],"author":"webdo.tn","twitter_card":"summary_large_image","twitter_creator":"@webdo_tn","twitter_site":"@webdo_tn","twitter_misc":{"\u00c9crit par":"webdo.tn","Dur\u00e9e de lecture estim\u00e9e":"3 minutes"},"schema":{"@context":"https:\/\/schema.org","@graph":[{"@type":"NewsArticle","@id":"https:\/\/www.webdo.tn\/fr\/actualite\/national\/caid-essebsi-hausse-le-ton-et-pointe-les-forces-securitaires\/172598\/#article","isPartOf":{"@id":"https:\/\/www.webdo.tn\/fr\/actualite\/national\/caid-essebsi-hausse-le-ton-et-pointe-les-forces-securitaires\/172598\/"},"author":{"name":"webdo.tn","@id":"https:\/\/www.webdo.tn\/fr\/#\/schema\/person\/9a9c6118d687c117df8ef3cc36a4d175"},"headline":"Ca\u00efd Essebsi hausse le ton et pointe les forces s\u00e9curitaires","datePublished":"2011-09-06T13:53:00+00:00","mainEntityOfPage":{"@id":"https:\/\/www.webdo.tn\/fr\/actualite\/national\/caid-essebsi-hausse-le-ton-et-pointe-les-forces-securitaires\/172598\/"},"wordCount":695,"commentCount":0,"publisher":{"@id":"https:\/\/www.webdo.tn\/fr\/#organization"},"image":{"@id":"https:\/\/www.webdo.tn\/fr\/actualite\/national\/caid-essebsi-hausse-le-ton-et-pointe-les-forces-securitaires\/172598\/#primaryimage"},"thumbnailUrl":"https:\/\/www.webdo.tn\/fr\/wp-content\/uploads\/2011\/09\/Beji-Cad-Essebsi-photo-TAP.jpg","articleSection":["National"],"inLanguage":"fr-FR"},{"@type":"WebPage","@id":"https:\/\/www.webdo.tn\/fr\/actualite\/national\/caid-essebsi-hausse-le-ton-et-pointe-les-forces-securitaires\/172598\/","url":"https:\/\/www.webdo.tn\/fr\/actualite\/national\/caid-essebsi-hausse-le-ton-et-pointe-les-forces-securitaires\/172598\/","name":"Ca\u00efd Essebsi hausse le ton et pointe les forces s\u00e9curitaires","isPartOf":{"@id":"https:\/\/www.webdo.tn\/fr\/#website"},"primaryImageOfPage":{"@id":"https:\/\/www.webdo.tn\/fr\/actualite\/national\/caid-essebsi-hausse-le-ton-et-pointe-les-forces-securitaires\/172598\/#primaryimage"},"image":{"@id":"https:\/\/www.webdo.tn\/fr\/actualite\/national\/caid-essebsi-hausse-le-ton-et-pointe-les-forces-securitaires\/172598\/#primaryimage"},"thumbnailUrl":"https:\/\/www.webdo.tn\/fr\/wp-content\/uploads\/2011\/09\/Beji-Cad-Essebsi-photo-TAP.jpg","datePublished":"2011-09-06T13:53:00+00:00","description":"Ca\u00efd Essebsi hausse le ton et pointe les forces s\u00e9curitaires","breadcrumb":{"@id":"https:\/\/www.webdo.tn\/fr\/actualite\/national\/caid-essebsi-hausse-le-ton-et-pointe-les-forces-securitaires\/172598\/#breadcrumb"},"inLanguage":"fr-FR","potentialAction":[{"@type":"ReadAction","target":["https:\/\/www.webdo.tn\/fr\/actualite\/national\/caid-essebsi-hausse-le-ton-et-pointe-les-forces-securitaires\/172598\/"]}]},{"@type":"ImageObject","inLanguage":"fr-FR","@id":"https:\/\/www.webdo.tn\/fr\/actualite\/national\/caid-essebsi-hausse-le-ton-et-pointe-les-forces-securitaires\/172598\/#primaryimage","url":"https:\/\/www.webdo.tn\/fr\/wp-content\/uploads\/2011\/09\/Beji-Cad-Essebsi-photo-TAP.jpg","contentUrl":"https:\/\/www.webdo.tn\/fr\/wp-content\/uploads\/2011\/09\/Beji-Cad-Essebsi-photo-TAP.jpg","width":370,"height":250,"caption":"Ca\u00efd Essebsi hausse le ton et pointe les forces s\u00e9curitaires"},{"@type":"BreadcrumbList","@id":"https:\/\/www.webdo.tn\/fr\/actualite\/national\/caid-essebsi-hausse-le-ton-et-pointe-les-forces-securitaires\/172598\/#breadcrumb","itemListElement":[{"@type":"ListItem","position":1,"name":"Accueil","item":"https:\/\/www.webdo.tn\/fr\/"},{"@type":"ListItem","position":2,"name":"Ca\u00efd Essebsi hausse le ton et pointe les forces s\u00e9curitaires"}]},{"@type":"WebSite","@id":"https:\/\/www.webdo.tn\/fr\/#website","url":"https:\/\/www.webdo.tn\/fr\/","name":"webdo","description":"Tunisie - News en Tunisie et \u00e0 l&#039;international sur Webdo.tn","publisher":{"@id":"https:\/\/www.webdo.tn\/fr\/#organization"},"potentialAction":[{"@type":"SearchAction","target":{"@type":"EntryPoint","urlTemplate":"https:\/\/www.webdo.tn\/fr\/?s={search_term_string}"},"query-input":{"@type":"PropertyValueSpecification","valueRequired":true,"valueName":"search_term_string"}}],"inLanguage":"fr-FR"},{"@type":"Organization","@id":"https:\/\/www.webdo.tn\/fr\/#organization","name":"Webdo","alternateName":"Webdo.tn","url":"https:\/\/www.webdo.tn\/fr\/","logo":{"@type":"ImageObject","inLanguage":"fr-FR","@id":"https:\/\/www.webdo.tn\/fr\/#\/schema\/logo\/image\/","url":"https:\/\/www.webdo.tn\/fr\/wp-content\/uploads\/2025\/06\/Webdo-Tunisie_168377.jpg","contentUrl":"https:\/\/www.webdo.tn\/fr\/wp-content\/uploads\/2025\/06\/Webdo-Tunisie_168377.jpg","width":301,"height":301,"caption":"Webdo"},"image":{"@id":"https:\/\/www.webdo.tn\/fr\/#\/schema\/logo\/image\/"},"sameAs":["https:\/\/www.facebook.com\/webdotn","https:\/\/x.com\/webdo_tn"],"description":"Webdo est un m\u00e9dia num\u00e9rique tunisien fond\u00e9 en 2010, sp\u00e9cialis\u00e9 dans l\u2019actualit\u00e9 nationale et internationale, l\u2019\u00e9conomie, la soci\u00e9t\u00e9 et les analyses politiques. Le site s\u2019adresse \u00e0 un large public francophone et couvre l\u2019information tunisienne en temps r\u00e9el.","email":"redac@webdo.tn","legalName":"YNJ SARL","foundingDate":"2010-09-06","numberOfEmployees":{"@type":"QuantitativeValue","minValue":"11","maxValue":"50"}},{"@type":"Person","@id":"https:\/\/www.webdo.tn\/fr\/#\/schema\/person\/9a9c6118d687c117df8ef3cc36a4d175","name":"webdo.tn","image":{"@type":"ImageObject","inLanguage":"fr-FR","@id":"https:\/\/secure.gravatar.com\/avatar\/7ce1f28c0c3bbac99ff550b85ef8e44a6950c6ee24514fb6a5489e51d06f0298?s=96&d=mm&r=g","url":"https:\/\/secure.gravatar.com\/avatar\/7ce1f28c0c3bbac99ff550b85ef8e44a6950c6ee24514fb6a5489e51d06f0298?s=96&d=mm&r=g","contentUrl":"https:\/\/secure.gravatar.com\/avatar\/7ce1f28c0c3bbac99ff550b85ef8e44a6950c6ee24514fb6a5489e51d06f0298?s=96&d=mm&r=g","caption":"webdo.tn"},"url":"https:\/\/www.webdo.tn\/fr\/actualite\/author\/webdotn\/"}]}},"_links":{"self":[{"href":"https:\/\/www.webdo.tn\/fr\/wp-json\/wp\/v2\/posts\/172598","targetHints":{"allow":["GET"]}}],"collection":[{"href":"https:\/\/www.webdo.tn\/fr\/wp-json\/wp\/v2\/posts"}],"about":[{"href":"https:\/\/www.webdo.tn\/fr\/wp-json\/wp\/v2\/types\/post"}],"author":[{"embeddable":true,"href":"https:\/\/www.webdo.tn\/fr\/wp-json\/wp\/v2\/users\/3222"}],"replies":[{"embeddable":true,"href":"https:\/\/www.webdo.tn\/fr\/wp-json\/wp\/v2\/comments?post=172598"}],"version-history":[{"count":0,"href":"https:\/\/www.webdo.tn\/fr\/wp-json\/wp\/v2\/posts\/172598\/revisions"}],"wp:featuredmedia":[{"embeddable":true,"href":"https:\/\/www.webdo.tn\/fr\/wp-json\/wp\/v2\/media\/365188"}],"wp:attachment":[{"href":"https:\/\/www.webdo.tn\/fr\/wp-json\/wp\/v2\/media?parent=172598"}],"wp:term":[{"taxonomy":"category","embeddable":true,"href":"https:\/\/www.webdo.tn\/fr\/wp-json\/wp\/v2\/categories?post=172598"},{"taxonomy":"post_tag","embeddable":true,"href":"https:\/\/www.webdo.tn\/fr\/wp-json\/wp\/v2\/tags?post=172598"}],"curies":[{"name":"wp","href":"https:\/\/api.w.org\/{rel}","templated":true}]}}