{"id":172591,"date":"2011-09-08T15:12:00","date_gmt":"2011-09-08T15:12:00","guid":{"rendered":"https:\/\/www.webdo.tn\/fr\/actualite\/blog\/une-tunisienne-participe-a-une-importante-decouverte-en-neurologie-aux-etats-unis\/172591\/"},"modified":"2025-06-04T19:06:53","modified_gmt":"2025-06-04T19:06:53","slug":"une-tunisienne-participe-a-une-importante-decouverte-en-neurologie-aux-etats-unis","status":"publish","type":"post","link":"https:\/\/www.webdo.tn\/fr\/actualite\/national\/une-tunisienne-participe-a-une-importante-decouverte-en-neurologie-aux-etats-unis\/172591\/","title":{"rendered":"Une Tunisienne participe \u00e0 une importante d\u00e9couverte en neurologie aux \u00c9tats-Unis"},"content":{"rendered":"<p>Une \u00e9quipe m\u00e9dicale am\u00e9ricaine dont fait partie une scientifique tunisienne vient de faire une d\u00e9couverte qui pourrait r\u00e9volutionner le monde de la neurologie. Cette d\u00e9couverte est le fruit d\u2019une bonne dizaine d\u2019ann\u00e9es de travail sur une pathologie rare portant le nom de maladie amyotrophique lat\u00e9rale scl\u00e9ros\u00e9e.<\/p>\n<p>En quoi consiste cette d\u00e9couverte ?<\/p>\n<p>La maladie amyotrophique lat\u00e9rale scl\u00e9ros\u00e9e est une maladie neurod\u00e9g\u00e9n\u00e9rative qui affecte aussi bien le cerveau que la colonne vert\u00e9brale. Il en r\u00e9sulte une paralysie g\u00e9n\u00e9rale de la personne affect\u00e9e qui g\u00e9n\u00e9ralement d\u00e9c\u00e8de en quelques ann\u00e9es.<\/p>\n<p>A l\u2019heure actuelle, il n\u2019y a pas de cure pour cette maladie. Ceci s\u2019explique en partie par la complexit\u00e9 des causes, peu connues jusque lors.<\/p>\n<p>Et c\u2019est justement l\u00e0 que r\u00e9side l\u2019importance de la d\u00e9couverte de l\u2019\u00e9quipe du Professeur Teepu Siddique du D\u00e9partement de Neurologie de Northwestern University Medical School que Dr. Kaouther Ajroud, dipl\u00f4m\u00e9e de la Facult\u00e9 des Sciences de Tunis, a rejoint il y a trois ans.<\/p>\n<p>En effet, l\u2019\u00e9quipe vient de d\u00e9couvrir une des causes qui peut expliquer la majorit\u00e9 des cas. Cette cause est li\u00e9e \u00e0 l\u2019accumulation d\u2019une prot\u00e9ine dans les neurones.<\/p>\n<p>Cette prot\u00e9ine appel\u00e9e Ubiquiline 2 fait partie d\u2019un des syst\u00e8mes de recyclage des prot\u00e9ines utilis\u00e9es par le neurone.<\/p>\n<p>A quand le m\u00e9dicament ?<\/p>\n<p>Certes, il est encore trop t\u00f4t de parler d\u2019une cure. Mais ce que la d\u00e9couverte apporte de nouveau, c\u2019est qu\u2019on sait maintenant qu\u2019il faut agir sur le syst\u00e8me de recyclage afin d\u2019\u00e9viter l\u2019accumulation de prot\u00e9ines au niveau des neurones. Reste maintenant \u00e0 trouver le m\u00e9dicament qui aidera le syst\u00e8me d\u2019\u00e9vacuation \u00e0 absorber ces prot\u00e9ines accumul\u00e9es et qui pourra ouvrir la voie vers une cure aussi bien de la maladie amyotrophique lat\u00e9rale scl\u00e9ros\u00e9e que d\u2019autres maladies telles que celles de Parkinson et d\u2019Alzheimer.<\/p>\n","protected":false},"excerpt":{"rendered":"<p>Une Tunisienne participe \u00e0 une importante d\u00e9couverte en neurologie aux \u00c9tats-Unis <\/p>\n","protected":false},"author":3222,"featured_media":376290,"comment_status":"open","ping_status":"closed","sticky":false,"template":"","format":"standard","meta":{"footnotes":""},"categories":[44],"tags":[],"class_list":["post-172591","post","type-post","status-publish","format-standard","has-post-thumbnail","hentry","category-national"],"yoast_head":"<!-- This site is optimized with the Yoast SEO Premium plugin v27.4 (Yoast SEO v27.5) - https:\/\/yoast.com\/product\/yoast-seo-premium-wordpress\/ -->\n<title>Une Tunisienne participe \u00e0 une importante d\u00e9couverte en neurologie aux \u00c9tats-Unis<\/title>\n<meta name=\"description\" content=\"Une Tunisienne participe \u00e0 une importante d\u00e9couverte en neurologie aux \u00c9tats-Unis\" \/>\n<link rel=\"canonical\" href=\"https:\/\/www.webdo.tn\/fr\/actualite\/national\/une-tunisienne-participe-a-une-importante-decouverte-en-neurologie-aux-etats-unis\/172591\/\" \/>\n<meta property=\"og:locale\" content=\"fr_FR\" \/>\n<meta property=\"og:type\" content=\"article\" \/>\n<meta property=\"og:title\" content=\"Une Tunisienne participe \u00e0 une importante d\u00e9couverte en neurologie aux \u00c9tats-Unis\" \/>\n<meta property=\"og:description\" content=\"Une Tunisienne participe \u00e0 une importante d\u00e9couverte en neurologie aux \u00c9tats-Unis\" \/>\n<meta property=\"og:url\" content=\"https:\/\/www.webdo.tn\/fr\/actualite\/national\/une-tunisienne-participe-a-une-importante-decouverte-en-neurologie-aux-etats-unis\/172591\/\" \/>\n<meta property=\"og:site_name\" content=\"webdo\" \/>\n<meta property=\"article:publisher\" content=\"https:\/\/www.facebook.com\/webdotn\" \/>\n<meta property=\"article:published_time\" content=\"2011-09-08T15:12:00+00:00\" \/>\n<meta property=\"article:modified_time\" content=\"2025-06-04T19:06:53+00:00\" \/>\n<meta name=\"author\" content=\"webdo.tn\" \/>\n<meta name=\"twitter:card\" content=\"summary_large_image\" \/>\n<meta name=\"twitter:creator\" content=\"@webdo_tn\" \/>\n<meta name=\"twitter:site\" content=\"@webdo_tn\" \/>\n<meta name=\"twitter:label1\" content=\"\u00c9crit par\" \/>\n\t<meta name=\"twitter:data1\" content=\"webdo.tn\" \/>\n\t<meta name=\"twitter:label2\" content=\"Dur\u00e9e de lecture estim\u00e9e\" \/>\n\t<meta name=\"twitter:data2\" content=\"2 minutes\" \/>\n<script type=\"application\/ld+json\" class=\"yoast-schema-graph\">{\"@context\":\"https:\\\/\\\/schema.org\",\"@graph\":[{\"@type\":\"NewsArticle\",\"@id\":\"https:\\\/\\\/www.webdo.tn\\\/fr\\\/actualite\\\/national\\\/une-tunisienne-participe-a-une-importante-decouverte-en-neurologie-aux-etats-unis\\\/172591\\\/#article\",\"isPartOf\":{\"@id\":\"https:\\\/\\\/www.webdo.tn\\\/fr\\\/actualite\\\/national\\\/une-tunisienne-participe-a-une-importante-decouverte-en-neurologie-aux-etats-unis\\\/172591\\\/\"},\"author\":{\"name\":\"webdo.tn\",\"@id\":\"https:\\\/\\\/www.webdo.tn\\\/fr\\\/#\\\/schema\\\/person\\\/9a9c6118d687c117df8ef3cc36a4d175\"},\"headline\":\"Une Tunisienne participe \u00e0 une importante d\u00e9couverte en neurologie aux \u00c9tats-Unis\",\"datePublished\":\"2011-09-08T15:12:00+00:00\",\"dateModified\":\"2025-06-04T19:06:53+00:00\",\"mainEntityOfPage\":{\"@id\":\"https:\\\/\\\/www.webdo.tn\\\/fr\\\/actualite\\\/national\\\/une-tunisienne-participe-a-une-importante-decouverte-en-neurologie-aux-etats-unis\\\/172591\\\/\"},\"wordCount\":365,\"commentCount\":0,\"publisher\":{\"@id\":\"https:\\\/\\\/www.webdo.tn\\\/fr\\\/#organization\"},\"image\":{\"@id\":\"https:\\\/\\\/www.webdo.tn\\\/fr\\\/actualite\\\/national\\\/une-tunisienne-participe-a-une-importante-decouverte-en-neurologie-aux-etats-unis\\\/172591\\\/#primaryimage\"},\"thumbnailUrl\":\"https:\\\/\\\/www.webdo.tn\\\/fr\\\/wp-content\\\/uploads\\\/2025\\\/06\\\/FireShot-Capture-1063-webdo_default-53-750x375.jpg-750\u00d7375-www.webdo_.tn_.png\",\"articleSection\":[\"National\"],\"inLanguage\":\"fr-FR\"},{\"@type\":\"WebPage\",\"@id\":\"https:\\\/\\\/www.webdo.tn\\\/fr\\\/actualite\\\/national\\\/une-tunisienne-participe-a-une-importante-decouverte-en-neurologie-aux-etats-unis\\\/172591\\\/\",\"url\":\"https:\\\/\\\/www.webdo.tn\\\/fr\\\/actualite\\\/national\\\/une-tunisienne-participe-a-une-importante-decouverte-en-neurologie-aux-etats-unis\\\/172591\\\/\",\"name\":\"Une Tunisienne participe \u00e0 une importante d\u00e9couverte en neurologie aux \u00c9tats-Unis\",\"isPartOf\":{\"@id\":\"https:\\\/\\\/www.webdo.tn\\\/fr\\\/#website\"},\"primaryImageOfPage\":{\"@id\":\"https:\\\/\\\/www.webdo.tn\\\/fr\\\/actualite\\\/national\\\/une-tunisienne-participe-a-une-importante-decouverte-en-neurologie-aux-etats-unis\\\/172591\\\/#primaryimage\"},\"image\":{\"@id\":\"https:\\\/\\\/www.webdo.tn\\\/fr\\\/actualite\\\/national\\\/une-tunisienne-participe-a-une-importante-decouverte-en-neurologie-aux-etats-unis\\\/172591\\\/#primaryimage\"},\"thumbnailUrl\":\"https:\\\/\\\/www.webdo.tn\\\/fr\\\/wp-content\\\/uploads\\\/2025\\\/06\\\/FireShot-Capture-1063-webdo_default-53-750x375.jpg-750\u00d7375-www.webdo_.tn_.png\",\"datePublished\":\"2011-09-08T15:12:00+00:00\",\"dateModified\":\"2025-06-04T19:06:53+00:00\",\"description\":\"Une Tunisienne participe \u00e0 une importante d\u00e9couverte en neurologie aux \u00c9tats-Unis\",\"breadcrumb\":{\"@id\":\"https:\\\/\\\/www.webdo.tn\\\/fr\\\/actualite\\\/national\\\/une-tunisienne-participe-a-une-importante-decouverte-en-neurologie-aux-etats-unis\\\/172591\\\/#breadcrumb\"},\"inLanguage\":\"fr-FR\",\"potentialAction\":[{\"@type\":\"ReadAction\",\"target\":[\"https:\\\/\\\/www.webdo.tn\\\/fr\\\/actualite\\\/national\\\/une-tunisienne-participe-a-une-importante-decouverte-en-neurologie-aux-etats-unis\\\/172591\\\/\"]}]},{\"@type\":\"ImageObject\",\"inLanguage\":\"fr-FR\",\"@id\":\"https:\\\/\\\/www.webdo.tn\\\/fr\\\/actualite\\\/national\\\/une-tunisienne-participe-a-une-importante-decouverte-en-neurologie-aux-etats-unis\\\/172591\\\/#primaryimage\",\"url\":\"https:\\\/\\\/www.webdo.tn\\\/fr\\\/wp-content\\\/uploads\\\/2025\\\/06\\\/FireShot-Capture-1063-webdo_default-53-750x375.jpg-750\u00d7375-www.webdo_.tn_.png\",\"contentUrl\":\"https:\\\/\\\/www.webdo.tn\\\/fr\\\/wp-content\\\/uploads\\\/2025\\\/06\\\/FireShot-Capture-1063-webdo_default-53-750x375.jpg-750\u00d7375-www.webdo_.tn_.png\",\"width\":746,\"height\":371},{\"@type\":\"BreadcrumbList\",\"@id\":\"https:\\\/\\\/www.webdo.tn\\\/fr\\\/actualite\\\/national\\\/une-tunisienne-participe-a-une-importante-decouverte-en-neurologie-aux-etats-unis\\\/172591\\\/#breadcrumb\",\"itemListElement\":[{\"@type\":\"ListItem\",\"position\":1,\"name\":\"Accueil\",\"item\":\"https:\\\/\\\/www.webdo.tn\\\/fr\\\/\"},{\"@type\":\"ListItem\",\"position\":2,\"name\":\"Une Tunisienne participe \u00e0 une importante d\u00e9couverte en neurologie aux \u00c9tats-Unis\"}]},{\"@type\":\"WebSite\",\"@id\":\"https:\\\/\\\/www.webdo.tn\\\/fr\\\/#website\",\"url\":\"https:\\\/\\\/www.webdo.tn\\\/fr\\\/\",\"name\":\"webdo\",\"description\":\"Tunisie - News en Tunisie et \u00e0 l&#039;international sur Webdo.tn\",\"publisher\":{\"@id\":\"https:\\\/\\\/www.webdo.tn\\\/fr\\\/#organization\"},\"potentialAction\":[{\"@type\":\"SearchAction\",\"target\":{\"@type\":\"EntryPoint\",\"urlTemplate\":\"https:\\\/\\\/www.webdo.tn\\\/fr\\\/?s={search_term_string}\"},\"query-input\":{\"@type\":\"PropertyValueSpecification\",\"valueRequired\":true,\"valueName\":\"search_term_string\"}}],\"inLanguage\":\"fr-FR\"},{\"@type\":\"Organization\",\"@id\":\"https:\\\/\\\/www.webdo.tn\\\/fr\\\/#organization\",\"name\":\"Webdo\",\"alternateName\":\"Webdo.tn\",\"url\":\"https:\\\/\\\/www.webdo.tn\\\/fr\\\/\",\"logo\":{\"@type\":\"ImageObject\",\"inLanguage\":\"fr-FR\",\"@id\":\"https:\\\/\\\/www.webdo.tn\\\/fr\\\/#\\\/schema\\\/logo\\\/image\\\/\",\"url\":\"https:\\\/\\\/www.webdo.tn\\\/fr\\\/wp-content\\\/uploads\\\/2025\\\/06\\\/Webdo-Tunisie_168377.jpg\",\"contentUrl\":\"https:\\\/\\\/www.webdo.tn\\\/fr\\\/wp-content\\\/uploads\\\/2025\\\/06\\\/Webdo-Tunisie_168377.jpg\",\"width\":301,\"height\":301,\"caption\":\"Webdo\"},\"image\":{\"@id\":\"https:\\\/\\\/www.webdo.tn\\\/fr\\\/#\\\/schema\\\/logo\\\/image\\\/\"},\"sameAs\":[\"https:\\\/\\\/www.facebook.com\\\/webdotn\",\"https:\\\/\\\/x.com\\\/webdo_tn\"],\"description\":\"Webdo est un m\u00e9dia num\u00e9rique tunisien fond\u00e9 en 2010, sp\u00e9cialis\u00e9 dans l\u2019actualit\u00e9 nationale et internationale, l\u2019\u00e9conomie, la soci\u00e9t\u00e9 et les analyses politiques. Le site s\u2019adresse \u00e0 un large public francophone et couvre l\u2019information tunisienne en temps r\u00e9el.\",\"email\":\"redac@webdo.tn\",\"legalName\":\"YNJ SARL\",\"foundingDate\":\"2010-09-06\",\"numberOfEmployees\":{\"@type\":\"QuantitativeValue\",\"minValue\":\"11\",\"maxValue\":\"50\"}},{\"@type\":\"Person\",\"@id\":\"https:\\\/\\\/www.webdo.tn\\\/fr\\\/#\\\/schema\\\/person\\\/9a9c6118d687c117df8ef3cc36a4d175\",\"name\":\"webdo.tn\",\"image\":{\"@type\":\"ImageObject\",\"inLanguage\":\"fr-FR\",\"@id\":\"https:\\\/\\\/secure.gravatar.com\\\/avatar\\\/7ce1f28c0c3bbac99ff550b85ef8e44a6950c6ee24514fb6a5489e51d06f0298?s=96&d=mm&r=g\",\"url\":\"https:\\\/\\\/secure.gravatar.com\\\/avatar\\\/7ce1f28c0c3bbac99ff550b85ef8e44a6950c6ee24514fb6a5489e51d06f0298?s=96&d=mm&r=g\",\"contentUrl\":\"https:\\\/\\\/secure.gravatar.com\\\/avatar\\\/7ce1f28c0c3bbac99ff550b85ef8e44a6950c6ee24514fb6a5489e51d06f0298?s=96&d=mm&r=g\",\"caption\":\"webdo.tn\"},\"url\":\"https:\\\/\\\/www.webdo.tn\\\/fr\\\/actualite\\\/author\\\/webdotn\\\/\"}]}<\/script>\n<!-- \/ Yoast SEO Premium plugin. -->","yoast_head_json":{"title":"Une Tunisienne participe \u00e0 une importante d\u00e9couverte en neurologie aux \u00c9tats-Unis","description":"Une Tunisienne participe \u00e0 une importante d\u00e9couverte en neurologie aux \u00c9tats-Unis","canonical":"https:\/\/www.webdo.tn\/fr\/actualite\/national\/une-tunisienne-participe-a-une-importante-decouverte-en-neurologie-aux-etats-unis\/172591\/","og_locale":"fr_FR","og_type":"article","og_title":"Une Tunisienne participe \u00e0 une importante d\u00e9couverte en neurologie aux \u00c9tats-Unis","og_description":"Une Tunisienne participe \u00e0 une importante d\u00e9couverte en neurologie aux \u00c9tats-Unis","og_url":"https:\/\/www.webdo.tn\/fr\/actualite\/national\/une-tunisienne-participe-a-une-importante-decouverte-en-neurologie-aux-etats-unis\/172591\/","og_site_name":"webdo","article_publisher":"https:\/\/www.facebook.com\/webdotn","article_published_time":"2011-09-08T15:12:00+00:00","article_modified_time":"2025-06-04T19:06:53+00:00","author":"webdo.tn","twitter_card":"summary_large_image","twitter_creator":"@webdo_tn","twitter_site":"@webdo_tn","twitter_misc":{"\u00c9crit par":"webdo.tn","Dur\u00e9e de lecture estim\u00e9e":"2 minutes"},"schema":{"@context":"https:\/\/schema.org","@graph":[{"@type":"NewsArticle","@id":"https:\/\/www.webdo.tn\/fr\/actualite\/national\/une-tunisienne-participe-a-une-importante-decouverte-en-neurologie-aux-etats-unis\/172591\/#article","isPartOf":{"@id":"https:\/\/www.webdo.tn\/fr\/actualite\/national\/une-tunisienne-participe-a-une-importante-decouverte-en-neurologie-aux-etats-unis\/172591\/"},"author":{"name":"webdo.tn","@id":"https:\/\/www.webdo.tn\/fr\/#\/schema\/person\/9a9c6118d687c117df8ef3cc36a4d175"},"headline":"Une Tunisienne participe \u00e0 une importante d\u00e9couverte en neurologie aux \u00c9tats-Unis","datePublished":"2011-09-08T15:12:00+00:00","dateModified":"2025-06-04T19:06:53+00:00","mainEntityOfPage":{"@id":"https:\/\/www.webdo.tn\/fr\/actualite\/national\/une-tunisienne-participe-a-une-importante-decouverte-en-neurologie-aux-etats-unis\/172591\/"},"wordCount":365,"commentCount":0,"publisher":{"@id":"https:\/\/www.webdo.tn\/fr\/#organization"},"image":{"@id":"https:\/\/www.webdo.tn\/fr\/actualite\/national\/une-tunisienne-participe-a-une-importante-decouverte-en-neurologie-aux-etats-unis\/172591\/#primaryimage"},"thumbnailUrl":"https:\/\/www.webdo.tn\/fr\/wp-content\/uploads\/2025\/06\/FireShot-Capture-1063-webdo_default-53-750x375.jpg-750\u00d7375-www.webdo_.tn_.png","articleSection":["National"],"inLanguage":"fr-FR"},{"@type":"WebPage","@id":"https:\/\/www.webdo.tn\/fr\/actualite\/national\/une-tunisienne-participe-a-une-importante-decouverte-en-neurologie-aux-etats-unis\/172591\/","url":"https:\/\/www.webdo.tn\/fr\/actualite\/national\/une-tunisienne-participe-a-une-importante-decouverte-en-neurologie-aux-etats-unis\/172591\/","name":"Une Tunisienne participe \u00e0 une importante d\u00e9couverte en neurologie aux \u00c9tats-Unis","isPartOf":{"@id":"https:\/\/www.webdo.tn\/fr\/#website"},"primaryImageOfPage":{"@id":"https:\/\/www.webdo.tn\/fr\/actualite\/national\/une-tunisienne-participe-a-une-importante-decouverte-en-neurologie-aux-etats-unis\/172591\/#primaryimage"},"image":{"@id":"https:\/\/www.webdo.tn\/fr\/actualite\/national\/une-tunisienne-participe-a-une-importante-decouverte-en-neurologie-aux-etats-unis\/172591\/#primaryimage"},"thumbnailUrl":"https:\/\/www.webdo.tn\/fr\/wp-content\/uploads\/2025\/06\/FireShot-Capture-1063-webdo_default-53-750x375.jpg-750\u00d7375-www.webdo_.tn_.png","datePublished":"2011-09-08T15:12:00+00:00","dateModified":"2025-06-04T19:06:53+00:00","description":"Une Tunisienne participe \u00e0 une importante d\u00e9couverte en neurologie aux \u00c9tats-Unis","breadcrumb":{"@id":"https:\/\/www.webdo.tn\/fr\/actualite\/national\/une-tunisienne-participe-a-une-importante-decouverte-en-neurologie-aux-etats-unis\/172591\/#breadcrumb"},"inLanguage":"fr-FR","potentialAction":[{"@type":"ReadAction","target":["https:\/\/www.webdo.tn\/fr\/actualite\/national\/une-tunisienne-participe-a-une-importante-decouverte-en-neurologie-aux-etats-unis\/172591\/"]}]},{"@type":"ImageObject","inLanguage":"fr-FR","@id":"https:\/\/www.webdo.tn\/fr\/actualite\/national\/une-tunisienne-participe-a-une-importante-decouverte-en-neurologie-aux-etats-unis\/172591\/#primaryimage","url":"https:\/\/www.webdo.tn\/fr\/wp-content\/uploads\/2025\/06\/FireShot-Capture-1063-webdo_default-53-750x375.jpg-750\u00d7375-www.webdo_.tn_.png","contentUrl":"https:\/\/www.webdo.tn\/fr\/wp-content\/uploads\/2025\/06\/FireShot-Capture-1063-webdo_default-53-750x375.jpg-750\u00d7375-www.webdo_.tn_.png","width":746,"height":371},{"@type":"BreadcrumbList","@id":"https:\/\/www.webdo.tn\/fr\/actualite\/national\/une-tunisienne-participe-a-une-importante-decouverte-en-neurologie-aux-etats-unis\/172591\/#breadcrumb","itemListElement":[{"@type":"ListItem","position":1,"name":"Accueil","item":"https:\/\/www.webdo.tn\/fr\/"},{"@type":"ListItem","position":2,"name":"Une Tunisienne participe \u00e0 une importante d\u00e9couverte en neurologie aux \u00c9tats-Unis"}]},{"@type":"WebSite","@id":"https:\/\/www.webdo.tn\/fr\/#website","url":"https:\/\/www.webdo.tn\/fr\/","name":"webdo","description":"Tunisie - News en Tunisie et \u00e0 l&#039;international sur Webdo.tn","publisher":{"@id":"https:\/\/www.webdo.tn\/fr\/#organization"},"potentialAction":[{"@type":"SearchAction","target":{"@type":"EntryPoint","urlTemplate":"https:\/\/www.webdo.tn\/fr\/?s={search_term_string}"},"query-input":{"@type":"PropertyValueSpecification","valueRequired":true,"valueName":"search_term_string"}}],"inLanguage":"fr-FR"},{"@type":"Organization","@id":"https:\/\/www.webdo.tn\/fr\/#organization","name":"Webdo","alternateName":"Webdo.tn","url":"https:\/\/www.webdo.tn\/fr\/","logo":{"@type":"ImageObject","inLanguage":"fr-FR","@id":"https:\/\/www.webdo.tn\/fr\/#\/schema\/logo\/image\/","url":"https:\/\/www.webdo.tn\/fr\/wp-content\/uploads\/2025\/06\/Webdo-Tunisie_168377.jpg","contentUrl":"https:\/\/www.webdo.tn\/fr\/wp-content\/uploads\/2025\/06\/Webdo-Tunisie_168377.jpg","width":301,"height":301,"caption":"Webdo"},"image":{"@id":"https:\/\/www.webdo.tn\/fr\/#\/schema\/logo\/image\/"},"sameAs":["https:\/\/www.facebook.com\/webdotn","https:\/\/x.com\/webdo_tn"],"description":"Webdo est un m\u00e9dia num\u00e9rique tunisien fond\u00e9 en 2010, sp\u00e9cialis\u00e9 dans l\u2019actualit\u00e9 nationale et internationale, l\u2019\u00e9conomie, la soci\u00e9t\u00e9 et les analyses politiques. Le site s\u2019adresse \u00e0 un large public francophone et couvre l\u2019information tunisienne en temps r\u00e9el.","email":"redac@webdo.tn","legalName":"YNJ SARL","foundingDate":"2010-09-06","numberOfEmployees":{"@type":"QuantitativeValue","minValue":"11","maxValue":"50"}},{"@type":"Person","@id":"https:\/\/www.webdo.tn\/fr\/#\/schema\/person\/9a9c6118d687c117df8ef3cc36a4d175","name":"webdo.tn","image":{"@type":"ImageObject","inLanguage":"fr-FR","@id":"https:\/\/secure.gravatar.com\/avatar\/7ce1f28c0c3bbac99ff550b85ef8e44a6950c6ee24514fb6a5489e51d06f0298?s=96&d=mm&r=g","url":"https:\/\/secure.gravatar.com\/avatar\/7ce1f28c0c3bbac99ff550b85ef8e44a6950c6ee24514fb6a5489e51d06f0298?s=96&d=mm&r=g","contentUrl":"https:\/\/secure.gravatar.com\/avatar\/7ce1f28c0c3bbac99ff550b85ef8e44a6950c6ee24514fb6a5489e51d06f0298?s=96&d=mm&r=g","caption":"webdo.tn"},"url":"https:\/\/www.webdo.tn\/fr\/actualite\/author\/webdotn\/"}]}},"_links":{"self":[{"href":"https:\/\/www.webdo.tn\/fr\/wp-json\/wp\/v2\/posts\/172591","targetHints":{"allow":["GET"]}}],"collection":[{"href":"https:\/\/www.webdo.tn\/fr\/wp-json\/wp\/v2\/posts"}],"about":[{"href":"https:\/\/www.webdo.tn\/fr\/wp-json\/wp\/v2\/types\/post"}],"author":[{"embeddable":true,"href":"https:\/\/www.webdo.tn\/fr\/wp-json\/wp\/v2\/users\/3222"}],"replies":[{"embeddable":true,"href":"https:\/\/www.webdo.tn\/fr\/wp-json\/wp\/v2\/comments?post=172591"}],"version-history":[{"count":0,"href":"https:\/\/www.webdo.tn\/fr\/wp-json\/wp\/v2\/posts\/172591\/revisions"}],"wp:featuredmedia":[{"embeddable":true,"href":"https:\/\/www.webdo.tn\/fr\/wp-json\/wp\/v2\/media\/376290"}],"wp:attachment":[{"href":"https:\/\/www.webdo.tn\/fr\/wp-json\/wp\/v2\/media?parent=172591"}],"wp:term":[{"taxonomy":"category","embeddable":true,"href":"https:\/\/www.webdo.tn\/fr\/wp-json\/wp\/v2\/categories?post=172591"},{"taxonomy":"post_tag","embeddable":true,"href":"https:\/\/www.webdo.tn\/fr\/wp-json\/wp\/v2\/tags?post=172591"}],"curies":[{"name":"wp","href":"https:\/\/api.w.org\/{rel}","templated":true}]}}