{"id":172590,"date":"2011-09-08T15:42:00","date_gmt":"2011-09-08T15:42:00","guid":{"rendered":"https:\/\/www.webdo.tn\/fr\/actualite\/blog\/sit-in-la-zone-petroliere-de-gabes-paralysee\/172590\/"},"modified":"2025-06-04T19:06:57","modified_gmt":"2025-06-04T19:06:57","slug":"sit-in-la-zone-petroliere-de-gabes-paralysee","status":"publish","type":"post","link":"https:\/\/www.webdo.tn\/fr\/actualite\/national\/sit-in-la-zone-petroliere-de-gabes-paralysee\/172590\/","title":{"rendered":"Sit-in: la zone p\u00e9troli\u00e8re de Gabes paralys\u00e9e (mise \u00e0 jour)"},"content":{"rendered":"<p>\u00c9tat d&rsquo;urgence ou pas, les sit-in n&rsquo;en continuent pas moins d&rsquo;\u00eatre \u00e0 l&rsquo;ordre du jour un peu partout.<\/p>\n<p>Aujourd&rsquo;hui, un bon nombre de citoyens des environs de la zone p\u00e9troli\u00e8re de Gabes ont bloqu\u00e9 toutes les issues de ladite zone, nous apprend Abdeljlil Allouch, haut cadre de la soci\u00e9t\u00e9 Agil, pr\u00e9sent sur place. D&rsquo;apr\u00e8s lui, une centaine de personnes arm\u00e9es de gourdins et de pierres ont barricad\u00e9 toutes les voies de la zone en installant des barrages de pierres et en emp\u00eachant quiconque d&rsquo;entrer ou sortir.<\/p>\n<p>Un des gr\u00e9vistes aurait m\u00eame, au nom de ce groupe, menac\u00e9 indirectement le gouvernement en lui lan\u00e7ant un d\u00e9fi ; celui de voir comment va \u00eatre appliqu\u00e9 l&rsquo;\u00e9tat d&rsquo;urgence cette fois-ci. Il faisait r\u00e9f\u00e9rence au discours du Premier ministre qui a insist\u00e9 sur l&rsquo;application stricte de l&rsquo;\u00e9tat d&rsquo;urgence apr\u00e8s les derniers cas de violences qui ont marqu\u00e9 le pays.<\/p>\n<p>Les gr\u00e9vistes n&rsquo;ont pas l&rsquo;intention de c\u00e9der, pr\u00e9cise Allouch, insistant sur le fait que ce groupe de personnes arm\u00e9es a manifest\u00e9 une ferme intention d&rsquo;aller jusqu&rsquo;au bout de son action.<\/p>\n<p>Ainsi, le trafic a-t-il \u00e9t\u00e9 paralys\u00e9, dans la mesure o\u00f9 toutes les routes dans les parages ont \u00e9t\u00e9 bloqu\u00e9es, notamment les entr\u00e9es de Gabes, Ghannouch et Chatt Essalem.<\/p>\n<p>Un nombre impressionnant de v\u00e9hicules ont \u00e9t\u00e9 de ce fait bloqu\u00e9s ; v\u00e9hicules cens\u00e9s venus se ravitailler aupr\u00e8s des \u00e9tablissements de la zone, \u00e0 savoir SIAP, Agil gaz et Butagaz.Mise \u00e0 jour:  Fort heureusement le sit-in observ\u00e9 hier en d\u00e9but d\u2019apr\u00e8s-midi n\u2019a dur\u00e9 qu\u2019une heure environ. Les jeunes gens originaires de la localit\u00e9 de Ghannouche, zone industrielle de Gab\u00e8s, ont \u00e9t\u00e9 surpris par la fermet\u00e9 des agents de l\u2019ordre qui ont exig\u00e9, illico-presto, qu\u2019ils d\u00e9guerpissent tout en nettoyant les routes des blocs de pierres qu\u2019ils avaient install\u00e9s. Les agents ont \u00e9galement rappel\u00e9 aux plus r\u00e9calcitrants que la r\u00e8gle du jeu a bien chang\u00e9 et que la loi va \u00eatre appliqu\u00e9e \u00e0 la lettre.<\/p>\n<p>Il est \u00e0 rappeler que ces bandes organis\u00e9es, bien connues par les forces de l\u2019ordre, ont fait la plus et le beau temps au sein de la zone industrielle en malmenant tous les responsables p\u00e9troliers des environs, causant d\u2019\u00e9normes pertes financi\u00e8res qui s\u2019\u00e9l\u00e8vent \u00e0 des centaines de millions de dinars. Pis encore : elles ont forc\u00e9 les employeurs \u00e0 embaucher en surnombre le personnel originaire de la localit\u00e9 de Ghannouche.<\/p>\n<p>Cette intervention \u00e9nergique des agents de l\u2019ordre de Gab\u00e8s a renouvel\u00e9 le prestige de l\u2019Etat.<br \/>\nPour les commanditaires des sit-in \u00e0 Ghannouche, on leur dit fini la r\u00e9cr\u00e9ation\u2026 l\u2019Etat a repris ses droits.<\/p>\n","protected":false},"excerpt":{"rendered":"<p>Sit-in: la zone p\u00e9troli\u00e8re de Gabes paralys\u00e9e (mise \u00e0 jour)<\/p>\n","protected":false},"author":3222,"featured_media":365150,"comment_status":"open","ping_status":"closed","sticky":false,"template":"","format":"standard","meta":{"footnotes":""},"categories":[44],"tags":[],"class_list":["post-172590","post","type-post","status-publish","format-standard","has-post-thumbnail","hentry","category-national"],"yoast_head":"<!-- This site is optimized with the Yoast SEO Premium plugin v27.4 (Yoast SEO v27.5) - https:\/\/yoast.com\/product\/yoast-seo-premium-wordpress\/ -->\n<title>Sit-in: la zone p\u00e9troli\u00e8re de Gabes paralys\u00e9e (mise \u00e0 jour)<\/title>\n<meta name=\"description\" content=\"Sit-in: la zone p\u00e9troli\u00e8re de Gabes paralys\u00e9e (mise \u00e0 jour)\" \/>\n<link rel=\"canonical\" href=\"https:\/\/www.webdo.tn\/fr\/actualite\/national\/sit-in-la-zone-petroliere-de-gabes-paralysee\/172590\/\" \/>\n<meta property=\"og:locale\" content=\"fr_FR\" \/>\n<meta property=\"og:type\" content=\"article\" \/>\n<meta property=\"og:title\" content=\"Sit-in: la zone p\u00e9troli\u00e8re de Gabes paralys\u00e9e (mise \u00e0 jour)\" \/>\n<meta property=\"og:description\" content=\"Sit-in: la zone p\u00e9troli\u00e8re de Gabes paralys\u00e9e (mise \u00e0 jour)\" \/>\n<meta property=\"og:url\" content=\"https:\/\/www.webdo.tn\/fr\/actualite\/national\/sit-in-la-zone-petroliere-de-gabes-paralysee\/172590\/\" \/>\n<meta property=\"og:site_name\" content=\"webdo\" \/>\n<meta property=\"article:publisher\" content=\"https:\/\/www.facebook.com\/webdotn\" \/>\n<meta property=\"article:published_time\" content=\"2011-09-08T15:42:00+00:00\" \/>\n<meta property=\"article:modified_time\" content=\"2025-06-04T19:06:57+00:00\" \/>\n<meta property=\"og:image\" content=\"https:\/\/www.webdo.tn\/fr\/wp-content\/uploads\/2011\/09\/Gabes-photo-investintunisia.tn_.gif\" \/>\n\t<meta property=\"og:image:width\" content=\"300\" \/>\n\t<meta property=\"og:image:height\" content=\"245\" \/>\n\t<meta property=\"og:image:type\" content=\"image\/gif\" \/>\n<meta name=\"author\" content=\"webdo.tn\" \/>\n<meta name=\"twitter:card\" content=\"summary_large_image\" \/>\n<meta name=\"twitter:creator\" content=\"@webdo_tn\" \/>\n<meta name=\"twitter:site\" content=\"@webdo_tn\" \/>\n<meta name=\"twitter:label1\" content=\"\u00c9crit par\" \/>\n\t<meta name=\"twitter:data1\" content=\"webdo.tn\" \/>\n\t<meta name=\"twitter:label2\" content=\"Dur\u00e9e de lecture estim\u00e9e\" \/>\n\t<meta name=\"twitter:data2\" content=\"2 minutes\" \/>\n<script type=\"application\/ld+json\" class=\"yoast-schema-graph\">{\"@context\":\"https:\\\/\\\/schema.org\",\"@graph\":[{\"@type\":\"NewsArticle\",\"@id\":\"https:\\\/\\\/www.webdo.tn\\\/fr\\\/actualite\\\/national\\\/sit-in-la-zone-petroliere-de-gabes-paralysee\\\/172590\\\/#article\",\"isPartOf\":{\"@id\":\"https:\\\/\\\/www.webdo.tn\\\/fr\\\/actualite\\\/national\\\/sit-in-la-zone-petroliere-de-gabes-paralysee\\\/172590\\\/\"},\"author\":{\"name\":\"webdo.tn\",\"@id\":\"https:\\\/\\\/www.webdo.tn\\\/fr\\\/#\\\/schema\\\/person\\\/9a9c6118d687c117df8ef3cc36a4d175\"},\"headline\":\"Sit-in: la zone p\u00e9troli\u00e8re de Gabes paralys\u00e9e (mise \u00e0 jour)\",\"datePublished\":\"2011-09-08T15:42:00+00:00\",\"dateModified\":\"2025-06-04T19:06:57+00:00\",\"mainEntityOfPage\":{\"@id\":\"https:\\\/\\\/www.webdo.tn\\\/fr\\\/actualite\\\/national\\\/sit-in-la-zone-petroliere-de-gabes-paralysee\\\/172590\\\/\"},\"wordCount\":489,\"commentCount\":0,\"publisher\":{\"@id\":\"https:\\\/\\\/www.webdo.tn\\\/fr\\\/#organization\"},\"image\":{\"@id\":\"https:\\\/\\\/www.webdo.tn\\\/fr\\\/actualite\\\/national\\\/sit-in-la-zone-petroliere-de-gabes-paralysee\\\/172590\\\/#primaryimage\"},\"thumbnailUrl\":\"https:\\\/\\\/www.webdo.tn\\\/fr\\\/wp-content\\\/uploads\\\/2011\\\/09\\\/Gabes-photo-investintunisia.tn_.gif\",\"articleSection\":[\"National\"],\"inLanguage\":\"fr-FR\"},{\"@type\":\"WebPage\",\"@id\":\"https:\\\/\\\/www.webdo.tn\\\/fr\\\/actualite\\\/national\\\/sit-in-la-zone-petroliere-de-gabes-paralysee\\\/172590\\\/\",\"url\":\"https:\\\/\\\/www.webdo.tn\\\/fr\\\/actualite\\\/national\\\/sit-in-la-zone-petroliere-de-gabes-paralysee\\\/172590\\\/\",\"name\":\"Sit-in: la zone p\u00e9troli\u00e8re de Gabes paralys\u00e9e (mise \u00e0 jour)\",\"isPartOf\":{\"@id\":\"https:\\\/\\\/www.webdo.tn\\\/fr\\\/#website\"},\"primaryImageOfPage\":{\"@id\":\"https:\\\/\\\/www.webdo.tn\\\/fr\\\/actualite\\\/national\\\/sit-in-la-zone-petroliere-de-gabes-paralysee\\\/172590\\\/#primaryimage\"},\"image\":{\"@id\":\"https:\\\/\\\/www.webdo.tn\\\/fr\\\/actualite\\\/national\\\/sit-in-la-zone-petroliere-de-gabes-paralysee\\\/172590\\\/#primaryimage\"},\"thumbnailUrl\":\"https:\\\/\\\/www.webdo.tn\\\/fr\\\/wp-content\\\/uploads\\\/2011\\\/09\\\/Gabes-photo-investintunisia.tn_.gif\",\"datePublished\":\"2011-09-08T15:42:00+00:00\",\"dateModified\":\"2025-06-04T19:06:57+00:00\",\"description\":\"Sit-in: la zone p\u00e9troli\u00e8re de Gabes paralys\u00e9e (mise \u00e0 jour)\",\"breadcrumb\":{\"@id\":\"https:\\\/\\\/www.webdo.tn\\\/fr\\\/actualite\\\/national\\\/sit-in-la-zone-petroliere-de-gabes-paralysee\\\/172590\\\/#breadcrumb\"},\"inLanguage\":\"fr-FR\",\"potentialAction\":[{\"@type\":\"ReadAction\",\"target\":[\"https:\\\/\\\/www.webdo.tn\\\/fr\\\/actualite\\\/national\\\/sit-in-la-zone-petroliere-de-gabes-paralysee\\\/172590\\\/\"]}]},{\"@type\":\"ImageObject\",\"inLanguage\":\"fr-FR\",\"@id\":\"https:\\\/\\\/www.webdo.tn\\\/fr\\\/actualite\\\/national\\\/sit-in-la-zone-petroliere-de-gabes-paralysee\\\/172590\\\/#primaryimage\",\"url\":\"https:\\\/\\\/www.webdo.tn\\\/fr\\\/wp-content\\\/uploads\\\/2011\\\/09\\\/Gabes-photo-investintunisia.tn_.gif\",\"contentUrl\":\"https:\\\/\\\/www.webdo.tn\\\/fr\\\/wp-content\\\/uploads\\\/2011\\\/09\\\/Gabes-photo-investintunisia.tn_.gif\",\"width\":300,\"height\":245,\"caption\":\"Sit-in: la zone p\u00e9troli\u00e8re de Gabes paralys\u00e9e (mise \u00e0 jour)\"},{\"@type\":\"BreadcrumbList\",\"@id\":\"https:\\\/\\\/www.webdo.tn\\\/fr\\\/actualite\\\/national\\\/sit-in-la-zone-petroliere-de-gabes-paralysee\\\/172590\\\/#breadcrumb\",\"itemListElement\":[{\"@type\":\"ListItem\",\"position\":1,\"name\":\"Accueil\",\"item\":\"https:\\\/\\\/www.webdo.tn\\\/fr\\\/\"},{\"@type\":\"ListItem\",\"position\":2,\"name\":\"Sit-in: la zone p\u00e9troli\u00e8re de Gabes paralys\u00e9e (mise \u00e0 jour)\"}]},{\"@type\":\"WebSite\",\"@id\":\"https:\\\/\\\/www.webdo.tn\\\/fr\\\/#website\",\"url\":\"https:\\\/\\\/www.webdo.tn\\\/fr\\\/\",\"name\":\"webdo\",\"description\":\"Tunisie - News en Tunisie et \u00e0 l&#039;international sur Webdo.tn\",\"publisher\":{\"@id\":\"https:\\\/\\\/www.webdo.tn\\\/fr\\\/#organization\"},\"potentialAction\":[{\"@type\":\"SearchAction\",\"target\":{\"@type\":\"EntryPoint\",\"urlTemplate\":\"https:\\\/\\\/www.webdo.tn\\\/fr\\\/?s={search_term_string}\"},\"query-input\":{\"@type\":\"PropertyValueSpecification\",\"valueRequired\":true,\"valueName\":\"search_term_string\"}}],\"inLanguage\":\"fr-FR\"},{\"@type\":\"Organization\",\"@id\":\"https:\\\/\\\/www.webdo.tn\\\/fr\\\/#organization\",\"name\":\"Webdo\",\"alternateName\":\"Webdo.tn\",\"url\":\"https:\\\/\\\/www.webdo.tn\\\/fr\\\/\",\"logo\":{\"@type\":\"ImageObject\",\"inLanguage\":\"fr-FR\",\"@id\":\"https:\\\/\\\/www.webdo.tn\\\/fr\\\/#\\\/schema\\\/logo\\\/image\\\/\",\"url\":\"https:\\\/\\\/www.webdo.tn\\\/fr\\\/wp-content\\\/uploads\\\/2025\\\/06\\\/Webdo-Tunisie_168377.jpg\",\"contentUrl\":\"https:\\\/\\\/www.webdo.tn\\\/fr\\\/wp-content\\\/uploads\\\/2025\\\/06\\\/Webdo-Tunisie_168377.jpg\",\"width\":301,\"height\":301,\"caption\":\"Webdo\"},\"image\":{\"@id\":\"https:\\\/\\\/www.webdo.tn\\\/fr\\\/#\\\/schema\\\/logo\\\/image\\\/\"},\"sameAs\":[\"https:\\\/\\\/www.facebook.com\\\/webdotn\",\"https:\\\/\\\/x.com\\\/webdo_tn\"],\"description\":\"Webdo est un m\u00e9dia num\u00e9rique tunisien fond\u00e9 en 2010, sp\u00e9cialis\u00e9 dans l\u2019actualit\u00e9 nationale et internationale, l\u2019\u00e9conomie, la soci\u00e9t\u00e9 et les analyses politiques. Le site s\u2019adresse \u00e0 un large public francophone et couvre l\u2019information tunisienne en temps r\u00e9el.\",\"email\":\"redac@webdo.tn\",\"legalName\":\"YNJ SARL\",\"foundingDate\":\"2010-09-06\",\"numberOfEmployees\":{\"@type\":\"QuantitativeValue\",\"minValue\":\"11\",\"maxValue\":\"50\"}},{\"@type\":\"Person\",\"@id\":\"https:\\\/\\\/www.webdo.tn\\\/fr\\\/#\\\/schema\\\/person\\\/9a9c6118d687c117df8ef3cc36a4d175\",\"name\":\"webdo.tn\",\"image\":{\"@type\":\"ImageObject\",\"inLanguage\":\"fr-FR\",\"@id\":\"https:\\\/\\\/secure.gravatar.com\\\/avatar\\\/7ce1f28c0c3bbac99ff550b85ef8e44a6950c6ee24514fb6a5489e51d06f0298?s=96&d=mm&r=g\",\"url\":\"https:\\\/\\\/secure.gravatar.com\\\/avatar\\\/7ce1f28c0c3bbac99ff550b85ef8e44a6950c6ee24514fb6a5489e51d06f0298?s=96&d=mm&r=g\",\"contentUrl\":\"https:\\\/\\\/secure.gravatar.com\\\/avatar\\\/7ce1f28c0c3bbac99ff550b85ef8e44a6950c6ee24514fb6a5489e51d06f0298?s=96&d=mm&r=g\",\"caption\":\"webdo.tn\"},\"url\":\"https:\\\/\\\/www.webdo.tn\\\/fr\\\/actualite\\\/author\\\/webdotn\\\/\"}]}<\/script>\n<!-- \/ Yoast SEO Premium plugin. -->","yoast_head_json":{"title":"Sit-in: la zone p\u00e9troli\u00e8re de Gabes paralys\u00e9e (mise \u00e0 jour)","description":"Sit-in: la zone p\u00e9troli\u00e8re de Gabes paralys\u00e9e (mise \u00e0 jour)","canonical":"https:\/\/www.webdo.tn\/fr\/actualite\/national\/sit-in-la-zone-petroliere-de-gabes-paralysee\/172590\/","og_locale":"fr_FR","og_type":"article","og_title":"Sit-in: la zone p\u00e9troli\u00e8re de Gabes paralys\u00e9e (mise \u00e0 jour)","og_description":"Sit-in: la zone p\u00e9troli\u00e8re de Gabes paralys\u00e9e (mise \u00e0 jour)","og_url":"https:\/\/www.webdo.tn\/fr\/actualite\/national\/sit-in-la-zone-petroliere-de-gabes-paralysee\/172590\/","og_site_name":"webdo","article_publisher":"https:\/\/www.facebook.com\/webdotn","article_published_time":"2011-09-08T15:42:00+00:00","article_modified_time":"2025-06-04T19:06:57+00:00","og_image":[{"width":300,"height":245,"url":"https:\/\/www.webdo.tn\/fr\/wp-content\/uploads\/2011\/09\/Gabes-photo-investintunisia.tn_.gif","type":"image\/gif"}],"author":"webdo.tn","twitter_card":"summary_large_image","twitter_creator":"@webdo_tn","twitter_site":"@webdo_tn","twitter_misc":{"\u00c9crit par":"webdo.tn","Dur\u00e9e de lecture estim\u00e9e":"2 minutes"},"schema":{"@context":"https:\/\/schema.org","@graph":[{"@type":"NewsArticle","@id":"https:\/\/www.webdo.tn\/fr\/actualite\/national\/sit-in-la-zone-petroliere-de-gabes-paralysee\/172590\/#article","isPartOf":{"@id":"https:\/\/www.webdo.tn\/fr\/actualite\/national\/sit-in-la-zone-petroliere-de-gabes-paralysee\/172590\/"},"author":{"name":"webdo.tn","@id":"https:\/\/www.webdo.tn\/fr\/#\/schema\/person\/9a9c6118d687c117df8ef3cc36a4d175"},"headline":"Sit-in: la zone p\u00e9troli\u00e8re de Gabes paralys\u00e9e (mise \u00e0 jour)","datePublished":"2011-09-08T15:42:00+00:00","dateModified":"2025-06-04T19:06:57+00:00","mainEntityOfPage":{"@id":"https:\/\/www.webdo.tn\/fr\/actualite\/national\/sit-in-la-zone-petroliere-de-gabes-paralysee\/172590\/"},"wordCount":489,"commentCount":0,"publisher":{"@id":"https:\/\/www.webdo.tn\/fr\/#organization"},"image":{"@id":"https:\/\/www.webdo.tn\/fr\/actualite\/national\/sit-in-la-zone-petroliere-de-gabes-paralysee\/172590\/#primaryimage"},"thumbnailUrl":"https:\/\/www.webdo.tn\/fr\/wp-content\/uploads\/2011\/09\/Gabes-photo-investintunisia.tn_.gif","articleSection":["National"],"inLanguage":"fr-FR"},{"@type":"WebPage","@id":"https:\/\/www.webdo.tn\/fr\/actualite\/national\/sit-in-la-zone-petroliere-de-gabes-paralysee\/172590\/","url":"https:\/\/www.webdo.tn\/fr\/actualite\/national\/sit-in-la-zone-petroliere-de-gabes-paralysee\/172590\/","name":"Sit-in: la zone p\u00e9troli\u00e8re de Gabes paralys\u00e9e (mise \u00e0 jour)","isPartOf":{"@id":"https:\/\/www.webdo.tn\/fr\/#website"},"primaryImageOfPage":{"@id":"https:\/\/www.webdo.tn\/fr\/actualite\/national\/sit-in-la-zone-petroliere-de-gabes-paralysee\/172590\/#primaryimage"},"image":{"@id":"https:\/\/www.webdo.tn\/fr\/actualite\/national\/sit-in-la-zone-petroliere-de-gabes-paralysee\/172590\/#primaryimage"},"thumbnailUrl":"https:\/\/www.webdo.tn\/fr\/wp-content\/uploads\/2011\/09\/Gabes-photo-investintunisia.tn_.gif","datePublished":"2011-09-08T15:42:00+00:00","dateModified":"2025-06-04T19:06:57+00:00","description":"Sit-in: la zone p\u00e9troli\u00e8re de Gabes paralys\u00e9e (mise \u00e0 jour)","breadcrumb":{"@id":"https:\/\/www.webdo.tn\/fr\/actualite\/national\/sit-in-la-zone-petroliere-de-gabes-paralysee\/172590\/#breadcrumb"},"inLanguage":"fr-FR","potentialAction":[{"@type":"ReadAction","target":["https:\/\/www.webdo.tn\/fr\/actualite\/national\/sit-in-la-zone-petroliere-de-gabes-paralysee\/172590\/"]}]},{"@type":"ImageObject","inLanguage":"fr-FR","@id":"https:\/\/www.webdo.tn\/fr\/actualite\/national\/sit-in-la-zone-petroliere-de-gabes-paralysee\/172590\/#primaryimage","url":"https:\/\/www.webdo.tn\/fr\/wp-content\/uploads\/2011\/09\/Gabes-photo-investintunisia.tn_.gif","contentUrl":"https:\/\/www.webdo.tn\/fr\/wp-content\/uploads\/2011\/09\/Gabes-photo-investintunisia.tn_.gif","width":300,"height":245,"caption":"Sit-in: la zone p\u00e9troli\u00e8re de Gabes paralys\u00e9e (mise \u00e0 jour)"},{"@type":"BreadcrumbList","@id":"https:\/\/www.webdo.tn\/fr\/actualite\/national\/sit-in-la-zone-petroliere-de-gabes-paralysee\/172590\/#breadcrumb","itemListElement":[{"@type":"ListItem","position":1,"name":"Accueil","item":"https:\/\/www.webdo.tn\/fr\/"},{"@type":"ListItem","position":2,"name":"Sit-in: la zone p\u00e9troli\u00e8re de Gabes paralys\u00e9e (mise \u00e0 jour)"}]},{"@type":"WebSite","@id":"https:\/\/www.webdo.tn\/fr\/#website","url":"https:\/\/www.webdo.tn\/fr\/","name":"webdo","description":"Tunisie - News en Tunisie et \u00e0 l&#039;international sur Webdo.tn","publisher":{"@id":"https:\/\/www.webdo.tn\/fr\/#organization"},"potentialAction":[{"@type":"SearchAction","target":{"@type":"EntryPoint","urlTemplate":"https:\/\/www.webdo.tn\/fr\/?s={search_term_string}"},"query-input":{"@type":"PropertyValueSpecification","valueRequired":true,"valueName":"search_term_string"}}],"inLanguage":"fr-FR"},{"@type":"Organization","@id":"https:\/\/www.webdo.tn\/fr\/#organization","name":"Webdo","alternateName":"Webdo.tn","url":"https:\/\/www.webdo.tn\/fr\/","logo":{"@type":"ImageObject","inLanguage":"fr-FR","@id":"https:\/\/www.webdo.tn\/fr\/#\/schema\/logo\/image\/","url":"https:\/\/www.webdo.tn\/fr\/wp-content\/uploads\/2025\/06\/Webdo-Tunisie_168377.jpg","contentUrl":"https:\/\/www.webdo.tn\/fr\/wp-content\/uploads\/2025\/06\/Webdo-Tunisie_168377.jpg","width":301,"height":301,"caption":"Webdo"},"image":{"@id":"https:\/\/www.webdo.tn\/fr\/#\/schema\/logo\/image\/"},"sameAs":["https:\/\/www.facebook.com\/webdotn","https:\/\/x.com\/webdo_tn"],"description":"Webdo est un m\u00e9dia num\u00e9rique tunisien fond\u00e9 en 2010, sp\u00e9cialis\u00e9 dans l\u2019actualit\u00e9 nationale et internationale, l\u2019\u00e9conomie, la soci\u00e9t\u00e9 et les analyses politiques. Le site s\u2019adresse \u00e0 un large public francophone et couvre l\u2019information tunisienne en temps r\u00e9el.","email":"redac@webdo.tn","legalName":"YNJ SARL","foundingDate":"2010-09-06","numberOfEmployees":{"@type":"QuantitativeValue","minValue":"11","maxValue":"50"}},{"@type":"Person","@id":"https:\/\/www.webdo.tn\/fr\/#\/schema\/person\/9a9c6118d687c117df8ef3cc36a4d175","name":"webdo.tn","image":{"@type":"ImageObject","inLanguage":"fr-FR","@id":"https:\/\/secure.gravatar.com\/avatar\/7ce1f28c0c3bbac99ff550b85ef8e44a6950c6ee24514fb6a5489e51d06f0298?s=96&d=mm&r=g","url":"https:\/\/secure.gravatar.com\/avatar\/7ce1f28c0c3bbac99ff550b85ef8e44a6950c6ee24514fb6a5489e51d06f0298?s=96&d=mm&r=g","contentUrl":"https:\/\/secure.gravatar.com\/avatar\/7ce1f28c0c3bbac99ff550b85ef8e44a6950c6ee24514fb6a5489e51d06f0298?s=96&d=mm&r=g","caption":"webdo.tn"},"url":"https:\/\/www.webdo.tn\/fr\/actualite\/author\/webdotn\/"}]}},"_links":{"self":[{"href":"https:\/\/www.webdo.tn\/fr\/wp-json\/wp\/v2\/posts\/172590","targetHints":{"allow":["GET"]}}],"collection":[{"href":"https:\/\/www.webdo.tn\/fr\/wp-json\/wp\/v2\/posts"}],"about":[{"href":"https:\/\/www.webdo.tn\/fr\/wp-json\/wp\/v2\/types\/post"}],"author":[{"embeddable":true,"href":"https:\/\/www.webdo.tn\/fr\/wp-json\/wp\/v2\/users\/3222"}],"replies":[{"embeddable":true,"href":"https:\/\/www.webdo.tn\/fr\/wp-json\/wp\/v2\/comments?post=172590"}],"version-history":[{"count":0,"href":"https:\/\/www.webdo.tn\/fr\/wp-json\/wp\/v2\/posts\/172590\/revisions"}],"wp:featuredmedia":[{"embeddable":true,"href":"https:\/\/www.webdo.tn\/fr\/wp-json\/wp\/v2\/media\/365150"}],"wp:attachment":[{"href":"https:\/\/www.webdo.tn\/fr\/wp-json\/wp\/v2\/media?parent=172590"}],"wp:term":[{"taxonomy":"category","embeddable":true,"href":"https:\/\/www.webdo.tn\/fr\/wp-json\/wp\/v2\/categories?post=172590"},{"taxonomy":"post_tag","embeddable":true,"href":"https:\/\/www.webdo.tn\/fr\/wp-json\/wp\/v2\/tags?post=172590"}],"curies":[{"name":"wp","href":"https:\/\/api.w.org\/{rel}","templated":true}]}}