{"id":172589,"date":"2011-09-08T15:56:00","date_gmt":"2011-09-08T15:56:00","guid":{"rendered":"https:\/\/www.webdo.tn\/fr\/actualite\/blog\/quand-les-footeux-se-shootent-a-la-politique\/172589\/"},"modified":"2025-06-04T19:06:55","modified_gmt":"2025-06-04T19:06:55","slug":"quand-les-footeux-se-shootent-a-la-politique","status":"publish","type":"post","link":"https:\/\/www.webdo.tn\/fr\/actualite\/national\/quand-les-footeux-se-shootent-a-la-politique\/172589\/","title":{"rendered":"Quand les \u00abfooteux\u00bb se \u00abshootent\u00bb \u00e0 la politique"},"content":{"rendered":"<p>La divulgation des diff\u00e9rentes listes de candidature pour les \u00e9lections de l\u2019Assembl\u00e9e constituante a r\u00e9serv\u00e9 son lot de surprises. La plus grosse \u00e9tant la pr\u00e9sence de plusieurs footballeurs ou figures sportives \u00e0 l&rsquo;instar de Chokri El Ouaer, parmi les membres des partis.<\/p>\n<p>L&rsquo;Union Patriotique Libre, ce parti cr\u00e9e par le myst\u00e9rieux Slim Riahi et qui a bombard\u00e9 nos m\u00e9dias \u00e0 coups de publicit\u00e9s et d&rsquo;affiches, a d\u00e9voil\u00e9, hier, sa liste pour les \u00e9lections de l\u2019Assembl\u00e9e constituante. Et le moins que l&rsquo;on puisse dire est que l&rsquo;UPL nous a r\u00e9serv\u00e9 une surprise de taille.<\/p>\n<p>Ainsi, pour la circonscription Tunis 1, la t\u00eate de liste de ce parti n&rsquo;est autre que l&rsquo;ex-gardien de l&rsquo;EST et de l&rsquo;Equipe Nationale, Chokri El Ouaer. Alors, oui, au nom de la d\u00e9mocratie, n&rsquo;importe quel citoyen peut se pr\u00e9senter \u00e0 ces \u00e9lections, de mani\u00e8re ind\u00e9pendante ou au sein d&rsquo;un parti mais il est l\u00e9gitime que certains se montrent sceptiques face \u00e0 une telle nomination. Interrog\u00e9 par la Radio Nationale sur cette question, El Ouaer a d\u00e9clar\u00e9 qu&rsquo;il se pr\u00e9sente \u00abpar amour pour la Tunisie\u00bb et que \u00able programme de l&rsquo;UPL l&rsquo;a convaincu du bien fond\u00e9 des intentions du parti de Slim Riahi\u00bb.<\/p>\n<p>Autre footballeur \u00e0 \u00eatre inscrit sur une liste \u00e0 ces \u00e9lections, nous trouvons l&rsquo;ex-joueur du CA, Yassine Boucha\u00e2la en t\u00eate du Parti de la Justice et du D\u00e9veloppement dans la circonscription de Sfax Sud. Par ailleurs, au niveau des dirigeants de foot cette fois-ci, mais toujours \u00e0 Sfax, l&rsquo;ex-pr\u00e9sident du CSS, Slaheddine Zahaf a annonc\u00e9 \u00e0 son tour que son nom apparaissait sur une liste ind\u00e9pendante, et ce, selon Webmanagercenter.<\/p>\n<p>Autres pr\u00e9sidents de clubs \u00e0 se d\u00e9clarer candidats, le pr\u00e9sident du CSHL, Mongi Bhar, en t\u00eate de la liste du parti de L&rsquo;Initiative dans la circonscription de Ben Arous ainsi que Mehdi Ben Gharbia, le pr\u00e9sident du CAB, t\u00eate de liste du PDP \u00e0 Bizerte.<\/p>\n<p>D&rsquo;autre part, des infos circulent concernant la candidature de Faouzi Benzarti, dans le circonscription de Monastir, et de Saber Ben Frej au sein du parti L&rsquo;Initiative. Des infos qui attendent confirmation.<\/p>\n<p>En Tunisie, le football a \u00e9t\u00e9 l&rsquo;opium du peuple durant des dizaines d&rsquo;ann\u00e9es sous l&rsquo;\u00e8re Ben Ali, esp\u00e9rons que cette pr\u00e9sence footballistique sur la sc\u00e8ne politique tunisienne ne soit pas un moyen, comme un autre, de s\u00e9duire les \u00e9lecteurs&#8230;<\/p>\n<p>NDLR : nous apprenons que Chokri El Ouaer n&rsquo;est pas t\u00eate de liste, mais le 3e de la liste de l&rsquo;UPL dans la circonscription de Tunis 1.<\/p>\n","protected":false},"excerpt":{"rendered":"<p>Quand les \u00abfooteux\u00bb se \u00abshootent\u00bb \u00e0 la politique  <\/p>\n","protected":false},"author":3222,"featured_media":365147,"comment_status":"open","ping_status":"closed","sticky":false,"template":"","format":"standard","meta":{"footnotes":""},"categories":[44],"tags":[],"class_list":["post-172589","post","type-post","status-publish","format-standard","has-post-thumbnail","hentry","category-national"],"yoast_head":"<!-- This site is optimized with the Yoast SEO Premium plugin v27.4 (Yoast SEO v27.5) - https:\/\/yoast.com\/product\/yoast-seo-premium-wordpress\/ -->\n<title>Quand les \u00abfooteux\u00bb se \u00abshootent\u00bb \u00e0 la politique<\/title>\n<meta name=\"description\" content=\"Quand les \u00abfooteux\u00bb se \u00abshootent\u00bb \u00e0 la politique\" \/>\n<link rel=\"canonical\" href=\"https:\/\/www.webdo.tn\/fr\/actualite\/national\/quand-les-footeux-se-shootent-a-la-politique\/172589\/\" \/>\n<meta property=\"og:locale\" content=\"fr_FR\" \/>\n<meta property=\"og:type\" content=\"article\" \/>\n<meta property=\"og:title\" content=\"Quand les \u00abfooteux\u00bb se \u00abshootent\u00bb \u00e0 la politique\" \/>\n<meta property=\"og:description\" content=\"Quand les \u00abfooteux\u00bb se \u00abshootent\u00bb \u00e0 la politique\" \/>\n<meta property=\"og:url\" content=\"https:\/\/www.webdo.tn\/fr\/actualite\/national\/quand-les-footeux-se-shootent-a-la-politique\/172589\/\" \/>\n<meta property=\"og:site_name\" content=\"webdo\" \/>\n<meta property=\"article:publisher\" content=\"https:\/\/www.facebook.com\/webdotn\" \/>\n<meta property=\"article:published_time\" content=\"2011-09-08T15:56:00+00:00\" \/>\n<meta property=\"article:modified_time\" content=\"2025-06-04T19:06:55+00:00\" \/>\n<meta property=\"og:image\" content=\"https:\/\/www.webdo.tn\/fr\/wp-content\/uploads\/2011\/09\/Foot-et-politique-photo-amazon.fr_1.jpg\" \/>\n\t<meta property=\"og:image:width\" content=\"276\" \/>\n\t<meta property=\"og:image:height\" content=\"253\" \/>\n\t<meta property=\"og:image:type\" content=\"image\/jpeg\" \/>\n<meta name=\"author\" content=\"webdo.tn\" \/>\n<meta name=\"twitter:card\" content=\"summary_large_image\" \/>\n<meta name=\"twitter:creator\" content=\"@webdo_tn\" \/>\n<meta name=\"twitter:site\" content=\"@webdo_tn\" \/>\n<meta name=\"twitter:label1\" content=\"\u00c9crit par\" \/>\n\t<meta name=\"twitter:data1\" content=\"webdo.tn\" \/>\n\t<meta name=\"twitter:label2\" content=\"Dur\u00e9e de lecture estim\u00e9e\" \/>\n\t<meta name=\"twitter:data2\" content=\"2 minutes\" \/>\n<script type=\"application\/ld+json\" class=\"yoast-schema-graph\">{\"@context\":\"https:\\\/\\\/schema.org\",\"@graph\":[{\"@type\":\"NewsArticle\",\"@id\":\"https:\\\/\\\/www.webdo.tn\\\/fr\\\/actualite\\\/national\\\/quand-les-footeux-se-shootent-a-la-politique\\\/172589\\\/#article\",\"isPartOf\":{\"@id\":\"https:\\\/\\\/www.webdo.tn\\\/fr\\\/actualite\\\/national\\\/quand-les-footeux-se-shootent-a-la-politique\\\/172589\\\/\"},\"author\":{\"name\":\"webdo.tn\",\"@id\":\"https:\\\/\\\/www.webdo.tn\\\/fr\\\/#\\\/schema\\\/person\\\/9a9c6118d687c117df8ef3cc36a4d175\"},\"headline\":\"Quand les \u00abfooteux\u00bb se \u00abshootent\u00bb \u00e0 la politique\",\"datePublished\":\"2011-09-08T15:56:00+00:00\",\"dateModified\":\"2025-06-04T19:06:55+00:00\",\"mainEntityOfPage\":{\"@id\":\"https:\\\/\\\/www.webdo.tn\\\/fr\\\/actualite\\\/national\\\/quand-les-footeux-se-shootent-a-la-politique\\\/172589\\\/\"},\"wordCount\":463,\"commentCount\":0,\"publisher\":{\"@id\":\"https:\\\/\\\/www.webdo.tn\\\/fr\\\/#organization\"},\"image\":{\"@id\":\"https:\\\/\\\/www.webdo.tn\\\/fr\\\/actualite\\\/national\\\/quand-les-footeux-se-shootent-a-la-politique\\\/172589\\\/#primaryimage\"},\"thumbnailUrl\":\"https:\\\/\\\/www.webdo.tn\\\/fr\\\/wp-content\\\/uploads\\\/2011\\\/09\\\/Foot-et-politique-photo-amazon.fr_1.jpg\",\"articleSection\":[\"National\"],\"inLanguage\":\"fr-FR\"},{\"@type\":\"WebPage\",\"@id\":\"https:\\\/\\\/www.webdo.tn\\\/fr\\\/actualite\\\/national\\\/quand-les-footeux-se-shootent-a-la-politique\\\/172589\\\/\",\"url\":\"https:\\\/\\\/www.webdo.tn\\\/fr\\\/actualite\\\/national\\\/quand-les-footeux-se-shootent-a-la-politique\\\/172589\\\/\",\"name\":\"Quand les \u00abfooteux\u00bb se \u00abshootent\u00bb \u00e0 la politique\",\"isPartOf\":{\"@id\":\"https:\\\/\\\/www.webdo.tn\\\/fr\\\/#website\"},\"primaryImageOfPage\":{\"@id\":\"https:\\\/\\\/www.webdo.tn\\\/fr\\\/actualite\\\/national\\\/quand-les-footeux-se-shootent-a-la-politique\\\/172589\\\/#primaryimage\"},\"image\":{\"@id\":\"https:\\\/\\\/www.webdo.tn\\\/fr\\\/actualite\\\/national\\\/quand-les-footeux-se-shootent-a-la-politique\\\/172589\\\/#primaryimage\"},\"thumbnailUrl\":\"https:\\\/\\\/www.webdo.tn\\\/fr\\\/wp-content\\\/uploads\\\/2011\\\/09\\\/Foot-et-politique-photo-amazon.fr_1.jpg\",\"datePublished\":\"2011-09-08T15:56:00+00:00\",\"dateModified\":\"2025-06-04T19:06:55+00:00\",\"description\":\"Quand les \u00abfooteux\u00bb se \u00abshootent\u00bb \u00e0 la politique\",\"breadcrumb\":{\"@id\":\"https:\\\/\\\/www.webdo.tn\\\/fr\\\/actualite\\\/national\\\/quand-les-footeux-se-shootent-a-la-politique\\\/172589\\\/#breadcrumb\"},\"inLanguage\":\"fr-FR\",\"potentialAction\":[{\"@type\":\"ReadAction\",\"target\":[\"https:\\\/\\\/www.webdo.tn\\\/fr\\\/actualite\\\/national\\\/quand-les-footeux-se-shootent-a-la-politique\\\/172589\\\/\"]}]},{\"@type\":\"ImageObject\",\"inLanguage\":\"fr-FR\",\"@id\":\"https:\\\/\\\/www.webdo.tn\\\/fr\\\/actualite\\\/national\\\/quand-les-footeux-se-shootent-a-la-politique\\\/172589\\\/#primaryimage\",\"url\":\"https:\\\/\\\/www.webdo.tn\\\/fr\\\/wp-content\\\/uploads\\\/2011\\\/09\\\/Foot-et-politique-photo-amazon.fr_1.jpg\",\"contentUrl\":\"https:\\\/\\\/www.webdo.tn\\\/fr\\\/wp-content\\\/uploads\\\/2011\\\/09\\\/Foot-et-politique-photo-amazon.fr_1.jpg\",\"width\":276,\"height\":253,\"caption\":\"Quand les \u00abfooteux\u00bb se \u00abshootent\u00bb \u00e0 la politique\"},{\"@type\":\"BreadcrumbList\",\"@id\":\"https:\\\/\\\/www.webdo.tn\\\/fr\\\/actualite\\\/national\\\/quand-les-footeux-se-shootent-a-la-politique\\\/172589\\\/#breadcrumb\",\"itemListElement\":[{\"@type\":\"ListItem\",\"position\":1,\"name\":\"Accueil\",\"item\":\"https:\\\/\\\/www.webdo.tn\\\/fr\\\/\"},{\"@type\":\"ListItem\",\"position\":2,\"name\":\"Quand les \u00abfooteux\u00bb se \u00abshootent\u00bb \u00e0 la politique\"}]},{\"@type\":\"WebSite\",\"@id\":\"https:\\\/\\\/www.webdo.tn\\\/fr\\\/#website\",\"url\":\"https:\\\/\\\/www.webdo.tn\\\/fr\\\/\",\"name\":\"webdo\",\"description\":\"Tunisie - News en Tunisie et \u00e0 l&#039;international sur Webdo.tn\",\"publisher\":{\"@id\":\"https:\\\/\\\/www.webdo.tn\\\/fr\\\/#organization\"},\"potentialAction\":[{\"@type\":\"SearchAction\",\"target\":{\"@type\":\"EntryPoint\",\"urlTemplate\":\"https:\\\/\\\/www.webdo.tn\\\/fr\\\/?s={search_term_string}\"},\"query-input\":{\"@type\":\"PropertyValueSpecification\",\"valueRequired\":true,\"valueName\":\"search_term_string\"}}],\"inLanguage\":\"fr-FR\"},{\"@type\":\"Organization\",\"@id\":\"https:\\\/\\\/www.webdo.tn\\\/fr\\\/#organization\",\"name\":\"Webdo\",\"alternateName\":\"Webdo.tn\",\"url\":\"https:\\\/\\\/www.webdo.tn\\\/fr\\\/\",\"logo\":{\"@type\":\"ImageObject\",\"inLanguage\":\"fr-FR\",\"@id\":\"https:\\\/\\\/www.webdo.tn\\\/fr\\\/#\\\/schema\\\/logo\\\/image\\\/\",\"url\":\"https:\\\/\\\/www.webdo.tn\\\/fr\\\/wp-content\\\/uploads\\\/2025\\\/06\\\/Webdo-Tunisie_168377.jpg\",\"contentUrl\":\"https:\\\/\\\/www.webdo.tn\\\/fr\\\/wp-content\\\/uploads\\\/2025\\\/06\\\/Webdo-Tunisie_168377.jpg\",\"width\":301,\"height\":301,\"caption\":\"Webdo\"},\"image\":{\"@id\":\"https:\\\/\\\/www.webdo.tn\\\/fr\\\/#\\\/schema\\\/logo\\\/image\\\/\"},\"sameAs\":[\"https:\\\/\\\/www.facebook.com\\\/webdotn\",\"https:\\\/\\\/x.com\\\/webdo_tn\"],\"description\":\"Webdo est un m\u00e9dia num\u00e9rique tunisien fond\u00e9 en 2010, sp\u00e9cialis\u00e9 dans l\u2019actualit\u00e9 nationale et internationale, l\u2019\u00e9conomie, la soci\u00e9t\u00e9 et les analyses politiques. Le site s\u2019adresse \u00e0 un large public francophone et couvre l\u2019information tunisienne en temps r\u00e9el.\",\"email\":\"redac@webdo.tn\",\"legalName\":\"YNJ SARL\",\"foundingDate\":\"2010-09-06\",\"numberOfEmployees\":{\"@type\":\"QuantitativeValue\",\"minValue\":\"11\",\"maxValue\":\"50\"}},{\"@type\":\"Person\",\"@id\":\"https:\\\/\\\/www.webdo.tn\\\/fr\\\/#\\\/schema\\\/person\\\/9a9c6118d687c117df8ef3cc36a4d175\",\"name\":\"webdo.tn\",\"image\":{\"@type\":\"ImageObject\",\"inLanguage\":\"fr-FR\",\"@id\":\"https:\\\/\\\/secure.gravatar.com\\\/avatar\\\/7ce1f28c0c3bbac99ff550b85ef8e44a6950c6ee24514fb6a5489e51d06f0298?s=96&d=mm&r=g\",\"url\":\"https:\\\/\\\/secure.gravatar.com\\\/avatar\\\/7ce1f28c0c3bbac99ff550b85ef8e44a6950c6ee24514fb6a5489e51d06f0298?s=96&d=mm&r=g\",\"contentUrl\":\"https:\\\/\\\/secure.gravatar.com\\\/avatar\\\/7ce1f28c0c3bbac99ff550b85ef8e44a6950c6ee24514fb6a5489e51d06f0298?s=96&d=mm&r=g\",\"caption\":\"webdo.tn\"},\"url\":\"https:\\\/\\\/www.webdo.tn\\\/fr\\\/actualite\\\/author\\\/webdotn\\\/\"}]}<\/script>\n<!-- \/ Yoast SEO Premium plugin. -->","yoast_head_json":{"title":"Quand les \u00abfooteux\u00bb se \u00abshootent\u00bb \u00e0 la politique","description":"Quand les \u00abfooteux\u00bb se \u00abshootent\u00bb \u00e0 la politique","canonical":"https:\/\/www.webdo.tn\/fr\/actualite\/national\/quand-les-footeux-se-shootent-a-la-politique\/172589\/","og_locale":"fr_FR","og_type":"article","og_title":"Quand les \u00abfooteux\u00bb se \u00abshootent\u00bb \u00e0 la politique","og_description":"Quand les \u00abfooteux\u00bb se \u00abshootent\u00bb \u00e0 la politique","og_url":"https:\/\/www.webdo.tn\/fr\/actualite\/national\/quand-les-footeux-se-shootent-a-la-politique\/172589\/","og_site_name":"webdo","article_publisher":"https:\/\/www.facebook.com\/webdotn","article_published_time":"2011-09-08T15:56:00+00:00","article_modified_time":"2025-06-04T19:06:55+00:00","og_image":[{"width":276,"height":253,"url":"https:\/\/www.webdo.tn\/fr\/wp-content\/uploads\/2011\/09\/Foot-et-politique-photo-amazon.fr_1.jpg","type":"image\/jpeg"}],"author":"webdo.tn","twitter_card":"summary_large_image","twitter_creator":"@webdo_tn","twitter_site":"@webdo_tn","twitter_misc":{"\u00c9crit par":"webdo.tn","Dur\u00e9e de lecture estim\u00e9e":"2 minutes"},"schema":{"@context":"https:\/\/schema.org","@graph":[{"@type":"NewsArticle","@id":"https:\/\/www.webdo.tn\/fr\/actualite\/national\/quand-les-footeux-se-shootent-a-la-politique\/172589\/#article","isPartOf":{"@id":"https:\/\/www.webdo.tn\/fr\/actualite\/national\/quand-les-footeux-se-shootent-a-la-politique\/172589\/"},"author":{"name":"webdo.tn","@id":"https:\/\/www.webdo.tn\/fr\/#\/schema\/person\/9a9c6118d687c117df8ef3cc36a4d175"},"headline":"Quand les \u00abfooteux\u00bb se \u00abshootent\u00bb \u00e0 la politique","datePublished":"2011-09-08T15:56:00+00:00","dateModified":"2025-06-04T19:06:55+00:00","mainEntityOfPage":{"@id":"https:\/\/www.webdo.tn\/fr\/actualite\/national\/quand-les-footeux-se-shootent-a-la-politique\/172589\/"},"wordCount":463,"commentCount":0,"publisher":{"@id":"https:\/\/www.webdo.tn\/fr\/#organization"},"image":{"@id":"https:\/\/www.webdo.tn\/fr\/actualite\/national\/quand-les-footeux-se-shootent-a-la-politique\/172589\/#primaryimage"},"thumbnailUrl":"https:\/\/www.webdo.tn\/fr\/wp-content\/uploads\/2011\/09\/Foot-et-politique-photo-amazon.fr_1.jpg","articleSection":["National"],"inLanguage":"fr-FR"},{"@type":"WebPage","@id":"https:\/\/www.webdo.tn\/fr\/actualite\/national\/quand-les-footeux-se-shootent-a-la-politique\/172589\/","url":"https:\/\/www.webdo.tn\/fr\/actualite\/national\/quand-les-footeux-se-shootent-a-la-politique\/172589\/","name":"Quand les \u00abfooteux\u00bb se \u00abshootent\u00bb \u00e0 la politique","isPartOf":{"@id":"https:\/\/www.webdo.tn\/fr\/#website"},"primaryImageOfPage":{"@id":"https:\/\/www.webdo.tn\/fr\/actualite\/national\/quand-les-footeux-se-shootent-a-la-politique\/172589\/#primaryimage"},"image":{"@id":"https:\/\/www.webdo.tn\/fr\/actualite\/national\/quand-les-footeux-se-shootent-a-la-politique\/172589\/#primaryimage"},"thumbnailUrl":"https:\/\/www.webdo.tn\/fr\/wp-content\/uploads\/2011\/09\/Foot-et-politique-photo-amazon.fr_1.jpg","datePublished":"2011-09-08T15:56:00+00:00","dateModified":"2025-06-04T19:06:55+00:00","description":"Quand les \u00abfooteux\u00bb se \u00abshootent\u00bb \u00e0 la politique","breadcrumb":{"@id":"https:\/\/www.webdo.tn\/fr\/actualite\/national\/quand-les-footeux-se-shootent-a-la-politique\/172589\/#breadcrumb"},"inLanguage":"fr-FR","potentialAction":[{"@type":"ReadAction","target":["https:\/\/www.webdo.tn\/fr\/actualite\/national\/quand-les-footeux-se-shootent-a-la-politique\/172589\/"]}]},{"@type":"ImageObject","inLanguage":"fr-FR","@id":"https:\/\/www.webdo.tn\/fr\/actualite\/national\/quand-les-footeux-se-shootent-a-la-politique\/172589\/#primaryimage","url":"https:\/\/www.webdo.tn\/fr\/wp-content\/uploads\/2011\/09\/Foot-et-politique-photo-amazon.fr_1.jpg","contentUrl":"https:\/\/www.webdo.tn\/fr\/wp-content\/uploads\/2011\/09\/Foot-et-politique-photo-amazon.fr_1.jpg","width":276,"height":253,"caption":"Quand les \u00abfooteux\u00bb se \u00abshootent\u00bb \u00e0 la politique"},{"@type":"BreadcrumbList","@id":"https:\/\/www.webdo.tn\/fr\/actualite\/national\/quand-les-footeux-se-shootent-a-la-politique\/172589\/#breadcrumb","itemListElement":[{"@type":"ListItem","position":1,"name":"Accueil","item":"https:\/\/www.webdo.tn\/fr\/"},{"@type":"ListItem","position":2,"name":"Quand les \u00abfooteux\u00bb se \u00abshootent\u00bb \u00e0 la politique"}]},{"@type":"WebSite","@id":"https:\/\/www.webdo.tn\/fr\/#website","url":"https:\/\/www.webdo.tn\/fr\/","name":"webdo","description":"Tunisie - News en Tunisie et \u00e0 l&#039;international sur Webdo.tn","publisher":{"@id":"https:\/\/www.webdo.tn\/fr\/#organization"},"potentialAction":[{"@type":"SearchAction","target":{"@type":"EntryPoint","urlTemplate":"https:\/\/www.webdo.tn\/fr\/?s={search_term_string}"},"query-input":{"@type":"PropertyValueSpecification","valueRequired":true,"valueName":"search_term_string"}}],"inLanguage":"fr-FR"},{"@type":"Organization","@id":"https:\/\/www.webdo.tn\/fr\/#organization","name":"Webdo","alternateName":"Webdo.tn","url":"https:\/\/www.webdo.tn\/fr\/","logo":{"@type":"ImageObject","inLanguage":"fr-FR","@id":"https:\/\/www.webdo.tn\/fr\/#\/schema\/logo\/image\/","url":"https:\/\/www.webdo.tn\/fr\/wp-content\/uploads\/2025\/06\/Webdo-Tunisie_168377.jpg","contentUrl":"https:\/\/www.webdo.tn\/fr\/wp-content\/uploads\/2025\/06\/Webdo-Tunisie_168377.jpg","width":301,"height":301,"caption":"Webdo"},"image":{"@id":"https:\/\/www.webdo.tn\/fr\/#\/schema\/logo\/image\/"},"sameAs":["https:\/\/www.facebook.com\/webdotn","https:\/\/x.com\/webdo_tn"],"description":"Webdo est un m\u00e9dia num\u00e9rique tunisien fond\u00e9 en 2010, sp\u00e9cialis\u00e9 dans l\u2019actualit\u00e9 nationale et internationale, l\u2019\u00e9conomie, la soci\u00e9t\u00e9 et les analyses politiques. Le site s\u2019adresse \u00e0 un large public francophone et couvre l\u2019information tunisienne en temps r\u00e9el.","email":"redac@webdo.tn","legalName":"YNJ SARL","foundingDate":"2010-09-06","numberOfEmployees":{"@type":"QuantitativeValue","minValue":"11","maxValue":"50"}},{"@type":"Person","@id":"https:\/\/www.webdo.tn\/fr\/#\/schema\/person\/9a9c6118d687c117df8ef3cc36a4d175","name":"webdo.tn","image":{"@type":"ImageObject","inLanguage":"fr-FR","@id":"https:\/\/secure.gravatar.com\/avatar\/7ce1f28c0c3bbac99ff550b85ef8e44a6950c6ee24514fb6a5489e51d06f0298?s=96&d=mm&r=g","url":"https:\/\/secure.gravatar.com\/avatar\/7ce1f28c0c3bbac99ff550b85ef8e44a6950c6ee24514fb6a5489e51d06f0298?s=96&d=mm&r=g","contentUrl":"https:\/\/secure.gravatar.com\/avatar\/7ce1f28c0c3bbac99ff550b85ef8e44a6950c6ee24514fb6a5489e51d06f0298?s=96&d=mm&r=g","caption":"webdo.tn"},"url":"https:\/\/www.webdo.tn\/fr\/actualite\/author\/webdotn\/"}]}},"_links":{"self":[{"href":"https:\/\/www.webdo.tn\/fr\/wp-json\/wp\/v2\/posts\/172589","targetHints":{"allow":["GET"]}}],"collection":[{"href":"https:\/\/www.webdo.tn\/fr\/wp-json\/wp\/v2\/posts"}],"about":[{"href":"https:\/\/www.webdo.tn\/fr\/wp-json\/wp\/v2\/types\/post"}],"author":[{"embeddable":true,"href":"https:\/\/www.webdo.tn\/fr\/wp-json\/wp\/v2\/users\/3222"}],"replies":[{"embeddable":true,"href":"https:\/\/www.webdo.tn\/fr\/wp-json\/wp\/v2\/comments?post=172589"}],"version-history":[{"count":0,"href":"https:\/\/www.webdo.tn\/fr\/wp-json\/wp\/v2\/posts\/172589\/revisions"}],"wp:featuredmedia":[{"embeddable":true,"href":"https:\/\/www.webdo.tn\/fr\/wp-json\/wp\/v2\/media\/365147"}],"wp:attachment":[{"href":"https:\/\/www.webdo.tn\/fr\/wp-json\/wp\/v2\/media?parent=172589"}],"wp:term":[{"taxonomy":"category","embeddable":true,"href":"https:\/\/www.webdo.tn\/fr\/wp-json\/wp\/v2\/categories?post=172589"},{"taxonomy":"post_tag","embeddable":true,"href":"https:\/\/www.webdo.tn\/fr\/wp-json\/wp\/v2\/tags?post=172589"}],"curies":[{"name":"wp","href":"https:\/\/api.w.org\/{rel}","templated":true}]}}