{"id":172585,"date":"2011-09-12T21:40:00","date_gmt":"2011-09-12T21:40:00","guid":{"rendered":"https:\/\/www.webdo.tn\/fr\/actualite\/blog\/interdiction-de-publicite-politique-le-pdp-na-pas-lintention-de-la-respecter\/172585\/"},"modified":"2025-06-04T19:07:11","modified_gmt":"2025-06-04T19:07:11","slug":"interdiction-de-publicite-politique-le-pdp-na-pas-lintention-de-la-respecter","status":"publish","type":"post","link":"https:\/\/www.webdo.tn\/fr\/actualite\/national\/interdiction-de-publicite-politique-le-pdp-na-pas-lintention-de-la-respecter\/172585\/","title":{"rendered":"Interdiction de publicit\u00e9 politique : Le PDP n&rsquo;a pas l&rsquo;intention de la respecter"},"content":{"rendered":"<p>Ce lundi est le premier jour d\u2019application de la d\u00e9cision prise par l\u2019Instance Sup\u00e9rieure Ind\u00e9pendante des \u00c9lections (ISIE) d&rsquo;interdire toute publicit\u00e9 concernant la campagne \u00e9lectorale. Une d\u00e9cision qui ne pla\u00eet pas \u00e0 tous les protagonistes de notre paysage politique.<\/p>\n<p>Parmi ceux qui se sont d\u00e9clar\u00e9s contre cette d\u00e9cision de l&rsquo;ISIE, figure le PDP dont le fondateur, Ahmed Nejib Chebbi, a r\u00e9uni, aujourd\u2019hui, une conf\u00e9rence de presse dans laquelle il a d\u00e9clar\u00e9 que son parti n&rsquo;avait pas l&rsquo;intention de se respecter la d\u00e9cision de l&rsquo;ISIE.<\/p>\n<p>Chebbi justifie sa prise de position par le fait que l&rsquo;interdiction de la publicit\u00e9 politique ne se base sur aucune loi. Le fondateur du PDP se dit m\u00eame pr\u00eat \u00e0 d\u00e9fendre son droit \u00e0 la publicit\u00e9 politique devant la justice.<\/p>\n<p>D&rsquo;autre part, certaines cha\u00eenes t\u00e9l\u00e9, \u00e0 l\u2019instar de Nessma TV, continuent de diffuser des spots, et certaines agences publicitaires, comme Karoui &amp; Karoui, \u00e0 afficher des pubs de certains partis politiques en d\u00e9pit de la d\u00e9cision de l&rsquo;ISIE&#8230; Le clash semble in\u00e9vitable entre cette instance et ces quelques partis !<\/p>\n<p>Rappelons que le charg\u00e9 des affaires juridiques et des relations g\u00e9n\u00e9rales au sein de l\u2019ISIE, Me Sami Ben Slama, nous avait d\u00e9clar\u00e9 que les partis concern\u00e9s risquaient une amende, variant entre 1000 et 5000 dinars, en cas  de non respect de ladite d\u00e9cision. Outre les amendes, le support m\u00e9dia n\u2019ayant pas respect\u00e9 l\u2019annulation est appel\u00e9 \u00e0 publier la p\u00e9nalit\u00e9 sur les m\u00eames espaces (pages ou rubriques) ayant \u00e9t\u00e9 r\u00e9serv\u00e9s pour la publicit\u00e9 du parti. Au cas o\u00f9 le support r\u00e9cidiverait, il se verra interdire par l&rsquo;ISIE la couverture de toute campagne \u00e9lectorale. De plus, selon l&rsquo;article 70 du d\u00e9cret-loi relatif \u00e0 l\u2019\u00e9lection de la Constituante, l&rsquo;ISIE peut annuler les r\u00e9sultats des vainqueurs qui n&rsquo;ont pas respect\u00e9 lesdites dispositions.<\/p>\n","protected":false},"excerpt":{"rendered":"<p>Interdiction de publicit\u00e9 politique : Le PDP n&rsquo;a pas l&rsquo;intention de la respecter <\/p>\n","protected":false},"author":3222,"featured_media":365162,"comment_status":"open","ping_status":"closed","sticky":false,"template":"","format":"standard","meta":{"footnotes":""},"categories":[44],"tags":[],"class_list":["post-172585","post","type-post","status-publish","format-standard","has-post-thumbnail","hentry","category-national"],"yoast_head":"<!-- This site is optimized with the Yoast SEO Premium plugin v27.4 (Yoast SEO v27.5) - https:\/\/yoast.com\/product\/yoast-seo-premium-wordpress\/ -->\n<title>Interdiction de publicit\u00e9 politique : Le PDP n&#039;a pas l&#039;intention de la respecter<\/title>\n<meta name=\"description\" content=\"Interdiction de publicit\u00e9 politique : Le PDP n&#039;a pas l&#039;intention de la respecter\" \/>\n<link rel=\"canonical\" href=\"https:\/\/www.webdo.tn\/fr\/actualite\/national\/interdiction-de-publicite-politique-le-pdp-na-pas-lintention-de-la-respecter\/172585\/\" \/>\n<meta property=\"og:locale\" content=\"fr_FR\" \/>\n<meta property=\"og:type\" content=\"article\" \/>\n<meta property=\"og:title\" content=\"Interdiction de publicit\u00e9 politique : Le PDP n&#039;a pas l&#039;intention de la respecter\" \/>\n<meta property=\"og:description\" content=\"Interdiction de publicit\u00e9 politique : Le PDP n&#039;a pas l&#039;intention de la respecter\" \/>\n<meta property=\"og:url\" content=\"https:\/\/www.webdo.tn\/fr\/actualite\/national\/interdiction-de-publicite-politique-le-pdp-na-pas-lintention-de-la-respecter\/172585\/\" \/>\n<meta property=\"og:site_name\" content=\"webdo\" \/>\n<meta property=\"article:publisher\" content=\"https:\/\/www.facebook.com\/webdotn\" \/>\n<meta property=\"article:published_time\" content=\"2011-09-12T21:40:00+00:00\" \/>\n<meta property=\"article:modified_time\" content=\"2025-06-04T19:07:11+00:00\" \/>\n<meta property=\"og:image\" content=\"https:\/\/www.webdo.tn\/fr\/wp-content\/uploads\/2011\/09\/Isie-150x150-1.png\" \/>\n\t<meta property=\"og:image:width\" content=\"150\" \/>\n\t<meta property=\"og:image:height\" content=\"150\" \/>\n\t<meta property=\"og:image:type\" content=\"image\/png\" \/>\n<meta name=\"author\" content=\"webdo.tn\" \/>\n<meta name=\"twitter:card\" content=\"summary_large_image\" \/>\n<meta name=\"twitter:creator\" content=\"@webdo_tn\" \/>\n<meta name=\"twitter:site\" content=\"@webdo_tn\" \/>\n<meta name=\"twitter:label1\" content=\"\u00c9crit par\" \/>\n\t<meta name=\"twitter:data1\" content=\"webdo.tn\" \/>\n\t<meta name=\"twitter:label2\" content=\"Dur\u00e9e de lecture estim\u00e9e\" \/>\n\t<meta name=\"twitter:data2\" content=\"2 minutes\" \/>\n<script type=\"application\/ld+json\" class=\"yoast-schema-graph\">{\"@context\":\"https:\\\/\\\/schema.org\",\"@graph\":[{\"@type\":\"NewsArticle\",\"@id\":\"https:\\\/\\\/www.webdo.tn\\\/fr\\\/actualite\\\/national\\\/interdiction-de-publicite-politique-le-pdp-na-pas-lintention-de-la-respecter\\\/172585\\\/#article\",\"isPartOf\":{\"@id\":\"https:\\\/\\\/www.webdo.tn\\\/fr\\\/actualite\\\/national\\\/interdiction-de-publicite-politique-le-pdp-na-pas-lintention-de-la-respecter\\\/172585\\\/\"},\"author\":{\"name\":\"webdo.tn\",\"@id\":\"https:\\\/\\\/www.webdo.tn\\\/fr\\\/#\\\/schema\\\/person\\\/9a9c6118d687c117df8ef3cc36a4d175\"},\"headline\":\"Interdiction de publicit\u00e9 politique : Le PDP n&rsquo;a pas l&rsquo;intention de la respecter\",\"datePublished\":\"2011-09-12T21:40:00+00:00\",\"dateModified\":\"2025-06-04T19:07:11+00:00\",\"mainEntityOfPage\":{\"@id\":\"https:\\\/\\\/www.webdo.tn\\\/fr\\\/actualite\\\/national\\\/interdiction-de-publicite-politique-le-pdp-na-pas-lintention-de-la-respecter\\\/172585\\\/\"},\"wordCount\":348,\"commentCount\":0,\"publisher\":{\"@id\":\"https:\\\/\\\/www.webdo.tn\\\/fr\\\/#organization\"},\"image\":{\"@id\":\"https:\\\/\\\/www.webdo.tn\\\/fr\\\/actualite\\\/national\\\/interdiction-de-publicite-politique-le-pdp-na-pas-lintention-de-la-respecter\\\/172585\\\/#primaryimage\"},\"thumbnailUrl\":\"https:\\\/\\\/www.webdo.tn\\\/fr\\\/wp-content\\\/uploads\\\/2011\\\/09\\\/Isie-150x150-1.png\",\"articleSection\":[\"National\"],\"inLanguage\":\"fr-FR\"},{\"@type\":\"WebPage\",\"@id\":\"https:\\\/\\\/www.webdo.tn\\\/fr\\\/actualite\\\/national\\\/interdiction-de-publicite-politique-le-pdp-na-pas-lintention-de-la-respecter\\\/172585\\\/\",\"url\":\"https:\\\/\\\/www.webdo.tn\\\/fr\\\/actualite\\\/national\\\/interdiction-de-publicite-politique-le-pdp-na-pas-lintention-de-la-respecter\\\/172585\\\/\",\"name\":\"Interdiction de publicit\u00e9 politique : Le PDP n'a pas l'intention de la respecter\",\"isPartOf\":{\"@id\":\"https:\\\/\\\/www.webdo.tn\\\/fr\\\/#website\"},\"primaryImageOfPage\":{\"@id\":\"https:\\\/\\\/www.webdo.tn\\\/fr\\\/actualite\\\/national\\\/interdiction-de-publicite-politique-le-pdp-na-pas-lintention-de-la-respecter\\\/172585\\\/#primaryimage\"},\"image\":{\"@id\":\"https:\\\/\\\/www.webdo.tn\\\/fr\\\/actualite\\\/national\\\/interdiction-de-publicite-politique-le-pdp-na-pas-lintention-de-la-respecter\\\/172585\\\/#primaryimage\"},\"thumbnailUrl\":\"https:\\\/\\\/www.webdo.tn\\\/fr\\\/wp-content\\\/uploads\\\/2011\\\/09\\\/Isie-150x150-1.png\",\"datePublished\":\"2011-09-12T21:40:00+00:00\",\"dateModified\":\"2025-06-04T19:07:11+00:00\",\"description\":\"Interdiction de publicit\u00e9 politique : Le PDP n'a pas l'intention de la respecter\",\"breadcrumb\":{\"@id\":\"https:\\\/\\\/www.webdo.tn\\\/fr\\\/actualite\\\/national\\\/interdiction-de-publicite-politique-le-pdp-na-pas-lintention-de-la-respecter\\\/172585\\\/#breadcrumb\"},\"inLanguage\":\"fr-FR\",\"potentialAction\":[{\"@type\":\"ReadAction\",\"target\":[\"https:\\\/\\\/www.webdo.tn\\\/fr\\\/actualite\\\/national\\\/interdiction-de-publicite-politique-le-pdp-na-pas-lintention-de-la-respecter\\\/172585\\\/\"]}]},{\"@type\":\"ImageObject\",\"inLanguage\":\"fr-FR\",\"@id\":\"https:\\\/\\\/www.webdo.tn\\\/fr\\\/actualite\\\/national\\\/interdiction-de-publicite-politique-le-pdp-na-pas-lintention-de-la-respecter\\\/172585\\\/#primaryimage\",\"url\":\"https:\\\/\\\/www.webdo.tn\\\/fr\\\/wp-content\\\/uploads\\\/2011\\\/09\\\/Isie-150x150-1.png\",\"contentUrl\":\"https:\\\/\\\/www.webdo.tn\\\/fr\\\/wp-content\\\/uploads\\\/2011\\\/09\\\/Isie-150x150-1.png\",\"width\":150,\"height\":150,\"caption\":\"Interdiction de publicit\u00e9 politique : Le PDP n'a pas l'intention de la respecter\"},{\"@type\":\"BreadcrumbList\",\"@id\":\"https:\\\/\\\/www.webdo.tn\\\/fr\\\/actualite\\\/national\\\/interdiction-de-publicite-politique-le-pdp-na-pas-lintention-de-la-respecter\\\/172585\\\/#breadcrumb\",\"itemListElement\":[{\"@type\":\"ListItem\",\"position\":1,\"name\":\"Accueil\",\"item\":\"https:\\\/\\\/www.webdo.tn\\\/fr\\\/\"},{\"@type\":\"ListItem\",\"position\":2,\"name\":\"Interdiction de publicit\u00e9 politique : Le PDP n&rsquo;a pas l&rsquo;intention de la respecter\"}]},{\"@type\":\"WebSite\",\"@id\":\"https:\\\/\\\/www.webdo.tn\\\/fr\\\/#website\",\"url\":\"https:\\\/\\\/www.webdo.tn\\\/fr\\\/\",\"name\":\"webdo\",\"description\":\"Tunisie - News en Tunisie et \u00e0 l&#039;international sur Webdo.tn\",\"publisher\":{\"@id\":\"https:\\\/\\\/www.webdo.tn\\\/fr\\\/#organization\"},\"potentialAction\":[{\"@type\":\"SearchAction\",\"target\":{\"@type\":\"EntryPoint\",\"urlTemplate\":\"https:\\\/\\\/www.webdo.tn\\\/fr\\\/?s={search_term_string}\"},\"query-input\":{\"@type\":\"PropertyValueSpecification\",\"valueRequired\":true,\"valueName\":\"search_term_string\"}}],\"inLanguage\":\"fr-FR\"},{\"@type\":\"Organization\",\"@id\":\"https:\\\/\\\/www.webdo.tn\\\/fr\\\/#organization\",\"name\":\"Webdo\",\"alternateName\":\"Webdo.tn\",\"url\":\"https:\\\/\\\/www.webdo.tn\\\/fr\\\/\",\"logo\":{\"@type\":\"ImageObject\",\"inLanguage\":\"fr-FR\",\"@id\":\"https:\\\/\\\/www.webdo.tn\\\/fr\\\/#\\\/schema\\\/logo\\\/image\\\/\",\"url\":\"https:\\\/\\\/www.webdo.tn\\\/fr\\\/wp-content\\\/uploads\\\/2025\\\/06\\\/Webdo-Tunisie_168377.jpg\",\"contentUrl\":\"https:\\\/\\\/www.webdo.tn\\\/fr\\\/wp-content\\\/uploads\\\/2025\\\/06\\\/Webdo-Tunisie_168377.jpg\",\"width\":301,\"height\":301,\"caption\":\"Webdo\"},\"image\":{\"@id\":\"https:\\\/\\\/www.webdo.tn\\\/fr\\\/#\\\/schema\\\/logo\\\/image\\\/\"},\"sameAs\":[\"https:\\\/\\\/www.facebook.com\\\/webdotn\",\"https:\\\/\\\/x.com\\\/webdo_tn\"],\"description\":\"Webdo est un m\u00e9dia num\u00e9rique tunisien fond\u00e9 en 2010, sp\u00e9cialis\u00e9 dans l\u2019actualit\u00e9 nationale et internationale, l\u2019\u00e9conomie, la soci\u00e9t\u00e9 et les analyses politiques. Le site s\u2019adresse \u00e0 un large public francophone et couvre l\u2019information tunisienne en temps r\u00e9el.\",\"email\":\"redac@webdo.tn\",\"legalName\":\"YNJ SARL\",\"foundingDate\":\"2010-09-06\",\"numberOfEmployees\":{\"@type\":\"QuantitativeValue\",\"minValue\":\"11\",\"maxValue\":\"50\"}},{\"@type\":\"Person\",\"@id\":\"https:\\\/\\\/www.webdo.tn\\\/fr\\\/#\\\/schema\\\/person\\\/9a9c6118d687c117df8ef3cc36a4d175\",\"name\":\"webdo.tn\",\"image\":{\"@type\":\"ImageObject\",\"inLanguage\":\"fr-FR\",\"@id\":\"https:\\\/\\\/secure.gravatar.com\\\/avatar\\\/7ce1f28c0c3bbac99ff550b85ef8e44a6950c6ee24514fb6a5489e51d06f0298?s=96&d=mm&r=g\",\"url\":\"https:\\\/\\\/secure.gravatar.com\\\/avatar\\\/7ce1f28c0c3bbac99ff550b85ef8e44a6950c6ee24514fb6a5489e51d06f0298?s=96&d=mm&r=g\",\"contentUrl\":\"https:\\\/\\\/secure.gravatar.com\\\/avatar\\\/7ce1f28c0c3bbac99ff550b85ef8e44a6950c6ee24514fb6a5489e51d06f0298?s=96&d=mm&r=g\",\"caption\":\"webdo.tn\"},\"url\":\"https:\\\/\\\/www.webdo.tn\\\/fr\\\/actualite\\\/author\\\/webdotn\\\/\"}]}<\/script>\n<!-- \/ Yoast SEO Premium plugin. -->","yoast_head_json":{"title":"Interdiction de publicit\u00e9 politique : Le PDP n'a pas l'intention de la respecter","description":"Interdiction de publicit\u00e9 politique : Le PDP n'a pas l'intention de la respecter","canonical":"https:\/\/www.webdo.tn\/fr\/actualite\/national\/interdiction-de-publicite-politique-le-pdp-na-pas-lintention-de-la-respecter\/172585\/","og_locale":"fr_FR","og_type":"article","og_title":"Interdiction de publicit\u00e9 politique : Le PDP n'a pas l'intention de la respecter","og_description":"Interdiction de publicit\u00e9 politique : Le PDP n'a pas l'intention de la respecter","og_url":"https:\/\/www.webdo.tn\/fr\/actualite\/national\/interdiction-de-publicite-politique-le-pdp-na-pas-lintention-de-la-respecter\/172585\/","og_site_name":"webdo","article_publisher":"https:\/\/www.facebook.com\/webdotn","article_published_time":"2011-09-12T21:40:00+00:00","article_modified_time":"2025-06-04T19:07:11+00:00","og_image":[{"width":150,"height":150,"url":"https:\/\/www.webdo.tn\/fr\/wp-content\/uploads\/2011\/09\/Isie-150x150-1.png","type":"image\/png"}],"author":"webdo.tn","twitter_card":"summary_large_image","twitter_creator":"@webdo_tn","twitter_site":"@webdo_tn","twitter_misc":{"\u00c9crit par":"webdo.tn","Dur\u00e9e de lecture estim\u00e9e":"2 minutes"},"schema":{"@context":"https:\/\/schema.org","@graph":[{"@type":"NewsArticle","@id":"https:\/\/www.webdo.tn\/fr\/actualite\/national\/interdiction-de-publicite-politique-le-pdp-na-pas-lintention-de-la-respecter\/172585\/#article","isPartOf":{"@id":"https:\/\/www.webdo.tn\/fr\/actualite\/national\/interdiction-de-publicite-politique-le-pdp-na-pas-lintention-de-la-respecter\/172585\/"},"author":{"name":"webdo.tn","@id":"https:\/\/www.webdo.tn\/fr\/#\/schema\/person\/9a9c6118d687c117df8ef3cc36a4d175"},"headline":"Interdiction de publicit\u00e9 politique : Le PDP n&rsquo;a pas l&rsquo;intention de la respecter","datePublished":"2011-09-12T21:40:00+00:00","dateModified":"2025-06-04T19:07:11+00:00","mainEntityOfPage":{"@id":"https:\/\/www.webdo.tn\/fr\/actualite\/national\/interdiction-de-publicite-politique-le-pdp-na-pas-lintention-de-la-respecter\/172585\/"},"wordCount":348,"commentCount":0,"publisher":{"@id":"https:\/\/www.webdo.tn\/fr\/#organization"},"image":{"@id":"https:\/\/www.webdo.tn\/fr\/actualite\/national\/interdiction-de-publicite-politique-le-pdp-na-pas-lintention-de-la-respecter\/172585\/#primaryimage"},"thumbnailUrl":"https:\/\/www.webdo.tn\/fr\/wp-content\/uploads\/2011\/09\/Isie-150x150-1.png","articleSection":["National"],"inLanguage":"fr-FR"},{"@type":"WebPage","@id":"https:\/\/www.webdo.tn\/fr\/actualite\/national\/interdiction-de-publicite-politique-le-pdp-na-pas-lintention-de-la-respecter\/172585\/","url":"https:\/\/www.webdo.tn\/fr\/actualite\/national\/interdiction-de-publicite-politique-le-pdp-na-pas-lintention-de-la-respecter\/172585\/","name":"Interdiction de publicit\u00e9 politique : Le PDP n'a pas l'intention de la respecter","isPartOf":{"@id":"https:\/\/www.webdo.tn\/fr\/#website"},"primaryImageOfPage":{"@id":"https:\/\/www.webdo.tn\/fr\/actualite\/national\/interdiction-de-publicite-politique-le-pdp-na-pas-lintention-de-la-respecter\/172585\/#primaryimage"},"image":{"@id":"https:\/\/www.webdo.tn\/fr\/actualite\/national\/interdiction-de-publicite-politique-le-pdp-na-pas-lintention-de-la-respecter\/172585\/#primaryimage"},"thumbnailUrl":"https:\/\/www.webdo.tn\/fr\/wp-content\/uploads\/2011\/09\/Isie-150x150-1.png","datePublished":"2011-09-12T21:40:00+00:00","dateModified":"2025-06-04T19:07:11+00:00","description":"Interdiction de publicit\u00e9 politique : Le PDP n'a pas l'intention de la respecter","breadcrumb":{"@id":"https:\/\/www.webdo.tn\/fr\/actualite\/national\/interdiction-de-publicite-politique-le-pdp-na-pas-lintention-de-la-respecter\/172585\/#breadcrumb"},"inLanguage":"fr-FR","potentialAction":[{"@type":"ReadAction","target":["https:\/\/www.webdo.tn\/fr\/actualite\/national\/interdiction-de-publicite-politique-le-pdp-na-pas-lintention-de-la-respecter\/172585\/"]}]},{"@type":"ImageObject","inLanguage":"fr-FR","@id":"https:\/\/www.webdo.tn\/fr\/actualite\/national\/interdiction-de-publicite-politique-le-pdp-na-pas-lintention-de-la-respecter\/172585\/#primaryimage","url":"https:\/\/www.webdo.tn\/fr\/wp-content\/uploads\/2011\/09\/Isie-150x150-1.png","contentUrl":"https:\/\/www.webdo.tn\/fr\/wp-content\/uploads\/2011\/09\/Isie-150x150-1.png","width":150,"height":150,"caption":"Interdiction de publicit\u00e9 politique : Le PDP n'a pas l'intention de la respecter"},{"@type":"BreadcrumbList","@id":"https:\/\/www.webdo.tn\/fr\/actualite\/national\/interdiction-de-publicite-politique-le-pdp-na-pas-lintention-de-la-respecter\/172585\/#breadcrumb","itemListElement":[{"@type":"ListItem","position":1,"name":"Accueil","item":"https:\/\/www.webdo.tn\/fr\/"},{"@type":"ListItem","position":2,"name":"Interdiction de publicit\u00e9 politique : Le PDP n&rsquo;a pas l&rsquo;intention de la respecter"}]},{"@type":"WebSite","@id":"https:\/\/www.webdo.tn\/fr\/#website","url":"https:\/\/www.webdo.tn\/fr\/","name":"webdo","description":"Tunisie - News en Tunisie et \u00e0 l&#039;international sur Webdo.tn","publisher":{"@id":"https:\/\/www.webdo.tn\/fr\/#organization"},"potentialAction":[{"@type":"SearchAction","target":{"@type":"EntryPoint","urlTemplate":"https:\/\/www.webdo.tn\/fr\/?s={search_term_string}"},"query-input":{"@type":"PropertyValueSpecification","valueRequired":true,"valueName":"search_term_string"}}],"inLanguage":"fr-FR"},{"@type":"Organization","@id":"https:\/\/www.webdo.tn\/fr\/#organization","name":"Webdo","alternateName":"Webdo.tn","url":"https:\/\/www.webdo.tn\/fr\/","logo":{"@type":"ImageObject","inLanguage":"fr-FR","@id":"https:\/\/www.webdo.tn\/fr\/#\/schema\/logo\/image\/","url":"https:\/\/www.webdo.tn\/fr\/wp-content\/uploads\/2025\/06\/Webdo-Tunisie_168377.jpg","contentUrl":"https:\/\/www.webdo.tn\/fr\/wp-content\/uploads\/2025\/06\/Webdo-Tunisie_168377.jpg","width":301,"height":301,"caption":"Webdo"},"image":{"@id":"https:\/\/www.webdo.tn\/fr\/#\/schema\/logo\/image\/"},"sameAs":["https:\/\/www.facebook.com\/webdotn","https:\/\/x.com\/webdo_tn"],"description":"Webdo est un m\u00e9dia num\u00e9rique tunisien fond\u00e9 en 2010, sp\u00e9cialis\u00e9 dans l\u2019actualit\u00e9 nationale et internationale, l\u2019\u00e9conomie, la soci\u00e9t\u00e9 et les analyses politiques. Le site s\u2019adresse \u00e0 un large public francophone et couvre l\u2019information tunisienne en temps r\u00e9el.","email":"redac@webdo.tn","legalName":"YNJ SARL","foundingDate":"2010-09-06","numberOfEmployees":{"@type":"QuantitativeValue","minValue":"11","maxValue":"50"}},{"@type":"Person","@id":"https:\/\/www.webdo.tn\/fr\/#\/schema\/person\/9a9c6118d687c117df8ef3cc36a4d175","name":"webdo.tn","image":{"@type":"ImageObject","inLanguage":"fr-FR","@id":"https:\/\/secure.gravatar.com\/avatar\/7ce1f28c0c3bbac99ff550b85ef8e44a6950c6ee24514fb6a5489e51d06f0298?s=96&d=mm&r=g","url":"https:\/\/secure.gravatar.com\/avatar\/7ce1f28c0c3bbac99ff550b85ef8e44a6950c6ee24514fb6a5489e51d06f0298?s=96&d=mm&r=g","contentUrl":"https:\/\/secure.gravatar.com\/avatar\/7ce1f28c0c3bbac99ff550b85ef8e44a6950c6ee24514fb6a5489e51d06f0298?s=96&d=mm&r=g","caption":"webdo.tn"},"url":"https:\/\/www.webdo.tn\/fr\/actualite\/author\/webdotn\/"}]}},"_links":{"self":[{"href":"https:\/\/www.webdo.tn\/fr\/wp-json\/wp\/v2\/posts\/172585","targetHints":{"allow":["GET"]}}],"collection":[{"href":"https:\/\/www.webdo.tn\/fr\/wp-json\/wp\/v2\/posts"}],"about":[{"href":"https:\/\/www.webdo.tn\/fr\/wp-json\/wp\/v2\/types\/post"}],"author":[{"embeddable":true,"href":"https:\/\/www.webdo.tn\/fr\/wp-json\/wp\/v2\/users\/3222"}],"replies":[{"embeddable":true,"href":"https:\/\/www.webdo.tn\/fr\/wp-json\/wp\/v2\/comments?post=172585"}],"version-history":[{"count":0,"href":"https:\/\/www.webdo.tn\/fr\/wp-json\/wp\/v2\/posts\/172585\/revisions"}],"wp:featuredmedia":[{"embeddable":true,"href":"https:\/\/www.webdo.tn\/fr\/wp-json\/wp\/v2\/media\/365162"}],"wp:attachment":[{"href":"https:\/\/www.webdo.tn\/fr\/wp-json\/wp\/v2\/media?parent=172585"}],"wp:term":[{"taxonomy":"category","embeddable":true,"href":"https:\/\/www.webdo.tn\/fr\/wp-json\/wp\/v2\/categories?post=172585"},{"taxonomy":"post_tag","embeddable":true,"href":"https:\/\/www.webdo.tn\/fr\/wp-json\/wp\/v2\/tags?post=172585"}],"curies":[{"name":"wp","href":"https:\/\/api.w.org\/{rel}","templated":true}]}}