{"id":172584,"date":"2011-09-13T16:59:00","date_gmt":"2011-09-13T16:59:00","guid":{"rendered":"https:\/\/www.webdo.tn\/fr\/actualite\/blog\/tunisie-le-rezidor-hotel-ajoute-une-nouvelle-unite-a-son-groupe\/172584\/"},"modified":"2011-09-13T16:59:00","modified_gmt":"2011-09-13T16:59:00","slug":"tunisie-le-rezidor-hotel-ajoute-une-nouvelle-unite-a-son-groupe","status":"publish","type":"post","link":"https:\/\/www.webdo.tn\/fr\/actualite\/national\/tunisie-le-rezidor-hotel-ajoute-une-nouvelle-unite-a-son-groupe\/172584\/","title":{"rendered":"Tunisie: le Rezidor H\u00f4tel ajoute une nouvelle unit\u00e9 \u00e0 son groupe"},"content":{"rendered":"<p>Presque deux ans apr\u00e8s avoir ouvert le Park Inn Ulysse Resort &amp; Thalasso \u00e0 Djerba, le Rezidor H\u00f4tel a annonc\u00e9 l&rsquo;entr\u00e9e d&rsquo;une nouvelle unit\u00e9 dans son groupe; son troisi\u00e8me sur nos terres, selon l&rsquo;agence Reuters.<\/p>\n<p>Cet h\u00f4tel est le Riu Park El Kebir et s&rsquo;appellera d\u00e9sormais le Park Inn Hammamet. Son ouverture est pr\u00e9vue pour le second trimestre de l&rsquo;ann\u00e9e 2012, le temps que le groupe Rezidor le r\u00e9nove compl\u00e8tement, ajoute la m\u00eame source.<\/p>\n<p>En renfor\u00e7ant sa pr\u00e9sence chez nous avec ce troisi\u00e8me h\u00f4tel, c&rsquo;est un point positif dans la perspective d&rsquo;une recrudescence du tourisme en Tunisie, comme l&rsquo;a laiss\u00e9 entendre le pr\u00e9sident du groupe, Kurt Ritter, qui a d\u00e9clar\u00e9 \u00e0 Reuters, sa satisfaction \u00e0 renforcer la pr\u00e9sence des h\u00f4tels Rezidor en Tunisie, et \u00e0 Hammamet en particulier, l&rsquo;une des destinations les plus pris\u00e9es d&rsquo;Afrique du Nord.<\/p>\n<p>Notons que, le groupe Rezidor a \u00e9t\u00e9 lanc\u00e9 en 2003 et poss\u00e8de d\u00e9j\u00e0, \u00e0 ce jour, plus de 145 h\u00f4tels en Europe, en Afrique et au Moyen-Orient.<\/p>\n","protected":false},"excerpt":{"rendered":"<p>Tunisie: le Rezidor H\u00f4tel ajoute une nouvelle unit\u00e9 \u00e0 son groupe <\/p>\n","protected":false},"author":3222,"featured_media":365172,"comment_status":"open","ping_status":"closed","sticky":false,"template":"","format":"standard","meta":{"footnotes":""},"categories":[44],"tags":[],"class_list":["post-172584","post","type-post","status-publish","format-standard","has-post-thumbnail","hentry","category-national"],"yoast_head":"<!-- This site is optimized with the Yoast SEO Premium plugin v27.4 (Yoast SEO v27.5) - https:\/\/yoast.com\/product\/yoast-seo-premium-wordpress\/ -->\n<title>Tunisie: le Rezidor H\u00f4tel ajoute une nouvelle unit\u00e9 \u00e0 son groupe<\/title>\n<meta name=\"description\" content=\"Tunisie: le Rezidor H\u00f4tel ajoute une nouvelle unit\u00e9 \u00e0 son groupe\" \/>\n<link rel=\"canonical\" href=\"https:\/\/www.webdo.tn\/fr\/actualite\/national\/tunisie-le-rezidor-hotel-ajoute-une-nouvelle-unite-a-son-groupe\/172584\/\" \/>\n<meta property=\"og:locale\" content=\"fr_FR\" \/>\n<meta property=\"og:type\" content=\"article\" \/>\n<meta property=\"og:title\" content=\"Tunisie: le Rezidor H\u00f4tel ajoute une nouvelle unit\u00e9 \u00e0 son groupe\" \/>\n<meta property=\"og:description\" content=\"Tunisie: le Rezidor H\u00f4tel ajoute une nouvelle unit\u00e9 \u00e0 son groupe\" \/>\n<meta property=\"og:url\" content=\"https:\/\/www.webdo.tn\/fr\/actualite\/national\/tunisie-le-rezidor-hotel-ajoute-une-nouvelle-unite-a-son-groupe\/172584\/\" \/>\n<meta property=\"og:site_name\" content=\"webdo\" \/>\n<meta property=\"article:publisher\" content=\"https:\/\/www.facebook.com\/webdotn\" \/>\n<meta property=\"article:published_time\" content=\"2011-09-13T16:59:00+00:00\" \/>\n<meta property=\"og:image\" content=\"https:\/\/www.webdo.tn\/fr\/wp-content\/uploads\/2011\/09\/Le-Groupe-Rezidor-Hotel.jpg\" \/>\n\t<meta property=\"og:image:width\" content=\"300\" \/>\n\t<meta property=\"og:image:height\" content=\"200\" \/>\n\t<meta property=\"og:image:type\" content=\"image\/jpeg\" \/>\n<meta name=\"author\" content=\"webdo.tn\" \/>\n<meta name=\"twitter:card\" content=\"summary_large_image\" \/>\n<meta name=\"twitter:creator\" content=\"@webdo_tn\" \/>\n<meta name=\"twitter:site\" content=\"@webdo_tn\" \/>\n<meta name=\"twitter:label1\" content=\"\u00c9crit par\" \/>\n\t<meta name=\"twitter:data1\" content=\"webdo.tn\" \/>\n\t<meta name=\"twitter:label2\" content=\"Dur\u00e9e de lecture estim\u00e9e\" \/>\n\t<meta name=\"twitter:data2\" content=\"1 minute\" \/>\n<script type=\"application\/ld+json\" class=\"yoast-schema-graph\">{\"@context\":\"https:\\\/\\\/schema.org\",\"@graph\":[{\"@type\":\"NewsArticle\",\"@id\":\"https:\\\/\\\/www.webdo.tn\\\/fr\\\/actualite\\\/national\\\/tunisie-le-rezidor-hotel-ajoute-une-nouvelle-unite-a-son-groupe\\\/172584\\\/#article\",\"isPartOf\":{\"@id\":\"https:\\\/\\\/www.webdo.tn\\\/fr\\\/actualite\\\/national\\\/tunisie-le-rezidor-hotel-ajoute-une-nouvelle-unite-a-son-groupe\\\/172584\\\/\"},\"author\":{\"name\":\"webdo.tn\",\"@id\":\"https:\\\/\\\/www.webdo.tn\\\/fr\\\/#\\\/schema\\\/person\\\/9a9c6118d687c117df8ef3cc36a4d175\"},\"headline\":\"Tunisie: le Rezidor H\u00f4tel ajoute une nouvelle unit\u00e9 \u00e0 son groupe\",\"datePublished\":\"2011-09-13T16:59:00+00:00\",\"mainEntityOfPage\":{\"@id\":\"https:\\\/\\\/www.webdo.tn\\\/fr\\\/actualite\\\/national\\\/tunisie-le-rezidor-hotel-ajoute-une-nouvelle-unite-a-son-groupe\\\/172584\\\/\"},\"wordCount\":200,\"commentCount\":0,\"publisher\":{\"@id\":\"https:\\\/\\\/www.webdo.tn\\\/fr\\\/#organization\"},\"image\":{\"@id\":\"https:\\\/\\\/www.webdo.tn\\\/fr\\\/actualite\\\/national\\\/tunisie-le-rezidor-hotel-ajoute-une-nouvelle-unite-a-son-groupe\\\/172584\\\/#primaryimage\"},\"thumbnailUrl\":\"https:\\\/\\\/www.webdo.tn\\\/fr\\\/wp-content\\\/uploads\\\/2011\\\/09\\\/Le-Groupe-Rezidor-Hotel.jpg\",\"articleSection\":[\"National\"],\"inLanguage\":\"fr-FR\"},{\"@type\":\"WebPage\",\"@id\":\"https:\\\/\\\/www.webdo.tn\\\/fr\\\/actualite\\\/national\\\/tunisie-le-rezidor-hotel-ajoute-une-nouvelle-unite-a-son-groupe\\\/172584\\\/\",\"url\":\"https:\\\/\\\/www.webdo.tn\\\/fr\\\/actualite\\\/national\\\/tunisie-le-rezidor-hotel-ajoute-une-nouvelle-unite-a-son-groupe\\\/172584\\\/\",\"name\":\"Tunisie: le Rezidor H\u00f4tel ajoute une nouvelle unit\u00e9 \u00e0 son groupe\",\"isPartOf\":{\"@id\":\"https:\\\/\\\/www.webdo.tn\\\/fr\\\/#website\"},\"primaryImageOfPage\":{\"@id\":\"https:\\\/\\\/www.webdo.tn\\\/fr\\\/actualite\\\/national\\\/tunisie-le-rezidor-hotel-ajoute-une-nouvelle-unite-a-son-groupe\\\/172584\\\/#primaryimage\"},\"image\":{\"@id\":\"https:\\\/\\\/www.webdo.tn\\\/fr\\\/actualite\\\/national\\\/tunisie-le-rezidor-hotel-ajoute-une-nouvelle-unite-a-son-groupe\\\/172584\\\/#primaryimage\"},\"thumbnailUrl\":\"https:\\\/\\\/www.webdo.tn\\\/fr\\\/wp-content\\\/uploads\\\/2011\\\/09\\\/Le-Groupe-Rezidor-Hotel.jpg\",\"datePublished\":\"2011-09-13T16:59:00+00:00\",\"description\":\"Tunisie: le Rezidor H\u00f4tel ajoute une nouvelle unit\u00e9 \u00e0 son groupe\",\"breadcrumb\":{\"@id\":\"https:\\\/\\\/www.webdo.tn\\\/fr\\\/actualite\\\/national\\\/tunisie-le-rezidor-hotel-ajoute-une-nouvelle-unite-a-son-groupe\\\/172584\\\/#breadcrumb\"},\"inLanguage\":\"fr-FR\",\"potentialAction\":[{\"@type\":\"ReadAction\",\"target\":[\"https:\\\/\\\/www.webdo.tn\\\/fr\\\/actualite\\\/national\\\/tunisie-le-rezidor-hotel-ajoute-une-nouvelle-unite-a-son-groupe\\\/172584\\\/\"]}]},{\"@type\":\"ImageObject\",\"inLanguage\":\"fr-FR\",\"@id\":\"https:\\\/\\\/www.webdo.tn\\\/fr\\\/actualite\\\/national\\\/tunisie-le-rezidor-hotel-ajoute-une-nouvelle-unite-a-son-groupe\\\/172584\\\/#primaryimage\",\"url\":\"https:\\\/\\\/www.webdo.tn\\\/fr\\\/wp-content\\\/uploads\\\/2011\\\/09\\\/Le-Groupe-Rezidor-Hotel.jpg\",\"contentUrl\":\"https:\\\/\\\/www.webdo.tn\\\/fr\\\/wp-content\\\/uploads\\\/2011\\\/09\\\/Le-Groupe-Rezidor-Hotel.jpg\",\"width\":300,\"height\":200,\"caption\":\"Tunisie: le Rezidor H\u00f4tel ajoute une nouvelle unit\u00e9 \u00e0 son groupe\"},{\"@type\":\"BreadcrumbList\",\"@id\":\"https:\\\/\\\/www.webdo.tn\\\/fr\\\/actualite\\\/national\\\/tunisie-le-rezidor-hotel-ajoute-une-nouvelle-unite-a-son-groupe\\\/172584\\\/#breadcrumb\",\"itemListElement\":[{\"@type\":\"ListItem\",\"position\":1,\"name\":\"Accueil\",\"item\":\"https:\\\/\\\/www.webdo.tn\\\/fr\\\/\"},{\"@type\":\"ListItem\",\"position\":2,\"name\":\"Tunisie: le Rezidor H\u00f4tel ajoute une nouvelle unit\u00e9 \u00e0 son groupe\"}]},{\"@type\":\"WebSite\",\"@id\":\"https:\\\/\\\/www.webdo.tn\\\/fr\\\/#website\",\"url\":\"https:\\\/\\\/www.webdo.tn\\\/fr\\\/\",\"name\":\"webdo\",\"description\":\"Tunisie - News en Tunisie et \u00e0 l&#039;international sur Webdo.tn\",\"publisher\":{\"@id\":\"https:\\\/\\\/www.webdo.tn\\\/fr\\\/#organization\"},\"potentialAction\":[{\"@type\":\"SearchAction\",\"target\":{\"@type\":\"EntryPoint\",\"urlTemplate\":\"https:\\\/\\\/www.webdo.tn\\\/fr\\\/?s={search_term_string}\"},\"query-input\":{\"@type\":\"PropertyValueSpecification\",\"valueRequired\":true,\"valueName\":\"search_term_string\"}}],\"inLanguage\":\"fr-FR\"},{\"@type\":\"Organization\",\"@id\":\"https:\\\/\\\/www.webdo.tn\\\/fr\\\/#organization\",\"name\":\"Webdo\",\"alternateName\":\"Webdo.tn\",\"url\":\"https:\\\/\\\/www.webdo.tn\\\/fr\\\/\",\"logo\":{\"@type\":\"ImageObject\",\"inLanguage\":\"fr-FR\",\"@id\":\"https:\\\/\\\/www.webdo.tn\\\/fr\\\/#\\\/schema\\\/logo\\\/image\\\/\",\"url\":\"https:\\\/\\\/www.webdo.tn\\\/fr\\\/wp-content\\\/uploads\\\/2025\\\/06\\\/Webdo-Tunisie_168377.jpg\",\"contentUrl\":\"https:\\\/\\\/www.webdo.tn\\\/fr\\\/wp-content\\\/uploads\\\/2025\\\/06\\\/Webdo-Tunisie_168377.jpg\",\"width\":301,\"height\":301,\"caption\":\"Webdo\"},\"image\":{\"@id\":\"https:\\\/\\\/www.webdo.tn\\\/fr\\\/#\\\/schema\\\/logo\\\/image\\\/\"},\"sameAs\":[\"https:\\\/\\\/www.facebook.com\\\/webdotn\",\"https:\\\/\\\/x.com\\\/webdo_tn\"],\"description\":\"Webdo est un m\u00e9dia num\u00e9rique tunisien fond\u00e9 en 2010, sp\u00e9cialis\u00e9 dans l\u2019actualit\u00e9 nationale et internationale, l\u2019\u00e9conomie, la soci\u00e9t\u00e9 et les analyses politiques. Le site s\u2019adresse \u00e0 un large public francophone et couvre l\u2019information tunisienne en temps r\u00e9el.\",\"email\":\"redac@webdo.tn\",\"legalName\":\"YNJ SARL\",\"foundingDate\":\"2010-09-06\",\"numberOfEmployees\":{\"@type\":\"QuantitativeValue\",\"minValue\":\"11\",\"maxValue\":\"50\"}},{\"@type\":\"Person\",\"@id\":\"https:\\\/\\\/www.webdo.tn\\\/fr\\\/#\\\/schema\\\/person\\\/9a9c6118d687c117df8ef3cc36a4d175\",\"name\":\"webdo.tn\",\"image\":{\"@type\":\"ImageObject\",\"inLanguage\":\"fr-FR\",\"@id\":\"https:\\\/\\\/secure.gravatar.com\\\/avatar\\\/7ce1f28c0c3bbac99ff550b85ef8e44a6950c6ee24514fb6a5489e51d06f0298?s=96&d=mm&r=g\",\"url\":\"https:\\\/\\\/secure.gravatar.com\\\/avatar\\\/7ce1f28c0c3bbac99ff550b85ef8e44a6950c6ee24514fb6a5489e51d06f0298?s=96&d=mm&r=g\",\"contentUrl\":\"https:\\\/\\\/secure.gravatar.com\\\/avatar\\\/7ce1f28c0c3bbac99ff550b85ef8e44a6950c6ee24514fb6a5489e51d06f0298?s=96&d=mm&r=g\",\"caption\":\"webdo.tn\"},\"url\":\"https:\\\/\\\/www.webdo.tn\\\/fr\\\/actualite\\\/author\\\/webdotn\\\/\"}]}<\/script>\n<!-- \/ Yoast SEO Premium plugin. -->","yoast_head_json":{"title":"Tunisie: le Rezidor H\u00f4tel ajoute une nouvelle unit\u00e9 \u00e0 son groupe","description":"Tunisie: le Rezidor H\u00f4tel ajoute une nouvelle unit\u00e9 \u00e0 son groupe","canonical":"https:\/\/www.webdo.tn\/fr\/actualite\/national\/tunisie-le-rezidor-hotel-ajoute-une-nouvelle-unite-a-son-groupe\/172584\/","og_locale":"fr_FR","og_type":"article","og_title":"Tunisie: le Rezidor H\u00f4tel ajoute une nouvelle unit\u00e9 \u00e0 son groupe","og_description":"Tunisie: le Rezidor H\u00f4tel ajoute une nouvelle unit\u00e9 \u00e0 son groupe","og_url":"https:\/\/www.webdo.tn\/fr\/actualite\/national\/tunisie-le-rezidor-hotel-ajoute-une-nouvelle-unite-a-son-groupe\/172584\/","og_site_name":"webdo","article_publisher":"https:\/\/www.facebook.com\/webdotn","article_published_time":"2011-09-13T16:59:00+00:00","og_image":[{"width":300,"height":200,"url":"https:\/\/www.webdo.tn\/fr\/wp-content\/uploads\/2011\/09\/Le-Groupe-Rezidor-Hotel.jpg","type":"image\/jpeg"}],"author":"webdo.tn","twitter_card":"summary_large_image","twitter_creator":"@webdo_tn","twitter_site":"@webdo_tn","twitter_misc":{"\u00c9crit par":"webdo.tn","Dur\u00e9e de lecture estim\u00e9e":"1 minute"},"schema":{"@context":"https:\/\/schema.org","@graph":[{"@type":"NewsArticle","@id":"https:\/\/www.webdo.tn\/fr\/actualite\/national\/tunisie-le-rezidor-hotel-ajoute-une-nouvelle-unite-a-son-groupe\/172584\/#article","isPartOf":{"@id":"https:\/\/www.webdo.tn\/fr\/actualite\/national\/tunisie-le-rezidor-hotel-ajoute-une-nouvelle-unite-a-son-groupe\/172584\/"},"author":{"name":"webdo.tn","@id":"https:\/\/www.webdo.tn\/fr\/#\/schema\/person\/9a9c6118d687c117df8ef3cc36a4d175"},"headline":"Tunisie: le Rezidor H\u00f4tel ajoute une nouvelle unit\u00e9 \u00e0 son groupe","datePublished":"2011-09-13T16:59:00+00:00","mainEntityOfPage":{"@id":"https:\/\/www.webdo.tn\/fr\/actualite\/national\/tunisie-le-rezidor-hotel-ajoute-une-nouvelle-unite-a-son-groupe\/172584\/"},"wordCount":200,"commentCount":0,"publisher":{"@id":"https:\/\/www.webdo.tn\/fr\/#organization"},"image":{"@id":"https:\/\/www.webdo.tn\/fr\/actualite\/national\/tunisie-le-rezidor-hotel-ajoute-une-nouvelle-unite-a-son-groupe\/172584\/#primaryimage"},"thumbnailUrl":"https:\/\/www.webdo.tn\/fr\/wp-content\/uploads\/2011\/09\/Le-Groupe-Rezidor-Hotel.jpg","articleSection":["National"],"inLanguage":"fr-FR"},{"@type":"WebPage","@id":"https:\/\/www.webdo.tn\/fr\/actualite\/national\/tunisie-le-rezidor-hotel-ajoute-une-nouvelle-unite-a-son-groupe\/172584\/","url":"https:\/\/www.webdo.tn\/fr\/actualite\/national\/tunisie-le-rezidor-hotel-ajoute-une-nouvelle-unite-a-son-groupe\/172584\/","name":"Tunisie: le Rezidor H\u00f4tel ajoute une nouvelle unit\u00e9 \u00e0 son groupe","isPartOf":{"@id":"https:\/\/www.webdo.tn\/fr\/#website"},"primaryImageOfPage":{"@id":"https:\/\/www.webdo.tn\/fr\/actualite\/national\/tunisie-le-rezidor-hotel-ajoute-une-nouvelle-unite-a-son-groupe\/172584\/#primaryimage"},"image":{"@id":"https:\/\/www.webdo.tn\/fr\/actualite\/national\/tunisie-le-rezidor-hotel-ajoute-une-nouvelle-unite-a-son-groupe\/172584\/#primaryimage"},"thumbnailUrl":"https:\/\/www.webdo.tn\/fr\/wp-content\/uploads\/2011\/09\/Le-Groupe-Rezidor-Hotel.jpg","datePublished":"2011-09-13T16:59:00+00:00","description":"Tunisie: le Rezidor H\u00f4tel ajoute une nouvelle unit\u00e9 \u00e0 son groupe","breadcrumb":{"@id":"https:\/\/www.webdo.tn\/fr\/actualite\/national\/tunisie-le-rezidor-hotel-ajoute-une-nouvelle-unite-a-son-groupe\/172584\/#breadcrumb"},"inLanguage":"fr-FR","potentialAction":[{"@type":"ReadAction","target":["https:\/\/www.webdo.tn\/fr\/actualite\/national\/tunisie-le-rezidor-hotel-ajoute-une-nouvelle-unite-a-son-groupe\/172584\/"]}]},{"@type":"ImageObject","inLanguage":"fr-FR","@id":"https:\/\/www.webdo.tn\/fr\/actualite\/national\/tunisie-le-rezidor-hotel-ajoute-une-nouvelle-unite-a-son-groupe\/172584\/#primaryimage","url":"https:\/\/www.webdo.tn\/fr\/wp-content\/uploads\/2011\/09\/Le-Groupe-Rezidor-Hotel.jpg","contentUrl":"https:\/\/www.webdo.tn\/fr\/wp-content\/uploads\/2011\/09\/Le-Groupe-Rezidor-Hotel.jpg","width":300,"height":200,"caption":"Tunisie: le Rezidor H\u00f4tel ajoute une nouvelle unit\u00e9 \u00e0 son groupe"},{"@type":"BreadcrumbList","@id":"https:\/\/www.webdo.tn\/fr\/actualite\/national\/tunisie-le-rezidor-hotel-ajoute-une-nouvelle-unite-a-son-groupe\/172584\/#breadcrumb","itemListElement":[{"@type":"ListItem","position":1,"name":"Accueil","item":"https:\/\/www.webdo.tn\/fr\/"},{"@type":"ListItem","position":2,"name":"Tunisie: le Rezidor H\u00f4tel ajoute une nouvelle unit\u00e9 \u00e0 son groupe"}]},{"@type":"WebSite","@id":"https:\/\/www.webdo.tn\/fr\/#website","url":"https:\/\/www.webdo.tn\/fr\/","name":"webdo","description":"Tunisie - News en Tunisie et \u00e0 l&#039;international sur Webdo.tn","publisher":{"@id":"https:\/\/www.webdo.tn\/fr\/#organization"},"potentialAction":[{"@type":"SearchAction","target":{"@type":"EntryPoint","urlTemplate":"https:\/\/www.webdo.tn\/fr\/?s={search_term_string}"},"query-input":{"@type":"PropertyValueSpecification","valueRequired":true,"valueName":"search_term_string"}}],"inLanguage":"fr-FR"},{"@type":"Organization","@id":"https:\/\/www.webdo.tn\/fr\/#organization","name":"Webdo","alternateName":"Webdo.tn","url":"https:\/\/www.webdo.tn\/fr\/","logo":{"@type":"ImageObject","inLanguage":"fr-FR","@id":"https:\/\/www.webdo.tn\/fr\/#\/schema\/logo\/image\/","url":"https:\/\/www.webdo.tn\/fr\/wp-content\/uploads\/2025\/06\/Webdo-Tunisie_168377.jpg","contentUrl":"https:\/\/www.webdo.tn\/fr\/wp-content\/uploads\/2025\/06\/Webdo-Tunisie_168377.jpg","width":301,"height":301,"caption":"Webdo"},"image":{"@id":"https:\/\/www.webdo.tn\/fr\/#\/schema\/logo\/image\/"},"sameAs":["https:\/\/www.facebook.com\/webdotn","https:\/\/x.com\/webdo_tn"],"description":"Webdo est un m\u00e9dia num\u00e9rique tunisien fond\u00e9 en 2010, sp\u00e9cialis\u00e9 dans l\u2019actualit\u00e9 nationale et internationale, l\u2019\u00e9conomie, la soci\u00e9t\u00e9 et les analyses politiques. Le site s\u2019adresse \u00e0 un large public francophone et couvre l\u2019information tunisienne en temps r\u00e9el.","email":"redac@webdo.tn","legalName":"YNJ SARL","foundingDate":"2010-09-06","numberOfEmployees":{"@type":"QuantitativeValue","minValue":"11","maxValue":"50"}},{"@type":"Person","@id":"https:\/\/www.webdo.tn\/fr\/#\/schema\/person\/9a9c6118d687c117df8ef3cc36a4d175","name":"webdo.tn","image":{"@type":"ImageObject","inLanguage":"fr-FR","@id":"https:\/\/secure.gravatar.com\/avatar\/7ce1f28c0c3bbac99ff550b85ef8e44a6950c6ee24514fb6a5489e51d06f0298?s=96&d=mm&r=g","url":"https:\/\/secure.gravatar.com\/avatar\/7ce1f28c0c3bbac99ff550b85ef8e44a6950c6ee24514fb6a5489e51d06f0298?s=96&d=mm&r=g","contentUrl":"https:\/\/secure.gravatar.com\/avatar\/7ce1f28c0c3bbac99ff550b85ef8e44a6950c6ee24514fb6a5489e51d06f0298?s=96&d=mm&r=g","caption":"webdo.tn"},"url":"https:\/\/www.webdo.tn\/fr\/actualite\/author\/webdotn\/"}]}},"_links":{"self":[{"href":"https:\/\/www.webdo.tn\/fr\/wp-json\/wp\/v2\/posts\/172584","targetHints":{"allow":["GET"]}}],"collection":[{"href":"https:\/\/www.webdo.tn\/fr\/wp-json\/wp\/v2\/posts"}],"about":[{"href":"https:\/\/www.webdo.tn\/fr\/wp-json\/wp\/v2\/types\/post"}],"author":[{"embeddable":true,"href":"https:\/\/www.webdo.tn\/fr\/wp-json\/wp\/v2\/users\/3222"}],"replies":[{"embeddable":true,"href":"https:\/\/www.webdo.tn\/fr\/wp-json\/wp\/v2\/comments?post=172584"}],"version-history":[{"count":0,"href":"https:\/\/www.webdo.tn\/fr\/wp-json\/wp\/v2\/posts\/172584\/revisions"}],"wp:featuredmedia":[{"embeddable":true,"href":"https:\/\/www.webdo.tn\/fr\/wp-json\/wp\/v2\/media\/365172"}],"wp:attachment":[{"href":"https:\/\/www.webdo.tn\/fr\/wp-json\/wp\/v2\/media?parent=172584"}],"wp:term":[{"taxonomy":"category","embeddable":true,"href":"https:\/\/www.webdo.tn\/fr\/wp-json\/wp\/v2\/categories?post=172584"},{"taxonomy":"post_tag","embeddable":true,"href":"https:\/\/www.webdo.tn\/fr\/wp-json\/wp\/v2\/tags?post=172584"}],"curies":[{"name":"wp","href":"https:\/\/api.w.org\/{rel}","templated":true}]}}