{"id":172583,"date":"2011-09-13T17:00:00","date_gmt":"2011-09-13T17:00:00","guid":{"rendered":"https:\/\/www.webdo.tn\/fr\/actualite\/blog\/erdogan-a-tunis-la-turquie-entre-dans-le-bal-des-elections\/172583\/"},"modified":"2011-09-13T17:00:00","modified_gmt":"2011-09-13T17:00:00","slug":"erdogan-a-tunis-la-turquie-entre-dans-le-bal-des-elections","status":"publish","type":"post","link":"https:\/\/www.webdo.tn\/fr\/actualite\/national\/erdogan-a-tunis-la-turquie-entre-dans-le-bal-des-elections\/172583\/","title":{"rendered":"Erdogan \u00e0 Tunis : la Turquie entre dans le bal\u2026 des \u00e9lections !"},"content":{"rendered":"<p>La Turquie a, depuis le d\u00e9but, soutenu les r\u00e9volutions qui ont eu lieu dans les pays arabes, notamment en condamnant les violences commises par les pouvoirs en place contre les peuples. Alors que la donne a chang\u00e9 en Tunisie, en \u00c9gypte et en Libye, et apr\u00e8s un temps d\u2019observation qui lui a permis de se faire une id\u00e9e tr\u00e8s pr\u00e9cise de la situation politico-\u00e9conomique qui pr\u00e9vaut dans ces pays, la Turquie du Premier ministre Recep Tayyip Erdogan, a d\u00e9cid\u00e9 d\u2019entrer dans le bal, d\u2019agir et de participer (\u00e0 sa mani\u00e8re) au \u00ab\u00a0Printemps arabe\u00a0\u00bb.<\/p>\n<p>Depuis plus d\u2019un an, Ankara a beaucoup gagn\u00e9 en sympathie dans le monde arabe. Le massacre perp\u00e9tr\u00e9 par les Isra\u00e9liens contre la flottille d\u2019aide pour Gaza, en mai 2010 y est paradoxalement pour beaucoup. Depuis, la Turquie a montr\u00e9 beaucoup d\u2019intransigeance vis-\u00e0-vis de son alli\u00e9 d\u2019hier.<\/p>\n<p>Plus r\u00e9cemment, la tension est encore mont\u00e9e d\u2019un cran entre Turcs et Isra\u00e9liens, toujours par rapport \u00e0 cette affaire. Voil\u00e0 de quoi rehausser le prestige de la Turquie et renforcer davantage sa position dans le monde arabe.<\/p>\n<p>Aujourd\u2019hui, cela passe naturellement par les p\u00f4les r\u00e9volutionnaires que sont la Tunisie, l\u2019\u00c9gypte et la Libye. Mais c\u2019est par l\u2019\u00c9gypte que le Premier ministre turc a entam\u00e9 sa tourn\u00e9e \u00ab\u00a0r\u00e9volutionnaire\u00a0\u00bb afin de soutenir le \u00ab\u00a0Printemps arabe\u00a0\u00bb. Un printemps qui ne ferait pas oublier Gaza la meurtrie\u2026 De l\u00e0, Erdogan compte bien mesurer sa cote de popularit\u00e9, lui qui a su d\u00e9fier Isra\u00ebl.<\/p>\n<p>Puis d\u00e8s demain, mercredi, le chef du gouvernement turc sera \u00e0 Tunis pour y voir plus clair dans la transition d\u00e9mocratique. Cette visite sera bien entendue une occasion pour lui, de rencontrer les officiels que sont le pr\u00e9sident int\u00e9rimaire Fouad Mbazz\u00e2, et le Premier ministre B\u00e9ji Ca\u00efd Essebsi. Ce sera surtout l\u2019occasion de s\u2019entretenir avec les acteurs de la transition.<\/p>\n<p>Nul doute qu\u2019Erdogan, chef de l\u2019AKP, a d\u00e9j\u00e0 pr\u00e9vu des \u00e9changes avec Ennahdha. Mais en bon politicien, il ne saurait se contenter d\u2019un seul courant au point de f\u00e2cher les autres acteurs. La logique voudrait donc que le premier ministre turc se mette \u00e0 table avec tout le monde et notamment avec le PDP de Chebbi, sachant que les Nahdhaouis et les Progressistes sont actuellement ceux qui percent le plus, et cela, \u00e0 tous les niveaux.<\/p>\n<p>Apr\u00e8s Tunis, Erdogan se rendra d\u00e8s jeudi en Libye pour y rencontrer les nouveaux dirigeants du Conseil national de transition afin d\u2019entrer dans la course que se livrent d\u00e9j\u00e0 Am\u00e9ricains et Europ\u00e9ens dans ce pays fort riche en p\u00e9trole.<\/p>\n","protected":false},"excerpt":{"rendered":"<p>Erdogan \u00e0 Tunis : la Turquie entre dans le bal\u2026 des \u00e9lections ! <\/p>\n","protected":false},"author":3222,"featured_media":376290,"comment_status":"open","ping_status":"closed","sticky":false,"template":"","format":"standard","meta":{"footnotes":""},"categories":[44],"tags":[],"class_list":["post-172583","post","type-post","status-publish","format-standard","has-post-thumbnail","hentry","category-national"],"yoast_head":"<!-- This site is optimized with the Yoast SEO Premium plugin v27.4 (Yoast SEO v27.5) - https:\/\/yoast.com\/product\/yoast-seo-premium-wordpress\/ -->\n<title>Erdogan \u00e0 Tunis : la Turquie entre dans le bal\u2026 des \u00e9lections !<\/title>\n<meta name=\"description\" content=\"Erdogan \u00e0 Tunis : la Turquie entre dans le bal\u2026 des \u00e9lections !\" \/>\n<link rel=\"canonical\" href=\"https:\/\/www.webdo.tn\/fr\/actualite\/national\/erdogan-a-tunis-la-turquie-entre-dans-le-bal-des-elections\/172583\/\" \/>\n<meta property=\"og:locale\" content=\"fr_FR\" \/>\n<meta property=\"og:type\" content=\"article\" \/>\n<meta property=\"og:title\" content=\"Erdogan \u00e0 Tunis : la Turquie entre dans le bal\u2026 des \u00e9lections !\" \/>\n<meta property=\"og:description\" content=\"Erdogan \u00e0 Tunis : la Turquie entre dans le bal\u2026 des \u00e9lections !\" \/>\n<meta property=\"og:url\" content=\"https:\/\/www.webdo.tn\/fr\/actualite\/national\/erdogan-a-tunis-la-turquie-entre-dans-le-bal-des-elections\/172583\/\" \/>\n<meta property=\"og:site_name\" content=\"webdo\" \/>\n<meta property=\"article:publisher\" content=\"https:\/\/www.facebook.com\/webdotn\" \/>\n<meta property=\"article:published_time\" content=\"2011-09-13T17:00:00+00:00\" \/>\n<meta name=\"author\" content=\"webdo.tn\" \/>\n<meta name=\"twitter:card\" content=\"summary_large_image\" \/>\n<meta name=\"twitter:creator\" content=\"@webdo_tn\" \/>\n<meta name=\"twitter:site\" content=\"@webdo_tn\" \/>\n<meta name=\"twitter:label1\" content=\"\u00c9crit par\" \/>\n\t<meta name=\"twitter:data1\" content=\"webdo.tn\" \/>\n\t<meta name=\"twitter:label2\" content=\"Dur\u00e9e de lecture estim\u00e9e\" \/>\n\t<meta name=\"twitter:data2\" content=\"2 minutes\" \/>\n<script type=\"application\/ld+json\" class=\"yoast-schema-graph\">{\"@context\":\"https:\\\/\\\/schema.org\",\"@graph\":[{\"@type\":\"NewsArticle\",\"@id\":\"https:\\\/\\\/www.webdo.tn\\\/fr\\\/actualite\\\/national\\\/erdogan-a-tunis-la-turquie-entre-dans-le-bal-des-elections\\\/172583\\\/#article\",\"isPartOf\":{\"@id\":\"https:\\\/\\\/www.webdo.tn\\\/fr\\\/actualite\\\/national\\\/erdogan-a-tunis-la-turquie-entre-dans-le-bal-des-elections\\\/172583\\\/\"},\"author\":{\"name\":\"webdo.tn\",\"@id\":\"https:\\\/\\\/www.webdo.tn\\\/fr\\\/#\\\/schema\\\/person\\\/9a9c6118d687c117df8ef3cc36a4d175\"},\"headline\":\"Erdogan \u00e0 Tunis : la Turquie entre dans le bal\u2026 des \u00e9lections !\",\"datePublished\":\"2011-09-13T17:00:00+00:00\",\"mainEntityOfPage\":{\"@id\":\"https:\\\/\\\/www.webdo.tn\\\/fr\\\/actualite\\\/national\\\/erdogan-a-tunis-la-turquie-entre-dans-le-bal-des-elections\\\/172583\\\/\"},\"wordCount\":472,\"commentCount\":0,\"publisher\":{\"@id\":\"https:\\\/\\\/www.webdo.tn\\\/fr\\\/#organization\"},\"image\":{\"@id\":\"https:\\\/\\\/www.webdo.tn\\\/fr\\\/actualite\\\/national\\\/erdogan-a-tunis-la-turquie-entre-dans-le-bal-des-elections\\\/172583\\\/#primaryimage\"},\"thumbnailUrl\":\"https:\\\/\\\/www.webdo.tn\\\/fr\\\/wp-content\\\/uploads\\\/2025\\\/06\\\/FireShot-Capture-1063-webdo_default-53-750x375.jpg-750\u00d7375-www.webdo_.tn_.png\",\"articleSection\":[\"National\"],\"inLanguage\":\"fr-FR\"},{\"@type\":\"WebPage\",\"@id\":\"https:\\\/\\\/www.webdo.tn\\\/fr\\\/actualite\\\/national\\\/erdogan-a-tunis-la-turquie-entre-dans-le-bal-des-elections\\\/172583\\\/\",\"url\":\"https:\\\/\\\/www.webdo.tn\\\/fr\\\/actualite\\\/national\\\/erdogan-a-tunis-la-turquie-entre-dans-le-bal-des-elections\\\/172583\\\/\",\"name\":\"Erdogan \u00e0 Tunis : la Turquie entre dans le bal\u2026 des \u00e9lections !\",\"isPartOf\":{\"@id\":\"https:\\\/\\\/www.webdo.tn\\\/fr\\\/#website\"},\"primaryImageOfPage\":{\"@id\":\"https:\\\/\\\/www.webdo.tn\\\/fr\\\/actualite\\\/national\\\/erdogan-a-tunis-la-turquie-entre-dans-le-bal-des-elections\\\/172583\\\/#primaryimage\"},\"image\":{\"@id\":\"https:\\\/\\\/www.webdo.tn\\\/fr\\\/actualite\\\/national\\\/erdogan-a-tunis-la-turquie-entre-dans-le-bal-des-elections\\\/172583\\\/#primaryimage\"},\"thumbnailUrl\":\"https:\\\/\\\/www.webdo.tn\\\/fr\\\/wp-content\\\/uploads\\\/2025\\\/06\\\/FireShot-Capture-1063-webdo_default-53-750x375.jpg-750\u00d7375-www.webdo_.tn_.png\",\"datePublished\":\"2011-09-13T17:00:00+00:00\",\"description\":\"Erdogan \u00e0 Tunis : la Turquie entre dans le bal\u2026 des \u00e9lections !\",\"breadcrumb\":{\"@id\":\"https:\\\/\\\/www.webdo.tn\\\/fr\\\/actualite\\\/national\\\/erdogan-a-tunis-la-turquie-entre-dans-le-bal-des-elections\\\/172583\\\/#breadcrumb\"},\"inLanguage\":\"fr-FR\",\"potentialAction\":[{\"@type\":\"ReadAction\",\"target\":[\"https:\\\/\\\/www.webdo.tn\\\/fr\\\/actualite\\\/national\\\/erdogan-a-tunis-la-turquie-entre-dans-le-bal-des-elections\\\/172583\\\/\"]}]},{\"@type\":\"ImageObject\",\"inLanguage\":\"fr-FR\",\"@id\":\"https:\\\/\\\/www.webdo.tn\\\/fr\\\/actualite\\\/national\\\/erdogan-a-tunis-la-turquie-entre-dans-le-bal-des-elections\\\/172583\\\/#primaryimage\",\"url\":\"https:\\\/\\\/www.webdo.tn\\\/fr\\\/wp-content\\\/uploads\\\/2025\\\/06\\\/FireShot-Capture-1063-webdo_default-53-750x375.jpg-750\u00d7375-www.webdo_.tn_.png\",\"contentUrl\":\"https:\\\/\\\/www.webdo.tn\\\/fr\\\/wp-content\\\/uploads\\\/2025\\\/06\\\/FireShot-Capture-1063-webdo_default-53-750x375.jpg-750\u00d7375-www.webdo_.tn_.png\",\"width\":746,\"height\":371},{\"@type\":\"BreadcrumbList\",\"@id\":\"https:\\\/\\\/www.webdo.tn\\\/fr\\\/actualite\\\/national\\\/erdogan-a-tunis-la-turquie-entre-dans-le-bal-des-elections\\\/172583\\\/#breadcrumb\",\"itemListElement\":[{\"@type\":\"ListItem\",\"position\":1,\"name\":\"Accueil\",\"item\":\"https:\\\/\\\/www.webdo.tn\\\/fr\\\/\"},{\"@type\":\"ListItem\",\"position\":2,\"name\":\"Erdogan \u00e0 Tunis : la Turquie entre dans le bal\u2026 des \u00e9lections !\"}]},{\"@type\":\"WebSite\",\"@id\":\"https:\\\/\\\/www.webdo.tn\\\/fr\\\/#website\",\"url\":\"https:\\\/\\\/www.webdo.tn\\\/fr\\\/\",\"name\":\"webdo\",\"description\":\"Tunisie - News en Tunisie et \u00e0 l&#039;international sur Webdo.tn\",\"publisher\":{\"@id\":\"https:\\\/\\\/www.webdo.tn\\\/fr\\\/#organization\"},\"potentialAction\":[{\"@type\":\"SearchAction\",\"target\":{\"@type\":\"EntryPoint\",\"urlTemplate\":\"https:\\\/\\\/www.webdo.tn\\\/fr\\\/?s={search_term_string}\"},\"query-input\":{\"@type\":\"PropertyValueSpecification\",\"valueRequired\":true,\"valueName\":\"search_term_string\"}}],\"inLanguage\":\"fr-FR\"},{\"@type\":\"Organization\",\"@id\":\"https:\\\/\\\/www.webdo.tn\\\/fr\\\/#organization\",\"name\":\"Webdo\",\"alternateName\":\"Webdo.tn\",\"url\":\"https:\\\/\\\/www.webdo.tn\\\/fr\\\/\",\"logo\":{\"@type\":\"ImageObject\",\"inLanguage\":\"fr-FR\",\"@id\":\"https:\\\/\\\/www.webdo.tn\\\/fr\\\/#\\\/schema\\\/logo\\\/image\\\/\",\"url\":\"https:\\\/\\\/www.webdo.tn\\\/fr\\\/wp-content\\\/uploads\\\/2025\\\/06\\\/Webdo-Tunisie_168377.jpg\",\"contentUrl\":\"https:\\\/\\\/www.webdo.tn\\\/fr\\\/wp-content\\\/uploads\\\/2025\\\/06\\\/Webdo-Tunisie_168377.jpg\",\"width\":301,\"height\":301,\"caption\":\"Webdo\"},\"image\":{\"@id\":\"https:\\\/\\\/www.webdo.tn\\\/fr\\\/#\\\/schema\\\/logo\\\/image\\\/\"},\"sameAs\":[\"https:\\\/\\\/www.facebook.com\\\/webdotn\",\"https:\\\/\\\/x.com\\\/webdo_tn\"],\"description\":\"Webdo est un m\u00e9dia num\u00e9rique tunisien fond\u00e9 en 2010, sp\u00e9cialis\u00e9 dans l\u2019actualit\u00e9 nationale et internationale, l\u2019\u00e9conomie, la soci\u00e9t\u00e9 et les analyses politiques. Le site s\u2019adresse \u00e0 un large public francophone et couvre l\u2019information tunisienne en temps r\u00e9el.\",\"email\":\"redac@webdo.tn\",\"legalName\":\"YNJ SARL\",\"foundingDate\":\"2010-09-06\",\"numberOfEmployees\":{\"@type\":\"QuantitativeValue\",\"minValue\":\"11\",\"maxValue\":\"50\"}},{\"@type\":\"Person\",\"@id\":\"https:\\\/\\\/www.webdo.tn\\\/fr\\\/#\\\/schema\\\/person\\\/9a9c6118d687c117df8ef3cc36a4d175\",\"name\":\"webdo.tn\",\"image\":{\"@type\":\"ImageObject\",\"inLanguage\":\"fr-FR\",\"@id\":\"https:\\\/\\\/secure.gravatar.com\\\/avatar\\\/7ce1f28c0c3bbac99ff550b85ef8e44a6950c6ee24514fb6a5489e51d06f0298?s=96&d=mm&r=g\",\"url\":\"https:\\\/\\\/secure.gravatar.com\\\/avatar\\\/7ce1f28c0c3bbac99ff550b85ef8e44a6950c6ee24514fb6a5489e51d06f0298?s=96&d=mm&r=g\",\"contentUrl\":\"https:\\\/\\\/secure.gravatar.com\\\/avatar\\\/7ce1f28c0c3bbac99ff550b85ef8e44a6950c6ee24514fb6a5489e51d06f0298?s=96&d=mm&r=g\",\"caption\":\"webdo.tn\"},\"url\":\"https:\\\/\\\/www.webdo.tn\\\/fr\\\/actualite\\\/author\\\/webdotn\\\/\"}]}<\/script>\n<!-- \/ Yoast SEO Premium plugin. -->","yoast_head_json":{"title":"Erdogan \u00e0 Tunis : la Turquie entre dans le bal\u2026 des \u00e9lections !","description":"Erdogan \u00e0 Tunis : la Turquie entre dans le bal\u2026 des \u00e9lections !","canonical":"https:\/\/www.webdo.tn\/fr\/actualite\/national\/erdogan-a-tunis-la-turquie-entre-dans-le-bal-des-elections\/172583\/","og_locale":"fr_FR","og_type":"article","og_title":"Erdogan \u00e0 Tunis : la Turquie entre dans le bal\u2026 des \u00e9lections !","og_description":"Erdogan \u00e0 Tunis : la Turquie entre dans le bal\u2026 des \u00e9lections !","og_url":"https:\/\/www.webdo.tn\/fr\/actualite\/national\/erdogan-a-tunis-la-turquie-entre-dans-le-bal-des-elections\/172583\/","og_site_name":"webdo","article_publisher":"https:\/\/www.facebook.com\/webdotn","article_published_time":"2011-09-13T17:00:00+00:00","author":"webdo.tn","twitter_card":"summary_large_image","twitter_creator":"@webdo_tn","twitter_site":"@webdo_tn","twitter_misc":{"\u00c9crit par":"webdo.tn","Dur\u00e9e de lecture estim\u00e9e":"2 minutes"},"schema":{"@context":"https:\/\/schema.org","@graph":[{"@type":"NewsArticle","@id":"https:\/\/www.webdo.tn\/fr\/actualite\/national\/erdogan-a-tunis-la-turquie-entre-dans-le-bal-des-elections\/172583\/#article","isPartOf":{"@id":"https:\/\/www.webdo.tn\/fr\/actualite\/national\/erdogan-a-tunis-la-turquie-entre-dans-le-bal-des-elections\/172583\/"},"author":{"name":"webdo.tn","@id":"https:\/\/www.webdo.tn\/fr\/#\/schema\/person\/9a9c6118d687c117df8ef3cc36a4d175"},"headline":"Erdogan \u00e0 Tunis : la Turquie entre dans le bal\u2026 des \u00e9lections !","datePublished":"2011-09-13T17:00:00+00:00","mainEntityOfPage":{"@id":"https:\/\/www.webdo.tn\/fr\/actualite\/national\/erdogan-a-tunis-la-turquie-entre-dans-le-bal-des-elections\/172583\/"},"wordCount":472,"commentCount":0,"publisher":{"@id":"https:\/\/www.webdo.tn\/fr\/#organization"},"image":{"@id":"https:\/\/www.webdo.tn\/fr\/actualite\/national\/erdogan-a-tunis-la-turquie-entre-dans-le-bal-des-elections\/172583\/#primaryimage"},"thumbnailUrl":"https:\/\/www.webdo.tn\/fr\/wp-content\/uploads\/2025\/06\/FireShot-Capture-1063-webdo_default-53-750x375.jpg-750\u00d7375-www.webdo_.tn_.png","articleSection":["National"],"inLanguage":"fr-FR"},{"@type":"WebPage","@id":"https:\/\/www.webdo.tn\/fr\/actualite\/national\/erdogan-a-tunis-la-turquie-entre-dans-le-bal-des-elections\/172583\/","url":"https:\/\/www.webdo.tn\/fr\/actualite\/national\/erdogan-a-tunis-la-turquie-entre-dans-le-bal-des-elections\/172583\/","name":"Erdogan \u00e0 Tunis : la Turquie entre dans le bal\u2026 des \u00e9lections !","isPartOf":{"@id":"https:\/\/www.webdo.tn\/fr\/#website"},"primaryImageOfPage":{"@id":"https:\/\/www.webdo.tn\/fr\/actualite\/national\/erdogan-a-tunis-la-turquie-entre-dans-le-bal-des-elections\/172583\/#primaryimage"},"image":{"@id":"https:\/\/www.webdo.tn\/fr\/actualite\/national\/erdogan-a-tunis-la-turquie-entre-dans-le-bal-des-elections\/172583\/#primaryimage"},"thumbnailUrl":"https:\/\/www.webdo.tn\/fr\/wp-content\/uploads\/2025\/06\/FireShot-Capture-1063-webdo_default-53-750x375.jpg-750\u00d7375-www.webdo_.tn_.png","datePublished":"2011-09-13T17:00:00+00:00","description":"Erdogan \u00e0 Tunis : la Turquie entre dans le bal\u2026 des \u00e9lections !","breadcrumb":{"@id":"https:\/\/www.webdo.tn\/fr\/actualite\/national\/erdogan-a-tunis-la-turquie-entre-dans-le-bal-des-elections\/172583\/#breadcrumb"},"inLanguage":"fr-FR","potentialAction":[{"@type":"ReadAction","target":["https:\/\/www.webdo.tn\/fr\/actualite\/national\/erdogan-a-tunis-la-turquie-entre-dans-le-bal-des-elections\/172583\/"]}]},{"@type":"ImageObject","inLanguage":"fr-FR","@id":"https:\/\/www.webdo.tn\/fr\/actualite\/national\/erdogan-a-tunis-la-turquie-entre-dans-le-bal-des-elections\/172583\/#primaryimage","url":"https:\/\/www.webdo.tn\/fr\/wp-content\/uploads\/2025\/06\/FireShot-Capture-1063-webdo_default-53-750x375.jpg-750\u00d7375-www.webdo_.tn_.png","contentUrl":"https:\/\/www.webdo.tn\/fr\/wp-content\/uploads\/2025\/06\/FireShot-Capture-1063-webdo_default-53-750x375.jpg-750\u00d7375-www.webdo_.tn_.png","width":746,"height":371},{"@type":"BreadcrumbList","@id":"https:\/\/www.webdo.tn\/fr\/actualite\/national\/erdogan-a-tunis-la-turquie-entre-dans-le-bal-des-elections\/172583\/#breadcrumb","itemListElement":[{"@type":"ListItem","position":1,"name":"Accueil","item":"https:\/\/www.webdo.tn\/fr\/"},{"@type":"ListItem","position":2,"name":"Erdogan \u00e0 Tunis : la Turquie entre dans le bal\u2026 des \u00e9lections !"}]},{"@type":"WebSite","@id":"https:\/\/www.webdo.tn\/fr\/#website","url":"https:\/\/www.webdo.tn\/fr\/","name":"webdo","description":"Tunisie - News en Tunisie et \u00e0 l&#039;international sur Webdo.tn","publisher":{"@id":"https:\/\/www.webdo.tn\/fr\/#organization"},"potentialAction":[{"@type":"SearchAction","target":{"@type":"EntryPoint","urlTemplate":"https:\/\/www.webdo.tn\/fr\/?s={search_term_string}"},"query-input":{"@type":"PropertyValueSpecification","valueRequired":true,"valueName":"search_term_string"}}],"inLanguage":"fr-FR"},{"@type":"Organization","@id":"https:\/\/www.webdo.tn\/fr\/#organization","name":"Webdo","alternateName":"Webdo.tn","url":"https:\/\/www.webdo.tn\/fr\/","logo":{"@type":"ImageObject","inLanguage":"fr-FR","@id":"https:\/\/www.webdo.tn\/fr\/#\/schema\/logo\/image\/","url":"https:\/\/www.webdo.tn\/fr\/wp-content\/uploads\/2025\/06\/Webdo-Tunisie_168377.jpg","contentUrl":"https:\/\/www.webdo.tn\/fr\/wp-content\/uploads\/2025\/06\/Webdo-Tunisie_168377.jpg","width":301,"height":301,"caption":"Webdo"},"image":{"@id":"https:\/\/www.webdo.tn\/fr\/#\/schema\/logo\/image\/"},"sameAs":["https:\/\/www.facebook.com\/webdotn","https:\/\/x.com\/webdo_tn"],"description":"Webdo est un m\u00e9dia num\u00e9rique tunisien fond\u00e9 en 2010, sp\u00e9cialis\u00e9 dans l\u2019actualit\u00e9 nationale et internationale, l\u2019\u00e9conomie, la soci\u00e9t\u00e9 et les analyses politiques. Le site s\u2019adresse \u00e0 un large public francophone et couvre l\u2019information tunisienne en temps r\u00e9el.","email":"redac@webdo.tn","legalName":"YNJ SARL","foundingDate":"2010-09-06","numberOfEmployees":{"@type":"QuantitativeValue","minValue":"11","maxValue":"50"}},{"@type":"Person","@id":"https:\/\/www.webdo.tn\/fr\/#\/schema\/person\/9a9c6118d687c117df8ef3cc36a4d175","name":"webdo.tn","image":{"@type":"ImageObject","inLanguage":"fr-FR","@id":"https:\/\/secure.gravatar.com\/avatar\/7ce1f28c0c3bbac99ff550b85ef8e44a6950c6ee24514fb6a5489e51d06f0298?s=96&d=mm&r=g","url":"https:\/\/secure.gravatar.com\/avatar\/7ce1f28c0c3bbac99ff550b85ef8e44a6950c6ee24514fb6a5489e51d06f0298?s=96&d=mm&r=g","contentUrl":"https:\/\/secure.gravatar.com\/avatar\/7ce1f28c0c3bbac99ff550b85ef8e44a6950c6ee24514fb6a5489e51d06f0298?s=96&d=mm&r=g","caption":"webdo.tn"},"url":"https:\/\/www.webdo.tn\/fr\/actualite\/author\/webdotn\/"}]}},"_links":{"self":[{"href":"https:\/\/www.webdo.tn\/fr\/wp-json\/wp\/v2\/posts\/172583","targetHints":{"allow":["GET"]}}],"collection":[{"href":"https:\/\/www.webdo.tn\/fr\/wp-json\/wp\/v2\/posts"}],"about":[{"href":"https:\/\/www.webdo.tn\/fr\/wp-json\/wp\/v2\/types\/post"}],"author":[{"embeddable":true,"href":"https:\/\/www.webdo.tn\/fr\/wp-json\/wp\/v2\/users\/3222"}],"replies":[{"embeddable":true,"href":"https:\/\/www.webdo.tn\/fr\/wp-json\/wp\/v2\/comments?post=172583"}],"version-history":[{"count":0,"href":"https:\/\/www.webdo.tn\/fr\/wp-json\/wp\/v2\/posts\/172583\/revisions"}],"wp:featuredmedia":[{"embeddable":true,"href":"https:\/\/www.webdo.tn\/fr\/wp-json\/wp\/v2\/media\/376290"}],"wp:attachment":[{"href":"https:\/\/www.webdo.tn\/fr\/wp-json\/wp\/v2\/media?parent=172583"}],"wp:term":[{"taxonomy":"category","embeddable":true,"href":"https:\/\/www.webdo.tn\/fr\/wp-json\/wp\/v2\/categories?post=172583"},{"taxonomy":"post_tag","embeddable":true,"href":"https:\/\/www.webdo.tn\/fr\/wp-json\/wp\/v2\/tags?post=172583"}],"curies":[{"name":"wp","href":"https:\/\/api.w.org\/{rel}","templated":true}]}}