{"id":172579,"date":"2011-09-15T15:18:00","date_gmt":"2011-09-15T15:18:00","guid":{"rendered":"https:\/\/www.webdo.tn\/fr\/actualite\/blog\/les-saoudiens-prets-a-extrader-ben-ali\/172579\/"},"modified":"2025-06-04T19:06:32","modified_gmt":"2025-06-04T19:06:32","slug":"les-saoudiens-prets-a-extrader-ben-ali","status":"publish","type":"post","link":"https:\/\/www.webdo.tn\/fr\/actualite\/national\/les-saoudiens-prets-a-extrader-ben-ali\/172579\/","title":{"rendered":"Les Saoudiens pr\u00eats \u00e0 extrader Ben Ali ?"},"content":{"rendered":"<p>Le juge d&rsquo;instruction du Tribunal de Premi\u00e8re instance de Monastir vient de lancer un mandat d&rsquo;arr\u00eat international, via Interpol, contre le pr\u00e9sident d\u00e9chu Ben Ali et l&rsquo;ancien directeur de l&rsquo;Aviation Civile et des A\u00e9roports, Mohamed Cherif, rapporte la TAP.<\/p>\n<p>Cette d\u00e9cision fait suite \u00e0 la plainte d\u00e9pos\u00e9e, le 29 juin dernier aupr\u00e8s du procureur, par un comit\u00e9 compos\u00e9 de 10 avocats au nom d&rsquo;un groupe de citoyens \u00ab\u00a0victimes\u00a0\u00bb r\u00e9clamant la protection de l&rsquo;a\u00e9roport de Monastir. Ce dernier \u00e9tant, lui-m\u00eame, victime d&rsquo;une \u00ab\u00a0transaction suspecte\u00a0\u00bb.<\/p>\n<p>L&rsquo;enqu\u00eate, qui s&rsquo;est ouverte le 7 juillet, a permis de r\u00e9unir plusieurs chefs d&rsquo;accusations contre le tandem Ben Ali\/Cherif, pour pr\u00e9judice caus\u00e9 \u00e0 l&rsquo;administration \u00e0 travers le d\u00e9tournement de contrats et d&rsquo;argent publics \u00e0 des fins personnelles .<\/p>\n<p>Pourquoi en ce moment pr\u00e9cis, puisqu&rsquo;une premi\u00e8re requ\u00eate ,en ce sens, avait d\u00e9j\u00e0 \u00e9t\u00e9 adress\u00e9e \u00e0 Interpol le 6 ao\u00fbt, parall\u00e8lement \u00e0 l&rsquo;enqu\u00eate ouverte par la brigade \u00e9conomique au sujet des abus financiers perp\u00e9tr\u00e9s par les deux hommes.<\/p>\n<p>Il n&rsquo;\u00e9chappera \u00e0 personne, en ce sens, que cette \u00e9ni\u00e8me demande d&rsquo;extradition, dont presque plus personne ne croit en l&rsquo;efficacit\u00e9, intervient au moment o\u00f9 une haute personnalit\u00e9 saoudienne, en l\u2019occurrence le prince Saoud Al-Fay\u00e7al a effectu\u00e9 une visite en Tunisie, mercredi dernier, et a rencontr\u00e9 le pr\u00e9sident de la R\u00e9publique par int\u00e9rim, Foued Mbaza\u00e2, \u00e0 qui il a transmis un message du roi Abdallah. Il a \u00e9galement eu un entretien avec le premier ministre du gouvernement provisoire, B\u00e9ji Ca\u00efd Essebsi.<\/p>\n<p>C&rsquo;est la premi\u00e8re visite d&rsquo;un officiel Saoudien de cette importance depuis le 14 janvier, c&rsquo;est \u00e0 dire depuis que le Royaume d&rsquo;Arabie Saoudite a accueilli Ben Ali apr\u00e8s sa fuite.<\/p>\n<p>Si rien n&rsquo;a filtr\u00e9 sur le contenu des entretiens du prince avec Mbaza\u00e2 et Essebsi, son extradition a \u00e9t\u00e9 \u00e0 coup s\u00fbr \u00e9voqu\u00e9e. Certains avancent m\u00eame que Riyad est pr\u00eate \u00e0 \u00ab remettre \u00bb Ben Ali sous certaines conditions.<\/p>\n<p>Mais, concr\u00e8tement, est-ce que la position saoudienne a chang\u00e9, ou risque de changer au vu de l&rsquo;\u00e9volution rapide des \u00e9v\u00e9nements en Tunisie et dans le monde arabe ?<\/p>\n<p>De toute fa\u00e7on, et jusqu&rsquo;\u00e0 preuve du contraire, Riyad s&rsquo;appuie toujours sur la non-existence d&rsquo;accords d&rsquo;extradition entre la Tunisie et l&rsquo;Arabie Saoudite pour garder Ben Ali chez elle. De quelle \u00ab monnaie de change \u00bb disposent les Saoudiens pour continuer \u00e0 entretenir de bons rapports avec les futurs dirigeants tunisiens, sans leur \u00ab remettre \u00bb le d\u00e9chu ?<\/p>\n","protected":false},"excerpt":{"rendered":"<p>Les Saoudiens pr\u00eats \u00e0 extrader Ben Ali ? <\/p>\n","protected":false},"author":3222,"featured_media":365130,"comment_status":"open","ping_status":"closed","sticky":false,"template":"","format":"standard","meta":{"footnotes":""},"categories":[44],"tags":[],"class_list":["post-172579","post","type-post","status-publish","format-standard","has-post-thumbnail","hentry","category-national"],"yoast_head":"<!-- This site is optimized with the Yoast SEO Premium plugin v27.4 (Yoast SEO v27.5) - https:\/\/yoast.com\/product\/yoast-seo-premium-wordpress\/ -->\n<title>Les Saoudiens pr\u00eats \u00e0 extrader Ben Ali ?<\/title>\n<meta name=\"description\" content=\"Les Saoudiens pr\u00eats \u00e0 extrader Ben Ali ?\" \/>\n<link rel=\"canonical\" href=\"https:\/\/www.webdo.tn\/fr\/actualite\/national\/les-saoudiens-prets-a-extrader-ben-ali\/172579\/\" \/>\n<meta property=\"og:locale\" content=\"fr_FR\" \/>\n<meta property=\"og:type\" content=\"article\" \/>\n<meta property=\"og:title\" content=\"Les Saoudiens pr\u00eats \u00e0 extrader Ben Ali ?\" \/>\n<meta property=\"og:description\" content=\"Les Saoudiens pr\u00eats \u00e0 extrader Ben Ali ?\" \/>\n<meta property=\"og:url\" content=\"https:\/\/www.webdo.tn\/fr\/actualite\/national\/les-saoudiens-prets-a-extrader-ben-ali\/172579\/\" \/>\n<meta property=\"og:site_name\" content=\"webdo\" \/>\n<meta property=\"article:publisher\" content=\"https:\/\/www.facebook.com\/webdotn\" \/>\n<meta property=\"article:published_time\" content=\"2011-09-15T15:18:00+00:00\" \/>\n<meta property=\"article:modified_time\" content=\"2025-06-04T19:06:32+00:00\" \/>\n<meta property=\"og:image\" content=\"https:\/\/www.webdo.tn\/fr\/wp-content\/uploads\/2011\/09\/Zine-El-Abidine-Ben-Ali-photo-refdag.nl_.jpg\" \/>\n\t<meta property=\"og:image:width\" content=\"242\" \/>\n\t<meta property=\"og:image:height\" content=\"287\" \/>\n\t<meta property=\"og:image:type\" content=\"image\/jpeg\" \/>\n<meta name=\"author\" content=\"webdo.tn\" \/>\n<meta name=\"twitter:card\" content=\"summary_large_image\" \/>\n<meta name=\"twitter:creator\" content=\"@webdo_tn\" \/>\n<meta name=\"twitter:site\" content=\"@webdo_tn\" \/>\n<meta name=\"twitter:label1\" content=\"\u00c9crit par\" \/>\n\t<meta name=\"twitter:data1\" content=\"webdo.tn\" \/>\n\t<meta name=\"twitter:label2\" content=\"Dur\u00e9e de lecture estim\u00e9e\" \/>\n\t<meta name=\"twitter:data2\" content=\"2 minutes\" \/>\n<script type=\"application\/ld+json\" class=\"yoast-schema-graph\">{\"@context\":\"https:\\\/\\\/schema.org\",\"@graph\":[{\"@type\":\"NewsArticle\",\"@id\":\"https:\\\/\\\/www.webdo.tn\\\/fr\\\/actualite\\\/national\\\/les-saoudiens-prets-a-extrader-ben-ali\\\/172579\\\/#article\",\"isPartOf\":{\"@id\":\"https:\\\/\\\/www.webdo.tn\\\/fr\\\/actualite\\\/national\\\/les-saoudiens-prets-a-extrader-ben-ali\\\/172579\\\/\"},\"author\":{\"name\":\"webdo.tn\",\"@id\":\"https:\\\/\\\/www.webdo.tn\\\/fr\\\/#\\\/schema\\\/person\\\/9a9c6118d687c117df8ef3cc36a4d175\"},\"headline\":\"Les Saoudiens pr\u00eats \u00e0 extrader Ben Ali ?\",\"datePublished\":\"2011-09-15T15:18:00+00:00\",\"dateModified\":\"2025-06-04T19:06:32+00:00\",\"mainEntityOfPage\":{\"@id\":\"https:\\\/\\\/www.webdo.tn\\\/fr\\\/actualite\\\/national\\\/les-saoudiens-prets-a-extrader-ben-ali\\\/172579\\\/\"},\"wordCount\":447,\"commentCount\":0,\"publisher\":{\"@id\":\"https:\\\/\\\/www.webdo.tn\\\/fr\\\/#organization\"},\"image\":{\"@id\":\"https:\\\/\\\/www.webdo.tn\\\/fr\\\/actualite\\\/national\\\/les-saoudiens-prets-a-extrader-ben-ali\\\/172579\\\/#primaryimage\"},\"thumbnailUrl\":\"https:\\\/\\\/www.webdo.tn\\\/fr\\\/wp-content\\\/uploads\\\/2011\\\/09\\\/Zine-El-Abidine-Ben-Ali-photo-refdag.nl_.jpg\",\"articleSection\":[\"National\"],\"inLanguage\":\"fr-FR\"},{\"@type\":\"WebPage\",\"@id\":\"https:\\\/\\\/www.webdo.tn\\\/fr\\\/actualite\\\/national\\\/les-saoudiens-prets-a-extrader-ben-ali\\\/172579\\\/\",\"url\":\"https:\\\/\\\/www.webdo.tn\\\/fr\\\/actualite\\\/national\\\/les-saoudiens-prets-a-extrader-ben-ali\\\/172579\\\/\",\"name\":\"Les Saoudiens pr\u00eats \u00e0 extrader Ben Ali ?\",\"isPartOf\":{\"@id\":\"https:\\\/\\\/www.webdo.tn\\\/fr\\\/#website\"},\"primaryImageOfPage\":{\"@id\":\"https:\\\/\\\/www.webdo.tn\\\/fr\\\/actualite\\\/national\\\/les-saoudiens-prets-a-extrader-ben-ali\\\/172579\\\/#primaryimage\"},\"image\":{\"@id\":\"https:\\\/\\\/www.webdo.tn\\\/fr\\\/actualite\\\/national\\\/les-saoudiens-prets-a-extrader-ben-ali\\\/172579\\\/#primaryimage\"},\"thumbnailUrl\":\"https:\\\/\\\/www.webdo.tn\\\/fr\\\/wp-content\\\/uploads\\\/2011\\\/09\\\/Zine-El-Abidine-Ben-Ali-photo-refdag.nl_.jpg\",\"datePublished\":\"2011-09-15T15:18:00+00:00\",\"dateModified\":\"2025-06-04T19:06:32+00:00\",\"description\":\"Les Saoudiens pr\u00eats \u00e0 extrader Ben Ali ?\",\"breadcrumb\":{\"@id\":\"https:\\\/\\\/www.webdo.tn\\\/fr\\\/actualite\\\/national\\\/les-saoudiens-prets-a-extrader-ben-ali\\\/172579\\\/#breadcrumb\"},\"inLanguage\":\"fr-FR\",\"potentialAction\":[{\"@type\":\"ReadAction\",\"target\":[\"https:\\\/\\\/www.webdo.tn\\\/fr\\\/actualite\\\/national\\\/les-saoudiens-prets-a-extrader-ben-ali\\\/172579\\\/\"]}]},{\"@type\":\"ImageObject\",\"inLanguage\":\"fr-FR\",\"@id\":\"https:\\\/\\\/www.webdo.tn\\\/fr\\\/actualite\\\/national\\\/les-saoudiens-prets-a-extrader-ben-ali\\\/172579\\\/#primaryimage\",\"url\":\"https:\\\/\\\/www.webdo.tn\\\/fr\\\/wp-content\\\/uploads\\\/2011\\\/09\\\/Zine-El-Abidine-Ben-Ali-photo-refdag.nl_.jpg\",\"contentUrl\":\"https:\\\/\\\/www.webdo.tn\\\/fr\\\/wp-content\\\/uploads\\\/2011\\\/09\\\/Zine-El-Abidine-Ben-Ali-photo-refdag.nl_.jpg\",\"width\":242,\"height\":287,\"caption\":\"Les Saoudiens pr\u00eats \u00e0 extrader Ben Ali ?\"},{\"@type\":\"BreadcrumbList\",\"@id\":\"https:\\\/\\\/www.webdo.tn\\\/fr\\\/actualite\\\/national\\\/les-saoudiens-prets-a-extrader-ben-ali\\\/172579\\\/#breadcrumb\",\"itemListElement\":[{\"@type\":\"ListItem\",\"position\":1,\"name\":\"Accueil\",\"item\":\"https:\\\/\\\/www.webdo.tn\\\/fr\\\/\"},{\"@type\":\"ListItem\",\"position\":2,\"name\":\"Les Saoudiens pr\u00eats \u00e0 extrader Ben Ali ?\"}]},{\"@type\":\"WebSite\",\"@id\":\"https:\\\/\\\/www.webdo.tn\\\/fr\\\/#website\",\"url\":\"https:\\\/\\\/www.webdo.tn\\\/fr\\\/\",\"name\":\"webdo\",\"description\":\"Tunisie - News en Tunisie et \u00e0 l&#039;international sur Webdo.tn\",\"publisher\":{\"@id\":\"https:\\\/\\\/www.webdo.tn\\\/fr\\\/#organization\"},\"potentialAction\":[{\"@type\":\"SearchAction\",\"target\":{\"@type\":\"EntryPoint\",\"urlTemplate\":\"https:\\\/\\\/www.webdo.tn\\\/fr\\\/?s={search_term_string}\"},\"query-input\":{\"@type\":\"PropertyValueSpecification\",\"valueRequired\":true,\"valueName\":\"search_term_string\"}}],\"inLanguage\":\"fr-FR\"},{\"@type\":\"Organization\",\"@id\":\"https:\\\/\\\/www.webdo.tn\\\/fr\\\/#organization\",\"name\":\"Webdo\",\"alternateName\":\"Webdo.tn\",\"url\":\"https:\\\/\\\/www.webdo.tn\\\/fr\\\/\",\"logo\":{\"@type\":\"ImageObject\",\"inLanguage\":\"fr-FR\",\"@id\":\"https:\\\/\\\/www.webdo.tn\\\/fr\\\/#\\\/schema\\\/logo\\\/image\\\/\",\"url\":\"https:\\\/\\\/www.webdo.tn\\\/fr\\\/wp-content\\\/uploads\\\/2025\\\/06\\\/Webdo-Tunisie_168377.jpg\",\"contentUrl\":\"https:\\\/\\\/www.webdo.tn\\\/fr\\\/wp-content\\\/uploads\\\/2025\\\/06\\\/Webdo-Tunisie_168377.jpg\",\"width\":301,\"height\":301,\"caption\":\"Webdo\"},\"image\":{\"@id\":\"https:\\\/\\\/www.webdo.tn\\\/fr\\\/#\\\/schema\\\/logo\\\/image\\\/\"},\"sameAs\":[\"https:\\\/\\\/www.facebook.com\\\/webdotn\",\"https:\\\/\\\/x.com\\\/webdo_tn\"],\"description\":\"Webdo est un m\u00e9dia num\u00e9rique tunisien fond\u00e9 en 2010, sp\u00e9cialis\u00e9 dans l\u2019actualit\u00e9 nationale et internationale, l\u2019\u00e9conomie, la soci\u00e9t\u00e9 et les analyses politiques. Le site s\u2019adresse \u00e0 un large public francophone et couvre l\u2019information tunisienne en temps r\u00e9el.\",\"email\":\"redac@webdo.tn\",\"legalName\":\"YNJ SARL\",\"foundingDate\":\"2010-09-06\",\"numberOfEmployees\":{\"@type\":\"QuantitativeValue\",\"minValue\":\"11\",\"maxValue\":\"50\"}},{\"@type\":\"Person\",\"@id\":\"https:\\\/\\\/www.webdo.tn\\\/fr\\\/#\\\/schema\\\/person\\\/9a9c6118d687c117df8ef3cc36a4d175\",\"name\":\"webdo.tn\",\"image\":{\"@type\":\"ImageObject\",\"inLanguage\":\"fr-FR\",\"@id\":\"https:\\\/\\\/secure.gravatar.com\\\/avatar\\\/7ce1f28c0c3bbac99ff550b85ef8e44a6950c6ee24514fb6a5489e51d06f0298?s=96&d=mm&r=g\",\"url\":\"https:\\\/\\\/secure.gravatar.com\\\/avatar\\\/7ce1f28c0c3bbac99ff550b85ef8e44a6950c6ee24514fb6a5489e51d06f0298?s=96&d=mm&r=g\",\"contentUrl\":\"https:\\\/\\\/secure.gravatar.com\\\/avatar\\\/7ce1f28c0c3bbac99ff550b85ef8e44a6950c6ee24514fb6a5489e51d06f0298?s=96&d=mm&r=g\",\"caption\":\"webdo.tn\"},\"url\":\"https:\\\/\\\/www.webdo.tn\\\/fr\\\/actualite\\\/author\\\/webdotn\\\/\"}]}<\/script>\n<!-- \/ Yoast SEO Premium plugin. -->","yoast_head_json":{"title":"Les Saoudiens pr\u00eats \u00e0 extrader Ben Ali ?","description":"Les Saoudiens pr\u00eats \u00e0 extrader Ben Ali ?","canonical":"https:\/\/www.webdo.tn\/fr\/actualite\/national\/les-saoudiens-prets-a-extrader-ben-ali\/172579\/","og_locale":"fr_FR","og_type":"article","og_title":"Les Saoudiens pr\u00eats \u00e0 extrader Ben Ali ?","og_description":"Les Saoudiens pr\u00eats \u00e0 extrader Ben Ali ?","og_url":"https:\/\/www.webdo.tn\/fr\/actualite\/national\/les-saoudiens-prets-a-extrader-ben-ali\/172579\/","og_site_name":"webdo","article_publisher":"https:\/\/www.facebook.com\/webdotn","article_published_time":"2011-09-15T15:18:00+00:00","article_modified_time":"2025-06-04T19:06:32+00:00","og_image":[{"width":242,"height":287,"url":"https:\/\/www.webdo.tn\/fr\/wp-content\/uploads\/2011\/09\/Zine-El-Abidine-Ben-Ali-photo-refdag.nl_.jpg","type":"image\/jpeg"}],"author":"webdo.tn","twitter_card":"summary_large_image","twitter_creator":"@webdo_tn","twitter_site":"@webdo_tn","twitter_misc":{"\u00c9crit par":"webdo.tn","Dur\u00e9e de lecture estim\u00e9e":"2 minutes"},"schema":{"@context":"https:\/\/schema.org","@graph":[{"@type":"NewsArticle","@id":"https:\/\/www.webdo.tn\/fr\/actualite\/national\/les-saoudiens-prets-a-extrader-ben-ali\/172579\/#article","isPartOf":{"@id":"https:\/\/www.webdo.tn\/fr\/actualite\/national\/les-saoudiens-prets-a-extrader-ben-ali\/172579\/"},"author":{"name":"webdo.tn","@id":"https:\/\/www.webdo.tn\/fr\/#\/schema\/person\/9a9c6118d687c117df8ef3cc36a4d175"},"headline":"Les Saoudiens pr\u00eats \u00e0 extrader Ben Ali ?","datePublished":"2011-09-15T15:18:00+00:00","dateModified":"2025-06-04T19:06:32+00:00","mainEntityOfPage":{"@id":"https:\/\/www.webdo.tn\/fr\/actualite\/national\/les-saoudiens-prets-a-extrader-ben-ali\/172579\/"},"wordCount":447,"commentCount":0,"publisher":{"@id":"https:\/\/www.webdo.tn\/fr\/#organization"},"image":{"@id":"https:\/\/www.webdo.tn\/fr\/actualite\/national\/les-saoudiens-prets-a-extrader-ben-ali\/172579\/#primaryimage"},"thumbnailUrl":"https:\/\/www.webdo.tn\/fr\/wp-content\/uploads\/2011\/09\/Zine-El-Abidine-Ben-Ali-photo-refdag.nl_.jpg","articleSection":["National"],"inLanguage":"fr-FR"},{"@type":"WebPage","@id":"https:\/\/www.webdo.tn\/fr\/actualite\/national\/les-saoudiens-prets-a-extrader-ben-ali\/172579\/","url":"https:\/\/www.webdo.tn\/fr\/actualite\/national\/les-saoudiens-prets-a-extrader-ben-ali\/172579\/","name":"Les Saoudiens pr\u00eats \u00e0 extrader Ben Ali ?","isPartOf":{"@id":"https:\/\/www.webdo.tn\/fr\/#website"},"primaryImageOfPage":{"@id":"https:\/\/www.webdo.tn\/fr\/actualite\/national\/les-saoudiens-prets-a-extrader-ben-ali\/172579\/#primaryimage"},"image":{"@id":"https:\/\/www.webdo.tn\/fr\/actualite\/national\/les-saoudiens-prets-a-extrader-ben-ali\/172579\/#primaryimage"},"thumbnailUrl":"https:\/\/www.webdo.tn\/fr\/wp-content\/uploads\/2011\/09\/Zine-El-Abidine-Ben-Ali-photo-refdag.nl_.jpg","datePublished":"2011-09-15T15:18:00+00:00","dateModified":"2025-06-04T19:06:32+00:00","description":"Les Saoudiens pr\u00eats \u00e0 extrader Ben Ali ?","breadcrumb":{"@id":"https:\/\/www.webdo.tn\/fr\/actualite\/national\/les-saoudiens-prets-a-extrader-ben-ali\/172579\/#breadcrumb"},"inLanguage":"fr-FR","potentialAction":[{"@type":"ReadAction","target":["https:\/\/www.webdo.tn\/fr\/actualite\/national\/les-saoudiens-prets-a-extrader-ben-ali\/172579\/"]}]},{"@type":"ImageObject","inLanguage":"fr-FR","@id":"https:\/\/www.webdo.tn\/fr\/actualite\/national\/les-saoudiens-prets-a-extrader-ben-ali\/172579\/#primaryimage","url":"https:\/\/www.webdo.tn\/fr\/wp-content\/uploads\/2011\/09\/Zine-El-Abidine-Ben-Ali-photo-refdag.nl_.jpg","contentUrl":"https:\/\/www.webdo.tn\/fr\/wp-content\/uploads\/2011\/09\/Zine-El-Abidine-Ben-Ali-photo-refdag.nl_.jpg","width":242,"height":287,"caption":"Les Saoudiens pr\u00eats \u00e0 extrader Ben Ali ?"},{"@type":"BreadcrumbList","@id":"https:\/\/www.webdo.tn\/fr\/actualite\/national\/les-saoudiens-prets-a-extrader-ben-ali\/172579\/#breadcrumb","itemListElement":[{"@type":"ListItem","position":1,"name":"Accueil","item":"https:\/\/www.webdo.tn\/fr\/"},{"@type":"ListItem","position":2,"name":"Les Saoudiens pr\u00eats \u00e0 extrader Ben Ali ?"}]},{"@type":"WebSite","@id":"https:\/\/www.webdo.tn\/fr\/#website","url":"https:\/\/www.webdo.tn\/fr\/","name":"webdo","description":"Tunisie - News en Tunisie et \u00e0 l&#039;international sur Webdo.tn","publisher":{"@id":"https:\/\/www.webdo.tn\/fr\/#organization"},"potentialAction":[{"@type":"SearchAction","target":{"@type":"EntryPoint","urlTemplate":"https:\/\/www.webdo.tn\/fr\/?s={search_term_string}"},"query-input":{"@type":"PropertyValueSpecification","valueRequired":true,"valueName":"search_term_string"}}],"inLanguage":"fr-FR"},{"@type":"Organization","@id":"https:\/\/www.webdo.tn\/fr\/#organization","name":"Webdo","alternateName":"Webdo.tn","url":"https:\/\/www.webdo.tn\/fr\/","logo":{"@type":"ImageObject","inLanguage":"fr-FR","@id":"https:\/\/www.webdo.tn\/fr\/#\/schema\/logo\/image\/","url":"https:\/\/www.webdo.tn\/fr\/wp-content\/uploads\/2025\/06\/Webdo-Tunisie_168377.jpg","contentUrl":"https:\/\/www.webdo.tn\/fr\/wp-content\/uploads\/2025\/06\/Webdo-Tunisie_168377.jpg","width":301,"height":301,"caption":"Webdo"},"image":{"@id":"https:\/\/www.webdo.tn\/fr\/#\/schema\/logo\/image\/"},"sameAs":["https:\/\/www.facebook.com\/webdotn","https:\/\/x.com\/webdo_tn"],"description":"Webdo est un m\u00e9dia num\u00e9rique tunisien fond\u00e9 en 2010, sp\u00e9cialis\u00e9 dans l\u2019actualit\u00e9 nationale et internationale, l\u2019\u00e9conomie, la soci\u00e9t\u00e9 et les analyses politiques. Le site s\u2019adresse \u00e0 un large public francophone et couvre l\u2019information tunisienne en temps r\u00e9el.","email":"redac@webdo.tn","legalName":"YNJ SARL","foundingDate":"2010-09-06","numberOfEmployees":{"@type":"QuantitativeValue","minValue":"11","maxValue":"50"}},{"@type":"Person","@id":"https:\/\/www.webdo.tn\/fr\/#\/schema\/person\/9a9c6118d687c117df8ef3cc36a4d175","name":"webdo.tn","image":{"@type":"ImageObject","inLanguage":"fr-FR","@id":"https:\/\/secure.gravatar.com\/avatar\/7ce1f28c0c3bbac99ff550b85ef8e44a6950c6ee24514fb6a5489e51d06f0298?s=96&d=mm&r=g","url":"https:\/\/secure.gravatar.com\/avatar\/7ce1f28c0c3bbac99ff550b85ef8e44a6950c6ee24514fb6a5489e51d06f0298?s=96&d=mm&r=g","contentUrl":"https:\/\/secure.gravatar.com\/avatar\/7ce1f28c0c3bbac99ff550b85ef8e44a6950c6ee24514fb6a5489e51d06f0298?s=96&d=mm&r=g","caption":"webdo.tn"},"url":"https:\/\/www.webdo.tn\/fr\/actualite\/author\/webdotn\/"}]}},"_links":{"self":[{"href":"https:\/\/www.webdo.tn\/fr\/wp-json\/wp\/v2\/posts\/172579","targetHints":{"allow":["GET"]}}],"collection":[{"href":"https:\/\/www.webdo.tn\/fr\/wp-json\/wp\/v2\/posts"}],"about":[{"href":"https:\/\/www.webdo.tn\/fr\/wp-json\/wp\/v2\/types\/post"}],"author":[{"embeddable":true,"href":"https:\/\/www.webdo.tn\/fr\/wp-json\/wp\/v2\/users\/3222"}],"replies":[{"embeddable":true,"href":"https:\/\/www.webdo.tn\/fr\/wp-json\/wp\/v2\/comments?post=172579"}],"version-history":[{"count":0,"href":"https:\/\/www.webdo.tn\/fr\/wp-json\/wp\/v2\/posts\/172579\/revisions"}],"wp:featuredmedia":[{"embeddable":true,"href":"https:\/\/www.webdo.tn\/fr\/wp-json\/wp\/v2\/media\/365130"}],"wp:attachment":[{"href":"https:\/\/www.webdo.tn\/fr\/wp-json\/wp\/v2\/media?parent=172579"}],"wp:term":[{"taxonomy":"category","embeddable":true,"href":"https:\/\/www.webdo.tn\/fr\/wp-json\/wp\/v2\/categories?post=172579"},{"taxonomy":"post_tag","embeddable":true,"href":"https:\/\/www.webdo.tn\/fr\/wp-json\/wp\/v2\/tags?post=172579"}],"curies":[{"name":"wp","href":"https:\/\/api.w.org\/{rel}","templated":true}]}}