{"id":172577,"date":"2011-09-16T16:50:00","date_gmt":"2011-09-16T16:50:00","guid":{"rendered":"https:\/\/www.webdo.tn\/fr\/actualite\/blog\/me-akram-azouri-les-enregistrements-prouveront-que-ben-ali-na-pas-ordonne-de-tirer-sur-des-civils\/172577\/"},"modified":"2011-09-16T16:50:00","modified_gmt":"2011-09-16T16:50:00","slug":"me-akram-azouri-les-enregistrements-prouveront-que-ben-ali-na-pas-ordonne-de-tirer-sur-des-civils","status":"publish","type":"post","link":"https:\/\/www.webdo.tn\/fr\/actualite\/national\/me-akram-azouri-les-enregistrements-prouveront-que-ben-ali-na-pas-ordonne-de-tirer-sur-des-civils\/172577\/","title":{"rendered":"Me Akram Azouri : \u00abLes enregistrements prouveront que Ben Ali n&rsquo;a pas ordonn\u00e9 de tirer sur des civils\u00bb"},"content":{"rendered":"<p>Aujourd&rsquo;hui, dans une interview au journal \u201cAchark Al Awsat\u201d, l\u2019avocat de Ben Ali, le Libanais Akram Azouri, r\u00e9cidive avec ses d\u00e9clarations sur son client. \u00abL\u2019ex-pr\u00e9sident tunisien est victime d\u2019une campagne de d\u00e9nigrement et de diatribes politiques qui visent \u00e0 salir son image devant l\u2019opinion publique tunisienne\u00bb a-t-il d\u00e9clar\u00e9.<\/p>\n<p>L&rsquo;interview de Me Akram Azouri co\u00efncide avec l&rsquo;annonce, hier, de la traduction en justice prochaine de \u00a0\u00bb l&rsquo;affaire des martyrs des \u00e9v\u00e9nements de janvier 2011 devant la Chambre criminelle du tribunal militaire \u00ab\u00a0. Rappelons que dans cette affaire, on retrouve, sur le m\u00eame banc des accus\u00e9s, ses deux ministres de l&rsquo;int\u00e9rieur Rafik Haj Kacem et Ahmed Fria\u00e2 et 40 hauts cadres de la s\u00e9curit\u00e9.<\/p>\n<p>Me Azouri a rappel\u00e9 que Zine El Abidine, qui jouit encore de l\u2019hospitalit\u00e9 saoudienne, \u00e9tait r\u00e9ellement victime d\u2019un complot et d\u2019un coup d\u2019\u00c9tat s\u00e9curitaire bien mont\u00e9s contre lui et qui l\u2019ont contraint \u00e0 quitter la Tunisie contre sa volont\u00e9. Il a pr\u00e9cis\u00e9, de surcro\u00eet, qu\u2019il r\u00e9v\u00e8lera ceci d\u2019une fa\u00e7on plus d\u00e9taill\u00e9e au peuple tunisien, ult\u00e9rieurement.<\/p>\n<p>Pour la d\u00e9fense de son client, l\u2019avocat dit avoir d\u00e9j\u00e0 d\u00e9menti toutes les accusations comme celles d\u2019une fortune et de comptes courants en Suisse et en France, et ce, via des correspondances avec lesdits gouvernements. Il a \u00e9galement d\u00e9menti les quantit\u00e9s cons\u00e9quentes de drogue et d\u2019armes automatiques, au palais de Carthage, qui pr\u00e9cise-t-il ont \u00e9t\u00e9 trouv\u00e9 40 jours apr\u00e8s la fuite de Ben Ali.<\/p>\n<p>En ce qui concerne les tirs sur les manifestants en vue de les tuer, Me Azouri a soulign\u00e9 le fait que toutes les communications t\u00e9l\u00e9phoniques entre Ben Ali et les minist\u00e8res de l\u2019Int\u00e9rieur et de la D\u00e9fense ont \u00e9t\u00e9 enregistr\u00e9es et sont d\u00e9pourvues de tout ordre de tirer, car cela est v\u00e9rifiable.<\/p>\n<p>Au demeurant, Me Azouri a indiqu\u00e9 que Ben Ali souhaite finir sa vie en Tunisie. Toujours selon son avocat, s\u2019il s\u2019agit de condamner l\u2019\u00e9poque de son gouvernement, il n\u2019est pas permis toutefois de salir son image et de porter atteinte \u00e0 sa dignit\u00e9\u2026 Ben Ali conna\u00eetra-t-il des proc\u00e8s \u00e0 la\u2026 Moubarak ?<\/p>\n","protected":false},"excerpt":{"rendered":"<p>Me Akram Azouri : \u00abLes enregistrements prouveront que Ben Ali n&rsquo;a pas ordonn\u00e9 de tirer sur des civils\u00bb <\/p>\n","protected":false},"author":3222,"featured_media":365135,"comment_status":"open","ping_status":"closed","sticky":false,"template":"","format":"standard","meta":{"footnotes":""},"categories":[44],"tags":[],"class_list":["post-172577","post","type-post","status-publish","format-standard","has-post-thumbnail","hentry","category-national"],"yoast_head":"<!-- This site is optimized with the Yoast SEO Premium plugin v27.4 (Yoast SEO v27.5) - https:\/\/yoast.com\/product\/yoast-seo-premium-wordpress\/ -->\n<title>Me Akram Azouri : \u00abLes enregistrements prouveront que Ben Ali n&#039;a pas ordonn\u00e9 de tirer sur des civils\u00bb<\/title>\n<meta name=\"description\" content=\"Me Akram Azouri : \u00abLes enregistrements prouveront que Ben Ali n&#039;a pas ordonn\u00e9 de tirer sur des civils\u00bb\" \/>\n<link rel=\"canonical\" href=\"https:\/\/www.webdo.tn\/fr\/actualite\/national\/me-akram-azouri-les-enregistrements-prouveront-que-ben-ali-na-pas-ordonne-de-tirer-sur-des-civils\/172577\/\" \/>\n<meta property=\"og:locale\" content=\"fr_FR\" \/>\n<meta property=\"og:type\" content=\"article\" \/>\n<meta property=\"og:title\" content=\"Me Akram Azouri : \u00abLes enregistrements prouveront que Ben Ali n&#039;a pas ordonn\u00e9 de tirer sur des civils\u00bb\" \/>\n<meta property=\"og:description\" content=\"Me Akram Azouri : \u00abLes enregistrements prouveront que Ben Ali n&#039;a pas ordonn\u00e9 de tirer sur des civils\u00bb\" \/>\n<meta property=\"og:url\" content=\"https:\/\/www.webdo.tn\/fr\/actualite\/national\/me-akram-azouri-les-enregistrements-prouveront-que-ben-ali-na-pas-ordonne-de-tirer-sur-des-civils\/172577\/\" \/>\n<meta property=\"og:site_name\" content=\"webdo\" \/>\n<meta property=\"article:publisher\" content=\"https:\/\/www.facebook.com\/webdotn\" \/>\n<meta property=\"article:published_time\" content=\"2011-09-16T16:50:00+00:00\" \/>\n<meta property=\"og:image\" content=\"https:\/\/www.webdo.tn\/fr\/wp-content\/uploads\/2011\/09\/Akram-Azouri-photo-liberation.fr_.jpg\" \/>\n\t<meta property=\"og:image:width\" content=\"208\" \/>\n\t<meta property=\"og:image:height\" content=\"240\" \/>\n\t<meta property=\"og:image:type\" content=\"image\/jpeg\" \/>\n<meta name=\"author\" content=\"webdo.tn\" \/>\n<meta name=\"twitter:card\" content=\"summary_large_image\" \/>\n<meta name=\"twitter:creator\" content=\"@webdo_tn\" \/>\n<meta name=\"twitter:site\" content=\"@webdo_tn\" \/>\n<meta name=\"twitter:label1\" content=\"\u00c9crit par\" \/>\n\t<meta name=\"twitter:data1\" content=\"webdo.tn\" \/>\n\t<meta name=\"twitter:label2\" content=\"Dur\u00e9e de lecture estim\u00e9e\" \/>\n\t<meta name=\"twitter:data2\" content=\"2 minutes\" \/>\n<script type=\"application\/ld+json\" class=\"yoast-schema-graph\">{\"@context\":\"https:\\\/\\\/schema.org\",\"@graph\":[{\"@type\":\"NewsArticle\",\"@id\":\"https:\\\/\\\/www.webdo.tn\\\/fr\\\/actualite\\\/national\\\/me-akram-azouri-les-enregistrements-prouveront-que-ben-ali-na-pas-ordonne-de-tirer-sur-des-civils\\\/172577\\\/#article\",\"isPartOf\":{\"@id\":\"https:\\\/\\\/www.webdo.tn\\\/fr\\\/actualite\\\/national\\\/me-akram-azouri-les-enregistrements-prouveront-que-ben-ali-na-pas-ordonne-de-tirer-sur-des-civils\\\/172577\\\/\"},\"author\":{\"name\":\"webdo.tn\",\"@id\":\"https:\\\/\\\/www.webdo.tn\\\/fr\\\/#\\\/schema\\\/person\\\/9a9c6118d687c117df8ef3cc36a4d175\"},\"headline\":\"Me Akram Azouri : \u00abLes enregistrements prouveront que Ben Ali n&rsquo;a pas ordonn\u00e9 de tirer sur des civils\u00bb\",\"datePublished\":\"2011-09-16T16:50:00+00:00\",\"mainEntityOfPage\":{\"@id\":\"https:\\\/\\\/www.webdo.tn\\\/fr\\\/actualite\\\/national\\\/me-akram-azouri-les-enregistrements-prouveront-que-ben-ali-na-pas-ordonne-de-tirer-sur-des-civils\\\/172577\\\/\"},\"wordCount\":407,\"commentCount\":0,\"publisher\":{\"@id\":\"https:\\\/\\\/www.webdo.tn\\\/fr\\\/#organization\"},\"image\":{\"@id\":\"https:\\\/\\\/www.webdo.tn\\\/fr\\\/actualite\\\/national\\\/me-akram-azouri-les-enregistrements-prouveront-que-ben-ali-na-pas-ordonne-de-tirer-sur-des-civils\\\/172577\\\/#primaryimage\"},\"thumbnailUrl\":\"https:\\\/\\\/www.webdo.tn\\\/fr\\\/wp-content\\\/uploads\\\/2011\\\/09\\\/Akram-Azouri-photo-liberation.fr_.jpg\",\"articleSection\":[\"National\"],\"inLanguage\":\"fr-FR\"},{\"@type\":\"WebPage\",\"@id\":\"https:\\\/\\\/www.webdo.tn\\\/fr\\\/actualite\\\/national\\\/me-akram-azouri-les-enregistrements-prouveront-que-ben-ali-na-pas-ordonne-de-tirer-sur-des-civils\\\/172577\\\/\",\"url\":\"https:\\\/\\\/www.webdo.tn\\\/fr\\\/actualite\\\/national\\\/me-akram-azouri-les-enregistrements-prouveront-que-ben-ali-na-pas-ordonne-de-tirer-sur-des-civils\\\/172577\\\/\",\"name\":\"Me Akram Azouri : \u00abLes enregistrements prouveront que Ben Ali n'a pas ordonn\u00e9 de tirer sur des civils\u00bb\",\"isPartOf\":{\"@id\":\"https:\\\/\\\/www.webdo.tn\\\/fr\\\/#website\"},\"primaryImageOfPage\":{\"@id\":\"https:\\\/\\\/www.webdo.tn\\\/fr\\\/actualite\\\/national\\\/me-akram-azouri-les-enregistrements-prouveront-que-ben-ali-na-pas-ordonne-de-tirer-sur-des-civils\\\/172577\\\/#primaryimage\"},\"image\":{\"@id\":\"https:\\\/\\\/www.webdo.tn\\\/fr\\\/actualite\\\/national\\\/me-akram-azouri-les-enregistrements-prouveront-que-ben-ali-na-pas-ordonne-de-tirer-sur-des-civils\\\/172577\\\/#primaryimage\"},\"thumbnailUrl\":\"https:\\\/\\\/www.webdo.tn\\\/fr\\\/wp-content\\\/uploads\\\/2011\\\/09\\\/Akram-Azouri-photo-liberation.fr_.jpg\",\"datePublished\":\"2011-09-16T16:50:00+00:00\",\"description\":\"Me Akram Azouri : \u00abLes enregistrements prouveront que Ben Ali n'a pas ordonn\u00e9 de tirer sur des civils\u00bb\",\"breadcrumb\":{\"@id\":\"https:\\\/\\\/www.webdo.tn\\\/fr\\\/actualite\\\/national\\\/me-akram-azouri-les-enregistrements-prouveront-que-ben-ali-na-pas-ordonne-de-tirer-sur-des-civils\\\/172577\\\/#breadcrumb\"},\"inLanguage\":\"fr-FR\",\"potentialAction\":[{\"@type\":\"ReadAction\",\"target\":[\"https:\\\/\\\/www.webdo.tn\\\/fr\\\/actualite\\\/national\\\/me-akram-azouri-les-enregistrements-prouveront-que-ben-ali-na-pas-ordonne-de-tirer-sur-des-civils\\\/172577\\\/\"]}]},{\"@type\":\"ImageObject\",\"inLanguage\":\"fr-FR\",\"@id\":\"https:\\\/\\\/www.webdo.tn\\\/fr\\\/actualite\\\/national\\\/me-akram-azouri-les-enregistrements-prouveront-que-ben-ali-na-pas-ordonne-de-tirer-sur-des-civils\\\/172577\\\/#primaryimage\",\"url\":\"https:\\\/\\\/www.webdo.tn\\\/fr\\\/wp-content\\\/uploads\\\/2011\\\/09\\\/Akram-Azouri-photo-liberation.fr_.jpg\",\"contentUrl\":\"https:\\\/\\\/www.webdo.tn\\\/fr\\\/wp-content\\\/uploads\\\/2011\\\/09\\\/Akram-Azouri-photo-liberation.fr_.jpg\",\"width\":208,\"height\":240,\"caption\":\"Me Akram Azouri : \u00abLes enregistrements prouveront que Ben Ali n'a pas ordonn\u00e9 de tirer sur des civils\u00bb\"},{\"@type\":\"BreadcrumbList\",\"@id\":\"https:\\\/\\\/www.webdo.tn\\\/fr\\\/actualite\\\/national\\\/me-akram-azouri-les-enregistrements-prouveront-que-ben-ali-na-pas-ordonne-de-tirer-sur-des-civils\\\/172577\\\/#breadcrumb\",\"itemListElement\":[{\"@type\":\"ListItem\",\"position\":1,\"name\":\"Accueil\",\"item\":\"https:\\\/\\\/www.webdo.tn\\\/fr\\\/\"},{\"@type\":\"ListItem\",\"position\":2,\"name\":\"Me Akram Azouri : \u00abLes enregistrements prouveront que Ben Ali n&rsquo;a pas ordonn\u00e9 de tirer sur des civils\u00bb\"}]},{\"@type\":\"WebSite\",\"@id\":\"https:\\\/\\\/www.webdo.tn\\\/fr\\\/#website\",\"url\":\"https:\\\/\\\/www.webdo.tn\\\/fr\\\/\",\"name\":\"webdo\",\"description\":\"Tunisie - News en Tunisie et \u00e0 l&#039;international sur Webdo.tn\",\"publisher\":{\"@id\":\"https:\\\/\\\/www.webdo.tn\\\/fr\\\/#organization\"},\"potentialAction\":[{\"@type\":\"SearchAction\",\"target\":{\"@type\":\"EntryPoint\",\"urlTemplate\":\"https:\\\/\\\/www.webdo.tn\\\/fr\\\/?s={search_term_string}\"},\"query-input\":{\"@type\":\"PropertyValueSpecification\",\"valueRequired\":true,\"valueName\":\"search_term_string\"}}],\"inLanguage\":\"fr-FR\"},{\"@type\":\"Organization\",\"@id\":\"https:\\\/\\\/www.webdo.tn\\\/fr\\\/#organization\",\"name\":\"Webdo\",\"alternateName\":\"Webdo.tn\",\"url\":\"https:\\\/\\\/www.webdo.tn\\\/fr\\\/\",\"logo\":{\"@type\":\"ImageObject\",\"inLanguage\":\"fr-FR\",\"@id\":\"https:\\\/\\\/www.webdo.tn\\\/fr\\\/#\\\/schema\\\/logo\\\/image\\\/\",\"url\":\"https:\\\/\\\/www.webdo.tn\\\/fr\\\/wp-content\\\/uploads\\\/2025\\\/06\\\/Webdo-Tunisie_168377.jpg\",\"contentUrl\":\"https:\\\/\\\/www.webdo.tn\\\/fr\\\/wp-content\\\/uploads\\\/2025\\\/06\\\/Webdo-Tunisie_168377.jpg\",\"width\":301,\"height\":301,\"caption\":\"Webdo\"},\"image\":{\"@id\":\"https:\\\/\\\/www.webdo.tn\\\/fr\\\/#\\\/schema\\\/logo\\\/image\\\/\"},\"sameAs\":[\"https:\\\/\\\/www.facebook.com\\\/webdotn\",\"https:\\\/\\\/x.com\\\/webdo_tn\"],\"description\":\"Webdo est un m\u00e9dia num\u00e9rique tunisien fond\u00e9 en 2010, sp\u00e9cialis\u00e9 dans l\u2019actualit\u00e9 nationale et internationale, l\u2019\u00e9conomie, la soci\u00e9t\u00e9 et les analyses politiques. Le site s\u2019adresse \u00e0 un large public francophone et couvre l\u2019information tunisienne en temps r\u00e9el.\",\"email\":\"redac@webdo.tn\",\"legalName\":\"YNJ SARL\",\"foundingDate\":\"2010-09-06\",\"numberOfEmployees\":{\"@type\":\"QuantitativeValue\",\"minValue\":\"11\",\"maxValue\":\"50\"}},{\"@type\":\"Person\",\"@id\":\"https:\\\/\\\/www.webdo.tn\\\/fr\\\/#\\\/schema\\\/person\\\/9a9c6118d687c117df8ef3cc36a4d175\",\"name\":\"webdo.tn\",\"image\":{\"@type\":\"ImageObject\",\"inLanguage\":\"fr-FR\",\"@id\":\"https:\\\/\\\/secure.gravatar.com\\\/avatar\\\/7ce1f28c0c3bbac99ff550b85ef8e44a6950c6ee24514fb6a5489e51d06f0298?s=96&d=mm&r=g\",\"url\":\"https:\\\/\\\/secure.gravatar.com\\\/avatar\\\/7ce1f28c0c3bbac99ff550b85ef8e44a6950c6ee24514fb6a5489e51d06f0298?s=96&d=mm&r=g\",\"contentUrl\":\"https:\\\/\\\/secure.gravatar.com\\\/avatar\\\/7ce1f28c0c3bbac99ff550b85ef8e44a6950c6ee24514fb6a5489e51d06f0298?s=96&d=mm&r=g\",\"caption\":\"webdo.tn\"},\"url\":\"https:\\\/\\\/www.webdo.tn\\\/fr\\\/actualite\\\/author\\\/webdotn\\\/\"}]}<\/script>\n<!-- \/ Yoast SEO Premium plugin. -->","yoast_head_json":{"title":"Me Akram Azouri : \u00abLes enregistrements prouveront que Ben Ali n'a pas ordonn\u00e9 de tirer sur des civils\u00bb","description":"Me Akram Azouri : \u00abLes enregistrements prouveront que Ben Ali n'a pas ordonn\u00e9 de tirer sur des civils\u00bb","canonical":"https:\/\/www.webdo.tn\/fr\/actualite\/national\/me-akram-azouri-les-enregistrements-prouveront-que-ben-ali-na-pas-ordonne-de-tirer-sur-des-civils\/172577\/","og_locale":"fr_FR","og_type":"article","og_title":"Me Akram Azouri : \u00abLes enregistrements prouveront que Ben Ali n'a pas ordonn\u00e9 de tirer sur des civils\u00bb","og_description":"Me Akram Azouri : \u00abLes enregistrements prouveront que Ben Ali n'a pas ordonn\u00e9 de tirer sur des civils\u00bb","og_url":"https:\/\/www.webdo.tn\/fr\/actualite\/national\/me-akram-azouri-les-enregistrements-prouveront-que-ben-ali-na-pas-ordonne-de-tirer-sur-des-civils\/172577\/","og_site_name":"webdo","article_publisher":"https:\/\/www.facebook.com\/webdotn","article_published_time":"2011-09-16T16:50:00+00:00","og_image":[{"width":208,"height":240,"url":"https:\/\/www.webdo.tn\/fr\/wp-content\/uploads\/2011\/09\/Akram-Azouri-photo-liberation.fr_.jpg","type":"image\/jpeg"}],"author":"webdo.tn","twitter_card":"summary_large_image","twitter_creator":"@webdo_tn","twitter_site":"@webdo_tn","twitter_misc":{"\u00c9crit par":"webdo.tn","Dur\u00e9e de lecture estim\u00e9e":"2 minutes"},"schema":{"@context":"https:\/\/schema.org","@graph":[{"@type":"NewsArticle","@id":"https:\/\/www.webdo.tn\/fr\/actualite\/national\/me-akram-azouri-les-enregistrements-prouveront-que-ben-ali-na-pas-ordonne-de-tirer-sur-des-civils\/172577\/#article","isPartOf":{"@id":"https:\/\/www.webdo.tn\/fr\/actualite\/national\/me-akram-azouri-les-enregistrements-prouveront-que-ben-ali-na-pas-ordonne-de-tirer-sur-des-civils\/172577\/"},"author":{"name":"webdo.tn","@id":"https:\/\/www.webdo.tn\/fr\/#\/schema\/person\/9a9c6118d687c117df8ef3cc36a4d175"},"headline":"Me Akram Azouri : \u00abLes enregistrements prouveront que Ben Ali n&rsquo;a pas ordonn\u00e9 de tirer sur des civils\u00bb","datePublished":"2011-09-16T16:50:00+00:00","mainEntityOfPage":{"@id":"https:\/\/www.webdo.tn\/fr\/actualite\/national\/me-akram-azouri-les-enregistrements-prouveront-que-ben-ali-na-pas-ordonne-de-tirer-sur-des-civils\/172577\/"},"wordCount":407,"commentCount":0,"publisher":{"@id":"https:\/\/www.webdo.tn\/fr\/#organization"},"image":{"@id":"https:\/\/www.webdo.tn\/fr\/actualite\/national\/me-akram-azouri-les-enregistrements-prouveront-que-ben-ali-na-pas-ordonne-de-tirer-sur-des-civils\/172577\/#primaryimage"},"thumbnailUrl":"https:\/\/www.webdo.tn\/fr\/wp-content\/uploads\/2011\/09\/Akram-Azouri-photo-liberation.fr_.jpg","articleSection":["National"],"inLanguage":"fr-FR"},{"@type":"WebPage","@id":"https:\/\/www.webdo.tn\/fr\/actualite\/national\/me-akram-azouri-les-enregistrements-prouveront-que-ben-ali-na-pas-ordonne-de-tirer-sur-des-civils\/172577\/","url":"https:\/\/www.webdo.tn\/fr\/actualite\/national\/me-akram-azouri-les-enregistrements-prouveront-que-ben-ali-na-pas-ordonne-de-tirer-sur-des-civils\/172577\/","name":"Me Akram Azouri : \u00abLes enregistrements prouveront que Ben Ali n'a pas ordonn\u00e9 de tirer sur des civils\u00bb","isPartOf":{"@id":"https:\/\/www.webdo.tn\/fr\/#website"},"primaryImageOfPage":{"@id":"https:\/\/www.webdo.tn\/fr\/actualite\/national\/me-akram-azouri-les-enregistrements-prouveront-que-ben-ali-na-pas-ordonne-de-tirer-sur-des-civils\/172577\/#primaryimage"},"image":{"@id":"https:\/\/www.webdo.tn\/fr\/actualite\/national\/me-akram-azouri-les-enregistrements-prouveront-que-ben-ali-na-pas-ordonne-de-tirer-sur-des-civils\/172577\/#primaryimage"},"thumbnailUrl":"https:\/\/www.webdo.tn\/fr\/wp-content\/uploads\/2011\/09\/Akram-Azouri-photo-liberation.fr_.jpg","datePublished":"2011-09-16T16:50:00+00:00","description":"Me Akram Azouri : \u00abLes enregistrements prouveront que Ben Ali n'a pas ordonn\u00e9 de tirer sur des civils\u00bb","breadcrumb":{"@id":"https:\/\/www.webdo.tn\/fr\/actualite\/national\/me-akram-azouri-les-enregistrements-prouveront-que-ben-ali-na-pas-ordonne-de-tirer-sur-des-civils\/172577\/#breadcrumb"},"inLanguage":"fr-FR","potentialAction":[{"@type":"ReadAction","target":["https:\/\/www.webdo.tn\/fr\/actualite\/national\/me-akram-azouri-les-enregistrements-prouveront-que-ben-ali-na-pas-ordonne-de-tirer-sur-des-civils\/172577\/"]}]},{"@type":"ImageObject","inLanguage":"fr-FR","@id":"https:\/\/www.webdo.tn\/fr\/actualite\/national\/me-akram-azouri-les-enregistrements-prouveront-que-ben-ali-na-pas-ordonne-de-tirer-sur-des-civils\/172577\/#primaryimage","url":"https:\/\/www.webdo.tn\/fr\/wp-content\/uploads\/2011\/09\/Akram-Azouri-photo-liberation.fr_.jpg","contentUrl":"https:\/\/www.webdo.tn\/fr\/wp-content\/uploads\/2011\/09\/Akram-Azouri-photo-liberation.fr_.jpg","width":208,"height":240,"caption":"Me Akram Azouri : \u00abLes enregistrements prouveront que Ben Ali n'a pas ordonn\u00e9 de tirer sur des civils\u00bb"},{"@type":"BreadcrumbList","@id":"https:\/\/www.webdo.tn\/fr\/actualite\/national\/me-akram-azouri-les-enregistrements-prouveront-que-ben-ali-na-pas-ordonne-de-tirer-sur-des-civils\/172577\/#breadcrumb","itemListElement":[{"@type":"ListItem","position":1,"name":"Accueil","item":"https:\/\/www.webdo.tn\/fr\/"},{"@type":"ListItem","position":2,"name":"Me Akram Azouri : \u00abLes enregistrements prouveront que Ben Ali n&rsquo;a pas ordonn\u00e9 de tirer sur des civils\u00bb"}]},{"@type":"WebSite","@id":"https:\/\/www.webdo.tn\/fr\/#website","url":"https:\/\/www.webdo.tn\/fr\/","name":"webdo","description":"Tunisie - News en Tunisie et \u00e0 l&#039;international sur Webdo.tn","publisher":{"@id":"https:\/\/www.webdo.tn\/fr\/#organization"},"potentialAction":[{"@type":"SearchAction","target":{"@type":"EntryPoint","urlTemplate":"https:\/\/www.webdo.tn\/fr\/?s={search_term_string}"},"query-input":{"@type":"PropertyValueSpecification","valueRequired":true,"valueName":"search_term_string"}}],"inLanguage":"fr-FR"},{"@type":"Organization","@id":"https:\/\/www.webdo.tn\/fr\/#organization","name":"Webdo","alternateName":"Webdo.tn","url":"https:\/\/www.webdo.tn\/fr\/","logo":{"@type":"ImageObject","inLanguage":"fr-FR","@id":"https:\/\/www.webdo.tn\/fr\/#\/schema\/logo\/image\/","url":"https:\/\/www.webdo.tn\/fr\/wp-content\/uploads\/2025\/06\/Webdo-Tunisie_168377.jpg","contentUrl":"https:\/\/www.webdo.tn\/fr\/wp-content\/uploads\/2025\/06\/Webdo-Tunisie_168377.jpg","width":301,"height":301,"caption":"Webdo"},"image":{"@id":"https:\/\/www.webdo.tn\/fr\/#\/schema\/logo\/image\/"},"sameAs":["https:\/\/www.facebook.com\/webdotn","https:\/\/x.com\/webdo_tn"],"description":"Webdo est un m\u00e9dia num\u00e9rique tunisien fond\u00e9 en 2010, sp\u00e9cialis\u00e9 dans l\u2019actualit\u00e9 nationale et internationale, l\u2019\u00e9conomie, la soci\u00e9t\u00e9 et les analyses politiques. Le site s\u2019adresse \u00e0 un large public francophone et couvre l\u2019information tunisienne en temps r\u00e9el.","email":"redac@webdo.tn","legalName":"YNJ SARL","foundingDate":"2010-09-06","numberOfEmployees":{"@type":"QuantitativeValue","minValue":"11","maxValue":"50"}},{"@type":"Person","@id":"https:\/\/www.webdo.tn\/fr\/#\/schema\/person\/9a9c6118d687c117df8ef3cc36a4d175","name":"webdo.tn","image":{"@type":"ImageObject","inLanguage":"fr-FR","@id":"https:\/\/secure.gravatar.com\/avatar\/7ce1f28c0c3bbac99ff550b85ef8e44a6950c6ee24514fb6a5489e51d06f0298?s=96&d=mm&r=g","url":"https:\/\/secure.gravatar.com\/avatar\/7ce1f28c0c3bbac99ff550b85ef8e44a6950c6ee24514fb6a5489e51d06f0298?s=96&d=mm&r=g","contentUrl":"https:\/\/secure.gravatar.com\/avatar\/7ce1f28c0c3bbac99ff550b85ef8e44a6950c6ee24514fb6a5489e51d06f0298?s=96&d=mm&r=g","caption":"webdo.tn"},"url":"https:\/\/www.webdo.tn\/fr\/actualite\/author\/webdotn\/"}]}},"_links":{"self":[{"href":"https:\/\/www.webdo.tn\/fr\/wp-json\/wp\/v2\/posts\/172577","targetHints":{"allow":["GET"]}}],"collection":[{"href":"https:\/\/www.webdo.tn\/fr\/wp-json\/wp\/v2\/posts"}],"about":[{"href":"https:\/\/www.webdo.tn\/fr\/wp-json\/wp\/v2\/types\/post"}],"author":[{"embeddable":true,"href":"https:\/\/www.webdo.tn\/fr\/wp-json\/wp\/v2\/users\/3222"}],"replies":[{"embeddable":true,"href":"https:\/\/www.webdo.tn\/fr\/wp-json\/wp\/v2\/comments?post=172577"}],"version-history":[{"count":0,"href":"https:\/\/www.webdo.tn\/fr\/wp-json\/wp\/v2\/posts\/172577\/revisions"}],"wp:featuredmedia":[{"embeddable":true,"href":"https:\/\/www.webdo.tn\/fr\/wp-json\/wp\/v2\/media\/365135"}],"wp:attachment":[{"href":"https:\/\/www.webdo.tn\/fr\/wp-json\/wp\/v2\/media?parent=172577"}],"wp:term":[{"taxonomy":"category","embeddable":true,"href":"https:\/\/www.webdo.tn\/fr\/wp-json\/wp\/v2\/categories?post=172577"},{"taxonomy":"post_tag","embeddable":true,"href":"https:\/\/www.webdo.tn\/fr\/wp-json\/wp\/v2\/tags?post=172577"}],"curies":[{"name":"wp","href":"https:\/\/api.w.org\/{rel}","templated":true}]}}