{"id":172567,"date":"2011-09-21T18:45:00","date_gmt":"2011-09-21T18:45:00","guid":{"rendered":"https:\/\/www.webdo.tn\/fr\/actualite\/blog\/des-tunisiens-clandestins-victimes-du-ras-le-bol-italien-une-douzaine-de-blesses\/172567\/"},"modified":"2011-09-21T18:45:00","modified_gmt":"2011-09-21T18:45:00","slug":"des-tunisiens-clandestins-victimes-du-ras-le-bol-italien-une-douzaine-de-blesses","status":"publish","type":"post","link":"https:\/\/www.webdo.tn\/fr\/actualite\/national\/des-tunisiens-clandestins-victimes-du-ras-le-bol-italien-une-douzaine-de-blesses\/172567\/","title":{"rendered":"Des Tunisiens clandestins victimes du ras-le-bol italien : une douzaine de bless\u00e9s"},"content":{"rendered":"<p>Rien ne va plus sur Lampedusa ! Aujourd\u2019hui, mercredi, cette \u00eele italienne a connu un regain de violence envers les \u00e9migr\u00e9s tunisiens clandestins qui s\u2019y trouvent. Tout le monde en a ras-le-bol : les habitants de cet afflux de migrants, la police d\u2019avoir \u00e0 faire les gardes-chiourmes, et les Tunisiens d\u2019\u00eatre trait\u00e9s comme des moins que rien !<\/p>\n<p>Du coup ce ras-le-bol a engendr\u00e9 de la violence, mais pas \u00e0 sens unique, et cela il faut quand m\u00eame le signaler. Une violence qui a fait une douzaine de bless\u00e9s (trois policiers et neuf manifestants) dans le face-\u00e0-face police italienne-\u00e9migr\u00e9s clandestins tunisiens.<\/p>\n<p>Tout a commenc\u00e9 quand 300 de nos compatriotes \u00abharragas\u00bb ont d\u00e9cid\u00e9 de manifester dans les rues de la ville \u00abpour protester contre leurs conditions d\u2019h\u00e9bergement et les rapatriements forc\u00e9s\u00bb vers la Tunisie comme le veut l\u2019accord sign\u00e9 entre Tunis et Rome, et ce, d\u2019apr\u00e8s Euronews. Vu leur nombre, les carabiniers n\u2019ont pas r\u00e9ussi \u00e0 les disperser et ont \u00abfait usage de la force de fa\u00e7on visiblement disproportionn\u00e9e\u00bb. Des images de la cha\u00eene d\u2019information en continu Sky TG-24 montrent m\u00eame \u00abdes policiers \u00e9quip\u00e9s de casques et de boucliers\u00bb frappant les manifestants \u00e0 l\u2019aide de matraques. Ces derniers, pour \u00e9chapper aux coups, \u00abse sont lanc\u00e9s d&rsquo;une hauteur de 3-4 m\u00e8tres dans une cour\u00bb.<\/p>\n<p>La veille, des \u00ab\u00a0\u00e9migr\u00e9s\u00a0\u00bb avaient provoqu\u00e9 un incendie en br\u00fblant un matelas. Toujours d\u2019apr\u00e8s Euronews, \u00abtrois baraquements de leur centre d\u2019accueil ont \u00e9t\u00e9 d\u00e9truits\u00bb.<\/p>\n<p>Face \u00e0 ce comportement de lions en cage, certains \u00eeliens \u00abont jet\u00e9 des pierres\u00bb aux \u00e9migr\u00e9s. Pour se d\u00e9fendre, les \u00e9migr\u00e9s clandestins ont menac\u00e9 de faire sauter des bonbonnes de gaz.<\/p>\n<p>Selon des chiffres donn\u00e9s mercredi par le gouvernement au parlement, \u00ab50.403 immigr\u00e9s (45.090 hommes, 2.608 femmes et 2.705 mineurs) sont arriv\u00e9s depuis le d\u00e9but de l&rsquo;ann\u00e9e \u00e0 Lampedusa apr\u00e8s avoir travers\u00e9 la M\u00e9diterran\u00e9e dans des embarcations de fortune\u00bb.<\/p>\n","protected":false},"excerpt":{"rendered":"<p>Des Tunisiens clandestins victimes du ras-le-bol italien : une douzaine de bless\u00e9s <\/p>\n","protected":false},"author":3222,"featured_media":376290,"comment_status":"open","ping_status":"closed","sticky":false,"template":"","format":"standard","meta":{"footnotes":""},"categories":[44],"tags":[],"class_list":["post-172567","post","type-post","status-publish","format-standard","has-post-thumbnail","hentry","category-national"],"yoast_head":"<!-- This site is optimized with the Yoast SEO Premium plugin v27.5 (Yoast SEO v27.5) - https:\/\/yoast.com\/product\/yoast-seo-premium-wordpress\/ -->\n<title>Des Tunisiens clandestins victimes du ras-le-bol italien : une douzaine de bless\u00e9s<\/title>\n<meta name=\"description\" content=\"Des Tunisiens clandestins victimes du ras-le-bol italien : une douzaine de bless\u00e9s\" \/>\n<link rel=\"canonical\" href=\"https:\/\/www.webdo.tn\/fr\/actualite\/national\/des-tunisiens-clandestins-victimes-du-ras-le-bol-italien-une-douzaine-de-blesses\/172567\/\" \/>\n<meta property=\"og:locale\" content=\"fr_FR\" \/>\n<meta property=\"og:type\" content=\"article\" \/>\n<meta property=\"og:title\" content=\"Des Tunisiens clandestins victimes du ras-le-bol italien : une douzaine de bless\u00e9s\" \/>\n<meta property=\"og:description\" content=\"Des Tunisiens clandestins victimes du ras-le-bol italien : une douzaine de bless\u00e9s\" \/>\n<meta property=\"og:url\" content=\"https:\/\/www.webdo.tn\/fr\/actualite\/national\/des-tunisiens-clandestins-victimes-du-ras-le-bol-italien-une-douzaine-de-blesses\/172567\/\" \/>\n<meta property=\"og:site_name\" content=\"webdo\" \/>\n<meta property=\"article:publisher\" content=\"https:\/\/www.facebook.com\/webdotn\" \/>\n<meta property=\"article:published_time\" content=\"2011-09-21T18:45:00+00:00\" \/>\n<meta property=\"og:image\" content=\"https:\/\/www.webdo.tn\/fr\/wp-content\/uploads\/2025\/06\/FireShot-Capture-1063-webdo_default-53-750x375.jpg-750\u00d7375-www.webdo_.tn_.png\" \/>\n\t<meta property=\"og:image:width\" content=\"746\" \/>\n\t<meta property=\"og:image:height\" content=\"371\" \/>\n\t<meta property=\"og:image:type\" content=\"image\/png\" \/>\n<meta name=\"author\" content=\"webdo.tn\" \/>\n<meta name=\"twitter:card\" content=\"summary_large_image\" \/>\n<meta name=\"twitter:creator\" content=\"@webdo_tn\" \/>\n<meta name=\"twitter:site\" content=\"@webdo_tn\" \/>\n<meta name=\"twitter:label1\" content=\"\u00c9crit par\" \/>\n\t<meta name=\"twitter:data1\" content=\"webdo.tn\" \/>\n\t<meta name=\"twitter:label2\" content=\"Dur\u00e9e de lecture estim\u00e9e\" \/>\n\t<meta name=\"twitter:data2\" content=\"2 minutes\" \/>\n<script type=\"application\/ld+json\" class=\"yoast-schema-graph\">{\"@context\":\"https:\\\/\\\/schema.org\",\"@graph\":[{\"@type\":\"NewsArticle\",\"@id\":\"https:\\\/\\\/www.webdo.tn\\\/fr\\\/actualite\\\/national\\\/des-tunisiens-clandestins-victimes-du-ras-le-bol-italien-une-douzaine-de-blesses\\\/172567\\\/#article\",\"isPartOf\":{\"@id\":\"https:\\\/\\\/www.webdo.tn\\\/fr\\\/actualite\\\/national\\\/des-tunisiens-clandestins-victimes-du-ras-le-bol-italien-une-douzaine-de-blesses\\\/172567\\\/\"},\"author\":{\"name\":\"webdo.tn\",\"@id\":\"https:\\\/\\\/www.webdo.tn\\\/fr\\\/#\\\/schema\\\/person\\\/9a9c6118d687c117df8ef3cc36a4d175\"},\"headline\":\"Des Tunisiens clandestins victimes du ras-le-bol italien : une douzaine de bless\u00e9s\",\"datePublished\":\"2011-09-21T18:45:00+00:00\",\"mainEntityOfPage\":{\"@id\":\"https:\\\/\\\/www.webdo.tn\\\/fr\\\/actualite\\\/national\\\/des-tunisiens-clandestins-victimes-du-ras-le-bol-italien-une-douzaine-de-blesses\\\/172567\\\/\"},\"wordCount\":351,\"commentCount\":0,\"publisher\":{\"@id\":\"https:\\\/\\\/www.webdo.tn\\\/fr\\\/#organization\"},\"image\":{\"@id\":\"https:\\\/\\\/www.webdo.tn\\\/fr\\\/actualite\\\/national\\\/des-tunisiens-clandestins-victimes-du-ras-le-bol-italien-une-douzaine-de-blesses\\\/172567\\\/#primaryimage\"},\"thumbnailUrl\":\"https:\\\/\\\/www.webdo.tn\\\/fr\\\/wp-content\\\/uploads\\\/2025\\\/06\\\/FireShot-Capture-1063-webdo_default-53-750x375.jpg-750\u00d7375-www.webdo_.tn_.png\",\"articleSection\":[\"National\"],\"inLanguage\":\"fr-FR\"},{\"@type\":\"WebPage\",\"@id\":\"https:\\\/\\\/www.webdo.tn\\\/fr\\\/actualite\\\/national\\\/des-tunisiens-clandestins-victimes-du-ras-le-bol-italien-une-douzaine-de-blesses\\\/172567\\\/\",\"url\":\"https:\\\/\\\/www.webdo.tn\\\/fr\\\/actualite\\\/national\\\/des-tunisiens-clandestins-victimes-du-ras-le-bol-italien-une-douzaine-de-blesses\\\/172567\\\/\",\"name\":\"Des Tunisiens clandestins victimes du ras-le-bol italien : une douzaine de bless\u00e9s\",\"isPartOf\":{\"@id\":\"https:\\\/\\\/www.webdo.tn\\\/fr\\\/#website\"},\"primaryImageOfPage\":{\"@id\":\"https:\\\/\\\/www.webdo.tn\\\/fr\\\/actualite\\\/national\\\/des-tunisiens-clandestins-victimes-du-ras-le-bol-italien-une-douzaine-de-blesses\\\/172567\\\/#primaryimage\"},\"image\":{\"@id\":\"https:\\\/\\\/www.webdo.tn\\\/fr\\\/actualite\\\/national\\\/des-tunisiens-clandestins-victimes-du-ras-le-bol-italien-une-douzaine-de-blesses\\\/172567\\\/#primaryimage\"},\"thumbnailUrl\":\"https:\\\/\\\/www.webdo.tn\\\/fr\\\/wp-content\\\/uploads\\\/2025\\\/06\\\/FireShot-Capture-1063-webdo_default-53-750x375.jpg-750\u00d7375-www.webdo_.tn_.png\",\"datePublished\":\"2011-09-21T18:45:00+00:00\",\"description\":\"Des Tunisiens clandestins victimes du ras-le-bol italien : une douzaine de bless\u00e9s\",\"breadcrumb\":{\"@id\":\"https:\\\/\\\/www.webdo.tn\\\/fr\\\/actualite\\\/national\\\/des-tunisiens-clandestins-victimes-du-ras-le-bol-italien-une-douzaine-de-blesses\\\/172567\\\/#breadcrumb\"},\"inLanguage\":\"fr-FR\",\"potentialAction\":[{\"@type\":\"ReadAction\",\"target\":[\"https:\\\/\\\/www.webdo.tn\\\/fr\\\/actualite\\\/national\\\/des-tunisiens-clandestins-victimes-du-ras-le-bol-italien-une-douzaine-de-blesses\\\/172567\\\/\"]}]},{\"@type\":\"ImageObject\",\"inLanguage\":\"fr-FR\",\"@id\":\"https:\\\/\\\/www.webdo.tn\\\/fr\\\/actualite\\\/national\\\/des-tunisiens-clandestins-victimes-du-ras-le-bol-italien-une-douzaine-de-blesses\\\/172567\\\/#primaryimage\",\"url\":\"https:\\\/\\\/www.webdo.tn\\\/fr\\\/wp-content\\\/uploads\\\/2025\\\/06\\\/FireShot-Capture-1063-webdo_default-53-750x375.jpg-750\u00d7375-www.webdo_.tn_.png\",\"contentUrl\":\"https:\\\/\\\/www.webdo.tn\\\/fr\\\/wp-content\\\/uploads\\\/2025\\\/06\\\/FireShot-Capture-1063-webdo_default-53-750x375.jpg-750\u00d7375-www.webdo_.tn_.png\",\"width\":746,\"height\":371},{\"@type\":\"BreadcrumbList\",\"@id\":\"https:\\\/\\\/www.webdo.tn\\\/fr\\\/actualite\\\/national\\\/des-tunisiens-clandestins-victimes-du-ras-le-bol-italien-une-douzaine-de-blesses\\\/172567\\\/#breadcrumb\",\"itemListElement\":[{\"@type\":\"ListItem\",\"position\":1,\"name\":\"Accueil\",\"item\":\"https:\\\/\\\/www.webdo.tn\\\/fr\\\/\"},{\"@type\":\"ListItem\",\"position\":2,\"name\":\"Des Tunisiens clandestins victimes du ras-le-bol italien : une douzaine de bless\u00e9s\"}]},{\"@type\":\"WebSite\",\"@id\":\"https:\\\/\\\/www.webdo.tn\\\/fr\\\/#website\",\"url\":\"https:\\\/\\\/www.webdo.tn\\\/fr\\\/\",\"name\":\"webdo\",\"description\":\"Tunisie - News en Tunisie et \u00e0 l&#039;international sur Webdo.tn\",\"publisher\":{\"@id\":\"https:\\\/\\\/www.webdo.tn\\\/fr\\\/#organization\"},\"potentialAction\":[{\"@type\":\"SearchAction\",\"target\":{\"@type\":\"EntryPoint\",\"urlTemplate\":\"https:\\\/\\\/www.webdo.tn\\\/fr\\\/?s={search_term_string}\"},\"query-input\":{\"@type\":\"PropertyValueSpecification\",\"valueRequired\":true,\"valueName\":\"search_term_string\"}}],\"inLanguage\":\"fr-FR\"},{\"@type\":\"Organization\",\"@id\":\"https:\\\/\\\/www.webdo.tn\\\/fr\\\/#organization\",\"name\":\"Webdo\",\"alternateName\":\"Webdo.tn\",\"url\":\"https:\\\/\\\/www.webdo.tn\\\/fr\\\/\",\"logo\":{\"@type\":\"ImageObject\",\"inLanguage\":\"fr-FR\",\"@id\":\"https:\\\/\\\/www.webdo.tn\\\/fr\\\/#\\\/schema\\\/logo\\\/image\\\/\",\"url\":\"https:\\\/\\\/www.webdo.tn\\\/fr\\\/wp-content\\\/uploads\\\/2025\\\/06\\\/Webdo-Tunisie_168377.jpg\",\"contentUrl\":\"https:\\\/\\\/www.webdo.tn\\\/fr\\\/wp-content\\\/uploads\\\/2025\\\/06\\\/Webdo-Tunisie_168377.jpg\",\"width\":301,\"height\":301,\"caption\":\"Webdo\"},\"image\":{\"@id\":\"https:\\\/\\\/www.webdo.tn\\\/fr\\\/#\\\/schema\\\/logo\\\/image\\\/\"},\"sameAs\":[\"https:\\\/\\\/www.facebook.com\\\/webdotn\",\"https:\\\/\\\/x.com\\\/webdo_tn\"],\"description\":\"Webdo est un m\u00e9dia num\u00e9rique tunisien fond\u00e9 en 2010, sp\u00e9cialis\u00e9 dans l\u2019actualit\u00e9 nationale et internationale, l\u2019\u00e9conomie, la soci\u00e9t\u00e9 et les analyses politiques. Le site s\u2019adresse \u00e0 un large public francophone et couvre l\u2019information tunisienne en temps r\u00e9el.\",\"email\":\"redac@webdo.tn\",\"legalName\":\"YNJ SARL\",\"foundingDate\":\"2010-09-06\",\"numberOfEmployees\":{\"@type\":\"QuantitativeValue\",\"minValue\":\"11\",\"maxValue\":\"50\"}},{\"@type\":\"Person\",\"@id\":\"https:\\\/\\\/www.webdo.tn\\\/fr\\\/#\\\/schema\\\/person\\\/9a9c6118d687c117df8ef3cc36a4d175\",\"name\":\"webdo.tn\",\"image\":{\"@type\":\"ImageObject\",\"inLanguage\":\"fr-FR\",\"@id\":\"https:\\\/\\\/secure.gravatar.com\\\/avatar\\\/7ce1f28c0c3bbac99ff550b85ef8e44a6950c6ee24514fb6a5489e51d06f0298?s=96&d=mm&r=g\",\"url\":\"https:\\\/\\\/secure.gravatar.com\\\/avatar\\\/7ce1f28c0c3bbac99ff550b85ef8e44a6950c6ee24514fb6a5489e51d06f0298?s=96&d=mm&r=g\",\"contentUrl\":\"https:\\\/\\\/secure.gravatar.com\\\/avatar\\\/7ce1f28c0c3bbac99ff550b85ef8e44a6950c6ee24514fb6a5489e51d06f0298?s=96&d=mm&r=g\",\"caption\":\"webdo.tn\"},\"url\":\"https:\\\/\\\/www.webdo.tn\\\/fr\\\/actualite\\\/author\\\/webdotn\\\/\"}]}<\/script>\n<!-- \/ Yoast SEO Premium plugin. -->","yoast_head_json":{"title":"Des Tunisiens clandestins victimes du ras-le-bol italien : une douzaine de bless\u00e9s","description":"Des Tunisiens clandestins victimes du ras-le-bol italien : une douzaine de bless\u00e9s","canonical":"https:\/\/www.webdo.tn\/fr\/actualite\/national\/des-tunisiens-clandestins-victimes-du-ras-le-bol-italien-une-douzaine-de-blesses\/172567\/","og_locale":"fr_FR","og_type":"article","og_title":"Des Tunisiens clandestins victimes du ras-le-bol italien : une douzaine de bless\u00e9s","og_description":"Des Tunisiens clandestins victimes du ras-le-bol italien : une douzaine de bless\u00e9s","og_url":"https:\/\/www.webdo.tn\/fr\/actualite\/national\/des-tunisiens-clandestins-victimes-du-ras-le-bol-italien-une-douzaine-de-blesses\/172567\/","og_site_name":"webdo","article_publisher":"https:\/\/www.facebook.com\/webdotn","article_published_time":"2011-09-21T18:45:00+00:00","og_image":[{"width":746,"height":371,"url":"https:\/\/www.webdo.tn\/fr\/wp-content\/uploads\/2025\/06\/FireShot-Capture-1063-webdo_default-53-750x375.jpg-750\u00d7375-www.webdo_.tn_.png","type":"image\/png"}],"author":"webdo.tn","twitter_card":"summary_large_image","twitter_creator":"@webdo_tn","twitter_site":"@webdo_tn","twitter_misc":{"\u00c9crit par":"webdo.tn","Dur\u00e9e de lecture estim\u00e9e":"2 minutes"},"schema":{"@context":"https:\/\/schema.org","@graph":[{"@type":"NewsArticle","@id":"https:\/\/www.webdo.tn\/fr\/actualite\/national\/des-tunisiens-clandestins-victimes-du-ras-le-bol-italien-une-douzaine-de-blesses\/172567\/#article","isPartOf":{"@id":"https:\/\/www.webdo.tn\/fr\/actualite\/national\/des-tunisiens-clandestins-victimes-du-ras-le-bol-italien-une-douzaine-de-blesses\/172567\/"},"author":{"name":"webdo.tn","@id":"https:\/\/www.webdo.tn\/fr\/#\/schema\/person\/9a9c6118d687c117df8ef3cc36a4d175"},"headline":"Des Tunisiens clandestins victimes du ras-le-bol italien : une douzaine de bless\u00e9s","datePublished":"2011-09-21T18:45:00+00:00","mainEntityOfPage":{"@id":"https:\/\/www.webdo.tn\/fr\/actualite\/national\/des-tunisiens-clandestins-victimes-du-ras-le-bol-italien-une-douzaine-de-blesses\/172567\/"},"wordCount":351,"commentCount":0,"publisher":{"@id":"https:\/\/www.webdo.tn\/fr\/#organization"},"image":{"@id":"https:\/\/www.webdo.tn\/fr\/actualite\/national\/des-tunisiens-clandestins-victimes-du-ras-le-bol-italien-une-douzaine-de-blesses\/172567\/#primaryimage"},"thumbnailUrl":"https:\/\/www.webdo.tn\/fr\/wp-content\/uploads\/2025\/06\/FireShot-Capture-1063-webdo_default-53-750x375.jpg-750\u00d7375-www.webdo_.tn_.png","articleSection":["National"],"inLanguage":"fr-FR"},{"@type":"WebPage","@id":"https:\/\/www.webdo.tn\/fr\/actualite\/national\/des-tunisiens-clandestins-victimes-du-ras-le-bol-italien-une-douzaine-de-blesses\/172567\/","url":"https:\/\/www.webdo.tn\/fr\/actualite\/national\/des-tunisiens-clandestins-victimes-du-ras-le-bol-italien-une-douzaine-de-blesses\/172567\/","name":"Des Tunisiens clandestins victimes du ras-le-bol italien : une douzaine de bless\u00e9s","isPartOf":{"@id":"https:\/\/www.webdo.tn\/fr\/#website"},"primaryImageOfPage":{"@id":"https:\/\/www.webdo.tn\/fr\/actualite\/national\/des-tunisiens-clandestins-victimes-du-ras-le-bol-italien-une-douzaine-de-blesses\/172567\/#primaryimage"},"image":{"@id":"https:\/\/www.webdo.tn\/fr\/actualite\/national\/des-tunisiens-clandestins-victimes-du-ras-le-bol-italien-une-douzaine-de-blesses\/172567\/#primaryimage"},"thumbnailUrl":"https:\/\/www.webdo.tn\/fr\/wp-content\/uploads\/2025\/06\/FireShot-Capture-1063-webdo_default-53-750x375.jpg-750\u00d7375-www.webdo_.tn_.png","datePublished":"2011-09-21T18:45:00+00:00","description":"Des Tunisiens clandestins victimes du ras-le-bol italien : une douzaine de bless\u00e9s","breadcrumb":{"@id":"https:\/\/www.webdo.tn\/fr\/actualite\/national\/des-tunisiens-clandestins-victimes-du-ras-le-bol-italien-une-douzaine-de-blesses\/172567\/#breadcrumb"},"inLanguage":"fr-FR","potentialAction":[{"@type":"ReadAction","target":["https:\/\/www.webdo.tn\/fr\/actualite\/national\/des-tunisiens-clandestins-victimes-du-ras-le-bol-italien-une-douzaine-de-blesses\/172567\/"]}]},{"@type":"ImageObject","inLanguage":"fr-FR","@id":"https:\/\/www.webdo.tn\/fr\/actualite\/national\/des-tunisiens-clandestins-victimes-du-ras-le-bol-italien-une-douzaine-de-blesses\/172567\/#primaryimage","url":"https:\/\/www.webdo.tn\/fr\/wp-content\/uploads\/2025\/06\/FireShot-Capture-1063-webdo_default-53-750x375.jpg-750\u00d7375-www.webdo_.tn_.png","contentUrl":"https:\/\/www.webdo.tn\/fr\/wp-content\/uploads\/2025\/06\/FireShot-Capture-1063-webdo_default-53-750x375.jpg-750\u00d7375-www.webdo_.tn_.png","width":746,"height":371},{"@type":"BreadcrumbList","@id":"https:\/\/www.webdo.tn\/fr\/actualite\/national\/des-tunisiens-clandestins-victimes-du-ras-le-bol-italien-une-douzaine-de-blesses\/172567\/#breadcrumb","itemListElement":[{"@type":"ListItem","position":1,"name":"Accueil","item":"https:\/\/www.webdo.tn\/fr\/"},{"@type":"ListItem","position":2,"name":"Des Tunisiens clandestins victimes du ras-le-bol italien : une douzaine de bless\u00e9s"}]},{"@type":"WebSite","@id":"https:\/\/www.webdo.tn\/fr\/#website","url":"https:\/\/www.webdo.tn\/fr\/","name":"webdo","description":"Tunisie - News en Tunisie et \u00e0 l&#039;international sur Webdo.tn","publisher":{"@id":"https:\/\/www.webdo.tn\/fr\/#organization"},"potentialAction":[{"@type":"SearchAction","target":{"@type":"EntryPoint","urlTemplate":"https:\/\/www.webdo.tn\/fr\/?s={search_term_string}"},"query-input":{"@type":"PropertyValueSpecification","valueRequired":true,"valueName":"search_term_string"}}],"inLanguage":"fr-FR"},{"@type":"Organization","@id":"https:\/\/www.webdo.tn\/fr\/#organization","name":"Webdo","alternateName":"Webdo.tn","url":"https:\/\/www.webdo.tn\/fr\/","logo":{"@type":"ImageObject","inLanguage":"fr-FR","@id":"https:\/\/www.webdo.tn\/fr\/#\/schema\/logo\/image\/","url":"https:\/\/www.webdo.tn\/fr\/wp-content\/uploads\/2025\/06\/Webdo-Tunisie_168377.jpg","contentUrl":"https:\/\/www.webdo.tn\/fr\/wp-content\/uploads\/2025\/06\/Webdo-Tunisie_168377.jpg","width":301,"height":301,"caption":"Webdo"},"image":{"@id":"https:\/\/www.webdo.tn\/fr\/#\/schema\/logo\/image\/"},"sameAs":["https:\/\/www.facebook.com\/webdotn","https:\/\/x.com\/webdo_tn"],"description":"Webdo est un m\u00e9dia num\u00e9rique tunisien fond\u00e9 en 2010, sp\u00e9cialis\u00e9 dans l\u2019actualit\u00e9 nationale et internationale, l\u2019\u00e9conomie, la soci\u00e9t\u00e9 et les analyses politiques. Le site s\u2019adresse \u00e0 un large public francophone et couvre l\u2019information tunisienne en temps r\u00e9el.","email":"redac@webdo.tn","legalName":"YNJ SARL","foundingDate":"2010-09-06","numberOfEmployees":{"@type":"QuantitativeValue","minValue":"11","maxValue":"50"}},{"@type":"Person","@id":"https:\/\/www.webdo.tn\/fr\/#\/schema\/person\/9a9c6118d687c117df8ef3cc36a4d175","name":"webdo.tn","image":{"@type":"ImageObject","inLanguage":"fr-FR","@id":"https:\/\/secure.gravatar.com\/avatar\/7ce1f28c0c3bbac99ff550b85ef8e44a6950c6ee24514fb6a5489e51d06f0298?s=96&d=mm&r=g","url":"https:\/\/secure.gravatar.com\/avatar\/7ce1f28c0c3bbac99ff550b85ef8e44a6950c6ee24514fb6a5489e51d06f0298?s=96&d=mm&r=g","contentUrl":"https:\/\/secure.gravatar.com\/avatar\/7ce1f28c0c3bbac99ff550b85ef8e44a6950c6ee24514fb6a5489e51d06f0298?s=96&d=mm&r=g","caption":"webdo.tn"},"url":"https:\/\/www.webdo.tn\/fr\/actualite\/author\/webdotn\/"}]}},"_links":{"self":[{"href":"https:\/\/www.webdo.tn\/fr\/wp-json\/wp\/v2\/posts\/172567","targetHints":{"allow":["GET"]}}],"collection":[{"href":"https:\/\/www.webdo.tn\/fr\/wp-json\/wp\/v2\/posts"}],"about":[{"href":"https:\/\/www.webdo.tn\/fr\/wp-json\/wp\/v2\/types\/post"}],"author":[{"embeddable":true,"href":"https:\/\/www.webdo.tn\/fr\/wp-json\/wp\/v2\/users\/3222"}],"replies":[{"embeddable":true,"href":"https:\/\/www.webdo.tn\/fr\/wp-json\/wp\/v2\/comments?post=172567"}],"version-history":[{"count":0,"href":"https:\/\/www.webdo.tn\/fr\/wp-json\/wp\/v2\/posts\/172567\/revisions"}],"wp:featuredmedia":[{"embeddable":true,"href":"https:\/\/www.webdo.tn\/fr\/wp-json\/wp\/v2\/media\/376290"}],"wp:attachment":[{"href":"https:\/\/www.webdo.tn\/fr\/wp-json\/wp\/v2\/media?parent=172567"}],"wp:term":[{"taxonomy":"category","embeddable":true,"href":"https:\/\/www.webdo.tn\/fr\/wp-json\/wp\/v2\/categories?post=172567"},{"taxonomy":"post_tag","embeddable":true,"href":"https:\/\/www.webdo.tn\/fr\/wp-json\/wp\/v2\/tags?post=172567"}],"curies":[{"name":"wp","href":"https:\/\/api.w.org\/{rel}","templated":true}]}}