{"id":172523,"date":"2011-10-14T16:45:00","date_gmt":"2011-10-14T16:45:00","guid":{"rendered":"https:\/\/www.webdo.tn\/fr\/blog\/cloture-des-travaux-de-la-haute-instance-pour-la-realisation-des-objectifs-de-la-realisation-acte-i-reussi\/172523\/"},"modified":"2011-10-14T16:45:00","modified_gmt":"2011-10-14T16:45:00","slug":"cloture-des-travaux-de-la-haute-instance-pour-la-realisation-des-objectifs-de-la-realisation-acte-i-reussi","status":"publish","type":"post","link":"https:\/\/www.webdo.tn\/fr\/actualite\/national\/cloture-des-travaux-de-la-haute-instance-pour-la-realisation-des-objectifs-de-la-realisation-acte-i-reussi\/172523\/","title":{"rendered":"Cl\u00f4ture des travaux de la Haute Instance pour la r\u00e9alisation des objectifs de la r\u00e9volution : acte I r\u00e9ussi"},"content":{"rendered":"<p>La R\u00e9volution du 14 janvier a v\u00e9cu hier au Bardo un moment solennel. La Haute Instance pour la r\u00e9alisation des objectifs de la r\u00e9volution, la r\u00e9forme politique et la transition d\u00e9mocratique a boucl\u00e9, hier, ses travaux en pr\u00e9sence de Foued M\u2019baza\u00e2, pr\u00e9sident de la R\u00e9publique, et B\u00e9ji Ca\u00efd Essebsi, le premier ministre ainsi que des membres du gouvernement et quelques figures des formations politiques.<\/p>\n<p>C\u2019est dans un esprit de concorde et de satisfaction que la c\u00e9r\u00e9monie s\u2019est d\u00e9roul\u00e9e ponctu\u00e9e entre autres par les discours de Messieurs M\u2019beza\u00e2 et Ca\u00efd Essebsi  qui ont rendu un vif hommage \u00e0 Iadh Ben Achour, pr\u00e9sident de la dite Instance. Ce dernier, en d\u00e9pit des difficult\u00e9s li\u00e9es \u00e0 l\u2019instabilit\u00e9 politique et aux diff\u00e9rentes pressions, a en effet su mener la mission qui lui incombait avec doigt\u00e9 et dans un esprit de consensus qui tienne compte de toutes les sensibilit\u00e9s politiques repr\u00e9sent\u00e9es.<\/p>\n<p>La pr\u00e9paration des \u00e9lections, la mise en place du code de scrutin et d\u2019autres acquis qui d\u00e9notent l\u2019engagement dans le processus d\u00e9mocratique sont \u00e0 l\u2019actif de cette Haute Instance qui aura jou\u00e9 incontestablement un r\u00f4le important dans le dynamisme politique que conna\u00eet la nouvelle Tunisie depuis huit mois. Mission r\u00e9ussie, mission accomplie d\u2019une Instance qui donne assur\u00e9ment le ton de la Tunisie lib\u00e9r\u00e9e de la dictature.<\/p>\n","protected":false},"excerpt":{"rendered":"<p>Cl\u00f4ture des travaux de la Haute Instance pour la r\u00e9alisation des objectifs de la r\u00e9volution : acte I r\u00e9ussi<\/p>\n","protected":false},"author":3222,"featured_media":333977,"comment_status":"open","ping_status":"closed","sticky":false,"template":"","format":"standard","meta":{"footnotes":""},"categories":[44],"tags":[2600],"class_list":["post-172523","post","type-post","status-publish","format-standard","has-post-thumbnail","hentry","category-national","tag-guerre"],"yoast_head":"<!-- This site is optimized with the Yoast SEO Premium plugin v27.5 (Yoast SEO v27.5) - https:\/\/yoast.com\/product\/yoast-seo-premium-wordpress\/ -->\n<title>Cl\u00f4ture des travaux de la Haute Instance pour la r\u00e9alisation des objectifs de la r\u00e9volution : acte I r\u00e9ussi<\/title>\n<meta name=\"description\" content=\"Cl\u00f4ture des travaux de la Haute Instance pour la r\u00e9alisation des objectifs de la r\u00e9volution : acte I r\u00e9ussi\" \/>\n<link rel=\"canonical\" href=\"https:\/\/www.webdo.tn\/fr\/actualite\/national-45\/cloture-des-travaux-de-la-haute-instance-pour-la-realisation-des-objectifs-de-la-realisation-acte-i-reussi\/172523\/\" \/>\n<meta property=\"og:locale\" content=\"fr_FR\" \/>\n<meta property=\"og:type\" content=\"article\" \/>\n<meta property=\"og:title\" content=\"Cl\u00f4ture des travaux de la Haute Instance pour la r\u00e9alisation des objectifs de la r\u00e9volution : acte I r\u00e9ussi\" \/>\n<meta property=\"og:description\" content=\"Cl\u00f4ture des travaux de la Haute Instance pour la r\u00e9alisation des objectifs de la r\u00e9volution : acte I r\u00e9ussi\" \/>\n<meta property=\"og:url\" content=\"https:\/\/www.webdo.tn\/fr\/actualite\/national-45\/cloture-des-travaux-de-la-haute-instance-pour-la-realisation-des-objectifs-de-la-realisation-acte-i-reussi\/172523\/\" \/>\n<meta property=\"og:site_name\" content=\"webdo\" \/>\n<meta property=\"article:publisher\" content=\"https:\/\/www.facebook.com\/webdotn\" \/>\n<meta property=\"article:published_time\" content=\"2011-10-14T16:45:00+00:00\" \/>\n<meta property=\"og:image\" content=\"https:\/\/www.webdo.tn\/fr\/wp-content\/uploads\/2011\/10\/Iadh-Ben-Achour-photo-TAP.jpg\" \/>\n\t<meta property=\"og:image:width\" content=\"327\" \/>\n\t<meta property=\"og:image:height\" content=\"243\" \/>\n\t<meta property=\"og:image:type\" content=\"image\/jpeg\" \/>\n<meta name=\"author\" content=\"webdo.tn\" \/>\n<meta name=\"twitter:card\" content=\"summary_large_image\" \/>\n<meta name=\"twitter:creator\" content=\"@webdo_tn\" \/>\n<meta name=\"twitter:site\" content=\"@webdo_tn\" \/>\n<meta name=\"twitter:label1\" content=\"\u00c9crit par\" \/>\n\t<meta name=\"twitter:data1\" content=\"webdo.tn\" \/>\n\t<meta name=\"twitter:label2\" content=\"Dur\u00e9e de lecture estim\u00e9e\" \/>\n\t<meta name=\"twitter:data2\" content=\"1 minute\" \/>\n<script type=\"application\/ld+json\" class=\"yoast-schema-graph\">{\"@context\":\"https:\\\/\\\/schema.org\",\"@graph\":[{\"@type\":\"NewsArticle\",\"@id\":\"https:\\\/\\\/www.webdo.tn\\\/fr\\\/actualite\\\/national-45\\\/cloture-des-travaux-de-la-haute-instance-pour-la-realisation-des-objectifs-de-la-realisation-acte-i-reussi\\\/172523\\\/#article\",\"isPartOf\":{\"@id\":\"https:\\\/\\\/www.webdo.tn\\\/fr\\\/actualite\\\/national-45\\\/cloture-des-travaux-de-la-haute-instance-pour-la-realisation-des-objectifs-de-la-realisation-acte-i-reussi\\\/172523\\\/\"},\"author\":{\"name\":\"webdo.tn\",\"@id\":\"https:\\\/\\\/www.webdo.tn\\\/fr\\\/#\\\/schema\\\/person\\\/9a9c6118d687c117df8ef3cc36a4d175\"},\"headline\":\"Cl\u00f4ture des travaux de la Haute Instance pour la r\u00e9alisation des objectifs de la r\u00e9volution : acte I r\u00e9ussi\",\"datePublished\":\"2011-10-14T16:45:00+00:00\",\"mainEntityOfPage\":{\"@id\":\"https:\\\/\\\/www.webdo.tn\\\/fr\\\/actualite\\\/national-45\\\/cloture-des-travaux-de-la-haute-instance-pour-la-realisation-des-objectifs-de-la-realisation-acte-i-reussi\\\/172523\\\/\"},\"wordCount\":273,\"commentCount\":0,\"publisher\":{\"@id\":\"https:\\\/\\\/www.webdo.tn\\\/fr\\\/#organization\"},\"image\":{\"@id\":\"https:\\\/\\\/www.webdo.tn\\\/fr\\\/actualite\\\/national-45\\\/cloture-des-travaux-de-la-haute-instance-pour-la-realisation-des-objectifs-de-la-realisation-acte-i-reussi\\\/172523\\\/#primaryimage\"},\"thumbnailUrl\":\"https:\\\/\\\/www.webdo.tn\\\/fr\\\/wp-content\\\/uploads\\\/2011\\\/10\\\/Iadh-Ben-Achour-photo-TAP.jpg\",\"keywords\":[\"guerre\"],\"articleSection\":[\"National\"],\"inLanguage\":\"fr-FR\"},{\"@type\":\"WebPage\",\"@id\":\"https:\\\/\\\/www.webdo.tn\\\/fr\\\/actualite\\\/national-45\\\/cloture-des-travaux-de-la-haute-instance-pour-la-realisation-des-objectifs-de-la-realisation-acte-i-reussi\\\/172523\\\/\",\"url\":\"https:\\\/\\\/www.webdo.tn\\\/fr\\\/actualite\\\/national-45\\\/cloture-des-travaux-de-la-haute-instance-pour-la-realisation-des-objectifs-de-la-realisation-acte-i-reussi\\\/172523\\\/\",\"name\":\"Cl\u00f4ture des travaux de la Haute Instance pour la r\u00e9alisation des objectifs de la r\u00e9volution : acte I r\u00e9ussi\",\"isPartOf\":{\"@id\":\"https:\\\/\\\/www.webdo.tn\\\/fr\\\/#website\"},\"primaryImageOfPage\":{\"@id\":\"https:\\\/\\\/www.webdo.tn\\\/fr\\\/actualite\\\/national-45\\\/cloture-des-travaux-de-la-haute-instance-pour-la-realisation-des-objectifs-de-la-realisation-acte-i-reussi\\\/172523\\\/#primaryimage\"},\"image\":{\"@id\":\"https:\\\/\\\/www.webdo.tn\\\/fr\\\/actualite\\\/national-45\\\/cloture-des-travaux-de-la-haute-instance-pour-la-realisation-des-objectifs-de-la-realisation-acte-i-reussi\\\/172523\\\/#primaryimage\"},\"thumbnailUrl\":\"https:\\\/\\\/www.webdo.tn\\\/fr\\\/wp-content\\\/uploads\\\/2011\\\/10\\\/Iadh-Ben-Achour-photo-TAP.jpg\",\"datePublished\":\"2011-10-14T16:45:00+00:00\",\"description\":\"Cl\u00f4ture des travaux de la Haute Instance pour la r\u00e9alisation des objectifs de la r\u00e9volution : acte I r\u00e9ussi\",\"breadcrumb\":{\"@id\":\"https:\\\/\\\/www.webdo.tn\\\/fr\\\/actualite\\\/national-45\\\/cloture-des-travaux-de-la-haute-instance-pour-la-realisation-des-objectifs-de-la-realisation-acte-i-reussi\\\/172523\\\/#breadcrumb\"},\"inLanguage\":\"fr-FR\",\"potentialAction\":[{\"@type\":\"ReadAction\",\"target\":[\"https:\\\/\\\/www.webdo.tn\\\/fr\\\/actualite\\\/national-45\\\/cloture-des-travaux-de-la-haute-instance-pour-la-realisation-des-objectifs-de-la-realisation-acte-i-reussi\\\/172523\\\/\"]}]},{\"@type\":\"ImageObject\",\"inLanguage\":\"fr-FR\",\"@id\":\"https:\\\/\\\/www.webdo.tn\\\/fr\\\/actualite\\\/national-45\\\/cloture-des-travaux-de-la-haute-instance-pour-la-realisation-des-objectifs-de-la-realisation-acte-i-reussi\\\/172523\\\/#primaryimage\",\"url\":\"https:\\\/\\\/www.webdo.tn\\\/fr\\\/wp-content\\\/uploads\\\/2011\\\/10\\\/Iadh-Ben-Achour-photo-TAP.jpg\",\"contentUrl\":\"https:\\\/\\\/www.webdo.tn\\\/fr\\\/wp-content\\\/uploads\\\/2011\\\/10\\\/Iadh-Ben-Achour-photo-TAP.jpg\",\"width\":327,\"height\":243,\"caption\":\"Cl\u00f4ture des travaux de la Haute Instance pour la r\u00e9alisation des objectifs de la r\u00e9volution : acte I r\u00e9ussi\"},{\"@type\":\"BreadcrumbList\",\"@id\":\"https:\\\/\\\/www.webdo.tn\\\/fr\\\/actualite\\\/national-45\\\/cloture-des-travaux-de-la-haute-instance-pour-la-realisation-des-objectifs-de-la-realisation-acte-i-reussi\\\/172523\\\/#breadcrumb\",\"itemListElement\":[{\"@type\":\"ListItem\",\"position\":1,\"name\":\"Accueil\",\"item\":\"https:\\\/\\\/www.webdo.tn\\\/fr\\\/\"},{\"@type\":\"ListItem\",\"position\":2,\"name\":\"Cl\u00f4ture des travaux de la Haute Instance pour la r\u00e9alisation des objectifs de la r\u00e9volution : acte I r\u00e9ussi\"}]},{\"@type\":\"WebSite\",\"@id\":\"https:\\\/\\\/www.webdo.tn\\\/fr\\\/#website\",\"url\":\"https:\\\/\\\/www.webdo.tn\\\/fr\\\/\",\"name\":\"webdo\",\"description\":\"Tunisie - News en Tunisie et \u00e0 l&#039;international sur Webdo.tn\",\"publisher\":{\"@id\":\"https:\\\/\\\/www.webdo.tn\\\/fr\\\/#organization\"},\"potentialAction\":[{\"@type\":\"SearchAction\",\"target\":{\"@type\":\"EntryPoint\",\"urlTemplate\":\"https:\\\/\\\/www.webdo.tn\\\/fr\\\/?s={search_term_string}\"},\"query-input\":{\"@type\":\"PropertyValueSpecification\",\"valueRequired\":true,\"valueName\":\"search_term_string\"}}],\"inLanguage\":\"fr-FR\"},{\"@type\":\"Organization\",\"@id\":\"https:\\\/\\\/www.webdo.tn\\\/fr\\\/#organization\",\"name\":\"Webdo\",\"alternateName\":\"Webdo.tn\",\"url\":\"https:\\\/\\\/www.webdo.tn\\\/fr\\\/\",\"logo\":{\"@type\":\"ImageObject\",\"inLanguage\":\"fr-FR\",\"@id\":\"https:\\\/\\\/www.webdo.tn\\\/fr\\\/#\\\/schema\\\/logo\\\/image\\\/\",\"url\":\"https:\\\/\\\/www.webdo.tn\\\/fr\\\/wp-content\\\/uploads\\\/2025\\\/06\\\/Webdo-Tunisie_168377.jpg\",\"contentUrl\":\"https:\\\/\\\/www.webdo.tn\\\/fr\\\/wp-content\\\/uploads\\\/2025\\\/06\\\/Webdo-Tunisie_168377.jpg\",\"width\":301,\"height\":301,\"caption\":\"Webdo\"},\"image\":{\"@id\":\"https:\\\/\\\/www.webdo.tn\\\/fr\\\/#\\\/schema\\\/logo\\\/image\\\/\"},\"sameAs\":[\"https:\\\/\\\/www.facebook.com\\\/webdotn\",\"https:\\\/\\\/x.com\\\/webdo_tn\"],\"description\":\"Webdo est un m\u00e9dia num\u00e9rique tunisien fond\u00e9 en 2010, sp\u00e9cialis\u00e9 dans l\u2019actualit\u00e9 nationale et internationale, l\u2019\u00e9conomie, la soci\u00e9t\u00e9 et les analyses politiques. Le site s\u2019adresse \u00e0 un large public francophone et couvre l\u2019information tunisienne en temps r\u00e9el.\",\"email\":\"redac@webdo.tn\",\"legalName\":\"YNJ SARL\",\"foundingDate\":\"2010-09-06\",\"numberOfEmployees\":{\"@type\":\"QuantitativeValue\",\"minValue\":\"11\",\"maxValue\":\"50\"}},{\"@type\":\"Person\",\"@id\":\"https:\\\/\\\/www.webdo.tn\\\/fr\\\/#\\\/schema\\\/person\\\/9a9c6118d687c117df8ef3cc36a4d175\",\"name\":\"webdo.tn\",\"image\":{\"@type\":\"ImageObject\",\"inLanguage\":\"fr-FR\",\"@id\":\"https:\\\/\\\/secure.gravatar.com\\\/avatar\\\/7ce1f28c0c3bbac99ff550b85ef8e44a6950c6ee24514fb6a5489e51d06f0298?s=96&d=mm&r=g\",\"url\":\"https:\\\/\\\/secure.gravatar.com\\\/avatar\\\/7ce1f28c0c3bbac99ff550b85ef8e44a6950c6ee24514fb6a5489e51d06f0298?s=96&d=mm&r=g\",\"contentUrl\":\"https:\\\/\\\/secure.gravatar.com\\\/avatar\\\/7ce1f28c0c3bbac99ff550b85ef8e44a6950c6ee24514fb6a5489e51d06f0298?s=96&d=mm&r=g\",\"caption\":\"webdo.tn\"},\"url\":\"https:\\\/\\\/www.webdo.tn\\\/fr\\\/actualite\\\/author\\\/webdotn\\\/\"}]}<\/script>\n<!-- \/ Yoast SEO Premium plugin. -->","yoast_head_json":{"title":"Cl\u00f4ture des travaux de la Haute Instance pour la r\u00e9alisation des objectifs de la r\u00e9volution : acte I r\u00e9ussi","description":"Cl\u00f4ture des travaux de la Haute Instance pour la r\u00e9alisation des objectifs de la r\u00e9volution : acte I r\u00e9ussi","canonical":"https:\/\/www.webdo.tn\/fr\/actualite\/national-45\/cloture-des-travaux-de-la-haute-instance-pour-la-realisation-des-objectifs-de-la-realisation-acte-i-reussi\/172523\/","og_locale":"fr_FR","og_type":"article","og_title":"Cl\u00f4ture des travaux de la Haute Instance pour la r\u00e9alisation des objectifs de la r\u00e9volution : acte I r\u00e9ussi","og_description":"Cl\u00f4ture des travaux de la Haute Instance pour la r\u00e9alisation des objectifs de la r\u00e9volution : acte I r\u00e9ussi","og_url":"https:\/\/www.webdo.tn\/fr\/actualite\/national-45\/cloture-des-travaux-de-la-haute-instance-pour-la-realisation-des-objectifs-de-la-realisation-acte-i-reussi\/172523\/","og_site_name":"webdo","article_publisher":"https:\/\/www.facebook.com\/webdotn","article_published_time":"2011-10-14T16:45:00+00:00","og_image":[{"width":327,"height":243,"url":"https:\/\/www.webdo.tn\/fr\/wp-content\/uploads\/2011\/10\/Iadh-Ben-Achour-photo-TAP.jpg","type":"image\/jpeg"}],"author":"webdo.tn","twitter_card":"summary_large_image","twitter_creator":"@webdo_tn","twitter_site":"@webdo_tn","twitter_misc":{"\u00c9crit par":"webdo.tn","Dur\u00e9e de lecture estim\u00e9e":"1 minute"},"schema":{"@context":"https:\/\/schema.org","@graph":[{"@type":"NewsArticle","@id":"https:\/\/www.webdo.tn\/fr\/actualite\/national-45\/cloture-des-travaux-de-la-haute-instance-pour-la-realisation-des-objectifs-de-la-realisation-acte-i-reussi\/172523\/#article","isPartOf":{"@id":"https:\/\/www.webdo.tn\/fr\/actualite\/national-45\/cloture-des-travaux-de-la-haute-instance-pour-la-realisation-des-objectifs-de-la-realisation-acte-i-reussi\/172523\/"},"author":{"name":"webdo.tn","@id":"https:\/\/www.webdo.tn\/fr\/#\/schema\/person\/9a9c6118d687c117df8ef3cc36a4d175"},"headline":"Cl\u00f4ture des travaux de la Haute Instance pour la r\u00e9alisation des objectifs de la r\u00e9volution : acte I r\u00e9ussi","datePublished":"2011-10-14T16:45:00+00:00","mainEntityOfPage":{"@id":"https:\/\/www.webdo.tn\/fr\/actualite\/national-45\/cloture-des-travaux-de-la-haute-instance-pour-la-realisation-des-objectifs-de-la-realisation-acte-i-reussi\/172523\/"},"wordCount":273,"commentCount":0,"publisher":{"@id":"https:\/\/www.webdo.tn\/fr\/#organization"},"image":{"@id":"https:\/\/www.webdo.tn\/fr\/actualite\/national-45\/cloture-des-travaux-de-la-haute-instance-pour-la-realisation-des-objectifs-de-la-realisation-acte-i-reussi\/172523\/#primaryimage"},"thumbnailUrl":"https:\/\/www.webdo.tn\/fr\/wp-content\/uploads\/2011\/10\/Iadh-Ben-Achour-photo-TAP.jpg","keywords":["guerre"],"articleSection":["National"],"inLanguage":"fr-FR"},{"@type":"WebPage","@id":"https:\/\/www.webdo.tn\/fr\/actualite\/national-45\/cloture-des-travaux-de-la-haute-instance-pour-la-realisation-des-objectifs-de-la-realisation-acte-i-reussi\/172523\/","url":"https:\/\/www.webdo.tn\/fr\/actualite\/national-45\/cloture-des-travaux-de-la-haute-instance-pour-la-realisation-des-objectifs-de-la-realisation-acte-i-reussi\/172523\/","name":"Cl\u00f4ture des travaux de la Haute Instance pour la r\u00e9alisation des objectifs de la r\u00e9volution : acte I r\u00e9ussi","isPartOf":{"@id":"https:\/\/www.webdo.tn\/fr\/#website"},"primaryImageOfPage":{"@id":"https:\/\/www.webdo.tn\/fr\/actualite\/national-45\/cloture-des-travaux-de-la-haute-instance-pour-la-realisation-des-objectifs-de-la-realisation-acte-i-reussi\/172523\/#primaryimage"},"image":{"@id":"https:\/\/www.webdo.tn\/fr\/actualite\/national-45\/cloture-des-travaux-de-la-haute-instance-pour-la-realisation-des-objectifs-de-la-realisation-acte-i-reussi\/172523\/#primaryimage"},"thumbnailUrl":"https:\/\/www.webdo.tn\/fr\/wp-content\/uploads\/2011\/10\/Iadh-Ben-Achour-photo-TAP.jpg","datePublished":"2011-10-14T16:45:00+00:00","description":"Cl\u00f4ture des travaux de la Haute Instance pour la r\u00e9alisation des objectifs de la r\u00e9volution : acte I r\u00e9ussi","breadcrumb":{"@id":"https:\/\/www.webdo.tn\/fr\/actualite\/national-45\/cloture-des-travaux-de-la-haute-instance-pour-la-realisation-des-objectifs-de-la-realisation-acte-i-reussi\/172523\/#breadcrumb"},"inLanguage":"fr-FR","potentialAction":[{"@type":"ReadAction","target":["https:\/\/www.webdo.tn\/fr\/actualite\/national-45\/cloture-des-travaux-de-la-haute-instance-pour-la-realisation-des-objectifs-de-la-realisation-acte-i-reussi\/172523\/"]}]},{"@type":"ImageObject","inLanguage":"fr-FR","@id":"https:\/\/www.webdo.tn\/fr\/actualite\/national-45\/cloture-des-travaux-de-la-haute-instance-pour-la-realisation-des-objectifs-de-la-realisation-acte-i-reussi\/172523\/#primaryimage","url":"https:\/\/www.webdo.tn\/fr\/wp-content\/uploads\/2011\/10\/Iadh-Ben-Achour-photo-TAP.jpg","contentUrl":"https:\/\/www.webdo.tn\/fr\/wp-content\/uploads\/2011\/10\/Iadh-Ben-Achour-photo-TAP.jpg","width":327,"height":243,"caption":"Cl\u00f4ture des travaux de la Haute Instance pour la r\u00e9alisation des objectifs de la r\u00e9volution : acte I r\u00e9ussi"},{"@type":"BreadcrumbList","@id":"https:\/\/www.webdo.tn\/fr\/actualite\/national-45\/cloture-des-travaux-de-la-haute-instance-pour-la-realisation-des-objectifs-de-la-realisation-acte-i-reussi\/172523\/#breadcrumb","itemListElement":[{"@type":"ListItem","position":1,"name":"Accueil","item":"https:\/\/www.webdo.tn\/fr\/"},{"@type":"ListItem","position":2,"name":"Cl\u00f4ture des travaux de la Haute Instance pour la r\u00e9alisation des objectifs de la r\u00e9volution : acte I r\u00e9ussi"}]},{"@type":"WebSite","@id":"https:\/\/www.webdo.tn\/fr\/#website","url":"https:\/\/www.webdo.tn\/fr\/","name":"webdo","description":"Tunisie - News en Tunisie et \u00e0 l&#039;international sur Webdo.tn","publisher":{"@id":"https:\/\/www.webdo.tn\/fr\/#organization"},"potentialAction":[{"@type":"SearchAction","target":{"@type":"EntryPoint","urlTemplate":"https:\/\/www.webdo.tn\/fr\/?s={search_term_string}"},"query-input":{"@type":"PropertyValueSpecification","valueRequired":true,"valueName":"search_term_string"}}],"inLanguage":"fr-FR"},{"@type":"Organization","@id":"https:\/\/www.webdo.tn\/fr\/#organization","name":"Webdo","alternateName":"Webdo.tn","url":"https:\/\/www.webdo.tn\/fr\/","logo":{"@type":"ImageObject","inLanguage":"fr-FR","@id":"https:\/\/www.webdo.tn\/fr\/#\/schema\/logo\/image\/","url":"https:\/\/www.webdo.tn\/fr\/wp-content\/uploads\/2025\/06\/Webdo-Tunisie_168377.jpg","contentUrl":"https:\/\/www.webdo.tn\/fr\/wp-content\/uploads\/2025\/06\/Webdo-Tunisie_168377.jpg","width":301,"height":301,"caption":"Webdo"},"image":{"@id":"https:\/\/www.webdo.tn\/fr\/#\/schema\/logo\/image\/"},"sameAs":["https:\/\/www.facebook.com\/webdotn","https:\/\/x.com\/webdo_tn"],"description":"Webdo est un m\u00e9dia num\u00e9rique tunisien fond\u00e9 en 2010, sp\u00e9cialis\u00e9 dans l\u2019actualit\u00e9 nationale et internationale, l\u2019\u00e9conomie, la soci\u00e9t\u00e9 et les analyses politiques. Le site s\u2019adresse \u00e0 un large public francophone et couvre l\u2019information tunisienne en temps r\u00e9el.","email":"redac@webdo.tn","legalName":"YNJ SARL","foundingDate":"2010-09-06","numberOfEmployees":{"@type":"QuantitativeValue","minValue":"11","maxValue":"50"}},{"@type":"Person","@id":"https:\/\/www.webdo.tn\/fr\/#\/schema\/person\/9a9c6118d687c117df8ef3cc36a4d175","name":"webdo.tn","image":{"@type":"ImageObject","inLanguage":"fr-FR","@id":"https:\/\/secure.gravatar.com\/avatar\/7ce1f28c0c3bbac99ff550b85ef8e44a6950c6ee24514fb6a5489e51d06f0298?s=96&d=mm&r=g","url":"https:\/\/secure.gravatar.com\/avatar\/7ce1f28c0c3bbac99ff550b85ef8e44a6950c6ee24514fb6a5489e51d06f0298?s=96&d=mm&r=g","contentUrl":"https:\/\/secure.gravatar.com\/avatar\/7ce1f28c0c3bbac99ff550b85ef8e44a6950c6ee24514fb6a5489e51d06f0298?s=96&d=mm&r=g","caption":"webdo.tn"},"url":"https:\/\/www.webdo.tn\/fr\/actualite\/author\/webdotn\/"}]}},"_links":{"self":[{"href":"https:\/\/www.webdo.tn\/fr\/wp-json\/wp\/v2\/posts\/172523","targetHints":{"allow":["GET"]}}],"collection":[{"href":"https:\/\/www.webdo.tn\/fr\/wp-json\/wp\/v2\/posts"}],"about":[{"href":"https:\/\/www.webdo.tn\/fr\/wp-json\/wp\/v2\/types\/post"}],"author":[{"embeddable":true,"href":"https:\/\/www.webdo.tn\/fr\/wp-json\/wp\/v2\/users\/3222"}],"replies":[{"embeddable":true,"href":"https:\/\/www.webdo.tn\/fr\/wp-json\/wp\/v2\/comments?post=172523"}],"version-history":[{"count":0,"href":"https:\/\/www.webdo.tn\/fr\/wp-json\/wp\/v2\/posts\/172523\/revisions"}],"wp:featuredmedia":[{"embeddable":true,"href":"https:\/\/www.webdo.tn\/fr\/wp-json\/wp\/v2\/media\/333977"}],"wp:attachment":[{"href":"https:\/\/www.webdo.tn\/fr\/wp-json\/wp\/v2\/media?parent=172523"}],"wp:term":[{"taxonomy":"category","embeddable":true,"href":"https:\/\/www.webdo.tn\/fr\/wp-json\/wp\/v2\/categories?post=172523"},{"taxonomy":"post_tag","embeddable":true,"href":"https:\/\/www.webdo.tn\/fr\/wp-json\/wp\/v2\/tags?post=172523"}],"curies":[{"name":"wp","href":"https:\/\/api.w.org\/{rel}","templated":true}]}}