{"id":172522,"date":"2011-10-15T17:13:00","date_gmt":"2011-10-15T17:13:00","guid":{"rendered":"https:\/\/www.webdo.tn\/fr\/blog\/affaire-nessma-tv-l-onde-de-choc-n-est-pas-pres-de-s-arreter\/172522\/"},"modified":"2025-06-04T19:05:55","modified_gmt":"2025-06-04T19:05:55","slug":"affaire-nessma-tv-l-onde-de-choc-n-est-pas-pres-de-s-arreter","status":"publish","type":"post","link":"https:\/\/www.webdo.tn\/fr\/actualite\/national\/affaire-nessma-tv-l-onde-de-choc-n-est-pas-pres-de-s-arreter\/172522\/","title":{"rendered":"Affaire Nessma TV\u00a0: l\u2019onde de choc n\u2019est pas pr\u00e8s de s\u2019arr\u00eater ?"},"content":{"rendered":"<p>A quelques jours du grand rendez-vous du 23 octobre, date de l\u2019\u00e9lection de l\u2019Assembl\u00e9e Constituante, le pays ne semble pas encore se relever  du choc provoqu\u00e9 par la projection de \u00ab\u00a0Pers\u00e9polis\u00a0\u00bb, le film de Marjane Satrapi. La direction n\u2019a certainement pas mesur\u00e9 le risque d\u2019une programmation qui allait mettre le feu aux poudres. Contre toute attente\u00a0? Il faut \u00eatre na\u00eff pour le croire\u2026 Une vague d\u2019indignation a vite vu le jour et a donn\u00e9 lieu \u00e0 des manifestations hostiles \u00e0 l\u2019encontre de Nabil Karoui, le PDG de la cha\u00eene priv\u00e9e.<\/p>\n<p>Au c\u0153ur de la pol\u00e9mique, une sc\u00e8ne figurant la divinit\u00e9 a ostensiblement offusqu\u00e9 la foi de beaucoup de Tunisiens. Si une majorit\u00e9 n\u2019a nullement appr\u00e9ci\u00e9 cette projection tout en restant silencieuse, si certains ont, au nom de la libert\u00e9 de cr\u00e9ation, d\u00e9fendu la cha\u00eene incrimin\u00e9e, en revanche un groupuscule extr\u00e9miste a r\u00e9agi par la violence prof\u00e9rant m\u00eame des menaces envers Nabil Karoui. Sous aucun pr\u00e9texte on ne peut admettre ces comportements d\u2019un autre \u00e2ge. Fait \u00e9tonnant, soit dit en passant, l\u2019absence ou la timidit\u00e9 des formations politiques pour condamner la violence. Toujours est-il que l\u2019onde de choc s\u2019est propag\u00e9e \u00e0 une vitesse vertigineuse \u00e0 telle enseigne que dans les quatre coins du pays des voix se sont \u00e9lev\u00e9es pour dire \u00e0 l\u2019unisson leur indignation.<\/p>\n<p>Face \u00e0 cette mont\u00e9e de manifestations qui pointent du doigt Nessma TV, son PDG n\u2019a pas tard\u00e9 \u00e0 faire amende honorable, la voix visiblement tremblante, \u00e0 tout le peuple tunisien et maghr\u00e9bin. Peine perdue si l\u2019on en juge par la recrudescence d\u2019une violence exacerb\u00e9e.<\/p>\n<p>Nullement satisfaits par les excuses publiques jug\u00e9es inutiles, quelques fanatiques ont mis le feu mercredi soir \u00e0 deux voitures devant la maison de Nabil Karoui. Et ce n\u2019est pas tout\u00a0: un groupe d\u2019avocats a port\u00e9 plainte contre la cha\u00eene pour \u00ab\u00a0offense envers les cultes\u00a0\u00bb engendrant l\u2019ouverture d\u2019une enqu\u00eate judiciaire. Les choses n\u2019allaient pas s\u2019arr\u00eater l\u00e0. Hier, vendredi elles ont pris une tournure dramatique. La pri\u00e8re de vendredi a donn\u00e9 lieu \u00e0 deux types de pr\u00eache sur la controverse\u00a0: attitude  ferme et tol\u00e9rante d\u2019une part, discours agressifs d\u2019autre part. Dans la foul\u00e9e des manifestations \u00e0 Tunis d\u2019abord d\u00e9roul\u00e9es dans le calme pour tourner apr\u00e8s dans la confrontation avec la police \u00e0 coup de jets de pierres et d\u2019utilisation de bombes lacrymog\u00e8nes. R\u00e9sultat\u00a0: beaucoup de bless\u00e9s plus ou moins graves et des arrestations. Le clou du spectacle affligeant sera l\u2019attaque dans la soir\u00e9e du domicile de Nabil Karoui o\u00f9 un groupe d\u2019obscurantistes d\u00e9cha\u00een\u00e9s a mis le feu dans la maison du PDG de Nessma heureusement vide. Acte \u00e9minemment grave et que rien ne saurait justifier. Et comme si cela n\u2019\u00e9tait pas suffisant, voil\u00e0 que tard dans la nuit, un incendie s\u2019est d\u00e9clar\u00e9 \u00e0 Jbel Boukornine et pr\u00e8s de la localit\u00e9 de Mornag. Dieu merci, les pompiers de la protection civile ont su r\u00e9agir \u00e0 temps. Y a-t-il un rapport de cause \u00e0 effet\u00a0? Rien n\u2019est moins s\u00fbr. Toujours est-il que quelques personnes malveillantes aux sombres arri\u00e8res pens\u00e9es saisissent ces troubles pour plonger le pays dans le chaos.<\/p>\n<p>Deux remarques s\u2019imposent\u00a0: \u00e0 coup s\u00fbr, ces \u00e9v\u00e9nements sont de nature \u00e0 envenimer la campagne \u00e9lectorale. Les chantres de la libert\u00e9 ne doivent pas oublier que dans un  processus d\u2019apprentissage de la d\u00e9mocratie, il serait aberrant de tout avoir tout de suite. C\u2019est faux de croire que la libert\u00e9 est absolue. Parall\u00e8lement, les fanatiques religieux doivent se rappeler que l\u2019Etat de droit ne saurait accepter les d\u00e9bordements et autres violences moyen\u00e2geuses. Ceux qui p\u00e9rorent dans les d\u00e9bats t\u00e9l\u00e9vis\u00e9s accusant Ennahdha de fomenter l\u2019escalade de la violence, ignorent qu\u2019ils ne font ainsi que mettre de l\u2019huile sur le feu. Seule une enqu\u00eate pourra faire la lumi\u00e8re sur ces incidents.<\/p>\n<p>Tout en d\u00e9plorant les graves incivilit\u00e9s, on ne peut occulter la l\u00e9g\u00e8ret\u00e9 un tantinet provocatrice d\u2019une cha\u00eene qui  gagne \u00e0 \u00eatre plus impartiale dans les d\u00e9bats, \u00e0 un moment crucial de la transition domin\u00e9e par les tensions et la chert\u00e9 de la vie. A dire vrai dans cette pol\u00e9mique, la question ne porte pas sur la libert\u00e9 de cr\u00e9ation. Le d\u00e9bat qui a suivi la diffusion du film n\u2019a fait que l\u2019effleurer.<\/p>\n","protected":false},"excerpt":{"rendered":"<p>Affaire Nessma TV\u00a0: l\u2019onde de choc n\u2019est pas pr\u00e8s de s\u2019arr\u00eater ?<\/p>\n","protected":false},"author":3222,"featured_media":333979,"comment_status":"open","ping_status":"closed","sticky":false,"template":"","format":"standard","meta":{"footnotes":""},"categories":[44],"tags":[],"class_list":["post-172522","post","type-post","status-publish","format-standard","has-post-thumbnail","hentry","category-national"],"yoast_head":"<!-- This site is optimized with the Yoast SEO Premium plugin v27.5 (Yoast SEO v27.5) - https:\/\/yoast.com\/product\/yoast-seo-premium-wordpress\/ -->\n<title>Affaire Nessma TV\u00a0: l\u2019onde de choc n\u2019est pas pr\u00e8s de s\u2019arr\u00eater ?<\/title>\n<meta name=\"description\" content=\"Affaire Nessma TV\u00a0: l\u2019onde de choc n\u2019est pas pr\u00e8s de s\u2019arr\u00eater ?\" \/>\n<link rel=\"canonical\" href=\"https:\/\/www.webdo.tn\/fr\/actualite\/national\/affaire-nessma-tv-l-onde-de-choc-n-est-pas-pres-de-s-arreter\/172522\/\" \/>\n<meta property=\"og:locale\" content=\"fr_FR\" \/>\n<meta property=\"og:type\" content=\"article\" \/>\n<meta property=\"og:title\" content=\"Affaire Nessma TV\u00a0: l\u2019onde de choc n\u2019est pas pr\u00e8s de s\u2019arr\u00eater ?\" \/>\n<meta property=\"og:description\" content=\"Affaire Nessma TV\u00a0: l\u2019onde de choc n\u2019est pas pr\u00e8s de s\u2019arr\u00eater ?\" \/>\n<meta property=\"og:url\" content=\"https:\/\/www.webdo.tn\/fr\/actualite\/national\/affaire-nessma-tv-l-onde-de-choc-n-est-pas-pres-de-s-arreter\/172522\/\" \/>\n<meta property=\"og:site_name\" content=\"webdo\" \/>\n<meta property=\"article:publisher\" content=\"https:\/\/www.facebook.com\/webdotn\" \/>\n<meta property=\"article:published_time\" content=\"2011-10-15T17:13:00+00:00\" \/>\n<meta property=\"article:modified_time\" content=\"2025-06-04T19:05:55+00:00\" \/>\n<meta property=\"og:image\" content=\"https:\/\/www.webdo.tn\/fr\/wp-content\/uploads\/2011\/10\/Nessma-Tv.jpg\" \/>\n\t<meta property=\"og:image:width\" content=\"200\" \/>\n\t<meta property=\"og:image:height\" content=\"200\" \/>\n\t<meta property=\"og:image:type\" content=\"image\/jpeg\" \/>\n<meta name=\"author\" content=\"webdo.tn\" \/>\n<meta name=\"twitter:card\" content=\"summary_large_image\" \/>\n<meta name=\"twitter:creator\" content=\"@webdo_tn\" \/>\n<meta name=\"twitter:site\" content=\"@webdo_tn\" \/>\n<meta name=\"twitter:label1\" content=\"\u00c9crit par\" \/>\n\t<meta name=\"twitter:data1\" content=\"webdo.tn\" \/>\n\t<meta name=\"twitter:label2\" content=\"Dur\u00e9e de lecture estim\u00e9e\" \/>\n\t<meta name=\"twitter:data2\" content=\"4 minutes\" \/>\n<script type=\"application\/ld+json\" class=\"yoast-schema-graph\">{\"@context\":\"https:\\\/\\\/schema.org\",\"@graph\":[{\"@type\":\"NewsArticle\",\"@id\":\"https:\\\/\\\/www.webdo.tn\\\/fr\\\/actualite\\\/national\\\/affaire-nessma-tv-l-onde-de-choc-n-est-pas-pres-de-s-arreter\\\/172522\\\/#article\",\"isPartOf\":{\"@id\":\"https:\\\/\\\/www.webdo.tn\\\/fr\\\/actualite\\\/national\\\/affaire-nessma-tv-l-onde-de-choc-n-est-pas-pres-de-s-arreter\\\/172522\\\/\"},\"author\":{\"name\":\"webdo.tn\",\"@id\":\"https:\\\/\\\/www.webdo.tn\\\/fr\\\/#\\\/schema\\\/person\\\/9a9c6118d687c117df8ef3cc36a4d175\"},\"headline\":\"Affaire Nessma TV\u00a0: l\u2019onde de choc n\u2019est pas pr\u00e8s de s\u2019arr\u00eater ?\",\"datePublished\":\"2011-10-15T17:13:00+00:00\",\"dateModified\":\"2025-06-04T19:05:55+00:00\",\"mainEntityOfPage\":{\"@id\":\"https:\\\/\\\/www.webdo.tn\\\/fr\\\/actualite\\\/national\\\/affaire-nessma-tv-l-onde-de-choc-n-est-pas-pres-de-s-arreter\\\/172522\\\/\"},\"wordCount\":789,\"commentCount\":0,\"publisher\":{\"@id\":\"https:\\\/\\\/www.webdo.tn\\\/fr\\\/#organization\"},\"image\":{\"@id\":\"https:\\\/\\\/www.webdo.tn\\\/fr\\\/actualite\\\/national\\\/affaire-nessma-tv-l-onde-de-choc-n-est-pas-pres-de-s-arreter\\\/172522\\\/#primaryimage\"},\"thumbnailUrl\":\"https:\\\/\\\/www.webdo.tn\\\/fr\\\/wp-content\\\/uploads\\\/2011\\\/10\\\/Nessma-Tv.jpg\",\"articleSection\":[\"National\"],\"inLanguage\":\"fr-FR\"},{\"@type\":\"WebPage\",\"@id\":\"https:\\\/\\\/www.webdo.tn\\\/fr\\\/actualite\\\/national\\\/affaire-nessma-tv-l-onde-de-choc-n-est-pas-pres-de-s-arreter\\\/172522\\\/\",\"url\":\"https:\\\/\\\/www.webdo.tn\\\/fr\\\/actualite\\\/national\\\/affaire-nessma-tv-l-onde-de-choc-n-est-pas-pres-de-s-arreter\\\/172522\\\/\",\"name\":\"Affaire Nessma TV\u00a0: l\u2019onde de choc n\u2019est pas pr\u00e8s de s\u2019arr\u00eater ?\",\"isPartOf\":{\"@id\":\"https:\\\/\\\/www.webdo.tn\\\/fr\\\/#website\"},\"primaryImageOfPage\":{\"@id\":\"https:\\\/\\\/www.webdo.tn\\\/fr\\\/actualite\\\/national\\\/affaire-nessma-tv-l-onde-de-choc-n-est-pas-pres-de-s-arreter\\\/172522\\\/#primaryimage\"},\"image\":{\"@id\":\"https:\\\/\\\/www.webdo.tn\\\/fr\\\/actualite\\\/national\\\/affaire-nessma-tv-l-onde-de-choc-n-est-pas-pres-de-s-arreter\\\/172522\\\/#primaryimage\"},\"thumbnailUrl\":\"https:\\\/\\\/www.webdo.tn\\\/fr\\\/wp-content\\\/uploads\\\/2011\\\/10\\\/Nessma-Tv.jpg\",\"datePublished\":\"2011-10-15T17:13:00+00:00\",\"dateModified\":\"2025-06-04T19:05:55+00:00\",\"description\":\"Affaire Nessma TV\u00a0: l\u2019onde de choc n\u2019est pas pr\u00e8s de s\u2019arr\u00eater ?\",\"breadcrumb\":{\"@id\":\"https:\\\/\\\/www.webdo.tn\\\/fr\\\/actualite\\\/national\\\/affaire-nessma-tv-l-onde-de-choc-n-est-pas-pres-de-s-arreter\\\/172522\\\/#breadcrumb\"},\"inLanguage\":\"fr-FR\",\"potentialAction\":[{\"@type\":\"ReadAction\",\"target\":[\"https:\\\/\\\/www.webdo.tn\\\/fr\\\/actualite\\\/national\\\/affaire-nessma-tv-l-onde-de-choc-n-est-pas-pres-de-s-arreter\\\/172522\\\/\"]}]},{\"@type\":\"ImageObject\",\"inLanguage\":\"fr-FR\",\"@id\":\"https:\\\/\\\/www.webdo.tn\\\/fr\\\/actualite\\\/national\\\/affaire-nessma-tv-l-onde-de-choc-n-est-pas-pres-de-s-arreter\\\/172522\\\/#primaryimage\",\"url\":\"https:\\\/\\\/www.webdo.tn\\\/fr\\\/wp-content\\\/uploads\\\/2011\\\/10\\\/Nessma-Tv.jpg\",\"contentUrl\":\"https:\\\/\\\/www.webdo.tn\\\/fr\\\/wp-content\\\/uploads\\\/2011\\\/10\\\/Nessma-Tv.jpg\",\"width\":200,\"height\":200,\"caption\":\"Affaire Nessma TV\u00a0: l\u2019onde de choc n\u2019est pas pr\u00e8s de s\u2019arr\u00eater ?\"},{\"@type\":\"BreadcrumbList\",\"@id\":\"https:\\\/\\\/www.webdo.tn\\\/fr\\\/actualite\\\/national\\\/affaire-nessma-tv-l-onde-de-choc-n-est-pas-pres-de-s-arreter\\\/172522\\\/#breadcrumb\",\"itemListElement\":[{\"@type\":\"ListItem\",\"position\":1,\"name\":\"Accueil\",\"item\":\"https:\\\/\\\/www.webdo.tn\\\/fr\\\/\"},{\"@type\":\"ListItem\",\"position\":2,\"name\":\"Affaire Nessma TV\u00a0: l\u2019onde de choc n\u2019est pas pr\u00e8s de s\u2019arr\u00eater ?\"}]},{\"@type\":\"WebSite\",\"@id\":\"https:\\\/\\\/www.webdo.tn\\\/fr\\\/#website\",\"url\":\"https:\\\/\\\/www.webdo.tn\\\/fr\\\/\",\"name\":\"webdo\",\"description\":\"Tunisie - News en Tunisie et \u00e0 l&#039;international sur Webdo.tn\",\"publisher\":{\"@id\":\"https:\\\/\\\/www.webdo.tn\\\/fr\\\/#organization\"},\"potentialAction\":[{\"@type\":\"SearchAction\",\"target\":{\"@type\":\"EntryPoint\",\"urlTemplate\":\"https:\\\/\\\/www.webdo.tn\\\/fr\\\/?s={search_term_string}\"},\"query-input\":{\"@type\":\"PropertyValueSpecification\",\"valueRequired\":true,\"valueName\":\"search_term_string\"}}],\"inLanguage\":\"fr-FR\"},{\"@type\":\"Organization\",\"@id\":\"https:\\\/\\\/www.webdo.tn\\\/fr\\\/#organization\",\"name\":\"Webdo\",\"alternateName\":\"Webdo.tn\",\"url\":\"https:\\\/\\\/www.webdo.tn\\\/fr\\\/\",\"logo\":{\"@type\":\"ImageObject\",\"inLanguage\":\"fr-FR\",\"@id\":\"https:\\\/\\\/www.webdo.tn\\\/fr\\\/#\\\/schema\\\/logo\\\/image\\\/\",\"url\":\"https:\\\/\\\/www.webdo.tn\\\/fr\\\/wp-content\\\/uploads\\\/2025\\\/06\\\/Webdo-Tunisie_168377.jpg\",\"contentUrl\":\"https:\\\/\\\/www.webdo.tn\\\/fr\\\/wp-content\\\/uploads\\\/2025\\\/06\\\/Webdo-Tunisie_168377.jpg\",\"width\":301,\"height\":301,\"caption\":\"Webdo\"},\"image\":{\"@id\":\"https:\\\/\\\/www.webdo.tn\\\/fr\\\/#\\\/schema\\\/logo\\\/image\\\/\"},\"sameAs\":[\"https:\\\/\\\/www.facebook.com\\\/webdotn\",\"https:\\\/\\\/x.com\\\/webdo_tn\"],\"description\":\"Webdo est un m\u00e9dia num\u00e9rique tunisien fond\u00e9 en 2010, sp\u00e9cialis\u00e9 dans l\u2019actualit\u00e9 nationale et internationale, l\u2019\u00e9conomie, la soci\u00e9t\u00e9 et les analyses politiques. Le site s\u2019adresse \u00e0 un large public francophone et couvre l\u2019information tunisienne en temps r\u00e9el.\",\"email\":\"redac@webdo.tn\",\"legalName\":\"YNJ SARL\",\"foundingDate\":\"2010-09-06\",\"numberOfEmployees\":{\"@type\":\"QuantitativeValue\",\"minValue\":\"11\",\"maxValue\":\"50\"}},{\"@type\":\"Person\",\"@id\":\"https:\\\/\\\/www.webdo.tn\\\/fr\\\/#\\\/schema\\\/person\\\/9a9c6118d687c117df8ef3cc36a4d175\",\"name\":\"webdo.tn\",\"image\":{\"@type\":\"ImageObject\",\"inLanguage\":\"fr-FR\",\"@id\":\"https:\\\/\\\/secure.gravatar.com\\\/avatar\\\/7ce1f28c0c3bbac99ff550b85ef8e44a6950c6ee24514fb6a5489e51d06f0298?s=96&d=mm&r=g\",\"url\":\"https:\\\/\\\/secure.gravatar.com\\\/avatar\\\/7ce1f28c0c3bbac99ff550b85ef8e44a6950c6ee24514fb6a5489e51d06f0298?s=96&d=mm&r=g\",\"contentUrl\":\"https:\\\/\\\/secure.gravatar.com\\\/avatar\\\/7ce1f28c0c3bbac99ff550b85ef8e44a6950c6ee24514fb6a5489e51d06f0298?s=96&d=mm&r=g\",\"caption\":\"webdo.tn\"},\"url\":\"https:\\\/\\\/www.webdo.tn\\\/fr\\\/actualite\\\/author\\\/webdotn\\\/\"}]}<\/script>\n<!-- \/ Yoast SEO Premium plugin. -->","yoast_head_json":{"title":"Affaire Nessma TV\u00a0: l\u2019onde de choc n\u2019est pas pr\u00e8s de s\u2019arr\u00eater ?","description":"Affaire Nessma TV\u00a0: l\u2019onde de choc n\u2019est pas pr\u00e8s de s\u2019arr\u00eater ?","canonical":"https:\/\/www.webdo.tn\/fr\/actualite\/national\/affaire-nessma-tv-l-onde-de-choc-n-est-pas-pres-de-s-arreter\/172522\/","og_locale":"fr_FR","og_type":"article","og_title":"Affaire Nessma TV\u00a0: l\u2019onde de choc n\u2019est pas pr\u00e8s de s\u2019arr\u00eater ?","og_description":"Affaire Nessma TV\u00a0: l\u2019onde de choc n\u2019est pas pr\u00e8s de s\u2019arr\u00eater ?","og_url":"https:\/\/www.webdo.tn\/fr\/actualite\/national\/affaire-nessma-tv-l-onde-de-choc-n-est-pas-pres-de-s-arreter\/172522\/","og_site_name":"webdo","article_publisher":"https:\/\/www.facebook.com\/webdotn","article_published_time":"2011-10-15T17:13:00+00:00","article_modified_time":"2025-06-04T19:05:55+00:00","og_image":[{"width":200,"height":200,"url":"https:\/\/www.webdo.tn\/fr\/wp-content\/uploads\/2011\/10\/Nessma-Tv.jpg","type":"image\/jpeg"}],"author":"webdo.tn","twitter_card":"summary_large_image","twitter_creator":"@webdo_tn","twitter_site":"@webdo_tn","twitter_misc":{"\u00c9crit par":"webdo.tn","Dur\u00e9e de lecture estim\u00e9e":"4 minutes"},"schema":{"@context":"https:\/\/schema.org","@graph":[{"@type":"NewsArticle","@id":"https:\/\/www.webdo.tn\/fr\/actualite\/national\/affaire-nessma-tv-l-onde-de-choc-n-est-pas-pres-de-s-arreter\/172522\/#article","isPartOf":{"@id":"https:\/\/www.webdo.tn\/fr\/actualite\/national\/affaire-nessma-tv-l-onde-de-choc-n-est-pas-pres-de-s-arreter\/172522\/"},"author":{"name":"webdo.tn","@id":"https:\/\/www.webdo.tn\/fr\/#\/schema\/person\/9a9c6118d687c117df8ef3cc36a4d175"},"headline":"Affaire Nessma TV\u00a0: l\u2019onde de choc n\u2019est pas pr\u00e8s de s\u2019arr\u00eater ?","datePublished":"2011-10-15T17:13:00+00:00","dateModified":"2025-06-04T19:05:55+00:00","mainEntityOfPage":{"@id":"https:\/\/www.webdo.tn\/fr\/actualite\/national\/affaire-nessma-tv-l-onde-de-choc-n-est-pas-pres-de-s-arreter\/172522\/"},"wordCount":789,"commentCount":0,"publisher":{"@id":"https:\/\/www.webdo.tn\/fr\/#organization"},"image":{"@id":"https:\/\/www.webdo.tn\/fr\/actualite\/national\/affaire-nessma-tv-l-onde-de-choc-n-est-pas-pres-de-s-arreter\/172522\/#primaryimage"},"thumbnailUrl":"https:\/\/www.webdo.tn\/fr\/wp-content\/uploads\/2011\/10\/Nessma-Tv.jpg","articleSection":["National"],"inLanguage":"fr-FR"},{"@type":"WebPage","@id":"https:\/\/www.webdo.tn\/fr\/actualite\/national\/affaire-nessma-tv-l-onde-de-choc-n-est-pas-pres-de-s-arreter\/172522\/","url":"https:\/\/www.webdo.tn\/fr\/actualite\/national\/affaire-nessma-tv-l-onde-de-choc-n-est-pas-pres-de-s-arreter\/172522\/","name":"Affaire Nessma TV\u00a0: l\u2019onde de choc n\u2019est pas pr\u00e8s de s\u2019arr\u00eater ?","isPartOf":{"@id":"https:\/\/www.webdo.tn\/fr\/#website"},"primaryImageOfPage":{"@id":"https:\/\/www.webdo.tn\/fr\/actualite\/national\/affaire-nessma-tv-l-onde-de-choc-n-est-pas-pres-de-s-arreter\/172522\/#primaryimage"},"image":{"@id":"https:\/\/www.webdo.tn\/fr\/actualite\/national\/affaire-nessma-tv-l-onde-de-choc-n-est-pas-pres-de-s-arreter\/172522\/#primaryimage"},"thumbnailUrl":"https:\/\/www.webdo.tn\/fr\/wp-content\/uploads\/2011\/10\/Nessma-Tv.jpg","datePublished":"2011-10-15T17:13:00+00:00","dateModified":"2025-06-04T19:05:55+00:00","description":"Affaire Nessma TV\u00a0: l\u2019onde de choc n\u2019est pas pr\u00e8s de s\u2019arr\u00eater ?","breadcrumb":{"@id":"https:\/\/www.webdo.tn\/fr\/actualite\/national\/affaire-nessma-tv-l-onde-de-choc-n-est-pas-pres-de-s-arreter\/172522\/#breadcrumb"},"inLanguage":"fr-FR","potentialAction":[{"@type":"ReadAction","target":["https:\/\/www.webdo.tn\/fr\/actualite\/national\/affaire-nessma-tv-l-onde-de-choc-n-est-pas-pres-de-s-arreter\/172522\/"]}]},{"@type":"ImageObject","inLanguage":"fr-FR","@id":"https:\/\/www.webdo.tn\/fr\/actualite\/national\/affaire-nessma-tv-l-onde-de-choc-n-est-pas-pres-de-s-arreter\/172522\/#primaryimage","url":"https:\/\/www.webdo.tn\/fr\/wp-content\/uploads\/2011\/10\/Nessma-Tv.jpg","contentUrl":"https:\/\/www.webdo.tn\/fr\/wp-content\/uploads\/2011\/10\/Nessma-Tv.jpg","width":200,"height":200,"caption":"Affaire Nessma TV\u00a0: l\u2019onde de choc n\u2019est pas pr\u00e8s de s\u2019arr\u00eater ?"},{"@type":"BreadcrumbList","@id":"https:\/\/www.webdo.tn\/fr\/actualite\/national\/affaire-nessma-tv-l-onde-de-choc-n-est-pas-pres-de-s-arreter\/172522\/#breadcrumb","itemListElement":[{"@type":"ListItem","position":1,"name":"Accueil","item":"https:\/\/www.webdo.tn\/fr\/"},{"@type":"ListItem","position":2,"name":"Affaire Nessma TV\u00a0: l\u2019onde de choc n\u2019est pas pr\u00e8s de s\u2019arr\u00eater ?"}]},{"@type":"WebSite","@id":"https:\/\/www.webdo.tn\/fr\/#website","url":"https:\/\/www.webdo.tn\/fr\/","name":"webdo","description":"Tunisie - News en Tunisie et \u00e0 l&#039;international sur Webdo.tn","publisher":{"@id":"https:\/\/www.webdo.tn\/fr\/#organization"},"potentialAction":[{"@type":"SearchAction","target":{"@type":"EntryPoint","urlTemplate":"https:\/\/www.webdo.tn\/fr\/?s={search_term_string}"},"query-input":{"@type":"PropertyValueSpecification","valueRequired":true,"valueName":"search_term_string"}}],"inLanguage":"fr-FR"},{"@type":"Organization","@id":"https:\/\/www.webdo.tn\/fr\/#organization","name":"Webdo","alternateName":"Webdo.tn","url":"https:\/\/www.webdo.tn\/fr\/","logo":{"@type":"ImageObject","inLanguage":"fr-FR","@id":"https:\/\/www.webdo.tn\/fr\/#\/schema\/logo\/image\/","url":"https:\/\/www.webdo.tn\/fr\/wp-content\/uploads\/2025\/06\/Webdo-Tunisie_168377.jpg","contentUrl":"https:\/\/www.webdo.tn\/fr\/wp-content\/uploads\/2025\/06\/Webdo-Tunisie_168377.jpg","width":301,"height":301,"caption":"Webdo"},"image":{"@id":"https:\/\/www.webdo.tn\/fr\/#\/schema\/logo\/image\/"},"sameAs":["https:\/\/www.facebook.com\/webdotn","https:\/\/x.com\/webdo_tn"],"description":"Webdo est un m\u00e9dia num\u00e9rique tunisien fond\u00e9 en 2010, sp\u00e9cialis\u00e9 dans l\u2019actualit\u00e9 nationale et internationale, l\u2019\u00e9conomie, la soci\u00e9t\u00e9 et les analyses politiques. Le site s\u2019adresse \u00e0 un large public francophone et couvre l\u2019information tunisienne en temps r\u00e9el.","email":"redac@webdo.tn","legalName":"YNJ SARL","foundingDate":"2010-09-06","numberOfEmployees":{"@type":"QuantitativeValue","minValue":"11","maxValue":"50"}},{"@type":"Person","@id":"https:\/\/www.webdo.tn\/fr\/#\/schema\/person\/9a9c6118d687c117df8ef3cc36a4d175","name":"webdo.tn","image":{"@type":"ImageObject","inLanguage":"fr-FR","@id":"https:\/\/secure.gravatar.com\/avatar\/7ce1f28c0c3bbac99ff550b85ef8e44a6950c6ee24514fb6a5489e51d06f0298?s=96&d=mm&r=g","url":"https:\/\/secure.gravatar.com\/avatar\/7ce1f28c0c3bbac99ff550b85ef8e44a6950c6ee24514fb6a5489e51d06f0298?s=96&d=mm&r=g","contentUrl":"https:\/\/secure.gravatar.com\/avatar\/7ce1f28c0c3bbac99ff550b85ef8e44a6950c6ee24514fb6a5489e51d06f0298?s=96&d=mm&r=g","caption":"webdo.tn"},"url":"https:\/\/www.webdo.tn\/fr\/actualite\/author\/webdotn\/"}]}},"_links":{"self":[{"href":"https:\/\/www.webdo.tn\/fr\/wp-json\/wp\/v2\/posts\/172522","targetHints":{"allow":["GET"]}}],"collection":[{"href":"https:\/\/www.webdo.tn\/fr\/wp-json\/wp\/v2\/posts"}],"about":[{"href":"https:\/\/www.webdo.tn\/fr\/wp-json\/wp\/v2\/types\/post"}],"author":[{"embeddable":true,"href":"https:\/\/www.webdo.tn\/fr\/wp-json\/wp\/v2\/users\/3222"}],"replies":[{"embeddable":true,"href":"https:\/\/www.webdo.tn\/fr\/wp-json\/wp\/v2\/comments?post=172522"}],"version-history":[{"count":0,"href":"https:\/\/www.webdo.tn\/fr\/wp-json\/wp\/v2\/posts\/172522\/revisions"}],"wp:featuredmedia":[{"embeddable":true,"href":"https:\/\/www.webdo.tn\/fr\/wp-json\/wp\/v2\/media\/333979"}],"wp:attachment":[{"href":"https:\/\/www.webdo.tn\/fr\/wp-json\/wp\/v2\/media?parent=172522"}],"wp:term":[{"taxonomy":"category","embeddable":true,"href":"https:\/\/www.webdo.tn\/fr\/wp-json\/wp\/v2\/categories?post=172522"},{"taxonomy":"post_tag","embeddable":true,"href":"https:\/\/www.webdo.tn\/fr\/wp-json\/wp\/v2\/tags?post=172522"}],"curies":[{"name":"wp","href":"https:\/\/api.w.org\/{rel}","templated":true}]}}