{"id":172521,"date":"2011-10-16T11:57:00","date_gmt":"2011-10-16T11:57:00","guid":{"rendered":"https:\/\/www.webdo.tn\/fr\/blog\/sarra-besbes-refuse-de-croiser-le-fer-avec-une-israelienne-la-reaction-d-un-site-israelien\/172521\/"},"modified":"2025-06-04T19:05:52","modified_gmt":"2025-06-04T19:05:52","slug":"sarra-besbes-refuse-de-croiser-le-fer-avec-une-israelienne-la-reaction-d-un-site-israelien","status":"publish","type":"post","link":"https:\/\/www.webdo.tn\/fr\/actualite\/national\/sarra-besbes-refuse-de-croiser-le-fer-avec-une-israelienne-la-reaction-d-un-site-israelien\/172521\/","title":{"rendered":"Sarra Besb\u00e8s refuse de croiser le fer avec une Isra\u00e9lienne : la r\u00e9action d\u2019un site isra\u00e9lien"},"content":{"rendered":"<p>Tout le monde se souvient du geste de Sarra Besb\u00e8s ce 10 octobre 20011 \u00e0 Catane (Italie) lors des championnats du monde d\u2019escrime. Ce jour-l\u00e0, la jeune escrimeuse tunisienne a renonc\u00e9 d\u2019affronter son adversaire pour la simple raison qu\u2019elle est juive isra\u00e9lienne. C\u2019est une attitude qui peut provoquer la compr\u00e9hension comme l\u2019indignation. L\u00e0 n\u2019est pas la question.<\/p>\n<p>Ce qui attire l\u2019attention dans cette affaire, c\u2019est la r\u00e9action d\u2019un site isra\u00e9lien JSSNews.com. Quelle n\u2019a pas \u00e9t\u00e9 la surprise en apprenant selon ce site que le renoncement de Sarra besb\u00e8s est dict\u00e9 par une attitude \u00ab islamiste \u00bb. Grave amalgame qui d\u00e9note d\u2019une confusion totale et qui va jusqu\u2019\u00e0 qualifier le geste de Sarra besb\u00e8s d\u2019un \u00ab syndrome hideux du Printemps arabe \u00bb. L\u2019auteur semble oublier que la R\u00e9volution du 14 janvier 2011 n\u2019a \u00e9t\u00e9 d\u00e9clench\u00e9e par aucune id\u00e9ologie.<\/p>\n<p>C\u2019est seulement au nom de la libert\u00e9 et de la dignit\u00e9 que les Tunisiens se sont soulev\u00e9s contre la dictature. La R\u00e9volution tunisienne n\u2019a rien \u00e0 voir avec l\u2019islamisme et la rapprocher avec la R\u00e9publique iranienne r\u00e9v\u00e8le une erreur de perception et d\u2019appr\u00e9ciation fausse et dangereuse.<\/p>\n<p>Si tant est que le refus de Sarra Besb\u00e8s rel\u00e8ve d\u2019une d\u00e9cision du minist\u00e8re de tutelle, il faut pr\u00e9ciser que le gouvernement actuel est aux antipodes de l\u2019id\u00e9ologie islamiste.<\/p>\n","protected":false},"excerpt":{"rendered":"<p>Sarra Besb\u00e8s refuse de croiser le fer avec une Isra\u00e9lienne : la r\u00e9action d\u2019un site isra\u00e9lien <\/p>\n","protected":false},"author":3222,"featured_media":374634,"comment_status":"open","ping_status":"closed","sticky":false,"template":"","format":"standard","meta":{"footnotes":""},"categories":[44],"tags":[],"class_list":["post-172521","post","type-post","status-publish","format-standard","has-post-thumbnail","hentry","category-national"],"yoast_head":"<!-- This site is optimized with the Yoast SEO Premium plugin v27.5 (Yoast SEO v27.5) - https:\/\/yoast.com\/product\/yoast-seo-premium-wordpress\/ -->\n<title>Sarra Besb\u00e8s refuse de croiser le fer avec une Isra\u00e9lienne : la r\u00e9action d\u2019un site isra\u00e9lien<\/title>\n<meta name=\"description\" content=\"Sarra Besb\u00e8s refuse de croiser le fer avec une Isra\u00e9lienne : la r\u00e9action d\u2019un site isra\u00e9lien\" \/>\n<link rel=\"canonical\" href=\"https:\/\/www.webdo.tn\/fr\/actualite\/national\/sarra-besbes-refuse-de-croiser-le-fer-avec-une-israelienne-la-reaction-d-un-site-israelien\/172521\/\" \/>\n<meta property=\"og:locale\" content=\"fr_FR\" \/>\n<meta property=\"og:type\" content=\"article\" \/>\n<meta property=\"og:title\" content=\"Sarra Besb\u00e8s refuse de croiser le fer avec une Isra\u00e9lienne : la r\u00e9action d\u2019un site isra\u00e9lien\" \/>\n<meta property=\"og:description\" content=\"Sarra Besb\u00e8s refuse de croiser le fer avec une Isra\u00e9lienne : la r\u00e9action d\u2019un site isra\u00e9lien\" \/>\n<meta property=\"og:url\" content=\"https:\/\/www.webdo.tn\/fr\/actualite\/national\/sarra-besbes-refuse-de-croiser-le-fer-avec-une-israelienne-la-reaction-d-un-site-israelien\/172521\/\" \/>\n<meta property=\"og:site_name\" content=\"webdo\" \/>\n<meta property=\"article:publisher\" content=\"https:\/\/www.facebook.com\/webdotn\" \/>\n<meta property=\"article:published_time\" content=\"2011-10-16T11:57:00+00:00\" \/>\n<meta property=\"article:modified_time\" content=\"2025-06-04T19:05:52+00:00\" \/>\n<meta name=\"author\" content=\"webdo.tn\" \/>\n<meta name=\"twitter:card\" content=\"summary_large_image\" \/>\n<meta name=\"twitter:creator\" content=\"@webdo_tn\" \/>\n<meta name=\"twitter:site\" content=\"@webdo_tn\" \/>\n<meta name=\"twitter:label1\" content=\"\u00c9crit par\" \/>\n\t<meta name=\"twitter:data1\" content=\"webdo.tn\" \/>\n\t<meta name=\"twitter:label2\" content=\"Dur\u00e9e de lecture estim\u00e9e\" \/>\n\t<meta name=\"twitter:data2\" content=\"1 minute\" \/>\n<script type=\"application\/ld+json\" class=\"yoast-schema-graph\">{\"@context\":\"https:\\\/\\\/schema.org\",\"@graph\":[{\"@type\":\"NewsArticle\",\"@id\":\"https:\\\/\\\/www.webdo.tn\\\/fr\\\/actualite\\\/national\\\/sarra-besbes-refuse-de-croiser-le-fer-avec-une-israelienne-la-reaction-d-un-site-israelien\\\/172521\\\/#article\",\"isPartOf\":{\"@id\":\"https:\\\/\\\/www.webdo.tn\\\/fr\\\/actualite\\\/national\\\/sarra-besbes-refuse-de-croiser-le-fer-avec-une-israelienne-la-reaction-d-un-site-israelien\\\/172521\\\/\"},\"author\":{\"name\":\"webdo.tn\",\"@id\":\"https:\\\/\\\/www.webdo.tn\\\/fr\\\/#\\\/schema\\\/person\\\/9a9c6118d687c117df8ef3cc36a4d175\"},\"headline\":\"Sarra Besb\u00e8s refuse de croiser le fer avec une Isra\u00e9lienne : la r\u00e9action d\u2019un site isra\u00e9lien\",\"datePublished\":\"2011-10-16T11:57:00+00:00\",\"dateModified\":\"2025-06-04T19:05:52+00:00\",\"mainEntityOfPage\":{\"@id\":\"https:\\\/\\\/www.webdo.tn\\\/fr\\\/actualite\\\/national\\\/sarra-besbes-refuse-de-croiser-le-fer-avec-une-israelienne-la-reaction-d-un-site-israelien\\\/172521\\\/\"},\"wordCount\":267,\"commentCount\":0,\"publisher\":{\"@id\":\"https:\\\/\\\/www.webdo.tn\\\/fr\\\/#organization\"},\"image\":{\"@id\":\"https:\\\/\\\/www.webdo.tn\\\/fr\\\/actualite\\\/national\\\/sarra-besbes-refuse-de-croiser-le-fer-avec-une-israelienne-la-reaction-d-un-site-israelien\\\/172521\\\/#primaryimage\"},\"thumbnailUrl\":\"https:\\\/\\\/www.webdo.tn\\\/fr\\\/wp-content\\\/uploads\\\/2025\\\/06\\\/Sarra-Besbes-photo-wmaker.net__172521.jpg\",\"articleSection\":[\"National\"],\"inLanguage\":\"fr-FR\"},{\"@type\":\"WebPage\",\"@id\":\"https:\\\/\\\/www.webdo.tn\\\/fr\\\/actualite\\\/national\\\/sarra-besbes-refuse-de-croiser-le-fer-avec-une-israelienne-la-reaction-d-un-site-israelien\\\/172521\\\/\",\"url\":\"https:\\\/\\\/www.webdo.tn\\\/fr\\\/actualite\\\/national\\\/sarra-besbes-refuse-de-croiser-le-fer-avec-une-israelienne-la-reaction-d-un-site-israelien\\\/172521\\\/\",\"name\":\"Sarra Besb\u00e8s refuse de croiser le fer avec une Isra\u00e9lienne : la r\u00e9action d\u2019un site isra\u00e9lien\",\"isPartOf\":{\"@id\":\"https:\\\/\\\/www.webdo.tn\\\/fr\\\/#website\"},\"primaryImageOfPage\":{\"@id\":\"https:\\\/\\\/www.webdo.tn\\\/fr\\\/actualite\\\/national\\\/sarra-besbes-refuse-de-croiser-le-fer-avec-une-israelienne-la-reaction-d-un-site-israelien\\\/172521\\\/#primaryimage\"},\"image\":{\"@id\":\"https:\\\/\\\/www.webdo.tn\\\/fr\\\/actualite\\\/national\\\/sarra-besbes-refuse-de-croiser-le-fer-avec-une-israelienne-la-reaction-d-un-site-israelien\\\/172521\\\/#primaryimage\"},\"thumbnailUrl\":\"https:\\\/\\\/www.webdo.tn\\\/fr\\\/wp-content\\\/uploads\\\/2025\\\/06\\\/Sarra-Besbes-photo-wmaker.net__172521.jpg\",\"datePublished\":\"2011-10-16T11:57:00+00:00\",\"dateModified\":\"2025-06-04T19:05:52+00:00\",\"description\":\"Sarra Besb\u00e8s refuse de croiser le fer avec une Isra\u00e9lienne : la r\u00e9action d\u2019un site isra\u00e9lien\",\"breadcrumb\":{\"@id\":\"https:\\\/\\\/www.webdo.tn\\\/fr\\\/actualite\\\/national\\\/sarra-besbes-refuse-de-croiser-le-fer-avec-une-israelienne-la-reaction-d-un-site-israelien\\\/172521\\\/#breadcrumb\"},\"inLanguage\":\"fr-FR\",\"potentialAction\":[{\"@type\":\"ReadAction\",\"target\":[\"https:\\\/\\\/www.webdo.tn\\\/fr\\\/actualite\\\/national\\\/sarra-besbes-refuse-de-croiser-le-fer-avec-une-israelienne-la-reaction-d-un-site-israelien\\\/172521\\\/\"]}]},{\"@type\":\"ImageObject\",\"inLanguage\":\"fr-FR\",\"@id\":\"https:\\\/\\\/www.webdo.tn\\\/fr\\\/actualite\\\/national\\\/sarra-besbes-refuse-de-croiser-le-fer-avec-une-israelienne-la-reaction-d-un-site-israelien\\\/172521\\\/#primaryimage\",\"url\":\"https:\\\/\\\/www.webdo.tn\\\/fr\\\/wp-content\\\/uploads\\\/2025\\\/06\\\/Sarra-Besbes-photo-wmaker.net__172521.jpg\",\"contentUrl\":\"https:\\\/\\\/www.webdo.tn\\\/fr\\\/wp-content\\\/uploads\\\/2025\\\/06\\\/Sarra-Besbes-photo-wmaker.net__172521.jpg\",\"width\":320,\"height\":215,\"caption\":\"Sarra Besb\u00e8s refuse de croiser le fer avec une Isra\u00e9lienne : la r\u00e9action d\u2019un site isra\u00e9lien\"},{\"@type\":\"BreadcrumbList\",\"@id\":\"https:\\\/\\\/www.webdo.tn\\\/fr\\\/actualite\\\/national\\\/sarra-besbes-refuse-de-croiser-le-fer-avec-une-israelienne-la-reaction-d-un-site-israelien\\\/172521\\\/#breadcrumb\",\"itemListElement\":[{\"@type\":\"ListItem\",\"position\":1,\"name\":\"Accueil\",\"item\":\"https:\\\/\\\/www.webdo.tn\\\/fr\\\/\"},{\"@type\":\"ListItem\",\"position\":2,\"name\":\"Sarra Besb\u00e8s refuse de croiser le fer avec une Isra\u00e9lienne : la r\u00e9action d\u2019un site isra\u00e9lien\"}]},{\"@type\":\"WebSite\",\"@id\":\"https:\\\/\\\/www.webdo.tn\\\/fr\\\/#website\",\"url\":\"https:\\\/\\\/www.webdo.tn\\\/fr\\\/\",\"name\":\"webdo\",\"description\":\"Tunisie - News en Tunisie et \u00e0 l&#039;international sur Webdo.tn\",\"publisher\":{\"@id\":\"https:\\\/\\\/www.webdo.tn\\\/fr\\\/#organization\"},\"potentialAction\":[{\"@type\":\"SearchAction\",\"target\":{\"@type\":\"EntryPoint\",\"urlTemplate\":\"https:\\\/\\\/www.webdo.tn\\\/fr\\\/?s={search_term_string}\"},\"query-input\":{\"@type\":\"PropertyValueSpecification\",\"valueRequired\":true,\"valueName\":\"search_term_string\"}}],\"inLanguage\":\"fr-FR\"},{\"@type\":\"Organization\",\"@id\":\"https:\\\/\\\/www.webdo.tn\\\/fr\\\/#organization\",\"name\":\"Webdo\",\"alternateName\":\"Webdo.tn\",\"url\":\"https:\\\/\\\/www.webdo.tn\\\/fr\\\/\",\"logo\":{\"@type\":\"ImageObject\",\"inLanguage\":\"fr-FR\",\"@id\":\"https:\\\/\\\/www.webdo.tn\\\/fr\\\/#\\\/schema\\\/logo\\\/image\\\/\",\"url\":\"https:\\\/\\\/www.webdo.tn\\\/fr\\\/wp-content\\\/uploads\\\/2025\\\/06\\\/Webdo-Tunisie_168377.jpg\",\"contentUrl\":\"https:\\\/\\\/www.webdo.tn\\\/fr\\\/wp-content\\\/uploads\\\/2025\\\/06\\\/Webdo-Tunisie_168377.jpg\",\"width\":301,\"height\":301,\"caption\":\"Webdo\"},\"image\":{\"@id\":\"https:\\\/\\\/www.webdo.tn\\\/fr\\\/#\\\/schema\\\/logo\\\/image\\\/\"},\"sameAs\":[\"https:\\\/\\\/www.facebook.com\\\/webdotn\",\"https:\\\/\\\/x.com\\\/webdo_tn\"],\"description\":\"Webdo est un m\u00e9dia num\u00e9rique tunisien fond\u00e9 en 2010, sp\u00e9cialis\u00e9 dans l\u2019actualit\u00e9 nationale et internationale, l\u2019\u00e9conomie, la soci\u00e9t\u00e9 et les analyses politiques. Le site s\u2019adresse \u00e0 un large public francophone et couvre l\u2019information tunisienne en temps r\u00e9el.\",\"email\":\"redac@webdo.tn\",\"legalName\":\"YNJ SARL\",\"foundingDate\":\"2010-09-06\",\"numberOfEmployees\":{\"@type\":\"QuantitativeValue\",\"minValue\":\"11\",\"maxValue\":\"50\"}},{\"@type\":\"Person\",\"@id\":\"https:\\\/\\\/www.webdo.tn\\\/fr\\\/#\\\/schema\\\/person\\\/9a9c6118d687c117df8ef3cc36a4d175\",\"name\":\"webdo.tn\",\"image\":{\"@type\":\"ImageObject\",\"inLanguage\":\"fr-FR\",\"@id\":\"https:\\\/\\\/secure.gravatar.com\\\/avatar\\\/7ce1f28c0c3bbac99ff550b85ef8e44a6950c6ee24514fb6a5489e51d06f0298?s=96&d=mm&r=g\",\"url\":\"https:\\\/\\\/secure.gravatar.com\\\/avatar\\\/7ce1f28c0c3bbac99ff550b85ef8e44a6950c6ee24514fb6a5489e51d06f0298?s=96&d=mm&r=g\",\"contentUrl\":\"https:\\\/\\\/secure.gravatar.com\\\/avatar\\\/7ce1f28c0c3bbac99ff550b85ef8e44a6950c6ee24514fb6a5489e51d06f0298?s=96&d=mm&r=g\",\"caption\":\"webdo.tn\"},\"url\":\"https:\\\/\\\/www.webdo.tn\\\/fr\\\/actualite\\\/author\\\/webdotn\\\/\"}]}<\/script>\n<!-- \/ Yoast SEO Premium plugin. -->","yoast_head_json":{"title":"Sarra Besb\u00e8s refuse de croiser le fer avec une Isra\u00e9lienne : la r\u00e9action d\u2019un site isra\u00e9lien","description":"Sarra Besb\u00e8s refuse de croiser le fer avec une Isra\u00e9lienne : la r\u00e9action d\u2019un site isra\u00e9lien","canonical":"https:\/\/www.webdo.tn\/fr\/actualite\/national\/sarra-besbes-refuse-de-croiser-le-fer-avec-une-israelienne-la-reaction-d-un-site-israelien\/172521\/","og_locale":"fr_FR","og_type":"article","og_title":"Sarra Besb\u00e8s refuse de croiser le fer avec une Isra\u00e9lienne : la r\u00e9action d\u2019un site isra\u00e9lien","og_description":"Sarra Besb\u00e8s refuse de croiser le fer avec une Isra\u00e9lienne : la r\u00e9action d\u2019un site isra\u00e9lien","og_url":"https:\/\/www.webdo.tn\/fr\/actualite\/national\/sarra-besbes-refuse-de-croiser-le-fer-avec-une-israelienne-la-reaction-d-un-site-israelien\/172521\/","og_site_name":"webdo","article_publisher":"https:\/\/www.facebook.com\/webdotn","article_published_time":"2011-10-16T11:57:00+00:00","article_modified_time":"2025-06-04T19:05:52+00:00","author":"webdo.tn","twitter_card":"summary_large_image","twitter_creator":"@webdo_tn","twitter_site":"@webdo_tn","twitter_misc":{"\u00c9crit par":"webdo.tn","Dur\u00e9e de lecture estim\u00e9e":"1 minute"},"schema":{"@context":"https:\/\/schema.org","@graph":[{"@type":"NewsArticle","@id":"https:\/\/www.webdo.tn\/fr\/actualite\/national\/sarra-besbes-refuse-de-croiser-le-fer-avec-une-israelienne-la-reaction-d-un-site-israelien\/172521\/#article","isPartOf":{"@id":"https:\/\/www.webdo.tn\/fr\/actualite\/national\/sarra-besbes-refuse-de-croiser-le-fer-avec-une-israelienne-la-reaction-d-un-site-israelien\/172521\/"},"author":{"name":"webdo.tn","@id":"https:\/\/www.webdo.tn\/fr\/#\/schema\/person\/9a9c6118d687c117df8ef3cc36a4d175"},"headline":"Sarra Besb\u00e8s refuse de croiser le fer avec une Isra\u00e9lienne : la r\u00e9action d\u2019un site isra\u00e9lien","datePublished":"2011-10-16T11:57:00+00:00","dateModified":"2025-06-04T19:05:52+00:00","mainEntityOfPage":{"@id":"https:\/\/www.webdo.tn\/fr\/actualite\/national\/sarra-besbes-refuse-de-croiser-le-fer-avec-une-israelienne-la-reaction-d-un-site-israelien\/172521\/"},"wordCount":267,"commentCount":0,"publisher":{"@id":"https:\/\/www.webdo.tn\/fr\/#organization"},"image":{"@id":"https:\/\/www.webdo.tn\/fr\/actualite\/national\/sarra-besbes-refuse-de-croiser-le-fer-avec-une-israelienne-la-reaction-d-un-site-israelien\/172521\/#primaryimage"},"thumbnailUrl":"https:\/\/www.webdo.tn\/fr\/wp-content\/uploads\/2025\/06\/Sarra-Besbes-photo-wmaker.net__172521.jpg","articleSection":["National"],"inLanguage":"fr-FR"},{"@type":"WebPage","@id":"https:\/\/www.webdo.tn\/fr\/actualite\/national\/sarra-besbes-refuse-de-croiser-le-fer-avec-une-israelienne-la-reaction-d-un-site-israelien\/172521\/","url":"https:\/\/www.webdo.tn\/fr\/actualite\/national\/sarra-besbes-refuse-de-croiser-le-fer-avec-une-israelienne-la-reaction-d-un-site-israelien\/172521\/","name":"Sarra Besb\u00e8s refuse de croiser le fer avec une Isra\u00e9lienne : la r\u00e9action d\u2019un site isra\u00e9lien","isPartOf":{"@id":"https:\/\/www.webdo.tn\/fr\/#website"},"primaryImageOfPage":{"@id":"https:\/\/www.webdo.tn\/fr\/actualite\/national\/sarra-besbes-refuse-de-croiser-le-fer-avec-une-israelienne-la-reaction-d-un-site-israelien\/172521\/#primaryimage"},"image":{"@id":"https:\/\/www.webdo.tn\/fr\/actualite\/national\/sarra-besbes-refuse-de-croiser-le-fer-avec-une-israelienne-la-reaction-d-un-site-israelien\/172521\/#primaryimage"},"thumbnailUrl":"https:\/\/www.webdo.tn\/fr\/wp-content\/uploads\/2025\/06\/Sarra-Besbes-photo-wmaker.net__172521.jpg","datePublished":"2011-10-16T11:57:00+00:00","dateModified":"2025-06-04T19:05:52+00:00","description":"Sarra Besb\u00e8s refuse de croiser le fer avec une Isra\u00e9lienne : la r\u00e9action d\u2019un site isra\u00e9lien","breadcrumb":{"@id":"https:\/\/www.webdo.tn\/fr\/actualite\/national\/sarra-besbes-refuse-de-croiser-le-fer-avec-une-israelienne-la-reaction-d-un-site-israelien\/172521\/#breadcrumb"},"inLanguage":"fr-FR","potentialAction":[{"@type":"ReadAction","target":["https:\/\/www.webdo.tn\/fr\/actualite\/national\/sarra-besbes-refuse-de-croiser-le-fer-avec-une-israelienne-la-reaction-d-un-site-israelien\/172521\/"]}]},{"@type":"ImageObject","inLanguage":"fr-FR","@id":"https:\/\/www.webdo.tn\/fr\/actualite\/national\/sarra-besbes-refuse-de-croiser-le-fer-avec-une-israelienne-la-reaction-d-un-site-israelien\/172521\/#primaryimage","url":"https:\/\/www.webdo.tn\/fr\/wp-content\/uploads\/2025\/06\/Sarra-Besbes-photo-wmaker.net__172521.jpg","contentUrl":"https:\/\/www.webdo.tn\/fr\/wp-content\/uploads\/2025\/06\/Sarra-Besbes-photo-wmaker.net__172521.jpg","width":320,"height":215,"caption":"Sarra Besb\u00e8s refuse de croiser le fer avec une Isra\u00e9lienne : la r\u00e9action d\u2019un site isra\u00e9lien"},{"@type":"BreadcrumbList","@id":"https:\/\/www.webdo.tn\/fr\/actualite\/national\/sarra-besbes-refuse-de-croiser-le-fer-avec-une-israelienne-la-reaction-d-un-site-israelien\/172521\/#breadcrumb","itemListElement":[{"@type":"ListItem","position":1,"name":"Accueil","item":"https:\/\/www.webdo.tn\/fr\/"},{"@type":"ListItem","position":2,"name":"Sarra Besb\u00e8s refuse de croiser le fer avec une Isra\u00e9lienne : la r\u00e9action d\u2019un site isra\u00e9lien"}]},{"@type":"WebSite","@id":"https:\/\/www.webdo.tn\/fr\/#website","url":"https:\/\/www.webdo.tn\/fr\/","name":"webdo","description":"Tunisie - News en Tunisie et \u00e0 l&#039;international sur Webdo.tn","publisher":{"@id":"https:\/\/www.webdo.tn\/fr\/#organization"},"potentialAction":[{"@type":"SearchAction","target":{"@type":"EntryPoint","urlTemplate":"https:\/\/www.webdo.tn\/fr\/?s={search_term_string}"},"query-input":{"@type":"PropertyValueSpecification","valueRequired":true,"valueName":"search_term_string"}}],"inLanguage":"fr-FR"},{"@type":"Organization","@id":"https:\/\/www.webdo.tn\/fr\/#organization","name":"Webdo","alternateName":"Webdo.tn","url":"https:\/\/www.webdo.tn\/fr\/","logo":{"@type":"ImageObject","inLanguage":"fr-FR","@id":"https:\/\/www.webdo.tn\/fr\/#\/schema\/logo\/image\/","url":"https:\/\/www.webdo.tn\/fr\/wp-content\/uploads\/2025\/06\/Webdo-Tunisie_168377.jpg","contentUrl":"https:\/\/www.webdo.tn\/fr\/wp-content\/uploads\/2025\/06\/Webdo-Tunisie_168377.jpg","width":301,"height":301,"caption":"Webdo"},"image":{"@id":"https:\/\/www.webdo.tn\/fr\/#\/schema\/logo\/image\/"},"sameAs":["https:\/\/www.facebook.com\/webdotn","https:\/\/x.com\/webdo_tn"],"description":"Webdo est un m\u00e9dia num\u00e9rique tunisien fond\u00e9 en 2010, sp\u00e9cialis\u00e9 dans l\u2019actualit\u00e9 nationale et internationale, l\u2019\u00e9conomie, la soci\u00e9t\u00e9 et les analyses politiques. Le site s\u2019adresse \u00e0 un large public francophone et couvre l\u2019information tunisienne en temps r\u00e9el.","email":"redac@webdo.tn","legalName":"YNJ SARL","foundingDate":"2010-09-06","numberOfEmployees":{"@type":"QuantitativeValue","minValue":"11","maxValue":"50"}},{"@type":"Person","@id":"https:\/\/www.webdo.tn\/fr\/#\/schema\/person\/9a9c6118d687c117df8ef3cc36a4d175","name":"webdo.tn","image":{"@type":"ImageObject","inLanguage":"fr-FR","@id":"https:\/\/secure.gravatar.com\/avatar\/7ce1f28c0c3bbac99ff550b85ef8e44a6950c6ee24514fb6a5489e51d06f0298?s=96&d=mm&r=g","url":"https:\/\/secure.gravatar.com\/avatar\/7ce1f28c0c3bbac99ff550b85ef8e44a6950c6ee24514fb6a5489e51d06f0298?s=96&d=mm&r=g","contentUrl":"https:\/\/secure.gravatar.com\/avatar\/7ce1f28c0c3bbac99ff550b85ef8e44a6950c6ee24514fb6a5489e51d06f0298?s=96&d=mm&r=g","caption":"webdo.tn"},"url":"https:\/\/www.webdo.tn\/fr\/actualite\/author\/webdotn\/"}]}},"_links":{"self":[{"href":"https:\/\/www.webdo.tn\/fr\/wp-json\/wp\/v2\/posts\/172521","targetHints":{"allow":["GET"]}}],"collection":[{"href":"https:\/\/www.webdo.tn\/fr\/wp-json\/wp\/v2\/posts"}],"about":[{"href":"https:\/\/www.webdo.tn\/fr\/wp-json\/wp\/v2\/types\/post"}],"author":[{"embeddable":true,"href":"https:\/\/www.webdo.tn\/fr\/wp-json\/wp\/v2\/users\/3222"}],"replies":[{"embeddable":true,"href":"https:\/\/www.webdo.tn\/fr\/wp-json\/wp\/v2\/comments?post=172521"}],"version-history":[{"count":0,"href":"https:\/\/www.webdo.tn\/fr\/wp-json\/wp\/v2\/posts\/172521\/revisions"}],"wp:featuredmedia":[{"embeddable":true,"href":"https:\/\/www.webdo.tn\/fr\/wp-json\/wp\/v2\/media\/374634"}],"wp:attachment":[{"href":"https:\/\/www.webdo.tn\/fr\/wp-json\/wp\/v2\/media?parent=172521"}],"wp:term":[{"taxonomy":"category","embeddable":true,"href":"https:\/\/www.webdo.tn\/fr\/wp-json\/wp\/v2\/categories?post=172521"},{"taxonomy":"post_tag","embeddable":true,"href":"https:\/\/www.webdo.tn\/fr\/wp-json\/wp\/v2\/tags?post=172521"}],"curies":[{"name":"wp","href":"https:\/\/api.w.org\/{rel}","templated":true}]}}