{"id":172520,"date":"2011-10-16T19:30:00","date_gmt":"2011-10-16T19:30:00","guid":{"rendered":"https:\/\/www.webdo.tn\/fr\/blog\/a3ta9ni-la-marche-pour-unir-les-tunisiens\/172520\/"},"modified":"2025-06-04T19:05:57","modified_gmt":"2025-06-04T19:05:57","slug":"a3ta9ni-la-marche-pour-unir-les-tunisiens","status":"publish","type":"post","link":"https:\/\/www.webdo.tn\/fr\/actualite\/national\/a3ta9ni-la-marche-pour-unir-les-tunisiens\/172520\/","title":{"rendered":"\u00ab\u00a0A3ta9ni\u00a0\u00bb, la marche pour unir les Tunisiens ?"},"content":{"rendered":"<p>Apr\u00e8s les manifestations organis\u00e9es vendredi dernier dans plusieurs gouvernorats du pays contre la diffusion du film d&rsquo;animation Persepolis par NessmaTV, aujourd&rsquo;hui Tunis a connu une autre grande manifestation. Avec pour slogan \u00ab\u00a0A3ta9ni\u00a0\u00bb (laisse-moi tranquille), cette derni\u00e8re se d\u00e9finissait comme \u00e9tant une marche pour la d\u00e9fense de la libert\u00e9 individuelle et contre la dictature au nom du Sacr\u00e9.<\/p>\n<p>Initi\u00e9 sur Facebook par des ind\u00e9pendants ne repr\u00e9sentant ni NessmaTV ni un parti en particulier, cet \u00e9v\u00e9nement a regroup\u00e9 environ 10.000 personnes sur le r\u00e9seau social. Le rassemblement a d\u00e9but\u00e9 \u00e0 la Place Pasteur pour parcourir l&rsquo;Avenue Mohamed 5 jusqu&rsquo;\u00e0 la Place des Droits de l&rsquo;Homme. La majorit\u00e9 des pr\u00e9sents appartenaient aux partis PDM et El Afek.<\/p>\n<p>Selon les premi\u00e8res estimations, pr\u00e8s de 5000 personnes ont particip\u00e9 \u00e0 cette marche. \u00ab\u00a0L&rsquo;Avenue Mohamed 5 \u00e9tait remplie de bout en bout. Ce qui m&rsquo;a impressionn\u00e9, c&rsquo;\u00e9tait la pr\u00e9sence de toutes les classes sociales et de personnes d&rsquo;un certain age, ainsi que de femmes voil\u00e9es&#8230; c\u2019\u00e9tait une r\u00e9ussite totale \u00bb, nous a t\u00e9moign\u00e9 Maitre Monia Bousselmi.<\/p>\n<p>\u00c0 noter qu&rsquo;un meeting du PDM \u00e9tait programm\u00e9 aujourd&rsquo;hui, fin de l\u2019apr\u00e8s-midi, \u00e0 la salle Saidya \u00e0 Sidi Bou Said. Lequel a drain\u00e9 plusieurs manifestants vers la banlieue nord, engendrant ainsi un embouteillage incroyable.<\/p>\n<p>Cette marche nous rappelle celle du 26 juin dernier. Une situation similaire s&rsquo;\u00e9tait produite lorsqu&rsquo;un groupe d&rsquo;extr\u00e9mistes avait attaqu\u00e9 la salle de cin\u00e9ma Africart, suite \u00e0 la projection du film controvers\u00e9 (Ni Allah Ni ma\u00eetre). Quelques jours apr\u00e8s l&rsquo;incident de l&rsquo;Africart, une manifestation se d\u00e9roulait, le 7 Juillet, dans la capitale, \u00e0 l\u2019Avenue Mohamed 5, pour d\u00e9noncer cette agression et condamner l&rsquo;extr\u00e9misme et l&rsquo;obscurantisme.<\/p>\n<p>Les plus pessimistes pensent que notre pays est en train de se diviser en deux. Encore plus depuis la pol\u00e9mique Persepolis. Ces successions de manifestations, t\u00e9moignent-elles d&rsquo;une solidarit\u00e9 grandissante entre les Tunisiens ou bien d\u00e9noncent-elles une faille qui ne cesse de les s\u00e9parer les uns des autres?<\/p>\n","protected":false},"excerpt":{"rendered":"<p> A3ta9ni , la marche pour unir les Tunisiens ? <\/p>\n","protected":false},"author":3222,"featured_media":333981,"comment_status":"open","ping_status":"closed","sticky":false,"template":"","format":"standard","meta":{"footnotes":""},"categories":[44],"tags":[],"class_list":["post-172520","post","type-post","status-publish","format-standard","has-post-thumbnail","hentry","category-national"],"yoast_head":"<!-- This site is optimized with the Yoast SEO Premium plugin v27.5 (Yoast SEO v27.5) - https:\/\/yoast.com\/product\/yoast-seo-premium-wordpress\/ -->\n<title>A3ta9ni , la marche pour unir les Tunisiens ?<\/title>\n<meta name=\"description\" content=\"A3ta9ni , la marche pour unir les Tunisiens ?\" \/>\n<link rel=\"canonical\" href=\"https:\/\/www.webdo.tn\/fr\/actualite\/national\/a3ta9ni-la-marche-pour-unir-les-tunisiens\/172520\/\" \/>\n<meta property=\"og:locale\" content=\"fr_FR\" \/>\n<meta property=\"og:type\" content=\"article\" \/>\n<meta property=\"og:title\" content=\"&quot;A3ta9ni&quot;, la marche pour unir les Tunisiens ?\" \/>\n<meta property=\"og:description\" content=\"A3ta9ni , la marche pour unir les Tunisiens ?\" \/>\n<meta property=\"og:url\" content=\"https:\/\/www.webdo.tn\/fr\/actualite\/national\/a3ta9ni-la-marche-pour-unir-les-tunisiens\/172520\/\" \/>\n<meta property=\"og:site_name\" content=\"webdo\" \/>\n<meta property=\"article:publisher\" content=\"https:\/\/www.facebook.com\/webdotn\" \/>\n<meta property=\"article:published_time\" content=\"2011-10-16T19:30:00+00:00\" \/>\n<meta property=\"article:modified_time\" content=\"2025-06-04T19:05:57+00:00\" \/>\n<meta property=\"og:image\" content=\"https:\/\/www.webdo.tn\/fr\/wp-content\/uploads\/2011\/10\/La-marche-A3ta9ni-Av-Mohamed-5-photo-FB-A3ta9ni.jpg\" \/>\n\t<meta property=\"og:image:width\" content=\"484\" \/>\n\t<meta property=\"og:image:height\" content=\"363\" \/>\n\t<meta property=\"og:image:type\" content=\"image\/jpeg\" \/>\n<meta name=\"author\" content=\"webdo.tn\" \/>\n<meta name=\"twitter:card\" content=\"summary_large_image\" \/>\n<meta name=\"twitter:creator\" content=\"@webdo_tn\" \/>\n<meta name=\"twitter:site\" content=\"@webdo_tn\" \/>\n<meta name=\"twitter:label1\" content=\"\u00c9crit par\" \/>\n\t<meta name=\"twitter:data1\" content=\"webdo.tn\" \/>\n\t<meta name=\"twitter:label2\" content=\"Dur\u00e9e de lecture estim\u00e9e\" \/>\n\t<meta name=\"twitter:data2\" content=\"2 minutes\" \/>\n<script type=\"application\/ld+json\" class=\"yoast-schema-graph\">{\"@context\":\"https:\\\/\\\/schema.org\",\"@graph\":[{\"@type\":\"NewsArticle\",\"@id\":\"https:\\\/\\\/www.webdo.tn\\\/fr\\\/actualite\\\/national\\\/a3ta9ni-la-marche-pour-unir-les-tunisiens\\\/172520\\\/#article\",\"isPartOf\":{\"@id\":\"https:\\\/\\\/www.webdo.tn\\\/fr\\\/actualite\\\/national\\\/a3ta9ni-la-marche-pour-unir-les-tunisiens\\\/172520\\\/\"},\"author\":{\"name\":\"webdo.tn\",\"@id\":\"https:\\\/\\\/www.webdo.tn\\\/fr\\\/#\\\/schema\\\/person\\\/9a9c6118d687c117df8ef3cc36a4d175\"},\"headline\":\"\u00ab\u00a0A3ta9ni\u00a0\u00bb, la marche pour unir les Tunisiens ?\",\"datePublished\":\"2011-10-16T19:30:00+00:00\",\"dateModified\":\"2025-06-04T19:05:57+00:00\",\"mainEntityOfPage\":{\"@id\":\"https:\\\/\\\/www.webdo.tn\\\/fr\\\/actualite\\\/national\\\/a3ta9ni-la-marche-pour-unir-les-tunisiens\\\/172520\\\/\"},\"wordCount\":361,\"commentCount\":0,\"publisher\":{\"@id\":\"https:\\\/\\\/www.webdo.tn\\\/fr\\\/#organization\"},\"image\":{\"@id\":\"https:\\\/\\\/www.webdo.tn\\\/fr\\\/actualite\\\/national\\\/a3ta9ni-la-marche-pour-unir-les-tunisiens\\\/172520\\\/#primaryimage\"},\"thumbnailUrl\":\"https:\\\/\\\/www.webdo.tn\\\/fr\\\/wp-content\\\/uploads\\\/2011\\\/10\\\/La-marche-A3ta9ni-Av-Mohamed-5-photo-FB-A3ta9ni.jpg\",\"articleSection\":[\"National\"],\"inLanguage\":\"fr-FR\"},{\"@type\":\"WebPage\",\"@id\":\"https:\\\/\\\/www.webdo.tn\\\/fr\\\/actualite\\\/national\\\/a3ta9ni-la-marche-pour-unir-les-tunisiens\\\/172520\\\/\",\"url\":\"https:\\\/\\\/www.webdo.tn\\\/fr\\\/actualite\\\/national\\\/a3ta9ni-la-marche-pour-unir-les-tunisiens\\\/172520\\\/\",\"name\":\"A3ta9ni , la marche pour unir les Tunisiens ?\",\"isPartOf\":{\"@id\":\"https:\\\/\\\/www.webdo.tn\\\/fr\\\/#website\"},\"primaryImageOfPage\":{\"@id\":\"https:\\\/\\\/www.webdo.tn\\\/fr\\\/actualite\\\/national\\\/a3ta9ni-la-marche-pour-unir-les-tunisiens\\\/172520\\\/#primaryimage\"},\"image\":{\"@id\":\"https:\\\/\\\/www.webdo.tn\\\/fr\\\/actualite\\\/national\\\/a3ta9ni-la-marche-pour-unir-les-tunisiens\\\/172520\\\/#primaryimage\"},\"thumbnailUrl\":\"https:\\\/\\\/www.webdo.tn\\\/fr\\\/wp-content\\\/uploads\\\/2011\\\/10\\\/La-marche-A3ta9ni-Av-Mohamed-5-photo-FB-A3ta9ni.jpg\",\"datePublished\":\"2011-10-16T19:30:00+00:00\",\"dateModified\":\"2025-06-04T19:05:57+00:00\",\"description\":\"A3ta9ni , la marche pour unir les Tunisiens ?\",\"breadcrumb\":{\"@id\":\"https:\\\/\\\/www.webdo.tn\\\/fr\\\/actualite\\\/national\\\/a3ta9ni-la-marche-pour-unir-les-tunisiens\\\/172520\\\/#breadcrumb\"},\"inLanguage\":\"fr-FR\",\"potentialAction\":[{\"@type\":\"ReadAction\",\"target\":[\"https:\\\/\\\/www.webdo.tn\\\/fr\\\/actualite\\\/national\\\/a3ta9ni-la-marche-pour-unir-les-tunisiens\\\/172520\\\/\"]}]},{\"@type\":\"ImageObject\",\"inLanguage\":\"fr-FR\",\"@id\":\"https:\\\/\\\/www.webdo.tn\\\/fr\\\/actualite\\\/national\\\/a3ta9ni-la-marche-pour-unir-les-tunisiens\\\/172520\\\/#primaryimage\",\"url\":\"https:\\\/\\\/www.webdo.tn\\\/fr\\\/wp-content\\\/uploads\\\/2011\\\/10\\\/La-marche-A3ta9ni-Av-Mohamed-5-photo-FB-A3ta9ni.jpg\",\"contentUrl\":\"https:\\\/\\\/www.webdo.tn\\\/fr\\\/wp-content\\\/uploads\\\/2011\\\/10\\\/La-marche-A3ta9ni-Av-Mohamed-5-photo-FB-A3ta9ni.jpg\",\"width\":484,\"height\":363,\"caption\":\"\\\"A3ta9ni\\\", la marche pour unir les Tunisiens ?\"},{\"@type\":\"BreadcrumbList\",\"@id\":\"https:\\\/\\\/www.webdo.tn\\\/fr\\\/actualite\\\/national\\\/a3ta9ni-la-marche-pour-unir-les-tunisiens\\\/172520\\\/#breadcrumb\",\"itemListElement\":[{\"@type\":\"ListItem\",\"position\":1,\"name\":\"Accueil\",\"item\":\"https:\\\/\\\/www.webdo.tn\\\/fr\\\/\"},{\"@type\":\"ListItem\",\"position\":2,\"name\":\"\u00ab\u00a0A3ta9ni\u00a0\u00bb, la marche pour unir les Tunisiens ?\"}]},{\"@type\":\"WebSite\",\"@id\":\"https:\\\/\\\/www.webdo.tn\\\/fr\\\/#website\",\"url\":\"https:\\\/\\\/www.webdo.tn\\\/fr\\\/\",\"name\":\"webdo\",\"description\":\"Tunisie - News en Tunisie et \u00e0 l&#039;international sur Webdo.tn\",\"publisher\":{\"@id\":\"https:\\\/\\\/www.webdo.tn\\\/fr\\\/#organization\"},\"potentialAction\":[{\"@type\":\"SearchAction\",\"target\":{\"@type\":\"EntryPoint\",\"urlTemplate\":\"https:\\\/\\\/www.webdo.tn\\\/fr\\\/?s={search_term_string}\"},\"query-input\":{\"@type\":\"PropertyValueSpecification\",\"valueRequired\":true,\"valueName\":\"search_term_string\"}}],\"inLanguage\":\"fr-FR\"},{\"@type\":\"Organization\",\"@id\":\"https:\\\/\\\/www.webdo.tn\\\/fr\\\/#organization\",\"name\":\"Webdo\",\"alternateName\":\"Webdo.tn\",\"url\":\"https:\\\/\\\/www.webdo.tn\\\/fr\\\/\",\"logo\":{\"@type\":\"ImageObject\",\"inLanguage\":\"fr-FR\",\"@id\":\"https:\\\/\\\/www.webdo.tn\\\/fr\\\/#\\\/schema\\\/logo\\\/image\\\/\",\"url\":\"https:\\\/\\\/www.webdo.tn\\\/fr\\\/wp-content\\\/uploads\\\/2025\\\/06\\\/Webdo-Tunisie_168377.jpg\",\"contentUrl\":\"https:\\\/\\\/www.webdo.tn\\\/fr\\\/wp-content\\\/uploads\\\/2025\\\/06\\\/Webdo-Tunisie_168377.jpg\",\"width\":301,\"height\":301,\"caption\":\"Webdo\"},\"image\":{\"@id\":\"https:\\\/\\\/www.webdo.tn\\\/fr\\\/#\\\/schema\\\/logo\\\/image\\\/\"},\"sameAs\":[\"https:\\\/\\\/www.facebook.com\\\/webdotn\",\"https:\\\/\\\/x.com\\\/webdo_tn\"],\"description\":\"Webdo est un m\u00e9dia num\u00e9rique tunisien fond\u00e9 en 2010, sp\u00e9cialis\u00e9 dans l\u2019actualit\u00e9 nationale et internationale, l\u2019\u00e9conomie, la soci\u00e9t\u00e9 et les analyses politiques. Le site s\u2019adresse \u00e0 un large public francophone et couvre l\u2019information tunisienne en temps r\u00e9el.\",\"email\":\"redac@webdo.tn\",\"legalName\":\"YNJ SARL\",\"foundingDate\":\"2010-09-06\",\"numberOfEmployees\":{\"@type\":\"QuantitativeValue\",\"minValue\":\"11\",\"maxValue\":\"50\"}},{\"@type\":\"Person\",\"@id\":\"https:\\\/\\\/www.webdo.tn\\\/fr\\\/#\\\/schema\\\/person\\\/9a9c6118d687c117df8ef3cc36a4d175\",\"name\":\"webdo.tn\",\"image\":{\"@type\":\"ImageObject\",\"inLanguage\":\"fr-FR\",\"@id\":\"https:\\\/\\\/secure.gravatar.com\\\/avatar\\\/7ce1f28c0c3bbac99ff550b85ef8e44a6950c6ee24514fb6a5489e51d06f0298?s=96&d=mm&r=g\",\"url\":\"https:\\\/\\\/secure.gravatar.com\\\/avatar\\\/7ce1f28c0c3bbac99ff550b85ef8e44a6950c6ee24514fb6a5489e51d06f0298?s=96&d=mm&r=g\",\"contentUrl\":\"https:\\\/\\\/secure.gravatar.com\\\/avatar\\\/7ce1f28c0c3bbac99ff550b85ef8e44a6950c6ee24514fb6a5489e51d06f0298?s=96&d=mm&r=g\",\"caption\":\"webdo.tn\"},\"url\":\"https:\\\/\\\/www.webdo.tn\\\/fr\\\/actualite\\\/author\\\/webdotn\\\/\"}]}<\/script>\n<!-- \/ Yoast SEO Premium plugin. -->","yoast_head_json":{"title":"A3ta9ni , la marche pour unir les Tunisiens ?","description":"A3ta9ni , la marche pour unir les Tunisiens ?","canonical":"https:\/\/www.webdo.tn\/fr\/actualite\/national\/a3ta9ni-la-marche-pour-unir-les-tunisiens\/172520\/","og_locale":"fr_FR","og_type":"article","og_title":"\"A3ta9ni\", la marche pour unir les Tunisiens ?","og_description":"A3ta9ni , la marche pour unir les Tunisiens ?","og_url":"https:\/\/www.webdo.tn\/fr\/actualite\/national\/a3ta9ni-la-marche-pour-unir-les-tunisiens\/172520\/","og_site_name":"webdo","article_publisher":"https:\/\/www.facebook.com\/webdotn","article_published_time":"2011-10-16T19:30:00+00:00","article_modified_time":"2025-06-04T19:05:57+00:00","og_image":[{"width":484,"height":363,"url":"https:\/\/www.webdo.tn\/fr\/wp-content\/uploads\/2011\/10\/La-marche-A3ta9ni-Av-Mohamed-5-photo-FB-A3ta9ni.jpg","type":"image\/jpeg"}],"author":"webdo.tn","twitter_card":"summary_large_image","twitter_creator":"@webdo_tn","twitter_site":"@webdo_tn","twitter_misc":{"\u00c9crit par":"webdo.tn","Dur\u00e9e de lecture estim\u00e9e":"2 minutes"},"schema":{"@context":"https:\/\/schema.org","@graph":[{"@type":"NewsArticle","@id":"https:\/\/www.webdo.tn\/fr\/actualite\/national\/a3ta9ni-la-marche-pour-unir-les-tunisiens\/172520\/#article","isPartOf":{"@id":"https:\/\/www.webdo.tn\/fr\/actualite\/national\/a3ta9ni-la-marche-pour-unir-les-tunisiens\/172520\/"},"author":{"name":"webdo.tn","@id":"https:\/\/www.webdo.tn\/fr\/#\/schema\/person\/9a9c6118d687c117df8ef3cc36a4d175"},"headline":"\u00ab\u00a0A3ta9ni\u00a0\u00bb, la marche pour unir les Tunisiens ?","datePublished":"2011-10-16T19:30:00+00:00","dateModified":"2025-06-04T19:05:57+00:00","mainEntityOfPage":{"@id":"https:\/\/www.webdo.tn\/fr\/actualite\/national\/a3ta9ni-la-marche-pour-unir-les-tunisiens\/172520\/"},"wordCount":361,"commentCount":0,"publisher":{"@id":"https:\/\/www.webdo.tn\/fr\/#organization"},"image":{"@id":"https:\/\/www.webdo.tn\/fr\/actualite\/national\/a3ta9ni-la-marche-pour-unir-les-tunisiens\/172520\/#primaryimage"},"thumbnailUrl":"https:\/\/www.webdo.tn\/fr\/wp-content\/uploads\/2011\/10\/La-marche-A3ta9ni-Av-Mohamed-5-photo-FB-A3ta9ni.jpg","articleSection":["National"],"inLanguage":"fr-FR"},{"@type":"WebPage","@id":"https:\/\/www.webdo.tn\/fr\/actualite\/national\/a3ta9ni-la-marche-pour-unir-les-tunisiens\/172520\/","url":"https:\/\/www.webdo.tn\/fr\/actualite\/national\/a3ta9ni-la-marche-pour-unir-les-tunisiens\/172520\/","name":"A3ta9ni , la marche pour unir les Tunisiens ?","isPartOf":{"@id":"https:\/\/www.webdo.tn\/fr\/#website"},"primaryImageOfPage":{"@id":"https:\/\/www.webdo.tn\/fr\/actualite\/national\/a3ta9ni-la-marche-pour-unir-les-tunisiens\/172520\/#primaryimage"},"image":{"@id":"https:\/\/www.webdo.tn\/fr\/actualite\/national\/a3ta9ni-la-marche-pour-unir-les-tunisiens\/172520\/#primaryimage"},"thumbnailUrl":"https:\/\/www.webdo.tn\/fr\/wp-content\/uploads\/2011\/10\/La-marche-A3ta9ni-Av-Mohamed-5-photo-FB-A3ta9ni.jpg","datePublished":"2011-10-16T19:30:00+00:00","dateModified":"2025-06-04T19:05:57+00:00","description":"A3ta9ni , la marche pour unir les Tunisiens ?","breadcrumb":{"@id":"https:\/\/www.webdo.tn\/fr\/actualite\/national\/a3ta9ni-la-marche-pour-unir-les-tunisiens\/172520\/#breadcrumb"},"inLanguage":"fr-FR","potentialAction":[{"@type":"ReadAction","target":["https:\/\/www.webdo.tn\/fr\/actualite\/national\/a3ta9ni-la-marche-pour-unir-les-tunisiens\/172520\/"]}]},{"@type":"ImageObject","inLanguage":"fr-FR","@id":"https:\/\/www.webdo.tn\/fr\/actualite\/national\/a3ta9ni-la-marche-pour-unir-les-tunisiens\/172520\/#primaryimage","url":"https:\/\/www.webdo.tn\/fr\/wp-content\/uploads\/2011\/10\/La-marche-A3ta9ni-Av-Mohamed-5-photo-FB-A3ta9ni.jpg","contentUrl":"https:\/\/www.webdo.tn\/fr\/wp-content\/uploads\/2011\/10\/La-marche-A3ta9ni-Av-Mohamed-5-photo-FB-A3ta9ni.jpg","width":484,"height":363,"caption":"\"A3ta9ni\", la marche pour unir les Tunisiens ?"},{"@type":"BreadcrumbList","@id":"https:\/\/www.webdo.tn\/fr\/actualite\/national\/a3ta9ni-la-marche-pour-unir-les-tunisiens\/172520\/#breadcrumb","itemListElement":[{"@type":"ListItem","position":1,"name":"Accueil","item":"https:\/\/www.webdo.tn\/fr\/"},{"@type":"ListItem","position":2,"name":"\u00ab\u00a0A3ta9ni\u00a0\u00bb, la marche pour unir les Tunisiens ?"}]},{"@type":"WebSite","@id":"https:\/\/www.webdo.tn\/fr\/#website","url":"https:\/\/www.webdo.tn\/fr\/","name":"webdo","description":"Tunisie - News en Tunisie et \u00e0 l&#039;international sur Webdo.tn","publisher":{"@id":"https:\/\/www.webdo.tn\/fr\/#organization"},"potentialAction":[{"@type":"SearchAction","target":{"@type":"EntryPoint","urlTemplate":"https:\/\/www.webdo.tn\/fr\/?s={search_term_string}"},"query-input":{"@type":"PropertyValueSpecification","valueRequired":true,"valueName":"search_term_string"}}],"inLanguage":"fr-FR"},{"@type":"Organization","@id":"https:\/\/www.webdo.tn\/fr\/#organization","name":"Webdo","alternateName":"Webdo.tn","url":"https:\/\/www.webdo.tn\/fr\/","logo":{"@type":"ImageObject","inLanguage":"fr-FR","@id":"https:\/\/www.webdo.tn\/fr\/#\/schema\/logo\/image\/","url":"https:\/\/www.webdo.tn\/fr\/wp-content\/uploads\/2025\/06\/Webdo-Tunisie_168377.jpg","contentUrl":"https:\/\/www.webdo.tn\/fr\/wp-content\/uploads\/2025\/06\/Webdo-Tunisie_168377.jpg","width":301,"height":301,"caption":"Webdo"},"image":{"@id":"https:\/\/www.webdo.tn\/fr\/#\/schema\/logo\/image\/"},"sameAs":["https:\/\/www.facebook.com\/webdotn","https:\/\/x.com\/webdo_tn"],"description":"Webdo est un m\u00e9dia num\u00e9rique tunisien fond\u00e9 en 2010, sp\u00e9cialis\u00e9 dans l\u2019actualit\u00e9 nationale et internationale, l\u2019\u00e9conomie, la soci\u00e9t\u00e9 et les analyses politiques. Le site s\u2019adresse \u00e0 un large public francophone et couvre l\u2019information tunisienne en temps r\u00e9el.","email":"redac@webdo.tn","legalName":"YNJ SARL","foundingDate":"2010-09-06","numberOfEmployees":{"@type":"QuantitativeValue","minValue":"11","maxValue":"50"}},{"@type":"Person","@id":"https:\/\/www.webdo.tn\/fr\/#\/schema\/person\/9a9c6118d687c117df8ef3cc36a4d175","name":"webdo.tn","image":{"@type":"ImageObject","inLanguage":"fr-FR","@id":"https:\/\/secure.gravatar.com\/avatar\/7ce1f28c0c3bbac99ff550b85ef8e44a6950c6ee24514fb6a5489e51d06f0298?s=96&d=mm&r=g","url":"https:\/\/secure.gravatar.com\/avatar\/7ce1f28c0c3bbac99ff550b85ef8e44a6950c6ee24514fb6a5489e51d06f0298?s=96&d=mm&r=g","contentUrl":"https:\/\/secure.gravatar.com\/avatar\/7ce1f28c0c3bbac99ff550b85ef8e44a6950c6ee24514fb6a5489e51d06f0298?s=96&d=mm&r=g","caption":"webdo.tn"},"url":"https:\/\/www.webdo.tn\/fr\/actualite\/author\/webdotn\/"}]}},"_links":{"self":[{"href":"https:\/\/www.webdo.tn\/fr\/wp-json\/wp\/v2\/posts\/172520","targetHints":{"allow":["GET"]}}],"collection":[{"href":"https:\/\/www.webdo.tn\/fr\/wp-json\/wp\/v2\/posts"}],"about":[{"href":"https:\/\/www.webdo.tn\/fr\/wp-json\/wp\/v2\/types\/post"}],"author":[{"embeddable":true,"href":"https:\/\/www.webdo.tn\/fr\/wp-json\/wp\/v2\/users\/3222"}],"replies":[{"embeddable":true,"href":"https:\/\/www.webdo.tn\/fr\/wp-json\/wp\/v2\/comments?post=172520"}],"version-history":[{"count":0,"href":"https:\/\/www.webdo.tn\/fr\/wp-json\/wp\/v2\/posts\/172520\/revisions"}],"wp:featuredmedia":[{"embeddable":true,"href":"https:\/\/www.webdo.tn\/fr\/wp-json\/wp\/v2\/media\/333981"}],"wp:attachment":[{"href":"https:\/\/www.webdo.tn\/fr\/wp-json\/wp\/v2\/media?parent=172520"}],"wp:term":[{"taxonomy":"category","embeddable":true,"href":"https:\/\/www.webdo.tn\/fr\/wp-json\/wp\/v2\/categories?post=172520"},{"taxonomy":"post_tag","embeddable":true,"href":"https:\/\/www.webdo.tn\/fr\/wp-json\/wp\/v2\/tags?post=172520"}],"curies":[{"name":"wp","href":"https:\/\/api.w.org\/{rel}","templated":true}]}}