{"id":172513,"date":"2011-10-19T12:50:00","date_gmt":"2011-10-19T12:50:00","guid":{"rendered":"https:\/\/www.webdo.tn\/fr\/blog\/ce-spot-de-ben-ali-qui-a-cree-un-buzz-phenomenal\/172513\/"},"modified":"2011-10-19T12:50:00","modified_gmt":"2011-10-19T12:50:00","slug":"ce-spot-de-ben-ali-qui-a-cree-un-buzz-phenomenal","status":"publish","type":"post","link":"https:\/\/www.webdo.tn\/fr\/actualite\/national\/ce-spot-de-ben-ali-qui-a-cree-un-buzz-phenomenal\/172513\/","title":{"rendered":"Ce spot de Ben Ali qui a cr\u00e9\u00e9 un buzz ph\u00e9nom\u00e9nal"},"content":{"rendered":"<p>Vous avez s\u00fbrement vu (et partag\u00e9) du moins entendu parler, hier, de la vid\u00e9o de sensibilisation au vote, tourn\u00e9e \u00e0 la Goulette. Un spot d&rsquo;une minute trente o\u00f9 on voit une \u00e9norme affiche de Ben Ali placard\u00e9e sur le mur de la Karaka \u00e0 la Goulette.<br \/>\nApr\u00e8s des instants de stupeur, d&rsquo;\u00e9tonnement et d&rsquo;inqui\u00e9tude, quelques passants d\u00e9cident de l&rsquo;arracher et d\u00e9couvrent sous le poster un message : \u00ab\u00a0Attention, la dictature peut revenir. Le 23 octobre, allez voter ! Il est primordial que chacun prenne ses responsabilit\u00e9s et utilise le pouvoir que nous avons tous gagn\u00e9 le 14 janvier. Il faut donner un sens \u00e0 notre R\u00e9volution et montrer au monde entier qu&rsquo;elle n&rsquo;a pas \u00e9t\u00e9 faite en vain.\u00a0\u00bb<\/p>\n<p>L&rsquo;id\u00e9e est aussi originale que g\u00e9niale et elle a eu le culot de frapper l\u00e0 o\u00f9 \u00e7a fait mal. Car \u00e0 la vue de cette affiche du pr\u00e9sident d\u00e9chu, qui a \u00e9t\u00e9 install\u00e9e dans la nuit de lundi \u00e0 mardi, les habitants de la Goulette ont eu cette d\u00e9sagr\u00e9able et asphyxiante impression d&rsquo;\u00eatre revenus quelques ann\u00e9es en arri\u00e8re.<\/p>\n<p>Cette \u00ab\u00a0production\u00a0\u00bb est l\u2019\u0153uvre de l&rsquo;agence Memac Ogilvy Label en collaboration avec l&rsquo;association Engagement Citoyen. La vid\u00e9o a cr\u00e9\u00e9 un buzz \u00e9norme sur les r\u00e9seaux sociaux o\u00f9 elle a \u00e9t\u00e9 partag\u00e9e plus de 103.000 fois.<\/p>\n<p>Sur YouTube, elle a \u00e9t\u00e9 vue 26.000 fois avant que la plateforme de vid\u00e9o de Google ne bloque (automatiquement) le nombre de vues, pensant qu&rsquo;il s&rsquo;agissait d&rsquo;un Spam. Sur Twitter, et selon Topsy, la vid\u00e9o a \u00e9t\u00e9 relay\u00e9e plus de 1517 fois.<\/p>\n<p>Plus qu\u2019un coup, ce fut un v\u00e9ritable coup de ma\u00eetre !<\/p>\n","protected":false},"excerpt":{"rendered":"<p>Ce spot de Ben Ali qui a cr\u00e9\u00e9 un buzz ph\u00e9nom\u00e9nal<\/p>\n","protected":false},"author":3222,"featured_media":374627,"comment_status":"open","ping_status":"closed","sticky":false,"template":"","format":"standard","meta":{"footnotes":""},"categories":[44],"tags":[2600],"class_list":["post-172513","post","type-post","status-publish","format-standard","has-post-thumbnail","hentry","category-national","tag-guerre"],"yoast_head":"<!-- This site is optimized with the Yoast SEO Premium plugin v27.5 (Yoast SEO v27.5) - https:\/\/yoast.com\/product\/yoast-seo-premium-wordpress\/ -->\n<title>Ce spot de Ben Ali qui a cr\u00e9\u00e9 un buzz ph\u00e9nom\u00e9nal<\/title>\n<meta name=\"description\" content=\"Ce spot de Ben Ali qui a cr\u00e9\u00e9 un buzz ph\u00e9nom\u00e9nal\" \/>\n<link rel=\"canonical\" href=\"https:\/\/www.webdo.tn\/fr\/actualite\/national-45\/ce-spot-de-ben-ali-qui-a-cree-un-buzz-phenomenal\/172513\/\" \/>\n<meta property=\"og:locale\" content=\"fr_FR\" \/>\n<meta property=\"og:type\" content=\"article\" \/>\n<meta property=\"og:title\" content=\"Ce spot de Ben Ali qui a cr\u00e9\u00e9 un buzz ph\u00e9nom\u00e9nal\" \/>\n<meta property=\"og:description\" content=\"Ce spot de Ben Ali qui a cr\u00e9\u00e9 un buzz ph\u00e9nom\u00e9nal\" \/>\n<meta property=\"og:url\" content=\"https:\/\/www.webdo.tn\/fr\/actualite\/national-45\/ce-spot-de-ben-ali-qui-a-cree-un-buzz-phenomenal\/172513\/\" \/>\n<meta property=\"og:site_name\" content=\"webdo\" \/>\n<meta property=\"article:publisher\" content=\"https:\/\/www.facebook.com\/webdotn\" \/>\n<meta property=\"article:published_time\" content=\"2011-10-19T12:50:00+00:00\" \/>\n<meta name=\"author\" content=\"webdo.tn\" \/>\n<meta name=\"twitter:card\" content=\"summary_large_image\" \/>\n<meta name=\"twitter:creator\" content=\"@webdo_tn\" \/>\n<meta name=\"twitter:site\" content=\"@webdo_tn\" \/>\n<meta name=\"twitter:label1\" content=\"\u00c9crit par\" \/>\n\t<meta name=\"twitter:data1\" content=\"webdo.tn\" \/>\n\t<meta name=\"twitter:label2\" content=\"Dur\u00e9e de lecture estim\u00e9e\" \/>\n\t<meta name=\"twitter:data2\" content=\"1 minute\" \/>\n<script type=\"application\/ld+json\" class=\"yoast-schema-graph\">{\"@context\":\"https:\\\/\\\/schema.org\",\"@graph\":[{\"@type\":\"NewsArticle\",\"@id\":\"https:\\\/\\\/www.webdo.tn\\\/fr\\\/actualite\\\/national-45\\\/ce-spot-de-ben-ali-qui-a-cree-un-buzz-phenomenal\\\/172513\\\/#article\",\"isPartOf\":{\"@id\":\"https:\\\/\\\/www.webdo.tn\\\/fr\\\/actualite\\\/national-45\\\/ce-spot-de-ben-ali-qui-a-cree-un-buzz-phenomenal\\\/172513\\\/\"},\"author\":{\"name\":\"webdo.tn\",\"@id\":\"https:\\\/\\\/www.webdo.tn\\\/fr\\\/#\\\/schema\\\/person\\\/9a9c6118d687c117df8ef3cc36a4d175\"},\"headline\":\"Ce spot de Ben Ali qui a cr\u00e9\u00e9 un buzz ph\u00e9nom\u00e9nal\",\"datePublished\":\"2011-10-19T12:50:00+00:00\",\"mainEntityOfPage\":{\"@id\":\"https:\\\/\\\/www.webdo.tn\\\/fr\\\/actualite\\\/national-45\\\/ce-spot-de-ben-ali-qui-a-cree-un-buzz-phenomenal\\\/172513\\\/\"},\"wordCount\":306,\"commentCount\":0,\"publisher\":{\"@id\":\"https:\\\/\\\/www.webdo.tn\\\/fr\\\/#organization\"},\"image\":{\"@id\":\"https:\\\/\\\/www.webdo.tn\\\/fr\\\/actualite\\\/national-45\\\/ce-spot-de-ben-ali-qui-a-cree-un-buzz-phenomenal\\\/172513\\\/#primaryimage\"},\"thumbnailUrl\":\"https:\\\/\\\/www.webdo.tn\\\/fr\\\/wp-content\\\/uploads\\\/2025\\\/06\\\/Une-immense-affiche-de-Ben-Ali-sur-un-mur-a-lentree-de-la-Goulette_172513.jpg\",\"keywords\":[\"guerre\"],\"articleSection\":[\"National\"],\"inLanguage\":\"fr-FR\"},{\"@type\":\"WebPage\",\"@id\":\"https:\\\/\\\/www.webdo.tn\\\/fr\\\/actualite\\\/national-45\\\/ce-spot-de-ben-ali-qui-a-cree-un-buzz-phenomenal\\\/172513\\\/\",\"url\":\"https:\\\/\\\/www.webdo.tn\\\/fr\\\/actualite\\\/national-45\\\/ce-spot-de-ben-ali-qui-a-cree-un-buzz-phenomenal\\\/172513\\\/\",\"name\":\"Ce spot de Ben Ali qui a cr\u00e9\u00e9 un buzz ph\u00e9nom\u00e9nal\",\"isPartOf\":{\"@id\":\"https:\\\/\\\/www.webdo.tn\\\/fr\\\/#website\"},\"primaryImageOfPage\":{\"@id\":\"https:\\\/\\\/www.webdo.tn\\\/fr\\\/actualite\\\/national-45\\\/ce-spot-de-ben-ali-qui-a-cree-un-buzz-phenomenal\\\/172513\\\/#primaryimage\"},\"image\":{\"@id\":\"https:\\\/\\\/www.webdo.tn\\\/fr\\\/actualite\\\/national-45\\\/ce-spot-de-ben-ali-qui-a-cree-un-buzz-phenomenal\\\/172513\\\/#primaryimage\"},\"thumbnailUrl\":\"https:\\\/\\\/www.webdo.tn\\\/fr\\\/wp-content\\\/uploads\\\/2025\\\/06\\\/Une-immense-affiche-de-Ben-Ali-sur-un-mur-a-lentree-de-la-Goulette_172513.jpg\",\"datePublished\":\"2011-10-19T12:50:00+00:00\",\"description\":\"Ce spot de Ben Ali qui a cr\u00e9\u00e9 un buzz ph\u00e9nom\u00e9nal\",\"breadcrumb\":{\"@id\":\"https:\\\/\\\/www.webdo.tn\\\/fr\\\/actualite\\\/national-45\\\/ce-spot-de-ben-ali-qui-a-cree-un-buzz-phenomenal\\\/172513\\\/#breadcrumb\"},\"inLanguage\":\"fr-FR\",\"potentialAction\":[{\"@type\":\"ReadAction\",\"target\":[\"https:\\\/\\\/www.webdo.tn\\\/fr\\\/actualite\\\/national-45\\\/ce-spot-de-ben-ali-qui-a-cree-un-buzz-phenomenal\\\/172513\\\/\"]}]},{\"@type\":\"ImageObject\",\"inLanguage\":\"fr-FR\",\"@id\":\"https:\\\/\\\/www.webdo.tn\\\/fr\\\/actualite\\\/national-45\\\/ce-spot-de-ben-ali-qui-a-cree-un-buzz-phenomenal\\\/172513\\\/#primaryimage\",\"url\":\"https:\\\/\\\/www.webdo.tn\\\/fr\\\/wp-content\\\/uploads\\\/2025\\\/06\\\/Une-immense-affiche-de-Ben-Ali-sur-un-mur-a-lentree-de-la-Goulette_172513.jpg\",\"contentUrl\":\"https:\\\/\\\/www.webdo.tn\\\/fr\\\/wp-content\\\/uploads\\\/2025\\\/06\\\/Une-immense-affiche-de-Ben-Ali-sur-un-mur-a-lentree-de-la-Goulette_172513.jpg\",\"width\":282,\"height\":246,\"caption\":\"Ce spot de Ben Ali qui a cr\u00e9\u00e9 un buzz ph\u00e9nom\u00e9nal\"},{\"@type\":\"BreadcrumbList\",\"@id\":\"https:\\\/\\\/www.webdo.tn\\\/fr\\\/actualite\\\/national-45\\\/ce-spot-de-ben-ali-qui-a-cree-un-buzz-phenomenal\\\/172513\\\/#breadcrumb\",\"itemListElement\":[{\"@type\":\"ListItem\",\"position\":1,\"name\":\"Accueil\",\"item\":\"https:\\\/\\\/www.webdo.tn\\\/fr\\\/\"},{\"@type\":\"ListItem\",\"position\":2,\"name\":\"Ce spot de Ben Ali qui a cr\u00e9\u00e9 un buzz ph\u00e9nom\u00e9nal\"}]},{\"@type\":\"WebSite\",\"@id\":\"https:\\\/\\\/www.webdo.tn\\\/fr\\\/#website\",\"url\":\"https:\\\/\\\/www.webdo.tn\\\/fr\\\/\",\"name\":\"webdo\",\"description\":\"Tunisie - News en Tunisie et \u00e0 l&#039;international sur Webdo.tn\",\"publisher\":{\"@id\":\"https:\\\/\\\/www.webdo.tn\\\/fr\\\/#organization\"},\"potentialAction\":[{\"@type\":\"SearchAction\",\"target\":{\"@type\":\"EntryPoint\",\"urlTemplate\":\"https:\\\/\\\/www.webdo.tn\\\/fr\\\/?s={search_term_string}\"},\"query-input\":{\"@type\":\"PropertyValueSpecification\",\"valueRequired\":true,\"valueName\":\"search_term_string\"}}],\"inLanguage\":\"fr-FR\"},{\"@type\":\"Organization\",\"@id\":\"https:\\\/\\\/www.webdo.tn\\\/fr\\\/#organization\",\"name\":\"Webdo\",\"alternateName\":\"Webdo.tn\",\"url\":\"https:\\\/\\\/www.webdo.tn\\\/fr\\\/\",\"logo\":{\"@type\":\"ImageObject\",\"inLanguage\":\"fr-FR\",\"@id\":\"https:\\\/\\\/www.webdo.tn\\\/fr\\\/#\\\/schema\\\/logo\\\/image\\\/\",\"url\":\"https:\\\/\\\/www.webdo.tn\\\/fr\\\/wp-content\\\/uploads\\\/2025\\\/06\\\/Webdo-Tunisie_168377.jpg\",\"contentUrl\":\"https:\\\/\\\/www.webdo.tn\\\/fr\\\/wp-content\\\/uploads\\\/2025\\\/06\\\/Webdo-Tunisie_168377.jpg\",\"width\":301,\"height\":301,\"caption\":\"Webdo\"},\"image\":{\"@id\":\"https:\\\/\\\/www.webdo.tn\\\/fr\\\/#\\\/schema\\\/logo\\\/image\\\/\"},\"sameAs\":[\"https:\\\/\\\/www.facebook.com\\\/webdotn\",\"https:\\\/\\\/x.com\\\/webdo_tn\"],\"description\":\"Webdo est un m\u00e9dia num\u00e9rique tunisien fond\u00e9 en 2010, sp\u00e9cialis\u00e9 dans l\u2019actualit\u00e9 nationale et internationale, l\u2019\u00e9conomie, la soci\u00e9t\u00e9 et les analyses politiques. Le site s\u2019adresse \u00e0 un large public francophone et couvre l\u2019information tunisienne en temps r\u00e9el.\",\"email\":\"redac@webdo.tn\",\"legalName\":\"YNJ SARL\",\"foundingDate\":\"2010-09-06\",\"numberOfEmployees\":{\"@type\":\"QuantitativeValue\",\"minValue\":\"11\",\"maxValue\":\"50\"}},{\"@type\":\"Person\",\"@id\":\"https:\\\/\\\/www.webdo.tn\\\/fr\\\/#\\\/schema\\\/person\\\/9a9c6118d687c117df8ef3cc36a4d175\",\"name\":\"webdo.tn\",\"image\":{\"@type\":\"ImageObject\",\"inLanguage\":\"fr-FR\",\"@id\":\"https:\\\/\\\/secure.gravatar.com\\\/avatar\\\/7ce1f28c0c3bbac99ff550b85ef8e44a6950c6ee24514fb6a5489e51d06f0298?s=96&d=mm&r=g\",\"url\":\"https:\\\/\\\/secure.gravatar.com\\\/avatar\\\/7ce1f28c0c3bbac99ff550b85ef8e44a6950c6ee24514fb6a5489e51d06f0298?s=96&d=mm&r=g\",\"contentUrl\":\"https:\\\/\\\/secure.gravatar.com\\\/avatar\\\/7ce1f28c0c3bbac99ff550b85ef8e44a6950c6ee24514fb6a5489e51d06f0298?s=96&d=mm&r=g\",\"caption\":\"webdo.tn\"},\"url\":\"https:\\\/\\\/www.webdo.tn\\\/fr\\\/actualite\\\/author\\\/webdotn\\\/\"}]}<\/script>\n<!-- \/ Yoast SEO Premium plugin. -->","yoast_head_json":{"title":"Ce spot de Ben Ali qui a cr\u00e9\u00e9 un buzz ph\u00e9nom\u00e9nal","description":"Ce spot de Ben Ali qui a cr\u00e9\u00e9 un buzz ph\u00e9nom\u00e9nal","canonical":"https:\/\/www.webdo.tn\/fr\/actualite\/national-45\/ce-spot-de-ben-ali-qui-a-cree-un-buzz-phenomenal\/172513\/","og_locale":"fr_FR","og_type":"article","og_title":"Ce spot de Ben Ali qui a cr\u00e9\u00e9 un buzz ph\u00e9nom\u00e9nal","og_description":"Ce spot de Ben Ali qui a cr\u00e9\u00e9 un buzz ph\u00e9nom\u00e9nal","og_url":"https:\/\/www.webdo.tn\/fr\/actualite\/national-45\/ce-spot-de-ben-ali-qui-a-cree-un-buzz-phenomenal\/172513\/","og_site_name":"webdo","article_publisher":"https:\/\/www.facebook.com\/webdotn","article_published_time":"2011-10-19T12:50:00+00:00","author":"webdo.tn","twitter_card":"summary_large_image","twitter_creator":"@webdo_tn","twitter_site":"@webdo_tn","twitter_misc":{"\u00c9crit par":"webdo.tn","Dur\u00e9e de lecture estim\u00e9e":"1 minute"},"schema":{"@context":"https:\/\/schema.org","@graph":[{"@type":"NewsArticle","@id":"https:\/\/www.webdo.tn\/fr\/actualite\/national-45\/ce-spot-de-ben-ali-qui-a-cree-un-buzz-phenomenal\/172513\/#article","isPartOf":{"@id":"https:\/\/www.webdo.tn\/fr\/actualite\/national-45\/ce-spot-de-ben-ali-qui-a-cree-un-buzz-phenomenal\/172513\/"},"author":{"name":"webdo.tn","@id":"https:\/\/www.webdo.tn\/fr\/#\/schema\/person\/9a9c6118d687c117df8ef3cc36a4d175"},"headline":"Ce spot de Ben Ali qui a cr\u00e9\u00e9 un buzz ph\u00e9nom\u00e9nal","datePublished":"2011-10-19T12:50:00+00:00","mainEntityOfPage":{"@id":"https:\/\/www.webdo.tn\/fr\/actualite\/national-45\/ce-spot-de-ben-ali-qui-a-cree-un-buzz-phenomenal\/172513\/"},"wordCount":306,"commentCount":0,"publisher":{"@id":"https:\/\/www.webdo.tn\/fr\/#organization"},"image":{"@id":"https:\/\/www.webdo.tn\/fr\/actualite\/national-45\/ce-spot-de-ben-ali-qui-a-cree-un-buzz-phenomenal\/172513\/#primaryimage"},"thumbnailUrl":"https:\/\/www.webdo.tn\/fr\/wp-content\/uploads\/2025\/06\/Une-immense-affiche-de-Ben-Ali-sur-un-mur-a-lentree-de-la-Goulette_172513.jpg","keywords":["guerre"],"articleSection":["National"],"inLanguage":"fr-FR"},{"@type":"WebPage","@id":"https:\/\/www.webdo.tn\/fr\/actualite\/national-45\/ce-spot-de-ben-ali-qui-a-cree-un-buzz-phenomenal\/172513\/","url":"https:\/\/www.webdo.tn\/fr\/actualite\/national-45\/ce-spot-de-ben-ali-qui-a-cree-un-buzz-phenomenal\/172513\/","name":"Ce spot de Ben Ali qui a cr\u00e9\u00e9 un buzz ph\u00e9nom\u00e9nal","isPartOf":{"@id":"https:\/\/www.webdo.tn\/fr\/#website"},"primaryImageOfPage":{"@id":"https:\/\/www.webdo.tn\/fr\/actualite\/national-45\/ce-spot-de-ben-ali-qui-a-cree-un-buzz-phenomenal\/172513\/#primaryimage"},"image":{"@id":"https:\/\/www.webdo.tn\/fr\/actualite\/national-45\/ce-spot-de-ben-ali-qui-a-cree-un-buzz-phenomenal\/172513\/#primaryimage"},"thumbnailUrl":"https:\/\/www.webdo.tn\/fr\/wp-content\/uploads\/2025\/06\/Une-immense-affiche-de-Ben-Ali-sur-un-mur-a-lentree-de-la-Goulette_172513.jpg","datePublished":"2011-10-19T12:50:00+00:00","description":"Ce spot de Ben Ali qui a cr\u00e9\u00e9 un buzz ph\u00e9nom\u00e9nal","breadcrumb":{"@id":"https:\/\/www.webdo.tn\/fr\/actualite\/national-45\/ce-spot-de-ben-ali-qui-a-cree-un-buzz-phenomenal\/172513\/#breadcrumb"},"inLanguage":"fr-FR","potentialAction":[{"@type":"ReadAction","target":["https:\/\/www.webdo.tn\/fr\/actualite\/national-45\/ce-spot-de-ben-ali-qui-a-cree-un-buzz-phenomenal\/172513\/"]}]},{"@type":"ImageObject","inLanguage":"fr-FR","@id":"https:\/\/www.webdo.tn\/fr\/actualite\/national-45\/ce-spot-de-ben-ali-qui-a-cree-un-buzz-phenomenal\/172513\/#primaryimage","url":"https:\/\/www.webdo.tn\/fr\/wp-content\/uploads\/2025\/06\/Une-immense-affiche-de-Ben-Ali-sur-un-mur-a-lentree-de-la-Goulette_172513.jpg","contentUrl":"https:\/\/www.webdo.tn\/fr\/wp-content\/uploads\/2025\/06\/Une-immense-affiche-de-Ben-Ali-sur-un-mur-a-lentree-de-la-Goulette_172513.jpg","width":282,"height":246,"caption":"Ce spot de Ben Ali qui a cr\u00e9\u00e9 un buzz ph\u00e9nom\u00e9nal"},{"@type":"BreadcrumbList","@id":"https:\/\/www.webdo.tn\/fr\/actualite\/national-45\/ce-spot-de-ben-ali-qui-a-cree-un-buzz-phenomenal\/172513\/#breadcrumb","itemListElement":[{"@type":"ListItem","position":1,"name":"Accueil","item":"https:\/\/www.webdo.tn\/fr\/"},{"@type":"ListItem","position":2,"name":"Ce spot de Ben Ali qui a cr\u00e9\u00e9 un buzz ph\u00e9nom\u00e9nal"}]},{"@type":"WebSite","@id":"https:\/\/www.webdo.tn\/fr\/#website","url":"https:\/\/www.webdo.tn\/fr\/","name":"webdo","description":"Tunisie - News en Tunisie et \u00e0 l&#039;international sur Webdo.tn","publisher":{"@id":"https:\/\/www.webdo.tn\/fr\/#organization"},"potentialAction":[{"@type":"SearchAction","target":{"@type":"EntryPoint","urlTemplate":"https:\/\/www.webdo.tn\/fr\/?s={search_term_string}"},"query-input":{"@type":"PropertyValueSpecification","valueRequired":true,"valueName":"search_term_string"}}],"inLanguage":"fr-FR"},{"@type":"Organization","@id":"https:\/\/www.webdo.tn\/fr\/#organization","name":"Webdo","alternateName":"Webdo.tn","url":"https:\/\/www.webdo.tn\/fr\/","logo":{"@type":"ImageObject","inLanguage":"fr-FR","@id":"https:\/\/www.webdo.tn\/fr\/#\/schema\/logo\/image\/","url":"https:\/\/www.webdo.tn\/fr\/wp-content\/uploads\/2025\/06\/Webdo-Tunisie_168377.jpg","contentUrl":"https:\/\/www.webdo.tn\/fr\/wp-content\/uploads\/2025\/06\/Webdo-Tunisie_168377.jpg","width":301,"height":301,"caption":"Webdo"},"image":{"@id":"https:\/\/www.webdo.tn\/fr\/#\/schema\/logo\/image\/"},"sameAs":["https:\/\/www.facebook.com\/webdotn","https:\/\/x.com\/webdo_tn"],"description":"Webdo est un m\u00e9dia num\u00e9rique tunisien fond\u00e9 en 2010, sp\u00e9cialis\u00e9 dans l\u2019actualit\u00e9 nationale et internationale, l\u2019\u00e9conomie, la soci\u00e9t\u00e9 et les analyses politiques. Le site s\u2019adresse \u00e0 un large public francophone et couvre l\u2019information tunisienne en temps r\u00e9el.","email":"redac@webdo.tn","legalName":"YNJ SARL","foundingDate":"2010-09-06","numberOfEmployees":{"@type":"QuantitativeValue","minValue":"11","maxValue":"50"}},{"@type":"Person","@id":"https:\/\/www.webdo.tn\/fr\/#\/schema\/person\/9a9c6118d687c117df8ef3cc36a4d175","name":"webdo.tn","image":{"@type":"ImageObject","inLanguage":"fr-FR","@id":"https:\/\/secure.gravatar.com\/avatar\/7ce1f28c0c3bbac99ff550b85ef8e44a6950c6ee24514fb6a5489e51d06f0298?s=96&d=mm&r=g","url":"https:\/\/secure.gravatar.com\/avatar\/7ce1f28c0c3bbac99ff550b85ef8e44a6950c6ee24514fb6a5489e51d06f0298?s=96&d=mm&r=g","contentUrl":"https:\/\/secure.gravatar.com\/avatar\/7ce1f28c0c3bbac99ff550b85ef8e44a6950c6ee24514fb6a5489e51d06f0298?s=96&d=mm&r=g","caption":"webdo.tn"},"url":"https:\/\/www.webdo.tn\/fr\/actualite\/author\/webdotn\/"}]}},"_links":{"self":[{"href":"https:\/\/www.webdo.tn\/fr\/wp-json\/wp\/v2\/posts\/172513","targetHints":{"allow":["GET"]}}],"collection":[{"href":"https:\/\/www.webdo.tn\/fr\/wp-json\/wp\/v2\/posts"}],"about":[{"href":"https:\/\/www.webdo.tn\/fr\/wp-json\/wp\/v2\/types\/post"}],"author":[{"embeddable":true,"href":"https:\/\/www.webdo.tn\/fr\/wp-json\/wp\/v2\/users\/3222"}],"replies":[{"embeddable":true,"href":"https:\/\/www.webdo.tn\/fr\/wp-json\/wp\/v2\/comments?post=172513"}],"version-history":[{"count":0,"href":"https:\/\/www.webdo.tn\/fr\/wp-json\/wp\/v2\/posts\/172513\/revisions"}],"wp:featuredmedia":[{"embeddable":true,"href":"https:\/\/www.webdo.tn\/fr\/wp-json\/wp\/v2\/media\/374627"}],"wp:attachment":[{"href":"https:\/\/www.webdo.tn\/fr\/wp-json\/wp\/v2\/media?parent=172513"}],"wp:term":[{"taxonomy":"category","embeddable":true,"href":"https:\/\/www.webdo.tn\/fr\/wp-json\/wp\/v2\/categories?post=172513"},{"taxonomy":"post_tag","embeddable":true,"href":"https:\/\/www.webdo.tn\/fr\/wp-json\/wp\/v2\/tags?post=172513"}],"curies":[{"name":"wp","href":"https:\/\/api.w.org\/{rel}","templated":true}]}}