{"id":172510,"date":"2011-10-20T11:11:00","date_gmt":"2011-10-20T11:11:00","guid":{"rendered":"https:\/\/www.webdo.tn\/fr\/blog\/collectif-nsitni-une-greve-de-la-faim-pour-une-reconnaissance-bafouee\/172510\/"},"modified":"2011-10-20T11:11:00","modified_gmt":"2011-10-20T11:11:00","slug":"collectif-nsitni-une-greve-de-la-faim-pour-une-reconnaissance-bafouee","status":"publish","type":"post","link":"https:\/\/www.webdo.tn\/fr\/actualite\/national\/collectif-nsitni-une-greve-de-la-faim-pour-une-reconnaissance-bafouee\/172510\/","title":{"rendered":"Collectif Nsitni: une gr\u00e8ve de la faim pour une reconnaissance bafou\u00e9e"},"content":{"rendered":"<p>Que serait la r\u00e9volution tunisienne sans les Tunisiens qui sont sortis dans les rues et ceux qui ont \u00e9t\u00e9 tu\u00e9s par les balles de la police ou l&rsquo;arm\u00e9e? Les martyrs de la Tunisie ont sans aucun doute fait changer la donne. Ils ont acc\u00e9l\u00e9r\u00e9 le mouvement de grogne et de mobilisation du peuple. Mais la r\u00e9volution tunisienne a aussi \u00e9crite par le sang de ses bless\u00e9s. De courageuses personnes qui ont tout d\u00e9fi\u00e9 et qui n\u2019ont pas eu un destin mortel.<\/p>\n<p>Mais c&rsquo;est une dure r\u00e9alit\u00e9 qui a accueilli ces jeunes Tunisiens, une indiff\u00e9rence totale comme ils le d\u00e9crivent, non seulement de la part du gouvernement tunisien, mais aussi de la part des autres Tunisiens.<\/p>\n<p>Certains y sont pass\u00e9s entre temps. D\u00e9c\u00e9d\u00e9s des suites de blessures graves qui n&rsquo;ont pas \u00e9t\u00e9 trait\u00e9es, faute de moyens. D&rsquo;autres souffrent le martyre et s&rsquo;affaiblissent chaque jour un peu plus, faute d&rsquo;\u00eatre soign\u00e9s. Des vies enti\u00e8res sont chamboul\u00e9es du jour au lendemain ou des familles souffrent de se voir dans l&rsquo;incapacit\u00e9 de prodiguer les soins n\u00e9cessaires \u00e0 leurs enfants. Beaucoup de questions se sont pos\u00e9es \u00e0 plusieurs reprises, \u00e0 chacun des appels de leurs proches: \u00ab\u00a0nos vies ne seraient-elles pas assez importantes pour qu&rsquo;on nous prenne en charge?\u00a0\u00bb \u00ab\u00a0Est-ce de notre faute de ne pas avoir les moyens de payer les cliniques et les m\u00e9dicaments\u00a0\u00bb &#8230;<\/p>\n<p>Entre temps certains se sont mobilis\u00e9s. Tous les chemins possibles ont \u00e9t\u00e9 emprunt\u00e9s: blog, m\u00e9dia, sit-in&#8230; On notera le combat de certains militants de l&rsquo;association Nawaat dont Ramzi Bettibi qui est all\u00e9e aupr\u00e8s des familles et qui a organis\u00e9 des sit-in devant les minist\u00e8res pour que la voix de ces familles en d\u00e9tresse soit entendue. Ils ont pris l&rsquo;initiative de former un collectif nomm\u00e9 \u00ab\u00a0Nsitni\u00a0\u00bb, regroupant les bless\u00e9s et leurs familles, dans le but de faciliter les choses et pr\u00e9senter un vrai vis-\u00e0-vis. Et \u00e7a a fini par payer, du moins payer par un lot de promesses, non tenues \u00e0 ce jour, de prises en charge m\u00e9dicale compl\u00e8te de la part du gouvernement.<\/p>\n<p>Et c&rsquo;est apr\u00e8s un ras le bol g\u00e9n\u00e9ral et un sentiment de d\u00e9gout et de col\u00e8re tr\u00e8s perceptible, que certains membres du collectif Nsitni (bless\u00e9s et familles de bless\u00e9s) dont deux militants Nawaat ont entam\u00e9 une gr\u00e8ve de la faim, depuis hier, ouverte jusqu\u2019\u00e0 la prise en charge inconditionnelle et imm\u00e9diate des bless\u00e9s, dont les cas les plus urgents sont dans le local actuel de Nawaat \u00e0 Beb Bnet. Sans autres moyens d&rsquo;action et face \u00e0 l&rsquo;urgence de la situation, une telle action \u00e9tait sans appel, d&rsquo;apr\u00e8s les gr\u00e9vistes.<\/p>\n<p>\u00c0 quelques jours des \u00e9lections, cette gr\u00e8ve est un signe fort de personnes qui ont contribu\u00e9 \u00e0 ce qu&rsquo;on va vivre ce dimanche. Dans l&rsquo;espoir que cette action ne soit pas oubli\u00e9e par le tsunami m\u00e9diatique de ce vote pour la constituante.<\/p>\n","protected":false},"excerpt":{"rendered":"<p>Collectif Nsitni: une gr\u00e8ve de la faim pour une reconnaissance bafou\u00e9e<\/p>\n","protected":false},"author":3222,"featured_media":333966,"comment_status":"open","ping_status":"closed","sticky":false,"template":"","format":"standard","meta":{"footnotes":""},"categories":[44],"tags":[2600],"class_list":["post-172510","post","type-post","status-publish","format-standard","has-post-thumbnail","hentry","category-national","tag-guerre"],"yoast_head":"<!-- This site is optimized with the Yoast SEO Premium plugin v27.5 (Yoast SEO v27.5) - https:\/\/yoast.com\/product\/yoast-seo-premium-wordpress\/ -->\n<title>Collectif Nsitni: une gr\u00e8ve de la faim pour une reconnaissance bafou\u00e9e<\/title>\n<meta name=\"description\" content=\"Collectif Nsitni: une gr\u00e8ve de la faim pour une reconnaissance bafou\u00e9e\" \/>\n<link rel=\"canonical\" href=\"https:\/\/www.webdo.tn\/fr\/actualite\/national-45\/collectif-nsitni-une-greve-de-la-faim-pour-une-reconnaissance-bafouee\/172510\/\" \/>\n<meta property=\"og:locale\" content=\"fr_FR\" \/>\n<meta property=\"og:type\" content=\"article\" \/>\n<meta property=\"og:title\" content=\"Collectif Nsitni: une gr\u00e8ve de la faim pour une reconnaissance bafou\u00e9e\" \/>\n<meta property=\"og:description\" content=\"Collectif Nsitni: une gr\u00e8ve de la faim pour une reconnaissance bafou\u00e9e\" \/>\n<meta property=\"og:url\" content=\"https:\/\/www.webdo.tn\/fr\/actualite\/national-45\/collectif-nsitni-une-greve-de-la-faim-pour-une-reconnaissance-bafouee\/172510\/\" \/>\n<meta property=\"og:site_name\" content=\"webdo\" \/>\n<meta property=\"article:publisher\" content=\"https:\/\/www.facebook.com\/webdotn\" \/>\n<meta property=\"article:published_time\" content=\"2011-10-20T11:11:00+00:00\" \/>\n<meta property=\"og:image\" content=\"https:\/\/www.webdo.tn\/fr\/wp-content\/uploads\/2011\/10\/nsitni-283x300-1.jpg\" \/>\n\t<meta property=\"og:image:width\" content=\"283\" \/>\n\t<meta property=\"og:image:height\" content=\"300\" \/>\n\t<meta property=\"og:image:type\" content=\"image\/jpeg\" \/>\n<meta name=\"author\" content=\"webdo.tn\" \/>\n<meta name=\"twitter:card\" content=\"summary_large_image\" \/>\n<meta name=\"twitter:creator\" content=\"@webdo_tn\" \/>\n<meta name=\"twitter:site\" content=\"@webdo_tn\" \/>\n<meta name=\"twitter:label1\" content=\"\u00c9crit par\" \/>\n\t<meta name=\"twitter:data1\" content=\"webdo.tn\" \/>\n\t<meta name=\"twitter:label2\" content=\"Dur\u00e9e de lecture estim\u00e9e\" \/>\n\t<meta name=\"twitter:data2\" content=\"3 minutes\" \/>\n<script type=\"application\/ld+json\" class=\"yoast-schema-graph\">{\"@context\":\"https:\\\/\\\/schema.org\",\"@graph\":[{\"@type\":\"NewsArticle\",\"@id\":\"https:\\\/\\\/www.webdo.tn\\\/fr\\\/actualite\\\/national-45\\\/collectif-nsitni-une-greve-de-la-faim-pour-une-reconnaissance-bafouee\\\/172510\\\/#article\",\"isPartOf\":{\"@id\":\"https:\\\/\\\/www.webdo.tn\\\/fr\\\/actualite\\\/national-45\\\/collectif-nsitni-une-greve-de-la-faim-pour-une-reconnaissance-bafouee\\\/172510\\\/\"},\"author\":{\"name\":\"webdo.tn\",\"@id\":\"https:\\\/\\\/www.webdo.tn\\\/fr\\\/#\\\/schema\\\/person\\\/9a9c6118d687c117df8ef3cc36a4d175\"},\"headline\":\"Collectif Nsitni: une gr\u00e8ve de la faim pour une reconnaissance bafou\u00e9e\",\"datePublished\":\"2011-10-20T11:11:00+00:00\",\"mainEntityOfPage\":{\"@id\":\"https:\\\/\\\/www.webdo.tn\\\/fr\\\/actualite\\\/national-45\\\/collectif-nsitni-une-greve-de-la-faim-pour-une-reconnaissance-bafouee\\\/172510\\\/\"},\"wordCount\":537,\"commentCount\":0,\"publisher\":{\"@id\":\"https:\\\/\\\/www.webdo.tn\\\/fr\\\/#organization\"},\"image\":{\"@id\":\"https:\\\/\\\/www.webdo.tn\\\/fr\\\/actualite\\\/national-45\\\/collectif-nsitni-une-greve-de-la-faim-pour-une-reconnaissance-bafouee\\\/172510\\\/#primaryimage\"},\"thumbnailUrl\":\"https:\\\/\\\/www.webdo.tn\\\/fr\\\/wp-content\\\/uploads\\\/2011\\\/10\\\/nsitni-283x300-1.jpg\",\"keywords\":[\"guerre\"],\"articleSection\":[\"National\"],\"inLanguage\":\"fr-FR\"},{\"@type\":\"WebPage\",\"@id\":\"https:\\\/\\\/www.webdo.tn\\\/fr\\\/actualite\\\/national-45\\\/collectif-nsitni-une-greve-de-la-faim-pour-une-reconnaissance-bafouee\\\/172510\\\/\",\"url\":\"https:\\\/\\\/www.webdo.tn\\\/fr\\\/actualite\\\/national-45\\\/collectif-nsitni-une-greve-de-la-faim-pour-une-reconnaissance-bafouee\\\/172510\\\/\",\"name\":\"Collectif Nsitni: une gr\u00e8ve de la faim pour une reconnaissance bafou\u00e9e\",\"isPartOf\":{\"@id\":\"https:\\\/\\\/www.webdo.tn\\\/fr\\\/#website\"},\"primaryImageOfPage\":{\"@id\":\"https:\\\/\\\/www.webdo.tn\\\/fr\\\/actualite\\\/national-45\\\/collectif-nsitni-une-greve-de-la-faim-pour-une-reconnaissance-bafouee\\\/172510\\\/#primaryimage\"},\"image\":{\"@id\":\"https:\\\/\\\/www.webdo.tn\\\/fr\\\/actualite\\\/national-45\\\/collectif-nsitni-une-greve-de-la-faim-pour-une-reconnaissance-bafouee\\\/172510\\\/#primaryimage\"},\"thumbnailUrl\":\"https:\\\/\\\/www.webdo.tn\\\/fr\\\/wp-content\\\/uploads\\\/2011\\\/10\\\/nsitni-283x300-1.jpg\",\"datePublished\":\"2011-10-20T11:11:00+00:00\",\"description\":\"Collectif Nsitni: une gr\u00e8ve de la faim pour une reconnaissance bafou\u00e9e\",\"breadcrumb\":{\"@id\":\"https:\\\/\\\/www.webdo.tn\\\/fr\\\/actualite\\\/national-45\\\/collectif-nsitni-une-greve-de-la-faim-pour-une-reconnaissance-bafouee\\\/172510\\\/#breadcrumb\"},\"inLanguage\":\"fr-FR\",\"potentialAction\":[{\"@type\":\"ReadAction\",\"target\":[\"https:\\\/\\\/www.webdo.tn\\\/fr\\\/actualite\\\/national-45\\\/collectif-nsitni-une-greve-de-la-faim-pour-une-reconnaissance-bafouee\\\/172510\\\/\"]}]},{\"@type\":\"ImageObject\",\"inLanguage\":\"fr-FR\",\"@id\":\"https:\\\/\\\/www.webdo.tn\\\/fr\\\/actualite\\\/national-45\\\/collectif-nsitni-une-greve-de-la-faim-pour-une-reconnaissance-bafouee\\\/172510\\\/#primaryimage\",\"url\":\"https:\\\/\\\/www.webdo.tn\\\/fr\\\/wp-content\\\/uploads\\\/2011\\\/10\\\/nsitni-283x300-1.jpg\",\"contentUrl\":\"https:\\\/\\\/www.webdo.tn\\\/fr\\\/wp-content\\\/uploads\\\/2011\\\/10\\\/nsitni-283x300-1.jpg\",\"width\":283,\"height\":300,\"caption\":\"Collectif Nsitni: une gr\u00e8ve de la faim pour une reconnaissance bafou\u00e9e\"},{\"@type\":\"BreadcrumbList\",\"@id\":\"https:\\\/\\\/www.webdo.tn\\\/fr\\\/actualite\\\/national-45\\\/collectif-nsitni-une-greve-de-la-faim-pour-une-reconnaissance-bafouee\\\/172510\\\/#breadcrumb\",\"itemListElement\":[{\"@type\":\"ListItem\",\"position\":1,\"name\":\"Accueil\",\"item\":\"https:\\\/\\\/www.webdo.tn\\\/fr\\\/\"},{\"@type\":\"ListItem\",\"position\":2,\"name\":\"Collectif Nsitni: une gr\u00e8ve de la faim pour une reconnaissance bafou\u00e9e\"}]},{\"@type\":\"WebSite\",\"@id\":\"https:\\\/\\\/www.webdo.tn\\\/fr\\\/#website\",\"url\":\"https:\\\/\\\/www.webdo.tn\\\/fr\\\/\",\"name\":\"webdo\",\"description\":\"Tunisie - News en Tunisie et \u00e0 l&#039;international sur Webdo.tn\",\"publisher\":{\"@id\":\"https:\\\/\\\/www.webdo.tn\\\/fr\\\/#organization\"},\"potentialAction\":[{\"@type\":\"SearchAction\",\"target\":{\"@type\":\"EntryPoint\",\"urlTemplate\":\"https:\\\/\\\/www.webdo.tn\\\/fr\\\/?s={search_term_string}\"},\"query-input\":{\"@type\":\"PropertyValueSpecification\",\"valueRequired\":true,\"valueName\":\"search_term_string\"}}],\"inLanguage\":\"fr-FR\"},{\"@type\":\"Organization\",\"@id\":\"https:\\\/\\\/www.webdo.tn\\\/fr\\\/#organization\",\"name\":\"Webdo\",\"alternateName\":\"Webdo.tn\",\"url\":\"https:\\\/\\\/www.webdo.tn\\\/fr\\\/\",\"logo\":{\"@type\":\"ImageObject\",\"inLanguage\":\"fr-FR\",\"@id\":\"https:\\\/\\\/www.webdo.tn\\\/fr\\\/#\\\/schema\\\/logo\\\/image\\\/\",\"url\":\"https:\\\/\\\/www.webdo.tn\\\/fr\\\/wp-content\\\/uploads\\\/2025\\\/06\\\/Webdo-Tunisie_168377.jpg\",\"contentUrl\":\"https:\\\/\\\/www.webdo.tn\\\/fr\\\/wp-content\\\/uploads\\\/2025\\\/06\\\/Webdo-Tunisie_168377.jpg\",\"width\":301,\"height\":301,\"caption\":\"Webdo\"},\"image\":{\"@id\":\"https:\\\/\\\/www.webdo.tn\\\/fr\\\/#\\\/schema\\\/logo\\\/image\\\/\"},\"sameAs\":[\"https:\\\/\\\/www.facebook.com\\\/webdotn\",\"https:\\\/\\\/x.com\\\/webdo_tn\"],\"description\":\"Webdo est un m\u00e9dia num\u00e9rique tunisien fond\u00e9 en 2010, sp\u00e9cialis\u00e9 dans l\u2019actualit\u00e9 nationale et internationale, l\u2019\u00e9conomie, la soci\u00e9t\u00e9 et les analyses politiques. Le site s\u2019adresse \u00e0 un large public francophone et couvre l\u2019information tunisienne en temps r\u00e9el.\",\"email\":\"redac@webdo.tn\",\"legalName\":\"YNJ SARL\",\"foundingDate\":\"2010-09-06\",\"numberOfEmployees\":{\"@type\":\"QuantitativeValue\",\"minValue\":\"11\",\"maxValue\":\"50\"}},{\"@type\":\"Person\",\"@id\":\"https:\\\/\\\/www.webdo.tn\\\/fr\\\/#\\\/schema\\\/person\\\/9a9c6118d687c117df8ef3cc36a4d175\",\"name\":\"webdo.tn\",\"image\":{\"@type\":\"ImageObject\",\"inLanguage\":\"fr-FR\",\"@id\":\"https:\\\/\\\/secure.gravatar.com\\\/avatar\\\/7ce1f28c0c3bbac99ff550b85ef8e44a6950c6ee24514fb6a5489e51d06f0298?s=96&d=mm&r=g\",\"url\":\"https:\\\/\\\/secure.gravatar.com\\\/avatar\\\/7ce1f28c0c3bbac99ff550b85ef8e44a6950c6ee24514fb6a5489e51d06f0298?s=96&d=mm&r=g\",\"contentUrl\":\"https:\\\/\\\/secure.gravatar.com\\\/avatar\\\/7ce1f28c0c3bbac99ff550b85ef8e44a6950c6ee24514fb6a5489e51d06f0298?s=96&d=mm&r=g\",\"caption\":\"webdo.tn\"},\"url\":\"https:\\\/\\\/www.webdo.tn\\\/fr\\\/actualite\\\/author\\\/webdotn\\\/\"}]}<\/script>\n<!-- \/ Yoast SEO Premium plugin. -->","yoast_head_json":{"title":"Collectif Nsitni: une gr\u00e8ve de la faim pour une reconnaissance bafou\u00e9e","description":"Collectif Nsitni: une gr\u00e8ve de la faim pour une reconnaissance bafou\u00e9e","canonical":"https:\/\/www.webdo.tn\/fr\/actualite\/national-45\/collectif-nsitni-une-greve-de-la-faim-pour-une-reconnaissance-bafouee\/172510\/","og_locale":"fr_FR","og_type":"article","og_title":"Collectif Nsitni: une gr\u00e8ve de la faim pour une reconnaissance bafou\u00e9e","og_description":"Collectif Nsitni: une gr\u00e8ve de la faim pour une reconnaissance bafou\u00e9e","og_url":"https:\/\/www.webdo.tn\/fr\/actualite\/national-45\/collectif-nsitni-une-greve-de-la-faim-pour-une-reconnaissance-bafouee\/172510\/","og_site_name":"webdo","article_publisher":"https:\/\/www.facebook.com\/webdotn","article_published_time":"2011-10-20T11:11:00+00:00","og_image":[{"width":283,"height":300,"url":"https:\/\/www.webdo.tn\/fr\/wp-content\/uploads\/2011\/10\/nsitni-283x300-1.jpg","type":"image\/jpeg"}],"author":"webdo.tn","twitter_card":"summary_large_image","twitter_creator":"@webdo_tn","twitter_site":"@webdo_tn","twitter_misc":{"\u00c9crit par":"webdo.tn","Dur\u00e9e de lecture estim\u00e9e":"3 minutes"},"schema":{"@context":"https:\/\/schema.org","@graph":[{"@type":"NewsArticle","@id":"https:\/\/www.webdo.tn\/fr\/actualite\/national-45\/collectif-nsitni-une-greve-de-la-faim-pour-une-reconnaissance-bafouee\/172510\/#article","isPartOf":{"@id":"https:\/\/www.webdo.tn\/fr\/actualite\/national-45\/collectif-nsitni-une-greve-de-la-faim-pour-une-reconnaissance-bafouee\/172510\/"},"author":{"name":"webdo.tn","@id":"https:\/\/www.webdo.tn\/fr\/#\/schema\/person\/9a9c6118d687c117df8ef3cc36a4d175"},"headline":"Collectif Nsitni: une gr\u00e8ve de la faim pour une reconnaissance bafou\u00e9e","datePublished":"2011-10-20T11:11:00+00:00","mainEntityOfPage":{"@id":"https:\/\/www.webdo.tn\/fr\/actualite\/national-45\/collectif-nsitni-une-greve-de-la-faim-pour-une-reconnaissance-bafouee\/172510\/"},"wordCount":537,"commentCount":0,"publisher":{"@id":"https:\/\/www.webdo.tn\/fr\/#organization"},"image":{"@id":"https:\/\/www.webdo.tn\/fr\/actualite\/national-45\/collectif-nsitni-une-greve-de-la-faim-pour-une-reconnaissance-bafouee\/172510\/#primaryimage"},"thumbnailUrl":"https:\/\/www.webdo.tn\/fr\/wp-content\/uploads\/2011\/10\/nsitni-283x300-1.jpg","keywords":["guerre"],"articleSection":["National"],"inLanguage":"fr-FR"},{"@type":"WebPage","@id":"https:\/\/www.webdo.tn\/fr\/actualite\/national-45\/collectif-nsitni-une-greve-de-la-faim-pour-une-reconnaissance-bafouee\/172510\/","url":"https:\/\/www.webdo.tn\/fr\/actualite\/national-45\/collectif-nsitni-une-greve-de-la-faim-pour-une-reconnaissance-bafouee\/172510\/","name":"Collectif Nsitni: une gr\u00e8ve de la faim pour une reconnaissance bafou\u00e9e","isPartOf":{"@id":"https:\/\/www.webdo.tn\/fr\/#website"},"primaryImageOfPage":{"@id":"https:\/\/www.webdo.tn\/fr\/actualite\/national-45\/collectif-nsitni-une-greve-de-la-faim-pour-une-reconnaissance-bafouee\/172510\/#primaryimage"},"image":{"@id":"https:\/\/www.webdo.tn\/fr\/actualite\/national-45\/collectif-nsitni-une-greve-de-la-faim-pour-une-reconnaissance-bafouee\/172510\/#primaryimage"},"thumbnailUrl":"https:\/\/www.webdo.tn\/fr\/wp-content\/uploads\/2011\/10\/nsitni-283x300-1.jpg","datePublished":"2011-10-20T11:11:00+00:00","description":"Collectif Nsitni: une gr\u00e8ve de la faim pour une reconnaissance bafou\u00e9e","breadcrumb":{"@id":"https:\/\/www.webdo.tn\/fr\/actualite\/national-45\/collectif-nsitni-une-greve-de-la-faim-pour-une-reconnaissance-bafouee\/172510\/#breadcrumb"},"inLanguage":"fr-FR","potentialAction":[{"@type":"ReadAction","target":["https:\/\/www.webdo.tn\/fr\/actualite\/national-45\/collectif-nsitni-une-greve-de-la-faim-pour-une-reconnaissance-bafouee\/172510\/"]}]},{"@type":"ImageObject","inLanguage":"fr-FR","@id":"https:\/\/www.webdo.tn\/fr\/actualite\/national-45\/collectif-nsitni-une-greve-de-la-faim-pour-une-reconnaissance-bafouee\/172510\/#primaryimage","url":"https:\/\/www.webdo.tn\/fr\/wp-content\/uploads\/2011\/10\/nsitni-283x300-1.jpg","contentUrl":"https:\/\/www.webdo.tn\/fr\/wp-content\/uploads\/2011\/10\/nsitni-283x300-1.jpg","width":283,"height":300,"caption":"Collectif Nsitni: une gr\u00e8ve de la faim pour une reconnaissance bafou\u00e9e"},{"@type":"BreadcrumbList","@id":"https:\/\/www.webdo.tn\/fr\/actualite\/national-45\/collectif-nsitni-une-greve-de-la-faim-pour-une-reconnaissance-bafouee\/172510\/#breadcrumb","itemListElement":[{"@type":"ListItem","position":1,"name":"Accueil","item":"https:\/\/www.webdo.tn\/fr\/"},{"@type":"ListItem","position":2,"name":"Collectif Nsitni: une gr\u00e8ve de la faim pour une reconnaissance bafou\u00e9e"}]},{"@type":"WebSite","@id":"https:\/\/www.webdo.tn\/fr\/#website","url":"https:\/\/www.webdo.tn\/fr\/","name":"webdo","description":"Tunisie - News en Tunisie et \u00e0 l&#039;international sur Webdo.tn","publisher":{"@id":"https:\/\/www.webdo.tn\/fr\/#organization"},"potentialAction":[{"@type":"SearchAction","target":{"@type":"EntryPoint","urlTemplate":"https:\/\/www.webdo.tn\/fr\/?s={search_term_string}"},"query-input":{"@type":"PropertyValueSpecification","valueRequired":true,"valueName":"search_term_string"}}],"inLanguage":"fr-FR"},{"@type":"Organization","@id":"https:\/\/www.webdo.tn\/fr\/#organization","name":"Webdo","alternateName":"Webdo.tn","url":"https:\/\/www.webdo.tn\/fr\/","logo":{"@type":"ImageObject","inLanguage":"fr-FR","@id":"https:\/\/www.webdo.tn\/fr\/#\/schema\/logo\/image\/","url":"https:\/\/www.webdo.tn\/fr\/wp-content\/uploads\/2025\/06\/Webdo-Tunisie_168377.jpg","contentUrl":"https:\/\/www.webdo.tn\/fr\/wp-content\/uploads\/2025\/06\/Webdo-Tunisie_168377.jpg","width":301,"height":301,"caption":"Webdo"},"image":{"@id":"https:\/\/www.webdo.tn\/fr\/#\/schema\/logo\/image\/"},"sameAs":["https:\/\/www.facebook.com\/webdotn","https:\/\/x.com\/webdo_tn"],"description":"Webdo est un m\u00e9dia num\u00e9rique tunisien fond\u00e9 en 2010, sp\u00e9cialis\u00e9 dans l\u2019actualit\u00e9 nationale et internationale, l\u2019\u00e9conomie, la soci\u00e9t\u00e9 et les analyses politiques. Le site s\u2019adresse \u00e0 un large public francophone et couvre l\u2019information tunisienne en temps r\u00e9el.","email":"redac@webdo.tn","legalName":"YNJ SARL","foundingDate":"2010-09-06","numberOfEmployees":{"@type":"QuantitativeValue","minValue":"11","maxValue":"50"}},{"@type":"Person","@id":"https:\/\/www.webdo.tn\/fr\/#\/schema\/person\/9a9c6118d687c117df8ef3cc36a4d175","name":"webdo.tn","image":{"@type":"ImageObject","inLanguage":"fr-FR","@id":"https:\/\/secure.gravatar.com\/avatar\/7ce1f28c0c3bbac99ff550b85ef8e44a6950c6ee24514fb6a5489e51d06f0298?s=96&d=mm&r=g","url":"https:\/\/secure.gravatar.com\/avatar\/7ce1f28c0c3bbac99ff550b85ef8e44a6950c6ee24514fb6a5489e51d06f0298?s=96&d=mm&r=g","contentUrl":"https:\/\/secure.gravatar.com\/avatar\/7ce1f28c0c3bbac99ff550b85ef8e44a6950c6ee24514fb6a5489e51d06f0298?s=96&d=mm&r=g","caption":"webdo.tn"},"url":"https:\/\/www.webdo.tn\/fr\/actualite\/author\/webdotn\/"}]}},"_links":{"self":[{"href":"https:\/\/www.webdo.tn\/fr\/wp-json\/wp\/v2\/posts\/172510","targetHints":{"allow":["GET"]}}],"collection":[{"href":"https:\/\/www.webdo.tn\/fr\/wp-json\/wp\/v2\/posts"}],"about":[{"href":"https:\/\/www.webdo.tn\/fr\/wp-json\/wp\/v2\/types\/post"}],"author":[{"embeddable":true,"href":"https:\/\/www.webdo.tn\/fr\/wp-json\/wp\/v2\/users\/3222"}],"replies":[{"embeddable":true,"href":"https:\/\/www.webdo.tn\/fr\/wp-json\/wp\/v2\/comments?post=172510"}],"version-history":[{"count":0,"href":"https:\/\/www.webdo.tn\/fr\/wp-json\/wp\/v2\/posts\/172510\/revisions"}],"wp:featuredmedia":[{"embeddable":true,"href":"https:\/\/www.webdo.tn\/fr\/wp-json\/wp\/v2\/media\/333966"}],"wp:attachment":[{"href":"https:\/\/www.webdo.tn\/fr\/wp-json\/wp\/v2\/media?parent=172510"}],"wp:term":[{"taxonomy":"category","embeddable":true,"href":"https:\/\/www.webdo.tn\/fr\/wp-json\/wp\/v2\/categories?post=172510"},{"taxonomy":"post_tag","embeddable":true,"href":"https:\/\/www.webdo.tn\/fr\/wp-json\/wp\/v2\/tags?post=172510"}],"curies":[{"name":"wp","href":"https:\/\/api.w.org\/{rel}","templated":true}]}}