{"id":172508,"date":"2011-10-20T20:55:00","date_gmt":"2011-10-20T20:55:00","guid":{"rendered":"https:\/\/www.webdo.tn\/fr\/blog\/a3ta9ni-a-kairouan-a-degenere\/172508\/"},"modified":"2011-10-20T20:55:00","modified_gmt":"2011-10-20T20:55:00","slug":"a3ta9ni-a-kairouan-a-degenere","status":"publish","type":"post","link":"https:\/\/www.webdo.tn\/fr\/actualite\/national\/a3ta9ni-a-kairouan-a-degenere\/172508\/","title":{"rendered":"\u00ab\u00a0A3ta9ni\u00a0\u00bb \u00e0 Kairouan a d\u00e9g\u00e9n\u00e9r\u00e9"},"content":{"rendered":"<p>Apr\u00e8s la r\u00e9ussite de celle organis\u00e9e \u00e0 Tunis, les organisateurs de \u00ab\u00a0A3ta9ni\u00a0\u00bb (laisse-moi tranquille), qui se sont fix\u00e9 pour but la d\u00e9fense de la libert\u00e9 individuelle, ont programm\u00e9 d&rsquo;autres manifestations un peu partout dans le pays. Ainsi,Sousse, Hammamet, Mahdia, Kairouan, Sfax, Le Kef s&rsquo;\u00e9taient pr\u00e9par\u00e9s pour \u00ab\u00a0A3ta9ni\u00a0\u00bb. La plupart avaient lieu ce jeudi.<\/p>\n<p>Seulement, si la manifestation \u00ab\u00a0A3ta9ni\u00a0\u00bb s&rsquo;est pass\u00e9e sans heurts \u00e0 Tunis, \u00e0 Hammamet ou encore \u00e0 Mahdia ou \u00e0 Monastir, cela n&rsquo;a pas \u00e9t\u00e9 le cas \u00e0 Sousse, mardi dernier, ou encore aujourd&rsquo;hui \u00e0 Kairouan. Des photos de l\u2019\u00e9v\u00e8nement, dans chaque r\u00e9gion, sont partag\u00e9es sur l\u2019\u00e9v\u00e8nement Facebook de la manifestation. \u00c0 Sousse par exemple, un groupe de 70 individus environ, dont certains \u00e9taient barbus, ont essay\u00e9 de \u00ab\u00a0contrer\u00a0\u00bb cette manifestation. Un \u00e9change de jet de pierre a m\u00eame eu lieu, avant que les forces de l&rsquo;ordre ne r\u00e9tablissent la situation.<\/p>\n<p>Un incident similaire a \u00e9t\u00e9 enregistr\u00e9, jeudi 20 octobre \u00e0 Kairouan, quoique bien plus grave. La manifestation \u00ab\u00a0A3ta9ni\u00a0\u00bb, qui a eu pour lieu de rassemblement, la cit\u00e9 commerciale du centre-ville de Kairouan, a compt\u00e9 des centaines de citoyens, principalement des jeunes, dans ses rangs. Au beau milieu de l\u2019\u00e9v\u00e9nement, une large bande d&rsquo;individus a intercept\u00e9 la manifestation. Apr\u00e8s un \u00e9change d&rsquo;insultes entre eux et les manifestants, une bagarre a \u00e9clat\u00e9 lorsqu&rsquo;une jeune fille, assez courageuse faut-il le dire et ne voulant pas rester passive face aux provocations, a fait un geste avec ses deux bras. Le signe avait pour but d&rsquo;apaiser la foule afin de pouvoir communiquer. Mais au lieu de cela, la jeune fille a \u00e9t\u00e9 assaillie par la bande de perturbateurs, lesquels criaient \u00ab Allah ouakbar \u00bb tout en l&rsquo;agressant, comme le montre cette vid\u00e9o enregistr\u00e9e par Radio Kairouan (voir la vid\u00e9o en bas de la page). La jeune fille a \u00e9t\u00e9 mise dans un taxi pour la faire s&rsquo;\u00e9chapper. Et malgr\u00e9 cela, les provocateurs suivaient encore le v\u00e9hicule pour l&rsquo;agresser.<\/p>\n<p>La TAP, dans sa d\u00e9p\u00eache, a dit que la jeune fille avait \u00e9t\u00e9 sauv\u00e9e par les forces de l&rsquo;ordre. Dans la vid\u00e9o, aucun policier n&rsquo;apparait. Peut-\u00eatre \u00e9taient-ils tous des agents en civil !<\/p>\n","protected":false},"excerpt":{"rendered":"<p>A3ta9ni  \u00e0 Kairouan a d\u00e9g\u00e9n\u00e9r\u00e9<\/p>\n","protected":false},"author":3222,"featured_media":333968,"comment_status":"open","ping_status":"closed","sticky":false,"template":"","format":"standard","meta":{"footnotes":""},"categories":[44],"tags":[2600],"class_list":["post-172508","post","type-post","status-publish","format-standard","has-post-thumbnail","hentry","category-national","tag-guerre"],"yoast_head":"<!-- This site is optimized with the Yoast SEO Premium plugin v27.5 (Yoast SEO v27.5) - https:\/\/yoast.com\/product\/yoast-seo-premium-wordpress\/ -->\n<title>A3ta9ni \u00e0 Kairouan a d\u00e9g\u00e9n\u00e9r\u00e9<\/title>\n<meta name=\"description\" content=\"A3ta9ni \u00e0 Kairouan a d\u00e9g\u00e9n\u00e9r\u00e9\" \/>\n<link rel=\"canonical\" href=\"https:\/\/www.webdo.tn\/fr\/actualite\/national-45\/a3ta9ni-a-kairouan-a-degenere\/172508\/\" \/>\n<meta property=\"og:locale\" content=\"fr_FR\" \/>\n<meta property=\"og:type\" content=\"article\" \/>\n<meta property=\"og:title\" content=\"&quot;A3ta9ni&quot; \u00e0 Kairouan a d\u00e9g\u00e9n\u00e9r\u00e9\" \/>\n<meta property=\"og:description\" content=\"A3ta9ni \u00e0 Kairouan a d\u00e9g\u00e9n\u00e9r\u00e9\" \/>\n<meta property=\"og:url\" content=\"https:\/\/www.webdo.tn\/fr\/actualite\/national-45\/a3ta9ni-a-kairouan-a-degenere\/172508\/\" \/>\n<meta property=\"og:site_name\" content=\"webdo\" \/>\n<meta property=\"article:publisher\" content=\"https:\/\/www.facebook.com\/webdotn\" \/>\n<meta property=\"article:published_time\" content=\"2011-10-20T20:55:00+00:00\" \/>\n<meta property=\"og:image\" content=\"https:\/\/www.webdo.tn\/fr\/wp-content\/uploads\/2011\/10\/Une-jeune-fille-de-A3ta9ni-faisant-un-geste-avec-ses-deux-bras-pour-apaiser-la-foule.jpg\" \/>\n\t<meta property=\"og:image:width\" content=\"361\" \/>\n\t<meta property=\"og:image:height\" content=\"261\" \/>\n\t<meta property=\"og:image:type\" content=\"image\/jpeg\" \/>\n<meta name=\"author\" content=\"webdo.tn\" \/>\n<meta name=\"twitter:card\" content=\"summary_large_image\" \/>\n<meta name=\"twitter:creator\" content=\"@webdo_tn\" \/>\n<meta name=\"twitter:site\" content=\"@webdo_tn\" \/>\n<meta name=\"twitter:label1\" content=\"\u00c9crit par\" \/>\n\t<meta name=\"twitter:data1\" content=\"webdo.tn\" \/>\n\t<meta name=\"twitter:label2\" content=\"Dur\u00e9e de lecture estim\u00e9e\" \/>\n\t<meta name=\"twitter:data2\" content=\"2 minutes\" \/>\n<script type=\"application\/ld+json\" class=\"yoast-schema-graph\">{\"@context\":\"https:\\\/\\\/schema.org\",\"@graph\":[{\"@type\":\"NewsArticle\",\"@id\":\"https:\\\/\\\/www.webdo.tn\\\/fr\\\/actualite\\\/national-45\\\/a3ta9ni-a-kairouan-a-degenere\\\/172508\\\/#article\",\"isPartOf\":{\"@id\":\"https:\\\/\\\/www.webdo.tn\\\/fr\\\/actualite\\\/national-45\\\/a3ta9ni-a-kairouan-a-degenere\\\/172508\\\/\"},\"author\":{\"name\":\"webdo.tn\",\"@id\":\"https:\\\/\\\/www.webdo.tn\\\/fr\\\/#\\\/schema\\\/person\\\/9a9c6118d687c117df8ef3cc36a4d175\"},\"headline\":\"\u00ab\u00a0A3ta9ni\u00a0\u00bb \u00e0 Kairouan a d\u00e9g\u00e9n\u00e9r\u00e9\",\"datePublished\":\"2011-10-20T20:55:00+00:00\",\"mainEntityOfPage\":{\"@id\":\"https:\\\/\\\/www.webdo.tn\\\/fr\\\/actualite\\\/national-45\\\/a3ta9ni-a-kairouan-a-degenere\\\/172508\\\/\"},\"wordCount\":395,\"commentCount\":0,\"publisher\":{\"@id\":\"https:\\\/\\\/www.webdo.tn\\\/fr\\\/#organization\"},\"image\":{\"@id\":\"https:\\\/\\\/www.webdo.tn\\\/fr\\\/actualite\\\/national-45\\\/a3ta9ni-a-kairouan-a-degenere\\\/172508\\\/#primaryimage\"},\"thumbnailUrl\":\"https:\\\/\\\/www.webdo.tn\\\/fr\\\/wp-content\\\/uploads\\\/2011\\\/10\\\/Une-jeune-fille-de-A3ta9ni-faisant-un-geste-avec-ses-deux-bras-pour-apaiser-la-foule.jpg\",\"keywords\":[\"guerre\"],\"articleSection\":[\"National\"],\"inLanguage\":\"fr-FR\"},{\"@type\":\"WebPage\",\"@id\":\"https:\\\/\\\/www.webdo.tn\\\/fr\\\/actualite\\\/national-45\\\/a3ta9ni-a-kairouan-a-degenere\\\/172508\\\/\",\"url\":\"https:\\\/\\\/www.webdo.tn\\\/fr\\\/actualite\\\/national-45\\\/a3ta9ni-a-kairouan-a-degenere\\\/172508\\\/\",\"name\":\"A3ta9ni \u00e0 Kairouan a d\u00e9g\u00e9n\u00e9r\u00e9\",\"isPartOf\":{\"@id\":\"https:\\\/\\\/www.webdo.tn\\\/fr\\\/#website\"},\"primaryImageOfPage\":{\"@id\":\"https:\\\/\\\/www.webdo.tn\\\/fr\\\/actualite\\\/national-45\\\/a3ta9ni-a-kairouan-a-degenere\\\/172508\\\/#primaryimage\"},\"image\":{\"@id\":\"https:\\\/\\\/www.webdo.tn\\\/fr\\\/actualite\\\/national-45\\\/a3ta9ni-a-kairouan-a-degenere\\\/172508\\\/#primaryimage\"},\"thumbnailUrl\":\"https:\\\/\\\/www.webdo.tn\\\/fr\\\/wp-content\\\/uploads\\\/2011\\\/10\\\/Une-jeune-fille-de-A3ta9ni-faisant-un-geste-avec-ses-deux-bras-pour-apaiser-la-foule.jpg\",\"datePublished\":\"2011-10-20T20:55:00+00:00\",\"description\":\"A3ta9ni \u00e0 Kairouan a d\u00e9g\u00e9n\u00e9r\u00e9\",\"breadcrumb\":{\"@id\":\"https:\\\/\\\/www.webdo.tn\\\/fr\\\/actualite\\\/national-45\\\/a3ta9ni-a-kairouan-a-degenere\\\/172508\\\/#breadcrumb\"},\"inLanguage\":\"fr-FR\",\"potentialAction\":[{\"@type\":\"ReadAction\",\"target\":[\"https:\\\/\\\/www.webdo.tn\\\/fr\\\/actualite\\\/national-45\\\/a3ta9ni-a-kairouan-a-degenere\\\/172508\\\/\"]}]},{\"@type\":\"ImageObject\",\"inLanguage\":\"fr-FR\",\"@id\":\"https:\\\/\\\/www.webdo.tn\\\/fr\\\/actualite\\\/national-45\\\/a3ta9ni-a-kairouan-a-degenere\\\/172508\\\/#primaryimage\",\"url\":\"https:\\\/\\\/www.webdo.tn\\\/fr\\\/wp-content\\\/uploads\\\/2011\\\/10\\\/Une-jeune-fille-de-A3ta9ni-faisant-un-geste-avec-ses-deux-bras-pour-apaiser-la-foule.jpg\",\"contentUrl\":\"https:\\\/\\\/www.webdo.tn\\\/fr\\\/wp-content\\\/uploads\\\/2011\\\/10\\\/Une-jeune-fille-de-A3ta9ni-faisant-un-geste-avec-ses-deux-bras-pour-apaiser-la-foule.jpg\",\"width\":361,\"height\":261,\"caption\":\"\\\"A3ta9ni\\\" \u00e0 Kairouan a d\u00e9g\u00e9n\u00e9r\u00e9\"},{\"@type\":\"BreadcrumbList\",\"@id\":\"https:\\\/\\\/www.webdo.tn\\\/fr\\\/actualite\\\/national-45\\\/a3ta9ni-a-kairouan-a-degenere\\\/172508\\\/#breadcrumb\",\"itemListElement\":[{\"@type\":\"ListItem\",\"position\":1,\"name\":\"Accueil\",\"item\":\"https:\\\/\\\/www.webdo.tn\\\/fr\\\/\"},{\"@type\":\"ListItem\",\"position\":2,\"name\":\"\u00ab\u00a0A3ta9ni\u00a0\u00bb \u00e0 Kairouan a d\u00e9g\u00e9n\u00e9r\u00e9\"}]},{\"@type\":\"WebSite\",\"@id\":\"https:\\\/\\\/www.webdo.tn\\\/fr\\\/#website\",\"url\":\"https:\\\/\\\/www.webdo.tn\\\/fr\\\/\",\"name\":\"webdo\",\"description\":\"Tunisie - News en Tunisie et \u00e0 l&#039;international sur Webdo.tn\",\"publisher\":{\"@id\":\"https:\\\/\\\/www.webdo.tn\\\/fr\\\/#organization\"},\"potentialAction\":[{\"@type\":\"SearchAction\",\"target\":{\"@type\":\"EntryPoint\",\"urlTemplate\":\"https:\\\/\\\/www.webdo.tn\\\/fr\\\/?s={search_term_string}\"},\"query-input\":{\"@type\":\"PropertyValueSpecification\",\"valueRequired\":true,\"valueName\":\"search_term_string\"}}],\"inLanguage\":\"fr-FR\"},{\"@type\":\"Organization\",\"@id\":\"https:\\\/\\\/www.webdo.tn\\\/fr\\\/#organization\",\"name\":\"Webdo\",\"alternateName\":\"Webdo.tn\",\"url\":\"https:\\\/\\\/www.webdo.tn\\\/fr\\\/\",\"logo\":{\"@type\":\"ImageObject\",\"inLanguage\":\"fr-FR\",\"@id\":\"https:\\\/\\\/www.webdo.tn\\\/fr\\\/#\\\/schema\\\/logo\\\/image\\\/\",\"url\":\"https:\\\/\\\/www.webdo.tn\\\/fr\\\/wp-content\\\/uploads\\\/2025\\\/06\\\/Webdo-Tunisie_168377.jpg\",\"contentUrl\":\"https:\\\/\\\/www.webdo.tn\\\/fr\\\/wp-content\\\/uploads\\\/2025\\\/06\\\/Webdo-Tunisie_168377.jpg\",\"width\":301,\"height\":301,\"caption\":\"Webdo\"},\"image\":{\"@id\":\"https:\\\/\\\/www.webdo.tn\\\/fr\\\/#\\\/schema\\\/logo\\\/image\\\/\"},\"sameAs\":[\"https:\\\/\\\/www.facebook.com\\\/webdotn\",\"https:\\\/\\\/x.com\\\/webdo_tn\"],\"description\":\"Webdo est un m\u00e9dia num\u00e9rique tunisien fond\u00e9 en 2010, sp\u00e9cialis\u00e9 dans l\u2019actualit\u00e9 nationale et internationale, l\u2019\u00e9conomie, la soci\u00e9t\u00e9 et les analyses politiques. Le site s\u2019adresse \u00e0 un large public francophone et couvre l\u2019information tunisienne en temps r\u00e9el.\",\"email\":\"redac@webdo.tn\",\"legalName\":\"YNJ SARL\",\"foundingDate\":\"2010-09-06\",\"numberOfEmployees\":{\"@type\":\"QuantitativeValue\",\"minValue\":\"11\",\"maxValue\":\"50\"}},{\"@type\":\"Person\",\"@id\":\"https:\\\/\\\/www.webdo.tn\\\/fr\\\/#\\\/schema\\\/person\\\/9a9c6118d687c117df8ef3cc36a4d175\",\"name\":\"webdo.tn\",\"image\":{\"@type\":\"ImageObject\",\"inLanguage\":\"fr-FR\",\"@id\":\"https:\\\/\\\/secure.gravatar.com\\\/avatar\\\/7ce1f28c0c3bbac99ff550b85ef8e44a6950c6ee24514fb6a5489e51d06f0298?s=96&d=mm&r=g\",\"url\":\"https:\\\/\\\/secure.gravatar.com\\\/avatar\\\/7ce1f28c0c3bbac99ff550b85ef8e44a6950c6ee24514fb6a5489e51d06f0298?s=96&d=mm&r=g\",\"contentUrl\":\"https:\\\/\\\/secure.gravatar.com\\\/avatar\\\/7ce1f28c0c3bbac99ff550b85ef8e44a6950c6ee24514fb6a5489e51d06f0298?s=96&d=mm&r=g\",\"caption\":\"webdo.tn\"},\"url\":\"https:\\\/\\\/www.webdo.tn\\\/fr\\\/actualite\\\/author\\\/webdotn\\\/\"}]}<\/script>\n<!-- \/ Yoast SEO Premium plugin. -->","yoast_head_json":{"title":"A3ta9ni \u00e0 Kairouan a d\u00e9g\u00e9n\u00e9r\u00e9","description":"A3ta9ni \u00e0 Kairouan a d\u00e9g\u00e9n\u00e9r\u00e9","canonical":"https:\/\/www.webdo.tn\/fr\/actualite\/national-45\/a3ta9ni-a-kairouan-a-degenere\/172508\/","og_locale":"fr_FR","og_type":"article","og_title":"\"A3ta9ni\" \u00e0 Kairouan a d\u00e9g\u00e9n\u00e9r\u00e9","og_description":"A3ta9ni \u00e0 Kairouan a d\u00e9g\u00e9n\u00e9r\u00e9","og_url":"https:\/\/www.webdo.tn\/fr\/actualite\/national-45\/a3ta9ni-a-kairouan-a-degenere\/172508\/","og_site_name":"webdo","article_publisher":"https:\/\/www.facebook.com\/webdotn","article_published_time":"2011-10-20T20:55:00+00:00","og_image":[{"width":361,"height":261,"url":"https:\/\/www.webdo.tn\/fr\/wp-content\/uploads\/2011\/10\/Une-jeune-fille-de-A3ta9ni-faisant-un-geste-avec-ses-deux-bras-pour-apaiser-la-foule.jpg","type":"image\/jpeg"}],"author":"webdo.tn","twitter_card":"summary_large_image","twitter_creator":"@webdo_tn","twitter_site":"@webdo_tn","twitter_misc":{"\u00c9crit par":"webdo.tn","Dur\u00e9e de lecture estim\u00e9e":"2 minutes"},"schema":{"@context":"https:\/\/schema.org","@graph":[{"@type":"NewsArticle","@id":"https:\/\/www.webdo.tn\/fr\/actualite\/national-45\/a3ta9ni-a-kairouan-a-degenere\/172508\/#article","isPartOf":{"@id":"https:\/\/www.webdo.tn\/fr\/actualite\/national-45\/a3ta9ni-a-kairouan-a-degenere\/172508\/"},"author":{"name":"webdo.tn","@id":"https:\/\/www.webdo.tn\/fr\/#\/schema\/person\/9a9c6118d687c117df8ef3cc36a4d175"},"headline":"\u00ab\u00a0A3ta9ni\u00a0\u00bb \u00e0 Kairouan a d\u00e9g\u00e9n\u00e9r\u00e9","datePublished":"2011-10-20T20:55:00+00:00","mainEntityOfPage":{"@id":"https:\/\/www.webdo.tn\/fr\/actualite\/national-45\/a3ta9ni-a-kairouan-a-degenere\/172508\/"},"wordCount":395,"commentCount":0,"publisher":{"@id":"https:\/\/www.webdo.tn\/fr\/#organization"},"image":{"@id":"https:\/\/www.webdo.tn\/fr\/actualite\/national-45\/a3ta9ni-a-kairouan-a-degenere\/172508\/#primaryimage"},"thumbnailUrl":"https:\/\/www.webdo.tn\/fr\/wp-content\/uploads\/2011\/10\/Une-jeune-fille-de-A3ta9ni-faisant-un-geste-avec-ses-deux-bras-pour-apaiser-la-foule.jpg","keywords":["guerre"],"articleSection":["National"],"inLanguage":"fr-FR"},{"@type":"WebPage","@id":"https:\/\/www.webdo.tn\/fr\/actualite\/national-45\/a3ta9ni-a-kairouan-a-degenere\/172508\/","url":"https:\/\/www.webdo.tn\/fr\/actualite\/national-45\/a3ta9ni-a-kairouan-a-degenere\/172508\/","name":"A3ta9ni \u00e0 Kairouan a d\u00e9g\u00e9n\u00e9r\u00e9","isPartOf":{"@id":"https:\/\/www.webdo.tn\/fr\/#website"},"primaryImageOfPage":{"@id":"https:\/\/www.webdo.tn\/fr\/actualite\/national-45\/a3ta9ni-a-kairouan-a-degenere\/172508\/#primaryimage"},"image":{"@id":"https:\/\/www.webdo.tn\/fr\/actualite\/national-45\/a3ta9ni-a-kairouan-a-degenere\/172508\/#primaryimage"},"thumbnailUrl":"https:\/\/www.webdo.tn\/fr\/wp-content\/uploads\/2011\/10\/Une-jeune-fille-de-A3ta9ni-faisant-un-geste-avec-ses-deux-bras-pour-apaiser-la-foule.jpg","datePublished":"2011-10-20T20:55:00+00:00","description":"A3ta9ni \u00e0 Kairouan a d\u00e9g\u00e9n\u00e9r\u00e9","breadcrumb":{"@id":"https:\/\/www.webdo.tn\/fr\/actualite\/national-45\/a3ta9ni-a-kairouan-a-degenere\/172508\/#breadcrumb"},"inLanguage":"fr-FR","potentialAction":[{"@type":"ReadAction","target":["https:\/\/www.webdo.tn\/fr\/actualite\/national-45\/a3ta9ni-a-kairouan-a-degenere\/172508\/"]}]},{"@type":"ImageObject","inLanguage":"fr-FR","@id":"https:\/\/www.webdo.tn\/fr\/actualite\/national-45\/a3ta9ni-a-kairouan-a-degenere\/172508\/#primaryimage","url":"https:\/\/www.webdo.tn\/fr\/wp-content\/uploads\/2011\/10\/Une-jeune-fille-de-A3ta9ni-faisant-un-geste-avec-ses-deux-bras-pour-apaiser-la-foule.jpg","contentUrl":"https:\/\/www.webdo.tn\/fr\/wp-content\/uploads\/2011\/10\/Une-jeune-fille-de-A3ta9ni-faisant-un-geste-avec-ses-deux-bras-pour-apaiser-la-foule.jpg","width":361,"height":261,"caption":"\"A3ta9ni\" \u00e0 Kairouan a d\u00e9g\u00e9n\u00e9r\u00e9"},{"@type":"BreadcrumbList","@id":"https:\/\/www.webdo.tn\/fr\/actualite\/national-45\/a3ta9ni-a-kairouan-a-degenere\/172508\/#breadcrumb","itemListElement":[{"@type":"ListItem","position":1,"name":"Accueil","item":"https:\/\/www.webdo.tn\/fr\/"},{"@type":"ListItem","position":2,"name":"\u00ab\u00a0A3ta9ni\u00a0\u00bb \u00e0 Kairouan a d\u00e9g\u00e9n\u00e9r\u00e9"}]},{"@type":"WebSite","@id":"https:\/\/www.webdo.tn\/fr\/#website","url":"https:\/\/www.webdo.tn\/fr\/","name":"webdo","description":"Tunisie - News en Tunisie et \u00e0 l&#039;international sur Webdo.tn","publisher":{"@id":"https:\/\/www.webdo.tn\/fr\/#organization"},"potentialAction":[{"@type":"SearchAction","target":{"@type":"EntryPoint","urlTemplate":"https:\/\/www.webdo.tn\/fr\/?s={search_term_string}"},"query-input":{"@type":"PropertyValueSpecification","valueRequired":true,"valueName":"search_term_string"}}],"inLanguage":"fr-FR"},{"@type":"Organization","@id":"https:\/\/www.webdo.tn\/fr\/#organization","name":"Webdo","alternateName":"Webdo.tn","url":"https:\/\/www.webdo.tn\/fr\/","logo":{"@type":"ImageObject","inLanguage":"fr-FR","@id":"https:\/\/www.webdo.tn\/fr\/#\/schema\/logo\/image\/","url":"https:\/\/www.webdo.tn\/fr\/wp-content\/uploads\/2025\/06\/Webdo-Tunisie_168377.jpg","contentUrl":"https:\/\/www.webdo.tn\/fr\/wp-content\/uploads\/2025\/06\/Webdo-Tunisie_168377.jpg","width":301,"height":301,"caption":"Webdo"},"image":{"@id":"https:\/\/www.webdo.tn\/fr\/#\/schema\/logo\/image\/"},"sameAs":["https:\/\/www.facebook.com\/webdotn","https:\/\/x.com\/webdo_tn"],"description":"Webdo est un m\u00e9dia num\u00e9rique tunisien fond\u00e9 en 2010, sp\u00e9cialis\u00e9 dans l\u2019actualit\u00e9 nationale et internationale, l\u2019\u00e9conomie, la soci\u00e9t\u00e9 et les analyses politiques. Le site s\u2019adresse \u00e0 un large public francophone et couvre l\u2019information tunisienne en temps r\u00e9el.","email":"redac@webdo.tn","legalName":"YNJ SARL","foundingDate":"2010-09-06","numberOfEmployees":{"@type":"QuantitativeValue","minValue":"11","maxValue":"50"}},{"@type":"Person","@id":"https:\/\/www.webdo.tn\/fr\/#\/schema\/person\/9a9c6118d687c117df8ef3cc36a4d175","name":"webdo.tn","image":{"@type":"ImageObject","inLanguage":"fr-FR","@id":"https:\/\/secure.gravatar.com\/avatar\/7ce1f28c0c3bbac99ff550b85ef8e44a6950c6ee24514fb6a5489e51d06f0298?s=96&d=mm&r=g","url":"https:\/\/secure.gravatar.com\/avatar\/7ce1f28c0c3bbac99ff550b85ef8e44a6950c6ee24514fb6a5489e51d06f0298?s=96&d=mm&r=g","contentUrl":"https:\/\/secure.gravatar.com\/avatar\/7ce1f28c0c3bbac99ff550b85ef8e44a6950c6ee24514fb6a5489e51d06f0298?s=96&d=mm&r=g","caption":"webdo.tn"},"url":"https:\/\/www.webdo.tn\/fr\/actualite\/author\/webdotn\/"}]}},"_links":{"self":[{"href":"https:\/\/www.webdo.tn\/fr\/wp-json\/wp\/v2\/posts\/172508","targetHints":{"allow":["GET"]}}],"collection":[{"href":"https:\/\/www.webdo.tn\/fr\/wp-json\/wp\/v2\/posts"}],"about":[{"href":"https:\/\/www.webdo.tn\/fr\/wp-json\/wp\/v2\/types\/post"}],"author":[{"embeddable":true,"href":"https:\/\/www.webdo.tn\/fr\/wp-json\/wp\/v2\/users\/3222"}],"replies":[{"embeddable":true,"href":"https:\/\/www.webdo.tn\/fr\/wp-json\/wp\/v2\/comments?post=172508"}],"version-history":[{"count":0,"href":"https:\/\/www.webdo.tn\/fr\/wp-json\/wp\/v2\/posts\/172508\/revisions"}],"wp:featuredmedia":[{"embeddable":true,"href":"https:\/\/www.webdo.tn\/fr\/wp-json\/wp\/v2\/media\/333968"}],"wp:attachment":[{"href":"https:\/\/www.webdo.tn\/fr\/wp-json\/wp\/v2\/media?parent=172508"}],"wp:term":[{"taxonomy":"category","embeddable":true,"href":"https:\/\/www.webdo.tn\/fr\/wp-json\/wp\/v2\/categories?post=172508"},{"taxonomy":"post_tag","embeddable":true,"href":"https:\/\/www.webdo.tn\/fr\/wp-json\/wp\/v2\/tags?post=172508"}],"curies":[{"name":"wp","href":"https:\/\/api.w.org\/{rel}","templated":true}]}}