{"id":172505,"date":"2011-10-21T19:23:00","date_gmt":"2011-10-21T19:23:00","guid":{"rendered":"https:\/\/www.webdo.tn\/fr\/actualite\/blog\/campagne-electorale-le-point-dorgue\/172505\/"},"modified":"2011-10-21T19:23:00","modified_gmt":"2011-10-21T19:23:00","slug":"campagne-electorale-le-point-dorgue","status":"publish","type":"post","link":"https:\/\/www.webdo.tn\/fr\/actualite\/national\/campagne-electorale-le-point-dorgue\/172505\/","title":{"rendered":"Campagne \u00e9lectorale : le point d\u2019orgue"},"content":{"rendered":"<p>Il y a comme un air d\u2019une fin de quelque chose ces jours-ci. Hier, dans un long discours aux tonalit\u00e9s de bilan, Mr. B\u00e9ji Ca\u00efd Essebsi a rappel\u00e9 l\u2019\u0153uvre de son gouvernement provisoire o\u00f9 l\u2019autosatisfaction le dispute \u00e0 l\u2019espoir dans une Tunisie r\u00e9solument tourn\u00e9e vers la d\u00e9mocratie. Et c\u2019est ce soir que se cl\u00f4t la campagne \u00e9lectorale de l\u2019\u00e9lection de l\u2019Assembl\u00e9e constituante. Tous les partis vont jeter toutes leurs forces dans les derniers meetings qui constituent le point d\u2019orgue d\u2019une campagne qui aura d\u00e9but\u00e9 relativement timidement et achev\u00e9e tambour battant. La grande multiplicit\u00e9 des listes et des candidatures a rendu quelque peu le choix des citoyens difficile. <\/p>\n<p>Toujours est-il que dans deux jours, le 23 octobre 2011, la R\u00e9volution du 14 janvier prendra tout son sens \u00e0 travers des \u00e9lections libres, transparentes et d\u00e9mocratiques. \u00ab Aux urnes, citoyens ! \u00bb, jamais une expression n\u2019a \u00e9t\u00e9 aussi percutante, appelant tous Tunisiens \u00e0 vivre pleinement, et ce pour la premi\u00e8re fois, leur citoyennet\u00e9. C\u2019est un moment extraordinaire o\u00f9 le citoyen aura \u00e0 accomplir le droit mais aussi le devoir de choisir en toute conscience le candidat et la liste que ce dernier conduit.<\/p>\n<p>Pour tous les ind\u00e9cis, et ils sont l\u00e9gion, il reste donc quarante huit heures pour se d\u00e9cider. C\u2019est dire combien sont importants les derniers meetings de ce soir. Car jusque l\u00e0 la campagne qui s\u2019est d\u00e9roul\u00e9e dans une ambiance de relative s\u00e9r\u00e9nit\u00e9, a manqu\u00e9 de mordant. Certes il y a eu de la visibilit\u00e9, mais force est de reconna\u00eetre que les modalit\u00e9s de la pr\u00e9sentation des diff\u00e9rents candidats n\u2019ont fait mouche que partiellement. A la t\u00e9l\u00e9vision, le d\u00e9fil\u00e9 des t\u00eates de listes a permis aux t\u00e9l\u00e9spectateurs d\u2019identifier les visages mais non de conna\u00eetre leurs programmes comme il se doit. Car l\u00e0 est, nous semble-t-il  le talon d\u2019Achille de cette campagne. Certes il a y eu des d\u00e9bats qui ont \u00e9clair\u00e9 un tant soit peu les lanternes des Tunisiens, il n\u2019en demeure pas moins que le vif du sujet \u00e0 savoir la question de la nouvelle constitution n\u2019a pas \u00e9t\u00e9 suffisamment discut\u00e9e. <\/p>\n<p>Un autre point aura caract\u00e9ris\u00e9 la campagne \u00e9lectorale, c\u2019es la polarisation du paysage politique entre deux blocs antith\u00e9tiques : les islamistes d\u2019une part et les progressistes d\u2019autre part. Cette bi polarit\u00e9 est-elle le reflet de la r\u00e9alit\u00e9 ? C\u2019est une question qui para\u00eet d\u2019autant plus pertinente que des divergences apparaissent au grand  jour ces derniers jours au sein du front que constituent les forces du progr\u00e8s. Un seul exemple nous para\u00eet \u00e9difiant, c\u2019es la divergence des points de vue entre le PDP de A. Chebbi et Ettakatol de M. Ben Ja\u00e2far. Cette divergence est d\u2019autant plus importante qu\u2019elle porte sur les \u00e9ventuels rapports avec le parti Ennahdha au sortir du scrutin du 23 octobre. La possibilit\u00e9 d\u2019une probable alliance du centriste Ben Ja\u00e2far avec le parti de Rached Ghannouchi a sem\u00e9 le trouble, mais le leader du Forum et son bras droit M. Zaouia ont vite d\u00e9menti. Ce trouble s\u2019explique par les d\u00e9clarations tonitruantes et graves des leaders d\u2019Ennahdha. Jugez-en : Rached Ghannouchi menacent de manifester sa col\u00e8re au cas o\u00f9 des trucages du scrutin seront av\u00e9r\u00e9s. ; Hammadi Jebali, rapporte le quotidien fran\u00e7ais, Le Monde, estime que les salafistes ont leur place dans le paysage politique. Voil\u00e0 ce qui est de nature \u00e0 renforcer la polarit\u00e9 du paysage politique pourtant \u00e9minemment pluriel. Voil\u00e0 ce qui alimente la suspicion \u00e0 l\u2019\u00e9gard d\u2019Ennahdha.<\/p>\n<p>Tous les yeux sont aujourd\u2019hui braqu\u00e9s sur la Tunisie et gageons qu\u2019au soir du 23 les r\u00e9sultats ne donneront \u00e0 voir aucune h\u00e9g\u00e9monie. Une victoire \u00e9crasante de quelque parti que ce soit laissera planer le risque d\u2019un pouvoir absolu que la Tunisiens ne sauraient accepter. Le Temps de la dictature est d\u00e9finitivement r\u00e9volu.<\/p>\n","protected":false},"excerpt":{"rendered":"<p>Campagne \u00e9lectorale : le point d\u2019orgue<\/p>\n","protected":false},"author":3222,"featured_media":365084,"comment_status":"open","ping_status":"closed","sticky":false,"template":"","format":"standard","meta":{"footnotes":""},"categories":[44],"tags":[],"class_list":["post-172505","post","type-post","status-publish","format-standard","has-post-thumbnail","hentry","category-national"],"yoast_head":"<!-- This site is optimized with the Yoast SEO Premium plugin v27.5 (Yoast SEO v27.5) - https:\/\/yoast.com\/product\/yoast-seo-premium-wordpress\/ -->\n<title>Campagne \u00e9lectorale : le point d\u2019orgue<\/title>\n<meta name=\"description\" content=\"Campagne \u00e9lectorale : le point d\u2019orgue\" \/>\n<link rel=\"canonical\" href=\"https:\/\/www.webdo.tn\/fr\/actualite\/national\/campagne-electorale-le-point-dorgue\/172505\/\" \/>\n<meta property=\"og:locale\" content=\"fr_FR\" \/>\n<meta property=\"og:type\" content=\"article\" \/>\n<meta property=\"og:title\" content=\"Campagne \u00e9lectorale : le point d\u2019orgue\" \/>\n<meta property=\"og:description\" content=\"Campagne \u00e9lectorale : le point d\u2019orgue\" \/>\n<meta property=\"og:url\" content=\"https:\/\/www.webdo.tn\/fr\/actualite\/national\/campagne-electorale-le-point-dorgue\/172505\/\" \/>\n<meta property=\"og:site_name\" content=\"webdo\" \/>\n<meta property=\"article:publisher\" content=\"https:\/\/www.facebook.com\/webdotn\" \/>\n<meta property=\"article:published_time\" content=\"2011-10-21T19:23:00+00:00\" \/>\n<meta property=\"og:image\" content=\"https:\/\/www.webdo.tn\/fr\/wp-content\/uploads\/2011\/10\/campagne-electoral-150x150-1.jpg\" \/>\n\t<meta property=\"og:image:width\" content=\"150\" \/>\n\t<meta property=\"og:image:height\" content=\"150\" \/>\n\t<meta property=\"og:image:type\" content=\"image\/jpeg\" \/>\n<meta name=\"author\" content=\"webdo.tn\" \/>\n<meta name=\"twitter:card\" content=\"summary_large_image\" \/>\n<meta name=\"twitter:creator\" content=\"@webdo_tn\" \/>\n<meta name=\"twitter:site\" content=\"@webdo_tn\" \/>\n<meta name=\"twitter:label1\" content=\"\u00c9crit par\" \/>\n\t<meta name=\"twitter:data1\" content=\"webdo.tn\" \/>\n\t<meta name=\"twitter:label2\" content=\"Dur\u00e9e de lecture estim\u00e9e\" \/>\n\t<meta name=\"twitter:data2\" content=\"3 minutes\" \/>\n<script type=\"application\/ld+json\" class=\"yoast-schema-graph\">{\"@context\":\"https:\\\/\\\/schema.org\",\"@graph\":[{\"@type\":\"NewsArticle\",\"@id\":\"https:\\\/\\\/www.webdo.tn\\\/fr\\\/actualite\\\/national\\\/campagne-electorale-le-point-dorgue\\\/172505\\\/#article\",\"isPartOf\":{\"@id\":\"https:\\\/\\\/www.webdo.tn\\\/fr\\\/actualite\\\/national\\\/campagne-electorale-le-point-dorgue\\\/172505\\\/\"},\"author\":{\"name\":\"webdo.tn\",\"@id\":\"https:\\\/\\\/www.webdo.tn\\\/fr\\\/#\\\/schema\\\/person\\\/9a9c6118d687c117df8ef3cc36a4d175\"},\"headline\":\"Campagne \u00e9lectorale : le point d\u2019orgue\",\"datePublished\":\"2011-10-21T19:23:00+00:00\",\"mainEntityOfPage\":{\"@id\":\"https:\\\/\\\/www.webdo.tn\\\/fr\\\/actualite\\\/national\\\/campagne-electorale-le-point-dorgue\\\/172505\\\/\"},\"wordCount\":690,\"commentCount\":0,\"publisher\":{\"@id\":\"https:\\\/\\\/www.webdo.tn\\\/fr\\\/#organization\"},\"image\":{\"@id\":\"https:\\\/\\\/www.webdo.tn\\\/fr\\\/actualite\\\/national\\\/campagne-electorale-le-point-dorgue\\\/172505\\\/#primaryimage\"},\"thumbnailUrl\":\"https:\\\/\\\/www.webdo.tn\\\/fr\\\/wp-content\\\/uploads\\\/2011\\\/10\\\/campagne-electoral-150x150-1.jpg\",\"articleSection\":[\"National\"],\"inLanguage\":\"fr-FR\"},{\"@type\":\"WebPage\",\"@id\":\"https:\\\/\\\/www.webdo.tn\\\/fr\\\/actualite\\\/national\\\/campagne-electorale-le-point-dorgue\\\/172505\\\/\",\"url\":\"https:\\\/\\\/www.webdo.tn\\\/fr\\\/actualite\\\/national\\\/campagne-electorale-le-point-dorgue\\\/172505\\\/\",\"name\":\"Campagne \u00e9lectorale : le point d\u2019orgue\",\"isPartOf\":{\"@id\":\"https:\\\/\\\/www.webdo.tn\\\/fr\\\/#website\"},\"primaryImageOfPage\":{\"@id\":\"https:\\\/\\\/www.webdo.tn\\\/fr\\\/actualite\\\/national\\\/campagne-electorale-le-point-dorgue\\\/172505\\\/#primaryimage\"},\"image\":{\"@id\":\"https:\\\/\\\/www.webdo.tn\\\/fr\\\/actualite\\\/national\\\/campagne-electorale-le-point-dorgue\\\/172505\\\/#primaryimage\"},\"thumbnailUrl\":\"https:\\\/\\\/www.webdo.tn\\\/fr\\\/wp-content\\\/uploads\\\/2011\\\/10\\\/campagne-electoral-150x150-1.jpg\",\"datePublished\":\"2011-10-21T19:23:00+00:00\",\"description\":\"Campagne \u00e9lectorale : le point d\u2019orgue\",\"breadcrumb\":{\"@id\":\"https:\\\/\\\/www.webdo.tn\\\/fr\\\/actualite\\\/national\\\/campagne-electorale-le-point-dorgue\\\/172505\\\/#breadcrumb\"},\"inLanguage\":\"fr-FR\",\"potentialAction\":[{\"@type\":\"ReadAction\",\"target\":[\"https:\\\/\\\/www.webdo.tn\\\/fr\\\/actualite\\\/national\\\/campagne-electorale-le-point-dorgue\\\/172505\\\/\"]}]},{\"@type\":\"ImageObject\",\"inLanguage\":\"fr-FR\",\"@id\":\"https:\\\/\\\/www.webdo.tn\\\/fr\\\/actualite\\\/national\\\/campagne-electorale-le-point-dorgue\\\/172505\\\/#primaryimage\",\"url\":\"https:\\\/\\\/www.webdo.tn\\\/fr\\\/wp-content\\\/uploads\\\/2011\\\/10\\\/campagne-electoral-150x150-1.jpg\",\"contentUrl\":\"https:\\\/\\\/www.webdo.tn\\\/fr\\\/wp-content\\\/uploads\\\/2011\\\/10\\\/campagne-electoral-150x150-1.jpg\",\"width\":150,\"height\":150,\"caption\":\"Campagne \u00e9lectorale : le point d\u2019orgue\"},{\"@type\":\"BreadcrumbList\",\"@id\":\"https:\\\/\\\/www.webdo.tn\\\/fr\\\/actualite\\\/national\\\/campagne-electorale-le-point-dorgue\\\/172505\\\/#breadcrumb\",\"itemListElement\":[{\"@type\":\"ListItem\",\"position\":1,\"name\":\"Accueil\",\"item\":\"https:\\\/\\\/www.webdo.tn\\\/fr\\\/\"},{\"@type\":\"ListItem\",\"position\":2,\"name\":\"Campagne \u00e9lectorale : le point d\u2019orgue\"}]},{\"@type\":\"WebSite\",\"@id\":\"https:\\\/\\\/www.webdo.tn\\\/fr\\\/#website\",\"url\":\"https:\\\/\\\/www.webdo.tn\\\/fr\\\/\",\"name\":\"webdo\",\"description\":\"Tunisie - News en Tunisie et \u00e0 l&#039;international sur Webdo.tn\",\"publisher\":{\"@id\":\"https:\\\/\\\/www.webdo.tn\\\/fr\\\/#organization\"},\"potentialAction\":[{\"@type\":\"SearchAction\",\"target\":{\"@type\":\"EntryPoint\",\"urlTemplate\":\"https:\\\/\\\/www.webdo.tn\\\/fr\\\/?s={search_term_string}\"},\"query-input\":{\"@type\":\"PropertyValueSpecification\",\"valueRequired\":true,\"valueName\":\"search_term_string\"}}],\"inLanguage\":\"fr-FR\"},{\"@type\":\"Organization\",\"@id\":\"https:\\\/\\\/www.webdo.tn\\\/fr\\\/#organization\",\"name\":\"Webdo\",\"alternateName\":\"Webdo.tn\",\"url\":\"https:\\\/\\\/www.webdo.tn\\\/fr\\\/\",\"logo\":{\"@type\":\"ImageObject\",\"inLanguage\":\"fr-FR\",\"@id\":\"https:\\\/\\\/www.webdo.tn\\\/fr\\\/#\\\/schema\\\/logo\\\/image\\\/\",\"url\":\"https:\\\/\\\/www.webdo.tn\\\/fr\\\/wp-content\\\/uploads\\\/2025\\\/06\\\/Webdo-Tunisie_168377.jpg\",\"contentUrl\":\"https:\\\/\\\/www.webdo.tn\\\/fr\\\/wp-content\\\/uploads\\\/2025\\\/06\\\/Webdo-Tunisie_168377.jpg\",\"width\":301,\"height\":301,\"caption\":\"Webdo\"},\"image\":{\"@id\":\"https:\\\/\\\/www.webdo.tn\\\/fr\\\/#\\\/schema\\\/logo\\\/image\\\/\"},\"sameAs\":[\"https:\\\/\\\/www.facebook.com\\\/webdotn\",\"https:\\\/\\\/x.com\\\/webdo_tn\"],\"description\":\"Webdo est un m\u00e9dia num\u00e9rique tunisien fond\u00e9 en 2010, sp\u00e9cialis\u00e9 dans l\u2019actualit\u00e9 nationale et internationale, l\u2019\u00e9conomie, la soci\u00e9t\u00e9 et les analyses politiques. Le site s\u2019adresse \u00e0 un large public francophone et couvre l\u2019information tunisienne en temps r\u00e9el.\",\"email\":\"redac@webdo.tn\",\"legalName\":\"YNJ SARL\",\"foundingDate\":\"2010-09-06\",\"numberOfEmployees\":{\"@type\":\"QuantitativeValue\",\"minValue\":\"11\",\"maxValue\":\"50\"}},{\"@type\":\"Person\",\"@id\":\"https:\\\/\\\/www.webdo.tn\\\/fr\\\/#\\\/schema\\\/person\\\/9a9c6118d687c117df8ef3cc36a4d175\",\"name\":\"webdo.tn\",\"image\":{\"@type\":\"ImageObject\",\"inLanguage\":\"fr-FR\",\"@id\":\"https:\\\/\\\/secure.gravatar.com\\\/avatar\\\/7ce1f28c0c3bbac99ff550b85ef8e44a6950c6ee24514fb6a5489e51d06f0298?s=96&d=mm&r=g\",\"url\":\"https:\\\/\\\/secure.gravatar.com\\\/avatar\\\/7ce1f28c0c3bbac99ff550b85ef8e44a6950c6ee24514fb6a5489e51d06f0298?s=96&d=mm&r=g\",\"contentUrl\":\"https:\\\/\\\/secure.gravatar.com\\\/avatar\\\/7ce1f28c0c3bbac99ff550b85ef8e44a6950c6ee24514fb6a5489e51d06f0298?s=96&d=mm&r=g\",\"caption\":\"webdo.tn\"},\"url\":\"https:\\\/\\\/www.webdo.tn\\\/fr\\\/actualite\\\/author\\\/webdotn\\\/\"}]}<\/script>\n<!-- \/ Yoast SEO Premium plugin. -->","yoast_head_json":{"title":"Campagne \u00e9lectorale : le point d\u2019orgue","description":"Campagne \u00e9lectorale : le point d\u2019orgue","canonical":"https:\/\/www.webdo.tn\/fr\/actualite\/national\/campagne-electorale-le-point-dorgue\/172505\/","og_locale":"fr_FR","og_type":"article","og_title":"Campagne \u00e9lectorale : le point d\u2019orgue","og_description":"Campagne \u00e9lectorale : le point d\u2019orgue","og_url":"https:\/\/www.webdo.tn\/fr\/actualite\/national\/campagne-electorale-le-point-dorgue\/172505\/","og_site_name":"webdo","article_publisher":"https:\/\/www.facebook.com\/webdotn","article_published_time":"2011-10-21T19:23:00+00:00","og_image":[{"width":150,"height":150,"url":"https:\/\/www.webdo.tn\/fr\/wp-content\/uploads\/2011\/10\/campagne-electoral-150x150-1.jpg","type":"image\/jpeg"}],"author":"webdo.tn","twitter_card":"summary_large_image","twitter_creator":"@webdo_tn","twitter_site":"@webdo_tn","twitter_misc":{"\u00c9crit par":"webdo.tn","Dur\u00e9e de lecture estim\u00e9e":"3 minutes"},"schema":{"@context":"https:\/\/schema.org","@graph":[{"@type":"NewsArticle","@id":"https:\/\/www.webdo.tn\/fr\/actualite\/national\/campagne-electorale-le-point-dorgue\/172505\/#article","isPartOf":{"@id":"https:\/\/www.webdo.tn\/fr\/actualite\/national\/campagne-electorale-le-point-dorgue\/172505\/"},"author":{"name":"webdo.tn","@id":"https:\/\/www.webdo.tn\/fr\/#\/schema\/person\/9a9c6118d687c117df8ef3cc36a4d175"},"headline":"Campagne \u00e9lectorale : le point d\u2019orgue","datePublished":"2011-10-21T19:23:00+00:00","mainEntityOfPage":{"@id":"https:\/\/www.webdo.tn\/fr\/actualite\/national\/campagne-electorale-le-point-dorgue\/172505\/"},"wordCount":690,"commentCount":0,"publisher":{"@id":"https:\/\/www.webdo.tn\/fr\/#organization"},"image":{"@id":"https:\/\/www.webdo.tn\/fr\/actualite\/national\/campagne-electorale-le-point-dorgue\/172505\/#primaryimage"},"thumbnailUrl":"https:\/\/www.webdo.tn\/fr\/wp-content\/uploads\/2011\/10\/campagne-electoral-150x150-1.jpg","articleSection":["National"],"inLanguage":"fr-FR"},{"@type":"WebPage","@id":"https:\/\/www.webdo.tn\/fr\/actualite\/national\/campagne-electorale-le-point-dorgue\/172505\/","url":"https:\/\/www.webdo.tn\/fr\/actualite\/national\/campagne-electorale-le-point-dorgue\/172505\/","name":"Campagne \u00e9lectorale : le point d\u2019orgue","isPartOf":{"@id":"https:\/\/www.webdo.tn\/fr\/#website"},"primaryImageOfPage":{"@id":"https:\/\/www.webdo.tn\/fr\/actualite\/national\/campagne-electorale-le-point-dorgue\/172505\/#primaryimage"},"image":{"@id":"https:\/\/www.webdo.tn\/fr\/actualite\/national\/campagne-electorale-le-point-dorgue\/172505\/#primaryimage"},"thumbnailUrl":"https:\/\/www.webdo.tn\/fr\/wp-content\/uploads\/2011\/10\/campagne-electoral-150x150-1.jpg","datePublished":"2011-10-21T19:23:00+00:00","description":"Campagne \u00e9lectorale : le point d\u2019orgue","breadcrumb":{"@id":"https:\/\/www.webdo.tn\/fr\/actualite\/national\/campagne-electorale-le-point-dorgue\/172505\/#breadcrumb"},"inLanguage":"fr-FR","potentialAction":[{"@type":"ReadAction","target":["https:\/\/www.webdo.tn\/fr\/actualite\/national\/campagne-electorale-le-point-dorgue\/172505\/"]}]},{"@type":"ImageObject","inLanguage":"fr-FR","@id":"https:\/\/www.webdo.tn\/fr\/actualite\/national\/campagne-electorale-le-point-dorgue\/172505\/#primaryimage","url":"https:\/\/www.webdo.tn\/fr\/wp-content\/uploads\/2011\/10\/campagne-electoral-150x150-1.jpg","contentUrl":"https:\/\/www.webdo.tn\/fr\/wp-content\/uploads\/2011\/10\/campagne-electoral-150x150-1.jpg","width":150,"height":150,"caption":"Campagne \u00e9lectorale : le point d\u2019orgue"},{"@type":"BreadcrumbList","@id":"https:\/\/www.webdo.tn\/fr\/actualite\/national\/campagne-electorale-le-point-dorgue\/172505\/#breadcrumb","itemListElement":[{"@type":"ListItem","position":1,"name":"Accueil","item":"https:\/\/www.webdo.tn\/fr\/"},{"@type":"ListItem","position":2,"name":"Campagne \u00e9lectorale : le point d\u2019orgue"}]},{"@type":"WebSite","@id":"https:\/\/www.webdo.tn\/fr\/#website","url":"https:\/\/www.webdo.tn\/fr\/","name":"webdo","description":"Tunisie - News en Tunisie et \u00e0 l&#039;international sur Webdo.tn","publisher":{"@id":"https:\/\/www.webdo.tn\/fr\/#organization"},"potentialAction":[{"@type":"SearchAction","target":{"@type":"EntryPoint","urlTemplate":"https:\/\/www.webdo.tn\/fr\/?s={search_term_string}"},"query-input":{"@type":"PropertyValueSpecification","valueRequired":true,"valueName":"search_term_string"}}],"inLanguage":"fr-FR"},{"@type":"Organization","@id":"https:\/\/www.webdo.tn\/fr\/#organization","name":"Webdo","alternateName":"Webdo.tn","url":"https:\/\/www.webdo.tn\/fr\/","logo":{"@type":"ImageObject","inLanguage":"fr-FR","@id":"https:\/\/www.webdo.tn\/fr\/#\/schema\/logo\/image\/","url":"https:\/\/www.webdo.tn\/fr\/wp-content\/uploads\/2025\/06\/Webdo-Tunisie_168377.jpg","contentUrl":"https:\/\/www.webdo.tn\/fr\/wp-content\/uploads\/2025\/06\/Webdo-Tunisie_168377.jpg","width":301,"height":301,"caption":"Webdo"},"image":{"@id":"https:\/\/www.webdo.tn\/fr\/#\/schema\/logo\/image\/"},"sameAs":["https:\/\/www.facebook.com\/webdotn","https:\/\/x.com\/webdo_tn"],"description":"Webdo est un m\u00e9dia num\u00e9rique tunisien fond\u00e9 en 2010, sp\u00e9cialis\u00e9 dans l\u2019actualit\u00e9 nationale et internationale, l\u2019\u00e9conomie, la soci\u00e9t\u00e9 et les analyses politiques. Le site s\u2019adresse \u00e0 un large public francophone et couvre l\u2019information tunisienne en temps r\u00e9el.","email":"redac@webdo.tn","legalName":"YNJ SARL","foundingDate":"2010-09-06","numberOfEmployees":{"@type":"QuantitativeValue","minValue":"11","maxValue":"50"}},{"@type":"Person","@id":"https:\/\/www.webdo.tn\/fr\/#\/schema\/person\/9a9c6118d687c117df8ef3cc36a4d175","name":"webdo.tn","image":{"@type":"ImageObject","inLanguage":"fr-FR","@id":"https:\/\/secure.gravatar.com\/avatar\/7ce1f28c0c3bbac99ff550b85ef8e44a6950c6ee24514fb6a5489e51d06f0298?s=96&d=mm&r=g","url":"https:\/\/secure.gravatar.com\/avatar\/7ce1f28c0c3bbac99ff550b85ef8e44a6950c6ee24514fb6a5489e51d06f0298?s=96&d=mm&r=g","contentUrl":"https:\/\/secure.gravatar.com\/avatar\/7ce1f28c0c3bbac99ff550b85ef8e44a6950c6ee24514fb6a5489e51d06f0298?s=96&d=mm&r=g","caption":"webdo.tn"},"url":"https:\/\/www.webdo.tn\/fr\/actualite\/author\/webdotn\/"}]}},"_links":{"self":[{"href":"https:\/\/www.webdo.tn\/fr\/wp-json\/wp\/v2\/posts\/172505","targetHints":{"allow":["GET"]}}],"collection":[{"href":"https:\/\/www.webdo.tn\/fr\/wp-json\/wp\/v2\/posts"}],"about":[{"href":"https:\/\/www.webdo.tn\/fr\/wp-json\/wp\/v2\/types\/post"}],"author":[{"embeddable":true,"href":"https:\/\/www.webdo.tn\/fr\/wp-json\/wp\/v2\/users\/3222"}],"replies":[{"embeddable":true,"href":"https:\/\/www.webdo.tn\/fr\/wp-json\/wp\/v2\/comments?post=172505"}],"version-history":[{"count":0,"href":"https:\/\/www.webdo.tn\/fr\/wp-json\/wp\/v2\/posts\/172505\/revisions"}],"wp:featuredmedia":[{"embeddable":true,"href":"https:\/\/www.webdo.tn\/fr\/wp-json\/wp\/v2\/media\/365084"}],"wp:attachment":[{"href":"https:\/\/www.webdo.tn\/fr\/wp-json\/wp\/v2\/media?parent=172505"}],"wp:term":[{"taxonomy":"category","embeddable":true,"href":"https:\/\/www.webdo.tn\/fr\/wp-json\/wp\/v2\/categories?post=172505"},{"taxonomy":"post_tag","embeddable":true,"href":"https:\/\/www.webdo.tn\/fr\/wp-json\/wp\/v2\/tags?post=172505"}],"curies":[{"name":"wp","href":"https:\/\/api.w.org\/{rel}","templated":true}]}}