{"id":172504,"date":"2011-10-23T19:25:00","date_gmt":"2011-10-23T19:25:00","guid":{"rendered":"https:\/\/www.webdo.tn\/fr\/actualite\/blog\/elections-un-taux-de-participation-historique-de-70\/172504\/"},"modified":"2011-10-23T19:25:00","modified_gmt":"2011-10-23T19:25:00","slug":"elections-un-taux-de-participation-historique-de-70","status":"publish","type":"post","link":"https:\/\/www.webdo.tn\/fr\/actualite\/national\/elections-un-taux-de-participation-historique-de-70\/172504\/","title":{"rendered":"\u00c9lections: un taux de participation historique de 70%"},"content":{"rendered":"<p>Tout le pays l&rsquo;attendait ! Le 23 octobre est l\u00e0 et touche \u00e0 sa fin. Il restera grav\u00e9 \u00e0 jamais dans l&rsquo;Histoire de la Tunisie comme le jour o\u00f9 chaque citoyen a pu voter librement pour \u00e9lire les membres de l&rsquo;assembl\u00e9e constituante.<\/p>\n<p>L&rsquo;affluence des Tunisiens, en ce 23 octobre, dans les bureaux de vote, a \u00e9t\u00e9 juste&#8230; ph\u00e9nom\u00e9nale. Alors que Kamel Jendoubi annon\u00e7ait la veille qu&rsquo;un taux de participation \u00e9gal \u00e0 60 % sera consid\u00e9r\u00e9 comme tr\u00e8s positif, il aurait sans nul doute \u00e9t\u00e9 fort agr\u00e9ablement surpris (comme nous tous) de voir que ce taux flirte avec les 70 %. C&rsquo;est le pr\u00e9sident de l\u2019Instance sup\u00e9rieure ind\u00e9pendante pour les \u00e9lections (ISIE) qui l&rsquo;a annonc\u00e9 en personne \u00e0 la T\u00e9l\u00e9vision Nationale. Ce taux atteindrait m\u00eame 80 % dans certains r\u00e9gions et gouvernorats \u00e0 l&rsquo;int\u00e9rieur du pays.<\/p>\n<p>Ce taux pourrait m\u00eame atteindre un chiffre historique, car les diff\u00e9rents bureaux de vote comptaient d\u00e9j\u00e0 de longues files d&rsquo;attentes \u00e0 l&rsquo;heure o\u00f9 M. Jendoubi a livr\u00e9 les premi\u00e8res estimations et \u00e0 quelques minutes de la fermeture de ces bureaux.<\/p>\n<p>Ce qui est frappant c\u2019est que l&rsquo;ISIE a eu toutes les peines du monde \u00e0 convaincre les \u00e9lecteurs potentiels de s&rsquo;inscrire pour ce vote du 23 octobre. On avait alors annonc\u00e9 un chiffre proche des 50 % d\u2019inscrit parmi les 7 millions et demi de personnes ayant droit de vote. Qu&rsquo;est-ce qui s&rsquo;est pass\u00e9 donc pour que les Tunisiens se pr\u00e9cipitent aussi nombreux vers les bureaux de vote ce dimanche ? Nos concitoyens ont-ils senti que le vote de chacun pouvait changer la donne ? Ou est-ce le r\u00e9sultat d&rsquo;une campagne \u00e9lectorale, men\u00e9e tambour battant par les diff\u00e9rents partis et listes ind\u00e9pendantes.<\/p>\n<p>Ce taux de participation n&rsquo;est n\u00e9anmoins pas aussi \u00e9lev\u00e9 \u00e0 l\u2019\u00c9tranger o\u00f9 40 % seulement des \u00e9lecteurs se sont rendus aux urnes, et ce, d\u2019apr\u00e8s l&rsquo;ISIE. Ce n&rsquo;est que dans le Nord de la France o\u00f9 l\u2019on a enregistr\u00e9 des taux en ad\u00e9quation avec ce qui se passe sur nos contr\u00e9es (70 %). Le pr\u00e9sident du PDP, Ahmed N\u00e9jib Chebbi avait d&rsquo;ailleurs d\u00e9plor\u00e9 le faible taux de participation des membres de la colonie tunisienne \u00e0 l&rsquo;\u00e9tranger \u00e0 ces \u00e9lections. Par contre, Kamel Jendoubi a indiqu\u00e9 que ce taux de participation des Tunisiens \u00e0 l&rsquo;\u00e9tranger est tr\u00e8s \u00e9lev\u00e9 comparativement aux ann\u00e9es pass\u00e9es, o\u00f9 il se situait g\u00e9n\u00e9ralement autour de 10 %.<\/p>\n","protected":false},"excerpt":{"rendered":"<p>\u00c9lections: un taux de participation historique de 70% <\/p>\n","protected":false},"author":3222,"featured_media":376290,"comment_status":"open","ping_status":"closed","sticky":false,"template":"","format":"standard","meta":{"footnotes":""},"categories":[44],"tags":[],"class_list":["post-172504","post","type-post","status-publish","format-standard","has-post-thumbnail","hentry","category-national"],"yoast_head":"<!-- This site is optimized with the Yoast SEO Premium plugin v27.5 (Yoast SEO v27.5) - https:\/\/yoast.com\/product\/yoast-seo-premium-wordpress\/ -->\n<title>\u00c9lections: un taux de participation historique de 70%<\/title>\n<meta name=\"description\" content=\"\u00c9lections: un taux de participation historique de 70%\" \/>\n<link rel=\"canonical\" href=\"https:\/\/www.webdo.tn\/fr\/actualite\/national\/elections-un-taux-de-participation-historique-de-70\/172504\/\" \/>\n<meta property=\"og:locale\" content=\"fr_FR\" \/>\n<meta property=\"og:type\" content=\"article\" \/>\n<meta property=\"og:title\" content=\"\u00c9lections: un taux de participation historique de 70%\" \/>\n<meta property=\"og:description\" content=\"\u00c9lections: un taux de participation historique de 70%\" \/>\n<meta property=\"og:url\" content=\"https:\/\/www.webdo.tn\/fr\/actualite\/national\/elections-un-taux-de-participation-historique-de-70\/172504\/\" \/>\n<meta property=\"og:site_name\" content=\"webdo\" \/>\n<meta property=\"article:publisher\" content=\"https:\/\/www.facebook.com\/webdotn\" \/>\n<meta property=\"article:published_time\" content=\"2011-10-23T19:25:00+00:00\" \/>\n<meta name=\"author\" content=\"webdo.tn\" \/>\n<meta name=\"twitter:card\" content=\"summary_large_image\" \/>\n<meta name=\"twitter:creator\" content=\"@webdo_tn\" \/>\n<meta name=\"twitter:site\" content=\"@webdo_tn\" \/>\n<meta name=\"twitter:label1\" content=\"\u00c9crit par\" \/>\n\t<meta name=\"twitter:data1\" content=\"webdo.tn\" \/>\n\t<meta name=\"twitter:label2\" content=\"Dur\u00e9e de lecture estim\u00e9e\" \/>\n\t<meta name=\"twitter:data2\" content=\"2 minutes\" \/>\n<script type=\"application\/ld+json\" class=\"yoast-schema-graph\">{\"@context\":\"https:\\\/\\\/schema.org\",\"@graph\":[{\"@type\":\"NewsArticle\",\"@id\":\"https:\\\/\\\/www.webdo.tn\\\/fr\\\/actualite\\\/national\\\/elections-un-taux-de-participation-historique-de-70\\\/172504\\\/#article\",\"isPartOf\":{\"@id\":\"https:\\\/\\\/www.webdo.tn\\\/fr\\\/actualite\\\/national\\\/elections-un-taux-de-participation-historique-de-70\\\/172504\\\/\"},\"author\":{\"name\":\"webdo.tn\",\"@id\":\"https:\\\/\\\/www.webdo.tn\\\/fr\\\/#\\\/schema\\\/person\\\/9a9c6118d687c117df8ef3cc36a4d175\"},\"headline\":\"\u00c9lections: un taux de participation historique de 70%\",\"datePublished\":\"2011-10-23T19:25:00+00:00\",\"mainEntityOfPage\":{\"@id\":\"https:\\\/\\\/www.webdo.tn\\\/fr\\\/actualite\\\/national\\\/elections-un-taux-de-participation-historique-de-70\\\/172504\\\/\"},\"wordCount\":424,\"commentCount\":0,\"publisher\":{\"@id\":\"https:\\\/\\\/www.webdo.tn\\\/fr\\\/#organization\"},\"image\":{\"@id\":\"https:\\\/\\\/www.webdo.tn\\\/fr\\\/actualite\\\/national\\\/elections-un-taux-de-participation-historique-de-70\\\/172504\\\/#primaryimage\"},\"thumbnailUrl\":\"https:\\\/\\\/www.webdo.tn\\\/fr\\\/wp-content\\\/uploads\\\/2025\\\/06\\\/FireShot-Capture-1063-webdo_default-53-750x375.jpg-750\u00d7375-www.webdo_.tn_.png\",\"articleSection\":[\"National\"],\"inLanguage\":\"fr-FR\"},{\"@type\":\"WebPage\",\"@id\":\"https:\\\/\\\/www.webdo.tn\\\/fr\\\/actualite\\\/national\\\/elections-un-taux-de-participation-historique-de-70\\\/172504\\\/\",\"url\":\"https:\\\/\\\/www.webdo.tn\\\/fr\\\/actualite\\\/national\\\/elections-un-taux-de-participation-historique-de-70\\\/172504\\\/\",\"name\":\"\u00c9lections: un taux de participation historique de 70%\",\"isPartOf\":{\"@id\":\"https:\\\/\\\/www.webdo.tn\\\/fr\\\/#website\"},\"primaryImageOfPage\":{\"@id\":\"https:\\\/\\\/www.webdo.tn\\\/fr\\\/actualite\\\/national\\\/elections-un-taux-de-participation-historique-de-70\\\/172504\\\/#primaryimage\"},\"image\":{\"@id\":\"https:\\\/\\\/www.webdo.tn\\\/fr\\\/actualite\\\/national\\\/elections-un-taux-de-participation-historique-de-70\\\/172504\\\/#primaryimage\"},\"thumbnailUrl\":\"https:\\\/\\\/www.webdo.tn\\\/fr\\\/wp-content\\\/uploads\\\/2025\\\/06\\\/FireShot-Capture-1063-webdo_default-53-750x375.jpg-750\u00d7375-www.webdo_.tn_.png\",\"datePublished\":\"2011-10-23T19:25:00+00:00\",\"description\":\"\u00c9lections: un taux de participation historique de 70%\",\"breadcrumb\":{\"@id\":\"https:\\\/\\\/www.webdo.tn\\\/fr\\\/actualite\\\/national\\\/elections-un-taux-de-participation-historique-de-70\\\/172504\\\/#breadcrumb\"},\"inLanguage\":\"fr-FR\",\"potentialAction\":[{\"@type\":\"ReadAction\",\"target\":[\"https:\\\/\\\/www.webdo.tn\\\/fr\\\/actualite\\\/national\\\/elections-un-taux-de-participation-historique-de-70\\\/172504\\\/\"]}]},{\"@type\":\"ImageObject\",\"inLanguage\":\"fr-FR\",\"@id\":\"https:\\\/\\\/www.webdo.tn\\\/fr\\\/actualite\\\/national\\\/elections-un-taux-de-participation-historique-de-70\\\/172504\\\/#primaryimage\",\"url\":\"https:\\\/\\\/www.webdo.tn\\\/fr\\\/wp-content\\\/uploads\\\/2025\\\/06\\\/FireShot-Capture-1063-webdo_default-53-750x375.jpg-750\u00d7375-www.webdo_.tn_.png\",\"contentUrl\":\"https:\\\/\\\/www.webdo.tn\\\/fr\\\/wp-content\\\/uploads\\\/2025\\\/06\\\/FireShot-Capture-1063-webdo_default-53-750x375.jpg-750\u00d7375-www.webdo_.tn_.png\",\"width\":746,\"height\":371},{\"@type\":\"BreadcrumbList\",\"@id\":\"https:\\\/\\\/www.webdo.tn\\\/fr\\\/actualite\\\/national\\\/elections-un-taux-de-participation-historique-de-70\\\/172504\\\/#breadcrumb\",\"itemListElement\":[{\"@type\":\"ListItem\",\"position\":1,\"name\":\"Accueil\",\"item\":\"https:\\\/\\\/www.webdo.tn\\\/fr\\\/\"},{\"@type\":\"ListItem\",\"position\":2,\"name\":\"\u00c9lections: un taux de participation historique de 70%\"}]},{\"@type\":\"WebSite\",\"@id\":\"https:\\\/\\\/www.webdo.tn\\\/fr\\\/#website\",\"url\":\"https:\\\/\\\/www.webdo.tn\\\/fr\\\/\",\"name\":\"webdo\",\"description\":\"Tunisie - News en Tunisie et \u00e0 l&#039;international sur Webdo.tn\",\"publisher\":{\"@id\":\"https:\\\/\\\/www.webdo.tn\\\/fr\\\/#organization\"},\"potentialAction\":[{\"@type\":\"SearchAction\",\"target\":{\"@type\":\"EntryPoint\",\"urlTemplate\":\"https:\\\/\\\/www.webdo.tn\\\/fr\\\/?s={search_term_string}\"},\"query-input\":{\"@type\":\"PropertyValueSpecification\",\"valueRequired\":true,\"valueName\":\"search_term_string\"}}],\"inLanguage\":\"fr-FR\"},{\"@type\":\"Organization\",\"@id\":\"https:\\\/\\\/www.webdo.tn\\\/fr\\\/#organization\",\"name\":\"Webdo\",\"alternateName\":\"Webdo.tn\",\"url\":\"https:\\\/\\\/www.webdo.tn\\\/fr\\\/\",\"logo\":{\"@type\":\"ImageObject\",\"inLanguage\":\"fr-FR\",\"@id\":\"https:\\\/\\\/www.webdo.tn\\\/fr\\\/#\\\/schema\\\/logo\\\/image\\\/\",\"url\":\"https:\\\/\\\/www.webdo.tn\\\/fr\\\/wp-content\\\/uploads\\\/2025\\\/06\\\/Webdo-Tunisie_168377.jpg\",\"contentUrl\":\"https:\\\/\\\/www.webdo.tn\\\/fr\\\/wp-content\\\/uploads\\\/2025\\\/06\\\/Webdo-Tunisie_168377.jpg\",\"width\":301,\"height\":301,\"caption\":\"Webdo\"},\"image\":{\"@id\":\"https:\\\/\\\/www.webdo.tn\\\/fr\\\/#\\\/schema\\\/logo\\\/image\\\/\"},\"sameAs\":[\"https:\\\/\\\/www.facebook.com\\\/webdotn\",\"https:\\\/\\\/x.com\\\/webdo_tn\"],\"description\":\"Webdo est un m\u00e9dia num\u00e9rique tunisien fond\u00e9 en 2010, sp\u00e9cialis\u00e9 dans l\u2019actualit\u00e9 nationale et internationale, l\u2019\u00e9conomie, la soci\u00e9t\u00e9 et les analyses politiques. Le site s\u2019adresse \u00e0 un large public francophone et couvre l\u2019information tunisienne en temps r\u00e9el.\",\"email\":\"redac@webdo.tn\",\"legalName\":\"YNJ SARL\",\"foundingDate\":\"2010-09-06\",\"numberOfEmployees\":{\"@type\":\"QuantitativeValue\",\"minValue\":\"11\",\"maxValue\":\"50\"}},{\"@type\":\"Person\",\"@id\":\"https:\\\/\\\/www.webdo.tn\\\/fr\\\/#\\\/schema\\\/person\\\/9a9c6118d687c117df8ef3cc36a4d175\",\"name\":\"webdo.tn\",\"image\":{\"@type\":\"ImageObject\",\"inLanguage\":\"fr-FR\",\"@id\":\"https:\\\/\\\/secure.gravatar.com\\\/avatar\\\/7ce1f28c0c3bbac99ff550b85ef8e44a6950c6ee24514fb6a5489e51d06f0298?s=96&d=mm&r=g\",\"url\":\"https:\\\/\\\/secure.gravatar.com\\\/avatar\\\/7ce1f28c0c3bbac99ff550b85ef8e44a6950c6ee24514fb6a5489e51d06f0298?s=96&d=mm&r=g\",\"contentUrl\":\"https:\\\/\\\/secure.gravatar.com\\\/avatar\\\/7ce1f28c0c3bbac99ff550b85ef8e44a6950c6ee24514fb6a5489e51d06f0298?s=96&d=mm&r=g\",\"caption\":\"webdo.tn\"},\"url\":\"https:\\\/\\\/www.webdo.tn\\\/fr\\\/actualite\\\/author\\\/webdotn\\\/\"}]}<\/script>\n<!-- \/ Yoast SEO Premium plugin. -->","yoast_head_json":{"title":"\u00c9lections: un taux de participation historique de 70%","description":"\u00c9lections: un taux de participation historique de 70%","canonical":"https:\/\/www.webdo.tn\/fr\/actualite\/national\/elections-un-taux-de-participation-historique-de-70\/172504\/","og_locale":"fr_FR","og_type":"article","og_title":"\u00c9lections: un taux de participation historique de 70%","og_description":"\u00c9lections: un taux de participation historique de 70%","og_url":"https:\/\/www.webdo.tn\/fr\/actualite\/national\/elections-un-taux-de-participation-historique-de-70\/172504\/","og_site_name":"webdo","article_publisher":"https:\/\/www.facebook.com\/webdotn","article_published_time":"2011-10-23T19:25:00+00:00","author":"webdo.tn","twitter_card":"summary_large_image","twitter_creator":"@webdo_tn","twitter_site":"@webdo_tn","twitter_misc":{"\u00c9crit par":"webdo.tn","Dur\u00e9e de lecture estim\u00e9e":"2 minutes"},"schema":{"@context":"https:\/\/schema.org","@graph":[{"@type":"NewsArticle","@id":"https:\/\/www.webdo.tn\/fr\/actualite\/national\/elections-un-taux-de-participation-historique-de-70\/172504\/#article","isPartOf":{"@id":"https:\/\/www.webdo.tn\/fr\/actualite\/national\/elections-un-taux-de-participation-historique-de-70\/172504\/"},"author":{"name":"webdo.tn","@id":"https:\/\/www.webdo.tn\/fr\/#\/schema\/person\/9a9c6118d687c117df8ef3cc36a4d175"},"headline":"\u00c9lections: un taux de participation historique de 70%","datePublished":"2011-10-23T19:25:00+00:00","mainEntityOfPage":{"@id":"https:\/\/www.webdo.tn\/fr\/actualite\/national\/elections-un-taux-de-participation-historique-de-70\/172504\/"},"wordCount":424,"commentCount":0,"publisher":{"@id":"https:\/\/www.webdo.tn\/fr\/#organization"},"image":{"@id":"https:\/\/www.webdo.tn\/fr\/actualite\/national\/elections-un-taux-de-participation-historique-de-70\/172504\/#primaryimage"},"thumbnailUrl":"https:\/\/www.webdo.tn\/fr\/wp-content\/uploads\/2025\/06\/FireShot-Capture-1063-webdo_default-53-750x375.jpg-750\u00d7375-www.webdo_.tn_.png","articleSection":["National"],"inLanguage":"fr-FR"},{"@type":"WebPage","@id":"https:\/\/www.webdo.tn\/fr\/actualite\/national\/elections-un-taux-de-participation-historique-de-70\/172504\/","url":"https:\/\/www.webdo.tn\/fr\/actualite\/national\/elections-un-taux-de-participation-historique-de-70\/172504\/","name":"\u00c9lections: un taux de participation historique de 70%","isPartOf":{"@id":"https:\/\/www.webdo.tn\/fr\/#website"},"primaryImageOfPage":{"@id":"https:\/\/www.webdo.tn\/fr\/actualite\/national\/elections-un-taux-de-participation-historique-de-70\/172504\/#primaryimage"},"image":{"@id":"https:\/\/www.webdo.tn\/fr\/actualite\/national\/elections-un-taux-de-participation-historique-de-70\/172504\/#primaryimage"},"thumbnailUrl":"https:\/\/www.webdo.tn\/fr\/wp-content\/uploads\/2025\/06\/FireShot-Capture-1063-webdo_default-53-750x375.jpg-750\u00d7375-www.webdo_.tn_.png","datePublished":"2011-10-23T19:25:00+00:00","description":"\u00c9lections: un taux de participation historique de 70%","breadcrumb":{"@id":"https:\/\/www.webdo.tn\/fr\/actualite\/national\/elections-un-taux-de-participation-historique-de-70\/172504\/#breadcrumb"},"inLanguage":"fr-FR","potentialAction":[{"@type":"ReadAction","target":["https:\/\/www.webdo.tn\/fr\/actualite\/national\/elections-un-taux-de-participation-historique-de-70\/172504\/"]}]},{"@type":"ImageObject","inLanguage":"fr-FR","@id":"https:\/\/www.webdo.tn\/fr\/actualite\/national\/elections-un-taux-de-participation-historique-de-70\/172504\/#primaryimage","url":"https:\/\/www.webdo.tn\/fr\/wp-content\/uploads\/2025\/06\/FireShot-Capture-1063-webdo_default-53-750x375.jpg-750\u00d7375-www.webdo_.tn_.png","contentUrl":"https:\/\/www.webdo.tn\/fr\/wp-content\/uploads\/2025\/06\/FireShot-Capture-1063-webdo_default-53-750x375.jpg-750\u00d7375-www.webdo_.tn_.png","width":746,"height":371},{"@type":"BreadcrumbList","@id":"https:\/\/www.webdo.tn\/fr\/actualite\/national\/elections-un-taux-de-participation-historique-de-70\/172504\/#breadcrumb","itemListElement":[{"@type":"ListItem","position":1,"name":"Accueil","item":"https:\/\/www.webdo.tn\/fr\/"},{"@type":"ListItem","position":2,"name":"\u00c9lections: un taux de participation historique de 70%"}]},{"@type":"WebSite","@id":"https:\/\/www.webdo.tn\/fr\/#website","url":"https:\/\/www.webdo.tn\/fr\/","name":"webdo","description":"Tunisie - News en Tunisie et \u00e0 l&#039;international sur Webdo.tn","publisher":{"@id":"https:\/\/www.webdo.tn\/fr\/#organization"},"potentialAction":[{"@type":"SearchAction","target":{"@type":"EntryPoint","urlTemplate":"https:\/\/www.webdo.tn\/fr\/?s={search_term_string}"},"query-input":{"@type":"PropertyValueSpecification","valueRequired":true,"valueName":"search_term_string"}}],"inLanguage":"fr-FR"},{"@type":"Organization","@id":"https:\/\/www.webdo.tn\/fr\/#organization","name":"Webdo","alternateName":"Webdo.tn","url":"https:\/\/www.webdo.tn\/fr\/","logo":{"@type":"ImageObject","inLanguage":"fr-FR","@id":"https:\/\/www.webdo.tn\/fr\/#\/schema\/logo\/image\/","url":"https:\/\/www.webdo.tn\/fr\/wp-content\/uploads\/2025\/06\/Webdo-Tunisie_168377.jpg","contentUrl":"https:\/\/www.webdo.tn\/fr\/wp-content\/uploads\/2025\/06\/Webdo-Tunisie_168377.jpg","width":301,"height":301,"caption":"Webdo"},"image":{"@id":"https:\/\/www.webdo.tn\/fr\/#\/schema\/logo\/image\/"},"sameAs":["https:\/\/www.facebook.com\/webdotn","https:\/\/x.com\/webdo_tn"],"description":"Webdo est un m\u00e9dia num\u00e9rique tunisien fond\u00e9 en 2010, sp\u00e9cialis\u00e9 dans l\u2019actualit\u00e9 nationale et internationale, l\u2019\u00e9conomie, la soci\u00e9t\u00e9 et les analyses politiques. Le site s\u2019adresse \u00e0 un large public francophone et couvre l\u2019information tunisienne en temps r\u00e9el.","email":"redac@webdo.tn","legalName":"YNJ SARL","foundingDate":"2010-09-06","numberOfEmployees":{"@type":"QuantitativeValue","minValue":"11","maxValue":"50"}},{"@type":"Person","@id":"https:\/\/www.webdo.tn\/fr\/#\/schema\/person\/9a9c6118d687c117df8ef3cc36a4d175","name":"webdo.tn","image":{"@type":"ImageObject","inLanguage":"fr-FR","@id":"https:\/\/secure.gravatar.com\/avatar\/7ce1f28c0c3bbac99ff550b85ef8e44a6950c6ee24514fb6a5489e51d06f0298?s=96&d=mm&r=g","url":"https:\/\/secure.gravatar.com\/avatar\/7ce1f28c0c3bbac99ff550b85ef8e44a6950c6ee24514fb6a5489e51d06f0298?s=96&d=mm&r=g","contentUrl":"https:\/\/secure.gravatar.com\/avatar\/7ce1f28c0c3bbac99ff550b85ef8e44a6950c6ee24514fb6a5489e51d06f0298?s=96&d=mm&r=g","caption":"webdo.tn"},"url":"https:\/\/www.webdo.tn\/fr\/actualite\/author\/webdotn\/"}]}},"_links":{"self":[{"href":"https:\/\/www.webdo.tn\/fr\/wp-json\/wp\/v2\/posts\/172504","targetHints":{"allow":["GET"]}}],"collection":[{"href":"https:\/\/www.webdo.tn\/fr\/wp-json\/wp\/v2\/posts"}],"about":[{"href":"https:\/\/www.webdo.tn\/fr\/wp-json\/wp\/v2\/types\/post"}],"author":[{"embeddable":true,"href":"https:\/\/www.webdo.tn\/fr\/wp-json\/wp\/v2\/users\/3222"}],"replies":[{"embeddable":true,"href":"https:\/\/www.webdo.tn\/fr\/wp-json\/wp\/v2\/comments?post=172504"}],"version-history":[{"count":0,"href":"https:\/\/www.webdo.tn\/fr\/wp-json\/wp\/v2\/posts\/172504\/revisions"}],"wp:featuredmedia":[{"embeddable":true,"href":"https:\/\/www.webdo.tn\/fr\/wp-json\/wp\/v2\/media\/376290"}],"wp:attachment":[{"href":"https:\/\/www.webdo.tn\/fr\/wp-json\/wp\/v2\/media?parent=172504"}],"wp:term":[{"taxonomy":"category","embeddable":true,"href":"https:\/\/www.webdo.tn\/fr\/wp-json\/wp\/v2\/categories?post=172504"},{"taxonomy":"post_tag","embeddable":true,"href":"https:\/\/www.webdo.tn\/fr\/wp-json\/wp\/v2\/tags?post=172504"}],"curies":[{"name":"wp","href":"https:\/\/api.w.org\/{rel}","templated":true}]}}