{"id":172501,"date":"2011-10-24T13:19:00","date_gmt":"2011-10-24T13:19:00","guid":{"rendered":"https:\/\/www.webdo.tn\/fr\/actualite\/blog\/la-bourse-de-tunis-reagit-mal-a-mi-journee-a-lattente-des-resultats-electoraux\/172501\/"},"modified":"2011-10-24T13:19:00","modified_gmt":"2011-10-24T13:19:00","slug":"la-bourse-de-tunis-reagit-mal-a-mi-journee-a-lattente-des-resultats-electoraux","status":"publish","type":"post","link":"https:\/\/www.webdo.tn\/fr\/actualite\/national\/la-bourse-de-tunis-reagit-mal-a-mi-journee-a-lattente-des-resultats-electoraux\/172501\/","title":{"rendered":"La Bourse de Tunis r\u00e9agit mal, \u00e0 mi-journ\u00e9e, \u00e0 l&rsquo;attente des r\u00e9sultats \u00e9lectoraux"},"content":{"rendered":"<p>Au lendemain des \u00e9lections, le Tunindex a enregistr\u00e9, \u00e0 12 h 30, une chute de 1,50 % \u00e0 4 557,17 points. Seulement cinq titres sont en vert : MGR, MNP, SIAME, ATB et TLS avec des hausses de 0,78 \u00e0 2,77 % mais sans volume cons\u00e9quent. Le tout ne d\u00e9passe pas les 5000 titres.<\/p>\n<p>Quant \u00e0 la majorit\u00e9 des titres, elle est en rouge et une douzaine est inactive. Au plus bas dans le tableau des fortes baisses VS quantit\u00e9, nous trouvons Carthage Cement qui perd 2,83 % (368.848 titres pour 3,77).<\/p>\n<p>Rappelons que, le 22 ao\u00fbt 2011, Slim Riahi, pr\u00e9sident de l&rsquo;Union patriotique libre (Upl), a franchi en hausse le seuil de 5 % dans le capital de Carthage Cement.<\/p>\n<p>Le volume d&rsquo;\u00e9change enregistr\u00e9 aujourd&rsquo;ui \u00e0 12h15 n&rsquo;est qu&rsquo;\u00e0 540 mille seulement, \u00ab\u00a0heureusement\u00a0\u00bb nous a dit une interm\u00e9diaire en bourse tout en esp\u00e9rant \u00ab\u00a0un retour \u00e0 la normale pour demain\u00a0\u00bb.<\/p>\n<p>Ceci dit, pour plusieurs experts, le peu de transactions et la chute des titres expliquent l\u2019inqui\u00e9tude des investisseurs suite aux r\u00e9sultats des votes. La crainte de la r\u00e9ussite, qui semblerait \u00e9crasante, du parti Ennahdha est derri\u00e8re le manque de confiance de certains investisseurs ; ce qui a provoqu\u00e9 le ralentissement du march\u00e9. Rappelons que le march\u00e9 a cl\u00f4tur\u00e9 la semaine derni\u00e8re sur une l\u00e9g\u00e8re hausse de 0.10 %.<\/p>\n","protected":false},"excerpt":{"rendered":"<p>La Bourse de Tunis r\u00e9agit mal, \u00e0 mi-journ\u00e9e, \u00e0 l&rsquo;attente des r\u00e9sultats \u00e9lectoraux<\/p>\n","protected":false},"author":3222,"featured_media":376290,"comment_status":"open","ping_status":"closed","sticky":false,"template":"","format":"standard","meta":{"footnotes":""},"categories":[44],"tags":[],"class_list":["post-172501","post","type-post","status-publish","format-standard","has-post-thumbnail","hentry","category-national"],"yoast_head":"<!-- This site is optimized with the Yoast SEO Premium plugin v27.5 (Yoast SEO v27.5) - https:\/\/yoast.com\/product\/yoast-seo-premium-wordpress\/ -->\n<title>La Bourse de Tunis r\u00e9agit mal, \u00e0 mi-journ\u00e9e, \u00e0 l&#039;attente des r\u00e9sultats \u00e9lectoraux<\/title>\n<meta name=\"description\" content=\"La Bourse de Tunis r\u00e9agit mal, \u00e0 mi-journ\u00e9e, \u00e0 l&#039;attente des r\u00e9sultats \u00e9lectoraux\" \/>\n<link rel=\"canonical\" href=\"https:\/\/www.webdo.tn\/fr\/actualite\/national\/la-bourse-de-tunis-reagit-mal-a-mi-journee-a-lattente-des-resultats-electoraux\/172501\/\" \/>\n<meta property=\"og:locale\" content=\"fr_FR\" \/>\n<meta property=\"og:type\" content=\"article\" \/>\n<meta property=\"og:title\" content=\"La Bourse de Tunis r\u00e9agit mal, \u00e0 mi-journ\u00e9e, \u00e0 l&#039;attente des r\u00e9sultats \u00e9lectoraux\" \/>\n<meta property=\"og:description\" content=\"La Bourse de Tunis r\u00e9agit mal, \u00e0 mi-journ\u00e9e, \u00e0 l&#039;attente des r\u00e9sultats \u00e9lectoraux\" \/>\n<meta property=\"og:url\" content=\"https:\/\/www.webdo.tn\/fr\/actualite\/national\/la-bourse-de-tunis-reagit-mal-a-mi-journee-a-lattente-des-resultats-electoraux\/172501\/\" \/>\n<meta property=\"og:site_name\" content=\"webdo\" \/>\n<meta property=\"article:publisher\" content=\"https:\/\/www.facebook.com\/webdotn\" \/>\n<meta property=\"article:published_time\" content=\"2011-10-24T13:19:00+00:00\" \/>\n<meta name=\"author\" content=\"webdo.tn\" \/>\n<meta name=\"twitter:card\" content=\"summary_large_image\" \/>\n<meta name=\"twitter:creator\" content=\"@webdo_tn\" \/>\n<meta name=\"twitter:site\" content=\"@webdo_tn\" \/>\n<meta name=\"twitter:label1\" content=\"\u00c9crit par\" \/>\n\t<meta name=\"twitter:data1\" content=\"webdo.tn\" \/>\n\t<meta name=\"twitter:label2\" content=\"Dur\u00e9e de lecture estim\u00e9e\" \/>\n\t<meta name=\"twitter:data2\" content=\"1 minute\" \/>\n<script type=\"application\/ld+json\" class=\"yoast-schema-graph\">{\"@context\":\"https:\\\/\\\/schema.org\",\"@graph\":[{\"@type\":\"NewsArticle\",\"@id\":\"https:\\\/\\\/www.webdo.tn\\\/fr\\\/actualite\\\/national\\\/la-bourse-de-tunis-reagit-mal-a-mi-journee-a-lattente-des-resultats-electoraux\\\/172501\\\/#article\",\"isPartOf\":{\"@id\":\"https:\\\/\\\/www.webdo.tn\\\/fr\\\/actualite\\\/national\\\/la-bourse-de-tunis-reagit-mal-a-mi-journee-a-lattente-des-resultats-electoraux\\\/172501\\\/\"},\"author\":{\"name\":\"webdo.tn\",\"@id\":\"https:\\\/\\\/www.webdo.tn\\\/fr\\\/#\\\/schema\\\/person\\\/9a9c6118d687c117df8ef3cc36a4d175\"},\"headline\":\"La Bourse de Tunis r\u00e9agit mal, \u00e0 mi-journ\u00e9e, \u00e0 l&rsquo;attente des r\u00e9sultats \u00e9lectoraux\",\"datePublished\":\"2011-10-24T13:19:00+00:00\",\"mainEntityOfPage\":{\"@id\":\"https:\\\/\\\/www.webdo.tn\\\/fr\\\/actualite\\\/national\\\/la-bourse-de-tunis-reagit-mal-a-mi-journee-a-lattente-des-resultats-electoraux\\\/172501\\\/\"},\"wordCount\":224,\"commentCount\":0,\"publisher\":{\"@id\":\"https:\\\/\\\/www.webdo.tn\\\/fr\\\/#organization\"},\"image\":{\"@id\":\"https:\\\/\\\/www.webdo.tn\\\/fr\\\/actualite\\\/national\\\/la-bourse-de-tunis-reagit-mal-a-mi-journee-a-lattente-des-resultats-electoraux\\\/172501\\\/#primaryimage\"},\"thumbnailUrl\":\"https:\\\/\\\/www.webdo.tn\\\/fr\\\/wp-content\\\/uploads\\\/2025\\\/06\\\/FireShot-Capture-1063-webdo_default-53-750x375.jpg-750\u00d7375-www.webdo_.tn_.png\",\"articleSection\":[\"National\"],\"inLanguage\":\"fr-FR\"},{\"@type\":\"WebPage\",\"@id\":\"https:\\\/\\\/www.webdo.tn\\\/fr\\\/actualite\\\/national\\\/la-bourse-de-tunis-reagit-mal-a-mi-journee-a-lattente-des-resultats-electoraux\\\/172501\\\/\",\"url\":\"https:\\\/\\\/www.webdo.tn\\\/fr\\\/actualite\\\/national\\\/la-bourse-de-tunis-reagit-mal-a-mi-journee-a-lattente-des-resultats-electoraux\\\/172501\\\/\",\"name\":\"La Bourse de Tunis r\u00e9agit mal, \u00e0 mi-journ\u00e9e, \u00e0 l'attente des r\u00e9sultats \u00e9lectoraux\",\"isPartOf\":{\"@id\":\"https:\\\/\\\/www.webdo.tn\\\/fr\\\/#website\"},\"primaryImageOfPage\":{\"@id\":\"https:\\\/\\\/www.webdo.tn\\\/fr\\\/actualite\\\/national\\\/la-bourse-de-tunis-reagit-mal-a-mi-journee-a-lattente-des-resultats-electoraux\\\/172501\\\/#primaryimage\"},\"image\":{\"@id\":\"https:\\\/\\\/www.webdo.tn\\\/fr\\\/actualite\\\/national\\\/la-bourse-de-tunis-reagit-mal-a-mi-journee-a-lattente-des-resultats-electoraux\\\/172501\\\/#primaryimage\"},\"thumbnailUrl\":\"https:\\\/\\\/www.webdo.tn\\\/fr\\\/wp-content\\\/uploads\\\/2025\\\/06\\\/FireShot-Capture-1063-webdo_default-53-750x375.jpg-750\u00d7375-www.webdo_.tn_.png\",\"datePublished\":\"2011-10-24T13:19:00+00:00\",\"description\":\"La Bourse de Tunis r\u00e9agit mal, \u00e0 mi-journ\u00e9e, \u00e0 l'attente des r\u00e9sultats \u00e9lectoraux\",\"breadcrumb\":{\"@id\":\"https:\\\/\\\/www.webdo.tn\\\/fr\\\/actualite\\\/national\\\/la-bourse-de-tunis-reagit-mal-a-mi-journee-a-lattente-des-resultats-electoraux\\\/172501\\\/#breadcrumb\"},\"inLanguage\":\"fr-FR\",\"potentialAction\":[{\"@type\":\"ReadAction\",\"target\":[\"https:\\\/\\\/www.webdo.tn\\\/fr\\\/actualite\\\/national\\\/la-bourse-de-tunis-reagit-mal-a-mi-journee-a-lattente-des-resultats-electoraux\\\/172501\\\/\"]}]},{\"@type\":\"ImageObject\",\"inLanguage\":\"fr-FR\",\"@id\":\"https:\\\/\\\/www.webdo.tn\\\/fr\\\/actualite\\\/national\\\/la-bourse-de-tunis-reagit-mal-a-mi-journee-a-lattente-des-resultats-electoraux\\\/172501\\\/#primaryimage\",\"url\":\"https:\\\/\\\/www.webdo.tn\\\/fr\\\/wp-content\\\/uploads\\\/2025\\\/06\\\/FireShot-Capture-1063-webdo_default-53-750x375.jpg-750\u00d7375-www.webdo_.tn_.png\",\"contentUrl\":\"https:\\\/\\\/www.webdo.tn\\\/fr\\\/wp-content\\\/uploads\\\/2025\\\/06\\\/FireShot-Capture-1063-webdo_default-53-750x375.jpg-750\u00d7375-www.webdo_.tn_.png\",\"width\":746,\"height\":371},{\"@type\":\"BreadcrumbList\",\"@id\":\"https:\\\/\\\/www.webdo.tn\\\/fr\\\/actualite\\\/national\\\/la-bourse-de-tunis-reagit-mal-a-mi-journee-a-lattente-des-resultats-electoraux\\\/172501\\\/#breadcrumb\",\"itemListElement\":[{\"@type\":\"ListItem\",\"position\":1,\"name\":\"Accueil\",\"item\":\"https:\\\/\\\/www.webdo.tn\\\/fr\\\/\"},{\"@type\":\"ListItem\",\"position\":2,\"name\":\"La Bourse de Tunis r\u00e9agit mal, \u00e0 mi-journ\u00e9e, \u00e0 l&rsquo;attente des r\u00e9sultats \u00e9lectoraux\"}]},{\"@type\":\"WebSite\",\"@id\":\"https:\\\/\\\/www.webdo.tn\\\/fr\\\/#website\",\"url\":\"https:\\\/\\\/www.webdo.tn\\\/fr\\\/\",\"name\":\"webdo\",\"description\":\"Tunisie - News en Tunisie et \u00e0 l&#039;international sur Webdo.tn\",\"publisher\":{\"@id\":\"https:\\\/\\\/www.webdo.tn\\\/fr\\\/#organization\"},\"potentialAction\":[{\"@type\":\"SearchAction\",\"target\":{\"@type\":\"EntryPoint\",\"urlTemplate\":\"https:\\\/\\\/www.webdo.tn\\\/fr\\\/?s={search_term_string}\"},\"query-input\":{\"@type\":\"PropertyValueSpecification\",\"valueRequired\":true,\"valueName\":\"search_term_string\"}}],\"inLanguage\":\"fr-FR\"},{\"@type\":\"Organization\",\"@id\":\"https:\\\/\\\/www.webdo.tn\\\/fr\\\/#organization\",\"name\":\"Webdo\",\"alternateName\":\"Webdo.tn\",\"url\":\"https:\\\/\\\/www.webdo.tn\\\/fr\\\/\",\"logo\":{\"@type\":\"ImageObject\",\"inLanguage\":\"fr-FR\",\"@id\":\"https:\\\/\\\/www.webdo.tn\\\/fr\\\/#\\\/schema\\\/logo\\\/image\\\/\",\"url\":\"https:\\\/\\\/www.webdo.tn\\\/fr\\\/wp-content\\\/uploads\\\/2025\\\/06\\\/Webdo-Tunisie_168377.jpg\",\"contentUrl\":\"https:\\\/\\\/www.webdo.tn\\\/fr\\\/wp-content\\\/uploads\\\/2025\\\/06\\\/Webdo-Tunisie_168377.jpg\",\"width\":301,\"height\":301,\"caption\":\"Webdo\"},\"image\":{\"@id\":\"https:\\\/\\\/www.webdo.tn\\\/fr\\\/#\\\/schema\\\/logo\\\/image\\\/\"},\"sameAs\":[\"https:\\\/\\\/www.facebook.com\\\/webdotn\",\"https:\\\/\\\/x.com\\\/webdo_tn\"],\"description\":\"Webdo est un m\u00e9dia num\u00e9rique tunisien fond\u00e9 en 2010, sp\u00e9cialis\u00e9 dans l\u2019actualit\u00e9 nationale et internationale, l\u2019\u00e9conomie, la soci\u00e9t\u00e9 et les analyses politiques. Le site s\u2019adresse \u00e0 un large public francophone et couvre l\u2019information tunisienne en temps r\u00e9el.\",\"email\":\"redac@webdo.tn\",\"legalName\":\"YNJ SARL\",\"foundingDate\":\"2010-09-06\",\"numberOfEmployees\":{\"@type\":\"QuantitativeValue\",\"minValue\":\"11\",\"maxValue\":\"50\"}},{\"@type\":\"Person\",\"@id\":\"https:\\\/\\\/www.webdo.tn\\\/fr\\\/#\\\/schema\\\/person\\\/9a9c6118d687c117df8ef3cc36a4d175\",\"name\":\"webdo.tn\",\"image\":{\"@type\":\"ImageObject\",\"inLanguage\":\"fr-FR\",\"@id\":\"https:\\\/\\\/secure.gravatar.com\\\/avatar\\\/7ce1f28c0c3bbac99ff550b85ef8e44a6950c6ee24514fb6a5489e51d06f0298?s=96&d=mm&r=g\",\"url\":\"https:\\\/\\\/secure.gravatar.com\\\/avatar\\\/7ce1f28c0c3bbac99ff550b85ef8e44a6950c6ee24514fb6a5489e51d06f0298?s=96&d=mm&r=g\",\"contentUrl\":\"https:\\\/\\\/secure.gravatar.com\\\/avatar\\\/7ce1f28c0c3bbac99ff550b85ef8e44a6950c6ee24514fb6a5489e51d06f0298?s=96&d=mm&r=g\",\"caption\":\"webdo.tn\"},\"url\":\"https:\\\/\\\/www.webdo.tn\\\/fr\\\/actualite\\\/author\\\/webdotn\\\/\"}]}<\/script>\n<!-- \/ Yoast SEO Premium plugin. -->","yoast_head_json":{"title":"La Bourse de Tunis r\u00e9agit mal, \u00e0 mi-journ\u00e9e, \u00e0 l'attente des r\u00e9sultats \u00e9lectoraux","description":"La Bourse de Tunis r\u00e9agit mal, \u00e0 mi-journ\u00e9e, \u00e0 l'attente des r\u00e9sultats \u00e9lectoraux","canonical":"https:\/\/www.webdo.tn\/fr\/actualite\/national\/la-bourse-de-tunis-reagit-mal-a-mi-journee-a-lattente-des-resultats-electoraux\/172501\/","og_locale":"fr_FR","og_type":"article","og_title":"La Bourse de Tunis r\u00e9agit mal, \u00e0 mi-journ\u00e9e, \u00e0 l'attente des r\u00e9sultats \u00e9lectoraux","og_description":"La Bourse de Tunis r\u00e9agit mal, \u00e0 mi-journ\u00e9e, \u00e0 l'attente des r\u00e9sultats \u00e9lectoraux","og_url":"https:\/\/www.webdo.tn\/fr\/actualite\/national\/la-bourse-de-tunis-reagit-mal-a-mi-journee-a-lattente-des-resultats-electoraux\/172501\/","og_site_name":"webdo","article_publisher":"https:\/\/www.facebook.com\/webdotn","article_published_time":"2011-10-24T13:19:00+00:00","author":"webdo.tn","twitter_card":"summary_large_image","twitter_creator":"@webdo_tn","twitter_site":"@webdo_tn","twitter_misc":{"\u00c9crit par":"webdo.tn","Dur\u00e9e de lecture estim\u00e9e":"1 minute"},"schema":{"@context":"https:\/\/schema.org","@graph":[{"@type":"NewsArticle","@id":"https:\/\/www.webdo.tn\/fr\/actualite\/national\/la-bourse-de-tunis-reagit-mal-a-mi-journee-a-lattente-des-resultats-electoraux\/172501\/#article","isPartOf":{"@id":"https:\/\/www.webdo.tn\/fr\/actualite\/national\/la-bourse-de-tunis-reagit-mal-a-mi-journee-a-lattente-des-resultats-electoraux\/172501\/"},"author":{"name":"webdo.tn","@id":"https:\/\/www.webdo.tn\/fr\/#\/schema\/person\/9a9c6118d687c117df8ef3cc36a4d175"},"headline":"La Bourse de Tunis r\u00e9agit mal, \u00e0 mi-journ\u00e9e, \u00e0 l&rsquo;attente des r\u00e9sultats \u00e9lectoraux","datePublished":"2011-10-24T13:19:00+00:00","mainEntityOfPage":{"@id":"https:\/\/www.webdo.tn\/fr\/actualite\/national\/la-bourse-de-tunis-reagit-mal-a-mi-journee-a-lattente-des-resultats-electoraux\/172501\/"},"wordCount":224,"commentCount":0,"publisher":{"@id":"https:\/\/www.webdo.tn\/fr\/#organization"},"image":{"@id":"https:\/\/www.webdo.tn\/fr\/actualite\/national\/la-bourse-de-tunis-reagit-mal-a-mi-journee-a-lattente-des-resultats-electoraux\/172501\/#primaryimage"},"thumbnailUrl":"https:\/\/www.webdo.tn\/fr\/wp-content\/uploads\/2025\/06\/FireShot-Capture-1063-webdo_default-53-750x375.jpg-750\u00d7375-www.webdo_.tn_.png","articleSection":["National"],"inLanguage":"fr-FR"},{"@type":"WebPage","@id":"https:\/\/www.webdo.tn\/fr\/actualite\/national\/la-bourse-de-tunis-reagit-mal-a-mi-journee-a-lattente-des-resultats-electoraux\/172501\/","url":"https:\/\/www.webdo.tn\/fr\/actualite\/national\/la-bourse-de-tunis-reagit-mal-a-mi-journee-a-lattente-des-resultats-electoraux\/172501\/","name":"La Bourse de Tunis r\u00e9agit mal, \u00e0 mi-journ\u00e9e, \u00e0 l'attente des r\u00e9sultats \u00e9lectoraux","isPartOf":{"@id":"https:\/\/www.webdo.tn\/fr\/#website"},"primaryImageOfPage":{"@id":"https:\/\/www.webdo.tn\/fr\/actualite\/national\/la-bourse-de-tunis-reagit-mal-a-mi-journee-a-lattente-des-resultats-electoraux\/172501\/#primaryimage"},"image":{"@id":"https:\/\/www.webdo.tn\/fr\/actualite\/national\/la-bourse-de-tunis-reagit-mal-a-mi-journee-a-lattente-des-resultats-electoraux\/172501\/#primaryimage"},"thumbnailUrl":"https:\/\/www.webdo.tn\/fr\/wp-content\/uploads\/2025\/06\/FireShot-Capture-1063-webdo_default-53-750x375.jpg-750\u00d7375-www.webdo_.tn_.png","datePublished":"2011-10-24T13:19:00+00:00","description":"La Bourse de Tunis r\u00e9agit mal, \u00e0 mi-journ\u00e9e, \u00e0 l'attente des r\u00e9sultats \u00e9lectoraux","breadcrumb":{"@id":"https:\/\/www.webdo.tn\/fr\/actualite\/national\/la-bourse-de-tunis-reagit-mal-a-mi-journee-a-lattente-des-resultats-electoraux\/172501\/#breadcrumb"},"inLanguage":"fr-FR","potentialAction":[{"@type":"ReadAction","target":["https:\/\/www.webdo.tn\/fr\/actualite\/national\/la-bourse-de-tunis-reagit-mal-a-mi-journee-a-lattente-des-resultats-electoraux\/172501\/"]}]},{"@type":"ImageObject","inLanguage":"fr-FR","@id":"https:\/\/www.webdo.tn\/fr\/actualite\/national\/la-bourse-de-tunis-reagit-mal-a-mi-journee-a-lattente-des-resultats-electoraux\/172501\/#primaryimage","url":"https:\/\/www.webdo.tn\/fr\/wp-content\/uploads\/2025\/06\/FireShot-Capture-1063-webdo_default-53-750x375.jpg-750\u00d7375-www.webdo_.tn_.png","contentUrl":"https:\/\/www.webdo.tn\/fr\/wp-content\/uploads\/2025\/06\/FireShot-Capture-1063-webdo_default-53-750x375.jpg-750\u00d7375-www.webdo_.tn_.png","width":746,"height":371},{"@type":"BreadcrumbList","@id":"https:\/\/www.webdo.tn\/fr\/actualite\/national\/la-bourse-de-tunis-reagit-mal-a-mi-journee-a-lattente-des-resultats-electoraux\/172501\/#breadcrumb","itemListElement":[{"@type":"ListItem","position":1,"name":"Accueil","item":"https:\/\/www.webdo.tn\/fr\/"},{"@type":"ListItem","position":2,"name":"La Bourse de Tunis r\u00e9agit mal, \u00e0 mi-journ\u00e9e, \u00e0 l&rsquo;attente des r\u00e9sultats \u00e9lectoraux"}]},{"@type":"WebSite","@id":"https:\/\/www.webdo.tn\/fr\/#website","url":"https:\/\/www.webdo.tn\/fr\/","name":"webdo","description":"Tunisie - News en Tunisie et \u00e0 l&#039;international sur Webdo.tn","publisher":{"@id":"https:\/\/www.webdo.tn\/fr\/#organization"},"potentialAction":[{"@type":"SearchAction","target":{"@type":"EntryPoint","urlTemplate":"https:\/\/www.webdo.tn\/fr\/?s={search_term_string}"},"query-input":{"@type":"PropertyValueSpecification","valueRequired":true,"valueName":"search_term_string"}}],"inLanguage":"fr-FR"},{"@type":"Organization","@id":"https:\/\/www.webdo.tn\/fr\/#organization","name":"Webdo","alternateName":"Webdo.tn","url":"https:\/\/www.webdo.tn\/fr\/","logo":{"@type":"ImageObject","inLanguage":"fr-FR","@id":"https:\/\/www.webdo.tn\/fr\/#\/schema\/logo\/image\/","url":"https:\/\/www.webdo.tn\/fr\/wp-content\/uploads\/2025\/06\/Webdo-Tunisie_168377.jpg","contentUrl":"https:\/\/www.webdo.tn\/fr\/wp-content\/uploads\/2025\/06\/Webdo-Tunisie_168377.jpg","width":301,"height":301,"caption":"Webdo"},"image":{"@id":"https:\/\/www.webdo.tn\/fr\/#\/schema\/logo\/image\/"},"sameAs":["https:\/\/www.facebook.com\/webdotn","https:\/\/x.com\/webdo_tn"],"description":"Webdo est un m\u00e9dia num\u00e9rique tunisien fond\u00e9 en 2010, sp\u00e9cialis\u00e9 dans l\u2019actualit\u00e9 nationale et internationale, l\u2019\u00e9conomie, la soci\u00e9t\u00e9 et les analyses politiques. Le site s\u2019adresse \u00e0 un large public francophone et couvre l\u2019information tunisienne en temps r\u00e9el.","email":"redac@webdo.tn","legalName":"YNJ SARL","foundingDate":"2010-09-06","numberOfEmployees":{"@type":"QuantitativeValue","minValue":"11","maxValue":"50"}},{"@type":"Person","@id":"https:\/\/www.webdo.tn\/fr\/#\/schema\/person\/9a9c6118d687c117df8ef3cc36a4d175","name":"webdo.tn","image":{"@type":"ImageObject","inLanguage":"fr-FR","@id":"https:\/\/secure.gravatar.com\/avatar\/7ce1f28c0c3bbac99ff550b85ef8e44a6950c6ee24514fb6a5489e51d06f0298?s=96&d=mm&r=g","url":"https:\/\/secure.gravatar.com\/avatar\/7ce1f28c0c3bbac99ff550b85ef8e44a6950c6ee24514fb6a5489e51d06f0298?s=96&d=mm&r=g","contentUrl":"https:\/\/secure.gravatar.com\/avatar\/7ce1f28c0c3bbac99ff550b85ef8e44a6950c6ee24514fb6a5489e51d06f0298?s=96&d=mm&r=g","caption":"webdo.tn"},"url":"https:\/\/www.webdo.tn\/fr\/actualite\/author\/webdotn\/"}]}},"_links":{"self":[{"href":"https:\/\/www.webdo.tn\/fr\/wp-json\/wp\/v2\/posts\/172501","targetHints":{"allow":["GET"]}}],"collection":[{"href":"https:\/\/www.webdo.tn\/fr\/wp-json\/wp\/v2\/posts"}],"about":[{"href":"https:\/\/www.webdo.tn\/fr\/wp-json\/wp\/v2\/types\/post"}],"author":[{"embeddable":true,"href":"https:\/\/www.webdo.tn\/fr\/wp-json\/wp\/v2\/users\/3222"}],"replies":[{"embeddable":true,"href":"https:\/\/www.webdo.tn\/fr\/wp-json\/wp\/v2\/comments?post=172501"}],"version-history":[{"count":0,"href":"https:\/\/www.webdo.tn\/fr\/wp-json\/wp\/v2\/posts\/172501\/revisions"}],"wp:featuredmedia":[{"embeddable":true,"href":"https:\/\/www.webdo.tn\/fr\/wp-json\/wp\/v2\/media\/376290"}],"wp:attachment":[{"href":"https:\/\/www.webdo.tn\/fr\/wp-json\/wp\/v2\/media?parent=172501"}],"wp:term":[{"taxonomy":"category","embeddable":true,"href":"https:\/\/www.webdo.tn\/fr\/wp-json\/wp\/v2\/categories?post=172501"},{"taxonomy":"post_tag","embeddable":true,"href":"https:\/\/www.webdo.tn\/fr\/wp-json\/wp\/v2\/tags?post=172501"}],"curies":[{"name":"wp","href":"https:\/\/api.w.org\/{rel}","templated":true}]}}