{"id":172494,"date":"2011-10-26T18:22:00","date_gmt":"2011-10-26T18:22:00","guid":{"rendered":"https:\/\/www.webdo.tn\/fr\/blog\/juppe-souffle-le-chaud-et-le-froid-sur-la-tunisie\/172494\/"},"modified":"2011-10-26T18:22:00","modified_gmt":"2011-10-26T18:22:00","slug":"juppe-souffle-le-chaud-et-le-froid-sur-la-tunisie","status":"publish","type":"post","link":"https:\/\/www.webdo.tn\/fr\/actualite\/national\/juppe-souffle-le-chaud-et-le-froid-sur-la-tunisie\/172494\/","title":{"rendered":"Jupp\u00e9 souffle le chaud et le froid sur la Tunisie"},"content":{"rendered":"<p>Apr\u00e8s avoir d\u00e9clar\u00e9 \u00eatre \u00aboptimiste\u00bb sur les \u00e9lections de l\u2019assembl\u00e9e constituante, Alain Jupp\u00e9, ministre fran\u00e7ais des Affaires \u00e9trang\u00e8res, a annonc\u00e9, aujourd&rsquo;hui, que la France allait \u00abmettre en place une aide \u00e9conomique massive \u00e0 la Tunisie\u00bb, mais sous certaines conditions.<br \/>\nM\u00eame si les d\u00e9clarations de Jupp\u00e9 peuvent sonner justes et protectrices chez certains Tunisiens, particuli\u00e8rement chez ceux qui pr\u00f4nent pour la libert\u00e9, il semblerait que le gouvernement fran\u00e7ais, qui pensait, s\u00fbrement, avoir affaire \u00e0 une formation proche de ce qu\u2019il avait connu avec Ben Ali (et les avantages qui en ont d\u00e9coul\u00e9), ait en travers de la gorge le choix d\u2019une majorit\u00e9 de Tunisiens.<\/p>\n<p>C\u2019est sous des airs confiants, mais cachant une v\u00e9ritable obsession (la place de la France en Tunisie) qu\u2019Alain Jupp\u00e9 a d\u00e9clar\u00e9 que cette aide \u00e9conomique serait apport\u00e9e \u00abdans la mesure o\u00f9 les lignes rouges ne seront pas franchies\u00bb et en soulignant l\u2019importance \u00abd&rsquo;avoir cette conditionnalit\u00e9\u00bb.<\/p>\n<p>Alors que sont ces lignes rouges pour le chef de la diplomatie fran\u00e7aise ? Il s\u2019agit, entre autres, du respect de l&rsquo;alternance d\u00e9mocratique, des droits humains, de l&rsquo;\u00e9galit\u00e9 hommes-femmes. Etrangement des notions qui n\u2019ont pas \u00e9t\u00e9 respect\u00e9es sous le r\u00e9gime Ben Ali et pourtant la France lui apportait son aide\u2026 Pour le leader du CPR, Moncef Marzouki, relay\u00e9 par L\u2019Essentiel Online, \u00ables lignes rouges c&rsquo;est encore une fois les libert\u00e9s publiques, les droits de l&rsquo;homme, les droits de la femme, de l&rsquo;enfant\u00bb.<\/p>\n<p>Pour en revenir \u00e0 Alain Jupp\u00e9, il semblerait que le ministre fran\u00e7ais des Affaires \u00e9trang\u00e8res fasse la politique du b\u00e2ton et de la carotte puisque, apr\u00e8s avoir menac\u00e9 indirectement de retirer toute aide, voil\u00e0 qu\u2019il a d\u00e9clar\u00e9, selon la TAP, \u00abMais moi, je vais \u00eatre optimiste sur la Tunisie. On ne va pas se plaindre qu&rsquo;il ait eu des \u00e9lections.  (&#8230;) Il y a eu des \u00e9lections libres, il n&rsquo;y a pas eu de tricherie (&#8230;) et le peuple tunisien s&rsquo;est exprim\u00e9. Nous devons respecter ce suffrage\u00a0\u00bb.<\/p>\n","protected":false},"excerpt":{"rendered":"<p>Jupp\u00e9 souffle le chaud et le froid sur la Tunisie<\/p>\n","protected":false},"author":3222,"featured_media":374623,"comment_status":"open","ping_status":"closed","sticky":false,"template":"","format":"standard","meta":{"footnotes":""},"categories":[44],"tags":[2600],"class_list":["post-172494","post","type-post","status-publish","format-standard","has-post-thumbnail","hentry","category-national","tag-guerre"],"yoast_head":"<!-- This site is optimized with the Yoast SEO Premium plugin v27.5 (Yoast SEO v27.5) - https:\/\/yoast.com\/product\/yoast-seo-premium-wordpress\/ -->\n<title>Jupp\u00e9 souffle le chaud et le froid sur la Tunisie<\/title>\n<meta name=\"description\" content=\"Jupp\u00e9 souffle le chaud et le froid sur la Tunisie\" \/>\n<link rel=\"canonical\" href=\"https:\/\/www.webdo.tn\/fr\/actualite\/national-45\/juppe-souffle-le-chaud-et-le-froid-sur-la-tunisie\/172494\/\" \/>\n<meta property=\"og:locale\" content=\"fr_FR\" \/>\n<meta property=\"og:type\" content=\"article\" \/>\n<meta property=\"og:title\" content=\"Jupp\u00e9 souffle le chaud et le froid sur la Tunisie\" \/>\n<meta property=\"og:description\" content=\"Jupp\u00e9 souffle le chaud et le froid sur la Tunisie\" \/>\n<meta property=\"og:url\" content=\"https:\/\/www.webdo.tn\/fr\/actualite\/national-45\/juppe-souffle-le-chaud-et-le-froid-sur-la-tunisie\/172494\/\" \/>\n<meta property=\"og:site_name\" content=\"webdo\" \/>\n<meta property=\"article:publisher\" content=\"https:\/\/www.facebook.com\/webdotn\" \/>\n<meta property=\"article:published_time\" content=\"2011-10-26T18:22:00+00:00\" \/>\n<meta name=\"author\" content=\"webdo.tn\" \/>\n<meta name=\"twitter:card\" content=\"summary_large_image\" \/>\n<meta name=\"twitter:creator\" content=\"@webdo_tn\" \/>\n<meta name=\"twitter:site\" content=\"@webdo_tn\" \/>\n<meta name=\"twitter:label1\" content=\"\u00c9crit par\" \/>\n\t<meta name=\"twitter:data1\" content=\"webdo.tn\" \/>\n\t<meta name=\"twitter:label2\" content=\"Dur\u00e9e de lecture estim\u00e9e\" \/>\n\t<meta name=\"twitter:data2\" content=\"2 minutes\" \/>\n<script type=\"application\/ld+json\" class=\"yoast-schema-graph\">{\"@context\":\"https:\\\/\\\/schema.org\",\"@graph\":[{\"@type\":\"NewsArticle\",\"@id\":\"https:\\\/\\\/www.webdo.tn\\\/fr\\\/actualite\\\/national-45\\\/juppe-souffle-le-chaud-et-le-froid-sur-la-tunisie\\\/172494\\\/#article\",\"isPartOf\":{\"@id\":\"https:\\\/\\\/www.webdo.tn\\\/fr\\\/actualite\\\/national-45\\\/juppe-souffle-le-chaud-et-le-froid-sur-la-tunisie\\\/172494\\\/\"},\"author\":{\"name\":\"webdo.tn\",\"@id\":\"https:\\\/\\\/www.webdo.tn\\\/fr\\\/#\\\/schema\\\/person\\\/9a9c6118d687c117df8ef3cc36a4d175\"},\"headline\":\"Jupp\u00e9 souffle le chaud et le froid sur la Tunisie\",\"datePublished\":\"2011-10-26T18:22:00+00:00\",\"mainEntityOfPage\":{\"@id\":\"https:\\\/\\\/www.webdo.tn\\\/fr\\\/actualite\\\/national-45\\\/juppe-souffle-le-chaud-et-le-froid-sur-la-tunisie\\\/172494\\\/\"},\"wordCount\":366,\"commentCount\":0,\"publisher\":{\"@id\":\"https:\\\/\\\/www.webdo.tn\\\/fr\\\/#organization\"},\"image\":{\"@id\":\"https:\\\/\\\/www.webdo.tn\\\/fr\\\/actualite\\\/national-45\\\/juppe-souffle-le-chaud-et-le-froid-sur-la-tunisie\\\/172494\\\/#primaryimage\"},\"thumbnailUrl\":\"https:\\\/\\\/www.webdo.tn\\\/fr\\\/wp-content\\\/uploads\\\/2025\\\/06\\\/Alain-Juppe-photo-europe1.fr__172494.jpg\",\"keywords\":[\"guerre\"],\"articleSection\":[\"National\"],\"inLanguage\":\"fr-FR\"},{\"@type\":\"WebPage\",\"@id\":\"https:\\\/\\\/www.webdo.tn\\\/fr\\\/actualite\\\/national-45\\\/juppe-souffle-le-chaud-et-le-froid-sur-la-tunisie\\\/172494\\\/\",\"url\":\"https:\\\/\\\/www.webdo.tn\\\/fr\\\/actualite\\\/national-45\\\/juppe-souffle-le-chaud-et-le-froid-sur-la-tunisie\\\/172494\\\/\",\"name\":\"Jupp\u00e9 souffle le chaud et le froid sur la Tunisie\",\"isPartOf\":{\"@id\":\"https:\\\/\\\/www.webdo.tn\\\/fr\\\/#website\"},\"primaryImageOfPage\":{\"@id\":\"https:\\\/\\\/www.webdo.tn\\\/fr\\\/actualite\\\/national-45\\\/juppe-souffle-le-chaud-et-le-froid-sur-la-tunisie\\\/172494\\\/#primaryimage\"},\"image\":{\"@id\":\"https:\\\/\\\/www.webdo.tn\\\/fr\\\/actualite\\\/national-45\\\/juppe-souffle-le-chaud-et-le-froid-sur-la-tunisie\\\/172494\\\/#primaryimage\"},\"thumbnailUrl\":\"https:\\\/\\\/www.webdo.tn\\\/fr\\\/wp-content\\\/uploads\\\/2025\\\/06\\\/Alain-Juppe-photo-europe1.fr__172494.jpg\",\"datePublished\":\"2011-10-26T18:22:00+00:00\",\"description\":\"Jupp\u00e9 souffle le chaud et le froid sur la Tunisie\",\"breadcrumb\":{\"@id\":\"https:\\\/\\\/www.webdo.tn\\\/fr\\\/actualite\\\/national-45\\\/juppe-souffle-le-chaud-et-le-froid-sur-la-tunisie\\\/172494\\\/#breadcrumb\"},\"inLanguage\":\"fr-FR\",\"potentialAction\":[{\"@type\":\"ReadAction\",\"target\":[\"https:\\\/\\\/www.webdo.tn\\\/fr\\\/actualite\\\/national-45\\\/juppe-souffle-le-chaud-et-le-froid-sur-la-tunisie\\\/172494\\\/\"]}]},{\"@type\":\"ImageObject\",\"inLanguage\":\"fr-FR\",\"@id\":\"https:\\\/\\\/www.webdo.tn\\\/fr\\\/actualite\\\/national-45\\\/juppe-souffle-le-chaud-et-le-froid-sur-la-tunisie\\\/172494\\\/#primaryimage\",\"url\":\"https:\\\/\\\/www.webdo.tn\\\/fr\\\/wp-content\\\/uploads\\\/2025\\\/06\\\/Alain-Juppe-photo-europe1.fr__172494.jpg\",\"contentUrl\":\"https:\\\/\\\/www.webdo.tn\\\/fr\\\/wp-content\\\/uploads\\\/2025\\\/06\\\/Alain-Juppe-photo-europe1.fr__172494.jpg\",\"width\":268,\"height\":210,\"caption\":\"Jupp\u00e9 souffle le chaud et le froid sur la Tunisie\"},{\"@type\":\"BreadcrumbList\",\"@id\":\"https:\\\/\\\/www.webdo.tn\\\/fr\\\/actualite\\\/national-45\\\/juppe-souffle-le-chaud-et-le-froid-sur-la-tunisie\\\/172494\\\/#breadcrumb\",\"itemListElement\":[{\"@type\":\"ListItem\",\"position\":1,\"name\":\"Accueil\",\"item\":\"https:\\\/\\\/www.webdo.tn\\\/fr\\\/\"},{\"@type\":\"ListItem\",\"position\":2,\"name\":\"Jupp\u00e9 souffle le chaud et le froid sur la Tunisie\"}]},{\"@type\":\"WebSite\",\"@id\":\"https:\\\/\\\/www.webdo.tn\\\/fr\\\/#website\",\"url\":\"https:\\\/\\\/www.webdo.tn\\\/fr\\\/\",\"name\":\"webdo\",\"description\":\"Tunisie - News en Tunisie et \u00e0 l&#039;international sur Webdo.tn\",\"publisher\":{\"@id\":\"https:\\\/\\\/www.webdo.tn\\\/fr\\\/#organization\"},\"potentialAction\":[{\"@type\":\"SearchAction\",\"target\":{\"@type\":\"EntryPoint\",\"urlTemplate\":\"https:\\\/\\\/www.webdo.tn\\\/fr\\\/?s={search_term_string}\"},\"query-input\":{\"@type\":\"PropertyValueSpecification\",\"valueRequired\":true,\"valueName\":\"search_term_string\"}}],\"inLanguage\":\"fr-FR\"},{\"@type\":\"Organization\",\"@id\":\"https:\\\/\\\/www.webdo.tn\\\/fr\\\/#organization\",\"name\":\"Webdo\",\"alternateName\":\"Webdo.tn\",\"url\":\"https:\\\/\\\/www.webdo.tn\\\/fr\\\/\",\"logo\":{\"@type\":\"ImageObject\",\"inLanguage\":\"fr-FR\",\"@id\":\"https:\\\/\\\/www.webdo.tn\\\/fr\\\/#\\\/schema\\\/logo\\\/image\\\/\",\"url\":\"https:\\\/\\\/www.webdo.tn\\\/fr\\\/wp-content\\\/uploads\\\/2025\\\/06\\\/Webdo-Tunisie_168377.jpg\",\"contentUrl\":\"https:\\\/\\\/www.webdo.tn\\\/fr\\\/wp-content\\\/uploads\\\/2025\\\/06\\\/Webdo-Tunisie_168377.jpg\",\"width\":301,\"height\":301,\"caption\":\"Webdo\"},\"image\":{\"@id\":\"https:\\\/\\\/www.webdo.tn\\\/fr\\\/#\\\/schema\\\/logo\\\/image\\\/\"},\"sameAs\":[\"https:\\\/\\\/www.facebook.com\\\/webdotn\",\"https:\\\/\\\/x.com\\\/webdo_tn\"],\"description\":\"Webdo est un m\u00e9dia num\u00e9rique tunisien fond\u00e9 en 2010, sp\u00e9cialis\u00e9 dans l\u2019actualit\u00e9 nationale et internationale, l\u2019\u00e9conomie, la soci\u00e9t\u00e9 et les analyses politiques. Le site s\u2019adresse \u00e0 un large public francophone et couvre l\u2019information tunisienne en temps r\u00e9el.\",\"email\":\"redac@webdo.tn\",\"legalName\":\"YNJ SARL\",\"foundingDate\":\"2010-09-06\",\"numberOfEmployees\":{\"@type\":\"QuantitativeValue\",\"minValue\":\"11\",\"maxValue\":\"50\"}},{\"@type\":\"Person\",\"@id\":\"https:\\\/\\\/www.webdo.tn\\\/fr\\\/#\\\/schema\\\/person\\\/9a9c6118d687c117df8ef3cc36a4d175\",\"name\":\"webdo.tn\",\"image\":{\"@type\":\"ImageObject\",\"inLanguage\":\"fr-FR\",\"@id\":\"https:\\\/\\\/secure.gravatar.com\\\/avatar\\\/7ce1f28c0c3bbac99ff550b85ef8e44a6950c6ee24514fb6a5489e51d06f0298?s=96&d=mm&r=g\",\"url\":\"https:\\\/\\\/secure.gravatar.com\\\/avatar\\\/7ce1f28c0c3bbac99ff550b85ef8e44a6950c6ee24514fb6a5489e51d06f0298?s=96&d=mm&r=g\",\"contentUrl\":\"https:\\\/\\\/secure.gravatar.com\\\/avatar\\\/7ce1f28c0c3bbac99ff550b85ef8e44a6950c6ee24514fb6a5489e51d06f0298?s=96&d=mm&r=g\",\"caption\":\"webdo.tn\"},\"url\":\"https:\\\/\\\/www.webdo.tn\\\/fr\\\/actualite\\\/author\\\/webdotn\\\/\"}]}<\/script>\n<!-- \/ Yoast SEO Premium plugin. -->","yoast_head_json":{"title":"Jupp\u00e9 souffle le chaud et le froid sur la Tunisie","description":"Jupp\u00e9 souffle le chaud et le froid sur la Tunisie","canonical":"https:\/\/www.webdo.tn\/fr\/actualite\/national-45\/juppe-souffle-le-chaud-et-le-froid-sur-la-tunisie\/172494\/","og_locale":"fr_FR","og_type":"article","og_title":"Jupp\u00e9 souffle le chaud et le froid sur la Tunisie","og_description":"Jupp\u00e9 souffle le chaud et le froid sur la Tunisie","og_url":"https:\/\/www.webdo.tn\/fr\/actualite\/national-45\/juppe-souffle-le-chaud-et-le-froid-sur-la-tunisie\/172494\/","og_site_name":"webdo","article_publisher":"https:\/\/www.facebook.com\/webdotn","article_published_time":"2011-10-26T18:22:00+00:00","author":"webdo.tn","twitter_card":"summary_large_image","twitter_creator":"@webdo_tn","twitter_site":"@webdo_tn","twitter_misc":{"\u00c9crit par":"webdo.tn","Dur\u00e9e de lecture estim\u00e9e":"2 minutes"},"schema":{"@context":"https:\/\/schema.org","@graph":[{"@type":"NewsArticle","@id":"https:\/\/www.webdo.tn\/fr\/actualite\/national-45\/juppe-souffle-le-chaud-et-le-froid-sur-la-tunisie\/172494\/#article","isPartOf":{"@id":"https:\/\/www.webdo.tn\/fr\/actualite\/national-45\/juppe-souffle-le-chaud-et-le-froid-sur-la-tunisie\/172494\/"},"author":{"name":"webdo.tn","@id":"https:\/\/www.webdo.tn\/fr\/#\/schema\/person\/9a9c6118d687c117df8ef3cc36a4d175"},"headline":"Jupp\u00e9 souffle le chaud et le froid sur la Tunisie","datePublished":"2011-10-26T18:22:00+00:00","mainEntityOfPage":{"@id":"https:\/\/www.webdo.tn\/fr\/actualite\/national-45\/juppe-souffle-le-chaud-et-le-froid-sur-la-tunisie\/172494\/"},"wordCount":366,"commentCount":0,"publisher":{"@id":"https:\/\/www.webdo.tn\/fr\/#organization"},"image":{"@id":"https:\/\/www.webdo.tn\/fr\/actualite\/national-45\/juppe-souffle-le-chaud-et-le-froid-sur-la-tunisie\/172494\/#primaryimage"},"thumbnailUrl":"https:\/\/www.webdo.tn\/fr\/wp-content\/uploads\/2025\/06\/Alain-Juppe-photo-europe1.fr__172494.jpg","keywords":["guerre"],"articleSection":["National"],"inLanguage":"fr-FR"},{"@type":"WebPage","@id":"https:\/\/www.webdo.tn\/fr\/actualite\/national-45\/juppe-souffle-le-chaud-et-le-froid-sur-la-tunisie\/172494\/","url":"https:\/\/www.webdo.tn\/fr\/actualite\/national-45\/juppe-souffle-le-chaud-et-le-froid-sur-la-tunisie\/172494\/","name":"Jupp\u00e9 souffle le chaud et le froid sur la Tunisie","isPartOf":{"@id":"https:\/\/www.webdo.tn\/fr\/#website"},"primaryImageOfPage":{"@id":"https:\/\/www.webdo.tn\/fr\/actualite\/national-45\/juppe-souffle-le-chaud-et-le-froid-sur-la-tunisie\/172494\/#primaryimage"},"image":{"@id":"https:\/\/www.webdo.tn\/fr\/actualite\/national-45\/juppe-souffle-le-chaud-et-le-froid-sur-la-tunisie\/172494\/#primaryimage"},"thumbnailUrl":"https:\/\/www.webdo.tn\/fr\/wp-content\/uploads\/2025\/06\/Alain-Juppe-photo-europe1.fr__172494.jpg","datePublished":"2011-10-26T18:22:00+00:00","description":"Jupp\u00e9 souffle le chaud et le froid sur la Tunisie","breadcrumb":{"@id":"https:\/\/www.webdo.tn\/fr\/actualite\/national-45\/juppe-souffle-le-chaud-et-le-froid-sur-la-tunisie\/172494\/#breadcrumb"},"inLanguage":"fr-FR","potentialAction":[{"@type":"ReadAction","target":["https:\/\/www.webdo.tn\/fr\/actualite\/national-45\/juppe-souffle-le-chaud-et-le-froid-sur-la-tunisie\/172494\/"]}]},{"@type":"ImageObject","inLanguage":"fr-FR","@id":"https:\/\/www.webdo.tn\/fr\/actualite\/national-45\/juppe-souffle-le-chaud-et-le-froid-sur-la-tunisie\/172494\/#primaryimage","url":"https:\/\/www.webdo.tn\/fr\/wp-content\/uploads\/2025\/06\/Alain-Juppe-photo-europe1.fr__172494.jpg","contentUrl":"https:\/\/www.webdo.tn\/fr\/wp-content\/uploads\/2025\/06\/Alain-Juppe-photo-europe1.fr__172494.jpg","width":268,"height":210,"caption":"Jupp\u00e9 souffle le chaud et le froid sur la Tunisie"},{"@type":"BreadcrumbList","@id":"https:\/\/www.webdo.tn\/fr\/actualite\/national-45\/juppe-souffle-le-chaud-et-le-froid-sur-la-tunisie\/172494\/#breadcrumb","itemListElement":[{"@type":"ListItem","position":1,"name":"Accueil","item":"https:\/\/www.webdo.tn\/fr\/"},{"@type":"ListItem","position":2,"name":"Jupp\u00e9 souffle le chaud et le froid sur la Tunisie"}]},{"@type":"WebSite","@id":"https:\/\/www.webdo.tn\/fr\/#website","url":"https:\/\/www.webdo.tn\/fr\/","name":"webdo","description":"Tunisie - News en Tunisie et \u00e0 l&#039;international sur Webdo.tn","publisher":{"@id":"https:\/\/www.webdo.tn\/fr\/#organization"},"potentialAction":[{"@type":"SearchAction","target":{"@type":"EntryPoint","urlTemplate":"https:\/\/www.webdo.tn\/fr\/?s={search_term_string}"},"query-input":{"@type":"PropertyValueSpecification","valueRequired":true,"valueName":"search_term_string"}}],"inLanguage":"fr-FR"},{"@type":"Organization","@id":"https:\/\/www.webdo.tn\/fr\/#organization","name":"Webdo","alternateName":"Webdo.tn","url":"https:\/\/www.webdo.tn\/fr\/","logo":{"@type":"ImageObject","inLanguage":"fr-FR","@id":"https:\/\/www.webdo.tn\/fr\/#\/schema\/logo\/image\/","url":"https:\/\/www.webdo.tn\/fr\/wp-content\/uploads\/2025\/06\/Webdo-Tunisie_168377.jpg","contentUrl":"https:\/\/www.webdo.tn\/fr\/wp-content\/uploads\/2025\/06\/Webdo-Tunisie_168377.jpg","width":301,"height":301,"caption":"Webdo"},"image":{"@id":"https:\/\/www.webdo.tn\/fr\/#\/schema\/logo\/image\/"},"sameAs":["https:\/\/www.facebook.com\/webdotn","https:\/\/x.com\/webdo_tn"],"description":"Webdo est un m\u00e9dia num\u00e9rique tunisien fond\u00e9 en 2010, sp\u00e9cialis\u00e9 dans l\u2019actualit\u00e9 nationale et internationale, l\u2019\u00e9conomie, la soci\u00e9t\u00e9 et les analyses politiques. Le site s\u2019adresse \u00e0 un large public francophone et couvre l\u2019information tunisienne en temps r\u00e9el.","email":"redac@webdo.tn","legalName":"YNJ SARL","foundingDate":"2010-09-06","numberOfEmployees":{"@type":"QuantitativeValue","minValue":"11","maxValue":"50"}},{"@type":"Person","@id":"https:\/\/www.webdo.tn\/fr\/#\/schema\/person\/9a9c6118d687c117df8ef3cc36a4d175","name":"webdo.tn","image":{"@type":"ImageObject","inLanguage":"fr-FR","@id":"https:\/\/secure.gravatar.com\/avatar\/7ce1f28c0c3bbac99ff550b85ef8e44a6950c6ee24514fb6a5489e51d06f0298?s=96&d=mm&r=g","url":"https:\/\/secure.gravatar.com\/avatar\/7ce1f28c0c3bbac99ff550b85ef8e44a6950c6ee24514fb6a5489e51d06f0298?s=96&d=mm&r=g","contentUrl":"https:\/\/secure.gravatar.com\/avatar\/7ce1f28c0c3bbac99ff550b85ef8e44a6950c6ee24514fb6a5489e51d06f0298?s=96&d=mm&r=g","caption":"webdo.tn"},"url":"https:\/\/www.webdo.tn\/fr\/actualite\/author\/webdotn\/"}]}},"_links":{"self":[{"href":"https:\/\/www.webdo.tn\/fr\/wp-json\/wp\/v2\/posts\/172494","targetHints":{"allow":["GET"]}}],"collection":[{"href":"https:\/\/www.webdo.tn\/fr\/wp-json\/wp\/v2\/posts"}],"about":[{"href":"https:\/\/www.webdo.tn\/fr\/wp-json\/wp\/v2\/types\/post"}],"author":[{"embeddable":true,"href":"https:\/\/www.webdo.tn\/fr\/wp-json\/wp\/v2\/users\/3222"}],"replies":[{"embeddable":true,"href":"https:\/\/www.webdo.tn\/fr\/wp-json\/wp\/v2\/comments?post=172494"}],"version-history":[{"count":0,"href":"https:\/\/www.webdo.tn\/fr\/wp-json\/wp\/v2\/posts\/172494\/revisions"}],"wp:featuredmedia":[{"embeddable":true,"href":"https:\/\/www.webdo.tn\/fr\/wp-json\/wp\/v2\/media\/374623"}],"wp:attachment":[{"href":"https:\/\/www.webdo.tn\/fr\/wp-json\/wp\/v2\/media?parent=172494"}],"wp:term":[{"taxonomy":"category","embeddable":true,"href":"https:\/\/www.webdo.tn\/fr\/wp-json\/wp\/v2\/categories?post=172494"},{"taxonomy":"post_tag","embeddable":true,"href":"https:\/\/www.webdo.tn\/fr\/wp-json\/wp\/v2\/tags?post=172494"}],"curies":[{"name":"wp","href":"https:\/\/api.w.org\/{rel}","templated":true}]}}