{"id":172492,"date":"2011-10-27T17:22:00","date_gmt":"2011-10-27T17:22:00","guid":{"rendered":"https:\/\/www.webdo.tn\/fr\/blog\/deux-soldats-blesses-a-la-frontiere-tuniso-libyenne\/172492\/"},"modified":"2011-10-27T17:22:00","modified_gmt":"2011-10-27T17:22:00","slug":"deux-soldats-blesses-a-la-frontiere-tuniso-libyenne","status":"publish","type":"post","link":"https:\/\/www.webdo.tn\/fr\/actualite\/national\/deux-soldats-blesses-a-la-frontiere-tuniso-libyenne\/172492\/","title":{"rendered":"Deux soldats bless\u00e9s \u00e0 la fronti\u00e8re tuniso-libyenne"},"content":{"rendered":"<p>Selon la radio priv\u00e9e Shems FM, deux soldats ont \u00e9t\u00e9 bless\u00e9s par balles, mercredi 26 octobre, \u00e0 la fronti\u00e8re tuniso-libyenne, suite \u00e0 une \u00abembuscade tendue\u00bb \u00e0 deux voitures, en provenance de Libye, par une patrouille compos\u00e9e d\u2019unit\u00e9s de l\u2019arm\u00e9e et de la s\u00fbret\u00e9 nationale. Cependant, et selon la TAP, les deux soldats n\u2019auraient pas \u00e9t\u00e9 bless\u00e9s par balles mais ont \u00e9t\u00e9 renvers\u00e9s par un des v\u00e9hicules leur occasionnant c\u00f4tes cass\u00e9es et contusions, et obligeant leur transport vers l\u2019h\u00f4pital de Tataouine o\u00f9 leur \u00e9tat a \u00e9t\u00e9 jug\u00e9 stable.<\/p>\n<p>L\u2019incident est survenu mercredi soir, vers les coups de 23h00, quand deux v\u00e9hicules 4X4 ne portant pas de plaques d\u2019immatriculation ont p\u00e9n\u00e9tr\u00e9 le territoire tunisien, au niveau de la fronti\u00e8re entre Larzet et Martaba.<\/p>\n<p>Une patrouille \u00e0 pieds leur a fait signe de s\u2019arr\u00eater, mais les conducteurs n\u2019ont pas obtemp\u00e9r\u00e9. C\u2019est alors que la patrouille a d\u00e9cid\u00e9 d\u2019intervenir. Les chauffeurs des voitures se sont enfuis renversant au passage les deux soldats.<\/p>\n<p>Cet incident relance le d\u00e9bat sur la s\u00e9curit\u00e9 \u00e0 nos fronti\u00e8res aussi bien du c\u00f4t\u00e9 libyen que du c\u00f4t\u00e9 alg\u00e9rien.<\/p>\n","protected":false},"excerpt":{"rendered":"<p>Deux soldats bless\u00e9s \u00e0 la fronti\u00e8re tuniso-libyenne<\/p>\n","protected":false},"author":3222,"featured_media":333956,"comment_status":"open","ping_status":"closed","sticky":false,"template":"","format":"standard","meta":{"footnotes":""},"categories":[44],"tags":[2600],"class_list":["post-172492","post","type-post","status-publish","format-standard","has-post-thumbnail","hentry","category-national","tag-guerre"],"yoast_head":"<!-- This site is optimized with the Yoast SEO Premium plugin v27.5 (Yoast SEO v27.5) - https:\/\/yoast.com\/product\/yoast-seo-premium-wordpress\/ -->\n<title>Deux soldats bless\u00e9s \u00e0 la fronti\u00e8re tuniso-libyenne<\/title>\n<meta name=\"description\" content=\"Deux soldats bless\u00e9s \u00e0 la fronti\u00e8re tuniso-libyenne\" \/>\n<link rel=\"canonical\" href=\"https:\/\/www.webdo.tn\/fr\/actualite\/national-45\/deux-soldats-blesses-a-la-frontiere-tuniso-libyenne\/172492\/\" \/>\n<meta property=\"og:locale\" content=\"fr_FR\" \/>\n<meta property=\"og:type\" content=\"article\" \/>\n<meta property=\"og:title\" content=\"Deux soldats bless\u00e9s \u00e0 la fronti\u00e8re tuniso-libyenne\" \/>\n<meta property=\"og:description\" content=\"Deux soldats bless\u00e9s \u00e0 la fronti\u00e8re tuniso-libyenne\" \/>\n<meta property=\"og:url\" content=\"https:\/\/www.webdo.tn\/fr\/actualite\/national-45\/deux-soldats-blesses-a-la-frontiere-tuniso-libyenne\/172492\/\" \/>\n<meta property=\"og:site_name\" content=\"webdo\" \/>\n<meta property=\"article:publisher\" content=\"https:\/\/www.facebook.com\/webdotn\" \/>\n<meta property=\"article:published_time\" content=\"2011-10-27T17:22:00+00:00\" \/>\n<meta property=\"og:image\" content=\"https:\/\/www.webdo.tn\/fr\/wp-content\/uploads\/2011\/10\/Soldat-tunisien1.jpg\" \/>\n\t<meta property=\"og:image:width\" content=\"214\" \/>\n\t<meta property=\"og:image:height\" content=\"237\" \/>\n\t<meta property=\"og:image:type\" content=\"image\/jpeg\" \/>\n<meta name=\"author\" content=\"webdo.tn\" \/>\n<meta name=\"twitter:card\" content=\"summary_large_image\" \/>\n<meta name=\"twitter:creator\" content=\"@webdo_tn\" \/>\n<meta name=\"twitter:site\" content=\"@webdo_tn\" \/>\n<meta name=\"twitter:label1\" content=\"\u00c9crit par\" \/>\n\t<meta name=\"twitter:data1\" content=\"webdo.tn\" \/>\n\t<meta name=\"twitter:label2\" content=\"Dur\u00e9e de lecture estim\u00e9e\" \/>\n\t<meta name=\"twitter:data2\" content=\"1 minute\" \/>\n<script type=\"application\/ld+json\" class=\"yoast-schema-graph\">{\"@context\":\"https:\\\/\\\/schema.org\",\"@graph\":[{\"@type\":\"NewsArticle\",\"@id\":\"https:\\\/\\\/www.webdo.tn\\\/fr\\\/actualite\\\/national-45\\\/deux-soldats-blesses-a-la-frontiere-tuniso-libyenne\\\/172492\\\/#article\",\"isPartOf\":{\"@id\":\"https:\\\/\\\/www.webdo.tn\\\/fr\\\/actualite\\\/national-45\\\/deux-soldats-blesses-a-la-frontiere-tuniso-libyenne\\\/172492\\\/\"},\"author\":{\"name\":\"webdo.tn\",\"@id\":\"https:\\\/\\\/www.webdo.tn\\\/fr\\\/#\\\/schema\\\/person\\\/9a9c6118d687c117df8ef3cc36a4d175\"},\"headline\":\"Deux soldats bless\u00e9s \u00e0 la fronti\u00e8re tuniso-libyenne\",\"datePublished\":\"2011-10-27T17:22:00+00:00\",\"mainEntityOfPage\":{\"@id\":\"https:\\\/\\\/www.webdo.tn\\\/fr\\\/actualite\\\/national-45\\\/deux-soldats-blesses-a-la-frontiere-tuniso-libyenne\\\/172492\\\/\"},\"wordCount\":216,\"commentCount\":0,\"publisher\":{\"@id\":\"https:\\\/\\\/www.webdo.tn\\\/fr\\\/#organization\"},\"image\":{\"@id\":\"https:\\\/\\\/www.webdo.tn\\\/fr\\\/actualite\\\/national-45\\\/deux-soldats-blesses-a-la-frontiere-tuniso-libyenne\\\/172492\\\/#primaryimage\"},\"thumbnailUrl\":\"https:\\\/\\\/www.webdo.tn\\\/fr\\\/wp-content\\\/uploads\\\/2011\\\/10\\\/Soldat-tunisien1.jpg\",\"keywords\":[\"guerre\"],\"articleSection\":[\"National\"],\"inLanguage\":\"fr-FR\"},{\"@type\":\"WebPage\",\"@id\":\"https:\\\/\\\/www.webdo.tn\\\/fr\\\/actualite\\\/national-45\\\/deux-soldats-blesses-a-la-frontiere-tuniso-libyenne\\\/172492\\\/\",\"url\":\"https:\\\/\\\/www.webdo.tn\\\/fr\\\/actualite\\\/national-45\\\/deux-soldats-blesses-a-la-frontiere-tuniso-libyenne\\\/172492\\\/\",\"name\":\"Deux soldats bless\u00e9s \u00e0 la fronti\u00e8re tuniso-libyenne\",\"isPartOf\":{\"@id\":\"https:\\\/\\\/www.webdo.tn\\\/fr\\\/#website\"},\"primaryImageOfPage\":{\"@id\":\"https:\\\/\\\/www.webdo.tn\\\/fr\\\/actualite\\\/national-45\\\/deux-soldats-blesses-a-la-frontiere-tuniso-libyenne\\\/172492\\\/#primaryimage\"},\"image\":{\"@id\":\"https:\\\/\\\/www.webdo.tn\\\/fr\\\/actualite\\\/national-45\\\/deux-soldats-blesses-a-la-frontiere-tuniso-libyenne\\\/172492\\\/#primaryimage\"},\"thumbnailUrl\":\"https:\\\/\\\/www.webdo.tn\\\/fr\\\/wp-content\\\/uploads\\\/2011\\\/10\\\/Soldat-tunisien1.jpg\",\"datePublished\":\"2011-10-27T17:22:00+00:00\",\"description\":\"Deux soldats bless\u00e9s \u00e0 la fronti\u00e8re tuniso-libyenne\",\"breadcrumb\":{\"@id\":\"https:\\\/\\\/www.webdo.tn\\\/fr\\\/actualite\\\/national-45\\\/deux-soldats-blesses-a-la-frontiere-tuniso-libyenne\\\/172492\\\/#breadcrumb\"},\"inLanguage\":\"fr-FR\",\"potentialAction\":[{\"@type\":\"ReadAction\",\"target\":[\"https:\\\/\\\/www.webdo.tn\\\/fr\\\/actualite\\\/national-45\\\/deux-soldats-blesses-a-la-frontiere-tuniso-libyenne\\\/172492\\\/\"]}]},{\"@type\":\"ImageObject\",\"inLanguage\":\"fr-FR\",\"@id\":\"https:\\\/\\\/www.webdo.tn\\\/fr\\\/actualite\\\/national-45\\\/deux-soldats-blesses-a-la-frontiere-tuniso-libyenne\\\/172492\\\/#primaryimage\",\"url\":\"https:\\\/\\\/www.webdo.tn\\\/fr\\\/wp-content\\\/uploads\\\/2011\\\/10\\\/Soldat-tunisien1.jpg\",\"contentUrl\":\"https:\\\/\\\/www.webdo.tn\\\/fr\\\/wp-content\\\/uploads\\\/2011\\\/10\\\/Soldat-tunisien1.jpg\",\"width\":214,\"height\":237,\"caption\":\"Deux soldats bless\u00e9s \u00e0 la fronti\u00e8re tuniso-libyenne\"},{\"@type\":\"BreadcrumbList\",\"@id\":\"https:\\\/\\\/www.webdo.tn\\\/fr\\\/actualite\\\/national-45\\\/deux-soldats-blesses-a-la-frontiere-tuniso-libyenne\\\/172492\\\/#breadcrumb\",\"itemListElement\":[{\"@type\":\"ListItem\",\"position\":1,\"name\":\"Accueil\",\"item\":\"https:\\\/\\\/www.webdo.tn\\\/fr\\\/\"},{\"@type\":\"ListItem\",\"position\":2,\"name\":\"Deux soldats bless\u00e9s \u00e0 la fronti\u00e8re tuniso-libyenne\"}]},{\"@type\":\"WebSite\",\"@id\":\"https:\\\/\\\/www.webdo.tn\\\/fr\\\/#website\",\"url\":\"https:\\\/\\\/www.webdo.tn\\\/fr\\\/\",\"name\":\"webdo\",\"description\":\"Tunisie - News en Tunisie et \u00e0 l&#039;international sur Webdo.tn\",\"publisher\":{\"@id\":\"https:\\\/\\\/www.webdo.tn\\\/fr\\\/#organization\"},\"potentialAction\":[{\"@type\":\"SearchAction\",\"target\":{\"@type\":\"EntryPoint\",\"urlTemplate\":\"https:\\\/\\\/www.webdo.tn\\\/fr\\\/?s={search_term_string}\"},\"query-input\":{\"@type\":\"PropertyValueSpecification\",\"valueRequired\":true,\"valueName\":\"search_term_string\"}}],\"inLanguage\":\"fr-FR\"},{\"@type\":\"Organization\",\"@id\":\"https:\\\/\\\/www.webdo.tn\\\/fr\\\/#organization\",\"name\":\"Webdo\",\"alternateName\":\"Webdo.tn\",\"url\":\"https:\\\/\\\/www.webdo.tn\\\/fr\\\/\",\"logo\":{\"@type\":\"ImageObject\",\"inLanguage\":\"fr-FR\",\"@id\":\"https:\\\/\\\/www.webdo.tn\\\/fr\\\/#\\\/schema\\\/logo\\\/image\\\/\",\"url\":\"https:\\\/\\\/www.webdo.tn\\\/fr\\\/wp-content\\\/uploads\\\/2025\\\/06\\\/Webdo-Tunisie_168377.jpg\",\"contentUrl\":\"https:\\\/\\\/www.webdo.tn\\\/fr\\\/wp-content\\\/uploads\\\/2025\\\/06\\\/Webdo-Tunisie_168377.jpg\",\"width\":301,\"height\":301,\"caption\":\"Webdo\"},\"image\":{\"@id\":\"https:\\\/\\\/www.webdo.tn\\\/fr\\\/#\\\/schema\\\/logo\\\/image\\\/\"},\"sameAs\":[\"https:\\\/\\\/www.facebook.com\\\/webdotn\",\"https:\\\/\\\/x.com\\\/webdo_tn\"],\"description\":\"Webdo est un m\u00e9dia num\u00e9rique tunisien fond\u00e9 en 2010, sp\u00e9cialis\u00e9 dans l\u2019actualit\u00e9 nationale et internationale, l\u2019\u00e9conomie, la soci\u00e9t\u00e9 et les analyses politiques. Le site s\u2019adresse \u00e0 un large public francophone et couvre l\u2019information tunisienne en temps r\u00e9el.\",\"email\":\"redac@webdo.tn\",\"legalName\":\"YNJ SARL\",\"foundingDate\":\"2010-09-06\",\"numberOfEmployees\":{\"@type\":\"QuantitativeValue\",\"minValue\":\"11\",\"maxValue\":\"50\"}},{\"@type\":\"Person\",\"@id\":\"https:\\\/\\\/www.webdo.tn\\\/fr\\\/#\\\/schema\\\/person\\\/9a9c6118d687c117df8ef3cc36a4d175\",\"name\":\"webdo.tn\",\"image\":{\"@type\":\"ImageObject\",\"inLanguage\":\"fr-FR\",\"@id\":\"https:\\\/\\\/secure.gravatar.com\\\/avatar\\\/7ce1f28c0c3bbac99ff550b85ef8e44a6950c6ee24514fb6a5489e51d06f0298?s=96&d=mm&r=g\",\"url\":\"https:\\\/\\\/secure.gravatar.com\\\/avatar\\\/7ce1f28c0c3bbac99ff550b85ef8e44a6950c6ee24514fb6a5489e51d06f0298?s=96&d=mm&r=g\",\"contentUrl\":\"https:\\\/\\\/secure.gravatar.com\\\/avatar\\\/7ce1f28c0c3bbac99ff550b85ef8e44a6950c6ee24514fb6a5489e51d06f0298?s=96&d=mm&r=g\",\"caption\":\"webdo.tn\"},\"url\":\"https:\\\/\\\/www.webdo.tn\\\/fr\\\/actualite\\\/author\\\/webdotn\\\/\"}]}<\/script>\n<!-- \/ Yoast SEO Premium plugin. -->","yoast_head_json":{"title":"Deux soldats bless\u00e9s \u00e0 la fronti\u00e8re tuniso-libyenne","description":"Deux soldats bless\u00e9s \u00e0 la fronti\u00e8re tuniso-libyenne","canonical":"https:\/\/www.webdo.tn\/fr\/actualite\/national-45\/deux-soldats-blesses-a-la-frontiere-tuniso-libyenne\/172492\/","og_locale":"fr_FR","og_type":"article","og_title":"Deux soldats bless\u00e9s \u00e0 la fronti\u00e8re tuniso-libyenne","og_description":"Deux soldats bless\u00e9s \u00e0 la fronti\u00e8re tuniso-libyenne","og_url":"https:\/\/www.webdo.tn\/fr\/actualite\/national-45\/deux-soldats-blesses-a-la-frontiere-tuniso-libyenne\/172492\/","og_site_name":"webdo","article_publisher":"https:\/\/www.facebook.com\/webdotn","article_published_time":"2011-10-27T17:22:00+00:00","og_image":[{"width":214,"height":237,"url":"https:\/\/www.webdo.tn\/fr\/wp-content\/uploads\/2011\/10\/Soldat-tunisien1.jpg","type":"image\/jpeg"}],"author":"webdo.tn","twitter_card":"summary_large_image","twitter_creator":"@webdo_tn","twitter_site":"@webdo_tn","twitter_misc":{"\u00c9crit par":"webdo.tn","Dur\u00e9e de lecture estim\u00e9e":"1 minute"},"schema":{"@context":"https:\/\/schema.org","@graph":[{"@type":"NewsArticle","@id":"https:\/\/www.webdo.tn\/fr\/actualite\/national-45\/deux-soldats-blesses-a-la-frontiere-tuniso-libyenne\/172492\/#article","isPartOf":{"@id":"https:\/\/www.webdo.tn\/fr\/actualite\/national-45\/deux-soldats-blesses-a-la-frontiere-tuniso-libyenne\/172492\/"},"author":{"name":"webdo.tn","@id":"https:\/\/www.webdo.tn\/fr\/#\/schema\/person\/9a9c6118d687c117df8ef3cc36a4d175"},"headline":"Deux soldats bless\u00e9s \u00e0 la fronti\u00e8re tuniso-libyenne","datePublished":"2011-10-27T17:22:00+00:00","mainEntityOfPage":{"@id":"https:\/\/www.webdo.tn\/fr\/actualite\/national-45\/deux-soldats-blesses-a-la-frontiere-tuniso-libyenne\/172492\/"},"wordCount":216,"commentCount":0,"publisher":{"@id":"https:\/\/www.webdo.tn\/fr\/#organization"},"image":{"@id":"https:\/\/www.webdo.tn\/fr\/actualite\/national-45\/deux-soldats-blesses-a-la-frontiere-tuniso-libyenne\/172492\/#primaryimage"},"thumbnailUrl":"https:\/\/www.webdo.tn\/fr\/wp-content\/uploads\/2011\/10\/Soldat-tunisien1.jpg","keywords":["guerre"],"articleSection":["National"],"inLanguage":"fr-FR"},{"@type":"WebPage","@id":"https:\/\/www.webdo.tn\/fr\/actualite\/national-45\/deux-soldats-blesses-a-la-frontiere-tuniso-libyenne\/172492\/","url":"https:\/\/www.webdo.tn\/fr\/actualite\/national-45\/deux-soldats-blesses-a-la-frontiere-tuniso-libyenne\/172492\/","name":"Deux soldats bless\u00e9s \u00e0 la fronti\u00e8re tuniso-libyenne","isPartOf":{"@id":"https:\/\/www.webdo.tn\/fr\/#website"},"primaryImageOfPage":{"@id":"https:\/\/www.webdo.tn\/fr\/actualite\/national-45\/deux-soldats-blesses-a-la-frontiere-tuniso-libyenne\/172492\/#primaryimage"},"image":{"@id":"https:\/\/www.webdo.tn\/fr\/actualite\/national-45\/deux-soldats-blesses-a-la-frontiere-tuniso-libyenne\/172492\/#primaryimage"},"thumbnailUrl":"https:\/\/www.webdo.tn\/fr\/wp-content\/uploads\/2011\/10\/Soldat-tunisien1.jpg","datePublished":"2011-10-27T17:22:00+00:00","description":"Deux soldats bless\u00e9s \u00e0 la fronti\u00e8re tuniso-libyenne","breadcrumb":{"@id":"https:\/\/www.webdo.tn\/fr\/actualite\/national-45\/deux-soldats-blesses-a-la-frontiere-tuniso-libyenne\/172492\/#breadcrumb"},"inLanguage":"fr-FR","potentialAction":[{"@type":"ReadAction","target":["https:\/\/www.webdo.tn\/fr\/actualite\/national-45\/deux-soldats-blesses-a-la-frontiere-tuniso-libyenne\/172492\/"]}]},{"@type":"ImageObject","inLanguage":"fr-FR","@id":"https:\/\/www.webdo.tn\/fr\/actualite\/national-45\/deux-soldats-blesses-a-la-frontiere-tuniso-libyenne\/172492\/#primaryimage","url":"https:\/\/www.webdo.tn\/fr\/wp-content\/uploads\/2011\/10\/Soldat-tunisien1.jpg","contentUrl":"https:\/\/www.webdo.tn\/fr\/wp-content\/uploads\/2011\/10\/Soldat-tunisien1.jpg","width":214,"height":237,"caption":"Deux soldats bless\u00e9s \u00e0 la fronti\u00e8re tuniso-libyenne"},{"@type":"BreadcrumbList","@id":"https:\/\/www.webdo.tn\/fr\/actualite\/national-45\/deux-soldats-blesses-a-la-frontiere-tuniso-libyenne\/172492\/#breadcrumb","itemListElement":[{"@type":"ListItem","position":1,"name":"Accueil","item":"https:\/\/www.webdo.tn\/fr\/"},{"@type":"ListItem","position":2,"name":"Deux soldats bless\u00e9s \u00e0 la fronti\u00e8re tuniso-libyenne"}]},{"@type":"WebSite","@id":"https:\/\/www.webdo.tn\/fr\/#website","url":"https:\/\/www.webdo.tn\/fr\/","name":"webdo","description":"Tunisie - News en Tunisie et \u00e0 l&#039;international sur Webdo.tn","publisher":{"@id":"https:\/\/www.webdo.tn\/fr\/#organization"},"potentialAction":[{"@type":"SearchAction","target":{"@type":"EntryPoint","urlTemplate":"https:\/\/www.webdo.tn\/fr\/?s={search_term_string}"},"query-input":{"@type":"PropertyValueSpecification","valueRequired":true,"valueName":"search_term_string"}}],"inLanguage":"fr-FR"},{"@type":"Organization","@id":"https:\/\/www.webdo.tn\/fr\/#organization","name":"Webdo","alternateName":"Webdo.tn","url":"https:\/\/www.webdo.tn\/fr\/","logo":{"@type":"ImageObject","inLanguage":"fr-FR","@id":"https:\/\/www.webdo.tn\/fr\/#\/schema\/logo\/image\/","url":"https:\/\/www.webdo.tn\/fr\/wp-content\/uploads\/2025\/06\/Webdo-Tunisie_168377.jpg","contentUrl":"https:\/\/www.webdo.tn\/fr\/wp-content\/uploads\/2025\/06\/Webdo-Tunisie_168377.jpg","width":301,"height":301,"caption":"Webdo"},"image":{"@id":"https:\/\/www.webdo.tn\/fr\/#\/schema\/logo\/image\/"},"sameAs":["https:\/\/www.facebook.com\/webdotn","https:\/\/x.com\/webdo_tn"],"description":"Webdo est un m\u00e9dia num\u00e9rique tunisien fond\u00e9 en 2010, sp\u00e9cialis\u00e9 dans l\u2019actualit\u00e9 nationale et internationale, l\u2019\u00e9conomie, la soci\u00e9t\u00e9 et les analyses politiques. Le site s\u2019adresse \u00e0 un large public francophone et couvre l\u2019information tunisienne en temps r\u00e9el.","email":"redac@webdo.tn","legalName":"YNJ SARL","foundingDate":"2010-09-06","numberOfEmployees":{"@type":"QuantitativeValue","minValue":"11","maxValue":"50"}},{"@type":"Person","@id":"https:\/\/www.webdo.tn\/fr\/#\/schema\/person\/9a9c6118d687c117df8ef3cc36a4d175","name":"webdo.tn","image":{"@type":"ImageObject","inLanguage":"fr-FR","@id":"https:\/\/secure.gravatar.com\/avatar\/7ce1f28c0c3bbac99ff550b85ef8e44a6950c6ee24514fb6a5489e51d06f0298?s=96&d=mm&r=g","url":"https:\/\/secure.gravatar.com\/avatar\/7ce1f28c0c3bbac99ff550b85ef8e44a6950c6ee24514fb6a5489e51d06f0298?s=96&d=mm&r=g","contentUrl":"https:\/\/secure.gravatar.com\/avatar\/7ce1f28c0c3bbac99ff550b85ef8e44a6950c6ee24514fb6a5489e51d06f0298?s=96&d=mm&r=g","caption":"webdo.tn"},"url":"https:\/\/www.webdo.tn\/fr\/actualite\/author\/webdotn\/"}]}},"_links":{"self":[{"href":"https:\/\/www.webdo.tn\/fr\/wp-json\/wp\/v2\/posts\/172492","targetHints":{"allow":["GET"]}}],"collection":[{"href":"https:\/\/www.webdo.tn\/fr\/wp-json\/wp\/v2\/posts"}],"about":[{"href":"https:\/\/www.webdo.tn\/fr\/wp-json\/wp\/v2\/types\/post"}],"author":[{"embeddable":true,"href":"https:\/\/www.webdo.tn\/fr\/wp-json\/wp\/v2\/users\/3222"}],"replies":[{"embeddable":true,"href":"https:\/\/www.webdo.tn\/fr\/wp-json\/wp\/v2\/comments?post=172492"}],"version-history":[{"count":0,"href":"https:\/\/www.webdo.tn\/fr\/wp-json\/wp\/v2\/posts\/172492\/revisions"}],"wp:featuredmedia":[{"embeddable":true,"href":"https:\/\/www.webdo.tn\/fr\/wp-json\/wp\/v2\/media\/333956"}],"wp:attachment":[{"href":"https:\/\/www.webdo.tn\/fr\/wp-json\/wp\/v2\/media?parent=172492"}],"wp:term":[{"taxonomy":"category","embeddable":true,"href":"https:\/\/www.webdo.tn\/fr\/wp-json\/wp\/v2\/categories?post=172492"},{"taxonomy":"post_tag","embeddable":true,"href":"https:\/\/www.webdo.tn\/fr\/wp-json\/wp\/v2\/tags?post=172492"}],"curies":[{"name":"wp","href":"https:\/\/api.w.org\/{rel}","templated":true}]}}