{"id":172490,"date":"2011-10-27T18:33:00","date_gmt":"2011-10-27T18:33:00","guid":{"rendered":"https:\/\/www.webdo.tn\/fr\/blog\/sidi-bouzid-manifestation-anti-hannibal-tv-et-anti-ennahdha\/172490\/"},"modified":"2011-10-27T18:33:00","modified_gmt":"2011-10-27T18:33:00","slug":"sidi-bouzid-manifestation-anti-hannibal-tv-et-anti-ennahdha","status":"publish","type":"post","link":"https:\/\/www.webdo.tn\/fr\/actualite\/national\/sidi-bouzid-manifestation-anti-hannibal-tv-et-anti-ennahdha\/172490\/","title":{"rendered":"Sidi Bouzid : manifestation anti-Hannibal TV et anti-Ennahdha"},"content":{"rendered":"<p>Sidi Bouzid a \u00e9t\u00e9 aujourd&rsquo;hui le th\u00e9\u00e2tre d&rsquo;une manifestation \u00e0 laquelle a particip\u00e9 environ un millier de personnes (voir la vid\u00e9o en bas de la page). Cette manifestation \u00e9tait une r\u00e9ponse aux critiques dont \u00e9taient victimes la liste \u00ab\u00a0La P\u00e9tition Populaire\u00a0\u00bb et ceux qui ont vot\u00e9 en sa faveur.<\/p>\n<p>Critiqu\u00e9e de toute part depuis l&rsquo;annonce des r\u00e9sultats partiels, la \u00ab\u00a0Liste Populaire\u00a0\u00bb a souvent \u00e9t\u00e9 d\u00e9nigr\u00e9e par les observateurs, et son leader, Hechmi Hamdi, attaqu\u00e9 de partout. Derni\u00e8rement, les propos du futur premier ministre, Hammadi Jebali, qui a montr\u00e9 sa r\u00e9ticence \u00e0 s&rsquo;allier \u00e0 la liste de Hechmi Hamdi, n&rsquo;ont pas bien \u00e9t\u00e9 interpr\u00e9t\u00e9s par les habitants de Sidi Bouzid. Ces derniers se sont alors regroup\u00e9s devant le si\u00e8ge d&rsquo;Ennahdha dans la r\u00e9gion pour r\u00e9clamer des excuses publiques de la part du secr\u00e9taire g\u00e9n\u00e9ral du parti et protestant contre cette \u00ab\u00a0r\u00e9ticence\u00a0\u00bb \u00e0 s&rsquo;allier \u00e0 cette liste arriv\u00e9e en t\u00eate dans la r\u00e9gion.<\/p>\n<p>La col\u00e8re des habitants de Sidi Bouzid a \u00e9galement cibl\u00e9 la cha\u00eene priv\u00e9e Hannibal TV, qui les avait trait\u00e9s d'\u00a0\u00bbignorants\u00a0\u00bb et \u00ab\u00a0manquant de maturit\u00e9 politique\u00a0\u00bb. Les habitants ont d&rsquo;ailleurs port\u00e9 plainte aupr\u00e8s du tribunal de Premi\u00e8re instance de la ville contre cette t\u00e9l\u00e9. D&rsquo;autre part, le 25 octobre dernier, un clash a \u00e9clat\u00e9 sur le plateau d&rsquo;une \u00e9mission de cette m\u00eame cha\u00eene entre les pr\u00e9sentateurs et Hechmi Hamdi.<\/p>\n<p>Si l&rsquo;arriv\u00e9e en t\u00eate de la liste \u00ab\u00a0P\u00e9tition Populaire\u00a0\u00bb \u00e0 Sidi Bouzid peut \u00eatre expliqu\u00e9e par le fait que le propri\u00e9taire de la cha\u00eene \u00ab\u00a0Al Mostakilla\u00a0\u00bb est originaire du vivier de la r\u00e9volution, c&rsquo;est plut\u00f4t sa position (troisi\u00e8me) derri\u00e8re Ennahdha et le CPR, qui peut surprendre. Critiqu\u00e9e, voire d\u00e9nigr\u00e9e, cette liste a aliment\u00e9 quasiment tous les d\u00e9bats politiques sur tous les m\u00e9dias. \u00ab\u00a0Bless\u00e9\u00a0\u00bb, son leader ne s\u2019est pas g\u00ean\u00e9 pour faire feu sur la cha\u00eene de Arbi Nasra, et ce, en direct.<\/p>\n","protected":false},"excerpt":{"rendered":"<p>Sidi Bouzid : manifestation anti-Hannibal TV et anti-Ennahdha<\/p>\n","protected":false},"author":3222,"featured_media":333957,"comment_status":"open","ping_status":"closed","sticky":false,"template":"","format":"standard","meta":{"footnotes":""},"categories":[44],"tags":[2600],"class_list":["post-172490","post","type-post","status-publish","format-standard","has-post-thumbnail","hentry","category-national","tag-guerre"],"yoast_head":"<!-- This site is optimized with the Yoast SEO Premium plugin v27.5 (Yoast SEO v27.5) - https:\/\/yoast.com\/product\/yoast-seo-premium-wordpress\/ -->\n<title>Sidi Bouzid : manifestation anti-Hannibal TV et anti-Ennahdha<\/title>\n<meta name=\"description\" content=\"Sidi Bouzid : manifestation anti-Hannibal TV et anti-Ennahdha\" \/>\n<link rel=\"canonical\" href=\"https:\/\/www.webdo.tn\/fr\/actualite\/national-45\/sidi-bouzid-manifestation-anti-hannibal-tv-et-anti-ennahdha\/172490\/\" \/>\n<meta property=\"og:locale\" content=\"fr_FR\" \/>\n<meta property=\"og:type\" content=\"article\" \/>\n<meta property=\"og:title\" content=\"Sidi Bouzid : manifestation anti-Hannibal TV et anti-Ennahdha\" \/>\n<meta property=\"og:description\" content=\"Sidi Bouzid : manifestation anti-Hannibal TV et anti-Ennahdha\" \/>\n<meta property=\"og:url\" content=\"https:\/\/www.webdo.tn\/fr\/actualite\/national-45\/sidi-bouzid-manifestation-anti-hannibal-tv-et-anti-ennahdha\/172490\/\" \/>\n<meta property=\"og:site_name\" content=\"webdo\" \/>\n<meta property=\"article:publisher\" content=\"https:\/\/www.facebook.com\/webdotn\" \/>\n<meta property=\"article:published_time\" content=\"2011-10-27T18:33:00+00:00\" \/>\n<meta property=\"og:image\" content=\"https:\/\/www.webdo.tn\/fr\/wp-content\/uploads\/2011\/10\/Sidi-Bouzid.gif\" \/>\n\t<meta property=\"og:image:width\" content=\"139\" \/>\n\t<meta property=\"og:image:height\" content=\"266\" \/>\n\t<meta property=\"og:image:type\" content=\"image\/gif\" \/>\n<meta name=\"author\" content=\"webdo.tn\" \/>\n<meta name=\"twitter:card\" content=\"summary_large_image\" \/>\n<meta name=\"twitter:creator\" content=\"@webdo_tn\" \/>\n<meta name=\"twitter:site\" content=\"@webdo_tn\" \/>\n<meta name=\"twitter:label1\" content=\"\u00c9crit par\" \/>\n\t<meta name=\"twitter:data1\" content=\"webdo.tn\" \/>\n\t<meta name=\"twitter:label2\" content=\"Dur\u00e9e de lecture estim\u00e9e\" \/>\n\t<meta name=\"twitter:data2\" content=\"2 minutes\" \/>\n<script type=\"application\/ld+json\" class=\"yoast-schema-graph\">{\"@context\":\"https:\\\/\\\/schema.org\",\"@graph\":[{\"@type\":\"NewsArticle\",\"@id\":\"https:\\\/\\\/www.webdo.tn\\\/fr\\\/actualite\\\/national-45\\\/sidi-bouzid-manifestation-anti-hannibal-tv-et-anti-ennahdha\\\/172490\\\/#article\",\"isPartOf\":{\"@id\":\"https:\\\/\\\/www.webdo.tn\\\/fr\\\/actualite\\\/national-45\\\/sidi-bouzid-manifestation-anti-hannibal-tv-et-anti-ennahdha\\\/172490\\\/\"},\"author\":{\"name\":\"webdo.tn\",\"@id\":\"https:\\\/\\\/www.webdo.tn\\\/fr\\\/#\\\/schema\\\/person\\\/9a9c6118d687c117df8ef3cc36a4d175\"},\"headline\":\"Sidi Bouzid : manifestation anti-Hannibal TV et anti-Ennahdha\",\"datePublished\":\"2011-10-27T18:33:00+00:00\",\"mainEntityOfPage\":{\"@id\":\"https:\\\/\\\/www.webdo.tn\\\/fr\\\/actualite\\\/national-45\\\/sidi-bouzid-manifestation-anti-hannibal-tv-et-anti-ennahdha\\\/172490\\\/\"},\"wordCount\":365,\"commentCount\":0,\"publisher\":{\"@id\":\"https:\\\/\\\/www.webdo.tn\\\/fr\\\/#organization\"},\"image\":{\"@id\":\"https:\\\/\\\/www.webdo.tn\\\/fr\\\/actualite\\\/national-45\\\/sidi-bouzid-manifestation-anti-hannibal-tv-et-anti-ennahdha\\\/172490\\\/#primaryimage\"},\"thumbnailUrl\":\"https:\\\/\\\/www.webdo.tn\\\/fr\\\/wp-content\\\/uploads\\\/2011\\\/10\\\/Sidi-Bouzid.gif\",\"keywords\":[\"guerre\"],\"articleSection\":[\"National\"],\"inLanguage\":\"fr-FR\"},{\"@type\":\"WebPage\",\"@id\":\"https:\\\/\\\/www.webdo.tn\\\/fr\\\/actualite\\\/national-45\\\/sidi-bouzid-manifestation-anti-hannibal-tv-et-anti-ennahdha\\\/172490\\\/\",\"url\":\"https:\\\/\\\/www.webdo.tn\\\/fr\\\/actualite\\\/national-45\\\/sidi-bouzid-manifestation-anti-hannibal-tv-et-anti-ennahdha\\\/172490\\\/\",\"name\":\"Sidi Bouzid : manifestation anti-Hannibal TV et anti-Ennahdha\",\"isPartOf\":{\"@id\":\"https:\\\/\\\/www.webdo.tn\\\/fr\\\/#website\"},\"primaryImageOfPage\":{\"@id\":\"https:\\\/\\\/www.webdo.tn\\\/fr\\\/actualite\\\/national-45\\\/sidi-bouzid-manifestation-anti-hannibal-tv-et-anti-ennahdha\\\/172490\\\/#primaryimage\"},\"image\":{\"@id\":\"https:\\\/\\\/www.webdo.tn\\\/fr\\\/actualite\\\/national-45\\\/sidi-bouzid-manifestation-anti-hannibal-tv-et-anti-ennahdha\\\/172490\\\/#primaryimage\"},\"thumbnailUrl\":\"https:\\\/\\\/www.webdo.tn\\\/fr\\\/wp-content\\\/uploads\\\/2011\\\/10\\\/Sidi-Bouzid.gif\",\"datePublished\":\"2011-10-27T18:33:00+00:00\",\"description\":\"Sidi Bouzid : manifestation anti-Hannibal TV et anti-Ennahdha\",\"breadcrumb\":{\"@id\":\"https:\\\/\\\/www.webdo.tn\\\/fr\\\/actualite\\\/national-45\\\/sidi-bouzid-manifestation-anti-hannibal-tv-et-anti-ennahdha\\\/172490\\\/#breadcrumb\"},\"inLanguage\":\"fr-FR\",\"potentialAction\":[{\"@type\":\"ReadAction\",\"target\":[\"https:\\\/\\\/www.webdo.tn\\\/fr\\\/actualite\\\/national-45\\\/sidi-bouzid-manifestation-anti-hannibal-tv-et-anti-ennahdha\\\/172490\\\/\"]}]},{\"@type\":\"ImageObject\",\"inLanguage\":\"fr-FR\",\"@id\":\"https:\\\/\\\/www.webdo.tn\\\/fr\\\/actualite\\\/national-45\\\/sidi-bouzid-manifestation-anti-hannibal-tv-et-anti-ennahdha\\\/172490\\\/#primaryimage\",\"url\":\"https:\\\/\\\/www.webdo.tn\\\/fr\\\/wp-content\\\/uploads\\\/2011\\\/10\\\/Sidi-Bouzid.gif\",\"contentUrl\":\"https:\\\/\\\/www.webdo.tn\\\/fr\\\/wp-content\\\/uploads\\\/2011\\\/10\\\/Sidi-Bouzid.gif\",\"width\":139,\"height\":266,\"caption\":\"Sidi Bouzid : manifestation anti-Hannibal TV et anti-Ennahdha\"},{\"@type\":\"BreadcrumbList\",\"@id\":\"https:\\\/\\\/www.webdo.tn\\\/fr\\\/actualite\\\/national-45\\\/sidi-bouzid-manifestation-anti-hannibal-tv-et-anti-ennahdha\\\/172490\\\/#breadcrumb\",\"itemListElement\":[{\"@type\":\"ListItem\",\"position\":1,\"name\":\"Accueil\",\"item\":\"https:\\\/\\\/www.webdo.tn\\\/fr\\\/\"},{\"@type\":\"ListItem\",\"position\":2,\"name\":\"Sidi Bouzid : manifestation anti-Hannibal TV et anti-Ennahdha\"}]},{\"@type\":\"WebSite\",\"@id\":\"https:\\\/\\\/www.webdo.tn\\\/fr\\\/#website\",\"url\":\"https:\\\/\\\/www.webdo.tn\\\/fr\\\/\",\"name\":\"webdo\",\"description\":\"Tunisie - News en Tunisie et \u00e0 l&#039;international sur Webdo.tn\",\"publisher\":{\"@id\":\"https:\\\/\\\/www.webdo.tn\\\/fr\\\/#organization\"},\"potentialAction\":[{\"@type\":\"SearchAction\",\"target\":{\"@type\":\"EntryPoint\",\"urlTemplate\":\"https:\\\/\\\/www.webdo.tn\\\/fr\\\/?s={search_term_string}\"},\"query-input\":{\"@type\":\"PropertyValueSpecification\",\"valueRequired\":true,\"valueName\":\"search_term_string\"}}],\"inLanguage\":\"fr-FR\"},{\"@type\":\"Organization\",\"@id\":\"https:\\\/\\\/www.webdo.tn\\\/fr\\\/#organization\",\"name\":\"Webdo\",\"alternateName\":\"Webdo.tn\",\"url\":\"https:\\\/\\\/www.webdo.tn\\\/fr\\\/\",\"logo\":{\"@type\":\"ImageObject\",\"inLanguage\":\"fr-FR\",\"@id\":\"https:\\\/\\\/www.webdo.tn\\\/fr\\\/#\\\/schema\\\/logo\\\/image\\\/\",\"url\":\"https:\\\/\\\/www.webdo.tn\\\/fr\\\/wp-content\\\/uploads\\\/2025\\\/06\\\/Webdo-Tunisie_168377.jpg\",\"contentUrl\":\"https:\\\/\\\/www.webdo.tn\\\/fr\\\/wp-content\\\/uploads\\\/2025\\\/06\\\/Webdo-Tunisie_168377.jpg\",\"width\":301,\"height\":301,\"caption\":\"Webdo\"},\"image\":{\"@id\":\"https:\\\/\\\/www.webdo.tn\\\/fr\\\/#\\\/schema\\\/logo\\\/image\\\/\"},\"sameAs\":[\"https:\\\/\\\/www.facebook.com\\\/webdotn\",\"https:\\\/\\\/x.com\\\/webdo_tn\"],\"description\":\"Webdo est un m\u00e9dia num\u00e9rique tunisien fond\u00e9 en 2010, sp\u00e9cialis\u00e9 dans l\u2019actualit\u00e9 nationale et internationale, l\u2019\u00e9conomie, la soci\u00e9t\u00e9 et les analyses politiques. Le site s\u2019adresse \u00e0 un large public francophone et couvre l\u2019information tunisienne en temps r\u00e9el.\",\"email\":\"redac@webdo.tn\",\"legalName\":\"YNJ SARL\",\"foundingDate\":\"2010-09-06\",\"numberOfEmployees\":{\"@type\":\"QuantitativeValue\",\"minValue\":\"11\",\"maxValue\":\"50\"}},{\"@type\":\"Person\",\"@id\":\"https:\\\/\\\/www.webdo.tn\\\/fr\\\/#\\\/schema\\\/person\\\/9a9c6118d687c117df8ef3cc36a4d175\",\"name\":\"webdo.tn\",\"image\":{\"@type\":\"ImageObject\",\"inLanguage\":\"fr-FR\",\"@id\":\"https:\\\/\\\/secure.gravatar.com\\\/avatar\\\/7ce1f28c0c3bbac99ff550b85ef8e44a6950c6ee24514fb6a5489e51d06f0298?s=96&d=mm&r=g\",\"url\":\"https:\\\/\\\/secure.gravatar.com\\\/avatar\\\/7ce1f28c0c3bbac99ff550b85ef8e44a6950c6ee24514fb6a5489e51d06f0298?s=96&d=mm&r=g\",\"contentUrl\":\"https:\\\/\\\/secure.gravatar.com\\\/avatar\\\/7ce1f28c0c3bbac99ff550b85ef8e44a6950c6ee24514fb6a5489e51d06f0298?s=96&d=mm&r=g\",\"caption\":\"webdo.tn\"},\"url\":\"https:\\\/\\\/www.webdo.tn\\\/fr\\\/actualite\\\/author\\\/webdotn\\\/\"}]}<\/script>\n<!-- \/ Yoast SEO Premium plugin. -->","yoast_head_json":{"title":"Sidi Bouzid : manifestation anti-Hannibal TV et anti-Ennahdha","description":"Sidi Bouzid : manifestation anti-Hannibal TV et anti-Ennahdha","canonical":"https:\/\/www.webdo.tn\/fr\/actualite\/national-45\/sidi-bouzid-manifestation-anti-hannibal-tv-et-anti-ennahdha\/172490\/","og_locale":"fr_FR","og_type":"article","og_title":"Sidi Bouzid : manifestation anti-Hannibal TV et anti-Ennahdha","og_description":"Sidi Bouzid : manifestation anti-Hannibal TV et anti-Ennahdha","og_url":"https:\/\/www.webdo.tn\/fr\/actualite\/national-45\/sidi-bouzid-manifestation-anti-hannibal-tv-et-anti-ennahdha\/172490\/","og_site_name":"webdo","article_publisher":"https:\/\/www.facebook.com\/webdotn","article_published_time":"2011-10-27T18:33:00+00:00","og_image":[{"width":139,"height":266,"url":"https:\/\/www.webdo.tn\/fr\/wp-content\/uploads\/2011\/10\/Sidi-Bouzid.gif","type":"image\/gif"}],"author":"webdo.tn","twitter_card":"summary_large_image","twitter_creator":"@webdo_tn","twitter_site":"@webdo_tn","twitter_misc":{"\u00c9crit par":"webdo.tn","Dur\u00e9e de lecture estim\u00e9e":"2 minutes"},"schema":{"@context":"https:\/\/schema.org","@graph":[{"@type":"NewsArticle","@id":"https:\/\/www.webdo.tn\/fr\/actualite\/national-45\/sidi-bouzid-manifestation-anti-hannibal-tv-et-anti-ennahdha\/172490\/#article","isPartOf":{"@id":"https:\/\/www.webdo.tn\/fr\/actualite\/national-45\/sidi-bouzid-manifestation-anti-hannibal-tv-et-anti-ennahdha\/172490\/"},"author":{"name":"webdo.tn","@id":"https:\/\/www.webdo.tn\/fr\/#\/schema\/person\/9a9c6118d687c117df8ef3cc36a4d175"},"headline":"Sidi Bouzid : manifestation anti-Hannibal TV et anti-Ennahdha","datePublished":"2011-10-27T18:33:00+00:00","mainEntityOfPage":{"@id":"https:\/\/www.webdo.tn\/fr\/actualite\/national-45\/sidi-bouzid-manifestation-anti-hannibal-tv-et-anti-ennahdha\/172490\/"},"wordCount":365,"commentCount":0,"publisher":{"@id":"https:\/\/www.webdo.tn\/fr\/#organization"},"image":{"@id":"https:\/\/www.webdo.tn\/fr\/actualite\/national-45\/sidi-bouzid-manifestation-anti-hannibal-tv-et-anti-ennahdha\/172490\/#primaryimage"},"thumbnailUrl":"https:\/\/www.webdo.tn\/fr\/wp-content\/uploads\/2011\/10\/Sidi-Bouzid.gif","keywords":["guerre"],"articleSection":["National"],"inLanguage":"fr-FR"},{"@type":"WebPage","@id":"https:\/\/www.webdo.tn\/fr\/actualite\/national-45\/sidi-bouzid-manifestation-anti-hannibal-tv-et-anti-ennahdha\/172490\/","url":"https:\/\/www.webdo.tn\/fr\/actualite\/national-45\/sidi-bouzid-manifestation-anti-hannibal-tv-et-anti-ennahdha\/172490\/","name":"Sidi Bouzid : manifestation anti-Hannibal TV et anti-Ennahdha","isPartOf":{"@id":"https:\/\/www.webdo.tn\/fr\/#website"},"primaryImageOfPage":{"@id":"https:\/\/www.webdo.tn\/fr\/actualite\/national-45\/sidi-bouzid-manifestation-anti-hannibal-tv-et-anti-ennahdha\/172490\/#primaryimage"},"image":{"@id":"https:\/\/www.webdo.tn\/fr\/actualite\/national-45\/sidi-bouzid-manifestation-anti-hannibal-tv-et-anti-ennahdha\/172490\/#primaryimage"},"thumbnailUrl":"https:\/\/www.webdo.tn\/fr\/wp-content\/uploads\/2011\/10\/Sidi-Bouzid.gif","datePublished":"2011-10-27T18:33:00+00:00","description":"Sidi Bouzid : manifestation anti-Hannibal TV et anti-Ennahdha","breadcrumb":{"@id":"https:\/\/www.webdo.tn\/fr\/actualite\/national-45\/sidi-bouzid-manifestation-anti-hannibal-tv-et-anti-ennahdha\/172490\/#breadcrumb"},"inLanguage":"fr-FR","potentialAction":[{"@type":"ReadAction","target":["https:\/\/www.webdo.tn\/fr\/actualite\/national-45\/sidi-bouzid-manifestation-anti-hannibal-tv-et-anti-ennahdha\/172490\/"]}]},{"@type":"ImageObject","inLanguage":"fr-FR","@id":"https:\/\/www.webdo.tn\/fr\/actualite\/national-45\/sidi-bouzid-manifestation-anti-hannibal-tv-et-anti-ennahdha\/172490\/#primaryimage","url":"https:\/\/www.webdo.tn\/fr\/wp-content\/uploads\/2011\/10\/Sidi-Bouzid.gif","contentUrl":"https:\/\/www.webdo.tn\/fr\/wp-content\/uploads\/2011\/10\/Sidi-Bouzid.gif","width":139,"height":266,"caption":"Sidi Bouzid : manifestation anti-Hannibal TV et anti-Ennahdha"},{"@type":"BreadcrumbList","@id":"https:\/\/www.webdo.tn\/fr\/actualite\/national-45\/sidi-bouzid-manifestation-anti-hannibal-tv-et-anti-ennahdha\/172490\/#breadcrumb","itemListElement":[{"@type":"ListItem","position":1,"name":"Accueil","item":"https:\/\/www.webdo.tn\/fr\/"},{"@type":"ListItem","position":2,"name":"Sidi Bouzid : manifestation anti-Hannibal TV et anti-Ennahdha"}]},{"@type":"WebSite","@id":"https:\/\/www.webdo.tn\/fr\/#website","url":"https:\/\/www.webdo.tn\/fr\/","name":"webdo","description":"Tunisie - News en Tunisie et \u00e0 l&#039;international sur Webdo.tn","publisher":{"@id":"https:\/\/www.webdo.tn\/fr\/#organization"},"potentialAction":[{"@type":"SearchAction","target":{"@type":"EntryPoint","urlTemplate":"https:\/\/www.webdo.tn\/fr\/?s={search_term_string}"},"query-input":{"@type":"PropertyValueSpecification","valueRequired":true,"valueName":"search_term_string"}}],"inLanguage":"fr-FR"},{"@type":"Organization","@id":"https:\/\/www.webdo.tn\/fr\/#organization","name":"Webdo","alternateName":"Webdo.tn","url":"https:\/\/www.webdo.tn\/fr\/","logo":{"@type":"ImageObject","inLanguage":"fr-FR","@id":"https:\/\/www.webdo.tn\/fr\/#\/schema\/logo\/image\/","url":"https:\/\/www.webdo.tn\/fr\/wp-content\/uploads\/2025\/06\/Webdo-Tunisie_168377.jpg","contentUrl":"https:\/\/www.webdo.tn\/fr\/wp-content\/uploads\/2025\/06\/Webdo-Tunisie_168377.jpg","width":301,"height":301,"caption":"Webdo"},"image":{"@id":"https:\/\/www.webdo.tn\/fr\/#\/schema\/logo\/image\/"},"sameAs":["https:\/\/www.facebook.com\/webdotn","https:\/\/x.com\/webdo_tn"],"description":"Webdo est un m\u00e9dia num\u00e9rique tunisien fond\u00e9 en 2010, sp\u00e9cialis\u00e9 dans l\u2019actualit\u00e9 nationale et internationale, l\u2019\u00e9conomie, la soci\u00e9t\u00e9 et les analyses politiques. Le site s\u2019adresse \u00e0 un large public francophone et couvre l\u2019information tunisienne en temps r\u00e9el.","email":"redac@webdo.tn","legalName":"YNJ SARL","foundingDate":"2010-09-06","numberOfEmployees":{"@type":"QuantitativeValue","minValue":"11","maxValue":"50"}},{"@type":"Person","@id":"https:\/\/www.webdo.tn\/fr\/#\/schema\/person\/9a9c6118d687c117df8ef3cc36a4d175","name":"webdo.tn","image":{"@type":"ImageObject","inLanguage":"fr-FR","@id":"https:\/\/secure.gravatar.com\/avatar\/7ce1f28c0c3bbac99ff550b85ef8e44a6950c6ee24514fb6a5489e51d06f0298?s=96&d=mm&r=g","url":"https:\/\/secure.gravatar.com\/avatar\/7ce1f28c0c3bbac99ff550b85ef8e44a6950c6ee24514fb6a5489e51d06f0298?s=96&d=mm&r=g","contentUrl":"https:\/\/secure.gravatar.com\/avatar\/7ce1f28c0c3bbac99ff550b85ef8e44a6950c6ee24514fb6a5489e51d06f0298?s=96&d=mm&r=g","caption":"webdo.tn"},"url":"https:\/\/www.webdo.tn\/fr\/actualite\/author\/webdotn\/"}]}},"_links":{"self":[{"href":"https:\/\/www.webdo.tn\/fr\/wp-json\/wp\/v2\/posts\/172490","targetHints":{"allow":["GET"]}}],"collection":[{"href":"https:\/\/www.webdo.tn\/fr\/wp-json\/wp\/v2\/posts"}],"about":[{"href":"https:\/\/www.webdo.tn\/fr\/wp-json\/wp\/v2\/types\/post"}],"author":[{"embeddable":true,"href":"https:\/\/www.webdo.tn\/fr\/wp-json\/wp\/v2\/users\/3222"}],"replies":[{"embeddable":true,"href":"https:\/\/www.webdo.tn\/fr\/wp-json\/wp\/v2\/comments?post=172490"}],"version-history":[{"count":0,"href":"https:\/\/www.webdo.tn\/fr\/wp-json\/wp\/v2\/posts\/172490\/revisions"}],"wp:featuredmedia":[{"embeddable":true,"href":"https:\/\/www.webdo.tn\/fr\/wp-json\/wp\/v2\/media\/333957"}],"wp:attachment":[{"href":"https:\/\/www.webdo.tn\/fr\/wp-json\/wp\/v2\/media?parent=172490"}],"wp:term":[{"taxonomy":"category","embeddable":true,"href":"https:\/\/www.webdo.tn\/fr\/wp-json\/wp\/v2\/categories?post=172490"},{"taxonomy":"post_tag","embeddable":true,"href":"https:\/\/www.webdo.tn\/fr\/wp-json\/wp\/v2\/tags?post=172490"}],"curies":[{"name":"wp","href":"https:\/\/api.w.org\/{rel}","templated":true}]}}