{"id":172480,"date":"2011-10-31T20:24:00","date_gmt":"2011-10-31T20:24:00","guid":{"rendered":"https:\/\/www.webdo.tn\/fr\/actualite\/blog\/charlie-veut-charrier-avec-son-charia-hebdo-avec-mahomet-comme-redacteur-en-chef\/172480\/"},"modified":"2011-10-31T20:24:00","modified_gmt":"2011-10-31T20:24:00","slug":"charlie-veut-charrier-avec-son-charia-hebdo-avec-mahomet-comme-redacteur-en-chef","status":"publish","type":"post","link":"https:\/\/www.webdo.tn\/fr\/actualite\/national\/charlie-veut-charrier-avec-son-charia-hebdo-avec-mahomet-comme-redacteur-en-chef\/172480\/","title":{"rendered":"Charlie veut charrier avec son \u00abCharia Hebdo\u00bb, avec Mahomet comme r\u00e9dacteur en chef\u2026"},"content":{"rendered":"<p>L&rsquo;hebdomadaire satirique fran\u00e7ais Charlie Hebdo a d\u00e9cid\u00e9 de \u00abf\u00eater la victoire\u00bb d\u2019Ennahdha \u00e0 sa mani\u00e8re, \u00e0 savoir de fa\u00e7on ironique, fr\u00f4lant l\u2019humour noir et la provocation. Ainsi d\u2019apr\u00e8s un communiqu\u00e9, repris par l\u2019AFP, l\u2019hebdo satirique a annonc\u00e9 qu\u2019il changeait de nom pour son prochain num\u00e9ro \u00e0 para\u00eetre mercredi 2 novembre, en devenant\u2026 \u00abCharia Hebdo\u00bb.<\/p>\n<p>Mais l\u00e0 o\u00f9 la provocation risque de tourner au blasph\u00e8me pour certains, c\u2019est quand le communiqu\u00e9 ajoute \u00ab(\u2026) Charlie Hebdo a propos\u00e9 \u00e0 Mahomet d&rsquo;\u00eatre le r\u00e9dacteur en chef exceptionnel de son prochain num\u00e9ro. Le proph\u00e8te de l&rsquo;islam ne s&rsquo;est pas fait prier pour accepter et nous l&rsquo;en remercions\u00bb.<\/p>\n<p>La Une de l\u2019hebdomadaire repr\u00e9sente Mahomet visiblement joyeux avec ces mots : \u00ab100 coups de fouet, si vous n&rsquo;\u00eates pas morts de rire !\u00bb. Toujours d\u2019apr\u00e8s l\u2019AFP, dans le journal, \u00abil y a l\u2019\u00a0\u00bb\u00e9dito de Mahomet\u00a0\u00bb intitul\u00e9 \u00ab\u00a0L&rsquo;ap\u00e9ro Halal\u00a0\u00bb, une double page de dessins pour expliquer \u00ab\u00a0la charia molle\u00a0\u00bb ou encore un suppl\u00e9ment \u00ab\u00a0Charia Madame\u00a0\u00bb. En derni\u00e8re page, \u00ab\u00a0les couvertures auxquelles vous avez \u00e9chapp\u00e9\u00a0\u00bb, un dessin repr\u00e9sente Mahomet avec un nez rouge de clown et cette phrase: \u00ab\u00a0Oui, l&rsquo;islam est compatible avec l&rsquo;humour\u00a0\u00bb\u00bb.<\/p>\n<p>Le dessinateur et directeur de la publication de Charlie Hebdo, Charb, n\u2019y voit pas une provocation de plus mais pour lui l\u2019\u00e9quipe \u00abfait son boulot comme d\u2019habitude\u00bb\u2026<\/p>\n<p>Ce num\u00e9ro provocateur et cette Une blasph\u00e9matoire pour de nombreux Musulmans, qu\u2019ils soient extr\u00e9mistes ou mod\u00e9r\u00e9s, risquent de conduire de nouveau l\u2019hebdomadaire satirique devant les tribunaux. Rappelons qu\u2019en f\u00e9vrier 2006, il avait publi\u00e9 des caricatures du proph\u00e8te Mohamed \u00abconsid\u00e9r\u00e9es comme injurieuses par des organisations islamiques\u00bb. Mais le journal a \u00e9t\u00e9 blanchi par le tribunal correctionnel de Paris.<\/p>\n<p>Qu\u2019en sera-t-il de la r\u00e9action des musulmans de France, de Tunisie et des membres d&rsquo;Ennahdha qui sont vis\u00e9s par l&rsquo;hebdo? Quelle sera la r\u00e9action de ceux qui pr\u00f4nent la libert\u00e9 d&rsquo;expression \u00e0 quelques semaines des \u00e9v\u00e8nements qui avaient suivi la diffusion du film iranien \u00abPers\u00e9polis\u00bb?<\/p>\n","protected":false},"excerpt":{"rendered":"<p>Charlie veut charrier avec son \u00abCharia Hebdo\u00bb, avec Mahomet comme r\u00e9dacteur en chef\u2026 <\/p>\n","protected":false},"author":3222,"featured_media":365073,"comment_status":"open","ping_status":"closed","sticky":false,"template":"","format":"standard","meta":{"footnotes":""},"categories":[44],"tags":[],"class_list":["post-172480","post","type-post","status-publish","format-standard","has-post-thumbnail","hentry","category-national"],"yoast_head":"<!-- This site is optimized with the Yoast SEO Premium plugin v27.5 (Yoast SEO v27.5) - https:\/\/yoast.com\/product\/yoast-seo-premium-wordpress\/ -->\n<title>Charlie veut charrier avec son \u00abCharia Hebdo\u00bb, avec Mahomet comme r\u00e9dacteur en chef\u2026<\/title>\n<meta name=\"description\" content=\"Charlie veut charrier avec son \u00abCharia Hebdo\u00bb, avec Mahomet comme r\u00e9dacteur en chef\u2026\" \/>\n<link rel=\"canonical\" href=\"https:\/\/www.webdo.tn\/fr\/actualite\/national\/charlie-veut-charrier-avec-son-charia-hebdo-avec-mahomet-comme-redacteur-en-chef\/172480\/\" \/>\n<meta property=\"og:locale\" content=\"fr_FR\" \/>\n<meta property=\"og:type\" content=\"article\" \/>\n<meta property=\"og:title\" content=\"Charlie veut charrier avec son \u00abCharia Hebdo\u00bb, avec Mahomet comme r\u00e9dacteur en chef\u2026\" \/>\n<meta property=\"og:description\" content=\"Charlie veut charrier avec son \u00abCharia Hebdo\u00bb, avec Mahomet comme r\u00e9dacteur en chef\u2026\" \/>\n<meta property=\"og:url\" content=\"https:\/\/www.webdo.tn\/fr\/actualite\/national\/charlie-veut-charrier-avec-son-charia-hebdo-avec-mahomet-comme-redacteur-en-chef\/172480\/\" \/>\n<meta property=\"og:site_name\" content=\"webdo\" \/>\n<meta property=\"article:publisher\" content=\"https:\/\/www.facebook.com\/webdotn\" \/>\n<meta property=\"article:published_time\" content=\"2011-10-31T20:24:00+00:00\" \/>\n<meta property=\"og:image\" content=\"https:\/\/www.webdo.tn\/fr\/wp-content\/uploads\/2011\/10\/Charlie-Hebdo.jpg\" \/>\n\t<meta property=\"og:image:width\" content=\"295\" \/>\n\t<meta property=\"og:image:height\" content=\"384\" \/>\n\t<meta property=\"og:image:type\" content=\"image\/jpeg\" \/>\n<meta name=\"author\" content=\"webdo.tn\" \/>\n<meta name=\"twitter:card\" content=\"summary_large_image\" \/>\n<meta name=\"twitter:creator\" content=\"@webdo_tn\" \/>\n<meta name=\"twitter:site\" content=\"@webdo_tn\" \/>\n<meta name=\"twitter:label1\" content=\"\u00c9crit par\" \/>\n\t<meta name=\"twitter:data1\" content=\"webdo.tn\" \/>\n\t<meta name=\"twitter:label2\" content=\"Dur\u00e9e de lecture estim\u00e9e\" \/>\n\t<meta name=\"twitter:data2\" content=\"2 minutes\" \/>\n<script type=\"application\/ld+json\" class=\"yoast-schema-graph\">{\"@context\":\"https:\\\/\\\/schema.org\",\"@graph\":[{\"@type\":\"NewsArticle\",\"@id\":\"https:\\\/\\\/www.webdo.tn\\\/fr\\\/actualite\\\/national\\\/charlie-veut-charrier-avec-son-charia-hebdo-avec-mahomet-comme-redacteur-en-chef\\\/172480\\\/#article\",\"isPartOf\":{\"@id\":\"https:\\\/\\\/www.webdo.tn\\\/fr\\\/actualite\\\/national\\\/charlie-veut-charrier-avec-son-charia-hebdo-avec-mahomet-comme-redacteur-en-chef\\\/172480\\\/\"},\"author\":{\"name\":\"webdo.tn\",\"@id\":\"https:\\\/\\\/www.webdo.tn\\\/fr\\\/#\\\/schema\\\/person\\\/9a9c6118d687c117df8ef3cc36a4d175\"},\"headline\":\"Charlie veut charrier avec son \u00abCharia Hebdo\u00bb, avec Mahomet comme r\u00e9dacteur en chef\u2026\",\"datePublished\":\"2011-10-31T20:24:00+00:00\",\"mainEntityOfPage\":{\"@id\":\"https:\\\/\\\/www.webdo.tn\\\/fr\\\/actualite\\\/national\\\/charlie-veut-charrier-avec-son-charia-hebdo-avec-mahomet-comme-redacteur-en-chef\\\/172480\\\/\"},\"wordCount\":382,\"commentCount\":0,\"publisher\":{\"@id\":\"https:\\\/\\\/www.webdo.tn\\\/fr\\\/#organization\"},\"image\":{\"@id\":\"https:\\\/\\\/www.webdo.tn\\\/fr\\\/actualite\\\/national\\\/charlie-veut-charrier-avec-son-charia-hebdo-avec-mahomet-comme-redacteur-en-chef\\\/172480\\\/#primaryimage\"},\"thumbnailUrl\":\"https:\\\/\\\/www.webdo.tn\\\/fr\\\/wp-content\\\/uploads\\\/2011\\\/10\\\/Charlie-Hebdo.jpg\",\"articleSection\":[\"National\"],\"inLanguage\":\"fr-FR\"},{\"@type\":\"WebPage\",\"@id\":\"https:\\\/\\\/www.webdo.tn\\\/fr\\\/actualite\\\/national\\\/charlie-veut-charrier-avec-son-charia-hebdo-avec-mahomet-comme-redacteur-en-chef\\\/172480\\\/\",\"url\":\"https:\\\/\\\/www.webdo.tn\\\/fr\\\/actualite\\\/national\\\/charlie-veut-charrier-avec-son-charia-hebdo-avec-mahomet-comme-redacteur-en-chef\\\/172480\\\/\",\"name\":\"Charlie veut charrier avec son \u00abCharia Hebdo\u00bb, avec Mahomet comme r\u00e9dacteur en chef\u2026\",\"isPartOf\":{\"@id\":\"https:\\\/\\\/www.webdo.tn\\\/fr\\\/#website\"},\"primaryImageOfPage\":{\"@id\":\"https:\\\/\\\/www.webdo.tn\\\/fr\\\/actualite\\\/national\\\/charlie-veut-charrier-avec-son-charia-hebdo-avec-mahomet-comme-redacteur-en-chef\\\/172480\\\/#primaryimage\"},\"image\":{\"@id\":\"https:\\\/\\\/www.webdo.tn\\\/fr\\\/actualite\\\/national\\\/charlie-veut-charrier-avec-son-charia-hebdo-avec-mahomet-comme-redacteur-en-chef\\\/172480\\\/#primaryimage\"},\"thumbnailUrl\":\"https:\\\/\\\/www.webdo.tn\\\/fr\\\/wp-content\\\/uploads\\\/2011\\\/10\\\/Charlie-Hebdo.jpg\",\"datePublished\":\"2011-10-31T20:24:00+00:00\",\"description\":\"Charlie veut charrier avec son \u00abCharia Hebdo\u00bb, avec Mahomet comme r\u00e9dacteur en chef\u2026\",\"breadcrumb\":{\"@id\":\"https:\\\/\\\/www.webdo.tn\\\/fr\\\/actualite\\\/national\\\/charlie-veut-charrier-avec-son-charia-hebdo-avec-mahomet-comme-redacteur-en-chef\\\/172480\\\/#breadcrumb\"},\"inLanguage\":\"fr-FR\",\"potentialAction\":[{\"@type\":\"ReadAction\",\"target\":[\"https:\\\/\\\/www.webdo.tn\\\/fr\\\/actualite\\\/national\\\/charlie-veut-charrier-avec-son-charia-hebdo-avec-mahomet-comme-redacteur-en-chef\\\/172480\\\/\"]}]},{\"@type\":\"ImageObject\",\"inLanguage\":\"fr-FR\",\"@id\":\"https:\\\/\\\/www.webdo.tn\\\/fr\\\/actualite\\\/national\\\/charlie-veut-charrier-avec-son-charia-hebdo-avec-mahomet-comme-redacteur-en-chef\\\/172480\\\/#primaryimage\",\"url\":\"https:\\\/\\\/www.webdo.tn\\\/fr\\\/wp-content\\\/uploads\\\/2011\\\/10\\\/Charlie-Hebdo.jpg\",\"contentUrl\":\"https:\\\/\\\/www.webdo.tn\\\/fr\\\/wp-content\\\/uploads\\\/2011\\\/10\\\/Charlie-Hebdo.jpg\",\"width\":295,\"height\":384,\"caption\":\"Charlie veut charrier avec son \u00abCharia Hebdo\u00bb, avec Mahomet comme r\u00e9dacteur en chef\u2026\"},{\"@type\":\"BreadcrumbList\",\"@id\":\"https:\\\/\\\/www.webdo.tn\\\/fr\\\/actualite\\\/national\\\/charlie-veut-charrier-avec-son-charia-hebdo-avec-mahomet-comme-redacteur-en-chef\\\/172480\\\/#breadcrumb\",\"itemListElement\":[{\"@type\":\"ListItem\",\"position\":1,\"name\":\"Accueil\",\"item\":\"https:\\\/\\\/www.webdo.tn\\\/fr\\\/\"},{\"@type\":\"ListItem\",\"position\":2,\"name\":\"Charlie veut charrier avec son \u00abCharia Hebdo\u00bb, avec Mahomet comme r\u00e9dacteur en chef\u2026\"}]},{\"@type\":\"WebSite\",\"@id\":\"https:\\\/\\\/www.webdo.tn\\\/fr\\\/#website\",\"url\":\"https:\\\/\\\/www.webdo.tn\\\/fr\\\/\",\"name\":\"webdo\",\"description\":\"Tunisie - News en Tunisie et \u00e0 l&#039;international sur Webdo.tn\",\"publisher\":{\"@id\":\"https:\\\/\\\/www.webdo.tn\\\/fr\\\/#organization\"},\"potentialAction\":[{\"@type\":\"SearchAction\",\"target\":{\"@type\":\"EntryPoint\",\"urlTemplate\":\"https:\\\/\\\/www.webdo.tn\\\/fr\\\/?s={search_term_string}\"},\"query-input\":{\"@type\":\"PropertyValueSpecification\",\"valueRequired\":true,\"valueName\":\"search_term_string\"}}],\"inLanguage\":\"fr-FR\"},{\"@type\":\"Organization\",\"@id\":\"https:\\\/\\\/www.webdo.tn\\\/fr\\\/#organization\",\"name\":\"Webdo\",\"alternateName\":\"Webdo.tn\",\"url\":\"https:\\\/\\\/www.webdo.tn\\\/fr\\\/\",\"logo\":{\"@type\":\"ImageObject\",\"inLanguage\":\"fr-FR\",\"@id\":\"https:\\\/\\\/www.webdo.tn\\\/fr\\\/#\\\/schema\\\/logo\\\/image\\\/\",\"url\":\"https:\\\/\\\/www.webdo.tn\\\/fr\\\/wp-content\\\/uploads\\\/2025\\\/06\\\/Webdo-Tunisie_168377.jpg\",\"contentUrl\":\"https:\\\/\\\/www.webdo.tn\\\/fr\\\/wp-content\\\/uploads\\\/2025\\\/06\\\/Webdo-Tunisie_168377.jpg\",\"width\":301,\"height\":301,\"caption\":\"Webdo\"},\"image\":{\"@id\":\"https:\\\/\\\/www.webdo.tn\\\/fr\\\/#\\\/schema\\\/logo\\\/image\\\/\"},\"sameAs\":[\"https:\\\/\\\/www.facebook.com\\\/webdotn\",\"https:\\\/\\\/x.com\\\/webdo_tn\"],\"description\":\"Webdo est un m\u00e9dia num\u00e9rique tunisien fond\u00e9 en 2010, sp\u00e9cialis\u00e9 dans l\u2019actualit\u00e9 nationale et internationale, l\u2019\u00e9conomie, la soci\u00e9t\u00e9 et les analyses politiques. Le site s\u2019adresse \u00e0 un large public francophone et couvre l\u2019information tunisienne en temps r\u00e9el.\",\"email\":\"redac@webdo.tn\",\"legalName\":\"YNJ SARL\",\"foundingDate\":\"2010-09-06\",\"numberOfEmployees\":{\"@type\":\"QuantitativeValue\",\"minValue\":\"11\",\"maxValue\":\"50\"}},{\"@type\":\"Person\",\"@id\":\"https:\\\/\\\/www.webdo.tn\\\/fr\\\/#\\\/schema\\\/person\\\/9a9c6118d687c117df8ef3cc36a4d175\",\"name\":\"webdo.tn\",\"image\":{\"@type\":\"ImageObject\",\"inLanguage\":\"fr-FR\",\"@id\":\"https:\\\/\\\/secure.gravatar.com\\\/avatar\\\/7ce1f28c0c3bbac99ff550b85ef8e44a6950c6ee24514fb6a5489e51d06f0298?s=96&d=mm&r=g\",\"url\":\"https:\\\/\\\/secure.gravatar.com\\\/avatar\\\/7ce1f28c0c3bbac99ff550b85ef8e44a6950c6ee24514fb6a5489e51d06f0298?s=96&d=mm&r=g\",\"contentUrl\":\"https:\\\/\\\/secure.gravatar.com\\\/avatar\\\/7ce1f28c0c3bbac99ff550b85ef8e44a6950c6ee24514fb6a5489e51d06f0298?s=96&d=mm&r=g\",\"caption\":\"webdo.tn\"},\"url\":\"https:\\\/\\\/www.webdo.tn\\\/fr\\\/actualite\\\/author\\\/webdotn\\\/\"}]}<\/script>\n<!-- \/ Yoast SEO Premium plugin. -->","yoast_head_json":{"title":"Charlie veut charrier avec son \u00abCharia Hebdo\u00bb, avec Mahomet comme r\u00e9dacteur en chef\u2026","description":"Charlie veut charrier avec son \u00abCharia Hebdo\u00bb, avec Mahomet comme r\u00e9dacteur en chef\u2026","canonical":"https:\/\/www.webdo.tn\/fr\/actualite\/national\/charlie-veut-charrier-avec-son-charia-hebdo-avec-mahomet-comme-redacteur-en-chef\/172480\/","og_locale":"fr_FR","og_type":"article","og_title":"Charlie veut charrier avec son \u00abCharia Hebdo\u00bb, avec Mahomet comme r\u00e9dacteur en chef\u2026","og_description":"Charlie veut charrier avec son \u00abCharia Hebdo\u00bb, avec Mahomet comme r\u00e9dacteur en chef\u2026","og_url":"https:\/\/www.webdo.tn\/fr\/actualite\/national\/charlie-veut-charrier-avec-son-charia-hebdo-avec-mahomet-comme-redacteur-en-chef\/172480\/","og_site_name":"webdo","article_publisher":"https:\/\/www.facebook.com\/webdotn","article_published_time":"2011-10-31T20:24:00+00:00","og_image":[{"width":295,"height":384,"url":"https:\/\/www.webdo.tn\/fr\/wp-content\/uploads\/2011\/10\/Charlie-Hebdo.jpg","type":"image\/jpeg"}],"author":"webdo.tn","twitter_card":"summary_large_image","twitter_creator":"@webdo_tn","twitter_site":"@webdo_tn","twitter_misc":{"\u00c9crit par":"webdo.tn","Dur\u00e9e de lecture estim\u00e9e":"2 minutes"},"schema":{"@context":"https:\/\/schema.org","@graph":[{"@type":"NewsArticle","@id":"https:\/\/www.webdo.tn\/fr\/actualite\/national\/charlie-veut-charrier-avec-son-charia-hebdo-avec-mahomet-comme-redacteur-en-chef\/172480\/#article","isPartOf":{"@id":"https:\/\/www.webdo.tn\/fr\/actualite\/national\/charlie-veut-charrier-avec-son-charia-hebdo-avec-mahomet-comme-redacteur-en-chef\/172480\/"},"author":{"name":"webdo.tn","@id":"https:\/\/www.webdo.tn\/fr\/#\/schema\/person\/9a9c6118d687c117df8ef3cc36a4d175"},"headline":"Charlie veut charrier avec son \u00abCharia Hebdo\u00bb, avec Mahomet comme r\u00e9dacteur en chef\u2026","datePublished":"2011-10-31T20:24:00+00:00","mainEntityOfPage":{"@id":"https:\/\/www.webdo.tn\/fr\/actualite\/national\/charlie-veut-charrier-avec-son-charia-hebdo-avec-mahomet-comme-redacteur-en-chef\/172480\/"},"wordCount":382,"commentCount":0,"publisher":{"@id":"https:\/\/www.webdo.tn\/fr\/#organization"},"image":{"@id":"https:\/\/www.webdo.tn\/fr\/actualite\/national\/charlie-veut-charrier-avec-son-charia-hebdo-avec-mahomet-comme-redacteur-en-chef\/172480\/#primaryimage"},"thumbnailUrl":"https:\/\/www.webdo.tn\/fr\/wp-content\/uploads\/2011\/10\/Charlie-Hebdo.jpg","articleSection":["National"],"inLanguage":"fr-FR"},{"@type":"WebPage","@id":"https:\/\/www.webdo.tn\/fr\/actualite\/national\/charlie-veut-charrier-avec-son-charia-hebdo-avec-mahomet-comme-redacteur-en-chef\/172480\/","url":"https:\/\/www.webdo.tn\/fr\/actualite\/national\/charlie-veut-charrier-avec-son-charia-hebdo-avec-mahomet-comme-redacteur-en-chef\/172480\/","name":"Charlie veut charrier avec son \u00abCharia Hebdo\u00bb, avec Mahomet comme r\u00e9dacteur en chef\u2026","isPartOf":{"@id":"https:\/\/www.webdo.tn\/fr\/#website"},"primaryImageOfPage":{"@id":"https:\/\/www.webdo.tn\/fr\/actualite\/national\/charlie-veut-charrier-avec-son-charia-hebdo-avec-mahomet-comme-redacteur-en-chef\/172480\/#primaryimage"},"image":{"@id":"https:\/\/www.webdo.tn\/fr\/actualite\/national\/charlie-veut-charrier-avec-son-charia-hebdo-avec-mahomet-comme-redacteur-en-chef\/172480\/#primaryimage"},"thumbnailUrl":"https:\/\/www.webdo.tn\/fr\/wp-content\/uploads\/2011\/10\/Charlie-Hebdo.jpg","datePublished":"2011-10-31T20:24:00+00:00","description":"Charlie veut charrier avec son \u00abCharia Hebdo\u00bb, avec Mahomet comme r\u00e9dacteur en chef\u2026","breadcrumb":{"@id":"https:\/\/www.webdo.tn\/fr\/actualite\/national\/charlie-veut-charrier-avec-son-charia-hebdo-avec-mahomet-comme-redacteur-en-chef\/172480\/#breadcrumb"},"inLanguage":"fr-FR","potentialAction":[{"@type":"ReadAction","target":["https:\/\/www.webdo.tn\/fr\/actualite\/national\/charlie-veut-charrier-avec-son-charia-hebdo-avec-mahomet-comme-redacteur-en-chef\/172480\/"]}]},{"@type":"ImageObject","inLanguage":"fr-FR","@id":"https:\/\/www.webdo.tn\/fr\/actualite\/national\/charlie-veut-charrier-avec-son-charia-hebdo-avec-mahomet-comme-redacteur-en-chef\/172480\/#primaryimage","url":"https:\/\/www.webdo.tn\/fr\/wp-content\/uploads\/2011\/10\/Charlie-Hebdo.jpg","contentUrl":"https:\/\/www.webdo.tn\/fr\/wp-content\/uploads\/2011\/10\/Charlie-Hebdo.jpg","width":295,"height":384,"caption":"Charlie veut charrier avec son \u00abCharia Hebdo\u00bb, avec Mahomet comme r\u00e9dacteur en chef\u2026"},{"@type":"BreadcrumbList","@id":"https:\/\/www.webdo.tn\/fr\/actualite\/national\/charlie-veut-charrier-avec-son-charia-hebdo-avec-mahomet-comme-redacteur-en-chef\/172480\/#breadcrumb","itemListElement":[{"@type":"ListItem","position":1,"name":"Accueil","item":"https:\/\/www.webdo.tn\/fr\/"},{"@type":"ListItem","position":2,"name":"Charlie veut charrier avec son \u00abCharia Hebdo\u00bb, avec Mahomet comme r\u00e9dacteur en chef\u2026"}]},{"@type":"WebSite","@id":"https:\/\/www.webdo.tn\/fr\/#website","url":"https:\/\/www.webdo.tn\/fr\/","name":"webdo","description":"Tunisie - News en Tunisie et \u00e0 l&#039;international sur Webdo.tn","publisher":{"@id":"https:\/\/www.webdo.tn\/fr\/#organization"},"potentialAction":[{"@type":"SearchAction","target":{"@type":"EntryPoint","urlTemplate":"https:\/\/www.webdo.tn\/fr\/?s={search_term_string}"},"query-input":{"@type":"PropertyValueSpecification","valueRequired":true,"valueName":"search_term_string"}}],"inLanguage":"fr-FR"},{"@type":"Organization","@id":"https:\/\/www.webdo.tn\/fr\/#organization","name":"Webdo","alternateName":"Webdo.tn","url":"https:\/\/www.webdo.tn\/fr\/","logo":{"@type":"ImageObject","inLanguage":"fr-FR","@id":"https:\/\/www.webdo.tn\/fr\/#\/schema\/logo\/image\/","url":"https:\/\/www.webdo.tn\/fr\/wp-content\/uploads\/2025\/06\/Webdo-Tunisie_168377.jpg","contentUrl":"https:\/\/www.webdo.tn\/fr\/wp-content\/uploads\/2025\/06\/Webdo-Tunisie_168377.jpg","width":301,"height":301,"caption":"Webdo"},"image":{"@id":"https:\/\/www.webdo.tn\/fr\/#\/schema\/logo\/image\/"},"sameAs":["https:\/\/www.facebook.com\/webdotn","https:\/\/x.com\/webdo_tn"],"description":"Webdo est un m\u00e9dia num\u00e9rique tunisien fond\u00e9 en 2010, sp\u00e9cialis\u00e9 dans l\u2019actualit\u00e9 nationale et internationale, l\u2019\u00e9conomie, la soci\u00e9t\u00e9 et les analyses politiques. Le site s\u2019adresse \u00e0 un large public francophone et couvre l\u2019information tunisienne en temps r\u00e9el.","email":"redac@webdo.tn","legalName":"YNJ SARL","foundingDate":"2010-09-06","numberOfEmployees":{"@type":"QuantitativeValue","minValue":"11","maxValue":"50"}},{"@type":"Person","@id":"https:\/\/www.webdo.tn\/fr\/#\/schema\/person\/9a9c6118d687c117df8ef3cc36a4d175","name":"webdo.tn","image":{"@type":"ImageObject","inLanguage":"fr-FR","@id":"https:\/\/secure.gravatar.com\/avatar\/7ce1f28c0c3bbac99ff550b85ef8e44a6950c6ee24514fb6a5489e51d06f0298?s=96&d=mm&r=g","url":"https:\/\/secure.gravatar.com\/avatar\/7ce1f28c0c3bbac99ff550b85ef8e44a6950c6ee24514fb6a5489e51d06f0298?s=96&d=mm&r=g","contentUrl":"https:\/\/secure.gravatar.com\/avatar\/7ce1f28c0c3bbac99ff550b85ef8e44a6950c6ee24514fb6a5489e51d06f0298?s=96&d=mm&r=g","caption":"webdo.tn"},"url":"https:\/\/www.webdo.tn\/fr\/actualite\/author\/webdotn\/"}]}},"_links":{"self":[{"href":"https:\/\/www.webdo.tn\/fr\/wp-json\/wp\/v2\/posts\/172480","targetHints":{"allow":["GET"]}}],"collection":[{"href":"https:\/\/www.webdo.tn\/fr\/wp-json\/wp\/v2\/posts"}],"about":[{"href":"https:\/\/www.webdo.tn\/fr\/wp-json\/wp\/v2\/types\/post"}],"author":[{"embeddable":true,"href":"https:\/\/www.webdo.tn\/fr\/wp-json\/wp\/v2\/users\/3222"}],"replies":[{"embeddable":true,"href":"https:\/\/www.webdo.tn\/fr\/wp-json\/wp\/v2\/comments?post=172480"}],"version-history":[{"count":0,"href":"https:\/\/www.webdo.tn\/fr\/wp-json\/wp\/v2\/posts\/172480\/revisions"}],"wp:featuredmedia":[{"embeddable":true,"href":"https:\/\/www.webdo.tn\/fr\/wp-json\/wp\/v2\/media\/365073"}],"wp:attachment":[{"href":"https:\/\/www.webdo.tn\/fr\/wp-json\/wp\/v2\/media?parent=172480"}],"wp:term":[{"taxonomy":"category","embeddable":true,"href":"https:\/\/www.webdo.tn\/fr\/wp-json\/wp\/v2\/categories?post=172480"},{"taxonomy":"post_tag","embeddable":true,"href":"https:\/\/www.webdo.tn\/fr\/wp-json\/wp\/v2\/tags?post=172480"}],"curies":[{"name":"wp","href":"https:\/\/api.w.org\/{rel}","templated":true}]}}