{"id":172476,"date":"2011-11-04T15:53:00","date_gmt":"2011-11-04T15:53:00","guid":{"rendered":"https:\/\/www.webdo.tn\/fr\/blog\/lexecution-de-yosri-trigui-suspendue-son-cas-va-etre-revu\/172476\/"},"modified":"2011-11-04T15:53:00","modified_gmt":"2011-11-04T15:53:00","slug":"lexecution-de-yosri-trigui-suspendue-son-cas-va-etre-revu","status":"publish","type":"post","link":"https:\/\/www.webdo.tn\/fr\/actualite\/national\/lexecution-de-yosri-trigui-suspendue-son-cas-va-etre-revu\/172476\/","title":{"rendered":"L&rsquo;ex\u00e9cution de Yosri Trigui suspendue, son cas va \u00eatre revu"},"content":{"rendered":"<p>Le cas de Yosri Trigui, ce Tunisien accus\u00e9 de terrorisme et condamn\u00e9 \u00e0 mort en Irak, a aliment\u00e9 les d\u00e9bats depuis quelques jours. Nous lui avons consacr\u00e9 un long article.<\/p>\n<p>Si certains Tunisiens pensent que Yosri Trigui n&rsquo;est qu&rsquo;un terroriste et qu\u2019il m\u00e9rite son sort, la majorit\u00e9 a \u00e9t\u00e9 plut\u00f4t solidaire, comme en t\u00e9moigne ce commentaire sous l&rsquo;article que nous avons publi\u00e9 sur ce sujet : \u00ab\u00a0Peu importe ce que ce jeune homme a fait, ce n&rsquo;est pas \u00e0 la justice irakienne de le juger pour ses actes, il est avant tout un ressortissant TUNISIEN. L&rsquo;\u00c9tat tunisien, comme n&rsquo;importe quel autre \u00c9tat digne de ce nom, le fait quand un de ses ressortissants est mis en cause \u00e0 l&rsquo;\u00e9tranger, se doit d&rsquo;assurer son retour au pays pour qu&rsquo;il y soit jug\u00e9 si besoin est.\u00a0\u00bb<\/p>\n<p>Les appels au gouvernement afin qu\u2019il se penche sur cette affaire se sont multipli\u00e9s sur les r\u00e9seaux sociaux. L&rsquo;association des parents des enfants arr\u00eat\u00e9s en Irak et condamn\u00e9s \u00e0 la peine de mort a, de son c\u00f4t\u00e9 aussi, mis la pression sur les hauts responsables de notre pays.<\/p>\n<p>Et alors que l&rsquo;ex\u00e9cution de sa sentence ne devait plus tarder, Mosaique FM nous apprend que l&rsquo;ex\u00e9cution de Yosri a finalement \u00e9t\u00e9 suspendue et son cas devrait \u00eatre revu apr\u00e8s l&rsquo;A\u00efd. C&rsquo;est du moins ce qu&rsquo;a annonc\u00e9 Aissa Khaldi, le secr\u00e9taire g\u00e9n\u00e9ral de ladite association, \u00e0 la radio priv\u00e9e.<\/p>\n<p>La radio nous apprend \u00e9galement que le leader d&rsquo;Ennahdha, Rached Ghannouchi, serait intervenu, en personne, pour tenter de faire gracier Yosri Trigui, aupr\u00e8s des autorit\u00e9s irakiennes. Ghannouchi a d\u00e9clar\u00e9 que ces derniers lui ont promis de revoir le dossier et l&rsquo;ont rassur\u00e9 quant \u00e0 la situation de notre compatriote, Yosri.<\/p>\n","protected":false},"excerpt":{"rendered":"<p>L&rsquo;ex\u00e9cution de Yosri Trigui suspendue, son cas va \u00eatre revu<\/p>\n","protected":false},"author":3222,"featured_media":333950,"comment_status":"open","ping_status":"closed","sticky":false,"template":"","format":"standard","meta":{"footnotes":""},"categories":[44],"tags":[2600],"class_list":["post-172476","post","type-post","status-publish","format-standard","has-post-thumbnail","hentry","category-national","tag-guerre"],"yoast_head":"<!-- This site is optimized with the Yoast SEO Premium plugin v27.5 (Yoast SEO v27.5) - https:\/\/yoast.com\/product\/yoast-seo-premium-wordpress\/ -->\n<title>L&#039;ex\u00e9cution de Yosri Trigui suspendue, son cas va \u00eatre revu<\/title>\n<meta name=\"description\" content=\"L&#039;ex\u00e9cution de Yosri Trigui suspendue, son cas va \u00eatre revu\" \/>\n<link rel=\"canonical\" href=\"https:\/\/www.webdo.tn\/fr\/actualite\/national-45\/lexecution-de-yosri-trigui-suspendue-son-cas-va-etre-revu\/172476\/\" \/>\n<meta property=\"og:locale\" content=\"fr_FR\" \/>\n<meta property=\"og:type\" content=\"article\" \/>\n<meta property=\"og:title\" content=\"L&#039;ex\u00e9cution de Yosri Trigui suspendue, son cas va \u00eatre revu\" \/>\n<meta property=\"og:description\" content=\"L&#039;ex\u00e9cution de Yosri Trigui suspendue, son cas va \u00eatre revu\" \/>\n<meta property=\"og:url\" content=\"https:\/\/www.webdo.tn\/fr\/actualite\/national-45\/lexecution-de-yosri-trigui-suspendue-son-cas-va-etre-revu\/172476\/\" \/>\n<meta property=\"og:site_name\" content=\"webdo\" \/>\n<meta property=\"article:publisher\" content=\"https:\/\/www.facebook.com\/webdotn\" \/>\n<meta property=\"article:published_time\" content=\"2011-11-04T15:53:00+00:00\" \/>\n<meta property=\"og:image\" content=\"https:\/\/www.webdo.tn\/fr\/wp-content\/uploads\/2011\/11\/Yosri-Trigui.jpg\" \/>\n\t<meta property=\"og:image:width\" content=\"277\" \/>\n\t<meta property=\"og:image:height\" content=\"400\" \/>\n\t<meta property=\"og:image:type\" content=\"image\/jpeg\" \/>\n<meta name=\"author\" content=\"webdo.tn\" \/>\n<meta name=\"twitter:card\" content=\"summary_large_image\" \/>\n<meta name=\"twitter:creator\" content=\"@webdo_tn\" \/>\n<meta name=\"twitter:site\" content=\"@webdo_tn\" \/>\n<meta name=\"twitter:label1\" content=\"\u00c9crit par\" \/>\n\t<meta name=\"twitter:data1\" content=\"webdo.tn\" \/>\n\t<meta name=\"twitter:label2\" content=\"Dur\u00e9e de lecture estim\u00e9e\" \/>\n\t<meta name=\"twitter:data2\" content=\"1 minute\" \/>\n<script type=\"application\/ld+json\" class=\"yoast-schema-graph\">{\"@context\":\"https:\\\/\\\/schema.org\",\"@graph\":[{\"@type\":\"NewsArticle\",\"@id\":\"https:\\\/\\\/www.webdo.tn\\\/fr\\\/actualite\\\/national-45\\\/lexecution-de-yosri-trigui-suspendue-son-cas-va-etre-revu\\\/172476\\\/#article\",\"isPartOf\":{\"@id\":\"https:\\\/\\\/www.webdo.tn\\\/fr\\\/actualite\\\/national-45\\\/lexecution-de-yosri-trigui-suspendue-son-cas-va-etre-revu\\\/172476\\\/\"},\"author\":{\"name\":\"webdo.tn\",\"@id\":\"https:\\\/\\\/www.webdo.tn\\\/fr\\\/#\\\/schema\\\/person\\\/9a9c6118d687c117df8ef3cc36a4d175\"},\"headline\":\"L&rsquo;ex\u00e9cution de Yosri Trigui suspendue, son cas va \u00eatre revu\",\"datePublished\":\"2011-11-04T15:53:00+00:00\",\"mainEntityOfPage\":{\"@id\":\"https:\\\/\\\/www.webdo.tn\\\/fr\\\/actualite\\\/national-45\\\/lexecution-de-yosri-trigui-suspendue-son-cas-va-etre-revu\\\/172476\\\/\"},\"wordCount\":326,\"commentCount\":0,\"publisher\":{\"@id\":\"https:\\\/\\\/www.webdo.tn\\\/fr\\\/#organization\"},\"image\":{\"@id\":\"https:\\\/\\\/www.webdo.tn\\\/fr\\\/actualite\\\/national-45\\\/lexecution-de-yosri-trigui-suspendue-son-cas-va-etre-revu\\\/172476\\\/#primaryimage\"},\"thumbnailUrl\":\"https:\\\/\\\/www.webdo.tn\\\/fr\\\/wp-content\\\/uploads\\\/2011\\\/11\\\/Yosri-Trigui.jpg\",\"keywords\":[\"guerre\"],\"articleSection\":[\"National\"],\"inLanguage\":\"fr-FR\"},{\"@type\":\"WebPage\",\"@id\":\"https:\\\/\\\/www.webdo.tn\\\/fr\\\/actualite\\\/national-45\\\/lexecution-de-yosri-trigui-suspendue-son-cas-va-etre-revu\\\/172476\\\/\",\"url\":\"https:\\\/\\\/www.webdo.tn\\\/fr\\\/actualite\\\/national-45\\\/lexecution-de-yosri-trigui-suspendue-son-cas-va-etre-revu\\\/172476\\\/\",\"name\":\"L'ex\u00e9cution de Yosri Trigui suspendue, son cas va \u00eatre revu\",\"isPartOf\":{\"@id\":\"https:\\\/\\\/www.webdo.tn\\\/fr\\\/#website\"},\"primaryImageOfPage\":{\"@id\":\"https:\\\/\\\/www.webdo.tn\\\/fr\\\/actualite\\\/national-45\\\/lexecution-de-yosri-trigui-suspendue-son-cas-va-etre-revu\\\/172476\\\/#primaryimage\"},\"image\":{\"@id\":\"https:\\\/\\\/www.webdo.tn\\\/fr\\\/actualite\\\/national-45\\\/lexecution-de-yosri-trigui-suspendue-son-cas-va-etre-revu\\\/172476\\\/#primaryimage\"},\"thumbnailUrl\":\"https:\\\/\\\/www.webdo.tn\\\/fr\\\/wp-content\\\/uploads\\\/2011\\\/11\\\/Yosri-Trigui.jpg\",\"datePublished\":\"2011-11-04T15:53:00+00:00\",\"description\":\"L'ex\u00e9cution de Yosri Trigui suspendue, son cas va \u00eatre revu\",\"breadcrumb\":{\"@id\":\"https:\\\/\\\/www.webdo.tn\\\/fr\\\/actualite\\\/national-45\\\/lexecution-de-yosri-trigui-suspendue-son-cas-va-etre-revu\\\/172476\\\/#breadcrumb\"},\"inLanguage\":\"fr-FR\",\"potentialAction\":[{\"@type\":\"ReadAction\",\"target\":[\"https:\\\/\\\/www.webdo.tn\\\/fr\\\/actualite\\\/national-45\\\/lexecution-de-yosri-trigui-suspendue-son-cas-va-etre-revu\\\/172476\\\/\"]}]},{\"@type\":\"ImageObject\",\"inLanguage\":\"fr-FR\",\"@id\":\"https:\\\/\\\/www.webdo.tn\\\/fr\\\/actualite\\\/national-45\\\/lexecution-de-yosri-trigui-suspendue-son-cas-va-etre-revu\\\/172476\\\/#primaryimage\",\"url\":\"https:\\\/\\\/www.webdo.tn\\\/fr\\\/wp-content\\\/uploads\\\/2011\\\/11\\\/Yosri-Trigui.jpg\",\"contentUrl\":\"https:\\\/\\\/www.webdo.tn\\\/fr\\\/wp-content\\\/uploads\\\/2011\\\/11\\\/Yosri-Trigui.jpg\",\"width\":277,\"height\":400,\"caption\":\"L'ex\u00e9cution de Yosri Trigui suspendue, son cas va \u00eatre revu\"},{\"@type\":\"BreadcrumbList\",\"@id\":\"https:\\\/\\\/www.webdo.tn\\\/fr\\\/actualite\\\/national-45\\\/lexecution-de-yosri-trigui-suspendue-son-cas-va-etre-revu\\\/172476\\\/#breadcrumb\",\"itemListElement\":[{\"@type\":\"ListItem\",\"position\":1,\"name\":\"Accueil\",\"item\":\"https:\\\/\\\/www.webdo.tn\\\/fr\\\/\"},{\"@type\":\"ListItem\",\"position\":2,\"name\":\"L&rsquo;ex\u00e9cution de Yosri Trigui suspendue, son cas va \u00eatre revu\"}]},{\"@type\":\"WebSite\",\"@id\":\"https:\\\/\\\/www.webdo.tn\\\/fr\\\/#website\",\"url\":\"https:\\\/\\\/www.webdo.tn\\\/fr\\\/\",\"name\":\"webdo\",\"description\":\"Tunisie - News en Tunisie et \u00e0 l&#039;international sur Webdo.tn\",\"publisher\":{\"@id\":\"https:\\\/\\\/www.webdo.tn\\\/fr\\\/#organization\"},\"potentialAction\":[{\"@type\":\"SearchAction\",\"target\":{\"@type\":\"EntryPoint\",\"urlTemplate\":\"https:\\\/\\\/www.webdo.tn\\\/fr\\\/?s={search_term_string}\"},\"query-input\":{\"@type\":\"PropertyValueSpecification\",\"valueRequired\":true,\"valueName\":\"search_term_string\"}}],\"inLanguage\":\"fr-FR\"},{\"@type\":\"Organization\",\"@id\":\"https:\\\/\\\/www.webdo.tn\\\/fr\\\/#organization\",\"name\":\"Webdo\",\"alternateName\":\"Webdo.tn\",\"url\":\"https:\\\/\\\/www.webdo.tn\\\/fr\\\/\",\"logo\":{\"@type\":\"ImageObject\",\"inLanguage\":\"fr-FR\",\"@id\":\"https:\\\/\\\/www.webdo.tn\\\/fr\\\/#\\\/schema\\\/logo\\\/image\\\/\",\"url\":\"https:\\\/\\\/www.webdo.tn\\\/fr\\\/wp-content\\\/uploads\\\/2025\\\/06\\\/Webdo-Tunisie_168377.jpg\",\"contentUrl\":\"https:\\\/\\\/www.webdo.tn\\\/fr\\\/wp-content\\\/uploads\\\/2025\\\/06\\\/Webdo-Tunisie_168377.jpg\",\"width\":301,\"height\":301,\"caption\":\"Webdo\"},\"image\":{\"@id\":\"https:\\\/\\\/www.webdo.tn\\\/fr\\\/#\\\/schema\\\/logo\\\/image\\\/\"},\"sameAs\":[\"https:\\\/\\\/www.facebook.com\\\/webdotn\",\"https:\\\/\\\/x.com\\\/webdo_tn\"],\"description\":\"Webdo est un m\u00e9dia num\u00e9rique tunisien fond\u00e9 en 2010, sp\u00e9cialis\u00e9 dans l\u2019actualit\u00e9 nationale et internationale, l\u2019\u00e9conomie, la soci\u00e9t\u00e9 et les analyses politiques. Le site s\u2019adresse \u00e0 un large public francophone et couvre l\u2019information tunisienne en temps r\u00e9el.\",\"email\":\"redac@webdo.tn\",\"legalName\":\"YNJ SARL\",\"foundingDate\":\"2010-09-06\",\"numberOfEmployees\":{\"@type\":\"QuantitativeValue\",\"minValue\":\"11\",\"maxValue\":\"50\"}},{\"@type\":\"Person\",\"@id\":\"https:\\\/\\\/www.webdo.tn\\\/fr\\\/#\\\/schema\\\/person\\\/9a9c6118d687c117df8ef3cc36a4d175\",\"name\":\"webdo.tn\",\"image\":{\"@type\":\"ImageObject\",\"inLanguage\":\"fr-FR\",\"@id\":\"https:\\\/\\\/secure.gravatar.com\\\/avatar\\\/7ce1f28c0c3bbac99ff550b85ef8e44a6950c6ee24514fb6a5489e51d06f0298?s=96&d=mm&r=g\",\"url\":\"https:\\\/\\\/secure.gravatar.com\\\/avatar\\\/7ce1f28c0c3bbac99ff550b85ef8e44a6950c6ee24514fb6a5489e51d06f0298?s=96&d=mm&r=g\",\"contentUrl\":\"https:\\\/\\\/secure.gravatar.com\\\/avatar\\\/7ce1f28c0c3bbac99ff550b85ef8e44a6950c6ee24514fb6a5489e51d06f0298?s=96&d=mm&r=g\",\"caption\":\"webdo.tn\"},\"url\":\"https:\\\/\\\/www.webdo.tn\\\/fr\\\/actualite\\\/author\\\/webdotn\\\/\"}]}<\/script>\n<!-- \/ Yoast SEO Premium plugin. -->","yoast_head_json":{"title":"L'ex\u00e9cution de Yosri Trigui suspendue, son cas va \u00eatre revu","description":"L'ex\u00e9cution de Yosri Trigui suspendue, son cas va \u00eatre revu","canonical":"https:\/\/www.webdo.tn\/fr\/actualite\/national-45\/lexecution-de-yosri-trigui-suspendue-son-cas-va-etre-revu\/172476\/","og_locale":"fr_FR","og_type":"article","og_title":"L'ex\u00e9cution de Yosri Trigui suspendue, son cas va \u00eatre revu","og_description":"L'ex\u00e9cution de Yosri Trigui suspendue, son cas va \u00eatre revu","og_url":"https:\/\/www.webdo.tn\/fr\/actualite\/national-45\/lexecution-de-yosri-trigui-suspendue-son-cas-va-etre-revu\/172476\/","og_site_name":"webdo","article_publisher":"https:\/\/www.facebook.com\/webdotn","article_published_time":"2011-11-04T15:53:00+00:00","og_image":[{"width":277,"height":400,"url":"https:\/\/www.webdo.tn\/fr\/wp-content\/uploads\/2011\/11\/Yosri-Trigui.jpg","type":"image\/jpeg"}],"author":"webdo.tn","twitter_card":"summary_large_image","twitter_creator":"@webdo_tn","twitter_site":"@webdo_tn","twitter_misc":{"\u00c9crit par":"webdo.tn","Dur\u00e9e de lecture estim\u00e9e":"1 minute"},"schema":{"@context":"https:\/\/schema.org","@graph":[{"@type":"NewsArticle","@id":"https:\/\/www.webdo.tn\/fr\/actualite\/national-45\/lexecution-de-yosri-trigui-suspendue-son-cas-va-etre-revu\/172476\/#article","isPartOf":{"@id":"https:\/\/www.webdo.tn\/fr\/actualite\/national-45\/lexecution-de-yosri-trigui-suspendue-son-cas-va-etre-revu\/172476\/"},"author":{"name":"webdo.tn","@id":"https:\/\/www.webdo.tn\/fr\/#\/schema\/person\/9a9c6118d687c117df8ef3cc36a4d175"},"headline":"L&rsquo;ex\u00e9cution de Yosri Trigui suspendue, son cas va \u00eatre revu","datePublished":"2011-11-04T15:53:00+00:00","mainEntityOfPage":{"@id":"https:\/\/www.webdo.tn\/fr\/actualite\/national-45\/lexecution-de-yosri-trigui-suspendue-son-cas-va-etre-revu\/172476\/"},"wordCount":326,"commentCount":0,"publisher":{"@id":"https:\/\/www.webdo.tn\/fr\/#organization"},"image":{"@id":"https:\/\/www.webdo.tn\/fr\/actualite\/national-45\/lexecution-de-yosri-trigui-suspendue-son-cas-va-etre-revu\/172476\/#primaryimage"},"thumbnailUrl":"https:\/\/www.webdo.tn\/fr\/wp-content\/uploads\/2011\/11\/Yosri-Trigui.jpg","keywords":["guerre"],"articleSection":["National"],"inLanguage":"fr-FR"},{"@type":"WebPage","@id":"https:\/\/www.webdo.tn\/fr\/actualite\/national-45\/lexecution-de-yosri-trigui-suspendue-son-cas-va-etre-revu\/172476\/","url":"https:\/\/www.webdo.tn\/fr\/actualite\/national-45\/lexecution-de-yosri-trigui-suspendue-son-cas-va-etre-revu\/172476\/","name":"L'ex\u00e9cution de Yosri Trigui suspendue, son cas va \u00eatre revu","isPartOf":{"@id":"https:\/\/www.webdo.tn\/fr\/#website"},"primaryImageOfPage":{"@id":"https:\/\/www.webdo.tn\/fr\/actualite\/national-45\/lexecution-de-yosri-trigui-suspendue-son-cas-va-etre-revu\/172476\/#primaryimage"},"image":{"@id":"https:\/\/www.webdo.tn\/fr\/actualite\/national-45\/lexecution-de-yosri-trigui-suspendue-son-cas-va-etre-revu\/172476\/#primaryimage"},"thumbnailUrl":"https:\/\/www.webdo.tn\/fr\/wp-content\/uploads\/2011\/11\/Yosri-Trigui.jpg","datePublished":"2011-11-04T15:53:00+00:00","description":"L'ex\u00e9cution de Yosri Trigui suspendue, son cas va \u00eatre revu","breadcrumb":{"@id":"https:\/\/www.webdo.tn\/fr\/actualite\/national-45\/lexecution-de-yosri-trigui-suspendue-son-cas-va-etre-revu\/172476\/#breadcrumb"},"inLanguage":"fr-FR","potentialAction":[{"@type":"ReadAction","target":["https:\/\/www.webdo.tn\/fr\/actualite\/national-45\/lexecution-de-yosri-trigui-suspendue-son-cas-va-etre-revu\/172476\/"]}]},{"@type":"ImageObject","inLanguage":"fr-FR","@id":"https:\/\/www.webdo.tn\/fr\/actualite\/national-45\/lexecution-de-yosri-trigui-suspendue-son-cas-va-etre-revu\/172476\/#primaryimage","url":"https:\/\/www.webdo.tn\/fr\/wp-content\/uploads\/2011\/11\/Yosri-Trigui.jpg","contentUrl":"https:\/\/www.webdo.tn\/fr\/wp-content\/uploads\/2011\/11\/Yosri-Trigui.jpg","width":277,"height":400,"caption":"L'ex\u00e9cution de Yosri Trigui suspendue, son cas va \u00eatre revu"},{"@type":"BreadcrumbList","@id":"https:\/\/www.webdo.tn\/fr\/actualite\/national-45\/lexecution-de-yosri-trigui-suspendue-son-cas-va-etre-revu\/172476\/#breadcrumb","itemListElement":[{"@type":"ListItem","position":1,"name":"Accueil","item":"https:\/\/www.webdo.tn\/fr\/"},{"@type":"ListItem","position":2,"name":"L&rsquo;ex\u00e9cution de Yosri Trigui suspendue, son cas va \u00eatre revu"}]},{"@type":"WebSite","@id":"https:\/\/www.webdo.tn\/fr\/#website","url":"https:\/\/www.webdo.tn\/fr\/","name":"webdo","description":"Tunisie - News en Tunisie et \u00e0 l&#039;international sur Webdo.tn","publisher":{"@id":"https:\/\/www.webdo.tn\/fr\/#organization"},"potentialAction":[{"@type":"SearchAction","target":{"@type":"EntryPoint","urlTemplate":"https:\/\/www.webdo.tn\/fr\/?s={search_term_string}"},"query-input":{"@type":"PropertyValueSpecification","valueRequired":true,"valueName":"search_term_string"}}],"inLanguage":"fr-FR"},{"@type":"Organization","@id":"https:\/\/www.webdo.tn\/fr\/#organization","name":"Webdo","alternateName":"Webdo.tn","url":"https:\/\/www.webdo.tn\/fr\/","logo":{"@type":"ImageObject","inLanguage":"fr-FR","@id":"https:\/\/www.webdo.tn\/fr\/#\/schema\/logo\/image\/","url":"https:\/\/www.webdo.tn\/fr\/wp-content\/uploads\/2025\/06\/Webdo-Tunisie_168377.jpg","contentUrl":"https:\/\/www.webdo.tn\/fr\/wp-content\/uploads\/2025\/06\/Webdo-Tunisie_168377.jpg","width":301,"height":301,"caption":"Webdo"},"image":{"@id":"https:\/\/www.webdo.tn\/fr\/#\/schema\/logo\/image\/"},"sameAs":["https:\/\/www.facebook.com\/webdotn","https:\/\/x.com\/webdo_tn"],"description":"Webdo est un m\u00e9dia num\u00e9rique tunisien fond\u00e9 en 2010, sp\u00e9cialis\u00e9 dans l\u2019actualit\u00e9 nationale et internationale, l\u2019\u00e9conomie, la soci\u00e9t\u00e9 et les analyses politiques. Le site s\u2019adresse \u00e0 un large public francophone et couvre l\u2019information tunisienne en temps r\u00e9el.","email":"redac@webdo.tn","legalName":"YNJ SARL","foundingDate":"2010-09-06","numberOfEmployees":{"@type":"QuantitativeValue","minValue":"11","maxValue":"50"}},{"@type":"Person","@id":"https:\/\/www.webdo.tn\/fr\/#\/schema\/person\/9a9c6118d687c117df8ef3cc36a4d175","name":"webdo.tn","image":{"@type":"ImageObject","inLanguage":"fr-FR","@id":"https:\/\/secure.gravatar.com\/avatar\/7ce1f28c0c3bbac99ff550b85ef8e44a6950c6ee24514fb6a5489e51d06f0298?s=96&d=mm&r=g","url":"https:\/\/secure.gravatar.com\/avatar\/7ce1f28c0c3bbac99ff550b85ef8e44a6950c6ee24514fb6a5489e51d06f0298?s=96&d=mm&r=g","contentUrl":"https:\/\/secure.gravatar.com\/avatar\/7ce1f28c0c3bbac99ff550b85ef8e44a6950c6ee24514fb6a5489e51d06f0298?s=96&d=mm&r=g","caption":"webdo.tn"},"url":"https:\/\/www.webdo.tn\/fr\/actualite\/author\/webdotn\/"}]}},"_links":{"self":[{"href":"https:\/\/www.webdo.tn\/fr\/wp-json\/wp\/v2\/posts\/172476","targetHints":{"allow":["GET"]}}],"collection":[{"href":"https:\/\/www.webdo.tn\/fr\/wp-json\/wp\/v2\/posts"}],"about":[{"href":"https:\/\/www.webdo.tn\/fr\/wp-json\/wp\/v2\/types\/post"}],"author":[{"embeddable":true,"href":"https:\/\/www.webdo.tn\/fr\/wp-json\/wp\/v2\/users\/3222"}],"replies":[{"embeddable":true,"href":"https:\/\/www.webdo.tn\/fr\/wp-json\/wp\/v2\/comments?post=172476"}],"version-history":[{"count":0,"href":"https:\/\/www.webdo.tn\/fr\/wp-json\/wp\/v2\/posts\/172476\/revisions"}],"wp:featuredmedia":[{"embeddable":true,"href":"https:\/\/www.webdo.tn\/fr\/wp-json\/wp\/v2\/media\/333950"}],"wp:attachment":[{"href":"https:\/\/www.webdo.tn\/fr\/wp-json\/wp\/v2\/media?parent=172476"}],"wp:term":[{"taxonomy":"category","embeddable":true,"href":"https:\/\/www.webdo.tn\/fr\/wp-json\/wp\/v2\/categories?post=172476"},{"taxonomy":"post_tag","embeddable":true,"href":"https:\/\/www.webdo.tn\/fr\/wp-json\/wp\/v2\/tags?post=172476"}],"curies":[{"name":"wp","href":"https:\/\/api.w.org\/{rel}","templated":true}]}}