{"id":172457,"date":"2011-11-16T12:36:00","date_gmt":"2011-11-16T12:36:00","guid":{"rendered":"https:\/\/www.webdo.tn\/fr\/actualite\/blog\/conference-de-presse-pour-lugtt-si-jrad-est-coupable-alors-1200-personnalites-le-sont-aussi\/172457\/"},"modified":"2011-11-16T12:36:00","modified_gmt":"2011-11-16T12:36:00","slug":"conference-de-presse-pour-lugtt-si-jrad-est-coupable-alors-1200-personnalites-le-sont-aussi","status":"publish","type":"post","link":"https:\/\/www.webdo.tn\/fr\/actualite\/national\/conference-de-presse-pour-lugtt-si-jrad-est-coupable-alors-1200-personnalites-le-sont-aussi\/172457\/","title":{"rendered":"Conf\u00e9rence de presse : pour l&rsquo;UGTT, si Jrad est coupable, alors 1200 personnalit\u00e9s le sont aussi !"},"content":{"rendered":"<p>Ce matin, s\u2019est tenue une conf\u00e9rence de presse au si\u00e8ge de l\u2019Union G\u00e9n\u00e9rale Tunisienne du Travail (UGTT), en soutien \u00e0 son Secr\u00e9taire g\u00e9n\u00e9ral, Abdesselam Jrad, mis en accusation pour abus de pouvoir et corruption, et interdit de voyage.<\/p>\n<p>L\u2019UGTT a formellement d\u00e9menti toute accusation, arguant que Jrad avait achet\u00e9, avec son propre argent, ses maisons \u00e0 Carthage, sans avoir eu recours \u00e0 une quelconque intervention, ajoutant que, dans ce cas, il fallait \u00e9galement mettre \u00e0 l\u2019index 1200 autres personnalit\u00e9s qui ont \u00e9galement leur demeure \u00e0 cet endroit litigieux.<\/p>\n<p>D\u2019autre part, pour l\u2019UGTT, il n\u2019y avait aucun abus de pouvoir \u00e0 demander \u00e0 Ben Ali la promotion d\u2019un employ\u00e9, que c\u2019\u00e9tait tout \u00e0 fait normal, et ce, concernant la demande de Jrad \u00e0 l\u2019ex-pr\u00e9sident d\u2019offrir \u00e0 un employ\u00e9 de La Poste tunisienne un poste \u00e9lev\u00e9 alors qu\u2019il \u00e9tait proche de la retraite. Pour l\u2019Union, il \u00e9tait \u00e9galement normal que leur Secr\u00e9taire g\u00e9n\u00e9ral demande \u00e0 Ben Ali de proposer un emploi pay\u00e9 au sein de l\u2019UGTT \u00e0 un syndicaliste, afin qu\u2019il puisse quitter son boulot et s\u2019occuper uniquement de l\u2019Union.<\/p>\n<p>On peut le constater, l\u2019UGTT est en bloc derri\u00e8re Abdesselam Jrad. Et, par la voix de Abid Briki, son secr\u00e9taire g\u00e9n\u00e9ral adjoint, elle a prof\u00e9r\u00e9 menaces et chantages. En effet, si l\u2019annulation de l\u2019interdiction de voyage de Jrad n\u2019est pas appliqu\u00e9e, l\u2019Union peut \u00e0 n\u2019importe quel moment prendre des d\u00e9cisions, notamment des gr\u00e8ves ou faire capoter des accords avec des pays \u00e9trangers. Un v\u00e9ritable chantage !<\/p>\n<p>Rappelons que le Secr\u00e9taire g\u00e9n\u00e9ral de l\u2019UGTT avait \u00e9t\u00e9 interdit de voyage suite \u00e0 la d\u00e9cision, hier, mardi 15 novembre, du juge d\u2019instruction du 9e bureau au Tribunal de premi\u00e8re instance de Tunis. L\u2019instruction de trois affaires dans lesquelles Abdesselam Jrad serait impliqu\u00e9 n\u2019\u00e9tant pas achev\u00e9e, l\u2019homme n\u2019est pas libre de circuler comme il veut. Ces affaires ont pour sujet la corruption. En effet, un avocat, Abderraouf Ayadi, un des leaders du CPR de Marzouki et militant des droits de l\u2019homme, a port\u00e9 plainte contre Jrad pour cas d\u2019abus de pouvoir et de corruption. D\u2019autre part, le dernier rapport de la Commission d&rsquo;investigation sur les affaires de corruption et de malversation met \u00e9galement \u00e0 l\u2019index le Secr\u00e9taire g\u00e9n\u00e9ral dans des affaires de malversation.<\/p>\n","protected":false},"excerpt":{"rendered":"<p>Conf\u00e9rence de presse : pour l&rsquo;UGTT, si Jrad est coupable, alors 1200 personnalit\u00e9s le sont aussi !<\/p>\n","protected":false},"author":3222,"featured_media":376290,"comment_status":"open","ping_status":"closed","sticky":false,"template":"","format":"standard","meta":{"footnotes":""},"categories":[44],"tags":[],"class_list":["post-172457","post","type-post","status-publish","format-standard","has-post-thumbnail","hentry","category-national"],"yoast_head":"<!-- This site is optimized with the Yoast SEO Premium plugin v27.5 (Yoast SEO v27.5) - https:\/\/yoast.com\/product\/yoast-seo-premium-wordpress\/ -->\n<title>Conf\u00e9rence de presse : pour l&#039;UGTT, si Jrad est coupable, alors 1200 personnalit\u00e9s le sont aussi !<\/title>\n<meta name=\"description\" content=\"Conf\u00e9rence de presse : pour l&#039;UGTT, si Jrad est coupable, alors 1200 personnalit\u00e9s le sont aussi !\" \/>\n<link rel=\"canonical\" href=\"https:\/\/www.webdo.tn\/fr\/actualite\/national\/conference-de-presse-pour-lugtt-si-jrad-est-coupable-alors-1200-personnalites-le-sont-aussi\/172457\/\" \/>\n<meta property=\"og:locale\" content=\"fr_FR\" \/>\n<meta property=\"og:type\" content=\"article\" \/>\n<meta property=\"og:title\" content=\"Conf\u00e9rence de presse : pour l&#039;UGTT, si Jrad est coupable, alors 1200 personnalit\u00e9s le sont aussi !\" \/>\n<meta property=\"og:description\" content=\"Conf\u00e9rence de presse : pour l&#039;UGTT, si Jrad est coupable, alors 1200 personnalit\u00e9s le sont aussi !\" \/>\n<meta property=\"og:url\" content=\"https:\/\/www.webdo.tn\/fr\/actualite\/national\/conference-de-presse-pour-lugtt-si-jrad-est-coupable-alors-1200-personnalites-le-sont-aussi\/172457\/\" \/>\n<meta property=\"og:site_name\" content=\"webdo\" \/>\n<meta property=\"article:publisher\" content=\"https:\/\/www.facebook.com\/webdotn\" \/>\n<meta property=\"article:published_time\" content=\"2011-11-16T12:36:00+00:00\" \/>\n<meta name=\"author\" content=\"webdo.tn\" \/>\n<meta name=\"twitter:card\" content=\"summary_large_image\" \/>\n<meta name=\"twitter:creator\" content=\"@webdo_tn\" \/>\n<meta name=\"twitter:site\" content=\"@webdo_tn\" \/>\n<meta name=\"twitter:label1\" content=\"\u00c9crit par\" \/>\n\t<meta name=\"twitter:data1\" content=\"webdo.tn\" \/>\n\t<meta name=\"twitter:label2\" content=\"Dur\u00e9e de lecture estim\u00e9e\" \/>\n\t<meta name=\"twitter:data2\" content=\"2 minutes\" \/>\n<script type=\"application\/ld+json\" class=\"yoast-schema-graph\">{\"@context\":\"https:\\\/\\\/schema.org\",\"@graph\":[{\"@type\":\"NewsArticle\",\"@id\":\"https:\\\/\\\/www.webdo.tn\\\/fr\\\/actualite\\\/national\\\/conference-de-presse-pour-lugtt-si-jrad-est-coupable-alors-1200-personnalites-le-sont-aussi\\\/172457\\\/#article\",\"isPartOf\":{\"@id\":\"https:\\\/\\\/www.webdo.tn\\\/fr\\\/actualite\\\/national\\\/conference-de-presse-pour-lugtt-si-jrad-est-coupable-alors-1200-personnalites-le-sont-aussi\\\/172457\\\/\"},\"author\":{\"name\":\"webdo.tn\",\"@id\":\"https:\\\/\\\/www.webdo.tn\\\/fr\\\/#\\\/schema\\\/person\\\/9a9c6118d687c117df8ef3cc36a4d175\"},\"headline\":\"Conf\u00e9rence de presse : pour l&rsquo;UGTT, si Jrad est coupable, alors 1200 personnalit\u00e9s le sont aussi !\",\"datePublished\":\"2011-11-16T12:36:00+00:00\",\"mainEntityOfPage\":{\"@id\":\"https:\\\/\\\/www.webdo.tn\\\/fr\\\/actualite\\\/national\\\/conference-de-presse-pour-lugtt-si-jrad-est-coupable-alors-1200-personnalites-le-sont-aussi\\\/172457\\\/\"},\"wordCount\":431,\"commentCount\":0,\"publisher\":{\"@id\":\"https:\\\/\\\/www.webdo.tn\\\/fr\\\/#organization\"},\"image\":{\"@id\":\"https:\\\/\\\/www.webdo.tn\\\/fr\\\/actualite\\\/national\\\/conference-de-presse-pour-lugtt-si-jrad-est-coupable-alors-1200-personnalites-le-sont-aussi\\\/172457\\\/#primaryimage\"},\"thumbnailUrl\":\"https:\\\/\\\/www.webdo.tn\\\/fr\\\/wp-content\\\/uploads\\\/2025\\\/06\\\/FireShot-Capture-1063-webdo_default-53-750x375.jpg-750\u00d7375-www.webdo_.tn_.png\",\"articleSection\":[\"National\"],\"inLanguage\":\"fr-FR\"},{\"@type\":\"WebPage\",\"@id\":\"https:\\\/\\\/www.webdo.tn\\\/fr\\\/actualite\\\/national\\\/conference-de-presse-pour-lugtt-si-jrad-est-coupable-alors-1200-personnalites-le-sont-aussi\\\/172457\\\/\",\"url\":\"https:\\\/\\\/www.webdo.tn\\\/fr\\\/actualite\\\/national\\\/conference-de-presse-pour-lugtt-si-jrad-est-coupable-alors-1200-personnalites-le-sont-aussi\\\/172457\\\/\",\"name\":\"Conf\u00e9rence de presse : pour l'UGTT, si Jrad est coupable, alors 1200 personnalit\u00e9s le sont aussi !\",\"isPartOf\":{\"@id\":\"https:\\\/\\\/www.webdo.tn\\\/fr\\\/#website\"},\"primaryImageOfPage\":{\"@id\":\"https:\\\/\\\/www.webdo.tn\\\/fr\\\/actualite\\\/national\\\/conference-de-presse-pour-lugtt-si-jrad-est-coupable-alors-1200-personnalites-le-sont-aussi\\\/172457\\\/#primaryimage\"},\"image\":{\"@id\":\"https:\\\/\\\/www.webdo.tn\\\/fr\\\/actualite\\\/national\\\/conference-de-presse-pour-lugtt-si-jrad-est-coupable-alors-1200-personnalites-le-sont-aussi\\\/172457\\\/#primaryimage\"},\"thumbnailUrl\":\"https:\\\/\\\/www.webdo.tn\\\/fr\\\/wp-content\\\/uploads\\\/2025\\\/06\\\/FireShot-Capture-1063-webdo_default-53-750x375.jpg-750\u00d7375-www.webdo_.tn_.png\",\"datePublished\":\"2011-11-16T12:36:00+00:00\",\"description\":\"Conf\u00e9rence de presse : pour l'UGTT, si Jrad est coupable, alors 1200 personnalit\u00e9s le sont aussi !\",\"breadcrumb\":{\"@id\":\"https:\\\/\\\/www.webdo.tn\\\/fr\\\/actualite\\\/national\\\/conference-de-presse-pour-lugtt-si-jrad-est-coupable-alors-1200-personnalites-le-sont-aussi\\\/172457\\\/#breadcrumb\"},\"inLanguage\":\"fr-FR\",\"potentialAction\":[{\"@type\":\"ReadAction\",\"target\":[\"https:\\\/\\\/www.webdo.tn\\\/fr\\\/actualite\\\/national\\\/conference-de-presse-pour-lugtt-si-jrad-est-coupable-alors-1200-personnalites-le-sont-aussi\\\/172457\\\/\"]}]},{\"@type\":\"ImageObject\",\"inLanguage\":\"fr-FR\",\"@id\":\"https:\\\/\\\/www.webdo.tn\\\/fr\\\/actualite\\\/national\\\/conference-de-presse-pour-lugtt-si-jrad-est-coupable-alors-1200-personnalites-le-sont-aussi\\\/172457\\\/#primaryimage\",\"url\":\"https:\\\/\\\/www.webdo.tn\\\/fr\\\/wp-content\\\/uploads\\\/2025\\\/06\\\/FireShot-Capture-1063-webdo_default-53-750x375.jpg-750\u00d7375-www.webdo_.tn_.png\",\"contentUrl\":\"https:\\\/\\\/www.webdo.tn\\\/fr\\\/wp-content\\\/uploads\\\/2025\\\/06\\\/FireShot-Capture-1063-webdo_default-53-750x375.jpg-750\u00d7375-www.webdo_.tn_.png\",\"width\":746,\"height\":371},{\"@type\":\"BreadcrumbList\",\"@id\":\"https:\\\/\\\/www.webdo.tn\\\/fr\\\/actualite\\\/national\\\/conference-de-presse-pour-lugtt-si-jrad-est-coupable-alors-1200-personnalites-le-sont-aussi\\\/172457\\\/#breadcrumb\",\"itemListElement\":[{\"@type\":\"ListItem\",\"position\":1,\"name\":\"Accueil\",\"item\":\"https:\\\/\\\/www.webdo.tn\\\/fr\\\/\"},{\"@type\":\"ListItem\",\"position\":2,\"name\":\"Conf\u00e9rence de presse : pour l&rsquo;UGTT, si Jrad est coupable, alors 1200 personnalit\u00e9s le sont aussi !\"}]},{\"@type\":\"WebSite\",\"@id\":\"https:\\\/\\\/www.webdo.tn\\\/fr\\\/#website\",\"url\":\"https:\\\/\\\/www.webdo.tn\\\/fr\\\/\",\"name\":\"webdo\",\"description\":\"Tunisie - News en Tunisie et \u00e0 l&#039;international sur Webdo.tn\",\"publisher\":{\"@id\":\"https:\\\/\\\/www.webdo.tn\\\/fr\\\/#organization\"},\"potentialAction\":[{\"@type\":\"SearchAction\",\"target\":{\"@type\":\"EntryPoint\",\"urlTemplate\":\"https:\\\/\\\/www.webdo.tn\\\/fr\\\/?s={search_term_string}\"},\"query-input\":{\"@type\":\"PropertyValueSpecification\",\"valueRequired\":true,\"valueName\":\"search_term_string\"}}],\"inLanguage\":\"fr-FR\"},{\"@type\":\"Organization\",\"@id\":\"https:\\\/\\\/www.webdo.tn\\\/fr\\\/#organization\",\"name\":\"Webdo\",\"alternateName\":\"Webdo.tn\",\"url\":\"https:\\\/\\\/www.webdo.tn\\\/fr\\\/\",\"logo\":{\"@type\":\"ImageObject\",\"inLanguage\":\"fr-FR\",\"@id\":\"https:\\\/\\\/www.webdo.tn\\\/fr\\\/#\\\/schema\\\/logo\\\/image\\\/\",\"url\":\"https:\\\/\\\/www.webdo.tn\\\/fr\\\/wp-content\\\/uploads\\\/2025\\\/06\\\/Webdo-Tunisie_168377.jpg\",\"contentUrl\":\"https:\\\/\\\/www.webdo.tn\\\/fr\\\/wp-content\\\/uploads\\\/2025\\\/06\\\/Webdo-Tunisie_168377.jpg\",\"width\":301,\"height\":301,\"caption\":\"Webdo\"},\"image\":{\"@id\":\"https:\\\/\\\/www.webdo.tn\\\/fr\\\/#\\\/schema\\\/logo\\\/image\\\/\"},\"sameAs\":[\"https:\\\/\\\/www.facebook.com\\\/webdotn\",\"https:\\\/\\\/x.com\\\/webdo_tn\"],\"description\":\"Webdo est un m\u00e9dia num\u00e9rique tunisien fond\u00e9 en 2010, sp\u00e9cialis\u00e9 dans l\u2019actualit\u00e9 nationale et internationale, l\u2019\u00e9conomie, la soci\u00e9t\u00e9 et les analyses politiques. Le site s\u2019adresse \u00e0 un large public francophone et couvre l\u2019information tunisienne en temps r\u00e9el.\",\"email\":\"redac@webdo.tn\",\"legalName\":\"YNJ SARL\",\"foundingDate\":\"2010-09-06\",\"numberOfEmployees\":{\"@type\":\"QuantitativeValue\",\"minValue\":\"11\",\"maxValue\":\"50\"}},{\"@type\":\"Person\",\"@id\":\"https:\\\/\\\/www.webdo.tn\\\/fr\\\/#\\\/schema\\\/person\\\/9a9c6118d687c117df8ef3cc36a4d175\",\"name\":\"webdo.tn\",\"image\":{\"@type\":\"ImageObject\",\"inLanguage\":\"fr-FR\",\"@id\":\"https:\\\/\\\/secure.gravatar.com\\\/avatar\\\/7ce1f28c0c3bbac99ff550b85ef8e44a6950c6ee24514fb6a5489e51d06f0298?s=96&d=mm&r=g\",\"url\":\"https:\\\/\\\/secure.gravatar.com\\\/avatar\\\/7ce1f28c0c3bbac99ff550b85ef8e44a6950c6ee24514fb6a5489e51d06f0298?s=96&d=mm&r=g\",\"contentUrl\":\"https:\\\/\\\/secure.gravatar.com\\\/avatar\\\/7ce1f28c0c3bbac99ff550b85ef8e44a6950c6ee24514fb6a5489e51d06f0298?s=96&d=mm&r=g\",\"caption\":\"webdo.tn\"},\"url\":\"https:\\\/\\\/www.webdo.tn\\\/fr\\\/actualite\\\/author\\\/webdotn\\\/\"}]}<\/script>\n<!-- \/ Yoast SEO Premium plugin. -->","yoast_head_json":{"title":"Conf\u00e9rence de presse : pour l'UGTT, si Jrad est coupable, alors 1200 personnalit\u00e9s le sont aussi !","description":"Conf\u00e9rence de presse : pour l'UGTT, si Jrad est coupable, alors 1200 personnalit\u00e9s le sont aussi !","canonical":"https:\/\/www.webdo.tn\/fr\/actualite\/national\/conference-de-presse-pour-lugtt-si-jrad-est-coupable-alors-1200-personnalites-le-sont-aussi\/172457\/","og_locale":"fr_FR","og_type":"article","og_title":"Conf\u00e9rence de presse : pour l'UGTT, si Jrad est coupable, alors 1200 personnalit\u00e9s le sont aussi !","og_description":"Conf\u00e9rence de presse : pour l'UGTT, si Jrad est coupable, alors 1200 personnalit\u00e9s le sont aussi !","og_url":"https:\/\/www.webdo.tn\/fr\/actualite\/national\/conference-de-presse-pour-lugtt-si-jrad-est-coupable-alors-1200-personnalites-le-sont-aussi\/172457\/","og_site_name":"webdo","article_publisher":"https:\/\/www.facebook.com\/webdotn","article_published_time":"2011-11-16T12:36:00+00:00","author":"webdo.tn","twitter_card":"summary_large_image","twitter_creator":"@webdo_tn","twitter_site":"@webdo_tn","twitter_misc":{"\u00c9crit par":"webdo.tn","Dur\u00e9e de lecture estim\u00e9e":"2 minutes"},"schema":{"@context":"https:\/\/schema.org","@graph":[{"@type":"NewsArticle","@id":"https:\/\/www.webdo.tn\/fr\/actualite\/national\/conference-de-presse-pour-lugtt-si-jrad-est-coupable-alors-1200-personnalites-le-sont-aussi\/172457\/#article","isPartOf":{"@id":"https:\/\/www.webdo.tn\/fr\/actualite\/national\/conference-de-presse-pour-lugtt-si-jrad-est-coupable-alors-1200-personnalites-le-sont-aussi\/172457\/"},"author":{"name":"webdo.tn","@id":"https:\/\/www.webdo.tn\/fr\/#\/schema\/person\/9a9c6118d687c117df8ef3cc36a4d175"},"headline":"Conf\u00e9rence de presse : pour l&rsquo;UGTT, si Jrad est coupable, alors 1200 personnalit\u00e9s le sont aussi !","datePublished":"2011-11-16T12:36:00+00:00","mainEntityOfPage":{"@id":"https:\/\/www.webdo.tn\/fr\/actualite\/national\/conference-de-presse-pour-lugtt-si-jrad-est-coupable-alors-1200-personnalites-le-sont-aussi\/172457\/"},"wordCount":431,"commentCount":0,"publisher":{"@id":"https:\/\/www.webdo.tn\/fr\/#organization"},"image":{"@id":"https:\/\/www.webdo.tn\/fr\/actualite\/national\/conference-de-presse-pour-lugtt-si-jrad-est-coupable-alors-1200-personnalites-le-sont-aussi\/172457\/#primaryimage"},"thumbnailUrl":"https:\/\/www.webdo.tn\/fr\/wp-content\/uploads\/2025\/06\/FireShot-Capture-1063-webdo_default-53-750x375.jpg-750\u00d7375-www.webdo_.tn_.png","articleSection":["National"],"inLanguage":"fr-FR"},{"@type":"WebPage","@id":"https:\/\/www.webdo.tn\/fr\/actualite\/national\/conference-de-presse-pour-lugtt-si-jrad-est-coupable-alors-1200-personnalites-le-sont-aussi\/172457\/","url":"https:\/\/www.webdo.tn\/fr\/actualite\/national\/conference-de-presse-pour-lugtt-si-jrad-est-coupable-alors-1200-personnalites-le-sont-aussi\/172457\/","name":"Conf\u00e9rence de presse : pour l'UGTT, si Jrad est coupable, alors 1200 personnalit\u00e9s le sont aussi !","isPartOf":{"@id":"https:\/\/www.webdo.tn\/fr\/#website"},"primaryImageOfPage":{"@id":"https:\/\/www.webdo.tn\/fr\/actualite\/national\/conference-de-presse-pour-lugtt-si-jrad-est-coupable-alors-1200-personnalites-le-sont-aussi\/172457\/#primaryimage"},"image":{"@id":"https:\/\/www.webdo.tn\/fr\/actualite\/national\/conference-de-presse-pour-lugtt-si-jrad-est-coupable-alors-1200-personnalites-le-sont-aussi\/172457\/#primaryimage"},"thumbnailUrl":"https:\/\/www.webdo.tn\/fr\/wp-content\/uploads\/2025\/06\/FireShot-Capture-1063-webdo_default-53-750x375.jpg-750\u00d7375-www.webdo_.tn_.png","datePublished":"2011-11-16T12:36:00+00:00","description":"Conf\u00e9rence de presse : pour l'UGTT, si Jrad est coupable, alors 1200 personnalit\u00e9s le sont aussi !","breadcrumb":{"@id":"https:\/\/www.webdo.tn\/fr\/actualite\/national\/conference-de-presse-pour-lugtt-si-jrad-est-coupable-alors-1200-personnalites-le-sont-aussi\/172457\/#breadcrumb"},"inLanguage":"fr-FR","potentialAction":[{"@type":"ReadAction","target":["https:\/\/www.webdo.tn\/fr\/actualite\/national\/conference-de-presse-pour-lugtt-si-jrad-est-coupable-alors-1200-personnalites-le-sont-aussi\/172457\/"]}]},{"@type":"ImageObject","inLanguage":"fr-FR","@id":"https:\/\/www.webdo.tn\/fr\/actualite\/national\/conference-de-presse-pour-lugtt-si-jrad-est-coupable-alors-1200-personnalites-le-sont-aussi\/172457\/#primaryimage","url":"https:\/\/www.webdo.tn\/fr\/wp-content\/uploads\/2025\/06\/FireShot-Capture-1063-webdo_default-53-750x375.jpg-750\u00d7375-www.webdo_.tn_.png","contentUrl":"https:\/\/www.webdo.tn\/fr\/wp-content\/uploads\/2025\/06\/FireShot-Capture-1063-webdo_default-53-750x375.jpg-750\u00d7375-www.webdo_.tn_.png","width":746,"height":371},{"@type":"BreadcrumbList","@id":"https:\/\/www.webdo.tn\/fr\/actualite\/national\/conference-de-presse-pour-lugtt-si-jrad-est-coupable-alors-1200-personnalites-le-sont-aussi\/172457\/#breadcrumb","itemListElement":[{"@type":"ListItem","position":1,"name":"Accueil","item":"https:\/\/www.webdo.tn\/fr\/"},{"@type":"ListItem","position":2,"name":"Conf\u00e9rence de presse : pour l&rsquo;UGTT, si Jrad est coupable, alors 1200 personnalit\u00e9s le sont aussi !"}]},{"@type":"WebSite","@id":"https:\/\/www.webdo.tn\/fr\/#website","url":"https:\/\/www.webdo.tn\/fr\/","name":"webdo","description":"Tunisie - News en Tunisie et \u00e0 l&#039;international sur Webdo.tn","publisher":{"@id":"https:\/\/www.webdo.tn\/fr\/#organization"},"potentialAction":[{"@type":"SearchAction","target":{"@type":"EntryPoint","urlTemplate":"https:\/\/www.webdo.tn\/fr\/?s={search_term_string}"},"query-input":{"@type":"PropertyValueSpecification","valueRequired":true,"valueName":"search_term_string"}}],"inLanguage":"fr-FR"},{"@type":"Organization","@id":"https:\/\/www.webdo.tn\/fr\/#organization","name":"Webdo","alternateName":"Webdo.tn","url":"https:\/\/www.webdo.tn\/fr\/","logo":{"@type":"ImageObject","inLanguage":"fr-FR","@id":"https:\/\/www.webdo.tn\/fr\/#\/schema\/logo\/image\/","url":"https:\/\/www.webdo.tn\/fr\/wp-content\/uploads\/2025\/06\/Webdo-Tunisie_168377.jpg","contentUrl":"https:\/\/www.webdo.tn\/fr\/wp-content\/uploads\/2025\/06\/Webdo-Tunisie_168377.jpg","width":301,"height":301,"caption":"Webdo"},"image":{"@id":"https:\/\/www.webdo.tn\/fr\/#\/schema\/logo\/image\/"},"sameAs":["https:\/\/www.facebook.com\/webdotn","https:\/\/x.com\/webdo_tn"],"description":"Webdo est un m\u00e9dia num\u00e9rique tunisien fond\u00e9 en 2010, sp\u00e9cialis\u00e9 dans l\u2019actualit\u00e9 nationale et internationale, l\u2019\u00e9conomie, la soci\u00e9t\u00e9 et les analyses politiques. Le site s\u2019adresse \u00e0 un large public francophone et couvre l\u2019information tunisienne en temps r\u00e9el.","email":"redac@webdo.tn","legalName":"YNJ SARL","foundingDate":"2010-09-06","numberOfEmployees":{"@type":"QuantitativeValue","minValue":"11","maxValue":"50"}},{"@type":"Person","@id":"https:\/\/www.webdo.tn\/fr\/#\/schema\/person\/9a9c6118d687c117df8ef3cc36a4d175","name":"webdo.tn","image":{"@type":"ImageObject","inLanguage":"fr-FR","@id":"https:\/\/secure.gravatar.com\/avatar\/7ce1f28c0c3bbac99ff550b85ef8e44a6950c6ee24514fb6a5489e51d06f0298?s=96&d=mm&r=g","url":"https:\/\/secure.gravatar.com\/avatar\/7ce1f28c0c3bbac99ff550b85ef8e44a6950c6ee24514fb6a5489e51d06f0298?s=96&d=mm&r=g","contentUrl":"https:\/\/secure.gravatar.com\/avatar\/7ce1f28c0c3bbac99ff550b85ef8e44a6950c6ee24514fb6a5489e51d06f0298?s=96&d=mm&r=g","caption":"webdo.tn"},"url":"https:\/\/www.webdo.tn\/fr\/actualite\/author\/webdotn\/"}]}},"_links":{"self":[{"href":"https:\/\/www.webdo.tn\/fr\/wp-json\/wp\/v2\/posts\/172457","targetHints":{"allow":["GET"]}}],"collection":[{"href":"https:\/\/www.webdo.tn\/fr\/wp-json\/wp\/v2\/posts"}],"about":[{"href":"https:\/\/www.webdo.tn\/fr\/wp-json\/wp\/v2\/types\/post"}],"author":[{"embeddable":true,"href":"https:\/\/www.webdo.tn\/fr\/wp-json\/wp\/v2\/users\/3222"}],"replies":[{"embeddable":true,"href":"https:\/\/www.webdo.tn\/fr\/wp-json\/wp\/v2\/comments?post=172457"}],"version-history":[{"count":0,"href":"https:\/\/www.webdo.tn\/fr\/wp-json\/wp\/v2\/posts\/172457\/revisions"}],"wp:featuredmedia":[{"embeddable":true,"href":"https:\/\/www.webdo.tn\/fr\/wp-json\/wp\/v2\/media\/376290"}],"wp:attachment":[{"href":"https:\/\/www.webdo.tn\/fr\/wp-json\/wp\/v2\/media?parent=172457"}],"wp:term":[{"taxonomy":"category","embeddable":true,"href":"https:\/\/www.webdo.tn\/fr\/wp-json\/wp\/v2\/categories?post=172457"},{"taxonomy":"post_tag","embeddable":true,"href":"https:\/\/www.webdo.tn\/fr\/wp-json\/wp\/v2\/tags?post=172457"}],"curies":[{"name":"wp","href":"https:\/\/api.w.org\/{rel}","templated":true}]}}