{"id":172446,"date":"2011-11-21T14:55:00","date_gmt":"2011-11-21T14:55:00","guid":{"rendered":"https:\/\/www.webdo.tn\/fr\/blog\/la-democratie-algerienne-un-modele-pour-ghannouchi\/172446\/"},"modified":"2011-11-21T14:55:00","modified_gmt":"2011-11-21T14:55:00","slug":"la-democratie-algerienne-un-modele-pour-ghannouchi","status":"publish","type":"post","link":"https:\/\/www.webdo.tn\/fr\/actualite\/national\/la-democratie-algerienne-un-modele-pour-ghannouchi\/172446\/","title":{"rendered":"La \u00ab\u00a0d\u00e9mocratie\u00a0\u00bb alg\u00e9rienne un mod\u00e8le pour Ghannouchi ?"},"content":{"rendered":"<p>Comme nous l&rsquo;avions relat\u00e9, en fin de semaine derni\u00e8re, le leader d&rsquo;Ennahdha, Rached Ghannouchi, s&rsquo;est d\u00e9plac\u00e9 en Alg\u00e9rie, sur une invitation du pr\u00e9sident Bouteflika.<\/p>\n<p>Le quotidien alg\u00e9rien, Elkhabar, est revenu aujourd&rsquo;hui sur cette visite au cours de laquelle Ghannouchi a rencontr\u00e9 nombre de personnalit\u00e9s alg\u00e9riennes comme Abdelaziz Ziari, pr\u00e9sident de l&rsquo;Assembl\u00e9e populaire nationale (APN), ou encore Bouguerra Soltani, pr\u00e9sident du Mouvement de la soci\u00e9t\u00e9 pour la paix (MSP). Rached Ghannouchi a d\u00e9clar\u00e9 au quotidien alg\u00e9rien qu&rsquo;il aspirait \u00e0 ce que les relations tuniso-alg\u00e9riennes connaissent un d\u00e9veloppement notable qui ne peut \u00eatre que b\u00e9n\u00e9fique aux deux peuples voisins.<\/p>\n<p>Le leader d&rsquo;Ennahdha a soulign\u00e9 que sa visite entrait dans le cadre de cette d\u00e9licate et importante p\u00e9riode v\u00e9cue par la Tunisie, vu que l\u2019Alg\u00e9rie avait d\u00e9j\u00e0 une exp\u00e9rience dans le travail politique d\u00e9mocrate.<\/p>\n<p>A en croire Ghannouchi, l&rsquo;Alg\u00e9rie est donc un exemple de d\u00e9mocratie dont la Tunisie fera bien de b\u00e9n\u00e9ficier ! Des propos subjectifs pour un homme tenant la nation de l\u2019Emir Abdelkader en haute estime puisque, comme il l\u2019a d\u00e9clar\u00e9, ce fut le premier pays \u00e0 l\u2019accueillir apr\u00e8s qu\u2019il ait fuir Ben Ali et son r\u00e9gime.<\/p>\n<p>Ghannouchi a, d\u2019autre part, expliqu\u00e9, et en quelques mots, le projet d&rsquo;Ennahdha : \u00e0 savoir la cr\u00e9ation d\u2019un concept de soci\u00e9t\u00e9 bas\u00e9e sur l&rsquo;Islam, \u00e9liminant \u00ab\u00a0les pr\u00e9jug\u00e9s\u00a0\u00bb que sont le terrorisme, l&rsquo;extr\u00e9misme et le refus de la d\u00e9mocratie<\/p>\n","protected":false},"excerpt":{"rendered":"<p>La  d\u00e9mocratie  alg\u00e9rienne un mod\u00e8le pour Ghannouchi ?<\/p>\n","protected":false},"author":3222,"featured_media":333926,"comment_status":"open","ping_status":"closed","sticky":false,"template":"","format":"standard","meta":{"footnotes":""},"categories":[44],"tags":[2600],"class_list":["post-172446","post","type-post","status-publish","format-standard","has-post-thumbnail","hentry","category-national","tag-guerre"],"yoast_head":"<!-- This site is optimized with the Yoast SEO Premium plugin v27.5 (Yoast SEO v27.5) - https:\/\/yoast.com\/product\/yoast-seo-premium-wordpress\/ -->\n<title>La d\u00e9mocratie alg\u00e9rienne un mod\u00e8le pour Ghannouchi ?<\/title>\n<meta name=\"description\" content=\"La d\u00e9mocratie alg\u00e9rienne un mod\u00e8le pour Ghannouchi ?\" \/>\n<link rel=\"canonical\" href=\"https:\/\/www.webdo.tn\/fr\/actualite\/national-45\/la-democratie-algerienne-un-modele-pour-ghannouchi\/172446\/\" \/>\n<meta property=\"og:locale\" content=\"fr_FR\" \/>\n<meta property=\"og:type\" content=\"article\" \/>\n<meta property=\"og:title\" content=\"La &quot;d\u00e9mocratie&quot; alg\u00e9rienne un mod\u00e8le pour Ghannouchi ?\" \/>\n<meta property=\"og:description\" content=\"La d\u00e9mocratie alg\u00e9rienne un mod\u00e8le pour Ghannouchi ?\" \/>\n<meta property=\"og:url\" content=\"https:\/\/www.webdo.tn\/fr\/actualite\/national-45\/la-democratie-algerienne-un-modele-pour-ghannouchi\/172446\/\" \/>\n<meta property=\"og:site_name\" content=\"webdo\" \/>\n<meta property=\"article:publisher\" content=\"https:\/\/www.facebook.com\/webdotn\" \/>\n<meta property=\"article:published_time\" content=\"2011-11-21T14:55:00+00:00\" \/>\n<meta property=\"og:image\" content=\"https:\/\/www.webdo.tn\/fr\/wp-content\/uploads\/2011\/11\/Rached-Ghannouchi-et-Bouguerra-Soltani-Alger-20-11-11-photo-lexpressiondz.com_.jpg\" \/>\n\t<meta property=\"og:image:width\" content=\"280\" \/>\n\t<meta property=\"og:image:height\" content=\"196\" \/>\n\t<meta property=\"og:image:type\" content=\"image\/jpeg\" \/>\n<meta name=\"author\" content=\"webdo.tn\" \/>\n<meta name=\"twitter:card\" content=\"summary_large_image\" \/>\n<meta name=\"twitter:creator\" content=\"@webdo_tn\" \/>\n<meta name=\"twitter:site\" content=\"@webdo_tn\" \/>\n<meta name=\"twitter:label1\" content=\"\u00c9crit par\" \/>\n\t<meta name=\"twitter:data1\" content=\"webdo.tn\" \/>\n\t<meta name=\"twitter:label2\" content=\"Dur\u00e9e de lecture estim\u00e9e\" \/>\n\t<meta name=\"twitter:data2\" content=\"1 minute\" \/>\n<script type=\"application\/ld+json\" class=\"yoast-schema-graph\">{\"@context\":\"https:\\\/\\\/schema.org\",\"@graph\":[{\"@type\":\"NewsArticle\",\"@id\":\"https:\\\/\\\/www.webdo.tn\\\/fr\\\/actualite\\\/national-45\\\/la-democratie-algerienne-un-modele-pour-ghannouchi\\\/172446\\\/#article\",\"isPartOf\":{\"@id\":\"https:\\\/\\\/www.webdo.tn\\\/fr\\\/actualite\\\/national-45\\\/la-democratie-algerienne-un-modele-pour-ghannouchi\\\/172446\\\/\"},\"author\":{\"name\":\"webdo.tn\",\"@id\":\"https:\\\/\\\/www.webdo.tn\\\/fr\\\/#\\\/schema\\\/person\\\/9a9c6118d687c117df8ef3cc36a4d175\"},\"headline\":\"La \u00ab\u00a0d\u00e9mocratie\u00a0\u00bb alg\u00e9rienne un mod\u00e8le pour Ghannouchi ?\",\"datePublished\":\"2011-11-21T14:55:00+00:00\",\"mainEntityOfPage\":{\"@id\":\"https:\\\/\\\/www.webdo.tn\\\/fr\\\/actualite\\\/national-45\\\/la-democratie-algerienne-un-modele-pour-ghannouchi\\\/172446\\\/\"},\"wordCount\":285,\"commentCount\":0,\"publisher\":{\"@id\":\"https:\\\/\\\/www.webdo.tn\\\/fr\\\/#organization\"},\"image\":{\"@id\":\"https:\\\/\\\/www.webdo.tn\\\/fr\\\/actualite\\\/national-45\\\/la-democratie-algerienne-un-modele-pour-ghannouchi\\\/172446\\\/#primaryimage\"},\"thumbnailUrl\":\"https:\\\/\\\/www.webdo.tn\\\/fr\\\/wp-content\\\/uploads\\\/2011\\\/11\\\/Rached-Ghannouchi-et-Bouguerra-Soltani-Alger-20-11-11-photo-lexpressiondz.com_.jpg\",\"keywords\":[\"guerre\"],\"articleSection\":[\"National\"],\"inLanguage\":\"fr-FR\"},{\"@type\":\"WebPage\",\"@id\":\"https:\\\/\\\/www.webdo.tn\\\/fr\\\/actualite\\\/national-45\\\/la-democratie-algerienne-un-modele-pour-ghannouchi\\\/172446\\\/\",\"url\":\"https:\\\/\\\/www.webdo.tn\\\/fr\\\/actualite\\\/national-45\\\/la-democratie-algerienne-un-modele-pour-ghannouchi\\\/172446\\\/\",\"name\":\"La d\u00e9mocratie alg\u00e9rienne un mod\u00e8le pour Ghannouchi ?\",\"isPartOf\":{\"@id\":\"https:\\\/\\\/www.webdo.tn\\\/fr\\\/#website\"},\"primaryImageOfPage\":{\"@id\":\"https:\\\/\\\/www.webdo.tn\\\/fr\\\/actualite\\\/national-45\\\/la-democratie-algerienne-un-modele-pour-ghannouchi\\\/172446\\\/#primaryimage\"},\"image\":{\"@id\":\"https:\\\/\\\/www.webdo.tn\\\/fr\\\/actualite\\\/national-45\\\/la-democratie-algerienne-un-modele-pour-ghannouchi\\\/172446\\\/#primaryimage\"},\"thumbnailUrl\":\"https:\\\/\\\/www.webdo.tn\\\/fr\\\/wp-content\\\/uploads\\\/2011\\\/11\\\/Rached-Ghannouchi-et-Bouguerra-Soltani-Alger-20-11-11-photo-lexpressiondz.com_.jpg\",\"datePublished\":\"2011-11-21T14:55:00+00:00\",\"description\":\"La d\u00e9mocratie alg\u00e9rienne un mod\u00e8le pour Ghannouchi ?\",\"breadcrumb\":{\"@id\":\"https:\\\/\\\/www.webdo.tn\\\/fr\\\/actualite\\\/national-45\\\/la-democratie-algerienne-un-modele-pour-ghannouchi\\\/172446\\\/#breadcrumb\"},\"inLanguage\":\"fr-FR\",\"potentialAction\":[{\"@type\":\"ReadAction\",\"target\":[\"https:\\\/\\\/www.webdo.tn\\\/fr\\\/actualite\\\/national-45\\\/la-democratie-algerienne-un-modele-pour-ghannouchi\\\/172446\\\/\"]}]},{\"@type\":\"ImageObject\",\"inLanguage\":\"fr-FR\",\"@id\":\"https:\\\/\\\/www.webdo.tn\\\/fr\\\/actualite\\\/national-45\\\/la-democratie-algerienne-un-modele-pour-ghannouchi\\\/172446\\\/#primaryimage\",\"url\":\"https:\\\/\\\/www.webdo.tn\\\/fr\\\/wp-content\\\/uploads\\\/2011\\\/11\\\/Rached-Ghannouchi-et-Bouguerra-Soltani-Alger-20-11-11-photo-lexpressiondz.com_.jpg\",\"contentUrl\":\"https:\\\/\\\/www.webdo.tn\\\/fr\\\/wp-content\\\/uploads\\\/2011\\\/11\\\/Rached-Ghannouchi-et-Bouguerra-Soltani-Alger-20-11-11-photo-lexpressiondz.com_.jpg\",\"width\":280,\"height\":196,\"caption\":\"La \\\"d\u00e9mocratie\\\" alg\u00e9rienne un mod\u00e8le pour Ghannouchi ?\"},{\"@type\":\"BreadcrumbList\",\"@id\":\"https:\\\/\\\/www.webdo.tn\\\/fr\\\/actualite\\\/national-45\\\/la-democratie-algerienne-un-modele-pour-ghannouchi\\\/172446\\\/#breadcrumb\",\"itemListElement\":[{\"@type\":\"ListItem\",\"position\":1,\"name\":\"Accueil\",\"item\":\"https:\\\/\\\/www.webdo.tn\\\/fr\\\/\"},{\"@type\":\"ListItem\",\"position\":2,\"name\":\"La \u00ab\u00a0d\u00e9mocratie\u00a0\u00bb alg\u00e9rienne un mod\u00e8le pour Ghannouchi ?\"}]},{\"@type\":\"WebSite\",\"@id\":\"https:\\\/\\\/www.webdo.tn\\\/fr\\\/#website\",\"url\":\"https:\\\/\\\/www.webdo.tn\\\/fr\\\/\",\"name\":\"webdo\",\"description\":\"Tunisie - News en Tunisie et \u00e0 l&#039;international sur Webdo.tn\",\"publisher\":{\"@id\":\"https:\\\/\\\/www.webdo.tn\\\/fr\\\/#organization\"},\"potentialAction\":[{\"@type\":\"SearchAction\",\"target\":{\"@type\":\"EntryPoint\",\"urlTemplate\":\"https:\\\/\\\/www.webdo.tn\\\/fr\\\/?s={search_term_string}\"},\"query-input\":{\"@type\":\"PropertyValueSpecification\",\"valueRequired\":true,\"valueName\":\"search_term_string\"}}],\"inLanguage\":\"fr-FR\"},{\"@type\":\"Organization\",\"@id\":\"https:\\\/\\\/www.webdo.tn\\\/fr\\\/#organization\",\"name\":\"Webdo\",\"alternateName\":\"Webdo.tn\",\"url\":\"https:\\\/\\\/www.webdo.tn\\\/fr\\\/\",\"logo\":{\"@type\":\"ImageObject\",\"inLanguage\":\"fr-FR\",\"@id\":\"https:\\\/\\\/www.webdo.tn\\\/fr\\\/#\\\/schema\\\/logo\\\/image\\\/\",\"url\":\"https:\\\/\\\/www.webdo.tn\\\/fr\\\/wp-content\\\/uploads\\\/2025\\\/06\\\/Webdo-Tunisie_168377.jpg\",\"contentUrl\":\"https:\\\/\\\/www.webdo.tn\\\/fr\\\/wp-content\\\/uploads\\\/2025\\\/06\\\/Webdo-Tunisie_168377.jpg\",\"width\":301,\"height\":301,\"caption\":\"Webdo\"},\"image\":{\"@id\":\"https:\\\/\\\/www.webdo.tn\\\/fr\\\/#\\\/schema\\\/logo\\\/image\\\/\"},\"sameAs\":[\"https:\\\/\\\/www.facebook.com\\\/webdotn\",\"https:\\\/\\\/x.com\\\/webdo_tn\"],\"description\":\"Webdo est un m\u00e9dia num\u00e9rique tunisien fond\u00e9 en 2010, sp\u00e9cialis\u00e9 dans l\u2019actualit\u00e9 nationale et internationale, l\u2019\u00e9conomie, la soci\u00e9t\u00e9 et les analyses politiques. Le site s\u2019adresse \u00e0 un large public francophone et couvre l\u2019information tunisienne en temps r\u00e9el.\",\"email\":\"redac@webdo.tn\",\"legalName\":\"YNJ SARL\",\"foundingDate\":\"2010-09-06\",\"numberOfEmployees\":{\"@type\":\"QuantitativeValue\",\"minValue\":\"11\",\"maxValue\":\"50\"}},{\"@type\":\"Person\",\"@id\":\"https:\\\/\\\/www.webdo.tn\\\/fr\\\/#\\\/schema\\\/person\\\/9a9c6118d687c117df8ef3cc36a4d175\",\"name\":\"webdo.tn\",\"image\":{\"@type\":\"ImageObject\",\"inLanguage\":\"fr-FR\",\"@id\":\"https:\\\/\\\/secure.gravatar.com\\\/avatar\\\/7ce1f28c0c3bbac99ff550b85ef8e44a6950c6ee24514fb6a5489e51d06f0298?s=96&d=mm&r=g\",\"url\":\"https:\\\/\\\/secure.gravatar.com\\\/avatar\\\/7ce1f28c0c3bbac99ff550b85ef8e44a6950c6ee24514fb6a5489e51d06f0298?s=96&d=mm&r=g\",\"contentUrl\":\"https:\\\/\\\/secure.gravatar.com\\\/avatar\\\/7ce1f28c0c3bbac99ff550b85ef8e44a6950c6ee24514fb6a5489e51d06f0298?s=96&d=mm&r=g\",\"caption\":\"webdo.tn\"},\"url\":\"https:\\\/\\\/www.webdo.tn\\\/fr\\\/actualite\\\/author\\\/webdotn\\\/\"}]}<\/script>\n<!-- \/ Yoast SEO Premium plugin. -->","yoast_head_json":{"title":"La d\u00e9mocratie alg\u00e9rienne un mod\u00e8le pour Ghannouchi ?","description":"La d\u00e9mocratie alg\u00e9rienne un mod\u00e8le pour Ghannouchi ?","canonical":"https:\/\/www.webdo.tn\/fr\/actualite\/national-45\/la-democratie-algerienne-un-modele-pour-ghannouchi\/172446\/","og_locale":"fr_FR","og_type":"article","og_title":"La \"d\u00e9mocratie\" alg\u00e9rienne un mod\u00e8le pour Ghannouchi ?","og_description":"La d\u00e9mocratie alg\u00e9rienne un mod\u00e8le pour Ghannouchi ?","og_url":"https:\/\/www.webdo.tn\/fr\/actualite\/national-45\/la-democratie-algerienne-un-modele-pour-ghannouchi\/172446\/","og_site_name":"webdo","article_publisher":"https:\/\/www.facebook.com\/webdotn","article_published_time":"2011-11-21T14:55:00+00:00","og_image":[{"width":280,"height":196,"url":"https:\/\/www.webdo.tn\/fr\/wp-content\/uploads\/2011\/11\/Rached-Ghannouchi-et-Bouguerra-Soltani-Alger-20-11-11-photo-lexpressiondz.com_.jpg","type":"image\/jpeg"}],"author":"webdo.tn","twitter_card":"summary_large_image","twitter_creator":"@webdo_tn","twitter_site":"@webdo_tn","twitter_misc":{"\u00c9crit par":"webdo.tn","Dur\u00e9e de lecture estim\u00e9e":"1 minute"},"schema":{"@context":"https:\/\/schema.org","@graph":[{"@type":"NewsArticle","@id":"https:\/\/www.webdo.tn\/fr\/actualite\/national-45\/la-democratie-algerienne-un-modele-pour-ghannouchi\/172446\/#article","isPartOf":{"@id":"https:\/\/www.webdo.tn\/fr\/actualite\/national-45\/la-democratie-algerienne-un-modele-pour-ghannouchi\/172446\/"},"author":{"name":"webdo.tn","@id":"https:\/\/www.webdo.tn\/fr\/#\/schema\/person\/9a9c6118d687c117df8ef3cc36a4d175"},"headline":"La \u00ab\u00a0d\u00e9mocratie\u00a0\u00bb alg\u00e9rienne un mod\u00e8le pour Ghannouchi ?","datePublished":"2011-11-21T14:55:00+00:00","mainEntityOfPage":{"@id":"https:\/\/www.webdo.tn\/fr\/actualite\/national-45\/la-democratie-algerienne-un-modele-pour-ghannouchi\/172446\/"},"wordCount":285,"commentCount":0,"publisher":{"@id":"https:\/\/www.webdo.tn\/fr\/#organization"},"image":{"@id":"https:\/\/www.webdo.tn\/fr\/actualite\/national-45\/la-democratie-algerienne-un-modele-pour-ghannouchi\/172446\/#primaryimage"},"thumbnailUrl":"https:\/\/www.webdo.tn\/fr\/wp-content\/uploads\/2011\/11\/Rached-Ghannouchi-et-Bouguerra-Soltani-Alger-20-11-11-photo-lexpressiondz.com_.jpg","keywords":["guerre"],"articleSection":["National"],"inLanguage":"fr-FR"},{"@type":"WebPage","@id":"https:\/\/www.webdo.tn\/fr\/actualite\/national-45\/la-democratie-algerienne-un-modele-pour-ghannouchi\/172446\/","url":"https:\/\/www.webdo.tn\/fr\/actualite\/national-45\/la-democratie-algerienne-un-modele-pour-ghannouchi\/172446\/","name":"La d\u00e9mocratie alg\u00e9rienne un mod\u00e8le pour Ghannouchi ?","isPartOf":{"@id":"https:\/\/www.webdo.tn\/fr\/#website"},"primaryImageOfPage":{"@id":"https:\/\/www.webdo.tn\/fr\/actualite\/national-45\/la-democratie-algerienne-un-modele-pour-ghannouchi\/172446\/#primaryimage"},"image":{"@id":"https:\/\/www.webdo.tn\/fr\/actualite\/national-45\/la-democratie-algerienne-un-modele-pour-ghannouchi\/172446\/#primaryimage"},"thumbnailUrl":"https:\/\/www.webdo.tn\/fr\/wp-content\/uploads\/2011\/11\/Rached-Ghannouchi-et-Bouguerra-Soltani-Alger-20-11-11-photo-lexpressiondz.com_.jpg","datePublished":"2011-11-21T14:55:00+00:00","description":"La d\u00e9mocratie alg\u00e9rienne un mod\u00e8le pour Ghannouchi ?","breadcrumb":{"@id":"https:\/\/www.webdo.tn\/fr\/actualite\/national-45\/la-democratie-algerienne-un-modele-pour-ghannouchi\/172446\/#breadcrumb"},"inLanguage":"fr-FR","potentialAction":[{"@type":"ReadAction","target":["https:\/\/www.webdo.tn\/fr\/actualite\/national-45\/la-democratie-algerienne-un-modele-pour-ghannouchi\/172446\/"]}]},{"@type":"ImageObject","inLanguage":"fr-FR","@id":"https:\/\/www.webdo.tn\/fr\/actualite\/national-45\/la-democratie-algerienne-un-modele-pour-ghannouchi\/172446\/#primaryimage","url":"https:\/\/www.webdo.tn\/fr\/wp-content\/uploads\/2011\/11\/Rached-Ghannouchi-et-Bouguerra-Soltani-Alger-20-11-11-photo-lexpressiondz.com_.jpg","contentUrl":"https:\/\/www.webdo.tn\/fr\/wp-content\/uploads\/2011\/11\/Rached-Ghannouchi-et-Bouguerra-Soltani-Alger-20-11-11-photo-lexpressiondz.com_.jpg","width":280,"height":196,"caption":"La \"d\u00e9mocratie\" alg\u00e9rienne un mod\u00e8le pour Ghannouchi ?"},{"@type":"BreadcrumbList","@id":"https:\/\/www.webdo.tn\/fr\/actualite\/national-45\/la-democratie-algerienne-un-modele-pour-ghannouchi\/172446\/#breadcrumb","itemListElement":[{"@type":"ListItem","position":1,"name":"Accueil","item":"https:\/\/www.webdo.tn\/fr\/"},{"@type":"ListItem","position":2,"name":"La \u00ab\u00a0d\u00e9mocratie\u00a0\u00bb alg\u00e9rienne un mod\u00e8le pour Ghannouchi ?"}]},{"@type":"WebSite","@id":"https:\/\/www.webdo.tn\/fr\/#website","url":"https:\/\/www.webdo.tn\/fr\/","name":"webdo","description":"Tunisie - News en Tunisie et \u00e0 l&#039;international sur Webdo.tn","publisher":{"@id":"https:\/\/www.webdo.tn\/fr\/#organization"},"potentialAction":[{"@type":"SearchAction","target":{"@type":"EntryPoint","urlTemplate":"https:\/\/www.webdo.tn\/fr\/?s={search_term_string}"},"query-input":{"@type":"PropertyValueSpecification","valueRequired":true,"valueName":"search_term_string"}}],"inLanguage":"fr-FR"},{"@type":"Organization","@id":"https:\/\/www.webdo.tn\/fr\/#organization","name":"Webdo","alternateName":"Webdo.tn","url":"https:\/\/www.webdo.tn\/fr\/","logo":{"@type":"ImageObject","inLanguage":"fr-FR","@id":"https:\/\/www.webdo.tn\/fr\/#\/schema\/logo\/image\/","url":"https:\/\/www.webdo.tn\/fr\/wp-content\/uploads\/2025\/06\/Webdo-Tunisie_168377.jpg","contentUrl":"https:\/\/www.webdo.tn\/fr\/wp-content\/uploads\/2025\/06\/Webdo-Tunisie_168377.jpg","width":301,"height":301,"caption":"Webdo"},"image":{"@id":"https:\/\/www.webdo.tn\/fr\/#\/schema\/logo\/image\/"},"sameAs":["https:\/\/www.facebook.com\/webdotn","https:\/\/x.com\/webdo_tn"],"description":"Webdo est un m\u00e9dia num\u00e9rique tunisien fond\u00e9 en 2010, sp\u00e9cialis\u00e9 dans l\u2019actualit\u00e9 nationale et internationale, l\u2019\u00e9conomie, la soci\u00e9t\u00e9 et les analyses politiques. Le site s\u2019adresse \u00e0 un large public francophone et couvre l\u2019information tunisienne en temps r\u00e9el.","email":"redac@webdo.tn","legalName":"YNJ SARL","foundingDate":"2010-09-06","numberOfEmployees":{"@type":"QuantitativeValue","minValue":"11","maxValue":"50"}},{"@type":"Person","@id":"https:\/\/www.webdo.tn\/fr\/#\/schema\/person\/9a9c6118d687c117df8ef3cc36a4d175","name":"webdo.tn","image":{"@type":"ImageObject","inLanguage":"fr-FR","@id":"https:\/\/secure.gravatar.com\/avatar\/7ce1f28c0c3bbac99ff550b85ef8e44a6950c6ee24514fb6a5489e51d06f0298?s=96&d=mm&r=g","url":"https:\/\/secure.gravatar.com\/avatar\/7ce1f28c0c3bbac99ff550b85ef8e44a6950c6ee24514fb6a5489e51d06f0298?s=96&d=mm&r=g","contentUrl":"https:\/\/secure.gravatar.com\/avatar\/7ce1f28c0c3bbac99ff550b85ef8e44a6950c6ee24514fb6a5489e51d06f0298?s=96&d=mm&r=g","caption":"webdo.tn"},"url":"https:\/\/www.webdo.tn\/fr\/actualite\/author\/webdotn\/"}]}},"_links":{"self":[{"href":"https:\/\/www.webdo.tn\/fr\/wp-json\/wp\/v2\/posts\/172446","targetHints":{"allow":["GET"]}}],"collection":[{"href":"https:\/\/www.webdo.tn\/fr\/wp-json\/wp\/v2\/posts"}],"about":[{"href":"https:\/\/www.webdo.tn\/fr\/wp-json\/wp\/v2\/types\/post"}],"author":[{"embeddable":true,"href":"https:\/\/www.webdo.tn\/fr\/wp-json\/wp\/v2\/users\/3222"}],"replies":[{"embeddable":true,"href":"https:\/\/www.webdo.tn\/fr\/wp-json\/wp\/v2\/comments?post=172446"}],"version-history":[{"count":0,"href":"https:\/\/www.webdo.tn\/fr\/wp-json\/wp\/v2\/posts\/172446\/revisions"}],"wp:featuredmedia":[{"embeddable":true,"href":"https:\/\/www.webdo.tn\/fr\/wp-json\/wp\/v2\/media\/333926"}],"wp:attachment":[{"href":"https:\/\/www.webdo.tn\/fr\/wp-json\/wp\/v2\/media?parent=172446"}],"wp:term":[{"taxonomy":"category","embeddable":true,"href":"https:\/\/www.webdo.tn\/fr\/wp-json\/wp\/v2\/categories?post=172446"},{"taxonomy":"post_tag","embeddable":true,"href":"https:\/\/www.webdo.tn\/fr\/wp-json\/wp\/v2\/tags?post=172446"}],"curies":[{"name":"wp","href":"https:\/\/api.w.org\/{rel}","templated":true}]}}