{"id":172422,"date":"2011-11-29T15:15:00","date_gmt":"2011-11-29T15:15:00","guid":{"rendered":"https:\/\/www.webdo.tn\/fr\/blog\/en-attendant-une-loi-pour-legaliser-le-niqab-dans-les-universites\/172422\/"},"modified":"2011-11-29T15:15:00","modified_gmt":"2011-11-29T15:15:00","slug":"en-attendant-une-loi-pour-legaliser-le-niqab-dans-les-universites","status":"publish","type":"post","link":"https:\/\/www.webdo.tn\/fr\/actualite\/national\/en-attendant-une-loi-pour-legaliser-le-niqab-dans-les-universites\/172422\/","title":{"rendered":"En attendant une \u00ab\u00a0loi\u00a0\u00bb pour l\u00e9galiser le niqab dans les universit\u00e9s ?!"},"content":{"rendered":"<p>L\u2019incursion des salafistes dans l\u2019enceinte de la facult\u00e9 des Lettres de Manouba a relanc\u00e9 le d\u00e9bat sur le port du niqab. Ces \u00e9tudiants salafistes, certes minoritaires, mais renforc\u00e9s par des \u00e9l\u00e9ments venus de l\u2019ext\u00e9rieur, ont bloqu\u00e9 toutes les activit\u00e9s de la facult\u00e9, \u00e9tudiants et professeurs r\u00e9unis.<\/p>\n<p>Selon eux, la nouvelle donne politique donne le droit \u00e0 chacun de s\u2019habiller comme il l\u2019entend, de porter le niqab et d\u2019avoir une salle de pri\u00e8re dans l\u2019enceinte de la facult\u00e9. Ils contestent toute interdiction allant \u00e0 l\u2019encontre du port du niqab principalement.<\/p>\n<p>Et pourtant, le minist\u00e8re de l\u2019Enseignement sup\u00e9rieur a d\u00e9j\u00e0 exprim\u00e9 sa position par rapport \u00e0 ce point de friction entre les enseignants et certaines \u00e9tudiantes portant le niqab et tenant co\u00fbte que co\u00fbte \u00e0 passer les examens sous leur voile. Il interdit le port du niqab aux \u00e9l\u00e8ves, \u00e9tudiants, enseignants et fonctionnaires de tous les \u00e9tablissements scolaires et universitaires et rappelle \u00e9galement que les \u00e9tudiants sont tenus de d\u00e9cliner leur identit\u00e9 \u00e0 l&rsquo;entr\u00e9e des \u00e9tablissements.<\/p>\n<p>La position du minist\u00e8re est claire et pr\u00e9cise\u2026 Mais ce n\u2019est pas exactement l\u2019avis de M. Noureddine Bhiri, membre du bureau politique d\u2019Ennahdha, qui estime que la pol\u00e9mique n\u2019a pas lieu d\u2019\u00eatre.<\/p>\n<p>Selon M. Bhiri \u00abEnnahdha est pour le respect des libert\u00e9s individuelles, contre la violence et surtout contre toute obligation concernant le port impos\u00e9 ou non du voile, et que dans ce cas de figure, seul le dialogue entre les deux parties pourra instaurer des solutions\u00bb.<\/p>\n<p>\u00abCertains veulent r\u00e9p\u00e9ter le sc\u00e9nario de la guerre contre le port du voile dont la pays a longtemps souffert. Avant le 14 Janvier, cette interdiction \u00e9tait une cause d\u2019injustice et une source de tension au sein de la soci\u00e9t\u00e9 tunisienne. On appliquait la circulaire 108 alors que cette circulaire n\u2019a plus valeur d\u2019\u00eatre aujourd\u2019hui\u00bb.<\/p>\n<p>Se d\u00e9cr\u00e9tant en faveur des libert\u00e9s individuelles, M. Bhiri se contredit toutefois lorsqu\u2019il pr\u00e9cise qu\u2019\u00abil faut que chaque directeur d\u2019\u00e9tablissement prenne les d\u00e9cisions en se r\u00e9f\u00e9rant au minist\u00e8re dont il d\u00e9pend\u00bb. \u00c9tant donn\u00e9 que le minist\u00e8re de l\u2019Enseignement sup\u00e9rieur, premier concern\u00e9 par cette affaire, a \u00e9t\u00e9 clair sur sa position, on se demande pourquoi M. Bhiri s\u2019est d\u00e9sengag\u00e9 de cette position et en a adopt\u00e9 une plus \u00ab\u00a0lib\u00e9rale\u00a0\u00bb.<\/p>\n<p>M. Bhiri conseille d\u2019ailleurs aux universit\u00e9s de trouver elles-m\u00eames des solutions m\u00e9dianes afin de traverser cette p\u00e9riode de transition d\u00e9licate dans les meilleures conditions sachant que l\u2019ancien gouvernement n\u2019a pas encore mat\u00e9riellement quitt\u00e9 ses fonctions.<\/p>\n","protected":false},"excerpt":{"rendered":"<p>En attendant une  loi  pour l\u00e9galiser le niqab dans les universit\u00e9s ?!<\/p>\n","protected":false},"author":3222,"featured_media":333902,"comment_status":"open","ping_status":"closed","sticky":false,"template":"","format":"standard","meta":{"footnotes":""},"categories":[44],"tags":[2600],"class_list":["post-172422","post","type-post","status-publish","format-standard","has-post-thumbnail","hentry","category-national","tag-guerre"],"yoast_head":"<!-- This site is optimized with the Yoast SEO Premium plugin v27.5 (Yoast SEO v27.5) - https:\/\/yoast.com\/product\/yoast-seo-premium-wordpress\/ -->\n<title>En attendant une loi pour l\u00e9galiser le niqab dans les universit\u00e9s ?!<\/title>\n<meta name=\"description\" content=\"En attendant une loi pour l\u00e9galiser le niqab dans les universit\u00e9s ?!\" \/>\n<link rel=\"canonical\" href=\"https:\/\/www.webdo.tn\/fr\/actualite\/national-45\/en-attendant-une-loi-pour-legaliser-le-niqab-dans-les-universites\/172422\/\" \/>\n<meta property=\"og:locale\" content=\"fr_FR\" \/>\n<meta property=\"og:type\" content=\"article\" \/>\n<meta property=\"og:title\" content=\"En attendant une &quot;loi&quot; pour l\u00e9galiser le niqab dans les universit\u00e9s ?!\" \/>\n<meta property=\"og:description\" content=\"En attendant une loi pour l\u00e9galiser le niqab dans les universit\u00e9s ?!\" \/>\n<meta property=\"og:url\" content=\"https:\/\/www.webdo.tn\/fr\/actualite\/national-45\/en-attendant-une-loi-pour-legaliser-le-niqab-dans-les-universites\/172422\/\" \/>\n<meta property=\"og:site_name\" content=\"webdo\" \/>\n<meta property=\"article:publisher\" content=\"https:\/\/www.facebook.com\/webdotn\" \/>\n<meta property=\"article:published_time\" content=\"2011-11-29T15:15:00+00:00\" \/>\n<meta property=\"og:image\" content=\"https:\/\/www.webdo.tn\/fr\/wp-content\/uploads\/2011\/11\/Niqab.jpg\" \/>\n\t<meta property=\"og:image:width\" content=\"251\" \/>\n\t<meta property=\"og:image:height\" content=\"200\" \/>\n\t<meta property=\"og:image:type\" content=\"image\/jpeg\" \/>\n<meta name=\"author\" content=\"webdo.tn\" \/>\n<meta name=\"twitter:card\" content=\"summary_large_image\" \/>\n<meta name=\"twitter:creator\" content=\"@webdo_tn\" \/>\n<meta name=\"twitter:site\" content=\"@webdo_tn\" \/>\n<meta name=\"twitter:label1\" content=\"\u00c9crit par\" \/>\n\t<meta name=\"twitter:data1\" content=\"webdo.tn\" \/>\n\t<meta name=\"twitter:label2\" content=\"Dur\u00e9e de lecture estim\u00e9e\" \/>\n\t<meta name=\"twitter:data2\" content=\"2 minutes\" \/>\n<script type=\"application\/ld+json\" class=\"yoast-schema-graph\">{\"@context\":\"https:\\\/\\\/schema.org\",\"@graph\":[{\"@type\":\"NewsArticle\",\"@id\":\"https:\\\/\\\/www.webdo.tn\\\/fr\\\/actualite\\\/national-45\\\/en-attendant-une-loi-pour-legaliser-le-niqab-dans-les-universites\\\/172422\\\/#article\",\"isPartOf\":{\"@id\":\"https:\\\/\\\/www.webdo.tn\\\/fr\\\/actualite\\\/national-45\\\/en-attendant-une-loi-pour-legaliser-le-niqab-dans-les-universites\\\/172422\\\/\"},\"author\":{\"name\":\"webdo.tn\",\"@id\":\"https:\\\/\\\/www.webdo.tn\\\/fr\\\/#\\\/schema\\\/person\\\/9a9c6118d687c117df8ef3cc36a4d175\"},\"headline\":\"En attendant une \u00ab\u00a0loi\u00a0\u00bb pour l\u00e9galiser le niqab dans les universit\u00e9s ?!\",\"datePublished\":\"2011-11-29T15:15:00+00:00\",\"mainEntityOfPage\":{\"@id\":\"https:\\\/\\\/www.webdo.tn\\\/fr\\\/actualite\\\/national-45\\\/en-attendant-une-loi-pour-legaliser-le-niqab-dans-les-universites\\\/172422\\\/\"},\"wordCount\":473,\"commentCount\":0,\"publisher\":{\"@id\":\"https:\\\/\\\/www.webdo.tn\\\/fr\\\/#organization\"},\"image\":{\"@id\":\"https:\\\/\\\/www.webdo.tn\\\/fr\\\/actualite\\\/national-45\\\/en-attendant-une-loi-pour-legaliser-le-niqab-dans-les-universites\\\/172422\\\/#primaryimage\"},\"thumbnailUrl\":\"https:\\\/\\\/www.webdo.tn\\\/fr\\\/wp-content\\\/uploads\\\/2011\\\/11\\\/Niqab.jpg\",\"keywords\":[\"guerre\"],\"articleSection\":[\"National\"],\"inLanguage\":\"fr-FR\"},{\"@type\":\"WebPage\",\"@id\":\"https:\\\/\\\/www.webdo.tn\\\/fr\\\/actualite\\\/national-45\\\/en-attendant-une-loi-pour-legaliser-le-niqab-dans-les-universites\\\/172422\\\/\",\"url\":\"https:\\\/\\\/www.webdo.tn\\\/fr\\\/actualite\\\/national-45\\\/en-attendant-une-loi-pour-legaliser-le-niqab-dans-les-universites\\\/172422\\\/\",\"name\":\"En attendant une loi pour l\u00e9galiser le niqab dans les universit\u00e9s ?!\",\"isPartOf\":{\"@id\":\"https:\\\/\\\/www.webdo.tn\\\/fr\\\/#website\"},\"primaryImageOfPage\":{\"@id\":\"https:\\\/\\\/www.webdo.tn\\\/fr\\\/actualite\\\/national-45\\\/en-attendant-une-loi-pour-legaliser-le-niqab-dans-les-universites\\\/172422\\\/#primaryimage\"},\"image\":{\"@id\":\"https:\\\/\\\/www.webdo.tn\\\/fr\\\/actualite\\\/national-45\\\/en-attendant-une-loi-pour-legaliser-le-niqab-dans-les-universites\\\/172422\\\/#primaryimage\"},\"thumbnailUrl\":\"https:\\\/\\\/www.webdo.tn\\\/fr\\\/wp-content\\\/uploads\\\/2011\\\/11\\\/Niqab.jpg\",\"datePublished\":\"2011-11-29T15:15:00+00:00\",\"description\":\"En attendant une loi pour l\u00e9galiser le niqab dans les universit\u00e9s ?!\",\"breadcrumb\":{\"@id\":\"https:\\\/\\\/www.webdo.tn\\\/fr\\\/actualite\\\/national-45\\\/en-attendant-une-loi-pour-legaliser-le-niqab-dans-les-universites\\\/172422\\\/#breadcrumb\"},\"inLanguage\":\"fr-FR\",\"potentialAction\":[{\"@type\":\"ReadAction\",\"target\":[\"https:\\\/\\\/www.webdo.tn\\\/fr\\\/actualite\\\/national-45\\\/en-attendant-une-loi-pour-legaliser-le-niqab-dans-les-universites\\\/172422\\\/\"]}]},{\"@type\":\"ImageObject\",\"inLanguage\":\"fr-FR\",\"@id\":\"https:\\\/\\\/www.webdo.tn\\\/fr\\\/actualite\\\/national-45\\\/en-attendant-une-loi-pour-legaliser-le-niqab-dans-les-universites\\\/172422\\\/#primaryimage\",\"url\":\"https:\\\/\\\/www.webdo.tn\\\/fr\\\/wp-content\\\/uploads\\\/2011\\\/11\\\/Niqab.jpg\",\"contentUrl\":\"https:\\\/\\\/www.webdo.tn\\\/fr\\\/wp-content\\\/uploads\\\/2011\\\/11\\\/Niqab.jpg\",\"width\":251,\"height\":200,\"caption\":\"En attendant une \\\"loi\\\" pour l\u00e9galiser le niqab dans les universit\u00e9s ?!\"},{\"@type\":\"BreadcrumbList\",\"@id\":\"https:\\\/\\\/www.webdo.tn\\\/fr\\\/actualite\\\/national-45\\\/en-attendant-une-loi-pour-legaliser-le-niqab-dans-les-universites\\\/172422\\\/#breadcrumb\",\"itemListElement\":[{\"@type\":\"ListItem\",\"position\":1,\"name\":\"Accueil\",\"item\":\"https:\\\/\\\/www.webdo.tn\\\/fr\\\/\"},{\"@type\":\"ListItem\",\"position\":2,\"name\":\"En attendant une \u00ab\u00a0loi\u00a0\u00bb pour l\u00e9galiser le niqab dans les universit\u00e9s ?!\"}]},{\"@type\":\"WebSite\",\"@id\":\"https:\\\/\\\/www.webdo.tn\\\/fr\\\/#website\",\"url\":\"https:\\\/\\\/www.webdo.tn\\\/fr\\\/\",\"name\":\"webdo\",\"description\":\"Tunisie - News en Tunisie et \u00e0 l&#039;international sur Webdo.tn\",\"publisher\":{\"@id\":\"https:\\\/\\\/www.webdo.tn\\\/fr\\\/#organization\"},\"potentialAction\":[{\"@type\":\"SearchAction\",\"target\":{\"@type\":\"EntryPoint\",\"urlTemplate\":\"https:\\\/\\\/www.webdo.tn\\\/fr\\\/?s={search_term_string}\"},\"query-input\":{\"@type\":\"PropertyValueSpecification\",\"valueRequired\":true,\"valueName\":\"search_term_string\"}}],\"inLanguage\":\"fr-FR\"},{\"@type\":\"Organization\",\"@id\":\"https:\\\/\\\/www.webdo.tn\\\/fr\\\/#organization\",\"name\":\"Webdo\",\"alternateName\":\"Webdo.tn\",\"url\":\"https:\\\/\\\/www.webdo.tn\\\/fr\\\/\",\"logo\":{\"@type\":\"ImageObject\",\"inLanguage\":\"fr-FR\",\"@id\":\"https:\\\/\\\/www.webdo.tn\\\/fr\\\/#\\\/schema\\\/logo\\\/image\\\/\",\"url\":\"https:\\\/\\\/www.webdo.tn\\\/fr\\\/wp-content\\\/uploads\\\/2025\\\/06\\\/Webdo-Tunisie_168377.jpg\",\"contentUrl\":\"https:\\\/\\\/www.webdo.tn\\\/fr\\\/wp-content\\\/uploads\\\/2025\\\/06\\\/Webdo-Tunisie_168377.jpg\",\"width\":301,\"height\":301,\"caption\":\"Webdo\"},\"image\":{\"@id\":\"https:\\\/\\\/www.webdo.tn\\\/fr\\\/#\\\/schema\\\/logo\\\/image\\\/\"},\"sameAs\":[\"https:\\\/\\\/www.facebook.com\\\/webdotn\",\"https:\\\/\\\/x.com\\\/webdo_tn\"],\"description\":\"Webdo est un m\u00e9dia num\u00e9rique tunisien fond\u00e9 en 2010, sp\u00e9cialis\u00e9 dans l\u2019actualit\u00e9 nationale et internationale, l\u2019\u00e9conomie, la soci\u00e9t\u00e9 et les analyses politiques. Le site s\u2019adresse \u00e0 un large public francophone et couvre l\u2019information tunisienne en temps r\u00e9el.\",\"email\":\"redac@webdo.tn\",\"legalName\":\"YNJ SARL\",\"foundingDate\":\"2010-09-06\",\"numberOfEmployees\":{\"@type\":\"QuantitativeValue\",\"minValue\":\"11\",\"maxValue\":\"50\"}},{\"@type\":\"Person\",\"@id\":\"https:\\\/\\\/www.webdo.tn\\\/fr\\\/#\\\/schema\\\/person\\\/9a9c6118d687c117df8ef3cc36a4d175\",\"name\":\"webdo.tn\",\"image\":{\"@type\":\"ImageObject\",\"inLanguage\":\"fr-FR\",\"@id\":\"https:\\\/\\\/secure.gravatar.com\\\/avatar\\\/7ce1f28c0c3bbac99ff550b85ef8e44a6950c6ee24514fb6a5489e51d06f0298?s=96&d=mm&r=g\",\"url\":\"https:\\\/\\\/secure.gravatar.com\\\/avatar\\\/7ce1f28c0c3bbac99ff550b85ef8e44a6950c6ee24514fb6a5489e51d06f0298?s=96&d=mm&r=g\",\"contentUrl\":\"https:\\\/\\\/secure.gravatar.com\\\/avatar\\\/7ce1f28c0c3bbac99ff550b85ef8e44a6950c6ee24514fb6a5489e51d06f0298?s=96&d=mm&r=g\",\"caption\":\"webdo.tn\"},\"url\":\"https:\\\/\\\/www.webdo.tn\\\/fr\\\/actualite\\\/author\\\/webdotn\\\/\"}]}<\/script>\n<!-- \/ Yoast SEO Premium plugin. -->","yoast_head_json":{"title":"En attendant une loi pour l\u00e9galiser le niqab dans les universit\u00e9s ?!","description":"En attendant une loi pour l\u00e9galiser le niqab dans les universit\u00e9s ?!","canonical":"https:\/\/www.webdo.tn\/fr\/actualite\/national-45\/en-attendant-une-loi-pour-legaliser-le-niqab-dans-les-universites\/172422\/","og_locale":"fr_FR","og_type":"article","og_title":"En attendant une \"loi\" pour l\u00e9galiser le niqab dans les universit\u00e9s ?!","og_description":"En attendant une loi pour l\u00e9galiser le niqab dans les universit\u00e9s ?!","og_url":"https:\/\/www.webdo.tn\/fr\/actualite\/national-45\/en-attendant-une-loi-pour-legaliser-le-niqab-dans-les-universites\/172422\/","og_site_name":"webdo","article_publisher":"https:\/\/www.facebook.com\/webdotn","article_published_time":"2011-11-29T15:15:00+00:00","og_image":[{"width":251,"height":200,"url":"https:\/\/www.webdo.tn\/fr\/wp-content\/uploads\/2011\/11\/Niqab.jpg","type":"image\/jpeg"}],"author":"webdo.tn","twitter_card":"summary_large_image","twitter_creator":"@webdo_tn","twitter_site":"@webdo_tn","twitter_misc":{"\u00c9crit par":"webdo.tn","Dur\u00e9e de lecture estim\u00e9e":"2 minutes"},"schema":{"@context":"https:\/\/schema.org","@graph":[{"@type":"NewsArticle","@id":"https:\/\/www.webdo.tn\/fr\/actualite\/national-45\/en-attendant-une-loi-pour-legaliser-le-niqab-dans-les-universites\/172422\/#article","isPartOf":{"@id":"https:\/\/www.webdo.tn\/fr\/actualite\/national-45\/en-attendant-une-loi-pour-legaliser-le-niqab-dans-les-universites\/172422\/"},"author":{"name":"webdo.tn","@id":"https:\/\/www.webdo.tn\/fr\/#\/schema\/person\/9a9c6118d687c117df8ef3cc36a4d175"},"headline":"En attendant une \u00ab\u00a0loi\u00a0\u00bb pour l\u00e9galiser le niqab dans les universit\u00e9s ?!","datePublished":"2011-11-29T15:15:00+00:00","mainEntityOfPage":{"@id":"https:\/\/www.webdo.tn\/fr\/actualite\/national-45\/en-attendant-une-loi-pour-legaliser-le-niqab-dans-les-universites\/172422\/"},"wordCount":473,"commentCount":0,"publisher":{"@id":"https:\/\/www.webdo.tn\/fr\/#organization"},"image":{"@id":"https:\/\/www.webdo.tn\/fr\/actualite\/national-45\/en-attendant-une-loi-pour-legaliser-le-niqab-dans-les-universites\/172422\/#primaryimage"},"thumbnailUrl":"https:\/\/www.webdo.tn\/fr\/wp-content\/uploads\/2011\/11\/Niqab.jpg","keywords":["guerre"],"articleSection":["National"],"inLanguage":"fr-FR"},{"@type":"WebPage","@id":"https:\/\/www.webdo.tn\/fr\/actualite\/national-45\/en-attendant-une-loi-pour-legaliser-le-niqab-dans-les-universites\/172422\/","url":"https:\/\/www.webdo.tn\/fr\/actualite\/national-45\/en-attendant-une-loi-pour-legaliser-le-niqab-dans-les-universites\/172422\/","name":"En attendant une loi pour l\u00e9galiser le niqab dans les universit\u00e9s ?!","isPartOf":{"@id":"https:\/\/www.webdo.tn\/fr\/#website"},"primaryImageOfPage":{"@id":"https:\/\/www.webdo.tn\/fr\/actualite\/national-45\/en-attendant-une-loi-pour-legaliser-le-niqab-dans-les-universites\/172422\/#primaryimage"},"image":{"@id":"https:\/\/www.webdo.tn\/fr\/actualite\/national-45\/en-attendant-une-loi-pour-legaliser-le-niqab-dans-les-universites\/172422\/#primaryimage"},"thumbnailUrl":"https:\/\/www.webdo.tn\/fr\/wp-content\/uploads\/2011\/11\/Niqab.jpg","datePublished":"2011-11-29T15:15:00+00:00","description":"En attendant une loi pour l\u00e9galiser le niqab dans les universit\u00e9s ?!","breadcrumb":{"@id":"https:\/\/www.webdo.tn\/fr\/actualite\/national-45\/en-attendant-une-loi-pour-legaliser-le-niqab-dans-les-universites\/172422\/#breadcrumb"},"inLanguage":"fr-FR","potentialAction":[{"@type":"ReadAction","target":["https:\/\/www.webdo.tn\/fr\/actualite\/national-45\/en-attendant-une-loi-pour-legaliser-le-niqab-dans-les-universites\/172422\/"]}]},{"@type":"ImageObject","inLanguage":"fr-FR","@id":"https:\/\/www.webdo.tn\/fr\/actualite\/national-45\/en-attendant-une-loi-pour-legaliser-le-niqab-dans-les-universites\/172422\/#primaryimage","url":"https:\/\/www.webdo.tn\/fr\/wp-content\/uploads\/2011\/11\/Niqab.jpg","contentUrl":"https:\/\/www.webdo.tn\/fr\/wp-content\/uploads\/2011\/11\/Niqab.jpg","width":251,"height":200,"caption":"En attendant une \"loi\" pour l\u00e9galiser le niqab dans les universit\u00e9s ?!"},{"@type":"BreadcrumbList","@id":"https:\/\/www.webdo.tn\/fr\/actualite\/national-45\/en-attendant-une-loi-pour-legaliser-le-niqab-dans-les-universites\/172422\/#breadcrumb","itemListElement":[{"@type":"ListItem","position":1,"name":"Accueil","item":"https:\/\/www.webdo.tn\/fr\/"},{"@type":"ListItem","position":2,"name":"En attendant une \u00ab\u00a0loi\u00a0\u00bb pour l\u00e9galiser le niqab dans les universit\u00e9s ?!"}]},{"@type":"WebSite","@id":"https:\/\/www.webdo.tn\/fr\/#website","url":"https:\/\/www.webdo.tn\/fr\/","name":"webdo","description":"Tunisie - News en Tunisie et \u00e0 l&#039;international sur Webdo.tn","publisher":{"@id":"https:\/\/www.webdo.tn\/fr\/#organization"},"potentialAction":[{"@type":"SearchAction","target":{"@type":"EntryPoint","urlTemplate":"https:\/\/www.webdo.tn\/fr\/?s={search_term_string}"},"query-input":{"@type":"PropertyValueSpecification","valueRequired":true,"valueName":"search_term_string"}}],"inLanguage":"fr-FR"},{"@type":"Organization","@id":"https:\/\/www.webdo.tn\/fr\/#organization","name":"Webdo","alternateName":"Webdo.tn","url":"https:\/\/www.webdo.tn\/fr\/","logo":{"@type":"ImageObject","inLanguage":"fr-FR","@id":"https:\/\/www.webdo.tn\/fr\/#\/schema\/logo\/image\/","url":"https:\/\/www.webdo.tn\/fr\/wp-content\/uploads\/2025\/06\/Webdo-Tunisie_168377.jpg","contentUrl":"https:\/\/www.webdo.tn\/fr\/wp-content\/uploads\/2025\/06\/Webdo-Tunisie_168377.jpg","width":301,"height":301,"caption":"Webdo"},"image":{"@id":"https:\/\/www.webdo.tn\/fr\/#\/schema\/logo\/image\/"},"sameAs":["https:\/\/www.facebook.com\/webdotn","https:\/\/x.com\/webdo_tn"],"description":"Webdo est un m\u00e9dia num\u00e9rique tunisien fond\u00e9 en 2010, sp\u00e9cialis\u00e9 dans l\u2019actualit\u00e9 nationale et internationale, l\u2019\u00e9conomie, la soci\u00e9t\u00e9 et les analyses politiques. Le site s\u2019adresse \u00e0 un large public francophone et couvre l\u2019information tunisienne en temps r\u00e9el.","email":"redac@webdo.tn","legalName":"YNJ SARL","foundingDate":"2010-09-06","numberOfEmployees":{"@type":"QuantitativeValue","minValue":"11","maxValue":"50"}},{"@type":"Person","@id":"https:\/\/www.webdo.tn\/fr\/#\/schema\/person\/9a9c6118d687c117df8ef3cc36a4d175","name":"webdo.tn","image":{"@type":"ImageObject","inLanguage":"fr-FR","@id":"https:\/\/secure.gravatar.com\/avatar\/7ce1f28c0c3bbac99ff550b85ef8e44a6950c6ee24514fb6a5489e51d06f0298?s=96&d=mm&r=g","url":"https:\/\/secure.gravatar.com\/avatar\/7ce1f28c0c3bbac99ff550b85ef8e44a6950c6ee24514fb6a5489e51d06f0298?s=96&d=mm&r=g","contentUrl":"https:\/\/secure.gravatar.com\/avatar\/7ce1f28c0c3bbac99ff550b85ef8e44a6950c6ee24514fb6a5489e51d06f0298?s=96&d=mm&r=g","caption":"webdo.tn"},"url":"https:\/\/www.webdo.tn\/fr\/actualite\/author\/webdotn\/"}]}},"_links":{"self":[{"href":"https:\/\/www.webdo.tn\/fr\/wp-json\/wp\/v2\/posts\/172422","targetHints":{"allow":["GET"]}}],"collection":[{"href":"https:\/\/www.webdo.tn\/fr\/wp-json\/wp\/v2\/posts"}],"about":[{"href":"https:\/\/www.webdo.tn\/fr\/wp-json\/wp\/v2\/types\/post"}],"author":[{"embeddable":true,"href":"https:\/\/www.webdo.tn\/fr\/wp-json\/wp\/v2\/users\/3222"}],"replies":[{"embeddable":true,"href":"https:\/\/www.webdo.tn\/fr\/wp-json\/wp\/v2\/comments?post=172422"}],"version-history":[{"count":0,"href":"https:\/\/www.webdo.tn\/fr\/wp-json\/wp\/v2\/posts\/172422\/revisions"}],"wp:featuredmedia":[{"embeddable":true,"href":"https:\/\/www.webdo.tn\/fr\/wp-json\/wp\/v2\/media\/333902"}],"wp:attachment":[{"href":"https:\/\/www.webdo.tn\/fr\/wp-json\/wp\/v2\/media?parent=172422"}],"wp:term":[{"taxonomy":"category","embeddable":true,"href":"https:\/\/www.webdo.tn\/fr\/wp-json\/wp\/v2\/categories?post=172422"},{"taxonomy":"post_tag","embeddable":true,"href":"https:\/\/www.webdo.tn\/fr\/wp-json\/wp\/v2\/tags?post=172422"}],"curies":[{"name":"wp","href":"https:\/\/api.w.org\/{rel}","templated":true}]}}