{"id":172420,"date":"2011-11-29T19:21:00","date_gmt":"2011-11-29T19:21:00","guid":{"rendered":"https:\/\/www.webdo.tn\/fr\/blog\/faculte-des-lettres-de-manouba-poursuite-du-sit-in-des-salafistes\/172420\/"},"modified":"2011-11-29T19:21:00","modified_gmt":"2011-11-29T19:21:00","slug":"faculte-des-lettres-de-manouba-poursuite-du-sit-in-des-salafistes","status":"publish","type":"post","link":"https:\/\/www.webdo.tn\/fr\/actualite\/national\/faculte-des-lettres-de-manouba-poursuite-du-sit-in-des-salafistes\/172420\/","title":{"rendered":"Facult\u00e9 des lettres de Manouba\u00a0: poursuite du sit in des salafistes"},"content":{"rendered":"<p>La nuit fut longue hier pour le doyen de la facult\u00e9 des Lettres de Manouba qui n\u2019a pu sortir de son bureau que vers 2 heures du matin. Si cela ne ressemble pas \u00e0 une s\u00e9questration\u2026\u00a0! En fin d\u2019apr\u00e8s midi, il a tent\u00e9 d\u2019instaurer un dialogue avec quelques \u00e9l\u00e9ments du groupe contestataire afin de trouver une solution au climat de tension. Mais c\u2019\u00e9tait peine perdue. Plusieurs enseignants, des hommes et des femmes de la soci\u00e9t\u00e9 civile sont venus apporter dans la soir\u00e9e leur soutien au doyen.<\/p>\n<p>Ce matin, les occupants de l\u2019administration se sont install\u00e9s devant les d\u00e9partements d\u2019anglais, de fran\u00e7ais et d\u2019arabe. Avec la ferme intention d\u2019emp\u00eacher le d\u00e9roulement des cours qui ont repris timidement. Il faut dire que l\u2019ambiance n\u2019\u00e9tait pas \u00e0 la s\u00e9r\u00e9nit\u00e9 sur fond d\u2019\u00e9changes de propos violents entre salafistes et \u00e9tudiants de l\u2019UGET. Il s\u2019en est fallu de peu pour que cela d\u00e9g\u00e9n\u00e8re. Ce groupe d\u2019\u00e9tudiants extr\u00e9mistes, visiblement soutenus par une logistique ext\u00e9rieure prompte \u00e0 leur apporter soutien et renfort, semblent d\u00e9cid\u00e9s \u00e0 camper sur leur d\u00e9cision, et \u00e0 poursuivre le mouvement arguant l\u2019absence de loi qui interdise le port du niqab \u00e0 l\u2019universit\u00e9. <\/p>\n<p>La r\u00e9union, pr\u00e9sid\u00e9e \u00e0 12h30 par le doyen, a \u00e9t\u00e9 suivie par une foule consid\u00e9rable\u00a0: de nombreux enseignants de Manouba et de plusieurs facult\u00e9s, des d\u00e9put\u00e9s de l\u2019Assembl\u00e9e constituante dont Mr Ahmed Brahim, mais aussi des membres du syndicat. <\/p>\n<p>Au terme de plusieurs interventions soulignant la n\u00e9cessit\u00e9 imp\u00e9rieuse de sauver l\u2019Universit\u00e9 et de conserver sa vocation, il a \u00e9t\u00e9 d\u00e9cid\u00e9 de faire une gr\u00e8ve g\u00e9n\u00e9rale le jeudi 1er d\u00e9cembre et de se rassembler le jour m\u00eame devant l\u2019Assembl\u00e9e nationale constituante. Quant au groupe des fondamentalistes contestataires, il s\u2019appr\u00eate, lui \u00e0 passer une seconde nuit dans les bureaux de la facult\u00e9 des Lettres. Spectacle d\u2019une d\u00e9solation affligeante. Visiblement sans issue devant le silence de la classe politique. Consternant\u00a0!<\/p>\n","protected":false},"excerpt":{"rendered":"<p>Facult\u00e9 des lettres de Manouba\u00a0: poursuite du sit in des salafistes<\/p>\n","protected":false},"author":3222,"featured_media":374605,"comment_status":"open","ping_status":"closed","sticky":false,"template":"","format":"standard","meta":{"footnotes":""},"categories":[44],"tags":[2600],"class_list":["post-172420","post","type-post","status-publish","format-standard","has-post-thumbnail","hentry","category-national","tag-guerre"],"yoast_head":"<!-- This site is optimized with the Yoast SEO Premium plugin v27.5 (Yoast SEO v27.5) - https:\/\/yoast.com\/product\/yoast-seo-premium-wordpress\/ -->\n<title>Facult\u00e9 des lettres de Manouba\u00a0: poursuite du sit in des salafistes<\/title>\n<meta name=\"description\" content=\"Facult\u00e9 des lettres de Manouba\u00a0: poursuite du sit in des salafistes\" \/>\n<link rel=\"canonical\" href=\"https:\/\/www.webdo.tn\/fr\/actualite\/national-45\/faculte-des-lettres-de-manouba-poursuite-du-sit-in-des-salafistes\/172420\/\" \/>\n<meta property=\"og:locale\" content=\"fr_FR\" \/>\n<meta property=\"og:type\" content=\"article\" \/>\n<meta property=\"og:title\" content=\"Facult\u00e9 des lettres de Manouba\u00a0: poursuite du sit in des salafistes\" \/>\n<meta property=\"og:description\" content=\"Facult\u00e9 des lettres de Manouba\u00a0: poursuite du sit in des salafistes\" \/>\n<meta property=\"og:url\" content=\"https:\/\/www.webdo.tn\/fr\/actualite\/national-45\/faculte-des-lettres-de-manouba-poursuite-du-sit-in-des-salafistes\/172420\/\" \/>\n<meta property=\"og:site_name\" content=\"webdo\" \/>\n<meta property=\"article:publisher\" content=\"https:\/\/www.facebook.com\/webdotn\" \/>\n<meta property=\"article:published_time\" content=\"2011-11-29T19:21:00+00:00\" \/>\n<meta name=\"author\" content=\"webdo.tn\" \/>\n<meta name=\"twitter:card\" content=\"summary_large_image\" \/>\n<meta name=\"twitter:creator\" content=\"@webdo_tn\" \/>\n<meta name=\"twitter:site\" content=\"@webdo_tn\" \/>\n<meta name=\"twitter:label1\" content=\"\u00c9crit par\" \/>\n\t<meta name=\"twitter:data1\" content=\"webdo.tn\" \/>\n\t<meta name=\"twitter:label2\" content=\"Dur\u00e9e de lecture estim\u00e9e\" \/>\n\t<meta name=\"twitter:data2\" content=\"2 minutes\" \/>\n<script type=\"application\/ld+json\" class=\"yoast-schema-graph\">{\"@context\":\"https:\\\/\\\/schema.org\",\"@graph\":[{\"@type\":\"NewsArticle\",\"@id\":\"https:\\\/\\\/www.webdo.tn\\\/fr\\\/actualite\\\/national-45\\\/faculte-des-lettres-de-manouba-poursuite-du-sit-in-des-salafistes\\\/172420\\\/#article\",\"isPartOf\":{\"@id\":\"https:\\\/\\\/www.webdo.tn\\\/fr\\\/actualite\\\/national-45\\\/faculte-des-lettres-de-manouba-poursuite-du-sit-in-des-salafistes\\\/172420\\\/\"},\"author\":{\"name\":\"webdo.tn\",\"@id\":\"https:\\\/\\\/www.webdo.tn\\\/fr\\\/#\\\/schema\\\/person\\\/9a9c6118d687c117df8ef3cc36a4d175\"},\"headline\":\"Facult\u00e9 des lettres de Manouba\u00a0: poursuite du sit in des salafistes\",\"datePublished\":\"2011-11-29T19:21:00+00:00\",\"mainEntityOfPage\":{\"@id\":\"https:\\\/\\\/www.webdo.tn\\\/fr\\\/actualite\\\/national-45\\\/faculte-des-lettres-de-manouba-poursuite-du-sit-in-des-salafistes\\\/172420\\\/\"},\"wordCount\":368,\"commentCount\":0,\"publisher\":{\"@id\":\"https:\\\/\\\/www.webdo.tn\\\/fr\\\/#organization\"},\"image\":{\"@id\":\"https:\\\/\\\/www.webdo.tn\\\/fr\\\/actualite\\\/national-45\\\/faculte-des-lettres-de-manouba-poursuite-du-sit-in-des-salafistes\\\/172420\\\/#primaryimage\"},\"thumbnailUrl\":\"https:\\\/\\\/www.webdo.tn\\\/fr\\\/wp-content\\\/uploads\\\/2025\\\/06\\\/Manifestent-aujourdhui-a-la-Faculte-La-Manouba-photo-AFP_172420.jpg\",\"keywords\":[\"guerre\"],\"articleSection\":[\"National\"],\"inLanguage\":\"fr-FR\"},{\"@type\":\"WebPage\",\"@id\":\"https:\\\/\\\/www.webdo.tn\\\/fr\\\/actualite\\\/national-45\\\/faculte-des-lettres-de-manouba-poursuite-du-sit-in-des-salafistes\\\/172420\\\/\",\"url\":\"https:\\\/\\\/www.webdo.tn\\\/fr\\\/actualite\\\/national-45\\\/faculte-des-lettres-de-manouba-poursuite-du-sit-in-des-salafistes\\\/172420\\\/\",\"name\":\"Facult\u00e9 des lettres de Manouba\u00a0: poursuite du sit in des salafistes\",\"isPartOf\":{\"@id\":\"https:\\\/\\\/www.webdo.tn\\\/fr\\\/#website\"},\"primaryImageOfPage\":{\"@id\":\"https:\\\/\\\/www.webdo.tn\\\/fr\\\/actualite\\\/national-45\\\/faculte-des-lettres-de-manouba-poursuite-du-sit-in-des-salafistes\\\/172420\\\/#primaryimage\"},\"image\":{\"@id\":\"https:\\\/\\\/www.webdo.tn\\\/fr\\\/actualite\\\/national-45\\\/faculte-des-lettres-de-manouba-poursuite-du-sit-in-des-salafistes\\\/172420\\\/#primaryimage\"},\"thumbnailUrl\":\"https:\\\/\\\/www.webdo.tn\\\/fr\\\/wp-content\\\/uploads\\\/2025\\\/06\\\/Manifestent-aujourdhui-a-la-Faculte-La-Manouba-photo-AFP_172420.jpg\",\"datePublished\":\"2011-11-29T19:21:00+00:00\",\"description\":\"Facult\u00e9 des lettres de Manouba\u00a0: poursuite du sit in des salafistes\",\"breadcrumb\":{\"@id\":\"https:\\\/\\\/www.webdo.tn\\\/fr\\\/actualite\\\/national-45\\\/faculte-des-lettres-de-manouba-poursuite-du-sit-in-des-salafistes\\\/172420\\\/#breadcrumb\"},\"inLanguage\":\"fr-FR\",\"potentialAction\":[{\"@type\":\"ReadAction\",\"target\":[\"https:\\\/\\\/www.webdo.tn\\\/fr\\\/actualite\\\/national-45\\\/faculte-des-lettres-de-manouba-poursuite-du-sit-in-des-salafistes\\\/172420\\\/\"]}]},{\"@type\":\"ImageObject\",\"inLanguage\":\"fr-FR\",\"@id\":\"https:\\\/\\\/www.webdo.tn\\\/fr\\\/actualite\\\/national-45\\\/faculte-des-lettres-de-manouba-poursuite-du-sit-in-des-salafistes\\\/172420\\\/#primaryimage\",\"url\":\"https:\\\/\\\/www.webdo.tn\\\/fr\\\/wp-content\\\/uploads\\\/2025\\\/06\\\/Manifestent-aujourdhui-a-la-Faculte-La-Manouba-photo-AFP_172420.jpg\",\"contentUrl\":\"https:\\\/\\\/www.webdo.tn\\\/fr\\\/wp-content\\\/uploads\\\/2025\\\/06\\\/Manifestent-aujourdhui-a-la-Faculte-La-Manouba-photo-AFP_172420.jpg\",\"width\":221,\"height\":215,\"caption\":\"Facult\u00e9 des lettres de Manouba\u00a0: poursuite du sit in des salafistes\"},{\"@type\":\"BreadcrumbList\",\"@id\":\"https:\\\/\\\/www.webdo.tn\\\/fr\\\/actualite\\\/national-45\\\/faculte-des-lettres-de-manouba-poursuite-du-sit-in-des-salafistes\\\/172420\\\/#breadcrumb\",\"itemListElement\":[{\"@type\":\"ListItem\",\"position\":1,\"name\":\"Accueil\",\"item\":\"https:\\\/\\\/www.webdo.tn\\\/fr\\\/\"},{\"@type\":\"ListItem\",\"position\":2,\"name\":\"Facult\u00e9 des lettres de Manouba\u00a0: poursuite du sit in des salafistes\"}]},{\"@type\":\"WebSite\",\"@id\":\"https:\\\/\\\/www.webdo.tn\\\/fr\\\/#website\",\"url\":\"https:\\\/\\\/www.webdo.tn\\\/fr\\\/\",\"name\":\"webdo\",\"description\":\"Tunisie - News en Tunisie et \u00e0 l&#039;international sur Webdo.tn\",\"publisher\":{\"@id\":\"https:\\\/\\\/www.webdo.tn\\\/fr\\\/#organization\"},\"potentialAction\":[{\"@type\":\"SearchAction\",\"target\":{\"@type\":\"EntryPoint\",\"urlTemplate\":\"https:\\\/\\\/www.webdo.tn\\\/fr\\\/?s={search_term_string}\"},\"query-input\":{\"@type\":\"PropertyValueSpecification\",\"valueRequired\":true,\"valueName\":\"search_term_string\"}}],\"inLanguage\":\"fr-FR\"},{\"@type\":\"Organization\",\"@id\":\"https:\\\/\\\/www.webdo.tn\\\/fr\\\/#organization\",\"name\":\"Webdo\",\"alternateName\":\"Webdo.tn\",\"url\":\"https:\\\/\\\/www.webdo.tn\\\/fr\\\/\",\"logo\":{\"@type\":\"ImageObject\",\"inLanguage\":\"fr-FR\",\"@id\":\"https:\\\/\\\/www.webdo.tn\\\/fr\\\/#\\\/schema\\\/logo\\\/image\\\/\",\"url\":\"https:\\\/\\\/www.webdo.tn\\\/fr\\\/wp-content\\\/uploads\\\/2025\\\/06\\\/Webdo-Tunisie_168377.jpg\",\"contentUrl\":\"https:\\\/\\\/www.webdo.tn\\\/fr\\\/wp-content\\\/uploads\\\/2025\\\/06\\\/Webdo-Tunisie_168377.jpg\",\"width\":301,\"height\":301,\"caption\":\"Webdo\"},\"image\":{\"@id\":\"https:\\\/\\\/www.webdo.tn\\\/fr\\\/#\\\/schema\\\/logo\\\/image\\\/\"},\"sameAs\":[\"https:\\\/\\\/www.facebook.com\\\/webdotn\",\"https:\\\/\\\/x.com\\\/webdo_tn\"],\"description\":\"Webdo est un m\u00e9dia num\u00e9rique tunisien fond\u00e9 en 2010, sp\u00e9cialis\u00e9 dans l\u2019actualit\u00e9 nationale et internationale, l\u2019\u00e9conomie, la soci\u00e9t\u00e9 et les analyses politiques. Le site s\u2019adresse \u00e0 un large public francophone et couvre l\u2019information tunisienne en temps r\u00e9el.\",\"email\":\"redac@webdo.tn\",\"legalName\":\"YNJ SARL\",\"foundingDate\":\"2010-09-06\",\"numberOfEmployees\":{\"@type\":\"QuantitativeValue\",\"minValue\":\"11\",\"maxValue\":\"50\"}},{\"@type\":\"Person\",\"@id\":\"https:\\\/\\\/www.webdo.tn\\\/fr\\\/#\\\/schema\\\/person\\\/9a9c6118d687c117df8ef3cc36a4d175\",\"name\":\"webdo.tn\",\"image\":{\"@type\":\"ImageObject\",\"inLanguage\":\"fr-FR\",\"@id\":\"https:\\\/\\\/secure.gravatar.com\\\/avatar\\\/7ce1f28c0c3bbac99ff550b85ef8e44a6950c6ee24514fb6a5489e51d06f0298?s=96&d=mm&r=g\",\"url\":\"https:\\\/\\\/secure.gravatar.com\\\/avatar\\\/7ce1f28c0c3bbac99ff550b85ef8e44a6950c6ee24514fb6a5489e51d06f0298?s=96&d=mm&r=g\",\"contentUrl\":\"https:\\\/\\\/secure.gravatar.com\\\/avatar\\\/7ce1f28c0c3bbac99ff550b85ef8e44a6950c6ee24514fb6a5489e51d06f0298?s=96&d=mm&r=g\",\"caption\":\"webdo.tn\"},\"url\":\"https:\\\/\\\/www.webdo.tn\\\/fr\\\/actualite\\\/author\\\/webdotn\\\/\"}]}<\/script>\n<!-- \/ Yoast SEO Premium plugin. -->","yoast_head_json":{"title":"Facult\u00e9 des lettres de Manouba\u00a0: poursuite du sit in des salafistes","description":"Facult\u00e9 des lettres de Manouba\u00a0: poursuite du sit in des salafistes","canonical":"https:\/\/www.webdo.tn\/fr\/actualite\/national-45\/faculte-des-lettres-de-manouba-poursuite-du-sit-in-des-salafistes\/172420\/","og_locale":"fr_FR","og_type":"article","og_title":"Facult\u00e9 des lettres de Manouba\u00a0: poursuite du sit in des salafistes","og_description":"Facult\u00e9 des lettres de Manouba\u00a0: poursuite du sit in des salafistes","og_url":"https:\/\/www.webdo.tn\/fr\/actualite\/national-45\/faculte-des-lettres-de-manouba-poursuite-du-sit-in-des-salafistes\/172420\/","og_site_name":"webdo","article_publisher":"https:\/\/www.facebook.com\/webdotn","article_published_time":"2011-11-29T19:21:00+00:00","author":"webdo.tn","twitter_card":"summary_large_image","twitter_creator":"@webdo_tn","twitter_site":"@webdo_tn","twitter_misc":{"\u00c9crit par":"webdo.tn","Dur\u00e9e de lecture estim\u00e9e":"2 minutes"},"schema":{"@context":"https:\/\/schema.org","@graph":[{"@type":"NewsArticle","@id":"https:\/\/www.webdo.tn\/fr\/actualite\/national-45\/faculte-des-lettres-de-manouba-poursuite-du-sit-in-des-salafistes\/172420\/#article","isPartOf":{"@id":"https:\/\/www.webdo.tn\/fr\/actualite\/national-45\/faculte-des-lettres-de-manouba-poursuite-du-sit-in-des-salafistes\/172420\/"},"author":{"name":"webdo.tn","@id":"https:\/\/www.webdo.tn\/fr\/#\/schema\/person\/9a9c6118d687c117df8ef3cc36a4d175"},"headline":"Facult\u00e9 des lettres de Manouba\u00a0: poursuite du sit in des salafistes","datePublished":"2011-11-29T19:21:00+00:00","mainEntityOfPage":{"@id":"https:\/\/www.webdo.tn\/fr\/actualite\/national-45\/faculte-des-lettres-de-manouba-poursuite-du-sit-in-des-salafistes\/172420\/"},"wordCount":368,"commentCount":0,"publisher":{"@id":"https:\/\/www.webdo.tn\/fr\/#organization"},"image":{"@id":"https:\/\/www.webdo.tn\/fr\/actualite\/national-45\/faculte-des-lettres-de-manouba-poursuite-du-sit-in-des-salafistes\/172420\/#primaryimage"},"thumbnailUrl":"https:\/\/www.webdo.tn\/fr\/wp-content\/uploads\/2025\/06\/Manifestent-aujourdhui-a-la-Faculte-La-Manouba-photo-AFP_172420.jpg","keywords":["guerre"],"articleSection":["National"],"inLanguage":"fr-FR"},{"@type":"WebPage","@id":"https:\/\/www.webdo.tn\/fr\/actualite\/national-45\/faculte-des-lettres-de-manouba-poursuite-du-sit-in-des-salafistes\/172420\/","url":"https:\/\/www.webdo.tn\/fr\/actualite\/national-45\/faculte-des-lettres-de-manouba-poursuite-du-sit-in-des-salafistes\/172420\/","name":"Facult\u00e9 des lettres de Manouba\u00a0: poursuite du sit in des salafistes","isPartOf":{"@id":"https:\/\/www.webdo.tn\/fr\/#website"},"primaryImageOfPage":{"@id":"https:\/\/www.webdo.tn\/fr\/actualite\/national-45\/faculte-des-lettres-de-manouba-poursuite-du-sit-in-des-salafistes\/172420\/#primaryimage"},"image":{"@id":"https:\/\/www.webdo.tn\/fr\/actualite\/national-45\/faculte-des-lettres-de-manouba-poursuite-du-sit-in-des-salafistes\/172420\/#primaryimage"},"thumbnailUrl":"https:\/\/www.webdo.tn\/fr\/wp-content\/uploads\/2025\/06\/Manifestent-aujourdhui-a-la-Faculte-La-Manouba-photo-AFP_172420.jpg","datePublished":"2011-11-29T19:21:00+00:00","description":"Facult\u00e9 des lettres de Manouba\u00a0: poursuite du sit in des salafistes","breadcrumb":{"@id":"https:\/\/www.webdo.tn\/fr\/actualite\/national-45\/faculte-des-lettres-de-manouba-poursuite-du-sit-in-des-salafistes\/172420\/#breadcrumb"},"inLanguage":"fr-FR","potentialAction":[{"@type":"ReadAction","target":["https:\/\/www.webdo.tn\/fr\/actualite\/national-45\/faculte-des-lettres-de-manouba-poursuite-du-sit-in-des-salafistes\/172420\/"]}]},{"@type":"ImageObject","inLanguage":"fr-FR","@id":"https:\/\/www.webdo.tn\/fr\/actualite\/national-45\/faculte-des-lettres-de-manouba-poursuite-du-sit-in-des-salafistes\/172420\/#primaryimage","url":"https:\/\/www.webdo.tn\/fr\/wp-content\/uploads\/2025\/06\/Manifestent-aujourdhui-a-la-Faculte-La-Manouba-photo-AFP_172420.jpg","contentUrl":"https:\/\/www.webdo.tn\/fr\/wp-content\/uploads\/2025\/06\/Manifestent-aujourdhui-a-la-Faculte-La-Manouba-photo-AFP_172420.jpg","width":221,"height":215,"caption":"Facult\u00e9 des lettres de Manouba\u00a0: poursuite du sit in des salafistes"},{"@type":"BreadcrumbList","@id":"https:\/\/www.webdo.tn\/fr\/actualite\/national-45\/faculte-des-lettres-de-manouba-poursuite-du-sit-in-des-salafistes\/172420\/#breadcrumb","itemListElement":[{"@type":"ListItem","position":1,"name":"Accueil","item":"https:\/\/www.webdo.tn\/fr\/"},{"@type":"ListItem","position":2,"name":"Facult\u00e9 des lettres de Manouba\u00a0: poursuite du sit in des salafistes"}]},{"@type":"WebSite","@id":"https:\/\/www.webdo.tn\/fr\/#website","url":"https:\/\/www.webdo.tn\/fr\/","name":"webdo","description":"Tunisie - News en Tunisie et \u00e0 l&#039;international sur Webdo.tn","publisher":{"@id":"https:\/\/www.webdo.tn\/fr\/#organization"},"potentialAction":[{"@type":"SearchAction","target":{"@type":"EntryPoint","urlTemplate":"https:\/\/www.webdo.tn\/fr\/?s={search_term_string}"},"query-input":{"@type":"PropertyValueSpecification","valueRequired":true,"valueName":"search_term_string"}}],"inLanguage":"fr-FR"},{"@type":"Organization","@id":"https:\/\/www.webdo.tn\/fr\/#organization","name":"Webdo","alternateName":"Webdo.tn","url":"https:\/\/www.webdo.tn\/fr\/","logo":{"@type":"ImageObject","inLanguage":"fr-FR","@id":"https:\/\/www.webdo.tn\/fr\/#\/schema\/logo\/image\/","url":"https:\/\/www.webdo.tn\/fr\/wp-content\/uploads\/2025\/06\/Webdo-Tunisie_168377.jpg","contentUrl":"https:\/\/www.webdo.tn\/fr\/wp-content\/uploads\/2025\/06\/Webdo-Tunisie_168377.jpg","width":301,"height":301,"caption":"Webdo"},"image":{"@id":"https:\/\/www.webdo.tn\/fr\/#\/schema\/logo\/image\/"},"sameAs":["https:\/\/www.facebook.com\/webdotn","https:\/\/x.com\/webdo_tn"],"description":"Webdo est un m\u00e9dia num\u00e9rique tunisien fond\u00e9 en 2010, sp\u00e9cialis\u00e9 dans l\u2019actualit\u00e9 nationale et internationale, l\u2019\u00e9conomie, la soci\u00e9t\u00e9 et les analyses politiques. Le site s\u2019adresse \u00e0 un large public francophone et couvre l\u2019information tunisienne en temps r\u00e9el.","email":"redac@webdo.tn","legalName":"YNJ SARL","foundingDate":"2010-09-06","numberOfEmployees":{"@type":"QuantitativeValue","minValue":"11","maxValue":"50"}},{"@type":"Person","@id":"https:\/\/www.webdo.tn\/fr\/#\/schema\/person\/9a9c6118d687c117df8ef3cc36a4d175","name":"webdo.tn","image":{"@type":"ImageObject","inLanguage":"fr-FR","@id":"https:\/\/secure.gravatar.com\/avatar\/7ce1f28c0c3bbac99ff550b85ef8e44a6950c6ee24514fb6a5489e51d06f0298?s=96&d=mm&r=g","url":"https:\/\/secure.gravatar.com\/avatar\/7ce1f28c0c3bbac99ff550b85ef8e44a6950c6ee24514fb6a5489e51d06f0298?s=96&d=mm&r=g","contentUrl":"https:\/\/secure.gravatar.com\/avatar\/7ce1f28c0c3bbac99ff550b85ef8e44a6950c6ee24514fb6a5489e51d06f0298?s=96&d=mm&r=g","caption":"webdo.tn"},"url":"https:\/\/www.webdo.tn\/fr\/actualite\/author\/webdotn\/"}]}},"_links":{"self":[{"href":"https:\/\/www.webdo.tn\/fr\/wp-json\/wp\/v2\/posts\/172420","targetHints":{"allow":["GET"]}}],"collection":[{"href":"https:\/\/www.webdo.tn\/fr\/wp-json\/wp\/v2\/posts"}],"about":[{"href":"https:\/\/www.webdo.tn\/fr\/wp-json\/wp\/v2\/types\/post"}],"author":[{"embeddable":true,"href":"https:\/\/www.webdo.tn\/fr\/wp-json\/wp\/v2\/users\/3222"}],"replies":[{"embeddable":true,"href":"https:\/\/www.webdo.tn\/fr\/wp-json\/wp\/v2\/comments?post=172420"}],"version-history":[{"count":0,"href":"https:\/\/www.webdo.tn\/fr\/wp-json\/wp\/v2\/posts\/172420\/revisions"}],"wp:featuredmedia":[{"embeddable":true,"href":"https:\/\/www.webdo.tn\/fr\/wp-json\/wp\/v2\/media\/374605"}],"wp:attachment":[{"href":"https:\/\/www.webdo.tn\/fr\/wp-json\/wp\/v2\/media?parent=172420"}],"wp:term":[{"taxonomy":"category","embeddable":true,"href":"https:\/\/www.webdo.tn\/fr\/wp-json\/wp\/v2\/categories?post=172420"},{"taxonomy":"post_tag","embeddable":true,"href":"https:\/\/www.webdo.tn\/fr\/wp-json\/wp\/v2\/tags?post=172420"}],"curies":[{"name":"wp","href":"https:\/\/api.w.org\/{rel}","templated":true}]}}